{"id":109995,"date":"2025-02-17T10:07:42","date_gmt":"2025-02-17T10:07:42","guid":{"rendered":"https:\/\/mwc-cmm.org\/?p=109995"},"modified":"2025-03-14T16:36:12","modified_gmt":"2025-03-14T16:36:12","slug":"anniversaires-fraternite-et-consensus","status":"publish","type":"post","link":"https:\/\/mwc-cmm.org\/fr\/stories\/anniversaires-fraternite-et-consensus\/","title":{"rendered":"Anniversaires, fraternit\u00e9 et consensus"},"content":{"rendered":"\n<p>Dans le monde entier, les anabaptistes c\u00e9l\u00e8brent les 500\u202fans de notre marche avec J\u00e9sus par des cultes, des conf\u00e9rences sur notre histoire et des rassemblements r\u00e9gionaux.&nbsp;<\/p>\n\n\n\n<p>Pour la Conf\u00e9rence Mennonite Mondiale (CMM), cette ann\u00e9e anniversaire co\u00efncide avec la r\u00e9union triennale du Conseil G\u00e9n\u00e9ral. De plus, 2025 est un double anniversaire\u202f: il marque aussi les 100\u202fans de communion des anabaptistes au sein de la CMM.&nbsp;<\/p>\n\n\n\n<p>Quelque 200\u202fresponsables d\u2019\u00e9glises anabaptistes du monde entier seront pr\u00e9sents en tant que d\u00e9l\u00e9gu\u00e9s du Conseil G\u00e9n\u00e9ral. La rencontre fraternelle commence par une c\u00e9l\u00e9bration du 100e\u202fanniversaire et se termine par une journ\u00e9e de rassemblement sans inscription, ouverte \u00e0 tous, \u00e0 Zurich (Suisse).&nbsp;<\/p>\n\n\n\n<figure class=\"wp-block-image size-large\"><img decoding=\"async\" width=\"1024\" height=\"769\" data-src=\"https:\/\/mwc-cmm.org\/wp-content\/uploads\/2025\/03\/MWC-100_FR-1024x769.jpg\" alt=\"\" class=\"wp-image-111159 lazyload\" data-srcset=\"https:\/\/mwc-cmm.org\/wp-content\/uploads\/2025\/03\/MWC-100_FR-1024x769.jpg 1024w, https:\/\/mwc-cmm.org\/wp-content\/uploads\/2025\/03\/MWC-100_FR-300x225.jpg 300w, https:\/\/mwc-cmm.org\/wp-content\/uploads\/2025\/03\/MWC-100_FR-768x576.jpg 768w, https:\/\/mwc-cmm.org\/wp-content\/uploads\/2025\/03\/MWC-100_FR-1536x1153.jpg 1536w, https:\/\/mwc-cmm.org\/wp-content\/uploads\/2025\/03\/MWC-100_FR.jpg 1920w\" data-sizes=\"(max-width: 1024px) 100vw, 1024px\" src=\"data:image\/svg+xml;base64,PHN2ZyB3aWR0aD0iMSIgaGVpZ2h0PSIxIiB4bWxucz0iaHR0cDovL3d3dy53My5vcmcvMjAwMC9zdmciPjwvc3ZnPg==\" style=\"--smush-placeholder-width: 1024px; --smush-placeholder-aspect-ratio: 1024\/769;\" \/><\/figure>\n\n\n\n<h3 class=\"wp-block-heading\">R\u00e9unions triennales&nbsp;<\/h3>\n\n\n\n<p>Le Conseil G\u00e9n\u00e9ral se r\u00e9unit du 26 au\u202f28 mai\u202f2025 \u00e0 Schw\u00e4bisch Gm\u00fcnd (Allemagne). Ces d\u00e9l\u00e9gu\u00e9s nomm\u00e9s par les unions d\u2019\u00e9glises membres et associ\u00e9es de la CMM forment l\u2019organe qui r\u00e9git la vie, le travail et l\u2019organisation de la CMM. Les d\u00e9l\u00e9gu\u00e9s du Conseil G\u00e9n\u00e9ral ont un mandat de six ans qui couvre deux r\u00e9unions\u202f: l\u2019une en m\u00eame temps que l\u2019Assembl\u00e9e mondiale et l\u2019autre \u00e0 mi-chemin entre les\u202fdeux.&nbsp;<\/p>\n\n\n\n<p>\u00ab\u2009Ces r\u00e9unions constituent un \u00e9l\u00e9ment important de notre vie en tant qu\u2019\u00e9glises qui suivent ensemble dans la tradition anabaptiste\u2009\u00bb, dit C\u00e9sar Garc\u00eda, secr\u00e9taire g\u00e9n\u00e9ral de la\u202fCMM.&nbsp;<\/p>\n\n\n\n<p>Les r\u00e9solutions du Conseil G\u00e9n\u00e9ral de cette ann\u00e9e comprennent une proposition importante concernant l\u2019inclusion officielle des d\u00e9l\u00e9gu\u00e9s YABs (Jeunes Anabaptistes) qui n\u00e9cessite des changements constitutionnels. La proposition de changement de nom, examin\u00e9e par le Conseil G\u00e9n\u00e9ral en 2018, continue d\u2019\u00eatre discern\u00e9e par le Comit\u00e9 Ex\u00e9cutif et ne passera pas devant le Conseil G\u00e9n\u00e9ral pour le moment.&nbsp;<\/p>\n\n\n\n<p>Les r\u00e9unions triennales contiennent beaucoup d\u2019informations\u202f: partage des recommandations pour le Conseil G\u00e9n\u00e9ral, nouvelles des Commissions et des R\u00e9seaux et collecte d\u2019informations statistiques de toutes les \u00e9glises. L\u2019assistante administrative Ana Mar\u00eda Morales Villarreal, qui est membre de <em>Iglesias Hermanos Menonitas de Colombia<\/em>, a rejoint temporairement l\u2019\u00e9quipe d\u2019administration de la CMM jusqu\u2019\u00e0 la fin de la rencontre.&nbsp;<\/p>\n\n\n\n<p><a href=\"https:\/\/mwc-cmm.org\/fr\/commissions-3\/\">Les quatre Commissions de la CMM<\/a>, <a href=\"https:\/\/mwc-cmm.org\/fr\/groupe-de-travail-de-la-cmm-pour-la-protection-de-la-creation\/\">le Groupe de Travail pour la Protection de la Cr\u00e9ation,<\/a> et <a href=\"https:\/\/mwc-cmm.org\/fr\/reseaux-cmm\/\">les R\u00e9seaux Anabaptistes Mondiaux<\/a> se r\u00e9uniront aussi, y compris les r\u00e9seaux \u00e9mergents pour l\u2019\u00e9ducation et la paix (GAHEN, GAPSEN, GAPN).&nbsp;<\/p>\n\n\n\n<div class=\"wp-block-columns is-layout-flex wp-container-core-columns-is-layout-28f84493 wp-block-columns-is-layout-flex\">\n<div class=\"wp-block-column is-layout-flow wp-block-column-is-layout-flow\" style=\"flex-basis:33.33%\">\n<figure class=\"wp-block-image size-large\"><img decoding=\"async\" width=\"1024\" height=\"683\" data-src=\"https:\/\/mwc-cmm.org\/wp-content\/uploads\/2025\/02\/202404IrmaSulistyorinip1090842-1024x683.jpg\" alt=\"\" class=\"wp-image-110338 lazyload\" data-srcset=\"https:\/\/mwc-cmm.org\/wp-content\/uploads\/2025\/02\/202404IrmaSulistyorinip1090842-1024x683.jpg 1024w, https:\/\/mwc-cmm.org\/wp-content\/uploads\/2025\/02\/202404IrmaSulistyorinip1090842-300x200.jpg 300w, https:\/\/mwc-cmm.org\/wp-content\/uploads\/2025\/02\/202404IrmaSulistyorinip1090842-768x512.jpg 768w, https:\/\/mwc-cmm.org\/wp-content\/uploads\/2025\/02\/202404IrmaSulistyorinip1090842-1536x1025.jpg 1536w, https:\/\/mwc-cmm.org\/wp-content\/uploads\/2025\/02\/202404IrmaSulistyorinip1090842-2048x1367.jpg 2048w\" data-sizes=\"(max-width: 1024px) 100vw, 1024px\" src=\"data:image\/svg+xml;base64,PHN2ZyB3aWR0aD0iMSIgaGVpZ2h0PSIxIiB4bWxucz0iaHR0cDovL3d3dy53My5vcmcvMjAwMC9zdmciPjwvc3ZnPg==\" style=\"--smush-placeholder-width: 1024px; --smush-placeholder-aspect-ratio: 1024\/683;\" \/><\/figure>\n<\/div>\n\n\n\n<div class=\"wp-block-column is-layout-flow wp-block-column-is-layout-flow\" style=\"flex-basis:66.66%\">\n<p><strong>Soutenez les dirigeants de partout dans le monde. Chaque voix compte alors que le Conseil G\u00e9n\u00e9ral discerne collectivement selon le mod\u00e8le du consensus. Votre don permet \u00e0 un dirigeant de prendre part \u00e0 la communion, \u00e0 l\u2019adoration, au t\u00e9moignage et \u00e0 l\u2019unit\u00e9 v\u00e9cue au sein de la Conf\u00e9rence Mennonite Mondiale.\u202f&nbsp;<\/strong><\/p>\n\n\n\n<div class=\"wp-block-buttons is-layout-flex wp-block-buttons-is-layout-flex\">\n<div class=\"wp-block-button\"><a class=\"wp-block-button__link has-magenta-background-color has-background wp-element-button\" href=\"https:\/\/mwc-cmm.org\/fr\/faire-un-don\/\">Faites un don ici<\/a><\/div>\n<\/div>\n<\/div>\n<\/div>\n\n\n\n<div class=\"wp-block-buttons is-layout-flex wp-block-buttons-is-layout-flex\">\n<div class=\"wp-block-button\"><a class=\"wp-block-button__link wp-element-button\" href=\"https:\/\/www.youtube.com\/playlist?list=PLrO98PUzjOB2SXCreG_YhqTGYoZzsDaLJ\">Cliquez ici pour des vid\u00e9os expliquant le processus de prise de d\u00e9cision par consensus utilis\u00e9 par le Conseil G\u00e9n\u00e9ral.&nbsp;&nbsp;<\/a><\/div>\n<\/div>\n\n\n\n<hr class=\"wp-block-separator has-alpha-channel-opacity\"\/>\n\n\n\n<h3 class=\"wp-block-heading\">Anniversaire retransmis en direct&nbsp;<\/h3>\n\n\n\n<p>\u00ab\u2009Le courage d\u2019aimer\u2009\u00bb, le culte du 500e\u202fanniversaire, pr\u00e9sentera la musique d\u2019anabaptistes du monde entier et comprendra une d\u00e9claration commune de r\u00e9conciliation entre la CMM et la Communion mondiale d\u2019\u00c9glises r\u00e9form\u00e9es.&nbsp;<\/p>\n\n\n\n<p>\u00ab\u2009Notre culte sera un avant-go\u00fbt de l\u2019Assembl\u00e9e. Nous invitons les assembl\u00e9es et les particuliers \u00e0 organiser une rencontre pour assister \u00e0 cet \u00e9v\u00e9nement sp\u00e9cial\u2009\u00bb, explique Liesa Unger, responsable des \u00e9v\u00e9nements internationaux. \u00ab\u2009D\u00e9butant \u00e0 17\u202fh heure locale (CEST), le culte se d\u00e9roulera le matin pour les Am\u00e9riques, en d\u00e9but de soir\u00e9e pour l\u2019Afrique, et plus tard dans la soir\u00e9e voire dans la nuit plus vous vous dirigez vers l\u2019est de l\u2019Asie\u2009\u00bb.\u202f&nbsp;<\/p>\n\n\n\n<div class=\"wp-block-buttons is-layout-flex wp-block-buttons-is-layout-flex\">\n<div class=\"wp-block-button\"><a class=\"wp-block-button__link has-text-align-left wp-element-button\" href=\"http:\/\/mwc-cmm.org\/anabaptism500\">Plus d&rsquo;informations sur la rencontre de Zurich&nbsp;&nbsp;<\/a><\/div>\n<\/div>\n","protected":false},"excerpt":{"rendered":"<p>Dans le monde entier, les anabaptistes c\u00e9l\u00e8brent les 500\u202fans de notre marche avec J\u00e9sus par des cultes, des conf\u00e9rences sur notre histoire et des rassemblements r\u00e9gionaux.&nbsp; Pour la Conf\u00e9rence Mennonite Mondiale (CMM), cette ann\u00e9e anniversaire co\u00efncide avec la r\u00e9union triennale du Conseil G\u00e9n\u00e9ral. De plus, 2025 est un double anniversaire\u202f: il marque aussi les 100\u202fans [&hellip;]<\/p>\n","protected":false},"author":8,"featured_media":111145,"comment_status":"open","ping_status":"closed","sticky":false,"template":"","format":"standard","meta":{"_acf_changed":false,"footnotes":""},"categories":[7],"tags":[567,476,516,515,746,426,443,446],"network":[],"eventcategory":[],"class_list":["post-109995","post","type-post","status-publish","format-standard","has-post-thumbnail","hentry","category-non-classifiee","tag-100-fr-2","tag-476","tag-500-fr","tag-anniversaire","tag-conseil-general","tag-identity","tag-identity-fr","tag-the-courage-to-love-fr"],"acf":[],"yoast_head":"<!-- This site is optimized with the Yoast SEO plugin v27.2 - https:\/\/yoast.com\/product\/yoast-seo-wordpress\/ -->\n<title>Anniversaires, fraternit\u00e9 et consensus - Mennonite World Conference<\/title>\n<meta name=\"robots\" content=\"index, follow, max-snippet:-1, max-image-preview:large, max-video-preview:-1\" \/>\n<link rel=\"canonical\" href=\"https:\/\/mwc-cmm.org\/fr\/stories\/anniversaires-fraternite-et-consensus\/\" \/>\n<meta property=\"og:locale\" content=\"fr_FR\" \/>\n<meta property=\"og:type\" content=\"article\" \/>\n<meta property=\"og:title\" content=\"Anniversaires, fraternit\u00e9 et consensus - Mennonite World Conference\" \/>\n<meta property=\"og:description\" content=\"Dans le monde entier, les anabaptistes c\u00e9l\u00e8brent les 500\u202fans de notre marche avec J\u00e9sus par des cultes, des conf\u00e9rences sur notre histoire et des rassemblements r\u00e9gionaux.&nbsp; Pour la Conf\u00e9rence Mennonite Mondiale (CMM), cette ann\u00e9e anniversaire co\u00efncide avec la r\u00e9union triennale du Conseil G\u00e9n\u00e9ral. De plus, 2025 est un double anniversaire\u202f: il marque aussi les 100\u202fans [&hellip;]\" \/>\n<meta property=\"og:url\" content=\"https:\/\/mwc-cmm.org\/fr\/stories\/anniversaires-fraternite-et-consensus\/\" \/>\n<meta property=\"og:site_name\" content=\"Mennonite World Conference\" \/>\n<meta property=\"article:publisher\" content=\"https:\/\/www.facebook.com\/MennoniteWorldConference\" \/>\n<meta property=\"article:published_time\" content=\"2025-02-17T10:07:42+00:00\" \/>\n<meta property=\"article:modified_time\" content=\"2025-03-14T16:36:12+00:00\" \/>\n<meta property=\"og:image\" content=\"https:\/\/mwc-cmm.org\/wp-content\/uploads\/2025\/03\/Anniversaries-fellowship-and-consensus-1024x576.png\" \/>\n\t<meta property=\"og:image:width\" content=\"1024\" \/>\n\t<meta property=\"og:image:height\" content=\"576\" \/>\n\t<meta property=\"og:image:type\" content=\"image\/png\" \/>\n<meta name=\"author\" content=\"Stephanie Setiawan\" \/>\n<script type=\"application\/ld+json\" class=\"yoast-schema-graph\">{\"@context\":\"https:\/\/schema.org\",\"@graph\":[{\"@type\":\"Article\",\"@id\":\"https:\/\/mwc-cmm.org\/fr\/stories\/anniversaires-fraternite-et-consensus\/#article\",\"isPartOf\":{\"@id\":\"https:\/\/mwc-cmm.org\/fr\/stories\/anniversaires-fraternite-et-consensus\/\"},\"author\":{\"name\":\"Stephanie Setiawan\",\"@id\":\"https:\/\/mwc-cmm.org\/en\/#\/schema\/person\/00b62ed8ea1527254a44f3ace3aee79d\"},\"headline\":\"Anniversaires, fraternit\u00e9 et consensus\",\"datePublished\":\"2025-02-17T10:07:42+00:00\",\"dateModified\":\"2025-03-14T16:36:12+00:00\",\"mainEntityOfPage\":{\"@id\":\"https:\/\/mwc-cmm.org\/fr\/stories\/anniversaires-fraternite-et-consensus\/\"},\"wordCount\":668,\"commentCount\":0,\"publisher\":{\"@id\":\"https:\/\/mwc-cmm.org\/en\/#organization\"},\"image\":{\"@id\":\"https:\/\/mwc-cmm.org\/fr\/stories\/anniversaires-fraternite-et-consensus\/#primaryimage\"},\"thumbnailUrl\":\"https:\/\/mwc-cmm.org\/wp-content\/uploads\/2025\/03\/Anniversaries-fellowship-and-consensus.png\",\"keywords\":[\"100\",\"500\",\"500\",\"anniversaire\",\"Conseil G\u00e9n\u00e9ral\",\"identity\",\"identity\",\"The Courage to Love\"],\"articleSection\":[\"Non classifi\u00e9(e)\"],\"inLanguage\":\"fr-FR\",\"potentialAction\":[{\"@type\":\"CommentAction\",\"name\":\"Comment\",\"target\":[\"https:\/\/mwc-cmm.org\/fr\/stories\/anniversaires-fraternite-et-consensus\/#respond\"]}]},{\"@type\":\"WebPage\",\"@id\":\"https:\/\/mwc-cmm.org\/fr\/stories\/anniversaires-fraternite-et-consensus\/\",\"url\":\"https:\/\/mwc-cmm.org\/fr\/stories\/anniversaires-fraternite-et-consensus\/\",\"name\":\"Anniversaires, fraternit\u00e9 et consensus - Mennonite World Conference\",\"isPartOf\":{\"@id\":\"https:\/\/mwc-cmm.org\/en\/#website\"},\"primaryImageOfPage\":{\"@id\":\"https:\/\/mwc-cmm.org\/fr\/stories\/anniversaires-fraternite-et-consensus\/#primaryimage\"},\"image\":{\"@id\":\"https:\/\/mwc-cmm.org\/fr\/stories\/anniversaires-fraternite-et-consensus\/#primaryimage\"},\"thumbnailUrl\":\"https:\/\/mwc-cmm.org\/wp-content\/uploads\/2025\/03\/Anniversaries-fellowship-and-consensus.png\",\"datePublished\":\"2025-02-17T10:07:42+00:00\",\"dateModified\":\"2025-03-14T16:36:12+00:00\",\"breadcrumb\":{\"@id\":\"https:\/\/mwc-cmm.org\/fr\/stories\/anniversaires-fraternite-et-consensus\/#breadcrumb\"},\"inLanguage\":\"fr-FR\",\"potentialAction\":[{\"@type\":\"ReadAction\",\"target\":[\"https:\/\/mwc-cmm.org\/fr\/stories\/anniversaires-fraternite-et-consensus\/\"]}]},{\"@type\":\"ImageObject\",\"inLanguage\":\"fr-FR\",\"@id\":\"https:\/\/mwc-cmm.org\/fr\/stories\/anniversaires-fraternite-et-consensus\/#primaryimage\",\"url\":\"https:\/\/mwc-cmm.org\/wp-content\/uploads\/2025\/03\/Anniversaries-fellowship-and-consensus.png\",\"contentUrl\":\"https:\/\/mwc-cmm.org\/wp-content\/uploads\/2025\/03\/Anniversaries-fellowship-and-consensus.png\",\"width\":2732,\"height\":1536,\"caption\":\"Zurich church\"},{\"@type\":\"BreadcrumbList\",\"@id\":\"https:\/\/mwc-cmm.org\/fr\/stories\/anniversaires-fraternite-et-consensus\/#breadcrumb\",\"itemListElement\":[{\"@type\":\"ListItem\",\"position\":1,\"name\":\"Home\",\"item\":\"https:\/\/mwc-cmm.org\/fr\/\"},{\"@type\":\"ListItem\",\"position\":2,\"name\":\"Anniversaires, fraternit\u00e9 et consensus\"}]},{\"@type\":\"WebSite\",\"@id\":\"https:\/\/mwc-cmm.org\/en\/#website\",\"url\":\"https:\/\/mwc-cmm.org\/en\/\",\"name\":\"Mennonite World Conference\",\"description\":\"A communion of Anabaptist-related churches\",\"publisher\":{\"@id\":\"https:\/\/mwc-cmm.org\/en\/#organization\"},\"alternateName\":\"MWC\",\"potentialAction\":[{\"@type\":\"SearchAction\",\"target\":{\"@type\":\"EntryPoint\",\"urlTemplate\":\"https:\/\/mwc-cmm.org\/en\/?s={search_term_string}\"},\"query-input\":{\"@type\":\"PropertyValueSpecification\",\"valueRequired\":true,\"valueName\":\"search_term_string\"}}],\"inLanguage\":\"fr-FR\"},{\"@type\":\"Organization\",\"@id\":\"https:\/\/mwc-cmm.org\/en\/#organization\",\"name\":\"Mennonite World Conference\",\"alternateName\":\"MWC\",\"url\":\"https:\/\/mwc-cmm.org\/en\/\",\"logo\":{\"@type\":\"ImageObject\",\"inLanguage\":\"fr-FR\",\"@id\":\"https:\/\/mwc-cmm.org\/en\/#\/schema\/logo\/image\/\",\"url\":\"https:\/\/mwc-cmm.org\/wp-content\/uploads\/2026\/01\/MWC_Sig_Blue_Horiz_webheader1-logo.svg\",\"contentUrl\":\"https:\/\/mwc-cmm.org\/wp-content\/uploads\/2026\/01\/MWC_Sig_Blue_Horiz_webheader1-logo.svg\",\"width\":786,\"height\":82,\"caption\":\"Mennonite World Conference\"},\"image\":{\"@id\":\"https:\/\/mwc-cmm.org\/en\/#\/schema\/logo\/image\/\"},\"sameAs\":[\"https:\/\/www.facebook.com\/MennoniteWorldConference\",\"https:\/\/www.linkedin.com\/company\/mennonite-world-conference-mwc\/\",\"https:\/\/www.instagram.com\/mwcmm\/\",\"https:\/\/www.youtube.com\/user\/mwccmm\",\"https:\/\/bsky.app\/profile\/mwcmm.bsky.social\"]},{\"@type\":\"Person\",\"@id\":\"https:\/\/mwc-cmm.org\/en\/#\/schema\/person\/00b62ed8ea1527254a44f3ace3aee79d\",\"name\":\"Stephanie Setiawan\",\"image\":{\"@type\":\"ImageObject\",\"inLanguage\":\"fr-FR\",\"@id\":\"https:\/\/secure.gravatar.com\/avatar\/71b4b62cf3d0cfb4c8a367a101127ba8adfa1c22417900980ea24f5f4457a76d?s=96&d=mm&r=g\",\"url\":\"https:\/\/secure.gravatar.com\/avatar\/71b4b62cf3d0cfb4c8a367a101127ba8adfa1c22417900980ea24f5f4457a76d?s=96&d=mm&r=g\",\"contentUrl\":\"https:\/\/secure.gravatar.com\/avatar\/71b4b62cf3d0cfb4c8a367a101127ba8adfa1c22417900980ea24f5f4457a76d?s=96&d=mm&r=g\",\"caption\":\"Stephanie Setiawan\"},\"url\":\"https:\/\/mwc-cmm.org\/fr\/stories\/author\/stephanie\/\"}]}<\/script>\n<!-- \/ Yoast SEO plugin. -->","yoast_head_json":{"title":"Anniversaires, fraternit\u00e9 et consensus - Mennonite World Conference","robots":{"index":"index","follow":"follow","max-snippet":"max-snippet:-1","max-image-preview":"max-image-preview:large","max-video-preview":"max-video-preview:-1"},"canonical":"https:\/\/mwc-cmm.org\/fr\/stories\/anniversaires-fraternite-et-consensus\/","og_locale":"fr_FR","og_type":"article","og_title":"Anniversaires, fraternit\u00e9 et consensus - Mennonite World Conference","og_description":"Dans le monde entier, les anabaptistes c\u00e9l\u00e8brent les 500\u202fans de notre marche avec J\u00e9sus par des cultes, des conf\u00e9rences sur notre histoire et des rassemblements r\u00e9gionaux.&nbsp; Pour la Conf\u00e9rence Mennonite Mondiale (CMM), cette ann\u00e9e anniversaire co\u00efncide avec la r\u00e9union triennale du Conseil G\u00e9n\u00e9ral. De plus, 2025 est un double anniversaire\u202f: il marque aussi les 100\u202fans [&hellip;]","og_url":"https:\/\/mwc-cmm.org\/fr\/stories\/anniversaires-fraternite-et-consensus\/","og_site_name":"Mennonite World Conference","article_publisher":"https:\/\/www.facebook.com\/MennoniteWorldConference","article_published_time":"2025-02-17T10:07:42+00:00","article_modified_time":"2025-03-14T16:36:12+00:00","og_image":[{"width":1024,"height":576,"url":"https:\/\/mwc-cmm.org\/wp-content\/uploads\/2025\/03\/Anniversaries-fellowship-and-consensus-1024x576.png","type":"image\/png"}],"author":"Stephanie Setiawan","schema":{"@context":"https:\/\/schema.org","@graph":[{"@type":"Article","@id":"https:\/\/mwc-cmm.org\/fr\/stories\/anniversaires-fraternite-et-consensus\/#article","isPartOf":{"@id":"https:\/\/mwc-cmm.org\/fr\/stories\/anniversaires-fraternite-et-consensus\/"},"author":{"name":"Stephanie Setiawan","@id":"https:\/\/mwc-cmm.org\/en\/#\/schema\/person\/00b62ed8ea1527254a44f3ace3aee79d"},"headline":"Anniversaires, fraternit\u00e9 et consensus","datePublished":"2025-02-17T10:07:42+00:00","dateModified":"2025-03-14T16:36:12+00:00","mainEntityOfPage":{"@id":"https:\/\/mwc-cmm.org\/fr\/stories\/anniversaires-fraternite-et-consensus\/"},"wordCount":668,"commentCount":0,"publisher":{"@id":"https:\/\/mwc-cmm.org\/en\/#organization"},"image":{"@id":"https:\/\/mwc-cmm.org\/fr\/stories\/anniversaires-fraternite-et-consensus\/#primaryimage"},"thumbnailUrl":"https:\/\/mwc-cmm.org\/wp-content\/uploads\/2025\/03\/Anniversaries-fellowship-and-consensus.png","keywords":["100","500","500","anniversaire","Conseil G\u00e9n\u00e9ral","identity","identity","The Courage to Love"],"articleSection":["Non classifi\u00e9(e)"],"inLanguage":"fr-FR","potentialAction":[{"@type":"CommentAction","name":"Comment","target":["https:\/\/mwc-cmm.org\/fr\/stories\/anniversaires-fraternite-et-consensus\/#respond"]}]},{"@type":"WebPage","@id":"https:\/\/mwc-cmm.org\/fr\/stories\/anniversaires-fraternite-et-consensus\/","url":"https:\/\/mwc-cmm.org\/fr\/stories\/anniversaires-fraternite-et-consensus\/","name":"Anniversaires, fraternit\u00e9 et consensus - Mennonite World Conference","isPartOf":{"@id":"https:\/\/mwc-cmm.org\/en\/#website"},"primaryImageOfPage":{"@id":"https:\/\/mwc-cmm.org\/fr\/stories\/anniversaires-fraternite-et-consensus\/#primaryimage"},"image":{"@id":"https:\/\/mwc-cmm.org\/fr\/stories\/anniversaires-fraternite-et-consensus\/#primaryimage"},"thumbnailUrl":"https:\/\/mwc-cmm.org\/wp-content\/uploads\/2025\/03\/Anniversaries-fellowship-and-consensus.png","datePublished":"2025-02-17T10:07:42+00:00","dateModified":"2025-03-14T16:36:12+00:00","breadcrumb":{"@id":"https:\/\/mwc-cmm.org\/fr\/stories\/anniversaires-fraternite-et-consensus\/#breadcrumb"},"inLanguage":"fr-FR","potentialAction":[{"@type":"ReadAction","target":["https:\/\/mwc-cmm.org\/fr\/stories\/anniversaires-fraternite-et-consensus\/"]}]},{"@type":"ImageObject","inLanguage":"fr-FR","@id":"https:\/\/mwc-cmm.org\/fr\/stories\/anniversaires-fraternite-et-consensus\/#primaryimage","url":"https:\/\/mwc-cmm.org\/wp-content\/uploads\/2025\/03\/Anniversaries-fellowship-and-consensus.png","contentUrl":"https:\/\/mwc-cmm.org\/wp-content\/uploads\/2025\/03\/Anniversaries-fellowship-and-consensus.png","width":2732,"height":1536,"caption":"Zurich church"},{"@type":"BreadcrumbList","@id":"https:\/\/mwc-cmm.org\/fr\/stories\/anniversaires-fraternite-et-consensus\/#breadcrumb","itemListElement":[{"@type":"ListItem","position":1,"name":"Home","item":"https:\/\/mwc-cmm.org\/fr\/"},{"@type":"ListItem","position":2,"name":"Anniversaires, fraternit\u00e9 et consensus"}]},{"@type":"WebSite","@id":"https:\/\/mwc-cmm.org\/en\/#website","url":"https:\/\/mwc-cmm.org\/en\/","name":"Mennonite World Conference","description":"A communion of Anabaptist-related churches","publisher":{"@id":"https:\/\/mwc-cmm.org\/en\/#organization"},"alternateName":"MWC","potentialAction":[{"@type":"SearchAction","target":{"@type":"EntryPoint","urlTemplate":"https:\/\/mwc-cmm.org\/en\/?s={search_term_string}"},"query-input":{"@type":"PropertyValueSpecification","valueRequired":true,"valueName":"search_term_string"}}],"inLanguage":"fr-FR"},{"@type":"Organization","@id":"https:\/\/mwc-cmm.org\/en\/#organization","name":"Mennonite World Conference","alternateName":"MWC","url":"https:\/\/mwc-cmm.org\/en\/","logo":{"@type":"ImageObject","inLanguage":"fr-FR","@id":"https:\/\/mwc-cmm.org\/en\/#\/schema\/logo\/image\/","url":"https:\/\/mwc-cmm.org\/wp-content\/uploads\/2026\/01\/MWC_Sig_Blue_Horiz_webheader1-logo.svg","contentUrl":"https:\/\/mwc-cmm.org\/wp-content\/uploads\/2026\/01\/MWC_Sig_Blue_Horiz_webheader1-logo.svg","width":786,"height":82,"caption":"Mennonite World Conference"},"image":{"@id":"https:\/\/mwc-cmm.org\/en\/#\/schema\/logo\/image\/"},"sameAs":["https:\/\/www.facebook.com\/MennoniteWorldConference","https:\/\/www.linkedin.com\/company\/mennonite-world-conference-mwc\/","https:\/\/www.instagram.com\/mwcmm\/","https:\/\/www.youtube.com\/user\/mwccmm","https:\/\/bsky.app\/profile\/mwcmm.bsky.social"]},{"@type":"Person","@id":"https:\/\/mwc-cmm.org\/en\/#\/schema\/person\/00b62ed8ea1527254a44f3ace3aee79d","name":"Stephanie Setiawan","image":{"@type":"ImageObject","inLanguage":"fr-FR","@id":"https:\/\/secure.gravatar.com\/avatar\/71b4b62cf3d0cfb4c8a367a101127ba8adfa1c22417900980ea24f5f4457a76d?s=96&d=mm&r=g","url":"https:\/\/secure.gravatar.com\/avatar\/71b4b62cf3d0cfb4c8a367a101127ba8adfa1c22417900980ea24f5f4457a76d?s=96&d=mm&r=g","contentUrl":"https:\/\/secure.gravatar.com\/avatar\/71b4b62cf3d0cfb4c8a367a101127ba8adfa1c22417900980ea24f5f4457a76d?s=96&d=mm&r=g","caption":"Stephanie Setiawan"},"url":"https:\/\/mwc-cmm.org\/fr\/stories\/author\/stephanie\/"}]}},"_links":{"self":[{"href":"https:\/\/mwc-cmm.org\/fr\/wp-json\/wp\/v2\/posts\/109995","targetHints":{"allow":["GET"]}}],"collection":[{"href":"https:\/\/mwc-cmm.org\/fr\/wp-json\/wp\/v2\/posts"}],"about":[{"href":"https:\/\/mwc-cmm.org\/fr\/wp-json\/wp\/v2\/types\/post"}],"author":[{"embeddable":true,"href":"https:\/\/mwc-cmm.org\/fr\/wp-json\/wp\/v2\/users\/8"}],"replies":[{"embeddable":true,"href":"https:\/\/mwc-cmm.org\/fr\/wp-json\/wp\/v2\/comments?post=109995"}],"version-history":[{"count":0,"href":"https:\/\/mwc-cmm.org\/fr\/wp-json\/wp\/v2\/posts\/109995\/revisions"}],"wp:featuredmedia":[{"embeddable":true,"href":"https:\/\/mwc-cmm.org\/fr\/wp-json\/wp\/v2\/media\/111145"}],"wp:attachment":[{"href":"https:\/\/mwc-cmm.org\/fr\/wp-json\/wp\/v2\/media?parent=109995"}],"wp:term":[{"taxonomy":"category","embeddable":true,"href":"https:\/\/mwc-cmm.org\/fr\/wp-json\/wp\/v2\/categories?post=109995"},{"taxonomy":"post_tag","embeddable":true,"href":"https:\/\/mwc-cmm.org\/fr\/wp-json\/wp\/v2\/tags?post=109995"},{"taxonomy":"network","embeddable":true,"href":"https:\/\/mwc-cmm.org\/fr\/wp-json\/wp\/v2\/network?post=109995"},{"taxonomy":"eventcategory","embeddable":true,"href":"https:\/\/mwc-cmm.org\/fr\/wp-json\/wp\/v2\/eventcategory?post=109995"}],"curies":[{"name":"wp","href":"https:\/\/api.w.org\/{rel}","templated":true}]}}