{"id":108386,"date":"2024-12-03T00:35:41","date_gmt":"2024-12-03T00:35:41","guid":{"rendered":"https:\/\/mwc-cmm.org\/stories\/idees-pour-celebrer-500-ans-danabaptisme\/"},"modified":"2025-01-08T09:04:49","modified_gmt":"2025-01-08T09:04:49","slug":"idees-pour-celebrer-500-ans-danabaptisme","status":"publish","type":"post","link":"https:\/\/mwc-cmm.org\/fr\/stories\/idees-pour-celebrer-500-ans-danabaptisme\/","title":{"rendered":"Id\u00e9es pour c\u00e9l\u00e9brer 500\u202fans d\u2019anabaptisme"},"content":{"rendered":"\n<h2 class=\"wp-block-heading is-style-green-eyebrow\">Dimanche de la Fraternit\u00e9 Anabaptiste Mondiale 2025<\/h2>\n\n<h2 class=\"wp-block-heading\">Participez en personne, ou rejoignez-nous en ligne le 29\u202fmai 2025 <\/h2>\n\n<p><span class=\"TextRun SCXW126577260 BCX0\" lang=\"FR-FR\" xml:lang=\"FR-FR\" data-contrast=\"auto\"><span class=\"NormalTextRun SCXW126577260 BCX0\">Le jeudi\u202f29\u202fmai 2025, la Conf\u00e9rence Mennonite Mondiale (CMM) accueillera des invit\u00e9s du monde entier pour <\/span><\/span><strong><span class=\"TextRun MacChromeBold SCXW126577260 BCX0\" lang=\"FR-FR\" xml:lang=\"FR-FR\" data-contrast=\"auto\"><span class=\"NormalTextRun SCXW126577260 BCX0\">Le courage d\u2019aimer \u2014 Anabaptisme\u202f: 500\u202fans.<\/span><\/span><\/strong><span class=\"TextRun SCXW126577260 BCX0\" lang=\"FR-FR\" xml:lang=\"FR-FR\" data-contrast=\"auto\"><span class=\"NormalTextRun SCXW126577260 BCX0\"> Cette journ\u00e9e de c\u00e9l\u00e9bration comm\u00e9more la naissance du mouvement anabaptiste \u00e0 Zurich<\/span><span class=\"NormalTextRun SCXW126577260 BCX0\">\u202f<\/span><span class=\"NormalTextRun SCXW126577260 BCX0\">(Suisse).<\/span><\/span><span class=\"EOP SCXW126577260 BCX0\" data-ccp-props=\"{}\">\u00a0<\/span><\/p>\n\n<p>Apr\u00e8s des ateliers, des concerts, une table ronde et une visite historique \u00e0 pied, les participants se r\u00e9uniront pour un culte \u0153cum\u00e9nique \u00e0 l\u2019\u00e9glise\u202fGrossm\u00fcnster. <\/p>\n\n<p>Pour construire la paix et t\u00e9moigner de la r\u00e9conciliation r\u00e9cente, la CMM invite des responsables de communions mondiales (catholiques, luth\u00e9riens et r\u00e9form\u00e9s) qui \u00e9taient autrefois en d\u00e9saccord profond avec le mouvement anabaptiste. Tous les \u00e9v\u00e9nements sont accessibles \u00e0 pied et \u00e0 distance de marche les uns des\u202fautres. <\/p>\n\n<p>Le dernier culte se d\u00e9roulera en anglais et sera traduit en fran\u00e7ais, en espagnol et en allemand. Le culte \u00e0 15\u202fheures (UTC) sera retransmis en\u202fdirect. <\/p>\n\n<div class=\"wp-block-buttons is-layout-flex wp-block-buttons-is-layout-flex\">\n<div class=\"wp-block-button\"><a class=\"wp-block-button__link wp-element-button\" href=\"https:\/\/www.anabaptism500.ch\/\">Le courage d\u2019aimer<\/a><\/div>\n<\/div>\n\n<h2 class=\"wp-block-heading\">Organisez votre propre rassemblement local ou r\u00e9gional <\/h2>\n\n<p><span class=\"TextRun SCXW49490744 BCX0\" lang=\"FR-FR\" xml:lang=\"FR-FR\" data-contrast=\"auto\"><span class=\"NormalTextRun SCXW49490744 BCX0\"><strong>C\u00e9l\u00e9brez ensemble lors d\u2019un culte<\/strong> et\/ou d\u2019un repas en utilisant ce mat\u00e9riel de culte et en mangeant avec des fr\u00e8res et des s\u0153urs. Ce pourrait \u00eatre lors de l\u2019AWFS, le 19\u202fjanvier 2025, ou le 29\u202fmai 2025, ou \u00e0 tout autre moment qui conviendra dans votre propre<\/span><span class=\"NormalTextRun SCXW49490744 BCX0\">\u202f<\/span><span class=\"NormalTextRun SCXW49490744 BCX0\">contexte.<\/span><\/span><span class=\"EOP SCXW49490744 BCX0\" data-ccp-props=\"{}\">\u00a0<\/span><\/p>\n\n<h2 class=\"wp-block-heading\">Cr\u00e9ez et partagez vos dons et t\u00e9moignages <\/h2>\n\n<p><b><span data-contrast=\"auto\">Identifiez les aspects du message anabaptiste<\/span><\/b><span data-contrast=\"auto\"> qui nous touchent aujourd\u2019hui. Cr\u00e9ez vos propres t\u00e9moignages, sermons, \u0153uvres d\u2019art. Partagez-les sur les m\u00e9dias sociaux, affichez-les dans vos maisons ou dans les \u00e9glises,\u202fetc.<\/span><\/p>\n\n<p>Avec chacune de ces actions, nous rendons gr\u00e2ce et, en m\u00eame temps, nous identifions comment nous nous sentons appel\u00e9s \u00e0 r\u00e9pondre en partageant et en vivant fid\u00e8lement le message de l\u2019amour de Dieu, ici et maintenant.\u00a0<\/p>\n","protected":false},"excerpt":{"rendered":"<p>Dimanche de la Fraternit\u00e9 Anabaptiste Mondiale 2025 Participez en personne, ou rejoignez-nous en ligne le 29\u202fmai 2025 Le jeudi\u202f29\u202fmai 2025, la Conf\u00e9rence Mennonite Mondiale (CMM) accueillera des invit\u00e9s du monde entier pour Le courage d\u2019aimer \u2014 Anabaptisme\u202f: 500\u202fans. Cette journ\u00e9e de c\u00e9l\u00e9bration comm\u00e9more la naissance du mouvement anabaptiste \u00e0 Zurich\u202f(Suisse).\u00a0 Apr\u00e8s des ateliers, des concerts, [&hellip;]<\/p>\n","protected":false},"author":6,"featured_media":0,"comment_status":"closed","ping_status":"closed","sticky":false,"template":"","format":"standard","meta":{"_acf_changed":false,"footnotes":""},"categories":[7],"tags":[444,442,422,449],"network":[],"eventcategory":[1500],"class_list":["post-108386","post","type-post","status-publish","format-standard","hentry","category-non-classifiee","tag-awfs-fr","tag-history-fr","tag-unity-fr","tag-worship-fr","eventcategory-anabaptist-world-fellowship-sunday-fr"],"acf":[],"yoast_head":"<!-- This site is optimized with the Yoast SEO plugin v27.2 - https:\/\/yoast.com\/product\/yoast-seo-wordpress\/ -->\n<title>Id\u00e9es pour c\u00e9l\u00e9brer 500\u202fans d\u2019anabaptisme - Mennonite World Conference<\/title>\n<meta name=\"robots\" content=\"index, follow, max-snippet:-1, max-image-preview:large, max-video-preview:-1\" \/>\n<link rel=\"canonical\" href=\"https:\/\/mwc-cmm.org\/fr\/stories\/idees-pour-celebrer-500-ans-danabaptisme\/\" \/>\n<meta property=\"og:locale\" content=\"fr_FR\" \/>\n<meta property=\"og:type\" content=\"article\" \/>\n<meta property=\"og:title\" content=\"Id\u00e9es pour c\u00e9l\u00e9brer 500\u202fans d\u2019anabaptisme - Mennonite World Conference\" \/>\n<meta property=\"og:description\" content=\"Dimanche de la Fraternit\u00e9 Anabaptiste Mondiale 2025 Participez en personne, ou rejoignez-nous en ligne le 29\u202fmai 2025 Le jeudi\u202f29\u202fmai 2025, la Conf\u00e9rence Mennonite Mondiale (CMM) accueillera des invit\u00e9s du monde entier pour Le courage d\u2019aimer \u2014 Anabaptisme\u202f: 500\u202fans. Cette journ\u00e9e de c\u00e9l\u00e9bration comm\u00e9more la naissance du mouvement anabaptiste \u00e0 Zurich\u202f(Suisse).\u00a0 Apr\u00e8s des ateliers, des concerts, [&hellip;]\" \/>\n<meta property=\"og:url\" content=\"https:\/\/mwc-cmm.org\/fr\/stories\/idees-pour-celebrer-500-ans-danabaptisme\/\" \/>\n<meta property=\"og:site_name\" content=\"Mennonite World Conference\" \/>\n<meta property=\"article:publisher\" content=\"https:\/\/www.facebook.com\/MennoniteWorldConference\" \/>\n<meta property=\"article:published_time\" content=\"2024-12-03T00:35:41+00:00\" \/>\n<meta property=\"article:modified_time\" content=\"2025-01-08T09:04:49+00:00\" \/>\n<meta name=\"author\" content=\"Karla Braun\" \/>\n<script type=\"application\/ld+json\" class=\"yoast-schema-graph\">{\"@context\":\"https:\/\/schema.org\",\"@graph\":[{\"@type\":\"Article\",\"@id\":\"https:\/\/mwc-cmm.org\/fr\/stories\/idees-pour-celebrer-500-ans-danabaptisme\/#article\",\"isPartOf\":{\"@id\":\"https:\/\/mwc-cmm.org\/fr\/stories\/idees-pour-celebrer-500-ans-danabaptisme\/\"},\"author\":{\"name\":\"Karla Braun\",\"@id\":\"https:\/\/mwc-cmm.org\/en\/#\/schema\/person\/9cb7cad70e3a0ac2b145c3441df0dc08\"},\"headline\":\"Id\u00e9es pour c\u00e9l\u00e9brer 500\u202fans d\u2019anabaptisme\",\"datePublished\":\"2024-12-03T00:35:41+00:00\",\"dateModified\":\"2025-01-08T09:04:49+00:00\",\"mainEntityOfPage\":{\"@id\":\"https:\/\/mwc-cmm.org\/fr\/stories\/idees-pour-celebrer-500-ans-danabaptisme\/\"},\"wordCount\":323,\"publisher\":{\"@id\":\"https:\/\/mwc-cmm.org\/en\/#organization\"},\"keywords\":[\"AWFS\",\"histoire\",\"unity\",\"worship\"],\"articleSection\":[\"Non classifi\u00e9(e)\"],\"inLanguage\":\"fr-FR\"},{\"@type\":\"WebPage\",\"@id\":\"https:\/\/mwc-cmm.org\/fr\/stories\/idees-pour-celebrer-500-ans-danabaptisme\/\",\"url\":\"https:\/\/mwc-cmm.org\/fr\/stories\/idees-pour-celebrer-500-ans-danabaptisme\/\",\"name\":\"Id\u00e9es pour c\u00e9l\u00e9brer 500\u202fans d\u2019anabaptisme - Mennonite World Conference\",\"isPartOf\":{\"@id\":\"https:\/\/mwc-cmm.org\/en\/#website\"},\"datePublished\":\"2024-12-03T00:35:41+00:00\",\"dateModified\":\"2025-01-08T09:04:49+00:00\",\"breadcrumb\":{\"@id\":\"https:\/\/mwc-cmm.org\/fr\/stories\/idees-pour-celebrer-500-ans-danabaptisme\/#breadcrumb\"},\"inLanguage\":\"fr-FR\",\"potentialAction\":[{\"@type\":\"ReadAction\",\"target\":[\"https:\/\/mwc-cmm.org\/fr\/stories\/idees-pour-celebrer-500-ans-danabaptisme\/\"]}]},{\"@type\":\"BreadcrumbList\",\"@id\":\"https:\/\/mwc-cmm.org\/fr\/stories\/idees-pour-celebrer-500-ans-danabaptisme\/#breadcrumb\",\"itemListElement\":[{\"@type\":\"ListItem\",\"position\":1,\"name\":\"Home\",\"item\":\"https:\/\/mwc-cmm.org\/fr\/\"},{\"@type\":\"ListItem\",\"position\":2,\"name\":\"Id\u00e9es pour c\u00e9l\u00e9brer 500\u202fans d\u2019anabaptisme\"}]},{\"@type\":\"WebSite\",\"@id\":\"https:\/\/mwc-cmm.org\/en\/#website\",\"url\":\"https:\/\/mwc-cmm.org\/en\/\",\"name\":\"Mennonite World Conference\",\"description\":\"A communion of Anabaptist-related churches\",\"publisher\":{\"@id\":\"https:\/\/mwc-cmm.org\/en\/#organization\"},\"alternateName\":\"MWC\",\"potentialAction\":[{\"@type\":\"SearchAction\",\"target\":{\"@type\":\"EntryPoint\",\"urlTemplate\":\"https:\/\/mwc-cmm.org\/en\/?s={search_term_string}\"},\"query-input\":{\"@type\":\"PropertyValueSpecification\",\"valueRequired\":true,\"valueName\":\"search_term_string\"}}],\"inLanguage\":\"fr-FR\"},{\"@type\":\"Organization\",\"@id\":\"https:\/\/mwc-cmm.org\/en\/#organization\",\"name\":\"Mennonite World Conference\",\"alternateName\":\"MWC\",\"url\":\"https:\/\/mwc-cmm.org\/en\/\",\"logo\":{\"@type\":\"ImageObject\",\"inLanguage\":\"fr-FR\",\"@id\":\"https:\/\/mwc-cmm.org\/en\/#\/schema\/logo\/image\/\",\"url\":\"https:\/\/mwc-cmm.org\/wp-content\/uploads\/2026\/01\/MWC_Sig_Blue_Horiz_webheader1-logo.svg\",\"contentUrl\":\"https:\/\/mwc-cmm.org\/wp-content\/uploads\/2026\/01\/MWC_Sig_Blue_Horiz_webheader1-logo.svg\",\"width\":786,\"height\":82,\"caption\":\"Mennonite World Conference\"},\"image\":{\"@id\":\"https:\/\/mwc-cmm.org\/en\/#\/schema\/logo\/image\/\"},\"sameAs\":[\"https:\/\/www.facebook.com\/MennoniteWorldConference\",\"https:\/\/www.linkedin.com\/company\/mennonite-world-conference-mwc\/\",\"https:\/\/www.instagram.com\/mwcmm\/\",\"https:\/\/www.youtube.com\/user\/mwccmm\",\"https:\/\/bsky.app\/profile\/mwcmm.bsky.social\"]},{\"@type\":\"Person\",\"@id\":\"https:\/\/mwc-cmm.org\/en\/#\/schema\/person\/9cb7cad70e3a0ac2b145c3441df0dc08\",\"name\":\"Karla Braun\",\"pronouns\":\"she\/her\",\"image\":{\"@type\":\"ImageObject\",\"inLanguage\":\"fr-FR\",\"@id\":\"https:\/\/secure.gravatar.com\/avatar\/330c84143dc3a1bf6e7887f828baae23c874bf72d5eedb0461d88c0725087370?s=96&d=mm&r=g\",\"url\":\"https:\/\/secure.gravatar.com\/avatar\/330c84143dc3a1bf6e7887f828baae23c874bf72d5eedb0461d88c0725087370?s=96&d=mm&r=g\",\"contentUrl\":\"https:\/\/secure.gravatar.com\/avatar\/330c84143dc3a1bf6e7887f828baae23c874bf72d5eedb0461d88c0725087370?s=96&d=mm&r=g\",\"caption\":\"Karla Braun\"},\"description\":\"Karla Braun serves as editor and website coordinator for MWC since 2015.\",\"url\":\"https:\/\/mwc-cmm.org\/fr\/stories\/author\/karla\/\"}]}<\/script>\n<!-- \/ Yoast SEO plugin. -->","yoast_head_json":{"title":"Id\u00e9es pour c\u00e9l\u00e9brer 500\u202fans d\u2019anabaptisme - Mennonite World Conference","robots":{"index":"index","follow":"follow","max-snippet":"max-snippet:-1","max-image-preview":"max-image-preview:large","max-video-preview":"max-video-preview:-1"},"canonical":"https:\/\/mwc-cmm.org\/fr\/stories\/idees-pour-celebrer-500-ans-danabaptisme\/","og_locale":"fr_FR","og_type":"article","og_title":"Id\u00e9es pour c\u00e9l\u00e9brer 500\u202fans d\u2019anabaptisme - Mennonite World Conference","og_description":"Dimanche de la Fraternit\u00e9 Anabaptiste Mondiale 2025 Participez en personne, ou rejoignez-nous en ligne le 29\u202fmai 2025 Le jeudi\u202f29\u202fmai 2025, la Conf\u00e9rence Mennonite Mondiale (CMM) accueillera des invit\u00e9s du monde entier pour Le courage d\u2019aimer \u2014 Anabaptisme\u202f: 500\u202fans. Cette journ\u00e9e de c\u00e9l\u00e9bration comm\u00e9more la naissance du mouvement anabaptiste \u00e0 Zurich\u202f(Suisse).\u00a0 Apr\u00e8s des ateliers, des concerts, [&hellip;]","og_url":"https:\/\/mwc-cmm.org\/fr\/stories\/idees-pour-celebrer-500-ans-danabaptisme\/","og_site_name":"Mennonite World Conference","article_publisher":"https:\/\/www.facebook.com\/MennoniteWorldConference","article_published_time":"2024-12-03T00:35:41+00:00","article_modified_time":"2025-01-08T09:04:49+00:00","author":"Karla Braun","schema":{"@context":"https:\/\/schema.org","@graph":[{"@type":"Article","@id":"https:\/\/mwc-cmm.org\/fr\/stories\/idees-pour-celebrer-500-ans-danabaptisme\/#article","isPartOf":{"@id":"https:\/\/mwc-cmm.org\/fr\/stories\/idees-pour-celebrer-500-ans-danabaptisme\/"},"author":{"name":"Karla Braun","@id":"https:\/\/mwc-cmm.org\/en\/#\/schema\/person\/9cb7cad70e3a0ac2b145c3441df0dc08"},"headline":"Id\u00e9es pour c\u00e9l\u00e9brer 500\u202fans d\u2019anabaptisme","datePublished":"2024-12-03T00:35:41+00:00","dateModified":"2025-01-08T09:04:49+00:00","mainEntityOfPage":{"@id":"https:\/\/mwc-cmm.org\/fr\/stories\/idees-pour-celebrer-500-ans-danabaptisme\/"},"wordCount":323,"publisher":{"@id":"https:\/\/mwc-cmm.org\/en\/#organization"},"keywords":["AWFS","histoire","unity","worship"],"articleSection":["Non classifi\u00e9(e)"],"inLanguage":"fr-FR"},{"@type":"WebPage","@id":"https:\/\/mwc-cmm.org\/fr\/stories\/idees-pour-celebrer-500-ans-danabaptisme\/","url":"https:\/\/mwc-cmm.org\/fr\/stories\/idees-pour-celebrer-500-ans-danabaptisme\/","name":"Id\u00e9es pour c\u00e9l\u00e9brer 500\u202fans d\u2019anabaptisme - Mennonite World Conference","isPartOf":{"@id":"https:\/\/mwc-cmm.org\/en\/#website"},"datePublished":"2024-12-03T00:35:41+00:00","dateModified":"2025-01-08T09:04:49+00:00","breadcrumb":{"@id":"https:\/\/mwc-cmm.org\/fr\/stories\/idees-pour-celebrer-500-ans-danabaptisme\/#breadcrumb"},"inLanguage":"fr-FR","potentialAction":[{"@type":"ReadAction","target":["https:\/\/mwc-cmm.org\/fr\/stories\/idees-pour-celebrer-500-ans-danabaptisme\/"]}]},{"@type":"BreadcrumbList","@id":"https:\/\/mwc-cmm.org\/fr\/stories\/idees-pour-celebrer-500-ans-danabaptisme\/#breadcrumb","itemListElement":[{"@type":"ListItem","position":1,"name":"Home","item":"https:\/\/mwc-cmm.org\/fr\/"},{"@type":"ListItem","position":2,"name":"Id\u00e9es pour c\u00e9l\u00e9brer 500\u202fans d\u2019anabaptisme"}]},{"@type":"WebSite","@id":"https:\/\/mwc-cmm.org\/en\/#website","url":"https:\/\/mwc-cmm.org\/en\/","name":"Mennonite World Conference","description":"A communion of Anabaptist-related churches","publisher":{"@id":"https:\/\/mwc-cmm.org\/en\/#organization"},"alternateName":"MWC","potentialAction":[{"@type":"SearchAction","target":{"@type":"EntryPoint","urlTemplate":"https:\/\/mwc-cmm.org\/en\/?s={search_term_string}"},"query-input":{"@type":"PropertyValueSpecification","valueRequired":true,"valueName":"search_term_string"}}],"inLanguage":"fr-FR"},{"@type":"Organization","@id":"https:\/\/mwc-cmm.org\/en\/#organization","name":"Mennonite World Conference","alternateName":"MWC","url":"https:\/\/mwc-cmm.org\/en\/","logo":{"@type":"ImageObject","inLanguage":"fr-FR","@id":"https:\/\/mwc-cmm.org\/en\/#\/schema\/logo\/image\/","url":"https:\/\/mwc-cmm.org\/wp-content\/uploads\/2026\/01\/MWC_Sig_Blue_Horiz_webheader1-logo.svg","contentUrl":"https:\/\/mwc-cmm.org\/wp-content\/uploads\/2026\/01\/MWC_Sig_Blue_Horiz_webheader1-logo.svg","width":786,"height":82,"caption":"Mennonite World Conference"},"image":{"@id":"https:\/\/mwc-cmm.org\/en\/#\/schema\/logo\/image\/"},"sameAs":["https:\/\/www.facebook.com\/MennoniteWorldConference","https:\/\/www.linkedin.com\/company\/mennonite-world-conference-mwc\/","https:\/\/www.instagram.com\/mwcmm\/","https:\/\/www.youtube.com\/user\/mwccmm","https:\/\/bsky.app\/profile\/mwcmm.bsky.social"]},{"@type":"Person","@id":"https:\/\/mwc-cmm.org\/en\/#\/schema\/person\/9cb7cad70e3a0ac2b145c3441df0dc08","name":"Karla Braun","pronouns":"she\/her","image":{"@type":"ImageObject","inLanguage":"fr-FR","@id":"https:\/\/secure.gravatar.com\/avatar\/330c84143dc3a1bf6e7887f828baae23c874bf72d5eedb0461d88c0725087370?s=96&d=mm&r=g","url":"https:\/\/secure.gravatar.com\/avatar\/330c84143dc3a1bf6e7887f828baae23c874bf72d5eedb0461d88c0725087370?s=96&d=mm&r=g","contentUrl":"https:\/\/secure.gravatar.com\/avatar\/330c84143dc3a1bf6e7887f828baae23c874bf72d5eedb0461d88c0725087370?s=96&d=mm&r=g","caption":"Karla Braun"},"description":"Karla Braun serves as editor and website coordinator for MWC since 2015.","url":"https:\/\/mwc-cmm.org\/fr\/stories\/author\/karla\/"}]}},"_links":{"self":[{"href":"https:\/\/mwc-cmm.org\/fr\/wp-json\/wp\/v2\/posts\/108386","targetHints":{"allow":["GET"]}}],"collection":[{"href":"https:\/\/mwc-cmm.org\/fr\/wp-json\/wp\/v2\/posts"}],"about":[{"href":"https:\/\/mwc-cmm.org\/fr\/wp-json\/wp\/v2\/types\/post"}],"author":[{"embeddable":true,"href":"https:\/\/mwc-cmm.org\/fr\/wp-json\/wp\/v2\/users\/6"}],"replies":[{"embeddable":true,"href":"https:\/\/mwc-cmm.org\/fr\/wp-json\/wp\/v2\/comments?post=108386"}],"version-history":[{"count":0,"href":"https:\/\/mwc-cmm.org\/fr\/wp-json\/wp\/v2\/posts\/108386\/revisions"}],"wp:attachment":[{"href":"https:\/\/mwc-cmm.org\/fr\/wp-json\/wp\/v2\/media?parent=108386"}],"wp:term":[{"taxonomy":"category","embeddable":true,"href":"https:\/\/mwc-cmm.org\/fr\/wp-json\/wp\/v2\/categories?post=108386"},{"taxonomy":"post_tag","embeddable":true,"href":"https:\/\/mwc-cmm.org\/fr\/wp-json\/wp\/v2\/tags?post=108386"},{"taxonomy":"network","embeddable":true,"href":"https:\/\/mwc-cmm.org\/fr\/wp-json\/wp\/v2\/network?post=108386"},{"taxonomy":"eventcategory","embeddable":true,"href":"https:\/\/mwc-cmm.org\/fr\/wp-json\/wp\/v2\/eventcategory?post=108386"}],"curies":[{"name":"wp","href":"https:\/\/api.w.org\/{rel}","templated":true}]}}