{"id":108066,"date":"2024-12-19T22:07:19","date_gmt":"2024-12-19T22:07:19","guid":{"rendered":"https:\/\/mwc-cmm.org\/?p=108066"},"modified":"2024-12-19T22:07:20","modified_gmt":"2024-12-19T22:07:20","slug":"le-saint-esprit-a-loeuvre-dans-le-synode-catholique","status":"publish","type":"post","link":"https:\/\/mwc-cmm.org\/fr\/stories\/le-saint-esprit-a-loeuvre-dans-le-synode-catholique\/","title":{"rendered":"Le Saint-Esprit \u00e0 l\u2019\u0153uvre dans le synode catholique"},"content":{"rendered":"\n<p>\u00ab\u2009Il a fallu prendre son courage \u00e0 deux mains\u202f: c\u2019est un autre monde, un autre vocabulaire, une autre fa\u00e7on de penser. Comment apporter mes propres questions et \u00eatre une invit\u00e9e respectueuse tout en \u00e9tant pleinement mennonite\u2009?\u2009\u00bb Anne-Cathy Graber s\u2019est pos\u00e9 ces questions en recevant une invitation \u00e0 participer \u00e0 la Seizi\u00e8me Assembl\u00e9e G\u00e9n\u00e9rale Ordinaire du Synode au Vatican en octobre 2024.&nbsp;<\/p>\n\n\n\n<p>En tant que secr\u00e9taire de la CMM pour les relations \u0153cum\u00e9niques depuis 2023, Anne-Cathy Graber a repr\u00e9sent\u00e9 la Conf\u00e9rence Mennonite Mondiale \u00e0 cet \u00e9v\u00e9nement qui dura un mois et qui comptait 16\u202f\u00ab\u2009d\u00e9l\u00e9gu\u00e9s fraternels\u2009\u00bb repr\u00e9sentant d\u2019autres \u00e9glises et communaut\u00e9s chr\u00e9tiennes, 8\u202fprotestantes et 8\u202forthodoxes.&nbsp;<\/p>\n\n\n\n<p>Anne-Cathy Graber est pasteure mennonite itin\u00e9rante, th\u00e9ologienne et co-directrice de la Chaire de Th\u00e9ologie \u0152cum\u00e9nique \u00e0 la Facult\u00e9 Loyola Paris. Elle fait partie de la Commission Foi et Vie de la CMM. En outre, elle a repr\u00e9sent\u00e9 les anabaptistes au Comit\u00e9 du Forum Chr\u00e9tien Mondial, dans la Commission Foi et Constitution du Conseil \u0152cum\u00e9nique des \u00c9glises (2014-2022), dans le dialogue bilat\u00e9ral entre la CMM et l\u2019\u00c9glise r\u00e9form\u00e9e. Elle est \u00e9galement s\u0153ur consacr\u00e9e au Chemin Neuf, une communaut\u00e9 catholique \u00e0 vocation \u0153cum\u00e9nique.\u202f&nbsp;<\/p>\n\n\n\n<p>Le sujet \u00e9tait la \u00ab\u2009synodalit\u00e9\u2009\u00bb, qui n\u2019est pas le mot que nous utilisons dans les \u00e9glises anabaptistes, dit Anne-Cathy Graber, \u00ab\u2009mais la r\u00e9alit\u00e9 est vraiment \u00e0 l\u2019int\u00e9rieur de nos \u00e9glises\u2009\u00bb. La CMM utilise souvent un autre mot th\u00e9ologique peu accessible, la <em>koinonia<\/em>.&nbsp;<\/p>\n\n\n\n<h2 class=\"wp-block-heading\">\u00c9galit\u00e9 et dignit\u00e9\u202f&nbsp;<\/h2>\n\n\n\n<p>\u00ab\u2009J\u2019ai \u00e9t\u00e9 \u00e9tonn\u00e9e que la CMM soit invit\u00e9e\u2009\u00bb, dit-elle, car la CMM est une si petite \u00e9glise par rapport aux autres communions. \u00ab\u2009Cela montre bien la place accord\u00e9e aux plus minoritaires\u2009\u00bb.&nbsp;<\/p>\n\n\n\n<figure class=\"wp-block-pullquote\"><blockquote><p>\u00ab\u2009En Christ, nous sommes le m\u00eame corps, nous sommes \u00e9gaux.\u2009\u00bb\u00a0<\/p><\/blockquote><\/figure>\n\n\n\n<p>L\u2019accueil des d\u00e9l\u00e9gu\u00e9s fraternels a \u00e9t\u00e9 un gage de confiance, dit Anne-Cathy Graber, car les d\u00e9l\u00e9gu\u00e9s fraternels \u00ab\u2009ont \u00e9cout\u00e9 chaque mot\u2009; nous avons parfois \u00e9t\u00e9 t\u00e9moins de diff\u00e9rences entre \u00e9v\u00eaques\u2009\u00bb.&nbsp;<\/p>\n\n\n\n<p>Autre signe d\u2019\u00e9galit\u00e9 et de dignit\u00e9, les d\u00e9l\u00e9gu\u00e9s fraternels avaient la possibilit\u00e9 de s\u2019exprimer au m\u00eame titre qu\u2019un cardinal ou un \u00e9v\u00eaque. \u00ab\u2009Il \u00e9tait possible \u2014 en fait, c\u2019est ce qu\u2019ils attendaient \u2014 que je puisse poser mes propres questions, exprimer mes h\u00e9sitations et partager mes propres surprises\u2009\u00bb.&nbsp;<\/p>\n\n\n\n<p>Tout au long du processus, l\u2019\u00e9coute mutuelle et le partage des t\u00e9moignages ont \u00e9t\u00e9 privil\u00e9gi\u00e9s. \u00ab\u202fNous pouvions \u00e9couter les difficult\u00e9s des autres\u2009\u00bb, dit-elle. En particulier, lorsque les responsables du Moyen-Orient ont pris la parole, \u00ab\u2009nous partageons leur souffrance. Je suis tr\u00e8s loin de leur liturgie, mais nous sommes tr\u00e8s proches dans le Christ.\u202f\u00bb&nbsp;<\/p>\n\n\n\n<p>Le processus a \u00e9t\u00e9 exigeant et a pris beaucoup de temps, mais il a permis de nombreuses \u00e9tapes pour ces conversations dans l\u2019Esprit, dit-elle.\u202f&nbsp;<\/p>\n\n\n\n<h2 class=\"wp-block-heading\">Une conversion est n\u00e9cessaire&nbsp;<\/h2>\n\n\n\n<p>Les participants ont d\u00e9battu d\u2019une question qui se pose aussi \u00e0 la CMM\u202f: \u00ab\u202fComment \u00e9viter l\u2019uniformit\u00e9 et vivre une unit\u00e9 qui int\u00e8gre la diff\u00e9rence\u2009?\u202f\u00bb&nbsp;<\/p>\n\n\n\n<p>Une r\u00e9ponse a \u00e9t\u00e9 donn\u00e9e et r\u00e9p\u00e9t\u00e9e\u202f: \u00ab\u202fIl n\u2019est pas possible de vivre la synodalit\u00e9 sans conversion\u202f\u00bb, dit Anne-Cathy Graber. \u00ab\u202fIl faut convertir notre logique, nos fa\u00e7ons de faire, nos fa\u00e7ons de r\u00e9fl\u00e9chir\u202f\u00bb.\u202f&nbsp;<\/p>\n\n\n\n<p>Le synode a \u00e9t\u00e9 pr\u00e9c\u00e9d\u00e9 de deux jours de retraite silencieuse. Au cours de cette p\u00e9riode de pri\u00e8re de repentance, \u00ab\u202fnous avons demand\u00e9 pardon pour les p\u00e9ch\u00e9s commis contre les femmes, contre la cr\u00e9ation, contre les migrants\u202f\u00bb. Cela a \u00e9t\u00e9 la marque d\u2019une \u00c9glise qui entend les appels du monde et admet ses propres faiblesses.&nbsp;<\/p>\n\n\n\n<p>\u00c0 la fin du mois de rassemblement, le synode a produit un document pour le magist\u00e8re sur la synodalit\u00e9. Une fois de plus, les d\u00e9l\u00e9gu\u00e9s fraternels ont \u00e9t\u00e9 invit\u00e9s \u00e0 proposer des amendements.\u202f&nbsp;<\/p>\n\n\n\n<p>Il faudra du temps pour que le document soit re\u00e7u dans la pratique partout dans le monde. \u00ab\u202fC\u2019est n\u00e9cessaire\u202f\u00bb, affirme Anne-Cathy Graber. \u00ab\u202fQuand quelque chose est important, vraiment fondamental, cela prend du temps\u202f\u00bb.&nbsp;<\/p>\n\n\n\n<p>L\u2019exp\u00e9rience a renouvel\u00e9 son engagement en faveur de l\u2019\u0153cum\u00e9nisme\u202f: \u00ab\u202fC\u2019\u00e9tait comme une parabole\u202f: pour \u00eatre vraiment l\u2019\u00c9glise, nous avons besoin les uns des autres.\u202f\u00bb&nbsp;<\/p>\n\n\n\n<p>M\u00eame dans ce processus tr\u00e8s structur\u00e9 et formel, \u00ab\u202fj\u2019ai vu comment l\u2019Esprit Saint peut travailler dans les questions institutionnelles. Nous ne pouvons pas arr\u00eater le travail de l\u2019Esprit.\u202f\u00bb&nbsp;<\/p>\n\n\n\n<div class=\"wp-block-buttons is-layout-flex wp-block-buttons-is-layout-flex\">\n<div class=\"wp-block-button\"><a class=\"wp-block-button__link wp-element-button\">En savoir plus  <\/a><\/div>\n<\/div>\n\n\n\n<ul class=\"wp-block-list\">\n<li><a href=\"https:\/\/globalchristianforum.org\/ecumenism-as-ministry-during-covid-19-and-always-anne-cathy-graber-in-france\/\">Ecumenism as Ministry (during COVID-19, and always) \u2013 Anne-Cathy Graber in France<\/a><\/li>\n\n\n\n<li><a href=\"https:\/\/www.vaticannews.va\/en\/vatican-city\/news\/2024-10\/synodality-a-conversion-aimed-at-becoming-more-missionary.html\">Synodality: A conversion aimed at becoming more missionary<\/a><\/li>\n<\/ul>\n\n\n\n<p><\/p>\n","protected":false},"excerpt":{"rendered":"<p>\u00ab\u2009Il a fallu prendre son courage \u00e0 deux mains\u202f: c\u2019est un autre monde, un autre vocabulaire, une autre fa\u00e7on de penser. Comment apporter mes propres questions et \u00eatre une invit\u00e9e respectueuse tout en \u00e9tant pleinement mennonite\u2009?\u2009\u00bb Anne-Cathy Graber s\u2019est pos\u00e9 ces questions en recevant une invitation \u00e0 participer \u00e0 la Seizi\u00e8me Assembl\u00e9e G\u00e9n\u00e9rale Ordinaire du [&hellip;]<\/p>\n","protected":false},"author":8,"featured_media":108054,"comment_status":"closed","ping_status":"closed","sticky":false,"template":"","format":"standard","meta":{"_acf_changed":false,"footnotes":""},"categories":[7,1],"tags":[878,888,887,420,218,415,421,422],"network":[],"eventcategory":[],"class_list":["post-108066","post","type-post","status-publish","format-standard","has-post-thumbnail","hentry","category-non-classifiee","category-uncategorized","tag-catholic","tag-catholique","tag-commission-foi-et-vie","tag-ecumenism-fr","tag-faith-life-commission","tag-faith-life","tag-theology-fr","tag-unity-fr"],"acf":[],"yoast_head":"<!-- This site is optimized with the Yoast SEO plugin v27.2 - https:\/\/yoast.com\/product\/yoast-seo-wordpress\/ -->\n<title>Le Saint-Esprit \u00e0 l\u2019\u0153uvre dans le synode catholique - Mennonite World Conference<\/title>\n<meta name=\"robots\" content=\"index, follow, max-snippet:-1, max-image-preview:large, max-video-preview:-1\" \/>\n<link rel=\"canonical\" href=\"https:\/\/mwc-cmm.org\/fr\/stories\/le-saint-esprit-a-loeuvre-dans-le-synode-catholique\/\" \/>\n<meta property=\"og:locale\" content=\"fr_FR\" \/>\n<meta property=\"og:type\" content=\"article\" \/>\n<meta property=\"og:title\" content=\"Le Saint-Esprit \u00e0 l\u2019\u0153uvre dans le synode catholique - Mennonite World Conference\" \/>\n<meta property=\"og:description\" content=\"\u00ab\u2009Il a fallu prendre son courage \u00e0 deux mains\u202f: c\u2019est un autre monde, un autre vocabulaire, une autre fa\u00e7on de penser. Comment apporter mes propres questions et \u00eatre une invit\u00e9e respectueuse tout en \u00e9tant pleinement mennonite\u2009?\u2009\u00bb Anne-Cathy Graber s\u2019est pos\u00e9 ces questions en recevant une invitation \u00e0 participer \u00e0 la Seizi\u00e8me Assembl\u00e9e G\u00e9n\u00e9rale Ordinaire du [&hellip;]\" \/>\n<meta property=\"og:url\" content=\"https:\/\/mwc-cmm.org\/fr\/stories\/le-saint-esprit-a-loeuvre-dans-le-synode-catholique\/\" \/>\n<meta property=\"og:site_name\" content=\"Mennonite World Conference\" \/>\n<meta property=\"article:publisher\" content=\"https:\/\/www.facebook.com\/MennoniteWorldConference\" \/>\n<meta property=\"article:published_time\" content=\"2024-12-19T22:07:19+00:00\" \/>\n<meta property=\"article:modified_time\" content=\"2024-12-19T22:07:20+00:00\" \/>\n<meta property=\"og:image\" content=\"https:\/\/mwc-cmm.org\/wp-content\/uploads\/2024\/12\/Anne-CathyGraber2024-scaled.jpg\" \/>\n\t<meta property=\"og:image:width\" content=\"2560\" \/>\n\t<meta property=\"og:image:height\" content=\"2048\" \/>\n\t<meta property=\"og:image:type\" content=\"image\/jpeg\" \/>\n<meta name=\"author\" content=\"Stephanie Setiawan\" \/>\n<script type=\"application\/ld+json\" class=\"yoast-schema-graph\">{\"@context\":\"https:\/\/schema.org\",\"@graph\":[{\"@type\":\"Article\",\"@id\":\"https:\/\/mwc-cmm.org\/fr\/stories\/le-saint-esprit-a-loeuvre-dans-le-synode-catholique\/#article\",\"isPartOf\":{\"@id\":\"https:\/\/mwc-cmm.org\/fr\/stories\/le-saint-esprit-a-loeuvre-dans-le-synode-catholique\/\"},\"author\":{\"name\":\"Stephanie Setiawan\",\"@id\":\"https:\/\/mwc-cmm.org\/en\/#\/schema\/person\/00b62ed8ea1527254a44f3ace3aee79d\"},\"headline\":\"Le Saint-Esprit \u00e0 l\u2019\u0153uvre dans le synode catholique\",\"datePublished\":\"2024-12-19T22:07:19+00:00\",\"dateModified\":\"2024-12-19T22:07:20+00:00\",\"mainEntityOfPage\":{\"@id\":\"https:\/\/mwc-cmm.org\/fr\/stories\/le-saint-esprit-a-loeuvre-dans-le-synode-catholique\/\"},\"wordCount\":810,\"publisher\":{\"@id\":\"https:\/\/mwc-cmm.org\/en\/#organization\"},\"image\":{\"@id\":\"https:\/\/mwc-cmm.org\/fr\/stories\/le-saint-esprit-a-loeuvre-dans-le-synode-catholique\/#primaryimage\"},\"thumbnailUrl\":\"https:\/\/mwc-cmm.org\/wp-content\/uploads\/2024\/12\/Anne-CathyGraber2024-scaled.jpg\",\"keywords\":[\"Catholic\",\"Catholique\",\"Commission Foi et Vie\",\"ecumenism\",\"Faith &amp; Life Commission\",\"Faith &amp; Life Commission\",\"theology\",\"unity\"],\"articleSection\":[\"Non classifi\u00e9(e)\",\"Uncategorized\"],\"inLanguage\":\"fr-FR\"},{\"@type\":\"WebPage\",\"@id\":\"https:\/\/mwc-cmm.org\/fr\/stories\/le-saint-esprit-a-loeuvre-dans-le-synode-catholique\/\",\"url\":\"https:\/\/mwc-cmm.org\/fr\/stories\/le-saint-esprit-a-loeuvre-dans-le-synode-catholique\/\",\"name\":\"Le Saint-Esprit \u00e0 l\u2019\u0153uvre dans le synode catholique - Mennonite World Conference\",\"isPartOf\":{\"@id\":\"https:\/\/mwc-cmm.org\/en\/#website\"},\"primaryImageOfPage\":{\"@id\":\"https:\/\/mwc-cmm.org\/fr\/stories\/le-saint-esprit-a-loeuvre-dans-le-synode-catholique\/#primaryimage\"},\"image\":{\"@id\":\"https:\/\/mwc-cmm.org\/fr\/stories\/le-saint-esprit-a-loeuvre-dans-le-synode-catholique\/#primaryimage\"},\"thumbnailUrl\":\"https:\/\/mwc-cmm.org\/wp-content\/uploads\/2024\/12\/Anne-CathyGraber2024-scaled.jpg\",\"datePublished\":\"2024-12-19T22:07:19+00:00\",\"dateModified\":\"2024-12-19T22:07:20+00:00\",\"breadcrumb\":{\"@id\":\"https:\/\/mwc-cmm.org\/fr\/stories\/le-saint-esprit-a-loeuvre-dans-le-synode-catholique\/#breadcrumb\"},\"inLanguage\":\"fr-FR\",\"potentialAction\":[{\"@type\":\"ReadAction\",\"target\":[\"https:\/\/mwc-cmm.org\/fr\/stories\/le-saint-esprit-a-loeuvre-dans-le-synode-catholique\/\"]}]},{\"@type\":\"ImageObject\",\"inLanguage\":\"fr-FR\",\"@id\":\"https:\/\/mwc-cmm.org\/fr\/stories\/le-saint-esprit-a-loeuvre-dans-le-synode-catholique\/#primaryimage\",\"url\":\"https:\/\/mwc-cmm.org\/wp-content\/uploads\/2024\/12\/Anne-CathyGraber2024-scaled.jpg\",\"contentUrl\":\"https:\/\/mwc-cmm.org\/wp-content\/uploads\/2024\/12\/Anne-CathyGraber2024-scaled.jpg\",\"width\":2560,\"height\":2048},{\"@type\":\"BreadcrumbList\",\"@id\":\"https:\/\/mwc-cmm.org\/fr\/stories\/le-saint-esprit-a-loeuvre-dans-le-synode-catholique\/#breadcrumb\",\"itemListElement\":[{\"@type\":\"ListItem\",\"position\":1,\"name\":\"Home\",\"item\":\"https:\/\/mwc-cmm.org\/fr\/\"},{\"@type\":\"ListItem\",\"position\":2,\"name\":\"Le Saint-Esprit \u00e0 l\u2019\u0153uvre dans le synode catholique\"}]},{\"@type\":\"WebSite\",\"@id\":\"https:\/\/mwc-cmm.org\/en\/#website\",\"url\":\"https:\/\/mwc-cmm.org\/en\/\",\"name\":\"Mennonite World Conference\",\"description\":\"A communion of Anabaptist-related churches\",\"publisher\":{\"@id\":\"https:\/\/mwc-cmm.org\/en\/#organization\"},\"alternateName\":\"MWC\",\"potentialAction\":[{\"@type\":\"SearchAction\",\"target\":{\"@type\":\"EntryPoint\",\"urlTemplate\":\"https:\/\/mwc-cmm.org\/en\/?s={search_term_string}\"},\"query-input\":{\"@type\":\"PropertyValueSpecification\",\"valueRequired\":true,\"valueName\":\"search_term_string\"}}],\"inLanguage\":\"fr-FR\"},{\"@type\":\"Organization\",\"@id\":\"https:\/\/mwc-cmm.org\/en\/#organization\",\"name\":\"Mennonite World Conference\",\"alternateName\":\"MWC\",\"url\":\"https:\/\/mwc-cmm.org\/en\/\",\"logo\":{\"@type\":\"ImageObject\",\"inLanguage\":\"fr-FR\",\"@id\":\"https:\/\/mwc-cmm.org\/en\/#\/schema\/logo\/image\/\",\"url\":\"https:\/\/mwc-cmm.org\/wp-content\/uploads\/2026\/01\/MWC_Sig_Blue_Horiz_webheader1-logo.svg\",\"contentUrl\":\"https:\/\/mwc-cmm.org\/wp-content\/uploads\/2026\/01\/MWC_Sig_Blue_Horiz_webheader1-logo.svg\",\"width\":786,\"height\":82,\"caption\":\"Mennonite World Conference\"},\"image\":{\"@id\":\"https:\/\/mwc-cmm.org\/en\/#\/schema\/logo\/image\/\"},\"sameAs\":[\"https:\/\/www.facebook.com\/MennoniteWorldConference\",\"https:\/\/www.linkedin.com\/company\/mennonite-world-conference-mwc\/\",\"https:\/\/www.instagram.com\/mwcmm\/\",\"https:\/\/www.youtube.com\/user\/mwccmm\",\"https:\/\/bsky.app\/profile\/mwcmm.bsky.social\"]},{\"@type\":\"Person\",\"@id\":\"https:\/\/mwc-cmm.org\/en\/#\/schema\/person\/00b62ed8ea1527254a44f3ace3aee79d\",\"name\":\"Stephanie Setiawan\",\"image\":{\"@type\":\"ImageObject\",\"inLanguage\":\"fr-FR\",\"@id\":\"https:\/\/secure.gravatar.com\/avatar\/71b4b62cf3d0cfb4c8a367a101127ba8adfa1c22417900980ea24f5f4457a76d?s=96&d=mm&r=g\",\"url\":\"https:\/\/secure.gravatar.com\/avatar\/71b4b62cf3d0cfb4c8a367a101127ba8adfa1c22417900980ea24f5f4457a76d?s=96&d=mm&r=g\",\"contentUrl\":\"https:\/\/secure.gravatar.com\/avatar\/71b4b62cf3d0cfb4c8a367a101127ba8adfa1c22417900980ea24f5f4457a76d?s=96&d=mm&r=g\",\"caption\":\"Stephanie Setiawan\"},\"url\":\"https:\/\/mwc-cmm.org\/fr\/stories\/author\/stephanie\/\"}]}<\/script>\n<!-- \/ Yoast SEO plugin. -->","yoast_head_json":{"title":"Le Saint-Esprit \u00e0 l\u2019\u0153uvre dans le synode catholique - Mennonite World Conference","robots":{"index":"index","follow":"follow","max-snippet":"max-snippet:-1","max-image-preview":"max-image-preview:large","max-video-preview":"max-video-preview:-1"},"canonical":"https:\/\/mwc-cmm.org\/fr\/stories\/le-saint-esprit-a-loeuvre-dans-le-synode-catholique\/","og_locale":"fr_FR","og_type":"article","og_title":"Le Saint-Esprit \u00e0 l\u2019\u0153uvre dans le synode catholique - Mennonite World Conference","og_description":"\u00ab\u2009Il a fallu prendre son courage \u00e0 deux mains\u202f: c\u2019est un autre monde, un autre vocabulaire, une autre fa\u00e7on de penser. Comment apporter mes propres questions et \u00eatre une invit\u00e9e respectueuse tout en \u00e9tant pleinement mennonite\u2009?\u2009\u00bb Anne-Cathy Graber s\u2019est pos\u00e9 ces questions en recevant une invitation \u00e0 participer \u00e0 la Seizi\u00e8me Assembl\u00e9e G\u00e9n\u00e9rale Ordinaire du [&hellip;]","og_url":"https:\/\/mwc-cmm.org\/fr\/stories\/le-saint-esprit-a-loeuvre-dans-le-synode-catholique\/","og_site_name":"Mennonite World Conference","article_publisher":"https:\/\/www.facebook.com\/MennoniteWorldConference","article_published_time":"2024-12-19T22:07:19+00:00","article_modified_time":"2024-12-19T22:07:20+00:00","og_image":[{"width":2560,"height":2048,"url":"https:\/\/mwc-cmm.org\/wp-content\/uploads\/2024\/12\/Anne-CathyGraber2024-scaled.jpg","type":"image\/jpeg"}],"author":"Stephanie Setiawan","schema":{"@context":"https:\/\/schema.org","@graph":[{"@type":"Article","@id":"https:\/\/mwc-cmm.org\/fr\/stories\/le-saint-esprit-a-loeuvre-dans-le-synode-catholique\/#article","isPartOf":{"@id":"https:\/\/mwc-cmm.org\/fr\/stories\/le-saint-esprit-a-loeuvre-dans-le-synode-catholique\/"},"author":{"name":"Stephanie Setiawan","@id":"https:\/\/mwc-cmm.org\/en\/#\/schema\/person\/00b62ed8ea1527254a44f3ace3aee79d"},"headline":"Le Saint-Esprit \u00e0 l\u2019\u0153uvre dans le synode catholique","datePublished":"2024-12-19T22:07:19+00:00","dateModified":"2024-12-19T22:07:20+00:00","mainEntityOfPage":{"@id":"https:\/\/mwc-cmm.org\/fr\/stories\/le-saint-esprit-a-loeuvre-dans-le-synode-catholique\/"},"wordCount":810,"publisher":{"@id":"https:\/\/mwc-cmm.org\/en\/#organization"},"image":{"@id":"https:\/\/mwc-cmm.org\/fr\/stories\/le-saint-esprit-a-loeuvre-dans-le-synode-catholique\/#primaryimage"},"thumbnailUrl":"https:\/\/mwc-cmm.org\/wp-content\/uploads\/2024\/12\/Anne-CathyGraber2024-scaled.jpg","keywords":["Catholic","Catholique","Commission Foi et Vie","ecumenism","Faith &amp; Life Commission","Faith &amp; Life Commission","theology","unity"],"articleSection":["Non classifi\u00e9(e)","Uncategorized"],"inLanguage":"fr-FR"},{"@type":"WebPage","@id":"https:\/\/mwc-cmm.org\/fr\/stories\/le-saint-esprit-a-loeuvre-dans-le-synode-catholique\/","url":"https:\/\/mwc-cmm.org\/fr\/stories\/le-saint-esprit-a-loeuvre-dans-le-synode-catholique\/","name":"Le Saint-Esprit \u00e0 l\u2019\u0153uvre dans le synode catholique - Mennonite World Conference","isPartOf":{"@id":"https:\/\/mwc-cmm.org\/en\/#website"},"primaryImageOfPage":{"@id":"https:\/\/mwc-cmm.org\/fr\/stories\/le-saint-esprit-a-loeuvre-dans-le-synode-catholique\/#primaryimage"},"image":{"@id":"https:\/\/mwc-cmm.org\/fr\/stories\/le-saint-esprit-a-loeuvre-dans-le-synode-catholique\/#primaryimage"},"thumbnailUrl":"https:\/\/mwc-cmm.org\/wp-content\/uploads\/2024\/12\/Anne-CathyGraber2024-scaled.jpg","datePublished":"2024-12-19T22:07:19+00:00","dateModified":"2024-12-19T22:07:20+00:00","breadcrumb":{"@id":"https:\/\/mwc-cmm.org\/fr\/stories\/le-saint-esprit-a-loeuvre-dans-le-synode-catholique\/#breadcrumb"},"inLanguage":"fr-FR","potentialAction":[{"@type":"ReadAction","target":["https:\/\/mwc-cmm.org\/fr\/stories\/le-saint-esprit-a-loeuvre-dans-le-synode-catholique\/"]}]},{"@type":"ImageObject","inLanguage":"fr-FR","@id":"https:\/\/mwc-cmm.org\/fr\/stories\/le-saint-esprit-a-loeuvre-dans-le-synode-catholique\/#primaryimage","url":"https:\/\/mwc-cmm.org\/wp-content\/uploads\/2024\/12\/Anne-CathyGraber2024-scaled.jpg","contentUrl":"https:\/\/mwc-cmm.org\/wp-content\/uploads\/2024\/12\/Anne-CathyGraber2024-scaled.jpg","width":2560,"height":2048},{"@type":"BreadcrumbList","@id":"https:\/\/mwc-cmm.org\/fr\/stories\/le-saint-esprit-a-loeuvre-dans-le-synode-catholique\/#breadcrumb","itemListElement":[{"@type":"ListItem","position":1,"name":"Home","item":"https:\/\/mwc-cmm.org\/fr\/"},{"@type":"ListItem","position":2,"name":"Le Saint-Esprit \u00e0 l\u2019\u0153uvre dans le synode catholique"}]},{"@type":"WebSite","@id":"https:\/\/mwc-cmm.org\/en\/#website","url":"https:\/\/mwc-cmm.org\/en\/","name":"Mennonite World Conference","description":"A communion of Anabaptist-related churches","publisher":{"@id":"https:\/\/mwc-cmm.org\/en\/#organization"},"alternateName":"MWC","potentialAction":[{"@type":"SearchAction","target":{"@type":"EntryPoint","urlTemplate":"https:\/\/mwc-cmm.org\/en\/?s={search_term_string}"},"query-input":{"@type":"PropertyValueSpecification","valueRequired":true,"valueName":"search_term_string"}}],"inLanguage":"fr-FR"},{"@type":"Organization","@id":"https:\/\/mwc-cmm.org\/en\/#organization","name":"Mennonite World Conference","alternateName":"MWC","url":"https:\/\/mwc-cmm.org\/en\/","logo":{"@type":"ImageObject","inLanguage":"fr-FR","@id":"https:\/\/mwc-cmm.org\/en\/#\/schema\/logo\/image\/","url":"https:\/\/mwc-cmm.org\/wp-content\/uploads\/2026\/01\/MWC_Sig_Blue_Horiz_webheader1-logo.svg","contentUrl":"https:\/\/mwc-cmm.org\/wp-content\/uploads\/2026\/01\/MWC_Sig_Blue_Horiz_webheader1-logo.svg","width":786,"height":82,"caption":"Mennonite World Conference"},"image":{"@id":"https:\/\/mwc-cmm.org\/en\/#\/schema\/logo\/image\/"},"sameAs":["https:\/\/www.facebook.com\/MennoniteWorldConference","https:\/\/www.linkedin.com\/company\/mennonite-world-conference-mwc\/","https:\/\/www.instagram.com\/mwcmm\/","https:\/\/www.youtube.com\/user\/mwccmm","https:\/\/bsky.app\/profile\/mwcmm.bsky.social"]},{"@type":"Person","@id":"https:\/\/mwc-cmm.org\/en\/#\/schema\/person\/00b62ed8ea1527254a44f3ace3aee79d","name":"Stephanie Setiawan","image":{"@type":"ImageObject","inLanguage":"fr-FR","@id":"https:\/\/secure.gravatar.com\/avatar\/71b4b62cf3d0cfb4c8a367a101127ba8adfa1c22417900980ea24f5f4457a76d?s=96&d=mm&r=g","url":"https:\/\/secure.gravatar.com\/avatar\/71b4b62cf3d0cfb4c8a367a101127ba8adfa1c22417900980ea24f5f4457a76d?s=96&d=mm&r=g","contentUrl":"https:\/\/secure.gravatar.com\/avatar\/71b4b62cf3d0cfb4c8a367a101127ba8adfa1c22417900980ea24f5f4457a76d?s=96&d=mm&r=g","caption":"Stephanie Setiawan"},"url":"https:\/\/mwc-cmm.org\/fr\/stories\/author\/stephanie\/"}]}},"_links":{"self":[{"href":"https:\/\/mwc-cmm.org\/fr\/wp-json\/wp\/v2\/posts\/108066","targetHints":{"allow":["GET"]}}],"collection":[{"href":"https:\/\/mwc-cmm.org\/fr\/wp-json\/wp\/v2\/posts"}],"about":[{"href":"https:\/\/mwc-cmm.org\/fr\/wp-json\/wp\/v2\/types\/post"}],"author":[{"embeddable":true,"href":"https:\/\/mwc-cmm.org\/fr\/wp-json\/wp\/v2\/users\/8"}],"replies":[{"embeddable":true,"href":"https:\/\/mwc-cmm.org\/fr\/wp-json\/wp\/v2\/comments?post=108066"}],"version-history":[{"count":0,"href":"https:\/\/mwc-cmm.org\/fr\/wp-json\/wp\/v2\/posts\/108066\/revisions"}],"wp:featuredmedia":[{"embeddable":true,"href":"https:\/\/mwc-cmm.org\/fr\/wp-json\/wp\/v2\/media\/108054"}],"wp:attachment":[{"href":"https:\/\/mwc-cmm.org\/fr\/wp-json\/wp\/v2\/media?parent=108066"}],"wp:term":[{"taxonomy":"category","embeddable":true,"href":"https:\/\/mwc-cmm.org\/fr\/wp-json\/wp\/v2\/categories?post=108066"},{"taxonomy":"post_tag","embeddable":true,"href":"https:\/\/mwc-cmm.org\/fr\/wp-json\/wp\/v2\/tags?post=108066"},{"taxonomy":"network","embeddable":true,"href":"https:\/\/mwc-cmm.org\/fr\/wp-json\/wp\/v2\/network?post=108066"},{"taxonomy":"eventcategory","embeddable":true,"href":"https:\/\/mwc-cmm.org\/fr\/wp-json\/wp\/v2\/eventcategory?post=108066"}],"curies":[{"name":"wp","href":"https:\/\/api.w.org\/{rel}","templated":true}]}}