{"id":107717,"date":"2024-11-22T03:32:00","date_gmt":"2024-11-22T03:32:00","guid":{"rendered":"https:\/\/mwc-cmm.org\/stories\/un-acte-pour-la-justice-un-geste-pour-lamour\/"},"modified":"2024-12-18T05:59:44","modified_gmt":"2024-12-18T05:59:44","slug":"un-acte-pour-la-justice-un-geste-pour-lamour","status":"publish","type":"post","link":"https:\/\/mwc-cmm.org\/fr\/stories\/un-acte-pour-la-justice-un-geste-pour-lamour\/","title":{"rendered":"Un acte pour la justice, un geste pour l&rsquo;amour"},"content":{"rendered":"\n<figure class=\"wp-block-table\"><table class=\"has-fixed-layout\"><tbody><tr><td><em><span class=\"TextRun SCXW97168703 BCX0\" lang=\"FR-FR\" xml:lang=\"FR-FR\" data-contrast=\"auto\"><span class=\"NormalTextRun SCXW97168703 BCX0\">L&rsquo;union fait la force<\/span>\u00a0<\/span><\/em><\/td><\/tr><\/tbody><\/table><\/figure>\n\n\n\n<p><span data-contrast=\"auto\">C&rsquo;est un adage qui revient souvent lorsque nous travaillons ensemble. Un \u00e9l\u00e9ment essentiel de notre identit\u00e9 en tant que Conf\u00e9rence Mennonite Mondiale est <\/span><i><span data-contrast=\"auto\">vivre l&rsquo;unit\u00e9<\/span><\/i><span data-contrast=\"auto\">, il est donc fondamental de mettre en commun nos efforts pour faire une diff\u00e9rence positive dans le monde.<\/span><\/p>\n\n\n\n<p><i><span data-contrast=\"auto\">Vivre l&rsquo;unit\u00e9<\/span><\/i><span data-contrast=\"auto\"> demande \u00e0 chacun d&rsquo;entre nous de partager avec les autres. Le programme Part \u00c9quitable de la CMM fonctionne sur ce principe (voir Part \u00c9quitable ci-dessous). Il insiste sur le fait que nous avons tous quelque chose \u00e0 partager, mais aussi sur la n\u00e9cessit\u00e9, pour que ce partage soit juste, de reconna\u00eetre nos diff\u00e9rentes situations tout autour de la plan\u00e8te.\u202f<\/span><span data-ccp-props=\"{}\">&nbsp;<\/span><\/p>\n\n\n\n<h2 class=\"wp-block-heading is-style-h4-style\"><strong><span class=\"TextRun SCXW161077368 BCX0\" lang=\"FR-FR\" xml:lang=\"FR-FR\" data-contrast=\"none\"><span class=\"NormalTextRun SCXW161077368 BCX0\" data-ccp-parastyle=\"heading 3\">Part \u00c9quitable<\/span><\/span><span class=\"EOP SCXW161077368 BCX0\" data-ccp-props=\"{&quot;134245418&quot;:true,&quot;134245529&quot;:true,&quot;335559738&quot;:160,&quot;335559739&quot;:80}\">&nbsp;<\/span><\/strong><\/h2>\n\n\n\n<p>La CMM compte 110 unions d&rsquo;\u00e9glises nationales dans 61 pays du monde entier. Sauf dans les situations les plus graves, comme en cas de guerre ouverte, toutes les \u00e9glises membres sont tenues de verser une contribution annuelle \u00e9quitable pour soutenir le travail essentiel de la CMM, car nous sommes li\u00e9s les uns aux autres au sein d&rsquo;une communaut\u00e9 mondiale de foi pour la communion fraternelle, le culte, le service et le t\u00e9moignage.\u202f <\/p>\n\n\n\n<p><span class=\"TextRun SCXW158646053 BCX0\" lang=\"FR-FR\" xml:lang=\"FR-FR\" data-contrast=\"auto\"><span class=\"NormalTextRun SCXW158646053 BCX0\">Le sentiment que <\/span><\/span><span class=\"TextRun SCXW158646053 BCX0\" lang=\"FR-FR\" xml:lang=\"FR-FR\" data-contrast=\"auto\"><span class=\"NormalTextRun SCXW158646053 BCX0\">nous partageons ce que nous avons<\/span><\/span><span class=\"TextRun SCXW158646053 BCX0\" lang=\"FR-FR\" xml:lang=\"FR-FR\" data-contrast=\"auto\"><span class=\"NormalTextRun SCXW158646053 BCX0\"> est significatif dans la plupart des r\u00e9gions du monde. Bien s\u00fbr, certains ont plus et d&rsquo;autres moins, mais ce qui est fondamental, c&rsquo;est que nous donnons tous \u00e0 partir de ce que nous avons. L&rsquo;histoire de l&rsquo;offrande de la veuve, racont\u00e9e par J\u00e9sus dans Marc 12, nous apprend que le don sacrificiel fait partie de l&rsquo;amour de Dieu.\u202f<\/span><\/span><span class=\"EOP SCXW158646053 BCX0\" data-ccp-props=\"{}\">&nbsp;<\/span><\/p>\n\n\n\n<p>Aujourd&rsquo;hui, environ 30 % des revenus annuels non affect\u00e9s de la CMM proviennent des contributions Part \u00c9quitable des unions \u00e9glises membres. Ces contributions sont essentielles \u00e0 l&rsquo;\u00e9panouissement de la CMM en tant que famille spirituelle anabaptiste mondiale.\u202f Dans notre communaut\u00e9 de foi, nous nous encourageons mutuellement par nos investissements dans l&rsquo;\u00e9dification de la communaut\u00e9 mondiale des \u00e9glises.\u202f&nbsp;<\/p>\n\n\n\n<h2 class=\"wp-block-heading is-style-h2-style\"><strong><span class=\"TextRun SCXW212729137 BCX0\" lang=\"FR-FR\" xml:lang=\"FR-FR\" data-contrast=\"none\"><span class=\"NormalTextRun SCXW212729137 BCX0\" data-ccp-parastyle=\"heading 3\">\u00catre les intendants de la famille spirituelle<\/span><\/span><span class=\"EOP SCXW212729137 BCX0\" data-ccp-props=\"{&quot;134245418&quot;:true,&quot;134245529&quot;:true,&quot;335559738&quot;:160,&quot;335559739&quot;:80}\">&nbsp;<\/span><\/strong><\/h2>\n\n\n\n<p>Nous avons demand\u00e9 \u00e0 plusieurs repr\u00e9sentants r\u00e9gionaux de r\u00e9fl\u00e9chir au sens qu&rsquo;ils donnent au travail de la CMM relatif \u00e0 la Part \u00c9quitable. Dans le monde entier, ces 13 personnes sont le visage de la CMM pour les unions \u00e9glises membres. Elles vivent dans 5 r\u00e9gions : Afrique, Asie, Europe, Am\u00e9rique Latine &amp; Cara\u00efbes et Am\u00e9rique du Nord. Ces responsables exp\u00e9riment\u00e9s aident \u00e0 interpr\u00e9ter les contextes r\u00e9gionaux pour le reste de la famille mondiale. Ils utilisent \u00e9galement leur sagesse contextuelle pour aider \u00e0 n\u00e9gocier la Part \u00c9quitable.\u202f <\/p>\n\n\n\n<div class=\"wp-block-group is-layout-grid wp-container-core-group-is-layout-478b6e6b wp-block-group-is-layout-grid\"><\/div>\n\n\n\n<p>Voici quelques-unes de leurs r\u00e9flexions sur la Part \u00c9quitable: <\/p>\n\n\n\n<figure class=\"wp-block-table\"><table class=\"has-fixed-layout\"><tbody><tr><td><span class=\"TextRun SCXW216736208 BCX0\" lang=\"FR-FR\" xml:lang=\"FR-FR\" data-contrast=\"auto\"><span class=\"NormalTextRun SCXW216736208 BCX0\">Siaka Traor\u00e9, qui vit au Burkina Faso et qui est la repr\u00e9sentante r\u00e9gionale de la CMM pour l&rsquo;Afrique de l&rsquo;Ouest, insiste sur le fait que la Part \u00c9quitable est un acte de justice, de collaboration et de communion. Siaka Traor\u00e9 consid\u00e8re qu&rsquo;il s&rsquo;agit d&rsquo;un acte de justice parce qu&rsquo;il est exig\u00e9 de tous les membres sans exception ethnique ou g\u00e9ographique. Pour faire partie de la communaut\u00e9, tous doivent y contribuer.<\/span>\u00a0<\/span><\/td><\/tr><\/tbody><\/table><\/figure>\n\n\n\n<figure class=\"wp-block-table\"><table class=\"has-fixed-layout\"><tbody><tr><td><span class=\"TextRun SCXW55822460 BCX0\" lang=\"FR-FR\" xml:lang=\"FR-FR\" data-contrast=\"auto\"><span class=\"NormalTextRun SpellingErrorV2Themed SCXW55822460 BCX0\">Willi Hugo P\u00e9rez, qui vit au Guatemala et qui est le repr\u00e9sentant r\u00e9gional de la CMM pour l&rsquo;Am\u00e9rique Centrale, consid\u00e8re l&rsquo;approche de Part \u00c9quitable de la CMM comme un geste<\/span><\/span> <span class=\"TextRun MacChromeBold SCXW55822460 BCX0\" lang=\"FR-FR\" xml:lang=\"FR-FR\" data-contrast=\"auto\"><span class=\"NormalTextRun SCXW55822460 BCX0\">d&rsquo;amour, de gratitude et d&rsquo;engagement. Willi Hugo P\u00e9rez voit la reconnaissance pour les dons g\u00e9n\u00e9reux, les joies et les b\u00e9n\u00e9dictions que nous recevons de Dieu par l&rsquo;interm\u00e9diaire de la famille bien-aim\u00e9e.<\/span>\u00a0<\/span><\/td><\/tr><\/tbody><\/table><\/figure>\n\n\n\n<figure class=\"wp-block-table\"><table class=\"has-fixed-layout\"><tbody><tr><td><span class=\"TextRun SCXW63200388 BCX0\" lang=\"FR-FR\" xml:lang=\"FR-FR\" data-contrast=\"auto\"><span class=\"NormalTextRun SCXW63200388 BCX0\">Jeremiah Choi, qui vit \u00e0 Hong Kong et qui est repr\u00e9sentant r\u00e9gional de la CMM pour l&rsquo;Asie du Nord-Est, observe les avantages pratiques de ces investissements annuels des unions d&rsquo;\u00e9glises membres de la CMM. Le soutien de la CMM permet aux d\u00e9l\u00e9gu\u00e9s des unions d&rsquo;\u00e9glises membres du monde entier de se r\u00e9unir et de se voir face \u00e0 face pour vivre ensemble l&rsquo;unit\u00e9.<\/span>\u00a0<\/span><\/td><\/tr><\/tbody><\/table><\/figure>\n\n\n\n<figure class=\"wp-block-table\"><table class=\"has-fixed-layout\"><tbody><tr><td><span class=\"TextRun SCXW115647454 BCX0\" lang=\"FR-FR\" xml:lang=\"FR-FR\" data-contrast=\"auto\"><span class=\"NormalTextRun SpellingErrorV2Themed SCXW115647454 BCX0\">Jumanne<\/span> <span class=\"NormalTextRun SpellingErrorV2Themed SCXW115647454 BCX0\">Magiri, qui vit en Tanzanie et qui est repr\u00e9sentant r\u00e9gional de la CMM pour l&rsquo;Afrique de l&rsquo;Est, consid\u00e8re la Part \u00c9quitable comme un devoir que nous avons tous en tant que membres de la famille anabaptiste mondiale. Le fait que nous contribuions tous ensemble est un indicateur de notre gestion et de notre action responsable en tant que membres de la famille spirituelle.<\/span>\u00a0<\/span><\/td><\/tr><\/tbody><\/table><\/figure>\n\n\n\n<p>En rejoignant la famille de la CMM, nous sommes tous appel\u00e9s \u00e0 nous investir pleinement pour enrichir la vie des autres. Comme dans nos familles, nous partageons l&rsquo;amour de diverses mani\u00e8res. Contribuer \u00e0 l&rsquo;\u00e9dification de la famille anabaptiste mondiale est un moyen puissant de \u00ab pr\u00eacher l&rsquo;\u00e9vangile \u00bb sans n\u00e9cessairement utiliser de mots. C&rsquo;est une occasion pour nous tous de faire notre part &#8211; notre juste part.\u202f <\/p>\n\n\n\n<p>Que Dieu continue \u00e0 b\u00e9nir le travail de nos mains. <\/p>\n\n\n\n<p><em><span class=\"TextRun SCXW152119139 BCX0\" lang=\"FR-FR\" xml:lang=\"FR-FR\" data-contrast=\"auto\"><span class=\"NormalTextRun SCXW152119139 BCX0\">\u2014<\/span><\/span> <span class=\"TextRun SCXW152119139 BCX0\" lang=\"FR-FR\" xml:lang=\"FR-FR\" data-contrast=\"auto\"><span class=\"NormalTextRun SCXW152119139 BCX0\">Bruce Campbell-<\/span><span class=\"NormalTextRun SpellingErrorV2Themed SCXW152119139 BCX0\">Janz<\/span><span class=\"NormalTextRun SCXW152119139 BCX0\"> est le responsable du d\u00e9veloppement de la CMM. Il a v\u00e9cu huit ans en R\u00e9publique D\u00e9mocratique du Congo dans le cadre d&rsquo;un service li\u00e9 \u00e0 l&rsquo;\u00c9glise et vit aujourd&rsquo;hui \u00e0 Lancaster (Pennsylvanie, \u00c9tats-Unis) avec sa femme Ann.<\/span><\/span><span class=\"EOP SCXW152119139 BCX0\" data-ccp-props=\"{}\">&nbsp;<\/span><\/em><\/p>\n\n\n\n<div class=\"wp-block-buttons is-layout-flex wp-block-buttons-is-layout-flex\">\n<div class=\"wp-block-button\"><a class=\"wp-block-button__link wp-element-button\" href=\"https:\/\/mwc-cmm.org\/en\/fair-share-contribution\/\">Contribute Fair Share<\/a><\/div>\n<\/div>\n\n\n\n<p><\/p>\n","protected":false},"excerpt":{"rendered":"<p>L&rsquo;union fait la force\u00a0 C&rsquo;est un adage qui revient souvent lorsque nous travaillons ensemble. Un \u00e9l\u00e9ment essentiel de notre identit\u00e9 en tant que Conf\u00e9rence Mennonite Mondiale est vivre l&rsquo;unit\u00e9, il est donc fondamental de mettre en commun nos efforts pour faire une diff\u00e9rence positive dans le monde. Vivre l&rsquo;unit\u00e9 demande \u00e0 chacun d&rsquo;entre nous de [&hellip;]<\/p>\n","protected":false},"author":8,"featured_media":107699,"comment_status":"closed","ping_status":"closed","sticky":false,"template":"","format":"standard","meta":{"_acf_changed":false,"footnotes":""},"categories":[7],"tags":[389,448,750,1118],"network":[],"eventcategory":[],"class_list":["post-107717","post","type-post","status-publish","format-standard","has-post-thumbnail","hentry","category-non-classifiee","tag-fair-share","tag-giving-fr","tag-part-equitable","tag-representants-regionaux"],"acf":[],"yoast_head":"<!-- This site is optimized with the Yoast SEO plugin v27.2 - https:\/\/yoast.com\/product\/yoast-seo-wordpress\/ -->\n<title>Un acte pour la justice, un geste pour l&#039;amour - Mennonite World Conference<\/title>\n<meta name=\"robots\" content=\"index, follow, max-snippet:-1, max-image-preview:large, max-video-preview:-1\" \/>\n<link rel=\"canonical\" href=\"https:\/\/mwc-cmm.org\/fr\/stories\/un-acte-pour-la-justice-un-geste-pour-lamour\/\" \/>\n<meta property=\"og:locale\" content=\"fr_FR\" \/>\n<meta property=\"og:type\" content=\"article\" \/>\n<meta property=\"og:title\" content=\"Un acte pour la justice, un geste pour l&#039;amour - Mennonite World Conference\" \/>\n<meta property=\"og:description\" content=\"L&rsquo;union fait la force\u00a0 C&rsquo;est un adage qui revient souvent lorsque nous travaillons ensemble. Un \u00e9l\u00e9ment essentiel de notre identit\u00e9 en tant que Conf\u00e9rence Mennonite Mondiale est vivre l&rsquo;unit\u00e9, il est donc fondamental de mettre en commun nos efforts pour faire une diff\u00e9rence positive dans le monde. Vivre l&rsquo;unit\u00e9 demande \u00e0 chacun d&rsquo;entre nous de [&hellip;]\" \/>\n<meta property=\"og:url\" content=\"https:\/\/mwc-cmm.org\/fr\/stories\/un-acte-pour-la-justice-un-geste-pour-lamour\/\" \/>\n<meta property=\"og:site_name\" content=\"Mennonite World Conference\" \/>\n<meta property=\"article:publisher\" content=\"https:\/\/www.facebook.com\/MennoniteWorldConference\" \/>\n<meta property=\"article:published_time\" content=\"2024-11-22T03:32:00+00:00\" \/>\n<meta property=\"article:modified_time\" content=\"2024-12-18T05:59:44+00:00\" \/>\n<meta property=\"og:image\" content=\"https:\/\/mwc-cmm.org\/wp-content\/uploads\/2024\/12\/20230330KarlaBraunIMG_0664-scaled.jpg\" \/>\n\t<meta property=\"og:image:width\" content=\"2560\" \/>\n\t<meta property=\"og:image:height\" content=\"1922\" \/>\n\t<meta property=\"og:image:type\" content=\"image\/jpeg\" \/>\n<meta name=\"author\" content=\"Stephanie Setiawan\" \/>\n<script type=\"application\/ld+json\" class=\"yoast-schema-graph\">{\"@context\":\"https:\/\/schema.org\",\"@graph\":[{\"@type\":\"Article\",\"@id\":\"https:\/\/mwc-cmm.org\/fr\/stories\/un-acte-pour-la-justice-un-geste-pour-lamour\/#article\",\"isPartOf\":{\"@id\":\"https:\/\/mwc-cmm.org\/fr\/stories\/un-acte-pour-la-justice-un-geste-pour-lamour\/\"},\"author\":{\"name\":\"Stephanie Setiawan\",\"@id\":\"https:\/\/mwc-cmm.org\/en\/#\/schema\/person\/00b62ed8ea1527254a44f3ace3aee79d\"},\"headline\":\"Un acte pour la justice, un geste pour l&rsquo;amour\",\"datePublished\":\"2024-11-22T03:32:00+00:00\",\"dateModified\":\"2024-12-18T05:59:44+00:00\",\"mainEntityOfPage\":{\"@id\":\"https:\/\/mwc-cmm.org\/fr\/stories\/un-acte-pour-la-justice-un-geste-pour-lamour\/\"},\"wordCount\":880,\"publisher\":{\"@id\":\"https:\/\/mwc-cmm.org\/en\/#organization\"},\"image\":{\"@id\":\"https:\/\/mwc-cmm.org\/fr\/stories\/un-acte-pour-la-justice-un-geste-pour-lamour\/#primaryimage\"},\"thumbnailUrl\":\"https:\/\/mwc-cmm.org\/wp-content\/uploads\/2024\/12\/20230330KarlaBraunIMG_0664-scaled.jpg\",\"keywords\":[\"Fair Share\",\"giving\",\"Part \u00e9quitable\",\"repr\u00e9sentants r\u00e9gionaux\"],\"articleSection\":[\"Non classifi\u00e9(e)\"],\"inLanguage\":\"fr-FR\"},{\"@type\":\"WebPage\",\"@id\":\"https:\/\/mwc-cmm.org\/fr\/stories\/un-acte-pour-la-justice-un-geste-pour-lamour\/\",\"url\":\"https:\/\/mwc-cmm.org\/fr\/stories\/un-acte-pour-la-justice-un-geste-pour-lamour\/\",\"name\":\"Un acte pour la justice, un geste pour l'amour - Mennonite World Conference\",\"isPartOf\":{\"@id\":\"https:\/\/mwc-cmm.org\/en\/#website\"},\"primaryImageOfPage\":{\"@id\":\"https:\/\/mwc-cmm.org\/fr\/stories\/un-acte-pour-la-justice-un-geste-pour-lamour\/#primaryimage\"},\"image\":{\"@id\":\"https:\/\/mwc-cmm.org\/fr\/stories\/un-acte-pour-la-justice-un-geste-pour-lamour\/#primaryimage\"},\"thumbnailUrl\":\"https:\/\/mwc-cmm.org\/wp-content\/uploads\/2024\/12\/20230330KarlaBraunIMG_0664-scaled.jpg\",\"datePublished\":\"2024-11-22T03:32:00+00:00\",\"dateModified\":\"2024-12-18T05:59:44+00:00\",\"breadcrumb\":{\"@id\":\"https:\/\/mwc-cmm.org\/fr\/stories\/un-acte-pour-la-justice-un-geste-pour-lamour\/#breadcrumb\"},\"inLanguage\":\"fr-FR\",\"potentialAction\":[{\"@type\":\"ReadAction\",\"target\":[\"https:\/\/mwc-cmm.org\/fr\/stories\/un-acte-pour-la-justice-un-geste-pour-lamour\/\"]}]},{\"@type\":\"ImageObject\",\"inLanguage\":\"fr-FR\",\"@id\":\"https:\/\/mwc-cmm.org\/fr\/stories\/un-acte-pour-la-justice-un-geste-pour-lamour\/#primaryimage\",\"url\":\"https:\/\/mwc-cmm.org\/wp-content\/uploads\/2024\/12\/20230330KarlaBraunIMG_0664-scaled.jpg\",\"contentUrl\":\"https:\/\/mwc-cmm.org\/wp-content\/uploads\/2024\/12\/20230330KarlaBraunIMG_0664-scaled.jpg\",\"width\":2560,\"height\":1922,\"caption\":\"Photo: Karla Braun\"},{\"@type\":\"BreadcrumbList\",\"@id\":\"https:\/\/mwc-cmm.org\/fr\/stories\/un-acte-pour-la-justice-un-geste-pour-lamour\/#breadcrumb\",\"itemListElement\":[{\"@type\":\"ListItem\",\"position\":1,\"name\":\"Home\",\"item\":\"https:\/\/mwc-cmm.org\/fr\/\"},{\"@type\":\"ListItem\",\"position\":2,\"name\":\"Un acte pour la justice, un geste pour l&rsquo;amour\"}]},{\"@type\":\"WebSite\",\"@id\":\"https:\/\/mwc-cmm.org\/en\/#website\",\"url\":\"https:\/\/mwc-cmm.org\/en\/\",\"name\":\"Mennonite World Conference\",\"description\":\"A communion of Anabaptist-related churches\",\"publisher\":{\"@id\":\"https:\/\/mwc-cmm.org\/en\/#organization\"},\"alternateName\":\"MWC\",\"potentialAction\":[{\"@type\":\"SearchAction\",\"target\":{\"@type\":\"EntryPoint\",\"urlTemplate\":\"https:\/\/mwc-cmm.org\/en\/?s={search_term_string}\"},\"query-input\":{\"@type\":\"PropertyValueSpecification\",\"valueRequired\":true,\"valueName\":\"search_term_string\"}}],\"inLanguage\":\"fr-FR\"},{\"@type\":\"Organization\",\"@id\":\"https:\/\/mwc-cmm.org\/en\/#organization\",\"name\":\"Mennonite World Conference\",\"alternateName\":\"MWC\",\"url\":\"https:\/\/mwc-cmm.org\/en\/\",\"logo\":{\"@type\":\"ImageObject\",\"inLanguage\":\"fr-FR\",\"@id\":\"https:\/\/mwc-cmm.org\/en\/#\/schema\/logo\/image\/\",\"url\":\"https:\/\/mwc-cmm.org\/wp-content\/uploads\/2026\/01\/MWC_Sig_Blue_Horiz_webheader1-logo.svg\",\"contentUrl\":\"https:\/\/mwc-cmm.org\/wp-content\/uploads\/2026\/01\/MWC_Sig_Blue_Horiz_webheader1-logo.svg\",\"width\":786,\"height\":82,\"caption\":\"Mennonite World Conference\"},\"image\":{\"@id\":\"https:\/\/mwc-cmm.org\/en\/#\/schema\/logo\/image\/\"},\"sameAs\":[\"https:\/\/www.facebook.com\/MennoniteWorldConference\",\"https:\/\/www.linkedin.com\/company\/mennonite-world-conference-mwc\/\",\"https:\/\/www.instagram.com\/mwcmm\/\",\"https:\/\/www.youtube.com\/user\/mwccmm\",\"https:\/\/bsky.app\/profile\/mwcmm.bsky.social\"]},{\"@type\":\"Person\",\"@id\":\"https:\/\/mwc-cmm.org\/en\/#\/schema\/person\/00b62ed8ea1527254a44f3ace3aee79d\",\"name\":\"Stephanie Setiawan\",\"image\":{\"@type\":\"ImageObject\",\"inLanguage\":\"fr-FR\",\"@id\":\"https:\/\/secure.gravatar.com\/avatar\/71b4b62cf3d0cfb4c8a367a101127ba8adfa1c22417900980ea24f5f4457a76d?s=96&d=mm&r=g\",\"url\":\"https:\/\/secure.gravatar.com\/avatar\/71b4b62cf3d0cfb4c8a367a101127ba8adfa1c22417900980ea24f5f4457a76d?s=96&d=mm&r=g\",\"contentUrl\":\"https:\/\/secure.gravatar.com\/avatar\/71b4b62cf3d0cfb4c8a367a101127ba8adfa1c22417900980ea24f5f4457a76d?s=96&d=mm&r=g\",\"caption\":\"Stephanie Setiawan\"},\"url\":\"https:\/\/mwc-cmm.org\/fr\/stories\/author\/stephanie\/\"}]}<\/script>\n<!-- \/ Yoast SEO plugin. -->","yoast_head_json":{"title":"Un acte pour la justice, un geste pour l'amour - Mennonite World Conference","robots":{"index":"index","follow":"follow","max-snippet":"max-snippet:-1","max-image-preview":"max-image-preview:large","max-video-preview":"max-video-preview:-1"},"canonical":"https:\/\/mwc-cmm.org\/fr\/stories\/un-acte-pour-la-justice-un-geste-pour-lamour\/","og_locale":"fr_FR","og_type":"article","og_title":"Un acte pour la justice, un geste pour l'amour - Mennonite World Conference","og_description":"L&rsquo;union fait la force\u00a0 C&rsquo;est un adage qui revient souvent lorsque nous travaillons ensemble. Un \u00e9l\u00e9ment essentiel de notre identit\u00e9 en tant que Conf\u00e9rence Mennonite Mondiale est vivre l&rsquo;unit\u00e9, il est donc fondamental de mettre en commun nos efforts pour faire une diff\u00e9rence positive dans le monde. Vivre l&rsquo;unit\u00e9 demande \u00e0 chacun d&rsquo;entre nous de [&hellip;]","og_url":"https:\/\/mwc-cmm.org\/fr\/stories\/un-acte-pour-la-justice-un-geste-pour-lamour\/","og_site_name":"Mennonite World Conference","article_publisher":"https:\/\/www.facebook.com\/MennoniteWorldConference","article_published_time":"2024-11-22T03:32:00+00:00","article_modified_time":"2024-12-18T05:59:44+00:00","og_image":[{"width":2560,"height":1922,"url":"https:\/\/mwc-cmm.org\/wp-content\/uploads\/2024\/12\/20230330KarlaBraunIMG_0664-scaled.jpg","type":"image\/jpeg"}],"author":"Stephanie Setiawan","schema":{"@context":"https:\/\/schema.org","@graph":[{"@type":"Article","@id":"https:\/\/mwc-cmm.org\/fr\/stories\/un-acte-pour-la-justice-un-geste-pour-lamour\/#article","isPartOf":{"@id":"https:\/\/mwc-cmm.org\/fr\/stories\/un-acte-pour-la-justice-un-geste-pour-lamour\/"},"author":{"name":"Stephanie Setiawan","@id":"https:\/\/mwc-cmm.org\/en\/#\/schema\/person\/00b62ed8ea1527254a44f3ace3aee79d"},"headline":"Un acte pour la justice, un geste pour l&rsquo;amour","datePublished":"2024-11-22T03:32:00+00:00","dateModified":"2024-12-18T05:59:44+00:00","mainEntityOfPage":{"@id":"https:\/\/mwc-cmm.org\/fr\/stories\/un-acte-pour-la-justice-un-geste-pour-lamour\/"},"wordCount":880,"publisher":{"@id":"https:\/\/mwc-cmm.org\/en\/#organization"},"image":{"@id":"https:\/\/mwc-cmm.org\/fr\/stories\/un-acte-pour-la-justice-un-geste-pour-lamour\/#primaryimage"},"thumbnailUrl":"https:\/\/mwc-cmm.org\/wp-content\/uploads\/2024\/12\/20230330KarlaBraunIMG_0664-scaled.jpg","keywords":["Fair Share","giving","Part \u00e9quitable","repr\u00e9sentants r\u00e9gionaux"],"articleSection":["Non classifi\u00e9(e)"],"inLanguage":"fr-FR"},{"@type":"WebPage","@id":"https:\/\/mwc-cmm.org\/fr\/stories\/un-acte-pour-la-justice-un-geste-pour-lamour\/","url":"https:\/\/mwc-cmm.org\/fr\/stories\/un-acte-pour-la-justice-un-geste-pour-lamour\/","name":"Un acte pour la justice, un geste pour l'amour - Mennonite World Conference","isPartOf":{"@id":"https:\/\/mwc-cmm.org\/en\/#website"},"primaryImageOfPage":{"@id":"https:\/\/mwc-cmm.org\/fr\/stories\/un-acte-pour-la-justice-un-geste-pour-lamour\/#primaryimage"},"image":{"@id":"https:\/\/mwc-cmm.org\/fr\/stories\/un-acte-pour-la-justice-un-geste-pour-lamour\/#primaryimage"},"thumbnailUrl":"https:\/\/mwc-cmm.org\/wp-content\/uploads\/2024\/12\/20230330KarlaBraunIMG_0664-scaled.jpg","datePublished":"2024-11-22T03:32:00+00:00","dateModified":"2024-12-18T05:59:44+00:00","breadcrumb":{"@id":"https:\/\/mwc-cmm.org\/fr\/stories\/un-acte-pour-la-justice-un-geste-pour-lamour\/#breadcrumb"},"inLanguage":"fr-FR","potentialAction":[{"@type":"ReadAction","target":["https:\/\/mwc-cmm.org\/fr\/stories\/un-acte-pour-la-justice-un-geste-pour-lamour\/"]}]},{"@type":"ImageObject","inLanguage":"fr-FR","@id":"https:\/\/mwc-cmm.org\/fr\/stories\/un-acte-pour-la-justice-un-geste-pour-lamour\/#primaryimage","url":"https:\/\/mwc-cmm.org\/wp-content\/uploads\/2024\/12\/20230330KarlaBraunIMG_0664-scaled.jpg","contentUrl":"https:\/\/mwc-cmm.org\/wp-content\/uploads\/2024\/12\/20230330KarlaBraunIMG_0664-scaled.jpg","width":2560,"height":1922,"caption":"Photo: Karla Braun"},{"@type":"BreadcrumbList","@id":"https:\/\/mwc-cmm.org\/fr\/stories\/un-acte-pour-la-justice-un-geste-pour-lamour\/#breadcrumb","itemListElement":[{"@type":"ListItem","position":1,"name":"Home","item":"https:\/\/mwc-cmm.org\/fr\/"},{"@type":"ListItem","position":2,"name":"Un acte pour la justice, un geste pour l&rsquo;amour"}]},{"@type":"WebSite","@id":"https:\/\/mwc-cmm.org\/en\/#website","url":"https:\/\/mwc-cmm.org\/en\/","name":"Mennonite World Conference","description":"A communion of Anabaptist-related churches","publisher":{"@id":"https:\/\/mwc-cmm.org\/en\/#organization"},"alternateName":"MWC","potentialAction":[{"@type":"SearchAction","target":{"@type":"EntryPoint","urlTemplate":"https:\/\/mwc-cmm.org\/en\/?s={search_term_string}"},"query-input":{"@type":"PropertyValueSpecification","valueRequired":true,"valueName":"search_term_string"}}],"inLanguage":"fr-FR"},{"@type":"Organization","@id":"https:\/\/mwc-cmm.org\/en\/#organization","name":"Mennonite World Conference","alternateName":"MWC","url":"https:\/\/mwc-cmm.org\/en\/","logo":{"@type":"ImageObject","inLanguage":"fr-FR","@id":"https:\/\/mwc-cmm.org\/en\/#\/schema\/logo\/image\/","url":"https:\/\/mwc-cmm.org\/wp-content\/uploads\/2026\/01\/MWC_Sig_Blue_Horiz_webheader1-logo.svg","contentUrl":"https:\/\/mwc-cmm.org\/wp-content\/uploads\/2026\/01\/MWC_Sig_Blue_Horiz_webheader1-logo.svg","width":786,"height":82,"caption":"Mennonite World Conference"},"image":{"@id":"https:\/\/mwc-cmm.org\/en\/#\/schema\/logo\/image\/"},"sameAs":["https:\/\/www.facebook.com\/MennoniteWorldConference","https:\/\/www.linkedin.com\/company\/mennonite-world-conference-mwc\/","https:\/\/www.instagram.com\/mwcmm\/","https:\/\/www.youtube.com\/user\/mwccmm","https:\/\/bsky.app\/profile\/mwcmm.bsky.social"]},{"@type":"Person","@id":"https:\/\/mwc-cmm.org\/en\/#\/schema\/person\/00b62ed8ea1527254a44f3ace3aee79d","name":"Stephanie Setiawan","image":{"@type":"ImageObject","inLanguage":"fr-FR","@id":"https:\/\/secure.gravatar.com\/avatar\/71b4b62cf3d0cfb4c8a367a101127ba8adfa1c22417900980ea24f5f4457a76d?s=96&d=mm&r=g","url":"https:\/\/secure.gravatar.com\/avatar\/71b4b62cf3d0cfb4c8a367a101127ba8adfa1c22417900980ea24f5f4457a76d?s=96&d=mm&r=g","contentUrl":"https:\/\/secure.gravatar.com\/avatar\/71b4b62cf3d0cfb4c8a367a101127ba8adfa1c22417900980ea24f5f4457a76d?s=96&d=mm&r=g","caption":"Stephanie Setiawan"},"url":"https:\/\/mwc-cmm.org\/fr\/stories\/author\/stephanie\/"}]}},"_links":{"self":[{"href":"https:\/\/mwc-cmm.org\/fr\/wp-json\/wp\/v2\/posts\/107717","targetHints":{"allow":["GET"]}}],"collection":[{"href":"https:\/\/mwc-cmm.org\/fr\/wp-json\/wp\/v2\/posts"}],"about":[{"href":"https:\/\/mwc-cmm.org\/fr\/wp-json\/wp\/v2\/types\/post"}],"author":[{"embeddable":true,"href":"https:\/\/mwc-cmm.org\/fr\/wp-json\/wp\/v2\/users\/8"}],"replies":[{"embeddable":true,"href":"https:\/\/mwc-cmm.org\/fr\/wp-json\/wp\/v2\/comments?post=107717"}],"version-history":[{"count":0,"href":"https:\/\/mwc-cmm.org\/fr\/wp-json\/wp\/v2\/posts\/107717\/revisions"}],"wp:featuredmedia":[{"embeddable":true,"href":"https:\/\/mwc-cmm.org\/fr\/wp-json\/wp\/v2\/media\/107699"}],"wp:attachment":[{"href":"https:\/\/mwc-cmm.org\/fr\/wp-json\/wp\/v2\/media?parent=107717"}],"wp:term":[{"taxonomy":"category","embeddable":true,"href":"https:\/\/mwc-cmm.org\/fr\/wp-json\/wp\/v2\/categories?post=107717"},{"taxonomy":"post_tag","embeddable":true,"href":"https:\/\/mwc-cmm.org\/fr\/wp-json\/wp\/v2\/tags?post=107717"},{"taxonomy":"network","embeddable":true,"href":"https:\/\/mwc-cmm.org\/fr\/wp-json\/wp\/v2\/network?post=107717"},{"taxonomy":"eventcategory","embeddable":true,"href":"https:\/\/mwc-cmm.org\/fr\/wp-json\/wp\/v2\/eventcategory?post=107717"}],"curies":[{"name":"wp","href":"https:\/\/api.w.org\/{rel}","templated":true}]}}