{"id":10677,"date":"2024-10-03T00:00:00","date_gmt":"2024-10-03T00:00:00","guid":{"rendered":"https:\/\/mwc-cmm.org\/grieving-a-year-of-increasing-violence-in-the-middle-east-3\/"},"modified":"2024-12-10T17:21:25","modified_gmt":"2024-12-10T17:21:25","slug":"pleurer-une-annee-de-violences-de-plus-en-plus-intenses-au-moyen-orient","status":"publish","type":"post","link":"https:\/\/mwc-cmm.org\/fr\/stories\/pleurer-une-annee-de-violences-de-plus-en-plus-intenses-au-moyen-orient\/","title":{"rendered":"Pleurer une ann\u00e9e de violences de plus en plus intenses au Moyen-Orient"},"content":{"rendered":"<h3>Lettre pastorale pour le 7&nbsp;octobre 2024&nbsp;&nbsp;<\/h3>\n<p>Fr\u00e8res et s\u0153urs bien-aim\u00e9s de la communion mondiale anabaptiste\/mennonite&nbsp;:&nbsp;<\/p>\n<p>C\u2019est avec e c\u0153ur lourd que nous marquons le premier anniversaire des terribles \u00e9v\u00e9nements qui ont marqu\u00e9 le d\u00e9but d\u2019un nouveau cycle de violence au Moyen-Orient. Notre c\u0153ur se brise devant le nombre de vies arrach\u00e9es depuis un an. Nous pleurons la r\u00e9pression, le m\u00e9pris des droits de l\u2019homme et la d\u00e9possession qui, pendant des d\u00e9cennies, ont conduit \u00e0 la crise actuelle.&nbsp;<\/p>\n<p>Il y a un an, des combattants du Hamas ont franchi les fronti\u00e8res militaris\u00e9es de la bande de Gaza et ont commis des actes odieux en Isra\u00ebl. Cette attaque a fait 1&nbsp;200&nbsp;morts parmi les Isra\u00e9liens, dont pr\u00e8s de 400&nbsp;soldats. Environ 250&nbsp;civils et fonctionnaires isra\u00e9liens ont \u00e9t\u00e9 emmen\u00e9s \u00e0 Gaza en tant qu\u2019otages. Isra\u00ebl a r\u00e9agi en lan\u00e7ant, pendant un an, une effroyable campagne de ch\u00e2timent collectif \u00e0 Gaza, visant des h\u00f4pitaux, des \u00e9coles, des lieux de culte et des journalistes. Le nombre de morts \u00e0 Gaza s\u2019\u00e9l\u00e8ve \u00e0 plus de 40&nbsp;000 et continue d\u2019augmenter, et des milliers de personnes sont port\u00e9es disparues ou introuvables. Isra\u00ebl a emp\u00each\u00e9 l\u2019entr\u00e9e de l\u2019aide alimentaire et m\u00e9dicale dans la bande de Gaza. Plus r\u00e9cemment, Isra\u00ebl a lanc\u00e9 un assaut militaire f\u00e9roce contre le Liban voisin.&nbsp;&nbsp;<\/p>\n<p>En tant que chr\u00e9tiens attach\u00e9s au chemin de paix du Christ, nous rejetons la guerre comme moyen de r\u00e9soudre les conflits. Nous sommes aux c\u00f4t\u00e9s de tous ceux qui souffrent aujourd\u2019hui, qu\u2019ils soient juifs, musulmans ou chr\u00e9tiens. Parfois, nous nous sentons impuissants, voire complices, alors que les traumatismes et les pr\u00e9jug\u00e9s accumul\u00e9s depuis des g\u00e9n\u00e9rations d\u00e9bordent en vagues de haine et de destruction.&nbsp;&nbsp;<\/p>\n<p>J\u00e9sus, le Prince de la paix, nous enseigne que la guerre ne m\u00e8ne pas \u00e0 l\u2019\u00e9panouissement humain. L\u2019amour courageux des ennemis et la recherche non violente de la justice pour tous sont les voies par lesquelles nous aspirons \u00e0 suivre J\u00e9sus. L\u2019amour \u00e9duque nos c\u0153urs \u00e0 voir Dieu dans \u00ab&nbsp;l\u2019autre&nbsp;\u00bb humain. L\u2019amour nous donne le courage de rechercher la justice et de vivre en harmonie les uns avec les autres. En tant que disciples de J\u00e9sus, nous prions pour avoir le courage d\u2019aimer d\u2019un amour qui transforme. Car c\u2019est l\u2019amour qui permet d\u2019offrir une r\u00e9alit\u00e9 et un avenir fondamentalement diff\u00e9rents des cycles de violence qui oppriment, \u00e9touffent et tuent, aliment\u00e9s par la soif de pouvoir et les m\u00e9canismes de mort.&nbsp;&nbsp;<\/p>\n<p>La communion mondiale anabaptiste\/mennonite r\u00e9it\u00e8re son appel d\u2019octobre 2023 pour que toutes les parties \u00e0 ce conflit d\u00e9posent les armes et commencent le dur travail de construction de la paix. Nous appelons \u00e0 la lib\u00e9ration des captifs \u2014 \u00e0 la fois les otages isra\u00e9liens d\u00e9tenus par le Hamas et les prisonniers palestiniens d\u00e9tenus ill\u00e9galement en \u00ab&nbsp;d\u00e9tention administrative&nbsp;\u00bb par l\u2019\u00c9tat isra\u00e9lien. L\u00e0 o\u00f9 c\u2019est possible, nous nous engageons \u00e0 parler \u00e0 nos propres gouvernements et \u00e0 nos concitoyens qui apportent peut-\u00eatre un soutien aveugle qui perp\u00e9tue le conflit en cours.&nbsp;<\/p>\n<p>La justice doit accompagner la paix, et toutes les parties \u00e0 ce conflit ont des revendications. Nous confessons notre incapacit\u00e9 \u00e0 \u00e9couter et \u00e0 rechercher la justice, et \u00e0 reconna\u00eetre l\u2019insuffisance de notre sagesse. Nous appelons donc le Saint-Esprit \u00e0 nous enseigner et \u00e0 nous \u00e9quiper pour agir avec humilit\u00e9 et courage lorsque nous parlons et agissons.&nbsp;<\/p>\n<p>Nous prions non seulement pour que la violence cesse, mais aussi pour que les pays de la Bible deviennent un lieu d\u2019harmonie et de diversit\u00e9 humaine, o\u00f9 les voisins \u00ab&nbsp;demeurent chacun sous sa vigne et son figuier&nbsp;\u00bb sans que personne ne les trouble (Mich\u00e9e&nbsp;4:4). Nous r\u00e9affirmons notre conviction que \u00ab&nbsp;<em>l\u2019Esprit de J\u00e9sus nous rend capables de faire confiance \u00e0 Dieu dans tous les domaines de la vie, de sorte que nous devenons artisans de paix renon\u00e7ant \u00e0 la violence, en aimant nos ennemis, en recherchant la justice et en partageant nos biens avec ceux qui sont dans le besoin&nbsp;\u00bb (Conf\u00e9rence mennonite mondiale<\/em>, \u00bb &nbsp;Convictions communes&nbsp;\u00bb, n\u00b0&nbsp;5).&nbsp;&nbsp;<\/p>\n","protected":false},"excerpt":{"rendered":"<p>Lettre pastorale pour le 7&nbsp;octobre 2024&nbsp;&nbsp; Fr\u00e8res et s\u0153urs bien-aim\u00e9s de la communion mondiale anabaptiste\/mennonite&nbsp;:&nbsp; C\u2019est avec e c\u0153ur lourd que nous marquons le premier anniversaire des terribles \u00e9v\u00e9nements qui ont marqu\u00e9 le d\u00e9but d\u2019un nouveau cycle de violence au Moyen-Orient. Notre c\u0153ur se brise devant le nombre de vies arrach\u00e9es depuis un an. Nous [&hellip;]<\/p>\n","protected":false},"author":1,"featured_media":0,"comment_status":"closed","ping_status":"closed","sticky":false,"template":"","format":"standard","meta":{"_acf_changed":false,"footnotes":""},"categories":[458],"tags":[466,459,470,523,524,524,460],"network":[],"eventcategory":[],"class_list":{"0":"post-10677","1":"post","2":"type-post","3":"status-publish","4":"format-standard","5":"hentry","6":"category-priere-urgente","7":"tag-commission-diacres","8":"tag-lettre-pastorale","9":"tag-paix","10":"tag-pastoral-letter-fr","11":"tag-prayer-fr","13":"tag-priere"},"acf":[],"yoast_head":"<!-- This site is optimized with the Yoast SEO plugin v27.5 - https:\/\/yoast.com\/product\/yoast-seo-wordpress\/ -->\n<title>Pleurer une ann\u00e9e de violences de plus en plus intenses au Moyen-Orient - Mennonite World Conference<\/title>\n<meta name=\"robots\" content=\"index, follow, max-snippet:-1, max-image-preview:large, max-video-preview:-1\" \/>\n<link rel=\"canonical\" href=\"https:\/\/mwc-cmm.org\/fr\/stories\/pleurer-une-annee-de-violences-de-plus-en-plus-intenses-au-moyen-orient\/\" \/>\n<meta property=\"og:locale\" content=\"fr_FR\" \/>\n<meta property=\"og:type\" content=\"article\" \/>\n<meta property=\"og:title\" content=\"Pleurer une ann\u00e9e de violences de plus en plus intenses au Moyen-Orient - Mennonite World Conference\" \/>\n<meta property=\"og:description\" content=\"Lettre pastorale pour le 7&nbsp;octobre 2024&nbsp;&nbsp; Fr\u00e8res et s\u0153urs bien-aim\u00e9s de la communion mondiale anabaptiste\/mennonite&nbsp;:&nbsp; C\u2019est avec e c\u0153ur lourd que nous marquons le premier anniversaire des terribles \u00e9v\u00e9nements qui ont marqu\u00e9 le d\u00e9but d\u2019un nouveau cycle de violence au Moyen-Orient. Notre c\u0153ur se brise devant le nombre de vies arrach\u00e9es depuis un an. Nous [&hellip;]\" \/>\n<meta property=\"og:url\" content=\"https:\/\/mwc-cmm.org\/fr\/stories\/pleurer-une-annee-de-violences-de-plus-en-plus-intenses-au-moyen-orient\/\" \/>\n<meta property=\"og:site_name\" content=\"Mennonite World Conference\" \/>\n<meta property=\"article:publisher\" content=\"https:\/\/www.facebook.com\/MennoniteWorldConference\" \/>\n<meta property=\"article:published_time\" content=\"2024-10-03T00:00:00+00:00\" \/>\n<meta property=\"article:modified_time\" content=\"2024-12-10T17:21:25+00:00\" \/>\n<meta name=\"author\" content=\"mennworldcon\" \/>\n<script type=\"application\/ld+json\" class=\"yoast-schema-graph\">{\"@context\":\"https:\\\/\\\/schema.org\",\"@graph\":[{\"@type\":\"Article\",\"@id\":\"https:\\\/\\\/mwc-cmm.org\\\/fr\\\/stories\\\/pleurer-une-annee-de-violences-de-plus-en-plus-intenses-au-moyen-orient\\\/#article\",\"isPartOf\":{\"@id\":\"https:\\\/\\\/mwc-cmm.org\\\/fr\\\/stories\\\/pleurer-une-annee-de-violences-de-plus-en-plus-intenses-au-moyen-orient\\\/\"},\"author\":{\"name\":\"mennworldcon\",\"@id\":\"https:\\\/\\\/mwc-cmm.org\\\/en\\\/#\\\/schema\\\/person\\\/11f6ae0d7d1868ba20a1cc27f067c836\"},\"headline\":\"Pleurer une ann\u00e9e de violences de plus en plus intenses au Moyen-Orient\",\"datePublished\":\"2024-10-03T00:00:00+00:00\",\"dateModified\":\"2024-12-10T17:21:25+00:00\",\"mainEntityOfPage\":{\"@id\":\"https:\\\/\\\/mwc-cmm.org\\\/fr\\\/stories\\\/pleurer-une-annee-de-violences-de-plus-en-plus-intenses-au-moyen-orient\\\/\"},\"wordCount\":762,\"publisher\":{\"@id\":\"https:\\\/\\\/mwc-cmm.org\\\/en\\\/#organization\"},\"keywords\":[\"Commission-Diacres\",\"lettre pastorale\",\"paix\",\"pastoral letter\",\"prayer\",\"prayer\",\"pri\u00e8re\"],\"articleSection\":[\"Pri\u00e8re urgente\"],\"inLanguage\":\"fr-FR\"},{\"@type\":\"WebPage\",\"@id\":\"https:\\\/\\\/mwc-cmm.org\\\/fr\\\/stories\\\/pleurer-une-annee-de-violences-de-plus-en-plus-intenses-au-moyen-orient\\\/\",\"url\":\"https:\\\/\\\/mwc-cmm.org\\\/fr\\\/stories\\\/pleurer-une-annee-de-violences-de-plus-en-plus-intenses-au-moyen-orient\\\/\",\"name\":\"Pleurer une ann\u00e9e de violences de plus en plus intenses au Moyen-Orient - Mennonite World Conference\",\"isPartOf\":{\"@id\":\"https:\\\/\\\/mwc-cmm.org\\\/en\\\/#website\"},\"datePublished\":\"2024-10-03T00:00:00+00:00\",\"dateModified\":\"2024-12-10T17:21:25+00:00\",\"breadcrumb\":{\"@id\":\"https:\\\/\\\/mwc-cmm.org\\\/fr\\\/stories\\\/pleurer-une-annee-de-violences-de-plus-en-plus-intenses-au-moyen-orient\\\/#breadcrumb\"},\"inLanguage\":\"fr-FR\",\"potentialAction\":[{\"@type\":\"ReadAction\",\"target\":[\"https:\\\/\\\/mwc-cmm.org\\\/fr\\\/stories\\\/pleurer-une-annee-de-violences-de-plus-en-plus-intenses-au-moyen-orient\\\/\"]}]},{\"@type\":\"BreadcrumbList\",\"@id\":\"https:\\\/\\\/mwc-cmm.org\\\/fr\\\/stories\\\/pleurer-une-annee-de-violences-de-plus-en-plus-intenses-au-moyen-orient\\\/#breadcrumb\",\"itemListElement\":[{\"@type\":\"ListItem\",\"position\":1,\"name\":\"Home\",\"item\":\"https:\\\/\\\/mwc-cmm.org\\\/fr\\\/\"},{\"@type\":\"ListItem\",\"position\":2,\"name\":\"Pleurer une ann\u00e9e de violences de plus en plus intenses au Moyen-Orient\"}]},{\"@type\":\"WebSite\",\"@id\":\"https:\\\/\\\/mwc-cmm.org\\\/en\\\/#website\",\"url\":\"https:\\\/\\\/mwc-cmm.org\\\/en\\\/\",\"name\":\"Mennonite World Conference\",\"description\":\"A communion of Anabaptist-related churches\",\"publisher\":{\"@id\":\"https:\\\/\\\/mwc-cmm.org\\\/en\\\/#organization\"},\"alternateName\":\"MWC\",\"potentialAction\":[{\"@type\":\"SearchAction\",\"target\":{\"@type\":\"EntryPoint\",\"urlTemplate\":\"https:\\\/\\\/mwc-cmm.org\\\/en\\\/?s={search_term_string}\"},\"query-input\":{\"@type\":\"PropertyValueSpecification\",\"valueRequired\":true,\"valueName\":\"search_term_string\"}}],\"inLanguage\":\"fr-FR\"},{\"@type\":\"Organization\",\"@id\":\"https:\\\/\\\/mwc-cmm.org\\\/en\\\/#organization\",\"name\":\"Mennonite World Conference\",\"alternateName\":\"MWC\",\"url\":\"https:\\\/\\\/mwc-cmm.org\\\/en\\\/\",\"logo\":{\"@type\":\"ImageObject\",\"inLanguage\":\"fr-FR\",\"@id\":\"https:\\\/\\\/mwc-cmm.org\\\/en\\\/#\\\/schema\\\/logo\\\/image\\\/\",\"url\":\"https:\\\/\\\/mwc-cmm.org\\\/wp-content\\\/uploads\\\/2026\\\/01\\\/MWC_Sig_Blue_Horiz_webheader1-logo.svg\",\"contentUrl\":\"https:\\\/\\\/mwc-cmm.org\\\/wp-content\\\/uploads\\\/2026\\\/01\\\/MWC_Sig_Blue_Horiz_webheader1-logo.svg\",\"width\":786,\"height\":82,\"caption\":\"Mennonite World Conference\"},\"image\":{\"@id\":\"https:\\\/\\\/mwc-cmm.org\\\/en\\\/#\\\/schema\\\/logo\\\/image\\\/\"},\"sameAs\":[\"https:\\\/\\\/www.facebook.com\\\/MennoniteWorldConference\",\"https:\\\/\\\/www.linkedin.com\\\/company\\\/mennonite-world-conference-mwc\\\/\",\"https:\\\/\\\/www.instagram.com\\\/mwcmm\\\/\",\"https:\\\/\\\/www.youtube.com\\\/user\\\/mwccmm\",\"https:\\\/\\\/bsky.app\\\/profile\\\/mwcmm.bsky.social\"]},{\"@type\":\"Person\",\"@id\":\"https:\\\/\\\/mwc-cmm.org\\\/en\\\/#\\\/schema\\\/person\\\/11f6ae0d7d1868ba20a1cc27f067c836\",\"name\":\"mennworldcon\",\"image\":{\"@type\":\"ImageObject\",\"inLanguage\":\"fr-FR\",\"@id\":\"https:\\\/\\\/secure.gravatar.com\\\/avatar\\\/06fdc0dc81c157dfdb82ec42f252178a22307808988d22c043f9eb96f1e0fe80?s=96&d=mm&r=g\",\"url\":\"https:\\\/\\\/secure.gravatar.com\\\/avatar\\\/06fdc0dc81c157dfdb82ec42f252178a22307808988d22c043f9eb96f1e0fe80?s=96&d=mm&r=g\",\"contentUrl\":\"https:\\\/\\\/secure.gravatar.com\\\/avatar\\\/06fdc0dc81c157dfdb82ec42f252178a22307808988d22c043f9eb96f1e0fe80?s=96&d=mm&r=g\",\"caption\":\"mennworldcon\"},\"sameAs\":[\"https:\\\/\\\/mwc-cmm.org\"],\"url\":\"https:\\\/\\\/mwc-cmm.org\\\/fr\\\/stories\\\/author\\\/mennworldcon\\\/\"}]}<\/script>\n<!-- \/ Yoast SEO plugin. -->","yoast_head_json":{"title":"Pleurer une ann\u00e9e de violences de plus en plus intenses au Moyen-Orient - Mennonite World Conference","robots":{"index":"index","follow":"follow","max-snippet":"max-snippet:-1","max-image-preview":"max-image-preview:large","max-video-preview":"max-video-preview:-1"},"canonical":"https:\/\/mwc-cmm.org\/fr\/stories\/pleurer-une-annee-de-violences-de-plus-en-plus-intenses-au-moyen-orient\/","og_locale":"fr_FR","og_type":"article","og_title":"Pleurer une ann\u00e9e de violences de plus en plus intenses au Moyen-Orient - Mennonite World Conference","og_description":"Lettre pastorale pour le 7&nbsp;octobre 2024&nbsp;&nbsp; Fr\u00e8res et s\u0153urs bien-aim\u00e9s de la communion mondiale anabaptiste\/mennonite&nbsp;:&nbsp; C\u2019est avec e c\u0153ur lourd que nous marquons le premier anniversaire des terribles \u00e9v\u00e9nements qui ont marqu\u00e9 le d\u00e9but d\u2019un nouveau cycle de violence au Moyen-Orient. Notre c\u0153ur se brise devant le nombre de vies arrach\u00e9es depuis un an. Nous [&hellip;]","og_url":"https:\/\/mwc-cmm.org\/fr\/stories\/pleurer-une-annee-de-violences-de-plus-en-plus-intenses-au-moyen-orient\/","og_site_name":"Mennonite World Conference","article_publisher":"https:\/\/www.facebook.com\/MennoniteWorldConference","article_published_time":"2024-10-03T00:00:00+00:00","article_modified_time":"2024-12-10T17:21:25+00:00","author":"mennworldcon","schema":{"@context":"https:\/\/schema.org","@graph":[{"@type":"Article","@id":"https:\/\/mwc-cmm.org\/fr\/stories\/pleurer-une-annee-de-violences-de-plus-en-plus-intenses-au-moyen-orient\/#article","isPartOf":{"@id":"https:\/\/mwc-cmm.org\/fr\/stories\/pleurer-une-annee-de-violences-de-plus-en-plus-intenses-au-moyen-orient\/"},"author":{"name":"mennworldcon","@id":"https:\/\/mwc-cmm.org\/en\/#\/schema\/person\/11f6ae0d7d1868ba20a1cc27f067c836"},"headline":"Pleurer une ann\u00e9e de violences de plus en plus intenses au Moyen-Orient","datePublished":"2024-10-03T00:00:00+00:00","dateModified":"2024-12-10T17:21:25+00:00","mainEntityOfPage":{"@id":"https:\/\/mwc-cmm.org\/fr\/stories\/pleurer-une-annee-de-violences-de-plus-en-plus-intenses-au-moyen-orient\/"},"wordCount":762,"publisher":{"@id":"https:\/\/mwc-cmm.org\/en\/#organization"},"keywords":["Commission-Diacres","lettre pastorale","paix","pastoral letter","prayer","prayer","pri\u00e8re"],"articleSection":["Pri\u00e8re urgente"],"inLanguage":"fr-FR"},{"@type":"WebPage","@id":"https:\/\/mwc-cmm.org\/fr\/stories\/pleurer-une-annee-de-violences-de-plus-en-plus-intenses-au-moyen-orient\/","url":"https:\/\/mwc-cmm.org\/fr\/stories\/pleurer-une-annee-de-violences-de-plus-en-plus-intenses-au-moyen-orient\/","name":"Pleurer une ann\u00e9e de violences de plus en plus intenses au Moyen-Orient - Mennonite World Conference","isPartOf":{"@id":"https:\/\/mwc-cmm.org\/en\/#website"},"datePublished":"2024-10-03T00:00:00+00:00","dateModified":"2024-12-10T17:21:25+00:00","breadcrumb":{"@id":"https:\/\/mwc-cmm.org\/fr\/stories\/pleurer-une-annee-de-violences-de-plus-en-plus-intenses-au-moyen-orient\/#breadcrumb"},"inLanguage":"fr-FR","potentialAction":[{"@type":"ReadAction","target":["https:\/\/mwc-cmm.org\/fr\/stories\/pleurer-une-annee-de-violences-de-plus-en-plus-intenses-au-moyen-orient\/"]}]},{"@type":"BreadcrumbList","@id":"https:\/\/mwc-cmm.org\/fr\/stories\/pleurer-une-annee-de-violences-de-plus-en-plus-intenses-au-moyen-orient\/#breadcrumb","itemListElement":[{"@type":"ListItem","position":1,"name":"Home","item":"https:\/\/mwc-cmm.org\/fr\/"},{"@type":"ListItem","position":2,"name":"Pleurer une ann\u00e9e de violences de plus en plus intenses au Moyen-Orient"}]},{"@type":"WebSite","@id":"https:\/\/mwc-cmm.org\/en\/#website","url":"https:\/\/mwc-cmm.org\/en\/","name":"Mennonite World Conference","description":"A communion of Anabaptist-related churches","publisher":{"@id":"https:\/\/mwc-cmm.org\/en\/#organization"},"alternateName":"MWC","potentialAction":[{"@type":"SearchAction","target":{"@type":"EntryPoint","urlTemplate":"https:\/\/mwc-cmm.org\/en\/?s={search_term_string}"},"query-input":{"@type":"PropertyValueSpecification","valueRequired":true,"valueName":"search_term_string"}}],"inLanguage":"fr-FR"},{"@type":"Organization","@id":"https:\/\/mwc-cmm.org\/en\/#organization","name":"Mennonite World Conference","alternateName":"MWC","url":"https:\/\/mwc-cmm.org\/en\/","logo":{"@type":"ImageObject","inLanguage":"fr-FR","@id":"https:\/\/mwc-cmm.org\/en\/#\/schema\/logo\/image\/","url":"https:\/\/mwc-cmm.org\/wp-content\/uploads\/2026\/01\/MWC_Sig_Blue_Horiz_webheader1-logo.svg","contentUrl":"https:\/\/mwc-cmm.org\/wp-content\/uploads\/2026\/01\/MWC_Sig_Blue_Horiz_webheader1-logo.svg","width":786,"height":82,"caption":"Mennonite World Conference"},"image":{"@id":"https:\/\/mwc-cmm.org\/en\/#\/schema\/logo\/image\/"},"sameAs":["https:\/\/www.facebook.com\/MennoniteWorldConference","https:\/\/www.linkedin.com\/company\/mennonite-world-conference-mwc\/","https:\/\/www.instagram.com\/mwcmm\/","https:\/\/www.youtube.com\/user\/mwccmm","https:\/\/bsky.app\/profile\/mwcmm.bsky.social"]},{"@type":"Person","@id":"https:\/\/mwc-cmm.org\/en\/#\/schema\/person\/11f6ae0d7d1868ba20a1cc27f067c836","name":"mennworldcon","image":{"@type":"ImageObject","inLanguage":"fr-FR","@id":"https:\/\/secure.gravatar.com\/avatar\/06fdc0dc81c157dfdb82ec42f252178a22307808988d22c043f9eb96f1e0fe80?s=96&d=mm&r=g","url":"https:\/\/secure.gravatar.com\/avatar\/06fdc0dc81c157dfdb82ec42f252178a22307808988d22c043f9eb96f1e0fe80?s=96&d=mm&r=g","contentUrl":"https:\/\/secure.gravatar.com\/avatar\/06fdc0dc81c157dfdb82ec42f252178a22307808988d22c043f9eb96f1e0fe80?s=96&d=mm&r=g","caption":"mennworldcon"},"sameAs":["https:\/\/mwc-cmm.org"],"url":"https:\/\/mwc-cmm.org\/fr\/stories\/author\/mennworldcon\/"}]}},"_links":{"self":[{"href":"https:\/\/mwc-cmm.org\/fr\/wp-json\/wp\/v2\/posts\/10677","targetHints":{"allow":["GET"]}}],"collection":[{"href":"https:\/\/mwc-cmm.org\/fr\/wp-json\/wp\/v2\/posts"}],"about":[{"href":"https:\/\/mwc-cmm.org\/fr\/wp-json\/wp\/v2\/types\/post"}],"author":[{"embeddable":true,"href":"https:\/\/mwc-cmm.org\/fr\/wp-json\/wp\/v2\/users\/1"}],"replies":[{"embeddable":true,"href":"https:\/\/mwc-cmm.org\/fr\/wp-json\/wp\/v2\/comments?post=10677"}],"version-history":[{"count":0,"href":"https:\/\/mwc-cmm.org\/fr\/wp-json\/wp\/v2\/posts\/10677\/revisions"}],"wp:attachment":[{"href":"https:\/\/mwc-cmm.org\/fr\/wp-json\/wp\/v2\/media?parent=10677"}],"wp:term":[{"taxonomy":"category","embeddable":true,"href":"https:\/\/mwc-cmm.org\/fr\/wp-json\/wp\/v2\/categories?post=10677"},{"taxonomy":"post_tag","embeddable":true,"href":"https:\/\/mwc-cmm.org\/fr\/wp-json\/wp\/v2\/tags?post=10677"},{"taxonomy":"network","embeddable":true,"href":"https:\/\/mwc-cmm.org\/fr\/wp-json\/wp\/v2\/network?post=10677"},{"taxonomy":"eventcategory","embeddable":true,"href":"https:\/\/mwc-cmm.org\/fr\/wp-json\/wp\/v2\/eventcategory?post=10677"}],"curies":[{"name":"wp","href":"https:\/\/api.w.org\/{rel}","templated":true}]}}