{"id":10675,"date":"2024-09-19T00:00:00","date_gmt":"2024-09-19T00:00:00","guid":{"rendered":"https:\/\/mwc-cmm.org\/sharing-of-gifts-with-other-church-communions-3\/"},"modified":"2024-12-10T17:21:25","modified_gmt":"2024-12-10T17:21:25","slug":"le-partage-des-dons-avec-dautres-communions-deglises","status":"publish","type":"post","link":"https:\/\/mwc-cmm.org\/fr\/stories\/le-partage-des-dons-avec-dautres-communions-deglises\/","title":{"rendered":"Le partage des dons avec d\u2019autres communions d\u2019\u00e9glises"},"content":{"rendered":"<p>\u00ab&nbsp;Pr\u00e9sider la Conf\u00e9rence des secr\u00e9taires des communions chr\u00e9tiennes, c\u2019est assumer une fonction de service. C\u2019est une fonction o\u00f9 l\u2019on est au service des autres secr\u00e9taires en pr\u00e9parant l\u2019ordre du jour, la logistique et les documents pour notre r\u00e9union, et en dirigeant et facilitant des discussions vigoureuses sur des sujets cruciaux pour l\u2019\u00c9glise chr\u00e9tienne mondiale aujourd\u2019hui&nbsp;\u00bb, explique C\u00e9sar Garc\u00eda, secr\u00e9taire g\u00e9n\u00e9ral de la CMM. En <a href=\"https:\/\/mwc-cmm.org\/fr\/stories\/une-rencontre-des-communions-mondiales-se-consacre-loeuvre-de-dieu\">novembre 2023<\/a>, il a \u00e9t\u00e9 reconduit dans ses fonctions de pr\u00e9sident pour les deux prochaines ann\u00e9es.&nbsp;<\/p>\n<p>La Conf\u00e9rence des secr\u00e9taires, qui se r\u00e9unit tous les ans depuis 1957 \u00e0 quelques exceptions pr\u00e8s, n\u2019a pas d\u2019objectifs programmatiques et n\u2019adopte pas de r\u00e9solutions. Cependant, la diversit\u00e9 des dirigeants des communions chr\u00e9tiennes participant \u00e0 cette r\u00e9union facilite l\u2019\u00e9change d\u2019informations, l\u2019apprentissage mutuel et le d\u00e9veloppement de relations fraternelles entre les \u00e9glises du monde entier.&nbsp;<\/p>\n<p>\u00ab&nbsp;En travaillant avec d\u2019autres secr\u00e9taires et en nous \u00e9coutant les uns les autres, nous commen\u00e7ons \u00e0 \u00e9tablir des relations de confiance avec d\u2019autres communions chr\u00e9tiennes&nbsp;\u00bb, explique C\u00e9sar Garc\u00eda. \u00ab&nbsp;Et en apprenant \u00e0 nous conna\u00eetre, nous pouvons commencer \u00e0 explorer un domaine d\u2019int\u00e9r\u00eat particulier pour la plupart des participants \u00e0 la r\u00e9union.&nbsp;\u00bb&nbsp;<\/p>\n<p>\u00ab&nbsp;Dans certains cas, je ram\u00e8ne \u00e0 la CMM les discussions entam\u00e9es lors de ce rassemblement annuel. Dans un cas, le <a href=\"https:\/\/mwc-cmm.org\/fr\/resources\/catholicit%C3%A9-et-diversit%C3%A9\">secr\u00e9taire g\u00e9n\u00e9ral de la F\u00e9d\u00e9ration luth\u00e9rienne<\/a> mondiale est venu \u00e0 notre Conseil G\u00e9n\u00e9ral pour parler de son parcours personnel et de celui des luth\u00e9riens dans le processus de devenir une communion mondiale, une \u00e9glise mondiale&nbsp;\u00bb.&nbsp;<\/p>\n<p>\u00ab&nbsp;D\u2019autres fois, j\u2019ai \u00e9t\u00e9 invit\u00e9 par d\u2019autres communions mondiales \u00e0 prendre la parole lors de leurs r\u00e9unions, en particulier pour offrir une perspective anabaptiste sur les sujets dont ils discutent&nbsp;\u00bb, dit C\u00e9sar Garc\u00eda.&nbsp;&nbsp;<\/p>\n<p>\u00ab&nbsp;Une chose que j\u2019ai faite dans ma fonction de pr\u00e9sident, c\u2019est d\u2019augmenter le nombre de fois o\u00f9 nous prions ensemble pour une situation particuli\u00e8re. Une pratique fr\u00e9quente dans nos conversations est d\u2019explorer comment nous pouvons r\u00e9pondre ensemble \u00e0 une crise qui touche nos \u00e9glises ou une r\u00e9gion g\u00e9ographique.&nbsp;\u00bb&nbsp;&nbsp;<\/p>\n<p>Outre l\u2019\u00e9change de points de vue et d\u2019apprentissages, les discussions qui ont lieu lors de ces r\u00e9unions s\u00e8ment les graines de la r\u00e9conciliation.&nbsp;&nbsp;<\/p>\n<p>Par exemple, le dialogue officiel et le processus de r\u00e9conciliation entre les luth\u00e9riens et les mennonites ont \u00e9t\u00e9 envisag\u00e9s il y a plusieurs ann\u00e9es par les secr\u00e9taires g\u00e9n\u00e9raux des deux communions.&nbsp;&nbsp;<\/p>\n<p>Plus r\u00e9cemment, \u00e0 la suite des r\u00e9unions de la r\u00e9union annuelle de la Conf\u00e9rence des secr\u00e9taires, la CMM et la Communion mondiale d\u2019\u00c9glises r\u00e9form\u00e9es (CMER) ont discut\u00e9 du lancement d\u2019un processus similaire de r\u00e9conciliation entre les \u00c9glises r\u00e9form\u00e9es et anabaptistes.&nbsp;<\/p>\n<p>\u00ab&nbsp;Vivre notre minist\u00e8re de r\u00e9conciliation est l\u2019une des choses que nous voulons faire, surtout en vue de la comm\u00e9moration des 500 ans du mouvement anabaptiste&nbsp;\u00bb, dit C\u00e9sar Garcia. \u00ab&nbsp;L\u2019id\u00e9e est de se souvenir de notre histoire dans le cadre de nos dialogues avec l\u2019\u00c9glise catholique, luth\u00e9rienne et r\u00e9form\u00e9e et d\u2019aller de l\u2019avant avec une m\u00e9moire gu\u00e9rie vers l\u2019appel que nous avons re\u00e7u \u00e0 suivre J\u00e9sus dans notre tradition anabaptiste.&nbsp;\u00bb&nbsp;&nbsp;<\/p>\n","protected":false},"excerpt":{"rendered":"<p>\u00ab&nbsp;Pr\u00e9sider la Conf\u00e9rence des secr\u00e9taires des communions chr\u00e9tiennes, c\u2019est assumer une fonction de service. C\u2019est une fonction o\u00f9 l\u2019on est au service des autres secr\u00e9taires en pr\u00e9parant l\u2019ordre du jour, la logistique et les documents pour notre r\u00e9union, et en dirigeant et facilitant des discussions vigoureuses sur des sujets cruciaux pour l\u2019\u00c9glise chr\u00e9tienne mondiale aujourd\u2019hui&nbsp;\u00bb, [&hellip;]<\/p>\n","protected":false},"author":1,"featured_media":98594,"comment_status":"closed","ping_status":"closed","sticky":false,"template":"","format":"standard","meta":{"_acf_changed":false,"footnotes":""},"categories":[7],"tags":[215],"network":[],"eventcategory":[],"class_list":["post-10675","post","type-post","status-publish","format-standard","has-post-thumbnail","hentry","category-non-classifiee","tag-ecumenism"],"acf":[],"yoast_head":"<!-- This site is optimized with the Yoast SEO plugin v27.2 - https:\/\/yoast.com\/product\/yoast-seo-wordpress\/ -->\n<title>Le partage des dons avec d\u2019autres communions d\u2019\u00e9glises - Mennonite World Conference<\/title>\n<meta name=\"robots\" content=\"index, follow, max-snippet:-1, max-image-preview:large, max-video-preview:-1\" \/>\n<link rel=\"canonical\" href=\"https:\/\/mwc-cmm.org\/fr\/stories\/le-partage-des-dons-avec-dautres-communions-deglises\/\" \/>\n<meta property=\"og:locale\" content=\"fr_FR\" \/>\n<meta property=\"og:type\" content=\"article\" \/>\n<meta property=\"og:title\" content=\"Le partage des dons avec d\u2019autres communions d\u2019\u00e9glises - Mennonite World Conference\" \/>\n<meta property=\"og:description\" content=\"\u00ab&nbsp;Pr\u00e9sider la Conf\u00e9rence des secr\u00e9taires des communions chr\u00e9tiennes, c\u2019est assumer une fonction de service. C\u2019est une fonction o\u00f9 l\u2019on est au service des autres secr\u00e9taires en pr\u00e9parant l\u2019ordre du jour, la logistique et les documents pour notre r\u00e9union, et en dirigeant et facilitant des discussions vigoureuses sur des sujets cruciaux pour l\u2019\u00c9glise chr\u00e9tienne mondiale aujourd\u2019hui&nbsp;\u00bb, [&hellip;]\" \/>\n<meta property=\"og:url\" content=\"https:\/\/mwc-cmm.org\/fr\/stories\/le-partage-des-dons-avec-dautres-communions-deglises\/\" \/>\n<meta property=\"og:site_name\" content=\"Mennonite World Conference\" \/>\n<meta property=\"article:publisher\" content=\"https:\/\/www.facebook.com\/MennoniteWorldConference\" \/>\n<meta property=\"article:published_time\" content=\"2024-09-19T00:00:00+00:00\" \/>\n<meta property=\"article:modified_time\" content=\"2024-12-10T17:21:25+00:00\" \/>\n<meta property=\"og:image\" content=\"https:\/\/mwc-cmm.org\/wp-content\/uploads\/2024\/11\/202404irmasulistyorinip1090229-scaled.jpg\" \/>\n\t<meta property=\"og:image:width\" content=\"2560\" \/>\n\t<meta property=\"og:image:height\" content=\"1708\" \/>\n\t<meta property=\"og:image:type\" content=\"image\/jpeg\" \/>\n<meta name=\"author\" content=\"mennworldcon\" \/>\n<script type=\"application\/ld+json\" class=\"yoast-schema-graph\">{\"@context\":\"https:\/\/schema.org\",\"@graph\":[{\"@type\":\"Article\",\"@id\":\"https:\/\/mwc-cmm.org\/fr\/stories\/le-partage-des-dons-avec-dautres-communions-deglises\/#article\",\"isPartOf\":{\"@id\":\"https:\/\/mwc-cmm.org\/fr\/stories\/le-partage-des-dons-avec-dautres-communions-deglises\/\"},\"author\":{\"name\":\"mennworldcon\",\"@id\":\"https:\/\/mwc-cmm.org\/en\/#\/schema\/person\/11f6ae0d7d1868ba20a1cc27f067c836\"},\"headline\":\"Le partage des dons avec d\u2019autres communions d\u2019\u00e9glises\",\"datePublished\":\"2024-09-19T00:00:00+00:00\",\"dateModified\":\"2024-12-10T17:21:25+00:00\",\"mainEntityOfPage\":{\"@id\":\"https:\/\/mwc-cmm.org\/fr\/stories\/le-partage-des-dons-avec-dautres-communions-deglises\/\"},\"wordCount\":626,\"publisher\":{\"@id\":\"https:\/\/mwc-cmm.org\/en\/#organization\"},\"image\":{\"@id\":\"https:\/\/mwc-cmm.org\/fr\/stories\/le-partage-des-dons-avec-dautres-communions-deglises\/#primaryimage\"},\"thumbnailUrl\":\"https:\/\/mwc-cmm.org\/wp-content\/uploads\/2024\/11\/202404irmasulistyorinip1090229-scaled.jpg\",\"keywords\":[\"ecumenism\"],\"articleSection\":[\"Non classifi\u00e9(e)\"],\"inLanguage\":\"fr-FR\"},{\"@type\":\"WebPage\",\"@id\":\"https:\/\/mwc-cmm.org\/fr\/stories\/le-partage-des-dons-avec-dautres-communions-deglises\/\",\"url\":\"https:\/\/mwc-cmm.org\/fr\/stories\/le-partage-des-dons-avec-dautres-communions-deglises\/\",\"name\":\"Le partage des dons avec d\u2019autres communions d\u2019\u00e9glises - Mennonite World Conference\",\"isPartOf\":{\"@id\":\"https:\/\/mwc-cmm.org\/en\/#website\"},\"primaryImageOfPage\":{\"@id\":\"https:\/\/mwc-cmm.org\/fr\/stories\/le-partage-des-dons-avec-dautres-communions-deglises\/#primaryimage\"},\"image\":{\"@id\":\"https:\/\/mwc-cmm.org\/fr\/stories\/le-partage-des-dons-avec-dautres-communions-deglises\/#primaryimage\"},\"thumbnailUrl\":\"https:\/\/mwc-cmm.org\/wp-content\/uploads\/2024\/11\/202404irmasulistyorinip1090229-scaled.jpg\",\"datePublished\":\"2024-09-19T00:00:00+00:00\",\"dateModified\":\"2024-12-10T17:21:25+00:00\",\"breadcrumb\":{\"@id\":\"https:\/\/mwc-cmm.org\/fr\/stories\/le-partage-des-dons-avec-dautres-communions-deglises\/#breadcrumb\"},\"inLanguage\":\"fr-FR\",\"potentialAction\":[{\"@type\":\"ReadAction\",\"target\":[\"https:\/\/mwc-cmm.org\/fr\/stories\/le-partage-des-dons-avec-dautres-communions-deglises\/\"]}]},{\"@type\":\"ImageObject\",\"inLanguage\":\"fr-FR\",\"@id\":\"https:\/\/mwc-cmm.org\/fr\/stories\/le-partage-des-dons-avec-dautres-communions-deglises\/#primaryimage\",\"url\":\"https:\/\/mwc-cmm.org\/wp-content\/uploads\/2024\/11\/202404irmasulistyorinip1090229-scaled.jpg\",\"contentUrl\":\"https:\/\/mwc-cmm.org\/wp-content\/uploads\/2024\/11\/202404irmasulistyorinip1090229-scaled.jpg\",\"width\":2560,\"height\":1708},{\"@type\":\"BreadcrumbList\",\"@id\":\"https:\/\/mwc-cmm.org\/fr\/stories\/le-partage-des-dons-avec-dautres-communions-deglises\/#breadcrumb\",\"itemListElement\":[{\"@type\":\"ListItem\",\"position\":1,\"name\":\"Home\",\"item\":\"https:\/\/mwc-cmm.org\/fr\/\"},{\"@type\":\"ListItem\",\"position\":2,\"name\":\"Le partage des dons avec d\u2019autres communions d\u2019\u00e9glises\"}]},{\"@type\":\"WebSite\",\"@id\":\"https:\/\/mwc-cmm.org\/en\/#website\",\"url\":\"https:\/\/mwc-cmm.org\/en\/\",\"name\":\"Mennonite World Conference\",\"description\":\"A communion of Anabaptist-related churches\",\"publisher\":{\"@id\":\"https:\/\/mwc-cmm.org\/en\/#organization\"},\"alternateName\":\"MWC\",\"potentialAction\":[{\"@type\":\"SearchAction\",\"target\":{\"@type\":\"EntryPoint\",\"urlTemplate\":\"https:\/\/mwc-cmm.org\/en\/?s={search_term_string}\"},\"query-input\":{\"@type\":\"PropertyValueSpecification\",\"valueRequired\":true,\"valueName\":\"search_term_string\"}}],\"inLanguage\":\"fr-FR\"},{\"@type\":\"Organization\",\"@id\":\"https:\/\/mwc-cmm.org\/en\/#organization\",\"name\":\"Mennonite World Conference\",\"alternateName\":\"MWC\",\"url\":\"https:\/\/mwc-cmm.org\/en\/\",\"logo\":{\"@type\":\"ImageObject\",\"inLanguage\":\"fr-FR\",\"@id\":\"https:\/\/mwc-cmm.org\/en\/#\/schema\/logo\/image\/\",\"url\":\"https:\/\/mwc-cmm.org\/wp-content\/uploads\/2026\/01\/MWC_Sig_Blue_Horiz_webheader1-logo.svg\",\"contentUrl\":\"https:\/\/mwc-cmm.org\/wp-content\/uploads\/2026\/01\/MWC_Sig_Blue_Horiz_webheader1-logo.svg\",\"width\":786,\"height\":82,\"caption\":\"Mennonite World Conference\"},\"image\":{\"@id\":\"https:\/\/mwc-cmm.org\/en\/#\/schema\/logo\/image\/\"},\"sameAs\":[\"https:\/\/www.facebook.com\/MennoniteWorldConference\",\"https:\/\/www.linkedin.com\/company\/mennonite-world-conference-mwc\/\",\"https:\/\/www.instagram.com\/mwcmm\/\",\"https:\/\/www.youtube.com\/user\/mwccmm\",\"https:\/\/bsky.app\/profile\/mwcmm.bsky.social\"]},{\"@type\":\"Person\",\"@id\":\"https:\/\/mwc-cmm.org\/en\/#\/schema\/person\/11f6ae0d7d1868ba20a1cc27f067c836\",\"name\":\"mennworldcon\",\"image\":{\"@type\":\"ImageObject\",\"inLanguage\":\"fr-FR\",\"@id\":\"https:\/\/secure.gravatar.com\/avatar\/06fdc0dc81c157dfdb82ec42f252178a22307808988d22c043f9eb96f1e0fe80?s=96&d=mm&r=g\",\"url\":\"https:\/\/secure.gravatar.com\/avatar\/06fdc0dc81c157dfdb82ec42f252178a22307808988d22c043f9eb96f1e0fe80?s=96&d=mm&r=g\",\"contentUrl\":\"https:\/\/secure.gravatar.com\/avatar\/06fdc0dc81c157dfdb82ec42f252178a22307808988d22c043f9eb96f1e0fe80?s=96&d=mm&r=g\",\"caption\":\"mennworldcon\"},\"sameAs\":[\"https:\/\/mwc-cmm.org\"],\"url\":\"https:\/\/mwc-cmm.org\/fr\/stories\/author\/mennworldcon\/\"}]}<\/script>\n<!-- \/ Yoast SEO plugin. -->","yoast_head_json":{"title":"Le partage des dons avec d\u2019autres communions d\u2019\u00e9glises - Mennonite World Conference","robots":{"index":"index","follow":"follow","max-snippet":"max-snippet:-1","max-image-preview":"max-image-preview:large","max-video-preview":"max-video-preview:-1"},"canonical":"https:\/\/mwc-cmm.org\/fr\/stories\/le-partage-des-dons-avec-dautres-communions-deglises\/","og_locale":"fr_FR","og_type":"article","og_title":"Le partage des dons avec d\u2019autres communions d\u2019\u00e9glises - Mennonite World Conference","og_description":"\u00ab&nbsp;Pr\u00e9sider la Conf\u00e9rence des secr\u00e9taires des communions chr\u00e9tiennes, c\u2019est assumer une fonction de service. C\u2019est une fonction o\u00f9 l\u2019on est au service des autres secr\u00e9taires en pr\u00e9parant l\u2019ordre du jour, la logistique et les documents pour notre r\u00e9union, et en dirigeant et facilitant des discussions vigoureuses sur des sujets cruciaux pour l\u2019\u00c9glise chr\u00e9tienne mondiale aujourd\u2019hui&nbsp;\u00bb, [&hellip;]","og_url":"https:\/\/mwc-cmm.org\/fr\/stories\/le-partage-des-dons-avec-dautres-communions-deglises\/","og_site_name":"Mennonite World Conference","article_publisher":"https:\/\/www.facebook.com\/MennoniteWorldConference","article_published_time":"2024-09-19T00:00:00+00:00","article_modified_time":"2024-12-10T17:21:25+00:00","og_image":[{"width":2560,"height":1708,"url":"https:\/\/mwc-cmm.org\/wp-content\/uploads\/2024\/11\/202404irmasulistyorinip1090229-scaled.jpg","type":"image\/jpeg"}],"author":"mennworldcon","schema":{"@context":"https:\/\/schema.org","@graph":[{"@type":"Article","@id":"https:\/\/mwc-cmm.org\/fr\/stories\/le-partage-des-dons-avec-dautres-communions-deglises\/#article","isPartOf":{"@id":"https:\/\/mwc-cmm.org\/fr\/stories\/le-partage-des-dons-avec-dautres-communions-deglises\/"},"author":{"name":"mennworldcon","@id":"https:\/\/mwc-cmm.org\/en\/#\/schema\/person\/11f6ae0d7d1868ba20a1cc27f067c836"},"headline":"Le partage des dons avec d\u2019autres communions d\u2019\u00e9glises","datePublished":"2024-09-19T00:00:00+00:00","dateModified":"2024-12-10T17:21:25+00:00","mainEntityOfPage":{"@id":"https:\/\/mwc-cmm.org\/fr\/stories\/le-partage-des-dons-avec-dautres-communions-deglises\/"},"wordCount":626,"publisher":{"@id":"https:\/\/mwc-cmm.org\/en\/#organization"},"image":{"@id":"https:\/\/mwc-cmm.org\/fr\/stories\/le-partage-des-dons-avec-dautres-communions-deglises\/#primaryimage"},"thumbnailUrl":"https:\/\/mwc-cmm.org\/wp-content\/uploads\/2024\/11\/202404irmasulistyorinip1090229-scaled.jpg","keywords":["ecumenism"],"articleSection":["Non classifi\u00e9(e)"],"inLanguage":"fr-FR"},{"@type":"WebPage","@id":"https:\/\/mwc-cmm.org\/fr\/stories\/le-partage-des-dons-avec-dautres-communions-deglises\/","url":"https:\/\/mwc-cmm.org\/fr\/stories\/le-partage-des-dons-avec-dautres-communions-deglises\/","name":"Le partage des dons avec d\u2019autres communions d\u2019\u00e9glises - Mennonite World Conference","isPartOf":{"@id":"https:\/\/mwc-cmm.org\/en\/#website"},"primaryImageOfPage":{"@id":"https:\/\/mwc-cmm.org\/fr\/stories\/le-partage-des-dons-avec-dautres-communions-deglises\/#primaryimage"},"image":{"@id":"https:\/\/mwc-cmm.org\/fr\/stories\/le-partage-des-dons-avec-dautres-communions-deglises\/#primaryimage"},"thumbnailUrl":"https:\/\/mwc-cmm.org\/wp-content\/uploads\/2024\/11\/202404irmasulistyorinip1090229-scaled.jpg","datePublished":"2024-09-19T00:00:00+00:00","dateModified":"2024-12-10T17:21:25+00:00","breadcrumb":{"@id":"https:\/\/mwc-cmm.org\/fr\/stories\/le-partage-des-dons-avec-dautres-communions-deglises\/#breadcrumb"},"inLanguage":"fr-FR","potentialAction":[{"@type":"ReadAction","target":["https:\/\/mwc-cmm.org\/fr\/stories\/le-partage-des-dons-avec-dautres-communions-deglises\/"]}]},{"@type":"ImageObject","inLanguage":"fr-FR","@id":"https:\/\/mwc-cmm.org\/fr\/stories\/le-partage-des-dons-avec-dautres-communions-deglises\/#primaryimage","url":"https:\/\/mwc-cmm.org\/wp-content\/uploads\/2024\/11\/202404irmasulistyorinip1090229-scaled.jpg","contentUrl":"https:\/\/mwc-cmm.org\/wp-content\/uploads\/2024\/11\/202404irmasulistyorinip1090229-scaled.jpg","width":2560,"height":1708},{"@type":"BreadcrumbList","@id":"https:\/\/mwc-cmm.org\/fr\/stories\/le-partage-des-dons-avec-dautres-communions-deglises\/#breadcrumb","itemListElement":[{"@type":"ListItem","position":1,"name":"Home","item":"https:\/\/mwc-cmm.org\/fr\/"},{"@type":"ListItem","position":2,"name":"Le partage des dons avec d\u2019autres communions d\u2019\u00e9glises"}]},{"@type":"WebSite","@id":"https:\/\/mwc-cmm.org\/en\/#website","url":"https:\/\/mwc-cmm.org\/en\/","name":"Mennonite World Conference","description":"A communion of Anabaptist-related churches","publisher":{"@id":"https:\/\/mwc-cmm.org\/en\/#organization"},"alternateName":"MWC","potentialAction":[{"@type":"SearchAction","target":{"@type":"EntryPoint","urlTemplate":"https:\/\/mwc-cmm.org\/en\/?s={search_term_string}"},"query-input":{"@type":"PropertyValueSpecification","valueRequired":true,"valueName":"search_term_string"}}],"inLanguage":"fr-FR"},{"@type":"Organization","@id":"https:\/\/mwc-cmm.org\/en\/#organization","name":"Mennonite World Conference","alternateName":"MWC","url":"https:\/\/mwc-cmm.org\/en\/","logo":{"@type":"ImageObject","inLanguage":"fr-FR","@id":"https:\/\/mwc-cmm.org\/en\/#\/schema\/logo\/image\/","url":"https:\/\/mwc-cmm.org\/wp-content\/uploads\/2026\/01\/MWC_Sig_Blue_Horiz_webheader1-logo.svg","contentUrl":"https:\/\/mwc-cmm.org\/wp-content\/uploads\/2026\/01\/MWC_Sig_Blue_Horiz_webheader1-logo.svg","width":786,"height":82,"caption":"Mennonite World Conference"},"image":{"@id":"https:\/\/mwc-cmm.org\/en\/#\/schema\/logo\/image\/"},"sameAs":["https:\/\/www.facebook.com\/MennoniteWorldConference","https:\/\/www.linkedin.com\/company\/mennonite-world-conference-mwc\/","https:\/\/www.instagram.com\/mwcmm\/","https:\/\/www.youtube.com\/user\/mwccmm","https:\/\/bsky.app\/profile\/mwcmm.bsky.social"]},{"@type":"Person","@id":"https:\/\/mwc-cmm.org\/en\/#\/schema\/person\/11f6ae0d7d1868ba20a1cc27f067c836","name":"mennworldcon","image":{"@type":"ImageObject","inLanguage":"fr-FR","@id":"https:\/\/secure.gravatar.com\/avatar\/06fdc0dc81c157dfdb82ec42f252178a22307808988d22c043f9eb96f1e0fe80?s=96&d=mm&r=g","url":"https:\/\/secure.gravatar.com\/avatar\/06fdc0dc81c157dfdb82ec42f252178a22307808988d22c043f9eb96f1e0fe80?s=96&d=mm&r=g","contentUrl":"https:\/\/secure.gravatar.com\/avatar\/06fdc0dc81c157dfdb82ec42f252178a22307808988d22c043f9eb96f1e0fe80?s=96&d=mm&r=g","caption":"mennworldcon"},"sameAs":["https:\/\/mwc-cmm.org"],"url":"https:\/\/mwc-cmm.org\/fr\/stories\/author\/mennworldcon\/"}]}},"_links":{"self":[{"href":"https:\/\/mwc-cmm.org\/fr\/wp-json\/wp\/v2\/posts\/10675","targetHints":{"allow":["GET"]}}],"collection":[{"href":"https:\/\/mwc-cmm.org\/fr\/wp-json\/wp\/v2\/posts"}],"about":[{"href":"https:\/\/mwc-cmm.org\/fr\/wp-json\/wp\/v2\/types\/post"}],"author":[{"embeddable":true,"href":"https:\/\/mwc-cmm.org\/fr\/wp-json\/wp\/v2\/users\/1"}],"replies":[{"embeddable":true,"href":"https:\/\/mwc-cmm.org\/fr\/wp-json\/wp\/v2\/comments?post=10675"}],"version-history":[{"count":0,"href":"https:\/\/mwc-cmm.org\/fr\/wp-json\/wp\/v2\/posts\/10675\/revisions"}],"wp:featuredmedia":[{"embeddable":true,"href":"https:\/\/mwc-cmm.org\/fr\/wp-json\/wp\/v2\/media\/98594"}],"wp:attachment":[{"href":"https:\/\/mwc-cmm.org\/fr\/wp-json\/wp\/v2\/media?parent=10675"}],"wp:term":[{"taxonomy":"category","embeddable":true,"href":"https:\/\/mwc-cmm.org\/fr\/wp-json\/wp\/v2\/categories?post=10675"},{"taxonomy":"post_tag","embeddable":true,"href":"https:\/\/mwc-cmm.org\/fr\/wp-json\/wp\/v2\/tags?post=10675"},{"taxonomy":"network","embeddable":true,"href":"https:\/\/mwc-cmm.org\/fr\/wp-json\/wp\/v2\/network?post=10675"},{"taxonomy":"eventcategory","embeddable":true,"href":"https:\/\/mwc-cmm.org\/fr\/wp-json\/wp\/v2\/eventcategory?post=10675"}],"curies":[{"name":"wp","href":"https:\/\/api.w.org\/{rel}","templated":true}]}}