{"id":10673,"date":"2024-09-11T00:00:00","date_gmt":"2024-09-11T00:00:00","guid":{"rendered":"https:\/\/mwc-cmm.org\/500th-anniversary-website-revealed-3\/"},"modified":"2025-01-06T15:48:24","modified_gmt":"2025-01-06T15:48:24","slug":"ouverture-du-site-anniversaire-des-500-ans","status":"publish","type":"post","link":"https:\/\/mwc-cmm.org\/fr\/stories\/ouverture-du-site-anniversaire-des-500-ans\/","title":{"rendered":"Ouverture du site anniversaire des 500\u202fans"},"content":{"rendered":"<p>\u00ab\u00a0Les anniversaires sont l\u2019occasion de s\u2019arr\u00eater et de r\u00e9fl\u00e9chir\u00a0: nous nous rappelons d\u2019o\u00f9 nous venons, nous consid\u00e9rons qui nous sommes aujourd\u2019hui et nous anticipons ce \u00e0 quoi Dieu nous appelle\u00a0\u00bb, dit C\u00e9sar Garc\u00eda, secr\u00e9taire g\u00e9n\u00e9ral de la CMM.<\/p>\n<p>\u00ab\u00a0Le courage d\u2019aimer\u00a0\u00bb, voil\u00e0 le th\u00e8me de l\u2019anniversaire de la Conf\u00e9rence Mennonite Mondiale en 2025.<\/p>\n<p>Pour plus d\u2019informations sur la journ\u00e9e de comm\u00e9moration de la CMM en Suisse ou sur les autres \u00e9v\u00e9nements organis\u00e9s tout au long de l\u2019ann\u00e9e, visitez le site <a href=\"https:\/\/mwc-cmm.org\/anabaptism500\"><strong>mwc-cmm.org\/anabaptism500<\/strong><\/a>.<\/p>\n<p>Les activit\u00e9s de la journ\u00e9e comprendront des chorales, une table ronde, des promenades historiques dans la vieille ville de Zurich, des ateliers et un jeu interactif \u00ab\u00a0Trouvez l\u2019\u00e9glise secr\u00e8te\u00a0\u00bb. La journ\u00e9e se terminera par une c\u00e9l\u00e9bration avec des invit\u00e9s internationaux et \u0153cum\u00e9niques dans l\u2019\u00e9glise Grossm\u00fcnster.<\/p>\n<p>Vous pouvez vous rendre \u00e0 Zurich pour participer \u00e0 cette journ\u00e9e en voyage organis\u00e9 ou par vous-m\u00eame. Le culte de cl\u00f4ture sera retransmis en direct en anglais, en fran\u00e7ais, en espagnol et en allemand.<\/p>\n<p>Tout au long de l\u2019ann\u00e9e, des \u00e9v\u00e9nements seront organis\u00e9s dans le monde entier pour c\u00e9l\u00e9brer le mouvement anabaptiste et r\u00e9fl\u00e9chir \u00e0 ce qu\u2019il est devenu aujourd\u2019hui.<\/p>\n<p>\u00bb Nous sommes stimul\u00e9s par la fa\u00e7on dont \u00ab\u00a0Le courage d\u2019aimer\u00a0\u00bb nous incite \u00e0 agir \u00e0 la mani\u00e8re du Christ aujourd\u2019hui, tout autant qu\u2019il y a 500\u00a0ans. Les \u00c9glises nationales ou les assembl\u00e9es locales peuvent utiliser ce th\u00e8me pour leurs propres \u00e9v\u00e9nements en 2025\u00a0\u00bb, dit Liesa Unger, responsable des \u00e9v\u00e9nements internationaux de la CMM.<\/p>\n<p style=\"text-align: center;\"><img decoding=\"async\" data-src=\"\/sites\/default\/files\/website_files_2020\/500-website-fr.png\" alt=\"Anabaptisme at 500 site-web selectionnez 'Fran\u00e7ais'\" width=\"600\" height=\"236\" src=\"data:image\/svg+xml;base64,PHN2ZyB3aWR0aD0iMSIgaGVpZ2h0PSIxIiB4bWxucz0iaHR0cDovL3d3dy53My5vcmcvMjAwMC9zdmciPjwvc3ZnPg==\" class=\"lazyload\" style=\"--smush-placeholder-width: 600px; --smush-placeholder-aspect-ratio: 600\/236;\" \/><\/p>\n<h3>Un ensemble de rassemblements<\/h3>\n<p>Avant l\u2019\u00e9v\u00e9nement, le <a href=\"https:\/\/mwc-cmm.org\/fr\/conseil-general\">Conseil G\u00e9n\u00e9ral<\/a> de la Conf\u00e9rence Mennonite Mondiale (compos\u00e9 des responsables de chaque \u00c9glise nationale membre dans le monde) se r\u00e9unira pour prendre des d\u00e9cisions et pour apprendre. Apr\u00e8s l\u2019\u00e9v\u00e9nement, les jeunes se r\u00e9uniront pour un <a href=\"https:\/\/mwc-cmm.org\/fr\/gys-sommet-mondial-de-la-jeunesse\">Sommet mondial de la jeunesse<\/a> \u2014 c\u2019est la premi\u00e8re fois que cet \u00e9v\u00e9nement a lieu en dehors d\u2019une ann\u00e9e <a href=\"https:\/\/mwc-cmm.org\/fr\/assemblee-reunie-0\">d\u2019Assembl\u00e9e<\/a>.<\/p>\n<h3>Deux anniversaires<\/h3>\n<p>2025 est l\u2019occasion d\u2019une double c\u00e9l\u00e9bration pour la CMM. Il y a 500\u00a0ans, Conrad Grebel, Georg Blaurock et Felix Manz ont pris l\u2019initiative courageuse de se \u00ab\u00a0rebaptiser\u00a0\u00bb les uns les autres pour exprimer leur conception de la foi. Cet acte a\u00a0marqu\u00e9 symboliquement le d\u00e9but du mouvement anabaptiste, qui compte aujourd\u2019hui environ 2,13\u00a0millions de croyants dans plus de 80\u00a0pays \u00e0 travers le monde.<\/p>\n<p>Cela fait \u00e9galement 100\u00a0ans que la Conf\u00e9rence Mennonite Mondiale a \u00e9t\u00e9 cr\u00e9\u00e9e. Son premier \u00e9v\u00e9nement \u00e9tait une conf\u00e9rence\u00a0: un rassemblement de responsables d\u2019\u00e9glises mennonites d\u2019Allemagne, de France, des Pays-Bas, de Suisse et des \u00c9tats-Unis. Le th\u00e8me de leur premi\u00e8re rencontre\u00a0: \u00ab\u00a0Comment pouvons-nous am\u00e9liorer la vie spirituelle de nos assembl\u00e9es\u00a0?\u00a0\u00bb<\/p>\n<h3>T\u00e9l\u00e9charger des ressources<\/h3>\n<p><a href=\"https:\/\/www.flickr.com\/photos\/mwcmm\/albums\/72177720311646025\/\">Cliquer ici pour les affiches de l\u2019\u00e9v\u00e9nement\u00a0<\/a><\/p>\n","protected":false},"excerpt":{"rendered":"<p>\u00ab\u00a0Les anniversaires sont l\u2019occasion de s\u2019arr\u00eater et de r\u00e9fl\u00e9chir\u00a0: nous nous rappelons d\u2019o\u00f9 nous venons, nous consid\u00e9rons qui nous sommes aujourd\u2019hui et nous anticipons ce \u00e0 quoi Dieu nous appelle\u00a0\u00bb, dit C\u00e9sar Garc\u00eda, secr\u00e9taire g\u00e9n\u00e9ral de la CMM. \u00ab\u00a0Le courage d\u2019aimer\u00a0\u00bb, voil\u00e0 le th\u00e8me de l\u2019anniversaire de la Conf\u00e9rence Mennonite Mondiale en 2025. Pour plus [&hellip;]<\/p>\n","protected":false},"author":1,"featured_media":13034,"comment_status":"closed","ping_status":"closed","sticky":false,"template":"","format":"standard","meta":{"_acf_changed":false,"footnotes":""},"categories":[7],"tags":[516,515,446,427],"network":[],"eventcategory":[1510,1485],"class_list":["post-10673","post","type-post","status-publish","format-standard","has-post-thumbnail","hentry","category-non-classifiee","tag-500-fr","tag-anniversaire","tag-the-courage-to-love-fr","tag-zurich","eventcategory-500-the-courage-to-love-fr","eventcategory-renewal-2028-fr"],"acf":[],"yoast_head":"<!-- This site is optimized with the Yoast SEO plugin v27.5 - https:\/\/yoast.com\/product\/yoast-seo-wordpress\/ -->\n<title>Ouverture du site anniversaire des 500\u202fans - Mennonite World Conference<\/title>\n<meta name=\"robots\" content=\"index, follow, max-snippet:-1, max-image-preview:large, max-video-preview:-1\" \/>\n<link rel=\"canonical\" href=\"https:\/\/mwc-cmm.org\/fr\/stories\/ouverture-du-site-anniversaire-des-500-ans\/\" \/>\n<meta property=\"og:locale\" content=\"fr_FR\" \/>\n<meta property=\"og:type\" content=\"article\" \/>\n<meta property=\"og:title\" content=\"Ouverture du site anniversaire des 500\u202fans - Mennonite World Conference\" \/>\n<meta property=\"og:description\" content=\"\u00ab\u00a0Les anniversaires sont l\u2019occasion de s\u2019arr\u00eater et de r\u00e9fl\u00e9chir\u00a0: nous nous rappelons d\u2019o\u00f9 nous venons, nous consid\u00e9rons qui nous sommes aujourd\u2019hui et nous anticipons ce \u00e0 quoi Dieu nous appelle\u00a0\u00bb, dit C\u00e9sar Garc\u00eda, secr\u00e9taire g\u00e9n\u00e9ral de la CMM. \u00ab\u00a0Le courage d\u2019aimer\u00a0\u00bb, voil\u00e0 le th\u00e8me de l\u2019anniversaire de la Conf\u00e9rence Mennonite Mondiale en 2025. Pour plus [&hellip;]\" \/>\n<meta property=\"og:url\" content=\"https:\/\/mwc-cmm.org\/fr\/stories\/ouverture-du-site-anniversaire-des-500-ans\/\" \/>\n<meta property=\"og:site_name\" content=\"Mennonite World Conference\" \/>\n<meta property=\"article:publisher\" content=\"https:\/\/www.facebook.com\/MennoniteWorldConference\" \/>\n<meta property=\"article:published_time\" content=\"2024-09-11T00:00:00+00:00\" \/>\n<meta property=\"article:modified_time\" content=\"2025-01-06T15:48:24+00:00\" \/>\n<meta property=\"og:image\" content=\"https:\/\/mwc-cmm.org\/wp-content\/uploads\/2024\/10\/anabaptism_500.jpg\" \/>\n\t<meta property=\"og:image:width\" content=\"940\" \/>\n\t<meta property=\"og:image:height\" content=\"788\" \/>\n\t<meta property=\"og:image:type\" content=\"image\/jpeg\" \/>\n<meta name=\"author\" content=\"mennworldcon\" \/>\n<script type=\"application\/ld+json\" class=\"yoast-schema-graph\">{\"@context\":\"https:\\\/\\\/schema.org\",\"@graph\":[{\"@type\":\"Article\",\"@id\":\"https:\\\/\\\/mwc-cmm.org\\\/fr\\\/stories\\\/ouverture-du-site-anniversaire-des-500-ans\\\/#article\",\"isPartOf\":{\"@id\":\"https:\\\/\\\/mwc-cmm.org\\\/fr\\\/stories\\\/ouverture-du-site-anniversaire-des-500-ans\\\/\"},\"author\":{\"name\":\"mennworldcon\",\"@id\":\"https:\\\/\\\/mwc-cmm.org\\\/en\\\/#\\\/schema\\\/person\\\/11f6ae0d7d1868ba20a1cc27f067c836\"},\"headline\":\"Ouverture du site anniversaire des 500\u202fans\",\"datePublished\":\"2024-09-11T00:00:00+00:00\",\"dateModified\":\"2025-01-06T15:48:24+00:00\",\"mainEntityOfPage\":{\"@id\":\"https:\\\/\\\/mwc-cmm.org\\\/fr\\\/stories\\\/ouverture-du-site-anniversaire-des-500-ans\\\/\"},\"wordCount\":520,\"publisher\":{\"@id\":\"https:\\\/\\\/mwc-cmm.org\\\/en\\\/#organization\"},\"image\":{\"@id\":\"https:\\\/\\\/mwc-cmm.org\\\/fr\\\/stories\\\/ouverture-du-site-anniversaire-des-500-ans\\\/#primaryimage\"},\"thumbnailUrl\":\"https:\\\/\\\/mwc-cmm.org\\\/wp-content\\\/uploads\\\/2024\\\/10\\\/anabaptism_500.jpg\",\"keywords\":[\"500\",\"anniversaire\",\"The Courage to Love\",\"Zurich\"],\"articleSection\":[\"Non classifi\u00e9(e)\"],\"inLanguage\":\"fr-FR\"},{\"@type\":\"WebPage\",\"@id\":\"https:\\\/\\\/mwc-cmm.org\\\/fr\\\/stories\\\/ouverture-du-site-anniversaire-des-500-ans\\\/\",\"url\":\"https:\\\/\\\/mwc-cmm.org\\\/fr\\\/stories\\\/ouverture-du-site-anniversaire-des-500-ans\\\/\",\"name\":\"Ouverture du site anniversaire des 500\u202fans - Mennonite World Conference\",\"isPartOf\":{\"@id\":\"https:\\\/\\\/mwc-cmm.org\\\/en\\\/#website\"},\"primaryImageOfPage\":{\"@id\":\"https:\\\/\\\/mwc-cmm.org\\\/fr\\\/stories\\\/ouverture-du-site-anniversaire-des-500-ans\\\/#primaryimage\"},\"image\":{\"@id\":\"https:\\\/\\\/mwc-cmm.org\\\/fr\\\/stories\\\/ouverture-du-site-anniversaire-des-500-ans\\\/#primaryimage\"},\"thumbnailUrl\":\"https:\\\/\\\/mwc-cmm.org\\\/wp-content\\\/uploads\\\/2024\\\/10\\\/anabaptism_500.jpg\",\"datePublished\":\"2024-09-11T00:00:00+00:00\",\"dateModified\":\"2025-01-06T15:48:24+00:00\",\"breadcrumb\":{\"@id\":\"https:\\\/\\\/mwc-cmm.org\\\/fr\\\/stories\\\/ouverture-du-site-anniversaire-des-500-ans\\\/#breadcrumb\"},\"inLanguage\":\"fr-FR\",\"potentialAction\":[{\"@type\":\"ReadAction\",\"target\":[\"https:\\\/\\\/mwc-cmm.org\\\/fr\\\/stories\\\/ouverture-du-site-anniversaire-des-500-ans\\\/\"]}]},{\"@type\":\"ImageObject\",\"inLanguage\":\"fr-FR\",\"@id\":\"https:\\\/\\\/mwc-cmm.org\\\/fr\\\/stories\\\/ouverture-du-site-anniversaire-des-500-ans\\\/#primaryimage\",\"url\":\"https:\\\/\\\/mwc-cmm.org\\\/wp-content\\\/uploads\\\/2024\\\/10\\\/anabaptism_500.jpg\",\"contentUrl\":\"https:\\\/\\\/mwc-cmm.org\\\/wp-content\\\/uploads\\\/2024\\\/10\\\/anabaptism_500.jpg\",\"width\":940,\"height\":788},{\"@type\":\"BreadcrumbList\",\"@id\":\"https:\\\/\\\/mwc-cmm.org\\\/fr\\\/stories\\\/ouverture-du-site-anniversaire-des-500-ans\\\/#breadcrumb\",\"itemListElement\":[{\"@type\":\"ListItem\",\"position\":1,\"name\":\"Home\",\"item\":\"https:\\\/\\\/mwc-cmm.org\\\/fr\\\/\"},{\"@type\":\"ListItem\",\"position\":2,\"name\":\"Ouverture du site anniversaire des 500\u202fans\"}]},{\"@type\":\"WebSite\",\"@id\":\"https:\\\/\\\/mwc-cmm.org\\\/en\\\/#website\",\"url\":\"https:\\\/\\\/mwc-cmm.org\\\/en\\\/\",\"name\":\"Mennonite World Conference\",\"description\":\"A communion of Anabaptist-related churches\",\"publisher\":{\"@id\":\"https:\\\/\\\/mwc-cmm.org\\\/en\\\/#organization\"},\"alternateName\":\"MWC\",\"potentialAction\":[{\"@type\":\"SearchAction\",\"target\":{\"@type\":\"EntryPoint\",\"urlTemplate\":\"https:\\\/\\\/mwc-cmm.org\\\/en\\\/?s={search_term_string}\"},\"query-input\":{\"@type\":\"PropertyValueSpecification\",\"valueRequired\":true,\"valueName\":\"search_term_string\"}}],\"inLanguage\":\"fr-FR\"},{\"@type\":\"Organization\",\"@id\":\"https:\\\/\\\/mwc-cmm.org\\\/en\\\/#organization\",\"name\":\"Mennonite World Conference\",\"alternateName\":\"MWC\",\"url\":\"https:\\\/\\\/mwc-cmm.org\\\/en\\\/\",\"logo\":{\"@type\":\"ImageObject\",\"inLanguage\":\"fr-FR\",\"@id\":\"https:\\\/\\\/mwc-cmm.org\\\/en\\\/#\\\/schema\\\/logo\\\/image\\\/\",\"url\":\"https:\\\/\\\/mwc-cmm.org\\\/wp-content\\\/uploads\\\/2026\\\/01\\\/MWC_Sig_Blue_Horiz_webheader1-logo.svg\",\"contentUrl\":\"https:\\\/\\\/mwc-cmm.org\\\/wp-content\\\/uploads\\\/2026\\\/01\\\/MWC_Sig_Blue_Horiz_webheader1-logo.svg\",\"width\":786,\"height\":82,\"caption\":\"Mennonite World Conference\"},\"image\":{\"@id\":\"https:\\\/\\\/mwc-cmm.org\\\/en\\\/#\\\/schema\\\/logo\\\/image\\\/\"},\"sameAs\":[\"https:\\\/\\\/www.facebook.com\\\/MennoniteWorldConference\",\"https:\\\/\\\/www.linkedin.com\\\/company\\\/mennonite-world-conference-mwc\\\/\",\"https:\\\/\\\/www.instagram.com\\\/mwcmm\\\/\",\"https:\\\/\\\/www.youtube.com\\\/user\\\/mwccmm\",\"https:\\\/\\\/bsky.app\\\/profile\\\/mwcmm.bsky.social\"]},{\"@type\":\"Person\",\"@id\":\"https:\\\/\\\/mwc-cmm.org\\\/en\\\/#\\\/schema\\\/person\\\/11f6ae0d7d1868ba20a1cc27f067c836\",\"name\":\"mennworldcon\",\"image\":{\"@type\":\"ImageObject\",\"inLanguage\":\"fr-FR\",\"@id\":\"https:\\\/\\\/secure.gravatar.com\\\/avatar\\\/06fdc0dc81c157dfdb82ec42f252178a22307808988d22c043f9eb96f1e0fe80?s=96&d=mm&r=g\",\"url\":\"https:\\\/\\\/secure.gravatar.com\\\/avatar\\\/06fdc0dc81c157dfdb82ec42f252178a22307808988d22c043f9eb96f1e0fe80?s=96&d=mm&r=g\",\"contentUrl\":\"https:\\\/\\\/secure.gravatar.com\\\/avatar\\\/06fdc0dc81c157dfdb82ec42f252178a22307808988d22c043f9eb96f1e0fe80?s=96&d=mm&r=g\",\"caption\":\"mennworldcon\"},\"sameAs\":[\"https:\\\/\\\/mwc-cmm.org\"],\"url\":\"https:\\\/\\\/mwc-cmm.org\\\/fr\\\/stories\\\/author\\\/mennworldcon\\\/\"}]}<\/script>\n<!-- \/ Yoast SEO plugin. -->","yoast_head_json":{"title":"Ouverture du site anniversaire des 500\u202fans - Mennonite World Conference","robots":{"index":"index","follow":"follow","max-snippet":"max-snippet:-1","max-image-preview":"max-image-preview:large","max-video-preview":"max-video-preview:-1"},"canonical":"https:\/\/mwc-cmm.org\/fr\/stories\/ouverture-du-site-anniversaire-des-500-ans\/","og_locale":"fr_FR","og_type":"article","og_title":"Ouverture du site anniversaire des 500\u202fans - Mennonite World Conference","og_description":"\u00ab\u00a0Les anniversaires sont l\u2019occasion de s\u2019arr\u00eater et de r\u00e9fl\u00e9chir\u00a0: nous nous rappelons d\u2019o\u00f9 nous venons, nous consid\u00e9rons qui nous sommes aujourd\u2019hui et nous anticipons ce \u00e0 quoi Dieu nous appelle\u00a0\u00bb, dit C\u00e9sar Garc\u00eda, secr\u00e9taire g\u00e9n\u00e9ral de la CMM. \u00ab\u00a0Le courage d\u2019aimer\u00a0\u00bb, voil\u00e0 le th\u00e8me de l\u2019anniversaire de la Conf\u00e9rence Mennonite Mondiale en 2025. Pour plus [&hellip;]","og_url":"https:\/\/mwc-cmm.org\/fr\/stories\/ouverture-du-site-anniversaire-des-500-ans\/","og_site_name":"Mennonite World Conference","article_publisher":"https:\/\/www.facebook.com\/MennoniteWorldConference","article_published_time":"2024-09-11T00:00:00+00:00","article_modified_time":"2025-01-06T15:48:24+00:00","og_image":[{"width":940,"height":788,"url":"https:\/\/mwc-cmm.org\/wp-content\/uploads\/2024\/10\/anabaptism_500.jpg","type":"image\/jpeg"}],"author":"mennworldcon","schema":{"@context":"https:\/\/schema.org","@graph":[{"@type":"Article","@id":"https:\/\/mwc-cmm.org\/fr\/stories\/ouverture-du-site-anniversaire-des-500-ans\/#article","isPartOf":{"@id":"https:\/\/mwc-cmm.org\/fr\/stories\/ouverture-du-site-anniversaire-des-500-ans\/"},"author":{"name":"mennworldcon","@id":"https:\/\/mwc-cmm.org\/en\/#\/schema\/person\/11f6ae0d7d1868ba20a1cc27f067c836"},"headline":"Ouverture du site anniversaire des 500\u202fans","datePublished":"2024-09-11T00:00:00+00:00","dateModified":"2025-01-06T15:48:24+00:00","mainEntityOfPage":{"@id":"https:\/\/mwc-cmm.org\/fr\/stories\/ouverture-du-site-anniversaire-des-500-ans\/"},"wordCount":520,"publisher":{"@id":"https:\/\/mwc-cmm.org\/en\/#organization"},"image":{"@id":"https:\/\/mwc-cmm.org\/fr\/stories\/ouverture-du-site-anniversaire-des-500-ans\/#primaryimage"},"thumbnailUrl":"https:\/\/mwc-cmm.org\/wp-content\/uploads\/2024\/10\/anabaptism_500.jpg","keywords":["500","anniversaire","The Courage to Love","Zurich"],"articleSection":["Non classifi\u00e9(e)"],"inLanguage":"fr-FR"},{"@type":"WebPage","@id":"https:\/\/mwc-cmm.org\/fr\/stories\/ouverture-du-site-anniversaire-des-500-ans\/","url":"https:\/\/mwc-cmm.org\/fr\/stories\/ouverture-du-site-anniversaire-des-500-ans\/","name":"Ouverture du site anniversaire des 500\u202fans - Mennonite World Conference","isPartOf":{"@id":"https:\/\/mwc-cmm.org\/en\/#website"},"primaryImageOfPage":{"@id":"https:\/\/mwc-cmm.org\/fr\/stories\/ouverture-du-site-anniversaire-des-500-ans\/#primaryimage"},"image":{"@id":"https:\/\/mwc-cmm.org\/fr\/stories\/ouverture-du-site-anniversaire-des-500-ans\/#primaryimage"},"thumbnailUrl":"https:\/\/mwc-cmm.org\/wp-content\/uploads\/2024\/10\/anabaptism_500.jpg","datePublished":"2024-09-11T00:00:00+00:00","dateModified":"2025-01-06T15:48:24+00:00","breadcrumb":{"@id":"https:\/\/mwc-cmm.org\/fr\/stories\/ouverture-du-site-anniversaire-des-500-ans\/#breadcrumb"},"inLanguage":"fr-FR","potentialAction":[{"@type":"ReadAction","target":["https:\/\/mwc-cmm.org\/fr\/stories\/ouverture-du-site-anniversaire-des-500-ans\/"]}]},{"@type":"ImageObject","inLanguage":"fr-FR","@id":"https:\/\/mwc-cmm.org\/fr\/stories\/ouverture-du-site-anniversaire-des-500-ans\/#primaryimage","url":"https:\/\/mwc-cmm.org\/wp-content\/uploads\/2024\/10\/anabaptism_500.jpg","contentUrl":"https:\/\/mwc-cmm.org\/wp-content\/uploads\/2024\/10\/anabaptism_500.jpg","width":940,"height":788},{"@type":"BreadcrumbList","@id":"https:\/\/mwc-cmm.org\/fr\/stories\/ouverture-du-site-anniversaire-des-500-ans\/#breadcrumb","itemListElement":[{"@type":"ListItem","position":1,"name":"Home","item":"https:\/\/mwc-cmm.org\/fr\/"},{"@type":"ListItem","position":2,"name":"Ouverture du site anniversaire des 500\u202fans"}]},{"@type":"WebSite","@id":"https:\/\/mwc-cmm.org\/en\/#website","url":"https:\/\/mwc-cmm.org\/en\/","name":"Mennonite World Conference","description":"A communion of Anabaptist-related churches","publisher":{"@id":"https:\/\/mwc-cmm.org\/en\/#organization"},"alternateName":"MWC","potentialAction":[{"@type":"SearchAction","target":{"@type":"EntryPoint","urlTemplate":"https:\/\/mwc-cmm.org\/en\/?s={search_term_string}"},"query-input":{"@type":"PropertyValueSpecification","valueRequired":true,"valueName":"search_term_string"}}],"inLanguage":"fr-FR"},{"@type":"Organization","@id":"https:\/\/mwc-cmm.org\/en\/#organization","name":"Mennonite World Conference","alternateName":"MWC","url":"https:\/\/mwc-cmm.org\/en\/","logo":{"@type":"ImageObject","inLanguage":"fr-FR","@id":"https:\/\/mwc-cmm.org\/en\/#\/schema\/logo\/image\/","url":"https:\/\/mwc-cmm.org\/wp-content\/uploads\/2026\/01\/MWC_Sig_Blue_Horiz_webheader1-logo.svg","contentUrl":"https:\/\/mwc-cmm.org\/wp-content\/uploads\/2026\/01\/MWC_Sig_Blue_Horiz_webheader1-logo.svg","width":786,"height":82,"caption":"Mennonite World Conference"},"image":{"@id":"https:\/\/mwc-cmm.org\/en\/#\/schema\/logo\/image\/"},"sameAs":["https:\/\/www.facebook.com\/MennoniteWorldConference","https:\/\/www.linkedin.com\/company\/mennonite-world-conference-mwc\/","https:\/\/www.instagram.com\/mwcmm\/","https:\/\/www.youtube.com\/user\/mwccmm","https:\/\/bsky.app\/profile\/mwcmm.bsky.social"]},{"@type":"Person","@id":"https:\/\/mwc-cmm.org\/en\/#\/schema\/person\/11f6ae0d7d1868ba20a1cc27f067c836","name":"mennworldcon","image":{"@type":"ImageObject","inLanguage":"fr-FR","@id":"https:\/\/secure.gravatar.com\/avatar\/06fdc0dc81c157dfdb82ec42f252178a22307808988d22c043f9eb96f1e0fe80?s=96&d=mm&r=g","url":"https:\/\/secure.gravatar.com\/avatar\/06fdc0dc81c157dfdb82ec42f252178a22307808988d22c043f9eb96f1e0fe80?s=96&d=mm&r=g","contentUrl":"https:\/\/secure.gravatar.com\/avatar\/06fdc0dc81c157dfdb82ec42f252178a22307808988d22c043f9eb96f1e0fe80?s=96&d=mm&r=g","caption":"mennworldcon"},"sameAs":["https:\/\/mwc-cmm.org"],"url":"https:\/\/mwc-cmm.org\/fr\/stories\/author\/mennworldcon\/"}]}},"_links":{"self":[{"href":"https:\/\/mwc-cmm.org\/fr\/wp-json\/wp\/v2\/posts\/10673","targetHints":{"allow":["GET"]}}],"collection":[{"href":"https:\/\/mwc-cmm.org\/fr\/wp-json\/wp\/v2\/posts"}],"about":[{"href":"https:\/\/mwc-cmm.org\/fr\/wp-json\/wp\/v2\/types\/post"}],"author":[{"embeddable":true,"href":"https:\/\/mwc-cmm.org\/fr\/wp-json\/wp\/v2\/users\/1"}],"replies":[{"embeddable":true,"href":"https:\/\/mwc-cmm.org\/fr\/wp-json\/wp\/v2\/comments?post=10673"}],"version-history":[{"count":0,"href":"https:\/\/mwc-cmm.org\/fr\/wp-json\/wp\/v2\/posts\/10673\/revisions"}],"wp:featuredmedia":[{"embeddable":true,"href":"https:\/\/mwc-cmm.org\/fr\/wp-json\/wp\/v2\/media\/13034"}],"wp:attachment":[{"href":"https:\/\/mwc-cmm.org\/fr\/wp-json\/wp\/v2\/media?parent=10673"}],"wp:term":[{"taxonomy":"category","embeddable":true,"href":"https:\/\/mwc-cmm.org\/fr\/wp-json\/wp\/v2\/categories?post=10673"},{"taxonomy":"post_tag","embeddable":true,"href":"https:\/\/mwc-cmm.org\/fr\/wp-json\/wp\/v2\/tags?post=10673"},{"taxonomy":"network","embeddable":true,"href":"https:\/\/mwc-cmm.org\/fr\/wp-json\/wp\/v2\/network?post=10673"},{"taxonomy":"eventcategory","embeddable":true,"href":"https:\/\/mwc-cmm.org\/fr\/wp-json\/wp\/v2\/eventcategory?post=10673"}],"curies":[{"name":"wp","href":"https:\/\/api.w.org\/{rel}","templated":true}]}}