{"id":10672,"date":"2024-09-04T00:00:00","date_gmt":"2024-09-04T00:00:00","guid":{"rendered":"https:\/\/mwc-cmm.org\/ambs-mwc-collaboration-forms-leaders-for-the-global-church-3\/"},"modified":"2024-12-10T17:21:24","modified_gmt":"2024-12-10T17:21:24","slug":"la-collaboration-ambs-cmm-forme-des-responsables-pour-leglise-mondiale","status":"publish","type":"post","link":"https:\/\/mwc-cmm.org\/fr\/stories\/la-collaboration-ambs-cmm-forme-des-responsables-pour-leglise-mondiale\/","title":{"rendered":"La collaboration AMBS-CMM forme des responsables pour l\u2019\u00c9glise mondiale."},"content":{"rendered":"<p>Une collaboration mise en place en 2020 entre la <a href=\"https:\/\/mwc-cmm.org\/fr\/fonds-de-partage-de-leglise-mondiale\">Conf\u00e9rence Mennonite Mondiale (CMM)<\/a> et <a href=\"http:\/\/www.ambs.edu\/\">Anabaptist Mennonite Biblical Seminary (AMBS)<\/a> \u00e0 Elkhart, Indiana (\u00c9tats-Unis) permet \u00e0 des personnes du monde entier de se former \u00e0 la pastorale anabaptiste et \u00e0 la direction&nbsp;d\u2019\u00e9glises.&nbsp;<\/p>\n<p>Gr\u00e2ce \u00e0 des programmes existants et \u00e0 de nouvelles initiatives, des pasteurs et des responsables d\u2019\u00e9glises suivent, dans leur pays d\u2019origine, des cours d\u2019\u00e9tudes th\u00e9ologiques et bibliques, d\u2019histoire de l\u2019\u00c9glise et de cours sur les minist\u00e8res, avec ou sans unit\u00e9s de valeur, dispens\u00e9s par&nbsp;AMBS.&nbsp;<\/p>\n<p><strong>C\u00e9sar Garc\u00eda <\/strong>(titulaire d\u2019un doctorat), secr\u00e9taire g\u00e9n\u00e9ral de la CMM, d\u00e9crit cette collaboration comme une r\u00e9ponse \u00e0 l\u2019appel lanc\u00e9 en 2003 pour \u2018mettre les dons en commun\u2019 entre les \u00e9glises membres de la CMM. AMBS appartient \u00e0 <em><a href=\"https:\/\/www.mennonitechurch.ca\/\">Mennonite Church Canada<\/a><\/em> et \u00e0 <a href=\"http:\/\/mennoniteusa.org\/\"><em>Mennonite Church USA,<\/em><\/a> deux des 108 \u00e9glises membres de la&nbsp;CMM.&nbsp;<\/p>\n<p>Gr\u00e2ce aux liens entre AMBS et la CMM, le s\u00e9minaire a re\u00e7u un nombre croissant d\u2019invitations de responsables d\u2019unions d\u2019\u00e9glises \u00e0 soutenir la formation de responsables anabaptistes dans leur contexte. Les \u00e9glises membres de la CMM et d\u2019autres organisations anabaptistes se sont jointes \u00e0 AMBS pour r\u00e9pondre \u00e0 ces invitations, ce qui a entra\u00een\u00e9 une mise en commun accrue des dons. La campagne \u00ab&nbsp;<a href=\"https:\/\/www.ambs.edu\/MWC\"><em>Forming<\/em><\/a><a href=\"https:\/\/www.ambs.edu\/MWC\"><em> Leaders <\/em><\/a><a href=\"https:\/\/www.ambs.edu\/MWC\"><em>Together<\/em><\/a>&nbsp;\u00bb (Former Ensemble des Responsables) du s\u00e9minaire a \u00e9galement contribu\u00e9 \u00e0 financer cette&nbsp;collaboration.&nbsp;<\/p>\n<p>Par exemple, en octobre 2023, <strong>Andi Santoso<\/strong> (titulaire d\u2019un master \u2013 2022), directeur r\u00e9gional pour l\u2019Asie et le Moyen-Orient de Mennonite Mission Network (MMN, R\u00e9seau de Mission Mennonite), <strong>Joe Sawatzky<\/strong> (titulaire d\u2019un doctorat), sp\u00e9cialiste du projet de collaboration sur la formation des responsables mondiaux de AMBS, \u00e9galement de MMN, et <strong>David Boshart<\/strong>, (titulaire d\u2019un doctorat) pr\u00e9sident de AMBS, ont \u00e9t\u00e9 invit\u00e9s \u00e0 donner un cours de trois jours sur la formation des responsables \u00e0 une trentaine d\u2019\u00e9tudiants de cinq unions d\u2019\u00e9glises anabaptistes d\u2019Inde. Chaque union a envoy\u00e9 deux femmes, deux hommes et au moins un jeune pour qu\u2019ils soient form\u00e9s \u00e0 enseigner dans leur r\u00e9gion \u00e0&nbsp;l\u2019avenir.&nbsp;<\/p>\n<p>\u00ab&nbsp;Nous avons test\u00e9 le mat\u00e9riel avec les responsables \u00e0 l\u2019avance, puis nous l\u2019avons r\u00e9vis\u00e9 pour qu\u2019il soit adapt\u00e9 au contexte, en pr\u00e9voyant des espaces dans le programme d\u2019\u00e9tudes pour que les formateurs puissent y inclure des exemples tir\u00e9s de leur contexte local&nbsp;\u00bb, a d\u00e9clar\u00e9 David Boshart. \u00ab&nbsp;Ce support appartient d\u00e9sormais \u00e0 ces \u00e9glises, qui peuvent l\u2019utiliser et l\u2019adapter de la mani\u00e8re la plus utile dans leur&nbsp;milieu.&nbsp;\u00bb&nbsp;<\/p>\n<p>Un partenariat formalis\u00e9 en 2019 entre AMBS et Meserete Kristos Seminary (MKS : S\u00e9minaire mennonite \u00e9thiopien) \u00e0 Bishoftu\/Debre Zeit (\u00c9thiopie) a aussi \u00e9t\u00e9 renforc\u00e9 par la relation d\u2019AMBS avec la CMM. Ensemble, les responsables du MKS et de l\u2019AMBS ont cr\u00e9\u00e9 une version personnalis\u00e9e du <em><strong>Master of Arts&nbsp;: Theology and Global Anabaptism<\/strong><\/em> (Maitrise&nbsp;: Th\u00e9ologie et anabaptisme mondial) pour former les responsables de l\u2019\u00c9glise Meserete Kristos. Les \u00e9tudiants suivent une combinaison de cours semestriels en ligne et de cours intensifs \u00e0 court terme adapt\u00e9s au contexte \u00e9thiopien et dispens\u00e9s en personne \u00e0 MKS par des professeurs d\u2019AMBS. Le programme compte 29 \u00e9tudiants ; les sept premiers \u00e9tudiants ont \u00e9t\u00e9 dipl\u00f4m\u00e9s en&nbsp;2023.&nbsp;<\/p>\n<p>\u00ab&nbsp;La collaboration avec les \u00e9glises et de nouveaux responsables dans leur contexte affermit les membres de notre corps enseignant parce qu\u2019ils acqui\u00e8rent une exposition plus large et une appr\u00e9ciation de la communaut\u00e9 anabaptiste mondiale, en particulier dans le Sud global&nbsp;\u00bb, a not\u00e9 David&nbsp;Boshart.&nbsp;<\/p>\n<p><em>&nbsp;\u2014 Annette Brill Bergstresser est responsable de la communication \u00e0 l\u2019Anabaptist Mennonite Biblical Seminary (AMBS), un s\u00e9minaire situ\u00e9 \u00e0 Elkhart, Indian, (\u00c9tats Unis), sur les terres ancestrales des Potawatomi et des Miami. AMBS propose un enseignement th\u00e9ologique sur le campus et \u00e0 distance, ainsi qu\u2019un large \u00e9ventail de programmes d\u2019enseignement \u00e0 long terme, dans le but de former des disciples de J\u00e9sus-Christ \u00e0 devenir des responsables de la mission de r\u00e9conciliation de Dieu dans le monde. <a href=\"http:\/\/ambs.edu&nbsp;\">ambs.edu&nbsp;<\/a><\/em><\/p>\n<hr>\n<p><a href=\"https:\/\/mwc-cmm.org\/fr\/resources\/courrier-2024-392-3\"><img decoding=\"async\" alt=\"Courrier 39.2&amp;#\" height=\"75\" data-src=\"\/sites\/default\/files\/website_files_2020\/fr_2.jpg\" style=\"--smush-placeholder-width: 825px; --smush-placeholder-aspect-ratio: 825\/75;float:left\" width=\"825\" src=\"data:image\/svg+xml;base64,PHN2ZyB3aWR0aD0iMSIgaGVpZ2h0PSIxIiB4bWxucz0iaHR0cDovL3d3dy53My5vcmcvMjAwMC9zdmciPjwvc3ZnPg==\" class=\"lazyload\"><\/a><\/p>\n","protected":false},"excerpt":{"rendered":"<p>Une collaboration mise en place en 2020 entre la Conf\u00e9rence Mennonite Mondiale (CMM) et Anabaptist Mennonite Biblical Seminary (AMBS) \u00e0 Elkhart, Indiana (\u00c9tats-Unis) permet \u00e0 des personnes du monde entier de se former \u00e0 la pastorale anabaptiste et \u00e0 la direction&nbsp;d\u2019\u00e9glises.&nbsp; Gr\u00e2ce \u00e0 des programmes existants et \u00e0 de nouvelles initiatives, des pasteurs et des [&hellip;]<\/p>\n","protected":false},"author":1,"featured_media":98566,"comment_status":"closed","ping_status":"closed","sticky":false,"template":"","format":"standard","meta":{"_acf_changed":false,"footnotes":""},"categories":[7],"tags":[],"network":[1307],"eventcategory":[],"class_list":["post-10672","post","type-post","status-publish","format-standard","has-post-thumbnail","hentry","category-non-classifiee","network-courier-fr"],"acf":[],"yoast_head":"<!-- This site is optimized with the Yoast SEO plugin v27.5 - https:\/\/yoast.com\/product\/yoast-seo-wordpress\/ -->\n<title>La collaboration AMBS-CMM forme des responsables pour l\u2019\u00c9glise mondiale. - Mennonite World Conference<\/title>\n<meta name=\"robots\" content=\"index, follow, max-snippet:-1, max-image-preview:large, max-video-preview:-1\" \/>\n<link rel=\"canonical\" href=\"https:\/\/mwc-cmm.org\/fr\/stories\/la-collaboration-ambs-cmm-forme-des-responsables-pour-leglise-mondiale\/\" \/>\n<meta property=\"og:locale\" content=\"fr_FR\" \/>\n<meta property=\"og:type\" content=\"article\" \/>\n<meta property=\"og:title\" content=\"La collaboration AMBS-CMM forme des responsables pour l\u2019\u00c9glise mondiale. - Mennonite World Conference\" \/>\n<meta property=\"og:description\" content=\"Une collaboration mise en place en 2020 entre la Conf\u00e9rence Mennonite Mondiale (CMM) et Anabaptist Mennonite Biblical Seminary (AMBS) \u00e0 Elkhart, Indiana (\u00c9tats-Unis) permet \u00e0 des personnes du monde entier de se former \u00e0 la pastorale anabaptiste et \u00e0 la direction&nbsp;d\u2019\u00e9glises.&nbsp; Gr\u00e2ce \u00e0 des programmes existants et \u00e0 de nouvelles initiatives, des pasteurs et des [&hellip;]\" \/>\n<meta property=\"og:url\" content=\"https:\/\/mwc-cmm.org\/fr\/stories\/la-collaboration-ambs-cmm-forme-des-responsables-pour-leglise-mondiale\/\" \/>\n<meta property=\"og:site_name\" content=\"Mennonite World Conference\" \/>\n<meta property=\"article:publisher\" content=\"https:\/\/www.facebook.com\/MennoniteWorldConference\" \/>\n<meta property=\"article:published_time\" content=\"2024-09-04T00:00:00+00:00\" \/>\n<meta property=\"article:modified_time\" content=\"2024-12-10T17:21:24+00:00\" \/>\n<meta property=\"og:image\" content=\"https:\/\/mwc-cmm.org\/wp-content\/uploads\/2024\/11\/cc39.2-ambs_mks_matga_grads_with_bells_2023-05_3910.jpg\" \/>\n\t<meta property=\"og:image:width\" content=\"2000\" \/>\n\t<meta property=\"og:image:height\" content=\"1333\" \/>\n\t<meta property=\"og:image:type\" content=\"image\/jpeg\" \/>\n<meta name=\"author\" content=\"mennworldcon\" \/>\n<script type=\"application\/ld+json\" class=\"yoast-schema-graph\">{\"@context\":\"https:\\\/\\\/schema.org\",\"@graph\":[{\"@type\":\"Article\",\"@id\":\"https:\\\/\\\/mwc-cmm.org\\\/fr\\\/stories\\\/la-collaboration-ambs-cmm-forme-des-responsables-pour-leglise-mondiale\\\/#article\",\"isPartOf\":{\"@id\":\"https:\\\/\\\/mwc-cmm.org\\\/fr\\\/stories\\\/la-collaboration-ambs-cmm-forme-des-responsables-pour-leglise-mondiale\\\/\"},\"author\":{\"name\":\"mennworldcon\",\"@id\":\"https:\\\/\\\/mwc-cmm.org\\\/en\\\/#\\\/schema\\\/person\\\/11f6ae0d7d1868ba20a1cc27f067c836\"},\"headline\":\"La collaboration AMBS-CMM forme des responsables pour l\u2019\u00c9glise mondiale.\",\"datePublished\":\"2024-09-04T00:00:00+00:00\",\"dateModified\":\"2024-12-10T17:21:24+00:00\",\"mainEntityOfPage\":{\"@id\":\"https:\\\/\\\/mwc-cmm.org\\\/fr\\\/stories\\\/la-collaboration-ambs-cmm-forme-des-responsables-pour-leglise-mondiale\\\/\"},\"wordCount\":707,\"publisher\":{\"@id\":\"https:\\\/\\\/mwc-cmm.org\\\/en\\\/#organization\"},\"image\":{\"@id\":\"https:\\\/\\\/mwc-cmm.org\\\/fr\\\/stories\\\/la-collaboration-ambs-cmm-forme-des-responsables-pour-leglise-mondiale\\\/#primaryimage\"},\"thumbnailUrl\":\"https:\\\/\\\/mwc-cmm.org\\\/wp-content\\\/uploads\\\/2024\\\/11\\\/cc39.2-ambs_mks_matga_grads_with_bells_2023-05_3910.jpg\",\"articleSection\":[\"Non classifi\u00e9(e)\"],\"inLanguage\":\"fr-FR\"},{\"@type\":\"WebPage\",\"@id\":\"https:\\\/\\\/mwc-cmm.org\\\/fr\\\/stories\\\/la-collaboration-ambs-cmm-forme-des-responsables-pour-leglise-mondiale\\\/\",\"url\":\"https:\\\/\\\/mwc-cmm.org\\\/fr\\\/stories\\\/la-collaboration-ambs-cmm-forme-des-responsables-pour-leglise-mondiale\\\/\",\"name\":\"La collaboration AMBS-CMM forme des responsables pour l\u2019\u00c9glise mondiale. - Mennonite World Conference\",\"isPartOf\":{\"@id\":\"https:\\\/\\\/mwc-cmm.org\\\/en\\\/#website\"},\"primaryImageOfPage\":{\"@id\":\"https:\\\/\\\/mwc-cmm.org\\\/fr\\\/stories\\\/la-collaboration-ambs-cmm-forme-des-responsables-pour-leglise-mondiale\\\/#primaryimage\"},\"image\":{\"@id\":\"https:\\\/\\\/mwc-cmm.org\\\/fr\\\/stories\\\/la-collaboration-ambs-cmm-forme-des-responsables-pour-leglise-mondiale\\\/#primaryimage\"},\"thumbnailUrl\":\"https:\\\/\\\/mwc-cmm.org\\\/wp-content\\\/uploads\\\/2024\\\/11\\\/cc39.2-ambs_mks_matga_grads_with_bells_2023-05_3910.jpg\",\"datePublished\":\"2024-09-04T00:00:00+00:00\",\"dateModified\":\"2024-12-10T17:21:24+00:00\",\"breadcrumb\":{\"@id\":\"https:\\\/\\\/mwc-cmm.org\\\/fr\\\/stories\\\/la-collaboration-ambs-cmm-forme-des-responsables-pour-leglise-mondiale\\\/#breadcrumb\"},\"inLanguage\":\"fr-FR\",\"potentialAction\":[{\"@type\":\"ReadAction\",\"target\":[\"https:\\\/\\\/mwc-cmm.org\\\/fr\\\/stories\\\/la-collaboration-ambs-cmm-forme-des-responsables-pour-leglise-mondiale\\\/\"]}]},{\"@type\":\"ImageObject\",\"inLanguage\":\"fr-FR\",\"@id\":\"https:\\\/\\\/mwc-cmm.org\\\/fr\\\/stories\\\/la-collaboration-ambs-cmm-forme-des-responsables-pour-leglise-mondiale\\\/#primaryimage\",\"url\":\"https:\\\/\\\/mwc-cmm.org\\\/wp-content\\\/uploads\\\/2024\\\/11\\\/cc39.2-ambs_mks_matga_grads_with_bells_2023-05_3910.jpg\",\"contentUrl\":\"https:\\\/\\\/mwc-cmm.org\\\/wp-content\\\/uploads\\\/2024\\\/11\\\/cc39.2-ambs_mks_matga_grads_with_bells_2023-05_3910.jpg\",\"width\":2000,\"height\":1333},{\"@type\":\"BreadcrumbList\",\"@id\":\"https:\\\/\\\/mwc-cmm.org\\\/fr\\\/stories\\\/la-collaboration-ambs-cmm-forme-des-responsables-pour-leglise-mondiale\\\/#breadcrumb\",\"itemListElement\":[{\"@type\":\"ListItem\",\"position\":1,\"name\":\"Home\",\"item\":\"https:\\\/\\\/mwc-cmm.org\\\/fr\\\/\"},{\"@type\":\"ListItem\",\"position\":2,\"name\":\"La collaboration AMBS-CMM forme des responsables pour l\u2019\u00c9glise mondiale.\"}]},{\"@type\":\"WebSite\",\"@id\":\"https:\\\/\\\/mwc-cmm.org\\\/en\\\/#website\",\"url\":\"https:\\\/\\\/mwc-cmm.org\\\/en\\\/\",\"name\":\"Mennonite World Conference\",\"description\":\"A communion of Anabaptist-related churches\",\"publisher\":{\"@id\":\"https:\\\/\\\/mwc-cmm.org\\\/en\\\/#organization\"},\"alternateName\":\"MWC\",\"potentialAction\":[{\"@type\":\"SearchAction\",\"target\":{\"@type\":\"EntryPoint\",\"urlTemplate\":\"https:\\\/\\\/mwc-cmm.org\\\/en\\\/?s={search_term_string}\"},\"query-input\":{\"@type\":\"PropertyValueSpecification\",\"valueRequired\":true,\"valueName\":\"search_term_string\"}}],\"inLanguage\":\"fr-FR\"},{\"@type\":\"Organization\",\"@id\":\"https:\\\/\\\/mwc-cmm.org\\\/en\\\/#organization\",\"name\":\"Mennonite World Conference\",\"alternateName\":\"MWC\",\"url\":\"https:\\\/\\\/mwc-cmm.org\\\/en\\\/\",\"logo\":{\"@type\":\"ImageObject\",\"inLanguage\":\"fr-FR\",\"@id\":\"https:\\\/\\\/mwc-cmm.org\\\/en\\\/#\\\/schema\\\/logo\\\/image\\\/\",\"url\":\"https:\\\/\\\/mwc-cmm.org\\\/wp-content\\\/uploads\\\/2026\\\/01\\\/MWC_Sig_Blue_Horiz_webheader1-logo.svg\",\"contentUrl\":\"https:\\\/\\\/mwc-cmm.org\\\/wp-content\\\/uploads\\\/2026\\\/01\\\/MWC_Sig_Blue_Horiz_webheader1-logo.svg\",\"width\":786,\"height\":82,\"caption\":\"Mennonite World Conference\"},\"image\":{\"@id\":\"https:\\\/\\\/mwc-cmm.org\\\/en\\\/#\\\/schema\\\/logo\\\/image\\\/\"},\"sameAs\":[\"https:\\\/\\\/www.facebook.com\\\/MennoniteWorldConference\",\"https:\\\/\\\/www.linkedin.com\\\/company\\\/mennonite-world-conference-mwc\\\/\",\"https:\\\/\\\/www.instagram.com\\\/mwcmm\\\/\",\"https:\\\/\\\/www.youtube.com\\\/user\\\/mwccmm\",\"https:\\\/\\\/bsky.app\\\/profile\\\/mwcmm.bsky.social\"]},{\"@type\":\"Person\",\"@id\":\"https:\\\/\\\/mwc-cmm.org\\\/en\\\/#\\\/schema\\\/person\\\/11f6ae0d7d1868ba20a1cc27f067c836\",\"name\":\"mennworldcon\",\"image\":{\"@type\":\"ImageObject\",\"inLanguage\":\"fr-FR\",\"@id\":\"https:\\\/\\\/secure.gravatar.com\\\/avatar\\\/06fdc0dc81c157dfdb82ec42f252178a22307808988d22c043f9eb96f1e0fe80?s=96&d=mm&r=g\",\"url\":\"https:\\\/\\\/secure.gravatar.com\\\/avatar\\\/06fdc0dc81c157dfdb82ec42f252178a22307808988d22c043f9eb96f1e0fe80?s=96&d=mm&r=g\",\"contentUrl\":\"https:\\\/\\\/secure.gravatar.com\\\/avatar\\\/06fdc0dc81c157dfdb82ec42f252178a22307808988d22c043f9eb96f1e0fe80?s=96&d=mm&r=g\",\"caption\":\"mennworldcon\"},\"sameAs\":[\"https:\\\/\\\/mwc-cmm.org\"],\"url\":\"https:\\\/\\\/mwc-cmm.org\\\/fr\\\/stories\\\/author\\\/mennworldcon\\\/\"}]}<\/script>\n<!-- \/ Yoast SEO plugin. -->","yoast_head_json":{"title":"La collaboration AMBS-CMM forme des responsables pour l\u2019\u00c9glise mondiale. - Mennonite World Conference","robots":{"index":"index","follow":"follow","max-snippet":"max-snippet:-1","max-image-preview":"max-image-preview:large","max-video-preview":"max-video-preview:-1"},"canonical":"https:\/\/mwc-cmm.org\/fr\/stories\/la-collaboration-ambs-cmm-forme-des-responsables-pour-leglise-mondiale\/","og_locale":"fr_FR","og_type":"article","og_title":"La collaboration AMBS-CMM forme des responsables pour l\u2019\u00c9glise mondiale. - Mennonite World Conference","og_description":"Une collaboration mise en place en 2020 entre la Conf\u00e9rence Mennonite Mondiale (CMM) et Anabaptist Mennonite Biblical Seminary (AMBS) \u00e0 Elkhart, Indiana (\u00c9tats-Unis) permet \u00e0 des personnes du monde entier de se former \u00e0 la pastorale anabaptiste et \u00e0 la direction&nbsp;d\u2019\u00e9glises.&nbsp; Gr\u00e2ce \u00e0 des programmes existants et \u00e0 de nouvelles initiatives, des pasteurs et des [&hellip;]","og_url":"https:\/\/mwc-cmm.org\/fr\/stories\/la-collaboration-ambs-cmm-forme-des-responsables-pour-leglise-mondiale\/","og_site_name":"Mennonite World Conference","article_publisher":"https:\/\/www.facebook.com\/MennoniteWorldConference","article_published_time":"2024-09-04T00:00:00+00:00","article_modified_time":"2024-12-10T17:21:24+00:00","og_image":[{"width":2000,"height":1333,"url":"https:\/\/mwc-cmm.org\/wp-content\/uploads\/2024\/11\/cc39.2-ambs_mks_matga_grads_with_bells_2023-05_3910.jpg","type":"image\/jpeg"}],"author":"mennworldcon","schema":{"@context":"https:\/\/schema.org","@graph":[{"@type":"Article","@id":"https:\/\/mwc-cmm.org\/fr\/stories\/la-collaboration-ambs-cmm-forme-des-responsables-pour-leglise-mondiale\/#article","isPartOf":{"@id":"https:\/\/mwc-cmm.org\/fr\/stories\/la-collaboration-ambs-cmm-forme-des-responsables-pour-leglise-mondiale\/"},"author":{"name":"mennworldcon","@id":"https:\/\/mwc-cmm.org\/en\/#\/schema\/person\/11f6ae0d7d1868ba20a1cc27f067c836"},"headline":"La collaboration AMBS-CMM forme des responsables pour l\u2019\u00c9glise mondiale.","datePublished":"2024-09-04T00:00:00+00:00","dateModified":"2024-12-10T17:21:24+00:00","mainEntityOfPage":{"@id":"https:\/\/mwc-cmm.org\/fr\/stories\/la-collaboration-ambs-cmm-forme-des-responsables-pour-leglise-mondiale\/"},"wordCount":707,"publisher":{"@id":"https:\/\/mwc-cmm.org\/en\/#organization"},"image":{"@id":"https:\/\/mwc-cmm.org\/fr\/stories\/la-collaboration-ambs-cmm-forme-des-responsables-pour-leglise-mondiale\/#primaryimage"},"thumbnailUrl":"https:\/\/mwc-cmm.org\/wp-content\/uploads\/2024\/11\/cc39.2-ambs_mks_matga_grads_with_bells_2023-05_3910.jpg","articleSection":["Non classifi\u00e9(e)"],"inLanguage":"fr-FR"},{"@type":"WebPage","@id":"https:\/\/mwc-cmm.org\/fr\/stories\/la-collaboration-ambs-cmm-forme-des-responsables-pour-leglise-mondiale\/","url":"https:\/\/mwc-cmm.org\/fr\/stories\/la-collaboration-ambs-cmm-forme-des-responsables-pour-leglise-mondiale\/","name":"La collaboration AMBS-CMM forme des responsables pour l\u2019\u00c9glise mondiale. - Mennonite World Conference","isPartOf":{"@id":"https:\/\/mwc-cmm.org\/en\/#website"},"primaryImageOfPage":{"@id":"https:\/\/mwc-cmm.org\/fr\/stories\/la-collaboration-ambs-cmm-forme-des-responsables-pour-leglise-mondiale\/#primaryimage"},"image":{"@id":"https:\/\/mwc-cmm.org\/fr\/stories\/la-collaboration-ambs-cmm-forme-des-responsables-pour-leglise-mondiale\/#primaryimage"},"thumbnailUrl":"https:\/\/mwc-cmm.org\/wp-content\/uploads\/2024\/11\/cc39.2-ambs_mks_matga_grads_with_bells_2023-05_3910.jpg","datePublished":"2024-09-04T00:00:00+00:00","dateModified":"2024-12-10T17:21:24+00:00","breadcrumb":{"@id":"https:\/\/mwc-cmm.org\/fr\/stories\/la-collaboration-ambs-cmm-forme-des-responsables-pour-leglise-mondiale\/#breadcrumb"},"inLanguage":"fr-FR","potentialAction":[{"@type":"ReadAction","target":["https:\/\/mwc-cmm.org\/fr\/stories\/la-collaboration-ambs-cmm-forme-des-responsables-pour-leglise-mondiale\/"]}]},{"@type":"ImageObject","inLanguage":"fr-FR","@id":"https:\/\/mwc-cmm.org\/fr\/stories\/la-collaboration-ambs-cmm-forme-des-responsables-pour-leglise-mondiale\/#primaryimage","url":"https:\/\/mwc-cmm.org\/wp-content\/uploads\/2024\/11\/cc39.2-ambs_mks_matga_grads_with_bells_2023-05_3910.jpg","contentUrl":"https:\/\/mwc-cmm.org\/wp-content\/uploads\/2024\/11\/cc39.2-ambs_mks_matga_grads_with_bells_2023-05_3910.jpg","width":2000,"height":1333},{"@type":"BreadcrumbList","@id":"https:\/\/mwc-cmm.org\/fr\/stories\/la-collaboration-ambs-cmm-forme-des-responsables-pour-leglise-mondiale\/#breadcrumb","itemListElement":[{"@type":"ListItem","position":1,"name":"Home","item":"https:\/\/mwc-cmm.org\/fr\/"},{"@type":"ListItem","position":2,"name":"La collaboration AMBS-CMM forme des responsables pour l\u2019\u00c9glise mondiale."}]},{"@type":"WebSite","@id":"https:\/\/mwc-cmm.org\/en\/#website","url":"https:\/\/mwc-cmm.org\/en\/","name":"Mennonite World Conference","description":"A communion of Anabaptist-related churches","publisher":{"@id":"https:\/\/mwc-cmm.org\/en\/#organization"},"alternateName":"MWC","potentialAction":[{"@type":"SearchAction","target":{"@type":"EntryPoint","urlTemplate":"https:\/\/mwc-cmm.org\/en\/?s={search_term_string}"},"query-input":{"@type":"PropertyValueSpecification","valueRequired":true,"valueName":"search_term_string"}}],"inLanguage":"fr-FR"},{"@type":"Organization","@id":"https:\/\/mwc-cmm.org\/en\/#organization","name":"Mennonite World Conference","alternateName":"MWC","url":"https:\/\/mwc-cmm.org\/en\/","logo":{"@type":"ImageObject","inLanguage":"fr-FR","@id":"https:\/\/mwc-cmm.org\/en\/#\/schema\/logo\/image\/","url":"https:\/\/mwc-cmm.org\/wp-content\/uploads\/2026\/01\/MWC_Sig_Blue_Horiz_webheader1-logo.svg","contentUrl":"https:\/\/mwc-cmm.org\/wp-content\/uploads\/2026\/01\/MWC_Sig_Blue_Horiz_webheader1-logo.svg","width":786,"height":82,"caption":"Mennonite World Conference"},"image":{"@id":"https:\/\/mwc-cmm.org\/en\/#\/schema\/logo\/image\/"},"sameAs":["https:\/\/www.facebook.com\/MennoniteWorldConference","https:\/\/www.linkedin.com\/company\/mennonite-world-conference-mwc\/","https:\/\/www.instagram.com\/mwcmm\/","https:\/\/www.youtube.com\/user\/mwccmm","https:\/\/bsky.app\/profile\/mwcmm.bsky.social"]},{"@type":"Person","@id":"https:\/\/mwc-cmm.org\/en\/#\/schema\/person\/11f6ae0d7d1868ba20a1cc27f067c836","name":"mennworldcon","image":{"@type":"ImageObject","inLanguage":"fr-FR","@id":"https:\/\/secure.gravatar.com\/avatar\/06fdc0dc81c157dfdb82ec42f252178a22307808988d22c043f9eb96f1e0fe80?s=96&d=mm&r=g","url":"https:\/\/secure.gravatar.com\/avatar\/06fdc0dc81c157dfdb82ec42f252178a22307808988d22c043f9eb96f1e0fe80?s=96&d=mm&r=g","contentUrl":"https:\/\/secure.gravatar.com\/avatar\/06fdc0dc81c157dfdb82ec42f252178a22307808988d22c043f9eb96f1e0fe80?s=96&d=mm&r=g","caption":"mennworldcon"},"sameAs":["https:\/\/mwc-cmm.org"],"url":"https:\/\/mwc-cmm.org\/fr\/stories\/author\/mennworldcon\/"}]}},"_links":{"self":[{"href":"https:\/\/mwc-cmm.org\/fr\/wp-json\/wp\/v2\/posts\/10672","targetHints":{"allow":["GET"]}}],"collection":[{"href":"https:\/\/mwc-cmm.org\/fr\/wp-json\/wp\/v2\/posts"}],"about":[{"href":"https:\/\/mwc-cmm.org\/fr\/wp-json\/wp\/v2\/types\/post"}],"author":[{"embeddable":true,"href":"https:\/\/mwc-cmm.org\/fr\/wp-json\/wp\/v2\/users\/1"}],"replies":[{"embeddable":true,"href":"https:\/\/mwc-cmm.org\/fr\/wp-json\/wp\/v2\/comments?post=10672"}],"version-history":[{"count":0,"href":"https:\/\/mwc-cmm.org\/fr\/wp-json\/wp\/v2\/posts\/10672\/revisions"}],"wp:featuredmedia":[{"embeddable":true,"href":"https:\/\/mwc-cmm.org\/fr\/wp-json\/wp\/v2\/media\/98566"}],"wp:attachment":[{"href":"https:\/\/mwc-cmm.org\/fr\/wp-json\/wp\/v2\/media?parent=10672"}],"wp:term":[{"taxonomy":"category","embeddable":true,"href":"https:\/\/mwc-cmm.org\/fr\/wp-json\/wp\/v2\/categories?post=10672"},{"taxonomy":"post_tag","embeddable":true,"href":"https:\/\/mwc-cmm.org\/fr\/wp-json\/wp\/v2\/tags?post=10672"},{"taxonomy":"network","embeddable":true,"href":"https:\/\/mwc-cmm.org\/fr\/wp-json\/wp\/v2\/network?post=10672"},{"taxonomy":"eventcategory","embeddable":true,"href":"https:\/\/mwc-cmm.org\/fr\/wp-json\/wp\/v2\/eventcategory?post=10672"}],"curies":[{"name":"wp","href":"https:\/\/api.w.org\/{rel}","templated":true}]}}