{"id":10671,"date":"2024-09-04T00:00:00","date_gmt":"2024-09-04T00:00:00","guid":{"rendered":"https:\/\/mwc-cmm.org\/a-rich-and-satisfying-life-3\/"},"modified":"2024-12-10T17:21:23","modified_gmt":"2024-12-10T17:21:23","slug":"une-vie-riche-en-abondance","status":"publish","type":"post","link":"https:\/\/mwc-cmm.org\/fr\/stories\/une-vie-riche-en-abondance\/","title":{"rendered":"Une vie riche en abondance"},"content":{"rendered":"<h2>Uruguay<\/h2>\n<p>Ces derni\u00e8res ann\u00e9es, je me suis engag\u00e9e dans la Conf\u00e9rence Mennonite Mondiale, et en particulier avec les <a href=\"https:\/\/mwc-cmm.org\/fr\/yabs\">Jeunes Anabaptistes (\u00ab&nbsp;Young AnaBaptists&nbsp;\u00bb ou YABs)<\/a>. J\u2019ai eu la chance de rencontrer des gens du monde entier et d\u2019\u00eatre enrichie par leurs points de vue et leur fa\u00e7on de vivre leur foi. Cela m\u2019a ouvert les yeux et m\u2019a montr\u00e9 J\u00e9sus comme je ne l\u2019avais jamais vu&nbsp;auparavant.&nbsp;<\/p>\n<p>Aujourd\u2019hui, j\u2019aimerais t\u00e9moigner d\u2019avoir vu Dieu agir d\u2019une mani\u00e8re&nbsp;particuli\u00e8re.&nbsp;<\/p>\n<p>En Uruguay, nous avons de magnifiques plages et la plupart des Uruguayens aiment prendre des cong\u00e9s pendant l\u2019\u00e9t\u00e9 pour aller \u00e0 la&nbsp;plage.&nbsp;<\/p>\n<p>C\u2019est l\u2019occasion de d\u00e9connecter et de se reposer, mais aussi de faire la f\u00eate pour la plupart des jeunes. Et pour les \u00e9glises, c\u2019est aussi le moment id\u00e9al pour faire quelque chose de cool avec nos jeunes, car la pression pour aller faire la f\u00eate est&nbsp;\u00e9norme.&nbsp;<\/p>\n<p>Nous organisons donc des camps d\u2019\u00e9t\u00e9, l\u2019un pour les adolescents et l\u2019autre pour les jeunes (adultes) de notre association mennonite. Chaque ann\u00e9e, une quarantaine d\u2019adolescents et une centaine de jeunes (adultes) assistent \u00e0 nos camps qui se d\u00e9roulent dans un camping situ\u00e9 juste \u00e0 c\u00f4t\u00e9 de la plage&nbsp;! (C\u2019est g\u00e9nial, car nous pouvons aller \u00e0 la plage au moins deux fois par&nbsp;jour.)&nbsp;<\/p>\n<p>Cela fait deux ans que je dirige ces camps avec un ami, et c\u2019est une grande b\u00e9n\u00e9diction.&nbsp;<\/p>\n<h4>Conversations profondes et enrichissantes&nbsp;<\/h4>\n<p>Pendant le camp, j\u2019ai eu plusieurs conversations tr\u00e8s profondes et enrichissantes avec certains participants, ce qui \u00e9tait souvent une grande b\u00e9n\u00e9diction pour nous&nbsp;deux.&nbsp;<\/p>\n<p>J\u2019ai \u00e9t\u00e9 particuli\u00e8rement marqu\u00e9e par une conversation. Une jeune fille s\u2019est approch\u00e9e de moi dans l\u2019apr\u00e8s-midi et m\u2019a demand\u00e9 si elle pouvait me parler. J\u2019ai accept\u00e9 et nous nous sommes assises dans l\u2019herbe, \u00e0 l\u2019ombre d\u2019un des arbres. Elle m\u2019a racont\u00e9 une partie de l\u2019histoire de sa vie et m\u2019a expliqu\u00e9 qu\u2019elle h\u00e9sitait beaucoup \u00e0 accepter J\u00e9sus comme son Sauveur parce qu\u2019elle ne se sentait pas pr\u00eate. Apr\u00e8s avoir \u00e9cout\u00e9 les messages au camp, parl\u00e9 \u00e0 l\u2019orateur et \u00e0 d\u2019autres personnes, elle avait conclu que l\u2019\u00c9vangile \u00e9tait beaucoup plus simple qu\u2019elle ne le pensait, et elle voulait faire le pas d\u2019accepter J\u00e9sus dans sa&nbsp;vie.&nbsp;<\/p>\n<p>J\u2019ai eu l\u2019immense privil\u00e8ge de l\u2019aider \u00e0 faire cette pri\u00e8re&nbsp;! Environ un mois plus tard, j\u2019ai re\u00e7u une invitation \u00e0 assister \u00e0 son bapt\u00eame. C\u2019\u00e9tait un tel honneur d\u2019y&nbsp;participer.&nbsp;<\/p>\n<p>Une autre exp\u00e9rience \u00e9tonnante s\u2019est d\u00e9roul\u00e9e dans notre camp de jeunes. Le premier jour, l\u2019orateur a soulign\u00e9 l\u2019importance de partager avec les autres ce que nous vivons. Par le biais d\u2019une activit\u00e9 interactive, il a montr\u00e9 que tout le monde est confront\u00e9 \u00e0 des difficult\u00e9s, qu\u2019il n\u2019y a pas de \u2018mal \u00e0 ne pas aller bien\u2019 et qu\u2019il faut en parler avec d\u2019autres pour \u00eatre soutenu. Cela a \u00e9t\u00e9 tr\u00e8s enrichissant pour&nbsp;tous.&nbsp;<\/p>\n<h4>Parler avec les autres pour se soutenir mutuellement&nbsp;<\/h4>\n<p>J\u2019ai \u00e9t\u00e9 particuli\u00e8rement surprise par la fa\u00e7on dont un petit groupe de gar\u00e7ons d\u2019environ 13-14&nbsp;ans s\u2019est imm\u00e9diatement mobilis\u00e9. Tous les participants devaient se lever \u00e0 7&nbsp;h&nbsp;15 pour le sport du matin. Mais \u00e0 partir de ce jour et jusqu\u2019\u00e0 la fin du camp, ils se sont lev\u00e9s \u00e0 6&nbsp;heures. Ils ont pr\u00e9par\u00e9 leur mat\u00e9, parl\u00e9 de leurs difficult\u00e9s, puis discut\u00e9 des moyens de se soutenir mutuellement et d\u2019atteindre leurs&nbsp;objectifs.&nbsp;<\/p>\n<p>Voir les fruits de tout ce travail est extraordinaire, car avant les camps, toute l\u2019\u00e9quipe se sentait attaqu\u00e9e. J\u2019ai d\u00fb faire face \u00e0 de nombreuses difficult\u00e9s, luttant \u00e0 nouveau contre des choses que je pensais avoir d\u00e9j\u00e0 surmont\u00e9es. Mais J\u00e9sus nous invite toujours \u00e0 nous attendre \u00e0 d\u00e9couvrir ce qu\u2019il va&nbsp;faire&nbsp;!&nbsp;<\/p>\n<p>Je pense qu\u2019un verset qui refl\u00e8te assez bien ce que nous avons v\u00e9cu pendant cette p\u00e9riode est Jean&nbsp;10,10 \u00ab&nbsp;Le voleur ne se pr\u00e9sente que pour voler, pour tuer et pour perdre&nbsp;; moi, je suis venu pour que les hommes aient la vie et qu\u2019ils l\u2019aient en abondance.&nbsp;\u00bb&nbsp;(TOB).&nbsp;<\/p>\n<p>Au cours de cette p\u00e9riode difficile, j\u2019ai pu avoir un aper\u00e7u de la vie riche et abondante que Dieu a pr\u00e9par\u00e9e pour nos jeunes et aussi pour&nbsp;moi.&nbsp;<\/p>\n<p><em>\u2014Valentina Kunze est la repr\u00e9sentante des Jeunes Anabaptistes (YABs) pour l\u2019Am\u00e9rique latine. Elle est membre de l\u2019\u00e9glise Konferenz der Mennonitengemeinden in Uruguay.&nbsp;<\/em><\/p>\n<p><span style=\"font-size:12px;\">Cet article est adapt\u00e9 de la pr\u00e9sentation qu\u2019elle a donn\u00e9e \u00e0 Renouveau&nbsp;2024, \u00ab&nbsp;Transform\u00e9s, nous vivons ensemble J\u00e9sus&nbsp;\u00bb le 6&nbsp;avril 2024 au&nbsp;Br\u00e9sil.&nbsp;<\/span><\/p>\n<hr>\n<p><a href=\"https:\/\/mwc-cmm.org\/fr\/resources\/courrier-2024-392-3\"><img decoding=\"async\" alt=\"Courrier 39.2&amp;#\" height=\"75\" data-src=\"\/sites\/default\/files\/website_files_2020\/fr_2.jpg\" style=\"--smush-placeholder-width: 825px; --smush-placeholder-aspect-ratio: 825\/75;float:left\" width=\"825\" src=\"data:image\/svg+xml;base64,PHN2ZyB3aWR0aD0iMSIgaGVpZ2h0PSIxIiB4bWxucz0iaHR0cDovL3d3dy53My5vcmcvMjAwMC9zdmciPjwvc3ZnPg==\" class=\"lazyload\"><\/a><\/p>\n","protected":false},"excerpt":{"rendered":"<p>Uruguay Ces derni\u00e8res ann\u00e9es, je me suis engag\u00e9e dans la Conf\u00e9rence Mennonite Mondiale, et en particulier avec les Jeunes Anabaptistes (\u00ab&nbsp;Young AnaBaptists&nbsp;\u00bb ou YABs). J\u2019ai eu la chance de rencontrer des gens du monde entier et d\u2019\u00eatre enrichie par leurs points de vue et leur fa\u00e7on de vivre leur foi. Cela m\u2019a ouvert les yeux [&hellip;]<\/p>\n","protected":false},"author":1,"featured_media":98552,"comment_status":"closed","ping_status":"closed","sticky":false,"template":"","format":"standard","meta":{"_acf_changed":false,"footnotes":""},"categories":[7],"tags":[],"network":[1307],"eventcategory":[],"class_list":["post-10671","post","type-post","status-publish","format-standard","has-post-thumbnail","hentry","category-non-classifiee","network-courier-fr"],"acf":[],"yoast_head":"<!-- This site is optimized with the Yoast SEO plugin v27.2 - https:\/\/yoast.com\/product\/yoast-seo-wordpress\/ -->\n<title>Une vie riche en abondance - Mennonite World Conference<\/title>\n<meta name=\"robots\" content=\"index, follow, max-snippet:-1, max-image-preview:large, max-video-preview:-1\" \/>\n<link rel=\"canonical\" href=\"https:\/\/mwc-cmm.org\/fr\/stories\/une-vie-riche-en-abondance\/\" \/>\n<meta property=\"og:locale\" content=\"fr_FR\" \/>\n<meta property=\"og:type\" content=\"article\" \/>\n<meta property=\"og:title\" content=\"Une vie riche en abondance - Mennonite World Conference\" \/>\n<meta property=\"og:description\" content=\"Uruguay Ces derni\u00e8res ann\u00e9es, je me suis engag\u00e9e dans la Conf\u00e9rence Mennonite Mondiale, et en particulier avec les Jeunes Anabaptistes (\u00ab&nbsp;Young AnaBaptists&nbsp;\u00bb ou YABs). J\u2019ai eu la chance de rencontrer des gens du monde entier et d\u2019\u00eatre enrichie par leurs points de vue et leur fa\u00e7on de vivre leur foi. Cela m\u2019a ouvert les yeux [&hellip;]\" \/>\n<meta property=\"og:url\" content=\"https:\/\/mwc-cmm.org\/fr\/stories\/une-vie-riche-en-abondance\/\" \/>\n<meta property=\"og:site_name\" content=\"Mennonite World Conference\" \/>\n<meta property=\"article:publisher\" content=\"https:\/\/www.facebook.com\/MennoniteWorldConference\" \/>\n<meta property=\"article:published_time\" content=\"2024-09-04T00:00:00+00:00\" \/>\n<meta property=\"article:modified_time\" content=\"2024-12-10T17:21:23+00:00\" \/>\n<meta property=\"og:image\" content=\"https:\/\/mwc-cmm.org\/wp-content\/uploads\/2024\/11\/202404ebenezermondez_scp8551-scaled.jpg\" \/>\n\t<meta property=\"og:image:width\" content=\"2560\" \/>\n\t<meta property=\"og:image:height\" content=\"1707\" \/>\n\t<meta property=\"og:image:type\" content=\"image\/jpeg\" \/>\n<meta name=\"author\" content=\"mennworldcon\" \/>\n<script type=\"application\/ld+json\" class=\"yoast-schema-graph\">{\"@context\":\"https:\/\/schema.org\",\"@graph\":[{\"@type\":\"Article\",\"@id\":\"https:\/\/mwc-cmm.org\/fr\/stories\/une-vie-riche-en-abondance\/#article\",\"isPartOf\":{\"@id\":\"https:\/\/mwc-cmm.org\/fr\/stories\/une-vie-riche-en-abondance\/\"},\"author\":{\"name\":\"mennworldcon\",\"@id\":\"https:\/\/mwc-cmm.org\/en\/#\/schema\/person\/11f6ae0d7d1868ba20a1cc27f067c836\"},\"headline\":\"Une vie riche en abondance\",\"datePublished\":\"2024-09-04T00:00:00+00:00\",\"dateModified\":\"2024-12-10T17:21:23+00:00\",\"mainEntityOfPage\":{\"@id\":\"https:\/\/mwc-cmm.org\/fr\/stories\/une-vie-riche-en-abondance\/\"},\"wordCount\":880,\"publisher\":{\"@id\":\"https:\/\/mwc-cmm.org\/en\/#organization\"},\"image\":{\"@id\":\"https:\/\/mwc-cmm.org\/fr\/stories\/une-vie-riche-en-abondance\/#primaryimage\"},\"thumbnailUrl\":\"https:\/\/mwc-cmm.org\/wp-content\/uploads\/2024\/11\/202404ebenezermondez_scp8551-scaled.jpg\",\"articleSection\":[\"Non classifi\u00e9(e)\"],\"inLanguage\":\"fr-FR\"},{\"@type\":\"WebPage\",\"@id\":\"https:\/\/mwc-cmm.org\/fr\/stories\/une-vie-riche-en-abondance\/\",\"url\":\"https:\/\/mwc-cmm.org\/fr\/stories\/une-vie-riche-en-abondance\/\",\"name\":\"Une vie riche en abondance - Mennonite World Conference\",\"isPartOf\":{\"@id\":\"https:\/\/mwc-cmm.org\/en\/#website\"},\"primaryImageOfPage\":{\"@id\":\"https:\/\/mwc-cmm.org\/fr\/stories\/une-vie-riche-en-abondance\/#primaryimage\"},\"image\":{\"@id\":\"https:\/\/mwc-cmm.org\/fr\/stories\/une-vie-riche-en-abondance\/#primaryimage\"},\"thumbnailUrl\":\"https:\/\/mwc-cmm.org\/wp-content\/uploads\/2024\/11\/202404ebenezermondez_scp8551-scaled.jpg\",\"datePublished\":\"2024-09-04T00:00:00+00:00\",\"dateModified\":\"2024-12-10T17:21:23+00:00\",\"breadcrumb\":{\"@id\":\"https:\/\/mwc-cmm.org\/fr\/stories\/une-vie-riche-en-abondance\/#breadcrumb\"},\"inLanguage\":\"fr-FR\",\"potentialAction\":[{\"@type\":\"ReadAction\",\"target\":[\"https:\/\/mwc-cmm.org\/fr\/stories\/une-vie-riche-en-abondance\/\"]}]},{\"@type\":\"ImageObject\",\"inLanguage\":\"fr-FR\",\"@id\":\"https:\/\/mwc-cmm.org\/fr\/stories\/une-vie-riche-en-abondance\/#primaryimage\",\"url\":\"https:\/\/mwc-cmm.org\/wp-content\/uploads\/2024\/11\/202404ebenezermondez_scp8551-scaled.jpg\",\"contentUrl\":\"https:\/\/mwc-cmm.org\/wp-content\/uploads\/2024\/11\/202404ebenezermondez_scp8551-scaled.jpg\",\"width\":2560,\"height\":1707},{\"@type\":\"BreadcrumbList\",\"@id\":\"https:\/\/mwc-cmm.org\/fr\/stories\/une-vie-riche-en-abondance\/#breadcrumb\",\"itemListElement\":[{\"@type\":\"ListItem\",\"position\":1,\"name\":\"Home\",\"item\":\"https:\/\/mwc-cmm.org\/fr\/\"},{\"@type\":\"ListItem\",\"position\":2,\"name\":\"Une vie riche en abondance\"}]},{\"@type\":\"WebSite\",\"@id\":\"https:\/\/mwc-cmm.org\/en\/#website\",\"url\":\"https:\/\/mwc-cmm.org\/en\/\",\"name\":\"Mennonite World Conference\",\"description\":\"A communion of Anabaptist-related churches\",\"publisher\":{\"@id\":\"https:\/\/mwc-cmm.org\/en\/#organization\"},\"alternateName\":\"MWC\",\"potentialAction\":[{\"@type\":\"SearchAction\",\"target\":{\"@type\":\"EntryPoint\",\"urlTemplate\":\"https:\/\/mwc-cmm.org\/en\/?s={search_term_string}\"},\"query-input\":{\"@type\":\"PropertyValueSpecification\",\"valueRequired\":true,\"valueName\":\"search_term_string\"}}],\"inLanguage\":\"fr-FR\"},{\"@type\":\"Organization\",\"@id\":\"https:\/\/mwc-cmm.org\/en\/#organization\",\"name\":\"Mennonite World Conference\",\"alternateName\":\"MWC\",\"url\":\"https:\/\/mwc-cmm.org\/en\/\",\"logo\":{\"@type\":\"ImageObject\",\"inLanguage\":\"fr-FR\",\"@id\":\"https:\/\/mwc-cmm.org\/en\/#\/schema\/logo\/image\/\",\"url\":\"https:\/\/mwc-cmm.org\/wp-content\/uploads\/2026\/01\/MWC_Sig_Blue_Horiz_webheader1-logo.svg\",\"contentUrl\":\"https:\/\/mwc-cmm.org\/wp-content\/uploads\/2026\/01\/MWC_Sig_Blue_Horiz_webheader1-logo.svg\",\"width\":786,\"height\":82,\"caption\":\"Mennonite World Conference\"},\"image\":{\"@id\":\"https:\/\/mwc-cmm.org\/en\/#\/schema\/logo\/image\/\"},\"sameAs\":[\"https:\/\/www.facebook.com\/MennoniteWorldConference\",\"https:\/\/www.linkedin.com\/company\/mennonite-world-conference-mwc\/\",\"https:\/\/www.instagram.com\/mwcmm\/\",\"https:\/\/www.youtube.com\/user\/mwccmm\",\"https:\/\/bsky.app\/profile\/mwcmm.bsky.social\"]},{\"@type\":\"Person\",\"@id\":\"https:\/\/mwc-cmm.org\/en\/#\/schema\/person\/11f6ae0d7d1868ba20a1cc27f067c836\",\"name\":\"mennworldcon\",\"image\":{\"@type\":\"ImageObject\",\"inLanguage\":\"fr-FR\",\"@id\":\"https:\/\/secure.gravatar.com\/avatar\/06fdc0dc81c157dfdb82ec42f252178a22307808988d22c043f9eb96f1e0fe80?s=96&d=mm&r=g\",\"url\":\"https:\/\/secure.gravatar.com\/avatar\/06fdc0dc81c157dfdb82ec42f252178a22307808988d22c043f9eb96f1e0fe80?s=96&d=mm&r=g\",\"contentUrl\":\"https:\/\/secure.gravatar.com\/avatar\/06fdc0dc81c157dfdb82ec42f252178a22307808988d22c043f9eb96f1e0fe80?s=96&d=mm&r=g\",\"caption\":\"mennworldcon\"},\"sameAs\":[\"https:\/\/mwc-cmm.org\"],\"url\":\"https:\/\/mwc-cmm.org\/fr\/stories\/author\/mennworldcon\/\"}]}<\/script>\n<!-- \/ Yoast SEO plugin. -->","yoast_head_json":{"title":"Une vie riche en abondance - Mennonite World Conference","robots":{"index":"index","follow":"follow","max-snippet":"max-snippet:-1","max-image-preview":"max-image-preview:large","max-video-preview":"max-video-preview:-1"},"canonical":"https:\/\/mwc-cmm.org\/fr\/stories\/une-vie-riche-en-abondance\/","og_locale":"fr_FR","og_type":"article","og_title":"Une vie riche en abondance - Mennonite World Conference","og_description":"Uruguay Ces derni\u00e8res ann\u00e9es, je me suis engag\u00e9e dans la Conf\u00e9rence Mennonite Mondiale, et en particulier avec les Jeunes Anabaptistes (\u00ab&nbsp;Young AnaBaptists&nbsp;\u00bb ou YABs). J\u2019ai eu la chance de rencontrer des gens du monde entier et d\u2019\u00eatre enrichie par leurs points de vue et leur fa\u00e7on de vivre leur foi. Cela m\u2019a ouvert les yeux [&hellip;]","og_url":"https:\/\/mwc-cmm.org\/fr\/stories\/une-vie-riche-en-abondance\/","og_site_name":"Mennonite World Conference","article_publisher":"https:\/\/www.facebook.com\/MennoniteWorldConference","article_published_time":"2024-09-04T00:00:00+00:00","article_modified_time":"2024-12-10T17:21:23+00:00","og_image":[{"width":2560,"height":1707,"url":"https:\/\/mwc-cmm.org\/wp-content\/uploads\/2024\/11\/202404ebenezermondez_scp8551-scaled.jpg","type":"image\/jpeg"}],"author":"mennworldcon","schema":{"@context":"https:\/\/schema.org","@graph":[{"@type":"Article","@id":"https:\/\/mwc-cmm.org\/fr\/stories\/une-vie-riche-en-abondance\/#article","isPartOf":{"@id":"https:\/\/mwc-cmm.org\/fr\/stories\/une-vie-riche-en-abondance\/"},"author":{"name":"mennworldcon","@id":"https:\/\/mwc-cmm.org\/en\/#\/schema\/person\/11f6ae0d7d1868ba20a1cc27f067c836"},"headline":"Une vie riche en abondance","datePublished":"2024-09-04T00:00:00+00:00","dateModified":"2024-12-10T17:21:23+00:00","mainEntityOfPage":{"@id":"https:\/\/mwc-cmm.org\/fr\/stories\/une-vie-riche-en-abondance\/"},"wordCount":880,"publisher":{"@id":"https:\/\/mwc-cmm.org\/en\/#organization"},"image":{"@id":"https:\/\/mwc-cmm.org\/fr\/stories\/une-vie-riche-en-abondance\/#primaryimage"},"thumbnailUrl":"https:\/\/mwc-cmm.org\/wp-content\/uploads\/2024\/11\/202404ebenezermondez_scp8551-scaled.jpg","articleSection":["Non classifi\u00e9(e)"],"inLanguage":"fr-FR"},{"@type":"WebPage","@id":"https:\/\/mwc-cmm.org\/fr\/stories\/une-vie-riche-en-abondance\/","url":"https:\/\/mwc-cmm.org\/fr\/stories\/une-vie-riche-en-abondance\/","name":"Une vie riche en abondance - Mennonite World Conference","isPartOf":{"@id":"https:\/\/mwc-cmm.org\/en\/#website"},"primaryImageOfPage":{"@id":"https:\/\/mwc-cmm.org\/fr\/stories\/une-vie-riche-en-abondance\/#primaryimage"},"image":{"@id":"https:\/\/mwc-cmm.org\/fr\/stories\/une-vie-riche-en-abondance\/#primaryimage"},"thumbnailUrl":"https:\/\/mwc-cmm.org\/wp-content\/uploads\/2024\/11\/202404ebenezermondez_scp8551-scaled.jpg","datePublished":"2024-09-04T00:00:00+00:00","dateModified":"2024-12-10T17:21:23+00:00","breadcrumb":{"@id":"https:\/\/mwc-cmm.org\/fr\/stories\/une-vie-riche-en-abondance\/#breadcrumb"},"inLanguage":"fr-FR","potentialAction":[{"@type":"ReadAction","target":["https:\/\/mwc-cmm.org\/fr\/stories\/une-vie-riche-en-abondance\/"]}]},{"@type":"ImageObject","inLanguage":"fr-FR","@id":"https:\/\/mwc-cmm.org\/fr\/stories\/une-vie-riche-en-abondance\/#primaryimage","url":"https:\/\/mwc-cmm.org\/wp-content\/uploads\/2024\/11\/202404ebenezermondez_scp8551-scaled.jpg","contentUrl":"https:\/\/mwc-cmm.org\/wp-content\/uploads\/2024\/11\/202404ebenezermondez_scp8551-scaled.jpg","width":2560,"height":1707},{"@type":"BreadcrumbList","@id":"https:\/\/mwc-cmm.org\/fr\/stories\/une-vie-riche-en-abondance\/#breadcrumb","itemListElement":[{"@type":"ListItem","position":1,"name":"Home","item":"https:\/\/mwc-cmm.org\/fr\/"},{"@type":"ListItem","position":2,"name":"Une vie riche en abondance"}]},{"@type":"WebSite","@id":"https:\/\/mwc-cmm.org\/en\/#website","url":"https:\/\/mwc-cmm.org\/en\/","name":"Mennonite World Conference","description":"A communion of Anabaptist-related churches","publisher":{"@id":"https:\/\/mwc-cmm.org\/en\/#organization"},"alternateName":"MWC","potentialAction":[{"@type":"SearchAction","target":{"@type":"EntryPoint","urlTemplate":"https:\/\/mwc-cmm.org\/en\/?s={search_term_string}"},"query-input":{"@type":"PropertyValueSpecification","valueRequired":true,"valueName":"search_term_string"}}],"inLanguage":"fr-FR"},{"@type":"Organization","@id":"https:\/\/mwc-cmm.org\/en\/#organization","name":"Mennonite World Conference","alternateName":"MWC","url":"https:\/\/mwc-cmm.org\/en\/","logo":{"@type":"ImageObject","inLanguage":"fr-FR","@id":"https:\/\/mwc-cmm.org\/en\/#\/schema\/logo\/image\/","url":"https:\/\/mwc-cmm.org\/wp-content\/uploads\/2026\/01\/MWC_Sig_Blue_Horiz_webheader1-logo.svg","contentUrl":"https:\/\/mwc-cmm.org\/wp-content\/uploads\/2026\/01\/MWC_Sig_Blue_Horiz_webheader1-logo.svg","width":786,"height":82,"caption":"Mennonite World Conference"},"image":{"@id":"https:\/\/mwc-cmm.org\/en\/#\/schema\/logo\/image\/"},"sameAs":["https:\/\/www.facebook.com\/MennoniteWorldConference","https:\/\/www.linkedin.com\/company\/mennonite-world-conference-mwc\/","https:\/\/www.instagram.com\/mwcmm\/","https:\/\/www.youtube.com\/user\/mwccmm","https:\/\/bsky.app\/profile\/mwcmm.bsky.social"]},{"@type":"Person","@id":"https:\/\/mwc-cmm.org\/en\/#\/schema\/person\/11f6ae0d7d1868ba20a1cc27f067c836","name":"mennworldcon","image":{"@type":"ImageObject","inLanguage":"fr-FR","@id":"https:\/\/secure.gravatar.com\/avatar\/06fdc0dc81c157dfdb82ec42f252178a22307808988d22c043f9eb96f1e0fe80?s=96&d=mm&r=g","url":"https:\/\/secure.gravatar.com\/avatar\/06fdc0dc81c157dfdb82ec42f252178a22307808988d22c043f9eb96f1e0fe80?s=96&d=mm&r=g","contentUrl":"https:\/\/secure.gravatar.com\/avatar\/06fdc0dc81c157dfdb82ec42f252178a22307808988d22c043f9eb96f1e0fe80?s=96&d=mm&r=g","caption":"mennworldcon"},"sameAs":["https:\/\/mwc-cmm.org"],"url":"https:\/\/mwc-cmm.org\/fr\/stories\/author\/mennworldcon\/"}]}},"_links":{"self":[{"href":"https:\/\/mwc-cmm.org\/fr\/wp-json\/wp\/v2\/posts\/10671","targetHints":{"allow":["GET"]}}],"collection":[{"href":"https:\/\/mwc-cmm.org\/fr\/wp-json\/wp\/v2\/posts"}],"about":[{"href":"https:\/\/mwc-cmm.org\/fr\/wp-json\/wp\/v2\/types\/post"}],"author":[{"embeddable":true,"href":"https:\/\/mwc-cmm.org\/fr\/wp-json\/wp\/v2\/users\/1"}],"replies":[{"embeddable":true,"href":"https:\/\/mwc-cmm.org\/fr\/wp-json\/wp\/v2\/comments?post=10671"}],"version-history":[{"count":0,"href":"https:\/\/mwc-cmm.org\/fr\/wp-json\/wp\/v2\/posts\/10671\/revisions"}],"wp:featuredmedia":[{"embeddable":true,"href":"https:\/\/mwc-cmm.org\/fr\/wp-json\/wp\/v2\/media\/98552"}],"wp:attachment":[{"href":"https:\/\/mwc-cmm.org\/fr\/wp-json\/wp\/v2\/media?parent=10671"}],"wp:term":[{"taxonomy":"category","embeddable":true,"href":"https:\/\/mwc-cmm.org\/fr\/wp-json\/wp\/v2\/categories?post=10671"},{"taxonomy":"post_tag","embeddable":true,"href":"https:\/\/mwc-cmm.org\/fr\/wp-json\/wp\/v2\/tags?post=10671"},{"taxonomy":"network","embeddable":true,"href":"https:\/\/mwc-cmm.org\/fr\/wp-json\/wp\/v2\/network?post=10671"},{"taxonomy":"eventcategory","embeddable":true,"href":"https:\/\/mwc-cmm.org\/fr\/wp-json\/wp\/v2\/eventcategory?post=10671"}],"curies":[{"name":"wp","href":"https:\/\/api.w.org\/{rel}","templated":true}]}}