{"id":10670,"date":"2024-09-04T00:00:00","date_gmt":"2024-09-04T00:00:00","guid":{"rendered":"https:\/\/mwc-cmm.org\/the-gospel-without-walls-3\/"},"modified":"2024-12-10T17:21:23","modified_gmt":"2024-12-10T17:21:23","slug":"levangile-sans-les-murs","status":"publish","type":"post","link":"https:\/\/mwc-cmm.org\/fr\/stories\/levangile-sans-les-murs\/","title":{"rendered":"L\u2019\u00e9vangile sans les murs"},"content":{"rendered":"<h2>Colombie&nbsp;<\/h2>\n<p><strong>Appel\u00e9s et choisis pour le projet de Dieu sur terre.&nbsp;<\/strong><\/p>\n<p>Quand on a une vision, on trouve les moyens de la&nbsp;r\u00e9aliser.&nbsp;&nbsp;<\/p>\n<p>Lorsque le but est d\u2019amener les cieux sur la terre, Dieu apporte son soutien&nbsp;total.&nbsp;<\/p>\n<p>Il y a 33&nbsp;ans, nous avons entendu un appel \u00e0 \u00e9vang\u00e9liser et \u00e0 faire grandir&nbsp;l\u2019\u00c9glise.&nbsp;<\/p>\n<p>Nous avons commenc\u00e9 \u00e0 participer \u00e0 l\u2019assembl\u00e9e mennonite de notre ville natale, Anolaima. \u00ca l\u2019\u00e9poque, le pasteur Peter Stucky nous a donn\u00e9 son accord pour participer en tant que responsables \u00e0 la direction de cette communaut\u00e9. Le nombre de membres diminuait au point de penser \u00e0 la&nbsp;fermer.&nbsp;<\/p>\n<p>Dans la municipalit\u00e9 d\u2019Anolaima, il n\u2019a jamais \u00e9t\u00e9 facile d\u2019\u00e9vang\u00e9liser en raison du contexte culturel. Nous avons commenc\u00e9 \u00e0 \u00e9vang\u00e9liser en dehors du temple (b\u00e2timent de l\u2019\u00e9glise). Nous voulions pr\u00eacher l\u2019\u00c9vangile l\u00e0 o\u00f9 se trouvaient les&nbsp;perdus.&nbsp;<\/p>\n<p>Nous avons donc d\u00e9cid\u00e9 d\u2019aller dans les \u00e9coles pour pr\u00eacher aux enfants et aux jeunes, en leur fournissant des principes et des valeurs bibliques comme&nbsp;outils.&nbsp;<\/p>\n<p>Nous avons \u00e9galement organis\u00e9 des conf\u00e9rences pour les familles dans le seul but qu\u2019elles nous reconnaissent comme une alternative ouverte et large d\u2019esprit, d\u00e9veloppant une culture du Royaume de&nbsp;Dieu.&nbsp;<\/p>\n<p>Nous avons cr\u00e9\u00e9 une \u00e9cole pour les entrepreneurs en tant que mod\u00e8le d\u2019autosuffisance.&nbsp;<\/p>\n<p>Nous avons travaill\u00e9 dans les parcs en revalorisant des espaces verts comme exemple de service et de vie&nbsp;meilleure.&nbsp;<\/p>\n<p>Nous avions alors re\u00e7u une vision de Dieu&nbsp;: cr\u00e9er un parc pour \u00e9vang\u00e9liser en partant de la nature \u2014 l\u00e0 o\u00f9 les cieux racontent la gloire de Dieu et o\u00f9 le firmament proclame l\u2019\u0153uvre de ses mains&nbsp;(Psaume&nbsp;19).&nbsp;<\/p>\n<p>Nous avons donc r\u00eav\u00e9 d\u2019un parc au milieu de la nature, qui recr\u00e9erait la Parole pour aider \u00e0 r\u00e9pondre aux besoins et \u00e0 annoncer la bonne nouvelle du&nbsp;salut.&nbsp;<\/p>\n<h4>Pourquoi un parc&nbsp;?&nbsp;<\/h4>\n<p>Nous ne pouvions pas comprendre, mais nous avons commenc\u00e9 \u00e0 r\u00eaver sans savoir, sans argent, mais avec l\u2019intention que ce soit le r\u00eave de Dieu. Lors d\u2019une r\u00e9union de cinquante personnes de la paroisse et en utilisant un vase d\u2019argile pour symboliser notre intention, nous avons sem\u00e9 une graine de tournesol et donn\u00e9 naissance au r\u00eave de Dieu de construire un parc en vue de cr\u00e9er une sorte de tourisme de conversion et de transformation.&nbsp;<\/p>\n<p>Il nous a fallu un certain temps avant de pouvoir investir dans un terrain. Nous avons \u00e9conomis\u00e9 30&nbsp;000&nbsp;USD, achet\u00e9 et vendu une propri\u00e9t\u00e9 de 6&nbsp;000&nbsp;m2 pour 45&nbsp;000&nbsp;USD, puis acquis un terrain de 51&nbsp;000&nbsp;m2 pour la m\u00eame&nbsp;somme.&nbsp;<\/p>\n<p>Lorsque la vision vient de Dieu, la foi devient la monnaie qui ach\u00e8te sans argent, car le vendeur avait demand\u00e9 75&nbsp;000&nbsp;USD et il nous a fait l\u2019honneur de \u2018semer\u2019 avec nous la somme&nbsp;restante.&nbsp;<\/p>\n<p>Dieu est toujours fid\u00e8le pour accomplir ses propres r\u00eaves lorsque nous les faisons&nbsp;n\u00f4tres.&nbsp;<\/p>\n<p>Nous avons d\u00fb apprendre \u00e0 faire confiance \u00e0 Dieu&nbsp;: l\u2019\u0153uvre est de Dieu, nous ne faisons que l\u2019accompagner.&nbsp;<\/p>\n<h4>Une rencontre avec Dieu&nbsp;<\/h4>\n<p>\u00ab&nbsp;IgleParque&nbsp;\u00bb met en sc\u00e8ne des \u00e9pisodes du r\u00e9cit biblique dans un cadre naturel. Nous respectons la nature en profitant de ses couleurs majestueuses, de la diversit\u00e9 des oiseaux et des animaux qui enrichissent le tableau&nbsp;biblique.&nbsp;<\/p>\n<p>Au cours de l\u2019ann\u00e9e, nous accueillons entre 2&nbsp;000 et 3&nbsp;000&nbsp;visiteurs, dont de jeunes enfants, des familles et des assembl\u00e9es qui transmettent l\u2019information de bouche \u00e0&nbsp;oreille.&nbsp;<\/p>\n<p>Notre but est d\u2019encourager les visiteurs dans leur foi et dans chacun de leurs besoins per\u00e7us, qu\u2019ils soient \u00e9motionnels ou physiques, d\u2019apporter une aide, une lumi\u00e8re sur leurs chemins, par la connaissance de J\u00e9sus-Christ.&nbsp;<\/p>\n<p>Nous transmettons un message de paix, puisque telle est notre mission en tant que mennonites.&nbsp;<\/p>\n<p>IgleParque est un espace ouvert dans un environnement naturel o\u00f9 les visiteurs remportent avec eux une exp\u00e9rience \u2018infinie\u2019 avec Dieu, puisque dans ce projet le ciel brise les barri\u00e8res qui entravent leur rencontre avec leur Cr\u00e9ateur. La cr\u00e9ativit\u00e9 est la cl\u00e9 de vo\u00fbte d\u2019une \u00e9vang\u00e9lisation diff\u00e9rente, contemporaine mais avec des \u00e9l\u00e9ments&nbsp;bibliques.&nbsp;<\/p>\n<p>Pour ceux qui le visitent, le parc est une voix de l\u2019espoir, car pour tout besoin, il y a une solution. Il y a 17&nbsp;espaces pour offrir des conseils bibliques et interagir avec la bonne nouvelle du&nbsp;salut.&nbsp;<\/p>\n<p>IgleParque est une b\u00e9n\u00e9diction non seulement pour les visiteurs, mais aussi pour la ville elle-m\u00eame, puisqu\u2019il a permis aux h\u00f4tels, aux restaurants et aux transports de se d\u00e9velopper. En raison de sa proximit\u00e9 avec la capitale Bogota (nous ne sommes qu\u2019\u00e0 70&nbsp;km), IgleParque est devenu un point de rencontre pour les visites internationales. IgleParque est un lieu de visite qui ouvre une porte \u00e0 l\u2019\u00e9vang\u00e9lisation.&nbsp;<\/p>\n<p>Dieu nous a donn\u00e9 une strat\u00e9gie pour une \u00e9vang\u00e9lisation sans limites. C\u2019est une visite de deux heures pr\u00e9sentant la foi, l\u2019histoire et des convictions \u00e0 ceux d\u2019entre nous qui ont besoin de&nbsp;Dieu.&nbsp;<\/p>\n<p>Selon la vision du parc 60&nbsp;% de sa construction est achev\u00e9e, mais la communaut\u00e9 s\u2019engage \u00e0 terminer ce que Dieu a fid\u00e8lement commenc\u00e9 avec&nbsp;nous.&nbsp;<\/p>\n<h4>La passion est le moteur du travail&nbsp;<\/h4>\n<p>Nous d\u00e9veloppons peu \u00e0 peu le projet IgleParque depuis plus de 10&nbsp;ans. C\u2019est un processus avec des hauts et des bas, mais nous ne perdons pas courage parce que Dieu nous a donn\u00e9 sa force. Nous apprenons \u00e0 construire par la puissance de la Parole, la foi et la pers\u00e9v\u00e9rance, en rendant l\u2019impossible possible et l\u2019invisible&nbsp;visible.&nbsp;<\/p>\n<p>Au cours du processus, Dieu a ajout\u00e9 des personnes, l\u2019une apr\u00e8s l\u2019autre, jusqu\u2019\u00e0 ce que nous devenions une \u00e9quipe et une famille ayant la passion de transformer un r\u00eave en&nbsp;r\u00e9alit\u00e9.&nbsp;<\/p>\n<p>Nous avons appris \u00e0 construire sur le mod\u00e8le de J\u00e9sus en nous mettant \u00e0 son service, en g\u00e9rant les ressources divines, humaines et physiques et en les transformant gr\u00e2ce \u00e0 la cr\u00e9ativit\u00e9 et \u00e0 la b\u00e9n\u00e9diction que Dieu nous a&nbsp;transmis.&nbsp;<\/p>\n<p>Nous esp\u00e9rons \u00eatre une source d\u2019inspiration, de motivation et de t\u00e9moignage pour l\u2019accomplissement de l\u2019Ordre Missionnaire d\u2019aller et de faire des disciples des nations dans la perspective d\u2019un \u00e9vangile de paix (Matthieu&nbsp;28,19), mais surtout de la foi en Dieu et en sa&nbsp;Parole.&nbsp;<\/p>\n<p><em>\u2014Le pasteur Eduardo et Lucy Bautista sont pasteurs dans la communaut\u00e9 des responsables de l\u2019assembl\u00e9e Menonita Anolaima (Colombie).&nbsp;<\/em><\/p>\n<hr>\n<p><a href=\"https:\/\/mwc-cmm.org\/fr\/resources\/courrier-2024-392-3\"><img decoding=\"async\" alt=\"Courrier 39.2&amp;#\" height=\"75\" data-src=\"\/sites\/default\/files\/website_files_2020\/fr_2.jpg\" style=\"--smush-placeholder-width: 825px; --smush-placeholder-aspect-ratio: 825\/75;float:left\" width=\"825\" src=\"data:image\/svg+xml;base64,PHN2ZyB3aWR0aD0iMSIgaGVpZ2h0PSIxIiB4bWxucz0iaHR0cDovL3d3dy53My5vcmcvMjAwMC9zdmciPjwvc3ZnPg==\" class=\"lazyload\"><\/a><\/p>\n","protected":false},"excerpt":{"rendered":"<p>Colombie&nbsp; Appel\u00e9s et choisis pour le projet de Dieu sur terre.&nbsp; Quand on a une vision, on trouve les moyens de la&nbsp;r\u00e9aliser.&nbsp;&nbsp; Lorsque le but est d\u2019amener les cieux sur la terre, Dieu apporte son soutien&nbsp;total.&nbsp; Il y a 33&nbsp;ans, nous avons entendu un appel \u00e0 \u00e9vang\u00e9liser et \u00e0 faire grandir&nbsp;l\u2019\u00c9glise.&nbsp; Nous avons commenc\u00e9 \u00e0 [&hellip;]<\/p>\n","protected":false},"author":1,"featured_media":98538,"comment_status":"closed","ping_status":"closed","sticky":false,"template":"","format":"standard","meta":{"_acf_changed":false,"footnotes":""},"categories":[1183],"tags":[],"network":[1307],"eventcategory":[],"class_list":["post-10670","post","type-post","status-publish","format-standard","has-post-thumbnail","hentry","category-courier-fr","network-courier-fr"],"acf":[],"yoast_head":"<!-- This site is optimized with the Yoast SEO plugin v27.2 - https:\/\/yoast.com\/product\/yoast-seo-wordpress\/ -->\n<title>L\u2019\u00e9vangile sans les murs - Mennonite World Conference<\/title>\n<meta name=\"robots\" content=\"index, follow, max-snippet:-1, max-image-preview:large, max-video-preview:-1\" \/>\n<link rel=\"canonical\" href=\"https:\/\/mwc-cmm.org\/fr\/stories\/levangile-sans-les-murs\/\" \/>\n<meta property=\"og:locale\" content=\"fr_FR\" \/>\n<meta property=\"og:type\" content=\"article\" \/>\n<meta property=\"og:title\" content=\"L\u2019\u00e9vangile sans les murs - Mennonite World Conference\" \/>\n<meta property=\"og:description\" content=\"Colombie&nbsp; Appel\u00e9s et choisis pour le projet de Dieu sur terre.&nbsp; Quand on a une vision, on trouve les moyens de la&nbsp;r\u00e9aliser.&nbsp;&nbsp; Lorsque le but est d\u2019amener les cieux sur la terre, Dieu apporte son soutien&nbsp;total.&nbsp; Il y a 33&nbsp;ans, nous avons entendu un appel \u00e0 \u00e9vang\u00e9liser et \u00e0 faire grandir&nbsp;l\u2019\u00c9glise.&nbsp; Nous avons commenc\u00e9 \u00e0 [&hellip;]\" \/>\n<meta property=\"og:url\" content=\"https:\/\/mwc-cmm.org\/fr\/stories\/levangile-sans-les-murs\/\" \/>\n<meta property=\"og:site_name\" content=\"Mennonite World Conference\" \/>\n<meta property=\"article:publisher\" content=\"https:\/\/www.facebook.com\/MennoniteWorldConference\" \/>\n<meta property=\"article:published_time\" content=\"2024-09-04T00:00:00+00:00\" \/>\n<meta property=\"article:modified_time\" content=\"2024-12-10T17:21:23+00:00\" \/>\n<meta property=\"og:image\" content=\"https:\/\/mwc-cmm.org\/wp-content\/uploads\/2024\/11\/andrewsuderman-bogota-jars-2.jpg\" \/>\n\t<meta property=\"og:image:width\" content=\"1600\" \/>\n\t<meta property=\"og:image:height\" content=\"1200\" \/>\n\t<meta property=\"og:image:type\" content=\"image\/jpeg\" \/>\n<meta name=\"author\" content=\"mennworldcon\" \/>\n<script type=\"application\/ld+json\" class=\"yoast-schema-graph\">{\"@context\":\"https:\/\/schema.org\",\"@graph\":[{\"@type\":\"Article\",\"@id\":\"https:\/\/mwc-cmm.org\/fr\/stories\/levangile-sans-les-murs\/#article\",\"isPartOf\":{\"@id\":\"https:\/\/mwc-cmm.org\/fr\/stories\/levangile-sans-les-murs\/\"},\"author\":{\"name\":\"mennworldcon\",\"@id\":\"https:\/\/mwc-cmm.org\/en\/#\/schema\/person\/11f6ae0d7d1868ba20a1cc27f067c836\"},\"headline\":\"L\u2019\u00e9vangile sans les murs\",\"datePublished\":\"2024-09-04T00:00:00+00:00\",\"dateModified\":\"2024-12-10T17:21:23+00:00\",\"mainEntityOfPage\":{\"@id\":\"https:\/\/mwc-cmm.org\/fr\/stories\/levangile-sans-les-murs\/\"},\"wordCount\":1180,\"publisher\":{\"@id\":\"https:\/\/mwc-cmm.org\/en\/#organization\"},\"image\":{\"@id\":\"https:\/\/mwc-cmm.org\/fr\/stories\/levangile-sans-les-murs\/#primaryimage\"},\"thumbnailUrl\":\"https:\/\/mwc-cmm.org\/wp-content\/uploads\/2024\/11\/andrewsuderman-bogota-jars-2.jpg\",\"articleSection\":[\"Courrier\"],\"inLanguage\":\"fr-FR\"},{\"@type\":\"WebPage\",\"@id\":\"https:\/\/mwc-cmm.org\/fr\/stories\/levangile-sans-les-murs\/\",\"url\":\"https:\/\/mwc-cmm.org\/fr\/stories\/levangile-sans-les-murs\/\",\"name\":\"L\u2019\u00e9vangile sans les murs - Mennonite World Conference\",\"isPartOf\":{\"@id\":\"https:\/\/mwc-cmm.org\/en\/#website\"},\"primaryImageOfPage\":{\"@id\":\"https:\/\/mwc-cmm.org\/fr\/stories\/levangile-sans-les-murs\/#primaryimage\"},\"image\":{\"@id\":\"https:\/\/mwc-cmm.org\/fr\/stories\/levangile-sans-les-murs\/#primaryimage\"},\"thumbnailUrl\":\"https:\/\/mwc-cmm.org\/wp-content\/uploads\/2024\/11\/andrewsuderman-bogota-jars-2.jpg\",\"datePublished\":\"2024-09-04T00:00:00+00:00\",\"dateModified\":\"2024-12-10T17:21:23+00:00\",\"breadcrumb\":{\"@id\":\"https:\/\/mwc-cmm.org\/fr\/stories\/levangile-sans-les-murs\/#breadcrumb\"},\"inLanguage\":\"fr-FR\",\"potentialAction\":[{\"@type\":\"ReadAction\",\"target\":[\"https:\/\/mwc-cmm.org\/fr\/stories\/levangile-sans-les-murs\/\"]}]},{\"@type\":\"ImageObject\",\"inLanguage\":\"fr-FR\",\"@id\":\"https:\/\/mwc-cmm.org\/fr\/stories\/levangile-sans-les-murs\/#primaryimage\",\"url\":\"https:\/\/mwc-cmm.org\/wp-content\/uploads\/2024\/11\/andrewsuderman-bogota-jars-2.jpg\",\"contentUrl\":\"https:\/\/mwc-cmm.org\/wp-content\/uploads\/2024\/11\/andrewsuderman-bogota-jars-2.jpg\",\"width\":1600,\"height\":1200},{\"@type\":\"BreadcrumbList\",\"@id\":\"https:\/\/mwc-cmm.org\/fr\/stories\/levangile-sans-les-murs\/#breadcrumb\",\"itemListElement\":[{\"@type\":\"ListItem\",\"position\":1,\"name\":\"Home\",\"item\":\"https:\/\/mwc-cmm.org\/fr\/\"},{\"@type\":\"ListItem\",\"position\":2,\"name\":\"L\u2019\u00e9vangile sans les murs\"}]},{\"@type\":\"WebSite\",\"@id\":\"https:\/\/mwc-cmm.org\/en\/#website\",\"url\":\"https:\/\/mwc-cmm.org\/en\/\",\"name\":\"Mennonite World Conference\",\"description\":\"A communion of Anabaptist-related churches\",\"publisher\":{\"@id\":\"https:\/\/mwc-cmm.org\/en\/#organization\"},\"alternateName\":\"MWC\",\"potentialAction\":[{\"@type\":\"SearchAction\",\"target\":{\"@type\":\"EntryPoint\",\"urlTemplate\":\"https:\/\/mwc-cmm.org\/en\/?s={search_term_string}\"},\"query-input\":{\"@type\":\"PropertyValueSpecification\",\"valueRequired\":true,\"valueName\":\"search_term_string\"}}],\"inLanguage\":\"fr-FR\"},{\"@type\":\"Organization\",\"@id\":\"https:\/\/mwc-cmm.org\/en\/#organization\",\"name\":\"Mennonite World Conference\",\"alternateName\":\"MWC\",\"url\":\"https:\/\/mwc-cmm.org\/en\/\",\"logo\":{\"@type\":\"ImageObject\",\"inLanguage\":\"fr-FR\",\"@id\":\"https:\/\/mwc-cmm.org\/en\/#\/schema\/logo\/image\/\",\"url\":\"https:\/\/mwc-cmm.org\/wp-content\/uploads\/2026\/01\/MWC_Sig_Blue_Horiz_webheader1-logo.svg\",\"contentUrl\":\"https:\/\/mwc-cmm.org\/wp-content\/uploads\/2026\/01\/MWC_Sig_Blue_Horiz_webheader1-logo.svg\",\"width\":786,\"height\":82,\"caption\":\"Mennonite World Conference\"},\"image\":{\"@id\":\"https:\/\/mwc-cmm.org\/en\/#\/schema\/logo\/image\/\"},\"sameAs\":[\"https:\/\/www.facebook.com\/MennoniteWorldConference\",\"https:\/\/www.linkedin.com\/company\/mennonite-world-conference-mwc\/\",\"https:\/\/www.instagram.com\/mwcmm\/\",\"https:\/\/www.youtube.com\/user\/mwccmm\",\"https:\/\/bsky.app\/profile\/mwcmm.bsky.social\"]},{\"@type\":\"Person\",\"@id\":\"https:\/\/mwc-cmm.org\/en\/#\/schema\/person\/11f6ae0d7d1868ba20a1cc27f067c836\",\"name\":\"mennworldcon\",\"image\":{\"@type\":\"ImageObject\",\"inLanguage\":\"fr-FR\",\"@id\":\"https:\/\/secure.gravatar.com\/avatar\/06fdc0dc81c157dfdb82ec42f252178a22307808988d22c043f9eb96f1e0fe80?s=96&d=mm&r=g\",\"url\":\"https:\/\/secure.gravatar.com\/avatar\/06fdc0dc81c157dfdb82ec42f252178a22307808988d22c043f9eb96f1e0fe80?s=96&d=mm&r=g\",\"contentUrl\":\"https:\/\/secure.gravatar.com\/avatar\/06fdc0dc81c157dfdb82ec42f252178a22307808988d22c043f9eb96f1e0fe80?s=96&d=mm&r=g\",\"caption\":\"mennworldcon\"},\"sameAs\":[\"https:\/\/mwc-cmm.org\"],\"url\":\"https:\/\/mwc-cmm.org\/fr\/stories\/author\/mennworldcon\/\"}]}<\/script>\n<!-- \/ Yoast SEO plugin. -->","yoast_head_json":{"title":"L\u2019\u00e9vangile sans les murs - Mennonite World Conference","robots":{"index":"index","follow":"follow","max-snippet":"max-snippet:-1","max-image-preview":"max-image-preview:large","max-video-preview":"max-video-preview:-1"},"canonical":"https:\/\/mwc-cmm.org\/fr\/stories\/levangile-sans-les-murs\/","og_locale":"fr_FR","og_type":"article","og_title":"L\u2019\u00e9vangile sans les murs - Mennonite World Conference","og_description":"Colombie&nbsp; Appel\u00e9s et choisis pour le projet de Dieu sur terre.&nbsp; Quand on a une vision, on trouve les moyens de la&nbsp;r\u00e9aliser.&nbsp;&nbsp; Lorsque le but est d\u2019amener les cieux sur la terre, Dieu apporte son soutien&nbsp;total.&nbsp; Il y a 33&nbsp;ans, nous avons entendu un appel \u00e0 \u00e9vang\u00e9liser et \u00e0 faire grandir&nbsp;l\u2019\u00c9glise.&nbsp; Nous avons commenc\u00e9 \u00e0 [&hellip;]","og_url":"https:\/\/mwc-cmm.org\/fr\/stories\/levangile-sans-les-murs\/","og_site_name":"Mennonite World Conference","article_publisher":"https:\/\/www.facebook.com\/MennoniteWorldConference","article_published_time":"2024-09-04T00:00:00+00:00","article_modified_time":"2024-12-10T17:21:23+00:00","og_image":[{"width":1600,"height":1200,"url":"https:\/\/mwc-cmm.org\/wp-content\/uploads\/2024\/11\/andrewsuderman-bogota-jars-2.jpg","type":"image\/jpeg"}],"author":"mennworldcon","schema":{"@context":"https:\/\/schema.org","@graph":[{"@type":"Article","@id":"https:\/\/mwc-cmm.org\/fr\/stories\/levangile-sans-les-murs\/#article","isPartOf":{"@id":"https:\/\/mwc-cmm.org\/fr\/stories\/levangile-sans-les-murs\/"},"author":{"name":"mennworldcon","@id":"https:\/\/mwc-cmm.org\/en\/#\/schema\/person\/11f6ae0d7d1868ba20a1cc27f067c836"},"headline":"L\u2019\u00e9vangile sans les murs","datePublished":"2024-09-04T00:00:00+00:00","dateModified":"2024-12-10T17:21:23+00:00","mainEntityOfPage":{"@id":"https:\/\/mwc-cmm.org\/fr\/stories\/levangile-sans-les-murs\/"},"wordCount":1180,"publisher":{"@id":"https:\/\/mwc-cmm.org\/en\/#organization"},"image":{"@id":"https:\/\/mwc-cmm.org\/fr\/stories\/levangile-sans-les-murs\/#primaryimage"},"thumbnailUrl":"https:\/\/mwc-cmm.org\/wp-content\/uploads\/2024\/11\/andrewsuderman-bogota-jars-2.jpg","articleSection":["Courrier"],"inLanguage":"fr-FR"},{"@type":"WebPage","@id":"https:\/\/mwc-cmm.org\/fr\/stories\/levangile-sans-les-murs\/","url":"https:\/\/mwc-cmm.org\/fr\/stories\/levangile-sans-les-murs\/","name":"L\u2019\u00e9vangile sans les murs - Mennonite World Conference","isPartOf":{"@id":"https:\/\/mwc-cmm.org\/en\/#website"},"primaryImageOfPage":{"@id":"https:\/\/mwc-cmm.org\/fr\/stories\/levangile-sans-les-murs\/#primaryimage"},"image":{"@id":"https:\/\/mwc-cmm.org\/fr\/stories\/levangile-sans-les-murs\/#primaryimage"},"thumbnailUrl":"https:\/\/mwc-cmm.org\/wp-content\/uploads\/2024\/11\/andrewsuderman-bogota-jars-2.jpg","datePublished":"2024-09-04T00:00:00+00:00","dateModified":"2024-12-10T17:21:23+00:00","breadcrumb":{"@id":"https:\/\/mwc-cmm.org\/fr\/stories\/levangile-sans-les-murs\/#breadcrumb"},"inLanguage":"fr-FR","potentialAction":[{"@type":"ReadAction","target":["https:\/\/mwc-cmm.org\/fr\/stories\/levangile-sans-les-murs\/"]}]},{"@type":"ImageObject","inLanguage":"fr-FR","@id":"https:\/\/mwc-cmm.org\/fr\/stories\/levangile-sans-les-murs\/#primaryimage","url":"https:\/\/mwc-cmm.org\/wp-content\/uploads\/2024\/11\/andrewsuderman-bogota-jars-2.jpg","contentUrl":"https:\/\/mwc-cmm.org\/wp-content\/uploads\/2024\/11\/andrewsuderman-bogota-jars-2.jpg","width":1600,"height":1200},{"@type":"BreadcrumbList","@id":"https:\/\/mwc-cmm.org\/fr\/stories\/levangile-sans-les-murs\/#breadcrumb","itemListElement":[{"@type":"ListItem","position":1,"name":"Home","item":"https:\/\/mwc-cmm.org\/fr\/"},{"@type":"ListItem","position":2,"name":"L\u2019\u00e9vangile sans les murs"}]},{"@type":"WebSite","@id":"https:\/\/mwc-cmm.org\/en\/#website","url":"https:\/\/mwc-cmm.org\/en\/","name":"Mennonite World Conference","description":"A communion of Anabaptist-related churches","publisher":{"@id":"https:\/\/mwc-cmm.org\/en\/#organization"},"alternateName":"MWC","potentialAction":[{"@type":"SearchAction","target":{"@type":"EntryPoint","urlTemplate":"https:\/\/mwc-cmm.org\/en\/?s={search_term_string}"},"query-input":{"@type":"PropertyValueSpecification","valueRequired":true,"valueName":"search_term_string"}}],"inLanguage":"fr-FR"},{"@type":"Organization","@id":"https:\/\/mwc-cmm.org\/en\/#organization","name":"Mennonite World Conference","alternateName":"MWC","url":"https:\/\/mwc-cmm.org\/en\/","logo":{"@type":"ImageObject","inLanguage":"fr-FR","@id":"https:\/\/mwc-cmm.org\/en\/#\/schema\/logo\/image\/","url":"https:\/\/mwc-cmm.org\/wp-content\/uploads\/2026\/01\/MWC_Sig_Blue_Horiz_webheader1-logo.svg","contentUrl":"https:\/\/mwc-cmm.org\/wp-content\/uploads\/2026\/01\/MWC_Sig_Blue_Horiz_webheader1-logo.svg","width":786,"height":82,"caption":"Mennonite World Conference"},"image":{"@id":"https:\/\/mwc-cmm.org\/en\/#\/schema\/logo\/image\/"},"sameAs":["https:\/\/www.facebook.com\/MennoniteWorldConference","https:\/\/www.linkedin.com\/company\/mennonite-world-conference-mwc\/","https:\/\/www.instagram.com\/mwcmm\/","https:\/\/www.youtube.com\/user\/mwccmm","https:\/\/bsky.app\/profile\/mwcmm.bsky.social"]},{"@type":"Person","@id":"https:\/\/mwc-cmm.org\/en\/#\/schema\/person\/11f6ae0d7d1868ba20a1cc27f067c836","name":"mennworldcon","image":{"@type":"ImageObject","inLanguage":"fr-FR","@id":"https:\/\/secure.gravatar.com\/avatar\/06fdc0dc81c157dfdb82ec42f252178a22307808988d22c043f9eb96f1e0fe80?s=96&d=mm&r=g","url":"https:\/\/secure.gravatar.com\/avatar\/06fdc0dc81c157dfdb82ec42f252178a22307808988d22c043f9eb96f1e0fe80?s=96&d=mm&r=g","contentUrl":"https:\/\/secure.gravatar.com\/avatar\/06fdc0dc81c157dfdb82ec42f252178a22307808988d22c043f9eb96f1e0fe80?s=96&d=mm&r=g","caption":"mennworldcon"},"sameAs":["https:\/\/mwc-cmm.org"],"url":"https:\/\/mwc-cmm.org\/fr\/stories\/author\/mennworldcon\/"}]}},"_links":{"self":[{"href":"https:\/\/mwc-cmm.org\/fr\/wp-json\/wp\/v2\/posts\/10670","targetHints":{"allow":["GET"]}}],"collection":[{"href":"https:\/\/mwc-cmm.org\/fr\/wp-json\/wp\/v2\/posts"}],"about":[{"href":"https:\/\/mwc-cmm.org\/fr\/wp-json\/wp\/v2\/types\/post"}],"author":[{"embeddable":true,"href":"https:\/\/mwc-cmm.org\/fr\/wp-json\/wp\/v2\/users\/1"}],"replies":[{"embeddable":true,"href":"https:\/\/mwc-cmm.org\/fr\/wp-json\/wp\/v2\/comments?post=10670"}],"version-history":[{"count":0,"href":"https:\/\/mwc-cmm.org\/fr\/wp-json\/wp\/v2\/posts\/10670\/revisions"}],"wp:featuredmedia":[{"embeddable":true,"href":"https:\/\/mwc-cmm.org\/fr\/wp-json\/wp\/v2\/media\/98538"}],"wp:attachment":[{"href":"https:\/\/mwc-cmm.org\/fr\/wp-json\/wp\/v2\/media?parent=10670"}],"wp:term":[{"taxonomy":"category","embeddable":true,"href":"https:\/\/mwc-cmm.org\/fr\/wp-json\/wp\/v2\/categories?post=10670"},{"taxonomy":"post_tag","embeddable":true,"href":"https:\/\/mwc-cmm.org\/fr\/wp-json\/wp\/v2\/tags?post=10670"},{"taxonomy":"network","embeddable":true,"href":"https:\/\/mwc-cmm.org\/fr\/wp-json\/wp\/v2\/network?post=10670"},{"taxonomy":"eventcategory","embeddable":true,"href":"https:\/\/mwc-cmm.org\/fr\/wp-json\/wp\/v2\/eventcategory?post=10670"}],"curies":[{"name":"wp","href":"https:\/\/api.w.org\/{rel}","templated":true}]}}