{"id":10669,"date":"2024-09-04T00:00:00","date_gmt":"2024-09-04T00:00:00","guid":{"rendered":"https:\/\/mwc-cmm.org\/discipleship-in-the-family-3\/"},"modified":"2024-12-10T17:21:23","modified_gmt":"2024-12-10T17:21:23","slug":"le-discipulat-dans-la-famille","status":"publish","type":"post","link":"https:\/\/mwc-cmm.org\/fr\/stories\/le-discipulat-dans-la-famille\/","title":{"rendered":"Le discipulat dans la famille"},"content":{"rendered":"<h2>Indon\u00e9sie<\/h2>\n<p>Ma femme et moi sommes pasteurs depuis 25 ans dans une paroisse du centre-ville de Jakarta, qui compte environ 250 personnes. Nous aimons beaucoup notre vocation minist\u00e9rielle, qui consiste \u00e0 grandir avec l\u2019assembl\u00e9e dont nous sommes les&nbsp;bergers.&nbsp;<\/p>\n<p>Nous avons une fille qui est maintenant dans son sixi\u00e8me semestre de l\u2019\u00e9cole de m\u00e9decine et qui se pr\u00e9pare \u00e0 devenir&nbsp;m\u00e9decin.&nbsp;<\/p>\n<p>Depuis notre passage au s\u00e9minaire, ma femme et moi avons \u00e9t\u00e9 les mentors de plus de 120 adolescents. Nous les avons form\u00e9s au discipulat, si bien qu\u2019un grand nombre des membres actifs de l\u2019assembl\u00e9e aujourd\u2019hui sont des adolescents que nous avons&nbsp;encadr\u00e9s.&nbsp;<\/p>\n<p>Si l\u2019on me demandait quel a \u00e9t\u00e9 mon poste ou mon r\u00f4le le plus significatif, ma r\u00e9ponse serait d\u2019avoir \u00e9t\u00e9 le p\u00e8re des nombreux enfants plac\u00e9s que nous avons accueillis dans notre foyer comme faisant partie de notre famille. Il a plus de valeur que tous les autres r\u00f4les que j\u2019ai occup\u00e9s au sein de notre synode ou de notre association d\u2019\u00e9glises, voire au niveau&nbsp;mondial.&nbsp;<\/p>\n<h4>Une maison aux portes ouvertes&nbsp;<\/h4>\n<p>Cette histoire a commenc\u00e9 lorsque nous commencions \u00e0 nous fr\u00e9quenter, ma femme et moi, au s\u00e9minaire de&nbsp;Salatiga.&nbsp;<\/p>\n<p>Nous avions la m\u00eame passion pour l\u2019amour des enfants et des jeunes, pour les aider \u00e0 conna\u00eetre le Seigneur J\u00e9sus et \u00e0 grandir dans tous les aspects de leur vie. Nous avons tous deux r\u00e9alis\u00e9 que notre existence n\u2019\u00e9tait due qu\u2019\u00e0 la gr\u00e2ce de Dieu, et nous voulions que d\u2019autres personnes fassent \u00e9galement l\u2019exp\u00e9rience de sa&nbsp;gr\u00e2ce.&nbsp;<\/p>\n<p>Apr\u00e8s notre mariage et alors que notre fille avait 10 mois, Dieu nous a envoy\u00e9 un jeune homme. Il n\u2019avait pas de parents et avait \u00e9t\u00e9 rejet\u00e9 par sa famille. Son corps \u00e9tait \u00e9maci\u00e9 et il avait un tympan crev\u00e9 caus\u00e9 par de la violence de son&nbsp;oncle.&nbsp;<\/p>\n<p>Un membre de l\u2019assembl\u00e9e l\u2019a emmen\u00e9 chez nous, et ce soir-l\u00e0, nous avons accept\u00e9 de le prendre en charge. Il est rest\u00e9 avec nous pendant de nombreuses ann\u00e9es. Nous avons pu le guider pour qu\u2019il rencontre le Seigneur&nbsp;J\u00e9sus.&nbsp;<\/p>\n<p>Ce jeune a ensuite suivi des \u00e9tudes de th\u00e9ologie et de missiologie, et travaille depuis 10 ans comme missionnaire \u00e0 l\u2019int\u00e9rieur du&nbsp;pays.&nbsp;<\/p>\n<p>Depuis lors, Dieu a envoy\u00e9 chez nous de nombreux enfants de diverses r\u00e9gions et origines&nbsp;ethniques.&nbsp;<\/p>\n<p>Quelques 43 enfants ont rejoint notre famille. En g\u00e9n\u00e9ral, ils viennent de familles pauvres des villages et des r\u00e9gions recul\u00e9es et n\u2019ont ni p\u00e8re ni m\u00e8re. Plusieurs d\u2019entre eux ont des besoins particuliers ou souffrent de maladies telles que l\u2019\u00e9pilepsie, qui doivent \u00eatre suivies par un&nbsp;m\u00e9decin.&nbsp;<\/p>\n<p>Il n\u2019est pas facile d\u2019accueillir autant d\u2019enfants dans notre foyer. D\u00e8s le d\u00e9but, nous nous sommes engag\u00e9s \u00e0 utiliser notre propre argent, qui \u00e9tait tr\u00e8s limit\u00e9 au d\u00e9but, m\u00eame pour les repas quotidiens. En tant que pasteurs, nos revenus ne sont pas \u00e9lev\u00e9s. C\u2019est devenu difficile lorsque nos enfants accueillis sont pass\u00e9s de 4 \u00e0 10, puis \u00e0 13 et enfin \u00e0 17. Pourtant, nous consid\u00e9rons qu\u2019il est de notre devoir de prendre en charge tous leurs frais de subsistance : nourriture, v\u00eatements, frais de&nbsp;scolarit\u00e9.&nbsp;<\/p>\n<p>Pendant deux ans, nous avons mang\u00e9 du poisson sal\u00e9 presque tous les jours (ce qui a caus\u00e9 de l\u2019hypertension \u00e0 ma femme). Mais nous ne regrettons jamais de l\u2019avoir fait car Dieu nous donne la&nbsp;joie.&nbsp;<\/p>\n<h4>Sur le chemin de Dieu&nbsp;<\/h4>\n<p>Le plus difficile n\u2019est pas de nourrir nos enfants, mais de les amener \u00e0 Dieu en raison de leurs diff\u00e9rents contextes familiaux et&nbsp;culturels.&nbsp;<\/p>\n<p>Nous n\u2019avons pas cr\u00e9\u00e9 un orphelinat, ni m\u00eame un dortoir pour les enfants. Au contraire, nous les int\u00e9grons \u00e0 notre famille. Nous disons souvent \u00e0 nos enfants que <em>c\u2019est leur maison <\/em>et que <em>c\u2019est leur famille<\/em>, afin qu\u2019ils d\u00e9couvrent la chaleur et la s\u00e9curit\u00e9 de la famille qu\u2019ils n\u2019ont jamais&nbsp;eue.&nbsp;<\/p>\n<p>Notre objectif n\u2019est pas seulement de leur permettre de poursuivre leurs r\u00eaves, mais de les \u00e9lever pour qu\u2019ils soient transform\u00e9s par le Christ et qu\u2019ils trouvent leur vocation en tant que disciples.&nbsp;<\/p>\n<p>Lorsque notre fille \u00e9tait \u00e0 l\u2019\u00e9cole primaire, elle a demand\u00e9 un jour : <em>\u00ab&nbsp;Maman et papa, pourquoi amenez-vous tant d\u2019enfants dans notre maison ? Notre maison est tellement pleine. Ce serait bien si nous vivions seuls tous les trois, et si tout \u00e9tait \u00e0&nbsp;moi.&nbsp;\u00bb&nbsp;<\/em><\/p>\n<p>Cependant, lorsqu\u2019elle finissait l\u2019\u00e9cole secondaire, elle a \u00e9crit un essai pour un concours d\u2019\u00e9criture organis\u00e9 par le plus grand journal de notre&nbsp;pays.&nbsp;<\/p>\n<p><em>\u00ab&nbsp;Je suis n\u00e9e fille unique et je devrais pouvoir jouir de cette b\u00e9n\u00e9diction sans avoir besoin de la partager avec d\u2019autres. Mais mon p\u00e8re et ma m\u00e8re ont \u00e9lev\u00e9 de nombreux enfants dans notre maison, ce qui signifie que j\u2019ai d\u00fb tout partager, y compris mon p\u00e8re et ma m\u00e8re. Au d\u00e9but, j\u2019\u00e9tais triste et j\u2019avais du mal \u00e0 l\u2019accepter. Mais mes parents \u00e9taient tr\u00e8s aimants qui souhaitaient ardemment que d\u2019autres enfants ressentent l\u2019amour de Dieu et aient un avenir. Ils ont accept\u00e9 que leur vie soit boulevers\u00e9e pour devenir comme des arbres abritant de nombreuses personnes vuln\u00e9rables. Aujourd\u2019hui, ma maison est remplie de membres de ma famille venus de toute l\u2019Indon\u00e9sie. Je comprends \u00e0 pr\u00e9sent que la vie doit \u00eatre partag\u00e9e. O\u00f9 est la beaut\u00e9 de la vie si elle n\u2019est v\u00e9cue que pour&nbsp;soi&nbsp;?&nbsp;\u00bb&nbsp;<\/em><\/p>\n<p>Nous avons pleur\u00e9 en lisant sa r\u00e9flexion, reconnaissants qu\u2019elle ait \u00e9galement d\u00e9couvert que le v\u00e9ritable sens de la vie ne se trouve que dans le&nbsp;partage.&nbsp;<\/p>\n<p>Et elle a m\u00eame gagn\u00e9 le&nbsp;concours&nbsp;!&nbsp;<\/p>\n<p>Beaucoup de nos enfants ont obtenu leur dipl\u00f4me et poursuivent leur vocation en tant que pasteurs, missionnaires, enseignants, infirmi\u00e8res ou sur les march\u00e9s. S\u2019ils nous demandent : <em>\u00ab&nbsp;Comment pouvons-nous vous remercier pour toute la gentillesse dont vous avez fait preuve en tant que p\u00e8re, m\u00e8re et s\u0153ur ?&nbsp;\u00bb<\/em>, nous r\u00e9pondons toujours : <em>\u00ab&nbsp;Remboursez en partageant l\u2019amour de Dieu avec d\u2019autres, afin qu\u2019il ne s\u2019arr\u00eate pas \u00e0 vous. Nous nous r\u00e9jouissons de vous rendre visite et de voir de nombreux enfants dans vos&nbsp;familles.&nbsp;\u00bb&nbsp;<\/em><\/p>\n<p>Bien s\u00fbr, il y a beaucoup de nuances \u00e0 apporter dans tout ce processus &#8211; beaucoup de joies et de peines. Mais Dieu a permis \u00e0 notre r\u00eave de se&nbsp;r\u00e9aliser.&nbsp;<\/p>\n<p>Priez pour que nos enfants continuent \u00e0 devenir des croyants et des disciples fid\u00e8les, servant Dieu selon leurs dons et leurs&nbsp;appels.&nbsp;<\/p>\n<p>Que le nom du Seigneur soit&nbsp;b\u00e9ni&nbsp;!&nbsp;<\/p>\n<p><em>\u2014Agus W. Mayanto est le repr\u00e9sentant r\u00e9gional de la Conf\u00e9rence Mennonite Mondiale pour l\u2019Asie du Sud-Est. Avec sa femme Rosmaida, il est co-pasteur de la GKMI Cempaka Putih Jakarta en Indon\u00e9sie depuis 1999.&nbsp;<\/em><\/p>\n<p><span style=\"font-size:12px;\">Cet article est adapt\u00e9 de la pr\u00e9sentation qu\u2019il a donn\u00e9e \u00e0 Renouveau 2024, \u2018Transform\u00e9s, nous vivons ensemble J\u00e9sus\u2019, le 6 avril 2024 au&nbsp;Br\u00e9sil.&nbsp;<\/span><\/p>\n<hr>\n<p><a href=\"https:\/\/mwc-cmm.org\/fr\/resources\/courrier-2024-392-3\"><img decoding=\"async\" alt=\"Courrier 39.2&amp;#\" height=\"75\" data-src=\"\/sites\/default\/files\/website_files_2020\/fr_2.jpg\" style=\"--smush-placeholder-width: 825px; --smush-placeholder-aspect-ratio: 825\/75;float:left\" width=\"825\" src=\"data:image\/svg+xml;base64,PHN2ZyB3aWR0aD0iMSIgaGVpZ2h0PSIxIiB4bWxucz0iaHR0cDovL3d3dy53My5vcmcvMjAwMC9zdmciPjwvc3ZnPg==\" class=\"lazyload\"><\/a><\/p>\n","protected":false},"excerpt":{"rendered":"<p>Indon\u00e9sie Ma femme et moi sommes pasteurs depuis 25 ans dans une paroisse du centre-ville de Jakarta, qui compte environ 250 personnes. Nous aimons beaucoup notre vocation minist\u00e9rielle, qui consiste \u00e0 grandir avec l\u2019assembl\u00e9e dont nous sommes les&nbsp;bergers.&nbsp; Nous avons une fille qui est maintenant dans son sixi\u00e8me semestre de l\u2019\u00e9cole de m\u00e9decine et qui [&hellip;]<\/p>\n","protected":false},"author":1,"featured_media":98524,"comment_status":"closed","ping_status":"closed","sticky":false,"template":"","format":"standard","meta":{"_acf_changed":false,"footnotes":""},"categories":[1183],"tags":[],"network":[1307],"eventcategory":[],"class_list":["post-10669","post","type-post","status-publish","format-standard","has-post-thumbnail","hentry","category-courier-fr","network-courier-fr"],"acf":[],"yoast_head":"<!-- This site is optimized with the Yoast SEO plugin v27.2 - https:\/\/yoast.com\/product\/yoast-seo-wordpress\/ -->\n<title>Le discipulat dans la famille - Mennonite World Conference<\/title>\n<meta name=\"robots\" content=\"index, follow, max-snippet:-1, max-image-preview:large, max-video-preview:-1\" \/>\n<link rel=\"canonical\" href=\"https:\/\/mwc-cmm.org\/fr\/stories\/le-discipulat-dans-la-famille\/\" \/>\n<meta property=\"og:locale\" content=\"fr_FR\" \/>\n<meta property=\"og:type\" content=\"article\" \/>\n<meta property=\"og:title\" content=\"Le discipulat dans la famille - Mennonite World Conference\" \/>\n<meta property=\"og:description\" content=\"Indon\u00e9sie Ma femme et moi sommes pasteurs depuis 25 ans dans une paroisse du centre-ville de Jakarta, qui compte environ 250 personnes. Nous aimons beaucoup notre vocation minist\u00e9rielle, qui consiste \u00e0 grandir avec l\u2019assembl\u00e9e dont nous sommes les&nbsp;bergers.&nbsp; Nous avons une fille qui est maintenant dans son sixi\u00e8me semestre de l\u2019\u00e9cole de m\u00e9decine et qui [&hellip;]\" \/>\n<meta property=\"og:url\" content=\"https:\/\/mwc-cmm.org\/fr\/stories\/le-discipulat-dans-la-famille\/\" \/>\n<meta property=\"og:site_name\" content=\"Mennonite World Conference\" \/>\n<meta property=\"article:publisher\" content=\"https:\/\/www.facebook.com\/MennoniteWorldConference\" \/>\n<meta property=\"article:published_time\" content=\"2024-09-04T00:00:00+00:00\" \/>\n<meta property=\"article:modified_time\" content=\"2024-12-10T17:21:23+00:00\" \/>\n<meta property=\"og:image\" content=\"https:\/\/mwc-cmm.org\/wp-content\/uploads\/2024\/11\/202404henkstenvers20240406_204834-scaled.jpg\" \/>\n\t<meta property=\"og:image:width\" content=\"2560\" \/>\n\t<meta property=\"og:image:height\" content=\"1920\" \/>\n\t<meta property=\"og:image:type\" content=\"image\/jpeg\" \/>\n<meta name=\"author\" content=\"mennworldcon\" \/>\n<script type=\"application\/ld+json\" class=\"yoast-schema-graph\">{\"@context\":\"https:\/\/schema.org\",\"@graph\":[{\"@type\":\"Article\",\"@id\":\"https:\/\/mwc-cmm.org\/fr\/stories\/le-discipulat-dans-la-famille\/#article\",\"isPartOf\":{\"@id\":\"https:\/\/mwc-cmm.org\/fr\/stories\/le-discipulat-dans-la-famille\/\"},\"author\":{\"name\":\"mennworldcon\",\"@id\":\"https:\/\/mwc-cmm.org\/en\/#\/schema\/person\/11f6ae0d7d1868ba20a1cc27f067c836\"},\"headline\":\"Le discipulat dans la famille\",\"datePublished\":\"2024-09-04T00:00:00+00:00\",\"dateModified\":\"2024-12-10T17:21:23+00:00\",\"mainEntityOfPage\":{\"@id\":\"https:\/\/mwc-cmm.org\/fr\/stories\/le-discipulat-dans-la-famille\/\"},\"wordCount\":1280,\"publisher\":{\"@id\":\"https:\/\/mwc-cmm.org\/en\/#organization\"},\"image\":{\"@id\":\"https:\/\/mwc-cmm.org\/fr\/stories\/le-discipulat-dans-la-famille\/#primaryimage\"},\"thumbnailUrl\":\"https:\/\/mwc-cmm.org\/wp-content\/uploads\/2024\/11\/202404henkstenvers20240406_204834-scaled.jpg\",\"articleSection\":[\"Courrier\"],\"inLanguage\":\"fr-FR\"},{\"@type\":\"WebPage\",\"@id\":\"https:\/\/mwc-cmm.org\/fr\/stories\/le-discipulat-dans-la-famille\/\",\"url\":\"https:\/\/mwc-cmm.org\/fr\/stories\/le-discipulat-dans-la-famille\/\",\"name\":\"Le discipulat dans la famille - Mennonite World Conference\",\"isPartOf\":{\"@id\":\"https:\/\/mwc-cmm.org\/en\/#website\"},\"primaryImageOfPage\":{\"@id\":\"https:\/\/mwc-cmm.org\/fr\/stories\/le-discipulat-dans-la-famille\/#primaryimage\"},\"image\":{\"@id\":\"https:\/\/mwc-cmm.org\/fr\/stories\/le-discipulat-dans-la-famille\/#primaryimage\"},\"thumbnailUrl\":\"https:\/\/mwc-cmm.org\/wp-content\/uploads\/2024\/11\/202404henkstenvers20240406_204834-scaled.jpg\",\"datePublished\":\"2024-09-04T00:00:00+00:00\",\"dateModified\":\"2024-12-10T17:21:23+00:00\",\"breadcrumb\":{\"@id\":\"https:\/\/mwc-cmm.org\/fr\/stories\/le-discipulat-dans-la-famille\/#breadcrumb\"},\"inLanguage\":\"fr-FR\",\"potentialAction\":[{\"@type\":\"ReadAction\",\"target\":[\"https:\/\/mwc-cmm.org\/fr\/stories\/le-discipulat-dans-la-famille\/\"]}]},{\"@type\":\"ImageObject\",\"inLanguage\":\"fr-FR\",\"@id\":\"https:\/\/mwc-cmm.org\/fr\/stories\/le-discipulat-dans-la-famille\/#primaryimage\",\"url\":\"https:\/\/mwc-cmm.org\/wp-content\/uploads\/2024\/11\/202404henkstenvers20240406_204834-scaled.jpg\",\"contentUrl\":\"https:\/\/mwc-cmm.org\/wp-content\/uploads\/2024\/11\/202404henkstenvers20240406_204834-scaled.jpg\",\"width\":2560,\"height\":1920},{\"@type\":\"BreadcrumbList\",\"@id\":\"https:\/\/mwc-cmm.org\/fr\/stories\/le-discipulat-dans-la-famille\/#breadcrumb\",\"itemListElement\":[{\"@type\":\"ListItem\",\"position\":1,\"name\":\"Home\",\"item\":\"https:\/\/mwc-cmm.org\/fr\/\"},{\"@type\":\"ListItem\",\"position\":2,\"name\":\"Le discipulat dans la famille\"}]},{\"@type\":\"WebSite\",\"@id\":\"https:\/\/mwc-cmm.org\/en\/#website\",\"url\":\"https:\/\/mwc-cmm.org\/en\/\",\"name\":\"Mennonite World Conference\",\"description\":\"A communion of Anabaptist-related churches\",\"publisher\":{\"@id\":\"https:\/\/mwc-cmm.org\/en\/#organization\"},\"alternateName\":\"MWC\",\"potentialAction\":[{\"@type\":\"SearchAction\",\"target\":{\"@type\":\"EntryPoint\",\"urlTemplate\":\"https:\/\/mwc-cmm.org\/en\/?s={search_term_string}\"},\"query-input\":{\"@type\":\"PropertyValueSpecification\",\"valueRequired\":true,\"valueName\":\"search_term_string\"}}],\"inLanguage\":\"fr-FR\"},{\"@type\":\"Organization\",\"@id\":\"https:\/\/mwc-cmm.org\/en\/#organization\",\"name\":\"Mennonite World Conference\",\"alternateName\":\"MWC\",\"url\":\"https:\/\/mwc-cmm.org\/en\/\",\"logo\":{\"@type\":\"ImageObject\",\"inLanguage\":\"fr-FR\",\"@id\":\"https:\/\/mwc-cmm.org\/en\/#\/schema\/logo\/image\/\",\"url\":\"https:\/\/mwc-cmm.org\/wp-content\/uploads\/2026\/01\/MWC_Sig_Blue_Horiz_webheader1-logo.svg\",\"contentUrl\":\"https:\/\/mwc-cmm.org\/wp-content\/uploads\/2026\/01\/MWC_Sig_Blue_Horiz_webheader1-logo.svg\",\"width\":786,\"height\":82,\"caption\":\"Mennonite World Conference\"},\"image\":{\"@id\":\"https:\/\/mwc-cmm.org\/en\/#\/schema\/logo\/image\/\"},\"sameAs\":[\"https:\/\/www.facebook.com\/MennoniteWorldConference\",\"https:\/\/www.linkedin.com\/company\/mennonite-world-conference-mwc\/\",\"https:\/\/www.instagram.com\/mwcmm\/\",\"https:\/\/www.youtube.com\/user\/mwccmm\",\"https:\/\/bsky.app\/profile\/mwcmm.bsky.social\"]},{\"@type\":\"Person\",\"@id\":\"https:\/\/mwc-cmm.org\/en\/#\/schema\/person\/11f6ae0d7d1868ba20a1cc27f067c836\",\"name\":\"mennworldcon\",\"image\":{\"@type\":\"ImageObject\",\"inLanguage\":\"fr-FR\",\"@id\":\"https:\/\/secure.gravatar.com\/avatar\/06fdc0dc81c157dfdb82ec42f252178a22307808988d22c043f9eb96f1e0fe80?s=96&d=mm&r=g\",\"url\":\"https:\/\/secure.gravatar.com\/avatar\/06fdc0dc81c157dfdb82ec42f252178a22307808988d22c043f9eb96f1e0fe80?s=96&d=mm&r=g\",\"contentUrl\":\"https:\/\/secure.gravatar.com\/avatar\/06fdc0dc81c157dfdb82ec42f252178a22307808988d22c043f9eb96f1e0fe80?s=96&d=mm&r=g\",\"caption\":\"mennworldcon\"},\"sameAs\":[\"https:\/\/mwc-cmm.org\"],\"url\":\"https:\/\/mwc-cmm.org\/fr\/stories\/author\/mennworldcon\/\"}]}<\/script>\n<!-- \/ Yoast SEO plugin. -->","yoast_head_json":{"title":"Le discipulat dans la famille - Mennonite World Conference","robots":{"index":"index","follow":"follow","max-snippet":"max-snippet:-1","max-image-preview":"max-image-preview:large","max-video-preview":"max-video-preview:-1"},"canonical":"https:\/\/mwc-cmm.org\/fr\/stories\/le-discipulat-dans-la-famille\/","og_locale":"fr_FR","og_type":"article","og_title":"Le discipulat dans la famille - Mennonite World Conference","og_description":"Indon\u00e9sie Ma femme et moi sommes pasteurs depuis 25 ans dans une paroisse du centre-ville de Jakarta, qui compte environ 250 personnes. Nous aimons beaucoup notre vocation minist\u00e9rielle, qui consiste \u00e0 grandir avec l\u2019assembl\u00e9e dont nous sommes les&nbsp;bergers.&nbsp; Nous avons une fille qui est maintenant dans son sixi\u00e8me semestre de l\u2019\u00e9cole de m\u00e9decine et qui [&hellip;]","og_url":"https:\/\/mwc-cmm.org\/fr\/stories\/le-discipulat-dans-la-famille\/","og_site_name":"Mennonite World Conference","article_publisher":"https:\/\/www.facebook.com\/MennoniteWorldConference","article_published_time":"2024-09-04T00:00:00+00:00","article_modified_time":"2024-12-10T17:21:23+00:00","og_image":[{"width":2560,"height":1920,"url":"https:\/\/mwc-cmm.org\/wp-content\/uploads\/2024\/11\/202404henkstenvers20240406_204834-scaled.jpg","type":"image\/jpeg"}],"author":"mennworldcon","schema":{"@context":"https:\/\/schema.org","@graph":[{"@type":"Article","@id":"https:\/\/mwc-cmm.org\/fr\/stories\/le-discipulat-dans-la-famille\/#article","isPartOf":{"@id":"https:\/\/mwc-cmm.org\/fr\/stories\/le-discipulat-dans-la-famille\/"},"author":{"name":"mennworldcon","@id":"https:\/\/mwc-cmm.org\/en\/#\/schema\/person\/11f6ae0d7d1868ba20a1cc27f067c836"},"headline":"Le discipulat dans la famille","datePublished":"2024-09-04T00:00:00+00:00","dateModified":"2024-12-10T17:21:23+00:00","mainEntityOfPage":{"@id":"https:\/\/mwc-cmm.org\/fr\/stories\/le-discipulat-dans-la-famille\/"},"wordCount":1280,"publisher":{"@id":"https:\/\/mwc-cmm.org\/en\/#organization"},"image":{"@id":"https:\/\/mwc-cmm.org\/fr\/stories\/le-discipulat-dans-la-famille\/#primaryimage"},"thumbnailUrl":"https:\/\/mwc-cmm.org\/wp-content\/uploads\/2024\/11\/202404henkstenvers20240406_204834-scaled.jpg","articleSection":["Courrier"],"inLanguage":"fr-FR"},{"@type":"WebPage","@id":"https:\/\/mwc-cmm.org\/fr\/stories\/le-discipulat-dans-la-famille\/","url":"https:\/\/mwc-cmm.org\/fr\/stories\/le-discipulat-dans-la-famille\/","name":"Le discipulat dans la famille - Mennonite World Conference","isPartOf":{"@id":"https:\/\/mwc-cmm.org\/en\/#website"},"primaryImageOfPage":{"@id":"https:\/\/mwc-cmm.org\/fr\/stories\/le-discipulat-dans-la-famille\/#primaryimage"},"image":{"@id":"https:\/\/mwc-cmm.org\/fr\/stories\/le-discipulat-dans-la-famille\/#primaryimage"},"thumbnailUrl":"https:\/\/mwc-cmm.org\/wp-content\/uploads\/2024\/11\/202404henkstenvers20240406_204834-scaled.jpg","datePublished":"2024-09-04T00:00:00+00:00","dateModified":"2024-12-10T17:21:23+00:00","breadcrumb":{"@id":"https:\/\/mwc-cmm.org\/fr\/stories\/le-discipulat-dans-la-famille\/#breadcrumb"},"inLanguage":"fr-FR","potentialAction":[{"@type":"ReadAction","target":["https:\/\/mwc-cmm.org\/fr\/stories\/le-discipulat-dans-la-famille\/"]}]},{"@type":"ImageObject","inLanguage":"fr-FR","@id":"https:\/\/mwc-cmm.org\/fr\/stories\/le-discipulat-dans-la-famille\/#primaryimage","url":"https:\/\/mwc-cmm.org\/wp-content\/uploads\/2024\/11\/202404henkstenvers20240406_204834-scaled.jpg","contentUrl":"https:\/\/mwc-cmm.org\/wp-content\/uploads\/2024\/11\/202404henkstenvers20240406_204834-scaled.jpg","width":2560,"height":1920},{"@type":"BreadcrumbList","@id":"https:\/\/mwc-cmm.org\/fr\/stories\/le-discipulat-dans-la-famille\/#breadcrumb","itemListElement":[{"@type":"ListItem","position":1,"name":"Home","item":"https:\/\/mwc-cmm.org\/fr\/"},{"@type":"ListItem","position":2,"name":"Le discipulat dans la famille"}]},{"@type":"WebSite","@id":"https:\/\/mwc-cmm.org\/en\/#website","url":"https:\/\/mwc-cmm.org\/en\/","name":"Mennonite World Conference","description":"A communion of Anabaptist-related churches","publisher":{"@id":"https:\/\/mwc-cmm.org\/en\/#organization"},"alternateName":"MWC","potentialAction":[{"@type":"SearchAction","target":{"@type":"EntryPoint","urlTemplate":"https:\/\/mwc-cmm.org\/en\/?s={search_term_string}"},"query-input":{"@type":"PropertyValueSpecification","valueRequired":true,"valueName":"search_term_string"}}],"inLanguage":"fr-FR"},{"@type":"Organization","@id":"https:\/\/mwc-cmm.org\/en\/#organization","name":"Mennonite World Conference","alternateName":"MWC","url":"https:\/\/mwc-cmm.org\/en\/","logo":{"@type":"ImageObject","inLanguage":"fr-FR","@id":"https:\/\/mwc-cmm.org\/en\/#\/schema\/logo\/image\/","url":"https:\/\/mwc-cmm.org\/wp-content\/uploads\/2026\/01\/MWC_Sig_Blue_Horiz_webheader1-logo.svg","contentUrl":"https:\/\/mwc-cmm.org\/wp-content\/uploads\/2026\/01\/MWC_Sig_Blue_Horiz_webheader1-logo.svg","width":786,"height":82,"caption":"Mennonite World Conference"},"image":{"@id":"https:\/\/mwc-cmm.org\/en\/#\/schema\/logo\/image\/"},"sameAs":["https:\/\/www.facebook.com\/MennoniteWorldConference","https:\/\/www.linkedin.com\/company\/mennonite-world-conference-mwc\/","https:\/\/www.instagram.com\/mwcmm\/","https:\/\/www.youtube.com\/user\/mwccmm","https:\/\/bsky.app\/profile\/mwcmm.bsky.social"]},{"@type":"Person","@id":"https:\/\/mwc-cmm.org\/en\/#\/schema\/person\/11f6ae0d7d1868ba20a1cc27f067c836","name":"mennworldcon","image":{"@type":"ImageObject","inLanguage":"fr-FR","@id":"https:\/\/secure.gravatar.com\/avatar\/06fdc0dc81c157dfdb82ec42f252178a22307808988d22c043f9eb96f1e0fe80?s=96&d=mm&r=g","url":"https:\/\/secure.gravatar.com\/avatar\/06fdc0dc81c157dfdb82ec42f252178a22307808988d22c043f9eb96f1e0fe80?s=96&d=mm&r=g","contentUrl":"https:\/\/secure.gravatar.com\/avatar\/06fdc0dc81c157dfdb82ec42f252178a22307808988d22c043f9eb96f1e0fe80?s=96&d=mm&r=g","caption":"mennworldcon"},"sameAs":["https:\/\/mwc-cmm.org"],"url":"https:\/\/mwc-cmm.org\/fr\/stories\/author\/mennworldcon\/"}]}},"_links":{"self":[{"href":"https:\/\/mwc-cmm.org\/fr\/wp-json\/wp\/v2\/posts\/10669","targetHints":{"allow":["GET"]}}],"collection":[{"href":"https:\/\/mwc-cmm.org\/fr\/wp-json\/wp\/v2\/posts"}],"about":[{"href":"https:\/\/mwc-cmm.org\/fr\/wp-json\/wp\/v2\/types\/post"}],"author":[{"embeddable":true,"href":"https:\/\/mwc-cmm.org\/fr\/wp-json\/wp\/v2\/users\/1"}],"replies":[{"embeddable":true,"href":"https:\/\/mwc-cmm.org\/fr\/wp-json\/wp\/v2\/comments?post=10669"}],"version-history":[{"count":0,"href":"https:\/\/mwc-cmm.org\/fr\/wp-json\/wp\/v2\/posts\/10669\/revisions"}],"wp:featuredmedia":[{"embeddable":true,"href":"https:\/\/mwc-cmm.org\/fr\/wp-json\/wp\/v2\/media\/98524"}],"wp:attachment":[{"href":"https:\/\/mwc-cmm.org\/fr\/wp-json\/wp\/v2\/media?parent=10669"}],"wp:term":[{"taxonomy":"category","embeddable":true,"href":"https:\/\/mwc-cmm.org\/fr\/wp-json\/wp\/v2\/categories?post=10669"},{"taxonomy":"post_tag","embeddable":true,"href":"https:\/\/mwc-cmm.org\/fr\/wp-json\/wp\/v2\/tags?post=10669"},{"taxonomy":"network","embeddable":true,"href":"https:\/\/mwc-cmm.org\/fr\/wp-json\/wp\/v2\/network?post=10669"},{"taxonomy":"eventcategory","embeddable":true,"href":"https:\/\/mwc-cmm.org\/fr\/wp-json\/wp\/v2\/eventcategory?post=10669"}],"curies":[{"name":"wp","href":"https:\/\/api.w.org\/{rel}","templated":true}]}}