{"id":10666,"date":"2024-08-30T00:00:00","date_gmt":"2024-08-30T00:00:00","guid":{"rendered":"https:\/\/mwc-cmm.org\/the-unity-of-the-spirit-3\/"},"modified":"2024-12-10T17:21:21","modified_gmt":"2024-12-10T17:21:21","slug":"lunite-de-lesprit","status":"publish","type":"post","link":"https:\/\/mwc-cmm.org\/fr\/stories\/lunite-de-lesprit\/","title":{"rendered":"L\u2019unit\u00e9 de l\u2019Esprit"},"content":{"rendered":"<h2>\u00ca propos de la Commission Foi et&nbsp;Vie&nbsp;&nbsp;<\/h2>\n<p>Les paroisses anabaptistes du monde entier vivent leur foi de mani\u00e8re diverse, en faisant face aux difficult\u00e9s et aux situations locales tout en adh\u00e9rant aux <a href=\"https:\/\/mwc-cmm.org\/fr\/convictions-communes\">Convictions&nbsp;Communes<\/a>.&nbsp;&nbsp;<\/p>\n<p>La<a href=\"https:\/\/mwc-cmm.org\/fr\/node\/143\"> Commission Foi et&nbsp;Vie <\/a>permet aux \u00e9glises membres de la CMM de recevoir et de donner des orientations sur la foi et les pratiques chr\u00e9tiennes, ainsi que sur le t\u00e9moignage anabaptiste dans le monde d\u2019aujourd\u2019hui. Cette Commission encourage les \u00e9glises membres de la CMM \u00e0 d\u00e9velopper des relations de responsabilit\u00e9 mutuelle concernant les convictions qu\u2019elles ont et la vie qu\u2019elles m\u00e8nent &#8211; localement, internationalement et inter-culturellement.&nbsp;<\/p>\n<p>\u00ab&nbsp;La Commission Foi et&nbsp;Vie est un centre nerveux parmi d\u2019autres, par lequel nous ne \u2018construisons pas la koinonia\u2019, mais entretenons l\u2019unit\u00e9 cr\u00e9\u00e9e par l\u2019Esprit. Nous esp\u00e9rons ainsi, \u00e0 notre petite \u00e9chelle, non pas entraver, mais acc\u00e9l\u00e9rer les signes que l\u2019Esprit de vie envoie aux diff\u00e9rentes parties du corps, ou de la mosa\u00efque, pour m\u00e9langer les m\u00e9taphores&nbsp;\u00bb, d\u00e9clare Thomas R. Yoder Neufeld, pr\u00e9sident de la Commission Foi et&nbsp;Vie.&nbsp;&nbsp;<\/p>\n<h3>Que fait la Commission Foi et&nbsp;Vie&nbsp;?&nbsp;<\/h3>\n<p>Des membres de Foi et&nbsp;Vie et quelques autres repr\u00e9sentants de la CMM ont entam\u00e9 un dialogue avec la Communion Mondiale d\u2019\u00c9glises R\u00e9form\u00e9es (CMER). Apr\u00e8s des ann\u00e9es de pr\u00e9paration, ce processus a d\u00e9but\u00e9 en mars 2023 au&nbsp;Canada.&nbsp;&nbsp;<\/p>\n<p>Les participants \u00e0 ce dialogue ont collabor\u00e9 \u00e0 l\u2019\u00e9laboration d\u2019une d\u00e9claration pour le culte \u0153cum\u00e9nique de Zurich 2025, \u00e0 Zurich (Suisse). Cette d\u00e9claration traitera des souvenirs du pass\u00e9, de la d\u00e9ploration des divisions et des pers\u00e9cutions, de la gratitude pour les \u00e9tapes vers la r\u00e9conciliation, du d\u00e9sir de vivre dans l\u2019unit\u00e9 et l\u2019engagement \u00e0 t\u00e9moigner ensemble et \u00e0 s\u2019engager pour la justice et la&nbsp;paix.&nbsp;&nbsp;<\/p>\n<p>\u00ab&nbsp;En 2023, nous avons publi\u00e9 le rapport sur le <a href=\"https:\/\/mwc-cmm.org\/fr\/resources\/bapteme-et-incorporation-dans-le-corps-du-christ-leglise\">dialogue relatif au Bapt\u00eame et incorporation dans le Corps du Christ, l\u2019\u00c9glise&nbsp; (2020)<\/a>, ainsi qu\u2019un <a href=\"https:\/\/mwc-cmm.org\/fr\/resources\/bapteme-et-incorporation-dans-le-corps-du-christ-leglise\">guide d\u2019\u00e9tude <\/a>de ce rapport, r\u00e9dig\u00e9 par Tom Yoder Neufeld. Nous continuons d\u2019inviter les \u00e9glises \u00e0 \u00e9tudier ce rapport et \u00e0 envoyer leurs r\u00e9ponses d\u2019ici novembre 2024&nbsp;\u00bb, dit Anicka Fast, secr\u00e9taire de la Commission Foi et&nbsp;Vie.&nbsp;<\/p>\n<p>L\u2019ann\u00e9e derni\u00e8re, Foi et&nbsp;Vie a publi\u00e9 des t\u00e9moignages sur l\u2019insertion dans la tradition anabaptiste mondiale et sur les difficult\u00e9s que pose l\u2019unit\u00e9 dans nos diff\u00e9rentes r\u00e9gions. Ces r\u00e9cits favorisent des initiatives visant \u00e0 aider les \u00c9glises membres \u00e0 vivre l\u2019unit\u00e9 dans un monde de plus en plus&nbsp;polaris\u00e9.&nbsp;<\/p>\n<p>En 2023, les <a href=\"https:\/\/mwc-cmm.org\/fr\/gaen-le-reseau-anabaptiste-mondial-pour-leducation\">R\u00e9seaux anabaptistes mondiaux pour l\u2019\u00c9ducation (GAEN) <\/a>ont \u00e9tabli un partenariat avec la Commission Foi et&nbsp;Vie, et deux de leurs membres sont devenus membres de la Commission, sous r\u00e9serve de l\u2019approbation du Conseil G\u00e9n\u00e9ral de&nbsp;2025.&nbsp;&nbsp;<\/p>\n<p>\u00ab&nbsp;Les r\u00e9seaux d\u2019\u00e9ducation sont essentiels pour transmettre les ressources de la Commission Foi et&nbsp;Vie aux \u00e9coles membres du GAEN et pour soutenir son objectif de renforcer les \u00e9glises par une formation \u00e0 la foi centr\u00e9e sur le Christ&nbsp;\u00bb, explique Anicka&nbsp;Fast.&nbsp;<\/p>\n<h3>Objectifs pour l\u2019ann\u00e9e \u00e0&nbsp;venir&nbsp;<\/h3>\n<p>Dans la perspective de la comm\u00e9moration des 500 ans de l\u2019anabaptisme en 2025, Foi et&nbsp;Vie pr\u00e9pare des ateliers pour les r\u00e9unions du Conseil G\u00e9n\u00e9ral en Allemagne en mai 2025. Les documents concernant ces ateliers seront mis \u00e0 la disposition de toutes les \u00e9glises apr\u00e8s les&nbsp;r\u00e9unions.&nbsp;<\/p>\n<p>L\u2019un des th\u00e8mes principaux de ces ateliers sera le bapt\u00eame, \u00e0 la fois parce que c\u2019est le 500e anniversaire du premier \u2018bapt\u00eame de croyants\u2019 \u00e0 Zurich, et parce que Foi et&nbsp;Vie a jou\u00e9 un r\u00f4le central aupr\u00e8s des \u00c9glises membres de la CMM en les aidant \u00e0 utiliser les documents issus du Dialogue Trilat\u00e9ral sur le&nbsp;bapt\u00eame.&nbsp;<\/p>\n<p>\u00ab\u00a0Nous voulons surtout encourager nos \u00e9glises \u00e0 saisir cette occasion pour renforcer et approfondir notre compr\u00e9hension et notre pratique du bapt\u00eame, en particulier son r\u00f4le dans l\u2019enracinement de notre vie de disciple\u00a0\u00bb, dit Thomas&nbsp;R. Yoder&nbsp;Neufeld.&nbsp;<\/p>\n<p>Outre le bapt\u00eame, la Commission propose deux sujets de plus en plus urgents&nbsp;:&nbsp;<\/p>\n<ul>\n<li><strong>L\u2019unit\u00e9 dans la diversit\u00e9<\/strong> &#8211; continuer \u00e0 travailler pour aider notre communion d\u2019\u00c9glises \u00e0 faire face aux d\u00e9fis r\u00e9els d\u2019\u00eatre unis malgr\u00e9 une grande&nbsp;diversit\u00e9.&nbsp;&nbsp;<\/li>\n<li><strong>La protection de la cr\u00e9ation<\/strong> \u2013 face \u00e0 la tension qu\u2019entra\u00eene la crise climatique, Foi et&nbsp;Vie consid\u00e8re qu\u2019il est urgent d\u2019aller au-del\u00e0 des relations humaines. Des modes de vie durables sont une question de foi et de&nbsp;vie.&nbsp;&nbsp;<\/li>\n<\/ul>\n<p>\u00ab&nbsp;Nous cherchons les moyens d\u2019aider notre famille d\u2019\u00e9glises \u00e0 s\u2019engager avec la cr\u00e9ation, conform\u00e9ment au mandat de Dieu de la cultiver et de la garder dans Gen\u00e8se 2,15. Nous publierons un bref document sur ce sujet cette ann\u00e9e&nbsp;\u00bb, dit Anicka&nbsp;Fast.&nbsp;<\/p>\n<p>\u00ab&nbsp;Nous avons \u00e9galement \u00e9cout\u00e9 les membres de la Commission souligner l\u2019importance de produire des ressources th\u00e9ologiques pour l\u2019\u00c9glise mondiale, qui r\u00e9pondent aux besoins ressentis, en particulier dans le Sud. Dans ce contexte, des discussions passionn\u00e9es sur la mani\u00e8re de rendre disponibles ces ressources th\u00e9ologiques aux jeunes d\u2019aujourd\u2019hui ont lieu. Nous esp\u00e9rons y travailler en collaboration avec les GAEN et le groupe de travail pour la protection de la cr\u00e9ation&nbsp;\u00bb, explique Anicka&nbsp;Fast.&nbsp;<\/p>\n<p>\u00ab&nbsp;Essentiellement, nous aidons les \u00e9glises \u00e0 \u00eatre fid\u00e8les \u00e0 leur mission de disciple et \u00e0 apprendre \u00e0 vivre avec la diversit\u00e9. Puisque l\u2019\u00c9glise est le projet de construction de la paix de Dieu, tout ce que nous faisons pour aider l\u2019\u00c9glise \u00e0 \u00eatre plus fid\u00e8le contribue \u00e0 la construction de la paix. C\u2019est ainsi que Foi et&nbsp;Vie vit le slogan de la CMM : <em>Suivre J\u00e9sus, Vivre l\u2019Unit\u00e9 et Construire la Paix&nbsp;<\/em>\u00bb, dit Thomas&nbsp;R. Yoder&nbsp;Neufeld.&nbsp;<\/p>\n<hr>\n<p><a href=\"https:\/\/mwc-cmm.org\/fr\/resources\/courrier-2024-392-3\"><img decoding=\"async\" alt=\"Courrier 39.2&amp;#\" height=\"75\" data-src=\"\/sites\/default\/files\/website_files_2020\/fr_2.jpg\" style=\"--smush-placeholder-width: 825px; --smush-placeholder-aspect-ratio: 825\/75;float:left\" width=\"825\" src=\"data:image\/svg+xml;base64,PHN2ZyB3aWR0aD0iMSIgaGVpZ2h0PSIxIiB4bWxucz0iaHR0cDovL3d3dy53My5vcmcvMjAwMC9zdmciPjwvc3ZnPg==\" class=\"lazyload\"><\/a><\/p>\n","protected":false},"excerpt":{"rendered":"<p>\u00ca propos de la Commission Foi et&nbsp;Vie&nbsp;&nbsp; Les paroisses anabaptistes du monde entier vivent leur foi de mani\u00e8re diverse, en faisant face aux difficult\u00e9s et aux situations locales tout en adh\u00e9rant aux Convictions&nbsp;Communes.&nbsp;&nbsp; La Commission Foi et&nbsp;Vie permet aux \u00e9glises membres de la CMM de recevoir et de donner des orientations sur la foi et [&hellip;]<\/p>\n","protected":false},"author":1,"featured_media":98482,"comment_status":"closed","ping_status":"closed","sticky":false,"template":"","format":"standard","meta":{"_acf_changed":false,"footnotes":""},"categories":[],"tags":[415],"network":[1307],"eventcategory":[],"class_list":["post-10666","post","type-post","status-publish","format-standard","has-post-thumbnail","hentry","tag-faith-life","network-courier-fr"],"acf":[],"yoast_head":"<!-- This site is optimized with the Yoast SEO plugin v27.5 - https:\/\/yoast.com\/product\/yoast-seo-wordpress\/ -->\n<title>L\u2019unit\u00e9 de l\u2019Esprit - Mennonite World Conference<\/title>\n<meta name=\"robots\" content=\"index, follow, max-snippet:-1, max-image-preview:large, max-video-preview:-1\" \/>\n<link rel=\"canonical\" href=\"https:\/\/mwc-cmm.org\/fr\/stories\/lunite-de-lesprit\/\" \/>\n<meta property=\"og:locale\" content=\"fr_FR\" \/>\n<meta property=\"og:type\" content=\"article\" \/>\n<meta property=\"og:title\" content=\"L\u2019unit\u00e9 de l\u2019Esprit - Mennonite World Conference\" \/>\n<meta property=\"og:description\" content=\"\u00ca propos de la Commission Foi et&nbsp;Vie&nbsp;&nbsp; Les paroisses anabaptistes du monde entier vivent leur foi de mani\u00e8re diverse, en faisant face aux difficult\u00e9s et aux situations locales tout en adh\u00e9rant aux Convictions&nbsp;Communes.&nbsp;&nbsp; La Commission Foi et&nbsp;Vie permet aux \u00e9glises membres de la CMM de recevoir et de donner des orientations sur la foi et [&hellip;]\" \/>\n<meta property=\"og:url\" content=\"https:\/\/mwc-cmm.org\/fr\/stories\/lunite-de-lesprit\/\" \/>\n<meta property=\"og:site_name\" content=\"Mennonite World Conference\" \/>\n<meta property=\"article:publisher\" content=\"https:\/\/www.facebook.com\/MennoniteWorldConference\" \/>\n<meta property=\"article:published_time\" content=\"2024-08-30T00:00:00+00:00\" \/>\n<meta property=\"article:modified_time\" content=\"2024-12-10T17:21:21+00:00\" \/>\n<meta property=\"og:image\" content=\"https:\/\/mwc-cmm.org\/wp-content\/uploads\/2024\/11\/202404irmasulistyorinip1090848-scaled.jpg\" \/>\n\t<meta property=\"og:image:width\" content=\"2560\" \/>\n\t<meta property=\"og:image:height\" content=\"1708\" \/>\n\t<meta property=\"og:image:type\" content=\"image\/jpeg\" \/>\n<meta name=\"author\" content=\"mennworldcon\" \/>\n<script type=\"application\/ld+json\" class=\"yoast-schema-graph\">{\"@context\":\"https:\\\/\\\/schema.org\",\"@graph\":[{\"@type\":\"Article\",\"@id\":\"https:\\\/\\\/mwc-cmm.org\\\/fr\\\/stories\\\/lunite-de-lesprit\\\/#article\",\"isPartOf\":{\"@id\":\"https:\\\/\\\/mwc-cmm.org\\\/fr\\\/stories\\\/lunite-de-lesprit\\\/\"},\"author\":{\"name\":\"mennworldcon\",\"@id\":\"https:\\\/\\\/mwc-cmm.org\\\/en\\\/#\\\/schema\\\/person\\\/11f6ae0d7d1868ba20a1cc27f067c836\"},\"headline\":\"L\u2019unit\u00e9 de l\u2019Esprit\",\"datePublished\":\"2024-08-30T00:00:00+00:00\",\"dateModified\":\"2024-12-10T17:21:21+00:00\",\"mainEntityOfPage\":{\"@id\":\"https:\\\/\\\/mwc-cmm.org\\\/fr\\\/stories\\\/lunite-de-lesprit\\\/\"},\"wordCount\":1060,\"publisher\":{\"@id\":\"https:\\\/\\\/mwc-cmm.org\\\/en\\\/#organization\"},\"image\":{\"@id\":\"https:\\\/\\\/mwc-cmm.org\\\/fr\\\/stories\\\/lunite-de-lesprit\\\/#primaryimage\"},\"thumbnailUrl\":\"https:\\\/\\\/mwc-cmm.org\\\/wp-content\\\/uploads\\\/2024\\\/11\\\/202404irmasulistyorinip1090848-scaled.jpg\",\"keywords\":[\"Faith &amp; Life Commission\"],\"inLanguage\":\"fr-FR\"},{\"@type\":\"WebPage\",\"@id\":\"https:\\\/\\\/mwc-cmm.org\\\/fr\\\/stories\\\/lunite-de-lesprit\\\/\",\"url\":\"https:\\\/\\\/mwc-cmm.org\\\/fr\\\/stories\\\/lunite-de-lesprit\\\/\",\"name\":\"L\u2019unit\u00e9 de l\u2019Esprit - Mennonite World Conference\",\"isPartOf\":{\"@id\":\"https:\\\/\\\/mwc-cmm.org\\\/en\\\/#website\"},\"primaryImageOfPage\":{\"@id\":\"https:\\\/\\\/mwc-cmm.org\\\/fr\\\/stories\\\/lunite-de-lesprit\\\/#primaryimage\"},\"image\":{\"@id\":\"https:\\\/\\\/mwc-cmm.org\\\/fr\\\/stories\\\/lunite-de-lesprit\\\/#primaryimage\"},\"thumbnailUrl\":\"https:\\\/\\\/mwc-cmm.org\\\/wp-content\\\/uploads\\\/2024\\\/11\\\/202404irmasulistyorinip1090848-scaled.jpg\",\"datePublished\":\"2024-08-30T00:00:00+00:00\",\"dateModified\":\"2024-12-10T17:21:21+00:00\",\"breadcrumb\":{\"@id\":\"https:\\\/\\\/mwc-cmm.org\\\/fr\\\/stories\\\/lunite-de-lesprit\\\/#breadcrumb\"},\"inLanguage\":\"fr-FR\",\"potentialAction\":[{\"@type\":\"ReadAction\",\"target\":[\"https:\\\/\\\/mwc-cmm.org\\\/fr\\\/stories\\\/lunite-de-lesprit\\\/\"]}]},{\"@type\":\"ImageObject\",\"inLanguage\":\"fr-FR\",\"@id\":\"https:\\\/\\\/mwc-cmm.org\\\/fr\\\/stories\\\/lunite-de-lesprit\\\/#primaryimage\",\"url\":\"https:\\\/\\\/mwc-cmm.org\\\/wp-content\\\/uploads\\\/2024\\\/11\\\/202404irmasulistyorinip1090848-scaled.jpg\",\"contentUrl\":\"https:\\\/\\\/mwc-cmm.org\\\/wp-content\\\/uploads\\\/2024\\\/11\\\/202404irmasulistyorinip1090848-scaled.jpg\",\"width\":2560,\"height\":1708},{\"@type\":\"BreadcrumbList\",\"@id\":\"https:\\\/\\\/mwc-cmm.org\\\/fr\\\/stories\\\/lunite-de-lesprit\\\/#breadcrumb\",\"itemListElement\":[{\"@type\":\"ListItem\",\"position\":1,\"name\":\"Home\",\"item\":\"https:\\\/\\\/mwc-cmm.org\\\/fr\\\/\"},{\"@type\":\"ListItem\",\"position\":2,\"name\":\"L\u2019unit\u00e9 de l\u2019Esprit\"}]},{\"@type\":\"WebSite\",\"@id\":\"https:\\\/\\\/mwc-cmm.org\\\/en\\\/#website\",\"url\":\"https:\\\/\\\/mwc-cmm.org\\\/en\\\/\",\"name\":\"Mennonite World Conference\",\"description\":\"A communion of Anabaptist-related churches\",\"publisher\":{\"@id\":\"https:\\\/\\\/mwc-cmm.org\\\/en\\\/#organization\"},\"alternateName\":\"MWC\",\"potentialAction\":[{\"@type\":\"SearchAction\",\"target\":{\"@type\":\"EntryPoint\",\"urlTemplate\":\"https:\\\/\\\/mwc-cmm.org\\\/en\\\/?s={search_term_string}\"},\"query-input\":{\"@type\":\"PropertyValueSpecification\",\"valueRequired\":true,\"valueName\":\"search_term_string\"}}],\"inLanguage\":\"fr-FR\"},{\"@type\":\"Organization\",\"@id\":\"https:\\\/\\\/mwc-cmm.org\\\/en\\\/#organization\",\"name\":\"Mennonite World Conference\",\"alternateName\":\"MWC\",\"url\":\"https:\\\/\\\/mwc-cmm.org\\\/en\\\/\",\"logo\":{\"@type\":\"ImageObject\",\"inLanguage\":\"fr-FR\",\"@id\":\"https:\\\/\\\/mwc-cmm.org\\\/en\\\/#\\\/schema\\\/logo\\\/image\\\/\",\"url\":\"https:\\\/\\\/mwc-cmm.org\\\/wp-content\\\/uploads\\\/2026\\\/01\\\/MWC_Sig_Blue_Horiz_webheader1-logo.svg\",\"contentUrl\":\"https:\\\/\\\/mwc-cmm.org\\\/wp-content\\\/uploads\\\/2026\\\/01\\\/MWC_Sig_Blue_Horiz_webheader1-logo.svg\",\"width\":786,\"height\":82,\"caption\":\"Mennonite World Conference\"},\"image\":{\"@id\":\"https:\\\/\\\/mwc-cmm.org\\\/en\\\/#\\\/schema\\\/logo\\\/image\\\/\"},\"sameAs\":[\"https:\\\/\\\/www.facebook.com\\\/MennoniteWorldConference\",\"https:\\\/\\\/www.linkedin.com\\\/company\\\/mennonite-world-conference-mwc\\\/\",\"https:\\\/\\\/www.instagram.com\\\/mwcmm\\\/\",\"https:\\\/\\\/www.youtube.com\\\/user\\\/mwccmm\",\"https:\\\/\\\/bsky.app\\\/profile\\\/mwcmm.bsky.social\"]},{\"@type\":\"Person\",\"@id\":\"https:\\\/\\\/mwc-cmm.org\\\/en\\\/#\\\/schema\\\/person\\\/11f6ae0d7d1868ba20a1cc27f067c836\",\"name\":\"mennworldcon\",\"image\":{\"@type\":\"ImageObject\",\"inLanguage\":\"fr-FR\",\"@id\":\"https:\\\/\\\/secure.gravatar.com\\\/avatar\\\/06fdc0dc81c157dfdb82ec42f252178a22307808988d22c043f9eb96f1e0fe80?s=96&d=mm&r=g\",\"url\":\"https:\\\/\\\/secure.gravatar.com\\\/avatar\\\/06fdc0dc81c157dfdb82ec42f252178a22307808988d22c043f9eb96f1e0fe80?s=96&d=mm&r=g\",\"contentUrl\":\"https:\\\/\\\/secure.gravatar.com\\\/avatar\\\/06fdc0dc81c157dfdb82ec42f252178a22307808988d22c043f9eb96f1e0fe80?s=96&d=mm&r=g\",\"caption\":\"mennworldcon\"},\"sameAs\":[\"https:\\\/\\\/mwc-cmm.org\"],\"url\":\"https:\\\/\\\/mwc-cmm.org\\\/fr\\\/stories\\\/author\\\/mennworldcon\\\/\"}]}<\/script>\n<!-- \/ Yoast SEO plugin. -->","yoast_head_json":{"title":"L\u2019unit\u00e9 de l\u2019Esprit - Mennonite World Conference","robots":{"index":"index","follow":"follow","max-snippet":"max-snippet:-1","max-image-preview":"max-image-preview:large","max-video-preview":"max-video-preview:-1"},"canonical":"https:\/\/mwc-cmm.org\/fr\/stories\/lunite-de-lesprit\/","og_locale":"fr_FR","og_type":"article","og_title":"L\u2019unit\u00e9 de l\u2019Esprit - Mennonite World Conference","og_description":"\u00ca propos de la Commission Foi et&nbsp;Vie&nbsp;&nbsp; Les paroisses anabaptistes du monde entier vivent leur foi de mani\u00e8re diverse, en faisant face aux difficult\u00e9s et aux situations locales tout en adh\u00e9rant aux Convictions&nbsp;Communes.&nbsp;&nbsp; La Commission Foi et&nbsp;Vie permet aux \u00e9glises membres de la CMM de recevoir et de donner des orientations sur la foi et [&hellip;]","og_url":"https:\/\/mwc-cmm.org\/fr\/stories\/lunite-de-lesprit\/","og_site_name":"Mennonite World Conference","article_publisher":"https:\/\/www.facebook.com\/MennoniteWorldConference","article_published_time":"2024-08-30T00:00:00+00:00","article_modified_time":"2024-12-10T17:21:21+00:00","og_image":[{"width":2560,"height":1708,"url":"https:\/\/mwc-cmm.org\/wp-content\/uploads\/2024\/11\/202404irmasulistyorinip1090848-scaled.jpg","type":"image\/jpeg"}],"author":"mennworldcon","schema":{"@context":"https:\/\/schema.org","@graph":[{"@type":"Article","@id":"https:\/\/mwc-cmm.org\/fr\/stories\/lunite-de-lesprit\/#article","isPartOf":{"@id":"https:\/\/mwc-cmm.org\/fr\/stories\/lunite-de-lesprit\/"},"author":{"name":"mennworldcon","@id":"https:\/\/mwc-cmm.org\/en\/#\/schema\/person\/11f6ae0d7d1868ba20a1cc27f067c836"},"headline":"L\u2019unit\u00e9 de l\u2019Esprit","datePublished":"2024-08-30T00:00:00+00:00","dateModified":"2024-12-10T17:21:21+00:00","mainEntityOfPage":{"@id":"https:\/\/mwc-cmm.org\/fr\/stories\/lunite-de-lesprit\/"},"wordCount":1060,"publisher":{"@id":"https:\/\/mwc-cmm.org\/en\/#organization"},"image":{"@id":"https:\/\/mwc-cmm.org\/fr\/stories\/lunite-de-lesprit\/#primaryimage"},"thumbnailUrl":"https:\/\/mwc-cmm.org\/wp-content\/uploads\/2024\/11\/202404irmasulistyorinip1090848-scaled.jpg","keywords":["Faith &amp; Life Commission"],"inLanguage":"fr-FR"},{"@type":"WebPage","@id":"https:\/\/mwc-cmm.org\/fr\/stories\/lunite-de-lesprit\/","url":"https:\/\/mwc-cmm.org\/fr\/stories\/lunite-de-lesprit\/","name":"L\u2019unit\u00e9 de l\u2019Esprit - Mennonite World Conference","isPartOf":{"@id":"https:\/\/mwc-cmm.org\/en\/#website"},"primaryImageOfPage":{"@id":"https:\/\/mwc-cmm.org\/fr\/stories\/lunite-de-lesprit\/#primaryimage"},"image":{"@id":"https:\/\/mwc-cmm.org\/fr\/stories\/lunite-de-lesprit\/#primaryimage"},"thumbnailUrl":"https:\/\/mwc-cmm.org\/wp-content\/uploads\/2024\/11\/202404irmasulistyorinip1090848-scaled.jpg","datePublished":"2024-08-30T00:00:00+00:00","dateModified":"2024-12-10T17:21:21+00:00","breadcrumb":{"@id":"https:\/\/mwc-cmm.org\/fr\/stories\/lunite-de-lesprit\/#breadcrumb"},"inLanguage":"fr-FR","potentialAction":[{"@type":"ReadAction","target":["https:\/\/mwc-cmm.org\/fr\/stories\/lunite-de-lesprit\/"]}]},{"@type":"ImageObject","inLanguage":"fr-FR","@id":"https:\/\/mwc-cmm.org\/fr\/stories\/lunite-de-lesprit\/#primaryimage","url":"https:\/\/mwc-cmm.org\/wp-content\/uploads\/2024\/11\/202404irmasulistyorinip1090848-scaled.jpg","contentUrl":"https:\/\/mwc-cmm.org\/wp-content\/uploads\/2024\/11\/202404irmasulistyorinip1090848-scaled.jpg","width":2560,"height":1708},{"@type":"BreadcrumbList","@id":"https:\/\/mwc-cmm.org\/fr\/stories\/lunite-de-lesprit\/#breadcrumb","itemListElement":[{"@type":"ListItem","position":1,"name":"Home","item":"https:\/\/mwc-cmm.org\/fr\/"},{"@type":"ListItem","position":2,"name":"L\u2019unit\u00e9 de l\u2019Esprit"}]},{"@type":"WebSite","@id":"https:\/\/mwc-cmm.org\/en\/#website","url":"https:\/\/mwc-cmm.org\/en\/","name":"Mennonite World Conference","description":"A communion of Anabaptist-related churches","publisher":{"@id":"https:\/\/mwc-cmm.org\/en\/#organization"},"alternateName":"MWC","potentialAction":[{"@type":"SearchAction","target":{"@type":"EntryPoint","urlTemplate":"https:\/\/mwc-cmm.org\/en\/?s={search_term_string}"},"query-input":{"@type":"PropertyValueSpecification","valueRequired":true,"valueName":"search_term_string"}}],"inLanguage":"fr-FR"},{"@type":"Organization","@id":"https:\/\/mwc-cmm.org\/en\/#organization","name":"Mennonite World Conference","alternateName":"MWC","url":"https:\/\/mwc-cmm.org\/en\/","logo":{"@type":"ImageObject","inLanguage":"fr-FR","@id":"https:\/\/mwc-cmm.org\/en\/#\/schema\/logo\/image\/","url":"https:\/\/mwc-cmm.org\/wp-content\/uploads\/2026\/01\/MWC_Sig_Blue_Horiz_webheader1-logo.svg","contentUrl":"https:\/\/mwc-cmm.org\/wp-content\/uploads\/2026\/01\/MWC_Sig_Blue_Horiz_webheader1-logo.svg","width":786,"height":82,"caption":"Mennonite World Conference"},"image":{"@id":"https:\/\/mwc-cmm.org\/en\/#\/schema\/logo\/image\/"},"sameAs":["https:\/\/www.facebook.com\/MennoniteWorldConference","https:\/\/www.linkedin.com\/company\/mennonite-world-conference-mwc\/","https:\/\/www.instagram.com\/mwcmm\/","https:\/\/www.youtube.com\/user\/mwccmm","https:\/\/bsky.app\/profile\/mwcmm.bsky.social"]},{"@type":"Person","@id":"https:\/\/mwc-cmm.org\/en\/#\/schema\/person\/11f6ae0d7d1868ba20a1cc27f067c836","name":"mennworldcon","image":{"@type":"ImageObject","inLanguage":"fr-FR","@id":"https:\/\/secure.gravatar.com\/avatar\/06fdc0dc81c157dfdb82ec42f252178a22307808988d22c043f9eb96f1e0fe80?s=96&d=mm&r=g","url":"https:\/\/secure.gravatar.com\/avatar\/06fdc0dc81c157dfdb82ec42f252178a22307808988d22c043f9eb96f1e0fe80?s=96&d=mm&r=g","contentUrl":"https:\/\/secure.gravatar.com\/avatar\/06fdc0dc81c157dfdb82ec42f252178a22307808988d22c043f9eb96f1e0fe80?s=96&d=mm&r=g","caption":"mennworldcon"},"sameAs":["https:\/\/mwc-cmm.org"],"url":"https:\/\/mwc-cmm.org\/fr\/stories\/author\/mennworldcon\/"}]}},"_links":{"self":[{"href":"https:\/\/mwc-cmm.org\/fr\/wp-json\/wp\/v2\/posts\/10666","targetHints":{"allow":["GET"]}}],"collection":[{"href":"https:\/\/mwc-cmm.org\/fr\/wp-json\/wp\/v2\/posts"}],"about":[{"href":"https:\/\/mwc-cmm.org\/fr\/wp-json\/wp\/v2\/types\/post"}],"author":[{"embeddable":true,"href":"https:\/\/mwc-cmm.org\/fr\/wp-json\/wp\/v2\/users\/1"}],"replies":[{"embeddable":true,"href":"https:\/\/mwc-cmm.org\/fr\/wp-json\/wp\/v2\/comments?post=10666"}],"version-history":[{"count":0,"href":"https:\/\/mwc-cmm.org\/fr\/wp-json\/wp\/v2\/posts\/10666\/revisions"}],"wp:featuredmedia":[{"embeddable":true,"href":"https:\/\/mwc-cmm.org\/fr\/wp-json\/wp\/v2\/media\/98482"}],"wp:attachment":[{"href":"https:\/\/mwc-cmm.org\/fr\/wp-json\/wp\/v2\/media?parent=10666"}],"wp:term":[{"taxonomy":"category","embeddable":true,"href":"https:\/\/mwc-cmm.org\/fr\/wp-json\/wp\/v2\/categories?post=10666"},{"taxonomy":"post_tag","embeddable":true,"href":"https:\/\/mwc-cmm.org\/fr\/wp-json\/wp\/v2\/tags?post=10666"},{"taxonomy":"network","embeddable":true,"href":"https:\/\/mwc-cmm.org\/fr\/wp-json\/wp\/v2\/network?post=10666"},{"taxonomy":"eventcategory","embeddable":true,"href":"https:\/\/mwc-cmm.org\/fr\/wp-json\/wp\/v2\/eventcategory?post=10666"}],"curies":[{"name":"wp","href":"https:\/\/api.w.org\/{rel}","templated":true}]}}