{"id":10664,"date":"2024-08-28T00:00:00","date_gmt":"2024-08-28T00:00:00","guid":{"rendered":"https:\/\/mwc-cmm.org\/continuous-movement-and-a-contrite-heart-3\/"},"modified":"2024-12-10T17:21:19","modified_gmt":"2024-12-10T17:21:19","slug":"une-transformation-continuelle-et-un-coeur-repentant","status":"publish","type":"post","link":"https:\/\/mwc-cmm.org\/fr\/stories\/une-transformation-continuelle-et-un-coeur-repentant\/","title":{"rendered":"Une transformation continuelle et un c\u0153ur repentant"},"content":{"rendered":"<p>\u00abNe vous conformez pas au monde pr\u00e9sent, mais soyez transform\u00e9s par le renouvellement de votre intelligence, pour discerner quelle est la volont\u00e9 de Dieu : ce qui est bien, ce qui lui est agr\u00e9able, ce qui est parfait.\u00bb Romains 12\/2 (TOB).<\/p>\n<p>Le nom que la Conf\u00e9rence mennonite mondiale a donn\u00e9 \u00e0 une d\u00e9cennie d\u2019\u00e9v\u00e9nements r\u00e9gionaux autour du souvenir des cinq si\u00e8cles de notre existence en tant que communaut\u00e9 spirituelle est \u00abRenouveau\u00bb.<\/p>\n<p>Nous envisageons ces dix ann\u00e9es de comm\u00e9morations en nous penchant sur notre histoire dans une perspective mondiale, \u0153cum\u00e9nique et transculturelle.<\/p>\n<p>Ces paroles de l\u2019ap\u00f4tre Paul nous aident \u00e0 nous souvenir du pass\u00e9 et \u00e0 regarder vers l\u2019avenir.<\/p>\n<p>Nous rendons gr\u00e2ce \u00e0 Dieu pour l\u2019h\u00e9ritage de la foi que nous avons re\u00e7u.<\/p>\n<p>Mais nous nous pr\u00e9sentons \u00e9galement devant le Seigneur dans un esprit de repentance et de renouveau, d\u00e9termin\u00e9s \u00e0 tirer les le\u00e7ons du pass\u00e9 pour grandir dans notre relation avec Dieu, ici et maintenant, et dans les ann\u00e9es \u00e0 venir.<\/p>\n<h4>Transformation<\/h4>\n<p>Nous d\u00e9couvrons comment notre tradition anabaptiste con\u00e7oit la vie de disciple : comme un processus continu de transformation.<\/p>\n<p>Premi\u00e8rement : la transformation est un parcours au cours duquel nous laissons des \u00e9l\u00e9ments du pass\u00e9 derri\u00e8re nous et en acqu\u00e9rons d\u2019autres en cours de route.<\/p>\n<p>Elle implique un mouvement continu.<\/p>\n<p>Nous quittons constamment un endroit pour avancer vers un autre. Nous nous opposons \u00e0 l\u2019esprit religieux qui affirme la certitude absolue des doctrines, des dogmes et de l\u2019\u00e9thique, mais nous affirmons la n\u00e9cessit\u00e9 de renouveler notre esprit, en \u00e9tant ouverts \u00e0 la remise en question des convictions et de l\u2019\u00e9thique, comme l\u2019ont fait nos anc\u00eatres spirituels au XVIe si\u00e8cle.<\/p>\n<p>Deuxi\u00e8mement, la transformation dans la Bible n\u2019est jamais une exp\u00e9rience individualiste.<\/p>\n<p>Elle est toujours communautaire.<\/p>\n<p>Nous faisons cette exp\u00e9rience ensemble parce qu\u2019elle exige le dialogue et l\u2019interd\u00e9pendance. La diversit\u00e9 des opinions de notre communaut\u00e9 nous permet de corriger la direction que nous prenons dans ce mouvement vers la transformation.<\/p>\n<h4>Centr\u00e9s sur J\u00e9sus<\/h4>\n<p>Nos fr\u00e8res et s\u0153urs nous aident \u00e0 d\u00e9couvrir ce que nous devons changer, quitter ou inclure pour devenir comme J\u00e9sus.<\/p>\n<p>Cela nous am\u00e8ne au troisi\u00e8me commentaire biblique ou \u00e0 la troisi\u00e8me composante de la transformation : la personne de J\u00e9sus.<\/p>\n<p>Tout changement n\u2019est pas justifi\u00e9.<\/p>\n<p>En tant que disciples de J\u00e9sus, nous ne pouvons pas approuver la transformation dans n\u2019importe quelle direction.<\/p>\n<p>Pour \u00eatre des disciples fid\u00e8les, nous devons adapter nos convictions et notre \u00e9thique pour qu\u2019elles nous rendent semblables au caract\u00e8re et \u00e0 la personne de J\u00e9sus.<\/p>\n<p>Comme le dit Paul, \u00abjusqu\u2019\u00e0 ce que nous parvenions tous ensemble \u00e0 l\u2019unit\u00e9 dans la foi et dans la connaissance du Fils de Dieu, \u00e0 l\u2019\u00e9tat d\u2019adultes, \u00e0 la taille du Christ dans sa pl\u00e9nitude.\u00bb (\u00c9ph\u00e9siens 4\/13.)<\/p>\n<p>La transformation dans l\u2019unit\u00e9 est un d\u00e9fi auquel le monde anabaptiste a toujours \u00e9t\u00e9 confront\u00e9.<\/p>\n<p>Trop souvent, les mouvements de renouveau ont d\u00fb faire face \u00e0 un rejet qui a entra\u00een\u00e9 des divisions.<\/p>\n<p>La transformation n\u2019a pas toujours \u00e9t\u00e9 orient\u00e9e vers la personne de J\u00e9sus.<\/p>\n<p>Aujourd\u2019hui, nous devons donc retrouver la vision de la Conf\u00e9rence mennonite mondiale : Nous voulons \u00eatre une \u00c9glise mondiale o\u00f9 nous suivons J\u00e9sus, vivons l\u2019unit\u00e9 et construisons la paix.<\/p>\n<p>Nous sommes un corps de plus de 10000 assembl\u00e9es locales r\u00e9parties dans 110* unions d\u2019\u00e9glises \u00e0 travers le monde, avec plus de 1,5 million de croyants baptis\u00e9s.<\/p>\n<p>Nous avons besoin les uns des autres pour \u00eatre transform\u00e9s \u00e0 l\u2019image de J\u00e9sus.<\/p>\n<p>Tout en remerciant Dieu pour les opportunit\u00e9s de transformation, gardons \u00e9galement une attitude de repentance pour nos divisions.<\/p>\n<p>Demandons pardon pour notre h\u00e9sitation \u00e0 changer.<\/p>\n<p>Repentons-nous de notre orgueil et de l\u2019attitude qui consiste \u00e0 juger le processus de transformation des autres au lieu d\u2019y participer avec amour et patience.<\/p>\n<p>Cherchons le renouveau \u00e0 partir d\u2019un c\u0153ur contrit qui reconna\u00eet son besoin de transformation continuelle. Puissions-nous \u00eatre transform\u00e9s ensemble \u00e0 l\u2019image de J\u00e9sus.<\/p>\n<p><em>\u2014C\u00e9sar Garc\u00eda est secr\u00e9taire g\u00e9n\u00e9ral de la Conf\u00e9rence Mennonite Mondiale. Originaire de Colombie, il vit \u00e0 Kitchener, Ontario (Canada).<\/em><\/p>\n<p><span style=\"font-size:12px;\">*Nombre d\u2019\u00e9glises membres de la CMM apr\u00e8s les r\u00e9unions du Comit\u00e9 Ex\u00e9cutif au Br\u00e9sil, en avril 2024.<\/span><\/p>\n<hr>\n<p><a href=\"https:\/\/mwc-cmm.org\/fr\/resources\/courrier-2024-392-3\"><img decoding=\"async\" alt=\"Courrier 39.2&amp;#\" height=\"75\" data-src=\"\/sites\/default\/files\/website_files_2020\/fr_2.jpg\" style=\"--smush-placeholder-width: 825px; --smush-placeholder-aspect-ratio: 825\/75;float:left\" width=\"825\" src=\"data:image\/svg+xml;base64,PHN2ZyB3aWR0aD0iMSIgaGVpZ2h0PSIxIiB4bWxucz0iaHR0cDovL3d3dy53My5vcmcvMjAwMC9zdmciPjwvc3ZnPg==\" class=\"lazyload\"><\/a><\/p>\n","protected":false},"excerpt":{"rendered":"<p>\u00abNe vous conformez pas au monde pr\u00e9sent, mais soyez transform\u00e9s par le renouvellement de votre intelligence, pour discerner quelle est la volont\u00e9 de Dieu : ce qui est bien, ce qui lui est agr\u00e9able, ce qui est parfait.\u00bb Romains 12\/2 (TOB). Le nom que la Conf\u00e9rence mennonite mondiale a donn\u00e9 \u00e0 une d\u00e9cennie d\u2019\u00e9v\u00e9nements r\u00e9gionaux [&hellip;]<\/p>\n","protected":false},"author":1,"featured_media":98454,"comment_status":"closed","ping_status":"closed","sticky":false,"template":"","format":"standard","meta":{"_acf_changed":false,"footnotes":""},"categories":[7],"tags":[],"network":[1307],"eventcategory":[],"class_list":["post-10664","post","type-post","status-publish","format-standard","has-post-thumbnail","hentry","category-non-classifiee","network-courier-fr"],"acf":[],"yoast_head":"<!-- This site is optimized with the Yoast SEO plugin v27.2 - https:\/\/yoast.com\/product\/yoast-seo-wordpress\/ -->\n<title>Une transformation continuelle et un c\u0153ur repentant - Mennonite World Conference<\/title>\n<meta name=\"robots\" content=\"index, follow, max-snippet:-1, max-image-preview:large, max-video-preview:-1\" \/>\n<link rel=\"canonical\" href=\"https:\/\/mwc-cmm.org\/fr\/stories\/une-transformation-continuelle-et-un-coeur-repentant\/\" \/>\n<meta property=\"og:locale\" content=\"fr_FR\" \/>\n<meta property=\"og:type\" content=\"article\" \/>\n<meta property=\"og:title\" content=\"Une transformation continuelle et un c\u0153ur repentant - Mennonite World Conference\" \/>\n<meta property=\"og:description\" content=\"\u00abNe vous conformez pas au monde pr\u00e9sent, mais soyez transform\u00e9s par le renouvellement de votre intelligence, pour discerner quelle est la volont\u00e9 de Dieu : ce qui est bien, ce qui lui est agr\u00e9able, ce qui est parfait.\u00bb Romains 12\/2 (TOB). Le nom que la Conf\u00e9rence mennonite mondiale a donn\u00e9 \u00e0 une d\u00e9cennie d\u2019\u00e9v\u00e9nements r\u00e9gionaux [&hellip;]\" \/>\n<meta property=\"og:url\" content=\"https:\/\/mwc-cmm.org\/fr\/stories\/une-transformation-continuelle-et-un-coeur-repentant\/\" \/>\n<meta property=\"og:site_name\" content=\"Mennonite World Conference\" \/>\n<meta property=\"article:publisher\" content=\"https:\/\/www.facebook.com\/MennoniteWorldConference\" \/>\n<meta property=\"article:published_time\" content=\"2024-08-28T00:00:00+00:00\" \/>\n<meta property=\"article:modified_time\" content=\"2024-12-10T17:21:19+00:00\" \/>\n<meta property=\"og:image\" content=\"https:\/\/mwc-cmm.org\/wp-content\/uploads\/2024\/11\/202404irmasulistyorinip1090551-scaled.jpg\" \/>\n\t<meta property=\"og:image:width\" content=\"2560\" \/>\n\t<meta property=\"og:image:height\" content=\"1708\" \/>\n\t<meta property=\"og:image:type\" content=\"image\/jpeg\" \/>\n<meta name=\"author\" content=\"mennworldcon\" \/>\n<script type=\"application\/ld+json\" class=\"yoast-schema-graph\">{\"@context\":\"https:\/\/schema.org\",\"@graph\":[{\"@type\":\"Article\",\"@id\":\"https:\/\/mwc-cmm.org\/fr\/stories\/une-transformation-continuelle-et-un-coeur-repentant\/#article\",\"isPartOf\":{\"@id\":\"https:\/\/mwc-cmm.org\/fr\/stories\/une-transformation-continuelle-et-un-coeur-repentant\/\"},\"author\":{\"name\":\"mennworldcon\",\"@id\":\"https:\/\/mwc-cmm.org\/en\/#\/schema\/person\/11f6ae0d7d1868ba20a1cc27f067c836\"},\"headline\":\"Une transformation continuelle et un c\u0153ur repentant\",\"datePublished\":\"2024-08-28T00:00:00+00:00\",\"dateModified\":\"2024-12-10T17:21:19+00:00\",\"mainEntityOfPage\":{\"@id\":\"https:\/\/mwc-cmm.org\/fr\/stories\/une-transformation-continuelle-et-un-coeur-repentant\/\"},\"wordCount\":751,\"publisher\":{\"@id\":\"https:\/\/mwc-cmm.org\/en\/#organization\"},\"image\":{\"@id\":\"https:\/\/mwc-cmm.org\/fr\/stories\/une-transformation-continuelle-et-un-coeur-repentant\/#primaryimage\"},\"thumbnailUrl\":\"https:\/\/mwc-cmm.org\/wp-content\/uploads\/2024\/11\/202404irmasulistyorinip1090551-scaled.jpg\",\"articleSection\":[\"Non classifi\u00e9(e)\"],\"inLanguage\":\"fr-FR\"},{\"@type\":\"WebPage\",\"@id\":\"https:\/\/mwc-cmm.org\/fr\/stories\/une-transformation-continuelle-et-un-coeur-repentant\/\",\"url\":\"https:\/\/mwc-cmm.org\/fr\/stories\/une-transformation-continuelle-et-un-coeur-repentant\/\",\"name\":\"Une transformation continuelle et un c\u0153ur repentant - Mennonite World Conference\",\"isPartOf\":{\"@id\":\"https:\/\/mwc-cmm.org\/en\/#website\"},\"primaryImageOfPage\":{\"@id\":\"https:\/\/mwc-cmm.org\/fr\/stories\/une-transformation-continuelle-et-un-coeur-repentant\/#primaryimage\"},\"image\":{\"@id\":\"https:\/\/mwc-cmm.org\/fr\/stories\/une-transformation-continuelle-et-un-coeur-repentant\/#primaryimage\"},\"thumbnailUrl\":\"https:\/\/mwc-cmm.org\/wp-content\/uploads\/2024\/11\/202404irmasulistyorinip1090551-scaled.jpg\",\"datePublished\":\"2024-08-28T00:00:00+00:00\",\"dateModified\":\"2024-12-10T17:21:19+00:00\",\"breadcrumb\":{\"@id\":\"https:\/\/mwc-cmm.org\/fr\/stories\/une-transformation-continuelle-et-un-coeur-repentant\/#breadcrumb\"},\"inLanguage\":\"fr-FR\",\"potentialAction\":[{\"@type\":\"ReadAction\",\"target\":[\"https:\/\/mwc-cmm.org\/fr\/stories\/une-transformation-continuelle-et-un-coeur-repentant\/\"]}]},{\"@type\":\"ImageObject\",\"inLanguage\":\"fr-FR\",\"@id\":\"https:\/\/mwc-cmm.org\/fr\/stories\/une-transformation-continuelle-et-un-coeur-repentant\/#primaryimage\",\"url\":\"https:\/\/mwc-cmm.org\/wp-content\/uploads\/2024\/11\/202404irmasulistyorinip1090551-scaled.jpg\",\"contentUrl\":\"https:\/\/mwc-cmm.org\/wp-content\/uploads\/2024\/11\/202404irmasulistyorinip1090551-scaled.jpg\",\"width\":2560,\"height\":1708},{\"@type\":\"BreadcrumbList\",\"@id\":\"https:\/\/mwc-cmm.org\/fr\/stories\/une-transformation-continuelle-et-un-coeur-repentant\/#breadcrumb\",\"itemListElement\":[{\"@type\":\"ListItem\",\"position\":1,\"name\":\"Home\",\"item\":\"https:\/\/mwc-cmm.org\/fr\/\"},{\"@type\":\"ListItem\",\"position\":2,\"name\":\"Une transformation continuelle et un c\u0153ur repentant\"}]},{\"@type\":\"WebSite\",\"@id\":\"https:\/\/mwc-cmm.org\/en\/#website\",\"url\":\"https:\/\/mwc-cmm.org\/en\/\",\"name\":\"Mennonite World Conference\",\"description\":\"A communion of Anabaptist-related churches\",\"publisher\":{\"@id\":\"https:\/\/mwc-cmm.org\/en\/#organization\"},\"alternateName\":\"MWC\",\"potentialAction\":[{\"@type\":\"SearchAction\",\"target\":{\"@type\":\"EntryPoint\",\"urlTemplate\":\"https:\/\/mwc-cmm.org\/en\/?s={search_term_string}\"},\"query-input\":{\"@type\":\"PropertyValueSpecification\",\"valueRequired\":true,\"valueName\":\"search_term_string\"}}],\"inLanguage\":\"fr-FR\"},{\"@type\":\"Organization\",\"@id\":\"https:\/\/mwc-cmm.org\/en\/#organization\",\"name\":\"Mennonite World Conference\",\"alternateName\":\"MWC\",\"url\":\"https:\/\/mwc-cmm.org\/en\/\",\"logo\":{\"@type\":\"ImageObject\",\"inLanguage\":\"fr-FR\",\"@id\":\"https:\/\/mwc-cmm.org\/en\/#\/schema\/logo\/image\/\",\"url\":\"https:\/\/mwc-cmm.org\/wp-content\/uploads\/2026\/01\/MWC_Sig_Blue_Horiz_webheader1-logo.svg\",\"contentUrl\":\"https:\/\/mwc-cmm.org\/wp-content\/uploads\/2026\/01\/MWC_Sig_Blue_Horiz_webheader1-logo.svg\",\"width\":786,\"height\":82,\"caption\":\"Mennonite World Conference\"},\"image\":{\"@id\":\"https:\/\/mwc-cmm.org\/en\/#\/schema\/logo\/image\/\"},\"sameAs\":[\"https:\/\/www.facebook.com\/MennoniteWorldConference\",\"https:\/\/www.linkedin.com\/company\/mennonite-world-conference-mwc\/\",\"https:\/\/www.instagram.com\/mwcmm\/\",\"https:\/\/www.youtube.com\/user\/mwccmm\",\"https:\/\/bsky.app\/profile\/mwcmm.bsky.social\"]},{\"@type\":\"Person\",\"@id\":\"https:\/\/mwc-cmm.org\/en\/#\/schema\/person\/11f6ae0d7d1868ba20a1cc27f067c836\",\"name\":\"mennworldcon\",\"image\":{\"@type\":\"ImageObject\",\"inLanguage\":\"fr-FR\",\"@id\":\"https:\/\/secure.gravatar.com\/avatar\/06fdc0dc81c157dfdb82ec42f252178a22307808988d22c043f9eb96f1e0fe80?s=96&d=mm&r=g\",\"url\":\"https:\/\/secure.gravatar.com\/avatar\/06fdc0dc81c157dfdb82ec42f252178a22307808988d22c043f9eb96f1e0fe80?s=96&d=mm&r=g\",\"contentUrl\":\"https:\/\/secure.gravatar.com\/avatar\/06fdc0dc81c157dfdb82ec42f252178a22307808988d22c043f9eb96f1e0fe80?s=96&d=mm&r=g\",\"caption\":\"mennworldcon\"},\"sameAs\":[\"https:\/\/mwc-cmm.org\"],\"url\":\"https:\/\/mwc-cmm.org\/fr\/stories\/author\/mennworldcon\/\"}]}<\/script>\n<!-- \/ Yoast SEO plugin. -->","yoast_head_json":{"title":"Une transformation continuelle et un c\u0153ur repentant - Mennonite World Conference","robots":{"index":"index","follow":"follow","max-snippet":"max-snippet:-1","max-image-preview":"max-image-preview:large","max-video-preview":"max-video-preview:-1"},"canonical":"https:\/\/mwc-cmm.org\/fr\/stories\/une-transformation-continuelle-et-un-coeur-repentant\/","og_locale":"fr_FR","og_type":"article","og_title":"Une transformation continuelle et un c\u0153ur repentant - Mennonite World Conference","og_description":"\u00abNe vous conformez pas au monde pr\u00e9sent, mais soyez transform\u00e9s par le renouvellement de votre intelligence, pour discerner quelle est la volont\u00e9 de Dieu : ce qui est bien, ce qui lui est agr\u00e9able, ce qui est parfait.\u00bb Romains 12\/2 (TOB). Le nom que la Conf\u00e9rence mennonite mondiale a donn\u00e9 \u00e0 une d\u00e9cennie d\u2019\u00e9v\u00e9nements r\u00e9gionaux [&hellip;]","og_url":"https:\/\/mwc-cmm.org\/fr\/stories\/une-transformation-continuelle-et-un-coeur-repentant\/","og_site_name":"Mennonite World Conference","article_publisher":"https:\/\/www.facebook.com\/MennoniteWorldConference","article_published_time":"2024-08-28T00:00:00+00:00","article_modified_time":"2024-12-10T17:21:19+00:00","og_image":[{"width":2560,"height":1708,"url":"https:\/\/mwc-cmm.org\/wp-content\/uploads\/2024\/11\/202404irmasulistyorinip1090551-scaled.jpg","type":"image\/jpeg"}],"author":"mennworldcon","schema":{"@context":"https:\/\/schema.org","@graph":[{"@type":"Article","@id":"https:\/\/mwc-cmm.org\/fr\/stories\/une-transformation-continuelle-et-un-coeur-repentant\/#article","isPartOf":{"@id":"https:\/\/mwc-cmm.org\/fr\/stories\/une-transformation-continuelle-et-un-coeur-repentant\/"},"author":{"name":"mennworldcon","@id":"https:\/\/mwc-cmm.org\/en\/#\/schema\/person\/11f6ae0d7d1868ba20a1cc27f067c836"},"headline":"Une transformation continuelle et un c\u0153ur repentant","datePublished":"2024-08-28T00:00:00+00:00","dateModified":"2024-12-10T17:21:19+00:00","mainEntityOfPage":{"@id":"https:\/\/mwc-cmm.org\/fr\/stories\/une-transformation-continuelle-et-un-coeur-repentant\/"},"wordCount":751,"publisher":{"@id":"https:\/\/mwc-cmm.org\/en\/#organization"},"image":{"@id":"https:\/\/mwc-cmm.org\/fr\/stories\/une-transformation-continuelle-et-un-coeur-repentant\/#primaryimage"},"thumbnailUrl":"https:\/\/mwc-cmm.org\/wp-content\/uploads\/2024\/11\/202404irmasulistyorinip1090551-scaled.jpg","articleSection":["Non classifi\u00e9(e)"],"inLanguage":"fr-FR"},{"@type":"WebPage","@id":"https:\/\/mwc-cmm.org\/fr\/stories\/une-transformation-continuelle-et-un-coeur-repentant\/","url":"https:\/\/mwc-cmm.org\/fr\/stories\/une-transformation-continuelle-et-un-coeur-repentant\/","name":"Une transformation continuelle et un c\u0153ur repentant - Mennonite World Conference","isPartOf":{"@id":"https:\/\/mwc-cmm.org\/en\/#website"},"primaryImageOfPage":{"@id":"https:\/\/mwc-cmm.org\/fr\/stories\/une-transformation-continuelle-et-un-coeur-repentant\/#primaryimage"},"image":{"@id":"https:\/\/mwc-cmm.org\/fr\/stories\/une-transformation-continuelle-et-un-coeur-repentant\/#primaryimage"},"thumbnailUrl":"https:\/\/mwc-cmm.org\/wp-content\/uploads\/2024\/11\/202404irmasulistyorinip1090551-scaled.jpg","datePublished":"2024-08-28T00:00:00+00:00","dateModified":"2024-12-10T17:21:19+00:00","breadcrumb":{"@id":"https:\/\/mwc-cmm.org\/fr\/stories\/une-transformation-continuelle-et-un-coeur-repentant\/#breadcrumb"},"inLanguage":"fr-FR","potentialAction":[{"@type":"ReadAction","target":["https:\/\/mwc-cmm.org\/fr\/stories\/une-transformation-continuelle-et-un-coeur-repentant\/"]}]},{"@type":"ImageObject","inLanguage":"fr-FR","@id":"https:\/\/mwc-cmm.org\/fr\/stories\/une-transformation-continuelle-et-un-coeur-repentant\/#primaryimage","url":"https:\/\/mwc-cmm.org\/wp-content\/uploads\/2024\/11\/202404irmasulistyorinip1090551-scaled.jpg","contentUrl":"https:\/\/mwc-cmm.org\/wp-content\/uploads\/2024\/11\/202404irmasulistyorinip1090551-scaled.jpg","width":2560,"height":1708},{"@type":"BreadcrumbList","@id":"https:\/\/mwc-cmm.org\/fr\/stories\/une-transformation-continuelle-et-un-coeur-repentant\/#breadcrumb","itemListElement":[{"@type":"ListItem","position":1,"name":"Home","item":"https:\/\/mwc-cmm.org\/fr\/"},{"@type":"ListItem","position":2,"name":"Une transformation continuelle et un c\u0153ur repentant"}]},{"@type":"WebSite","@id":"https:\/\/mwc-cmm.org\/en\/#website","url":"https:\/\/mwc-cmm.org\/en\/","name":"Mennonite World Conference","description":"A communion of Anabaptist-related churches","publisher":{"@id":"https:\/\/mwc-cmm.org\/en\/#organization"},"alternateName":"MWC","potentialAction":[{"@type":"SearchAction","target":{"@type":"EntryPoint","urlTemplate":"https:\/\/mwc-cmm.org\/en\/?s={search_term_string}"},"query-input":{"@type":"PropertyValueSpecification","valueRequired":true,"valueName":"search_term_string"}}],"inLanguage":"fr-FR"},{"@type":"Organization","@id":"https:\/\/mwc-cmm.org\/en\/#organization","name":"Mennonite World Conference","alternateName":"MWC","url":"https:\/\/mwc-cmm.org\/en\/","logo":{"@type":"ImageObject","inLanguage":"fr-FR","@id":"https:\/\/mwc-cmm.org\/en\/#\/schema\/logo\/image\/","url":"https:\/\/mwc-cmm.org\/wp-content\/uploads\/2026\/01\/MWC_Sig_Blue_Horiz_webheader1-logo.svg","contentUrl":"https:\/\/mwc-cmm.org\/wp-content\/uploads\/2026\/01\/MWC_Sig_Blue_Horiz_webheader1-logo.svg","width":786,"height":82,"caption":"Mennonite World Conference"},"image":{"@id":"https:\/\/mwc-cmm.org\/en\/#\/schema\/logo\/image\/"},"sameAs":["https:\/\/www.facebook.com\/MennoniteWorldConference","https:\/\/www.linkedin.com\/company\/mennonite-world-conference-mwc\/","https:\/\/www.instagram.com\/mwcmm\/","https:\/\/www.youtube.com\/user\/mwccmm","https:\/\/bsky.app\/profile\/mwcmm.bsky.social"]},{"@type":"Person","@id":"https:\/\/mwc-cmm.org\/en\/#\/schema\/person\/11f6ae0d7d1868ba20a1cc27f067c836","name":"mennworldcon","image":{"@type":"ImageObject","inLanguage":"fr-FR","@id":"https:\/\/secure.gravatar.com\/avatar\/06fdc0dc81c157dfdb82ec42f252178a22307808988d22c043f9eb96f1e0fe80?s=96&d=mm&r=g","url":"https:\/\/secure.gravatar.com\/avatar\/06fdc0dc81c157dfdb82ec42f252178a22307808988d22c043f9eb96f1e0fe80?s=96&d=mm&r=g","contentUrl":"https:\/\/secure.gravatar.com\/avatar\/06fdc0dc81c157dfdb82ec42f252178a22307808988d22c043f9eb96f1e0fe80?s=96&d=mm&r=g","caption":"mennworldcon"},"sameAs":["https:\/\/mwc-cmm.org"],"url":"https:\/\/mwc-cmm.org\/fr\/stories\/author\/mennworldcon\/"}]}},"_links":{"self":[{"href":"https:\/\/mwc-cmm.org\/fr\/wp-json\/wp\/v2\/posts\/10664","targetHints":{"allow":["GET"]}}],"collection":[{"href":"https:\/\/mwc-cmm.org\/fr\/wp-json\/wp\/v2\/posts"}],"about":[{"href":"https:\/\/mwc-cmm.org\/fr\/wp-json\/wp\/v2\/types\/post"}],"author":[{"embeddable":true,"href":"https:\/\/mwc-cmm.org\/fr\/wp-json\/wp\/v2\/users\/1"}],"replies":[{"embeddable":true,"href":"https:\/\/mwc-cmm.org\/fr\/wp-json\/wp\/v2\/comments?post=10664"}],"version-history":[{"count":0,"href":"https:\/\/mwc-cmm.org\/fr\/wp-json\/wp\/v2\/posts\/10664\/revisions"}],"wp:featuredmedia":[{"embeddable":true,"href":"https:\/\/mwc-cmm.org\/fr\/wp-json\/wp\/v2\/media\/98454"}],"wp:attachment":[{"href":"https:\/\/mwc-cmm.org\/fr\/wp-json\/wp\/v2\/media?parent=10664"}],"wp:term":[{"taxonomy":"category","embeddable":true,"href":"https:\/\/mwc-cmm.org\/fr\/wp-json\/wp\/v2\/categories?post=10664"},{"taxonomy":"post_tag","embeddable":true,"href":"https:\/\/mwc-cmm.org\/fr\/wp-json\/wp\/v2\/tags?post=10664"},{"taxonomy":"network","embeddable":true,"href":"https:\/\/mwc-cmm.org\/fr\/wp-json\/wp\/v2\/network?post=10664"},{"taxonomy":"eventcategory","embeddable":true,"href":"https:\/\/mwc-cmm.org\/fr\/wp-json\/wp\/v2\/eventcategory?post=10664"}],"curies":[{"name":"wp","href":"https:\/\/api.w.org\/{rel}","templated":true}]}}