{"id":10663,"date":"2024-08-27T00:00:00","date_gmt":"2024-08-27T00:00:00","guid":{"rendered":"https:\/\/mwc-cmm.org\/telling-others-what-you-have-tasted-3\/"},"modified":"2024-12-10T17:21:18","modified_gmt":"2024-12-10T17:21:18","slug":"parler-de-ce-que-lon-decouvert","status":"publish","type":"post","link":"https:\/\/mwc-cmm.org\/fr\/stories\/parler-de-ce-que-lon-decouvert\/","title":{"rendered":"Parler de ce que l\u2019on a d\u00e9couvert"},"content":{"rendered":"<h3>Pourquoi l\u2019\u00c9glise Meserete Kristos est-elle l\u2019\u00c9glise mennonite qui conna\u00eet la plus forte croissance ?<\/h3>\n<p>L\u2019\u00c9thiopie est une nation multiethnique, multireligieuse et multilingue de plus de 120 millions d\u2019habitants, soit le deuxi\u00e8me pays le plus peupl\u00e9 d\u2019Afrique. Situ\u00e9e au nord-est de l\u2019Afrique, l\u2019\u00c9thiopie est un pays enclav\u00e9.<\/p>\n<p>Les puissances europ\u00e9ennes n\u2019ont pas colonis\u00e9 l\u2019\u00c9thiopie. Cependant, des conflits internes ont d\u00e9chir\u00e9 le pays et l\u2019ont morcel\u00e9 selon des crit\u00e8res ethniques, religieux et g\u00e9ographiques. Les guerres civiles ont an\u00e9anti l\u2019\u00e9conomie du pays. Les conflits ethniques et religieux ont endommag\u00e9 les liens sociaux entre les diff\u00e9rents groupes de population et ont intensifi\u00e9 la peur ; l\u2019intol\u00e9rance et la vengeance font partie de la vie de la population. Certains pensent que la pauvret\u00e9, la guerre et la famille sont les symboles de l\u2019\u00c9thiopie.<\/p>\n<p>Pourtant, les personnes qui ont perdu espoir retrouvent un sens \u00e0 leur vie et une perspective lorsqu\u2019elles se tournent vers le Cr\u00e9ateur du ciel et de la terre. Lorsque des personnes croient en J\u00e9sus-Christ, elles re\u00e7oivent non seulement l\u2019espoir de la vie \u00e9ternelle, mais aussi un nouveau regard sur leur difficile situation, leur permettant de mettre en place de meilleurs m\u00e9canismes d\u2019adaptation.<\/p>\n<h3>Notre compr\u00e9hension de la croissance de l\u2019\u00c9glise<\/h3>\n<p>Pour l\u2019\u00c9glise Meserete Kristos (MKC) la croissance de l\u2019\u00c9glise a deux dimensions.<\/p>\n<p>D\u2019abord, la croissance de l\u2019\u00c9glise est une augmentation num\u00e9rique des membres. Les assembl\u00e9es sont appel\u00e9es \u00e0 ajouter de nouveaux croyants tous les ans, comme cela se pratiquait dans l\u2019\u00c9glise primitive (Actes 2\/47).<\/p>\n<p>Le second aspect de la croissance de l\u2019\u00c9glise se manifeste par la maturit\u00e9 de la vie spirituelle des croyants. Les croyants qui portent les fruits de l\u2019Esprit dans leur vie et suivent les traces du Christ exercent une influence positive sur la soci\u00e9t\u00e9. Lorsque des personnes annoncent l\u2019\u00c9vangile \u00e0 d\u2019autres par leurs pratiques, la possibilit\u00e9 d\u2019une r\u00e9ponse positive au message augmente.<\/p>\n<p>Il existe une corr\u00e9lation entre la croissance spirituelle de chaque chr\u00e9tien et la croissance de l\u2019\u00c9glise.<\/p>\n<h3>Strat\u00e9gies de croissance de l\u2019\u00c9glise<\/h3>\n<p>Dans les pages qui suivent, nous d\u00e9crirons les dix strat\u00e9gies\/principes qui ont permis \u00e0 la MKC de conna\u00eetre une croissance rapide au cours de la p\u00e9riode post-communiste (1991-2024).<\/p>\n<h4><strong>1. Des pri\u00e8res ferventes<\/strong><\/h4>\n<p>La MKC a utilis\u00e9 la pri\u00e8re comme une arme spirituelle pour vaincre le pouvoir du diable et lib\u00e9rer les gens de l\u2019esclavage du p\u00e9ch\u00e9. Dans la pri\u00e8re, nous parlons \u00e0 Dieu et \u00e9coutons ce qu\u2019il nous dit.<\/p>\n<p>Dans toutes les assembl\u00e9es de la MKC, les \u00e9quipes de pri\u00e8re prient pour le minist\u00e8re de l\u2019\u00c9glise, en fonction des th\u00e8mes qui leur sont donn\u00e9s. Les \u00e9quipes prient pour que l\u2019Eglise surmonte le pouvoir du mal qui emp\u00eache les gens d\u2019entendre et de croire en l\u2019\u00c9vangile de J\u00e9sus-Christ.<\/p>\n<p>Des r\u00e9unions de pri\u00e8re qui durent toute la nuit rassemblent tous les membres de la paroisse. Les pasteurs \u00e0 plein temps consacrent beaucoup de temps \u00e0 la pri\u00e8re. Les responsables d\u2019\u00e9glises prient avant les r\u00e9unions de travail.<\/p>\n<p>Les chr\u00e9tiens prient en croyant que Dieu les \u00e9coute et r\u00e9pond \u00e0 leurs pri\u00e8res selon sa volont\u00e9.<\/p>\n<p>Au si\u00e8ge de la MKC, une \u00e9quipe de pri\u00e8re nationale se r\u00e9unit chaque mois pendant une journ\u00e9e pour prier que Dieu aide l\u2019\u00c9glise \u00e0 atteindre les peuples qui ne connaissent pas la bonne nouvelle de J\u00e9sus-Christ.<\/p>\n<p>De nombreuses assembl\u00e9es prient pour le salut des gens par l\u2019\u00c9vangile de J\u00e9susChrist en utilisant diff\u00e9rentes approches.<\/p>\n<p>Certaines assembl\u00e9es locales prient pour les non-chr\u00e9tiens au cours des cultes le dimanche. Par exemple, Tabour MKC dans la ville de Hawassa, dans le sud de l\u2019\u00c9thiopie, a pr\u00e9par\u00e9 des affiches sur plusieurs groupes ethniques, et chaque semaine, l\u2019affiche d\u2019un des groupes ethniques figure sur le devant de la sc\u00e8ne de l\u2019\u00e9glise. Toute la communaut\u00e9 prie pour ce groupe ethnique pendant 5 \u00e0 10 minutes.<\/p>\n<h4><strong>2. Appeler de nouvelles personnes \u00e0 croire en J\u00e9sus<\/strong><\/h4>\n<p><em>\u00ab Cher pr\u00e9dicateur, lorsque vous&nbsp;terminez votre sermon, n\u2019oubliez pas d\u2019inviter de nouvelles personnes \u00e0 accepter le Seigneur. \u00bb&nbsp;<\/em><\/p>\n<p>Dans chaque assembl\u00e9e locale de la MKC, apr\u00e8s le sermon du culte du dimanche, le pr\u00e9dicateur invite de nouvelles personnes \u00e0 accepter le Christ comme leur Sauveur et Seigneur. La MKC croit que le Saint-Esprit touche le c\u0153ur des gens et les convainc de p\u00e9ch\u00e9s pour qu\u2019ils se repentent et croient en J\u00e9sus. Par cons\u00e9quent, les pr\u00e9dicateurs sont des canaux pour l\u2019action du Saint-Esprit.<\/p>\n<p>De nombreuses personnes se tournent vers J\u00e9sus chaque dimanche. L\u2019assembl\u00e9e emm\u00e8ne ces nouveaux croyants dans la salle de pri\u00e8re afin de prier pour eux. Les \u00e9vang\u00e9listes prennent leur adresse et leur num\u00e9ro de t\u00e9l\u00e9phone pour assurer le suivi. Ensuite, ils rejoignent le groupe des nouveaux croyants pour apprendre les doctrines chr\u00e9tiennes de base. Une fois baptis\u00e9s, le d\u00e9partement d\u2019\u00e9vang\u00e9lisation les remet au d\u00e9partement pastoral pour qu\u2019il leur fournisse les services pastoraux appropri\u00e9s.<\/p>\n<p>Il convient de noter que le fait d\u2019appeler des personnes depuis la chaire sans que soient pr\u00e9sentes de nouvelles personnes (non-croyantes) dans l\u2019\u00e9glise n\u2019a aucun sens. Les assembl\u00e9es rappellent aux membres d\u2019inviter et d\u2019amener leurs amis, les membres de leur famille ou leurs coll\u00e8gues au culte du dimanche.<\/p>\n<p>Le pasteur Deneke Hussein, secr\u00e9taire g\u00e9n\u00e9ral de la r\u00e9gion de la MKC du sud de l\u2019\u00c9thiopie, cite une exp\u00e9rience r\u00e9cente : Apr\u00e8s le culte dominical, il est sorti et a vu une femme triste. Il a senti que le SaintEsprit le guidait \u00e0 parler \u00e0 cette femme. Il l\u2019a salu\u00e9e et lui a demand\u00e9 : \u00ab Vous avez l\u2019air malheureux, que s\u2019est-il pass\u00e9 ? \u00bb La femme a r\u00e9pondu : \u00ab J\u2019\u00e9tais d\u00e9sesp\u00e9r\u00e9e par la vie et je suis venue \u00e0 l\u2019\u00e9glise pour entendre la Parole de Dieu. J\u2019ai entendu le message et j\u2019ai \u00e9t\u00e9 encourag\u00e9e.&nbsp;Cependant, personne ne m\u2019a parl\u00e9 \u00bb<\/p>\n<p>Le pasteur Deneke s\u2019est rendu compte que le pr\u00e9dicateur n\u2019invitait pas les gens \u00e0 accepter le Christ comme leur Sauveur et Seigneur personnel. Il a emmen\u00e9 cette dame dans la salle de pri\u00e8re et lui a demand\u00e9 ouvertement d\u2019accepter le Christ. Elle a accept\u00e9 le Christ, on a pri\u00e9 pour elle et elle a \u00e9t\u00e9 mise en contact avec l\u2019\u00e9vang\u00e9liste de l\u2019assembl\u00e9e pour un suivi ult\u00e9rieur.<\/p>\n<p>Un pasteur de l\u2019ouest de l\u2019\u00c9thiopie d\u00e9clare : \u00abApr\u00e8s qu\u2019un pr\u00e9dicateur a pr\u00each\u00e9 l\u2019\u00c9vangile dans un lieu o\u00f9 de nombreuses personnes se sont rassembl\u00e9es, ne pas appeler les personnes&nbsp;qui veulent croire au Seigneur J\u00e9sus, c\u2019est comme planter une graine et refuser de r\u00e9colter le fruit une fois qu\u2019il a m\u00fbri.\u00bb<\/p>\n<h4><strong>3.&nbsp;Rester petit tout en se grandissant<\/strong><\/h4>\n<figure class=\"image\" style=\"float:right\"><img decoding=\"async\" alt=\"\" height=\"300\" data-src=\"https:\/\/mwc-cmm.org\/wp-content\/uploads\/2024\/10\/20240116liesaungerpxl_20240116_054305903-scaled.jpg\" width=\"398\" src=\"data:image\/svg+xml;base64,PHN2ZyB3aWR0aD0iMSIgaGVpZ2h0PSIxIiB4bWxucz0iaHR0cDovL3d3dy53My5vcmcvMjAwMC9zdmciPjwvc3ZnPg==\" class=\"lazyload\" style=\"--smush-placeholder-width: 398px; --smush-placeholder-aspect-ratio: 398\/300;\"><figcaption>Photo : Liesa Unger<\/figcaption><\/figure>\n<p>Selon la politique de la MKC, une assembl\u00e9e atteignant plus de 1 000 membres doit \u00eatre divis\u00e9e en deux petites assembl\u00e9es1 . D\u2019un point de vue pratique, les petites \u00e9glises (moins de 1 000 membres) peuvent fournir des services efficaces \u00e0 leurs membres. Les membres de la paroisse se connaissent et peuvent vivre une v\u00e9ritable communion fraternelle.<\/p>\n<p>Une \u00e9glise m\u00e8re nourrit la nouvelle paroisse fille pour qu\u2019elle devienne une paroisse \u00e0 part enti\u00e8re. Ensuite, elles continuent \u00e0 se d\u00e9velopper pour donner naissance \u00e0 d\u2019autres paroisses.<\/p>\n<p>Le pasteur Sebrela Kedir, directeur du minist\u00e8re pastoral de la MKC, explique que lorsque des assembl\u00e9es comptent un grand nombre de membres, elles ne peuvent pas fournir de services pastoraux appropri\u00e9s aux membres et les mobiliser vers un objectif commun. \u00abUn pasteur ne peut nourrir et prot\u00e9ger correctement le troupeau que lorsque le nombre de membres est raisonnable. Si la paroisse est trop grande, certains membres se perdent.<\/p>\n<p>\u00abEn gardant une taille raisonnable, la MKC cro\u00eet en qualit\u00e9 et en quantit\u00e9. Les disciples du Christ partagent fid\u00e8lement l\u2019\u00c9vangile avec d\u2019autres\u00bb, ajoute-t-il.<\/p>\n<h4><strong>4.&nbsp;La responsabilit\u00e9 de partager l\u2019\u00c9vangile<\/strong><\/h4>\n<p><em>Toute personne qui a go\u00fbt\u00e9 \u00e0 la bont\u00e9 de J\u00e9sus devrait en faire part aux autres.<\/em><\/p>\n<p>La MKC d\u00e9clare clairement que la raison d\u2019\u00eatre de l\u2019\u00c9glise est de pr\u00eacher l\u2019\u00c9vangile de J\u00e9sus-Christ \u00e0 tous les peuples et en faire des disciples du Christ. La Constitution de la MKC mentionne la participation des membres de l\u2019\u00c9glise \u00e0 son minist\u00e8re holistique en la servant par les dons spirituels qui lui sont accord\u00e9s, la pri\u00e8re, les conseils\/consultations professionnelles, le travail, la sagesse et les contributions financi\u00e8res2 .<\/p>\n<p>Avant de devenir membres de l\u2019\u00c9glise par le bapt\u00eame d\u2019eau, on apprend aux nouveaux chr\u00e9tiens ce que l\u2019\u00c9glise attend d\u2019eux une fois qu\u2019ils sont devenus membres \u00e0 part enti\u00e8re.<\/p>\n<p>L\u2019un des sujets abord\u00e9s est le concept d\u2019amener d\u2019autres personnes \u00e0 croire au Christ. La paroisse s\u2019attend \u00e0 ce que les nouveaux croyants am\u00e8nent d\u2019autres personnes au Christ comme ils ont euxm\u00eames \u00e9t\u00e9 amen\u00e9es au Christ. Elle les&nbsp;encourage \u00e0 partager avec d\u2019autres personnes la bont\u00e9 de J\u00e9sus dont ils ont fait l\u2019exp\u00e9rience dans leur vie. Dire aux autres ce que J\u00e9sus a fait pour eux ne n\u00e9cessite pas de formation th\u00e9ologique.<\/p>\n<h4><strong>5.&nbsp;La mise en \u0153uvre d\u2019un plan strat\u00e9gique adapt\u00e9 au contexte<\/strong><\/h4>\n<p>Dans toute la MKC, les gens parlent d\u00e9sormais le m\u00eame langage \u201a\u00c4\u00ee l\u2019Objectif 2819 est notre priorit\u00e9.<\/p>\n<p>Dans le plan strat\u00e9gique que la MKC a pr\u00e9par\u00e9 et mis en \u0153uvre en 2022, elle a \u00e9tabli une feuille de route pour soutenir sa croissance. Sa mission a \u00e9t\u00e9 r\u00e9vis\u00e9e pour pr\u00e9ciser qu\u2019elle est une \u00c9glise missionnaire\/ \u00e9vang\u00e9liste. Elle indique : \u00abLa raison d\u2019\u00eatre de la MKC est de pr\u00eacher l\u2019\u00c9vangile de J\u00e9sus-Christ \u00e0 tous les peuples et en faire des disciples du Christ\u00bb.3<\/p>\n<p>Pour inculquer cela aux membres de l\u2019\u00c9glise, celle-ci a pr\u00e9par\u00e9 des pr\u00e9sentations sur Matthieu 28\/19 \u201a\u00c4\u00ee Objectif 2819, et des sessions de sensibilisation ont \u00e9t\u00e9 organis\u00e9es dans toutes les r\u00e9gions de la MKC. Ce qui a incit\u00e9 ses responsables et ses membres \u00e0 se concentrer sur la pr\u00e9dication de l\u2019\u00c9vangile et \u00e0 amener les gens \u00e0 croire en J\u00e9sus-Christ. Le pr\u00e9sident de la MKC a consacr\u00e9 beaucoup de temps \u00e0 transmettre ce message \u00e0 toutes les assembl\u00e9es de la MKC afin d\u2019atteindre ces objectifs.<\/p>\n<p>Le plan strat\u00e9gique a \u00e9galement d\u00e9fini des indicateurs sp\u00e9cifiques pour suivre les progr\u00e8s de l\u2019\u00c9glise vers une croissance annuelle de 10 % du nombre de membres. Le plan strat\u00e9gique a permis \u00e0 l\u2019\u00c9glise de mobiliser des ressources pour atteindre les objectifs fix\u00e9s. Par-dessus tout, les dirigeants de l\u2019\u00c9glise ont r\u00e9alis\u00e9 qu\u2019ils existaient pour pr\u00eacher l\u2019\u00c9vangile et faire de ceux qui croient des disciples du Christ.<\/p>\n<p>Le pasteur Dessu Abebe, secr\u00e9taire g\u00e9n\u00e9ral de la r\u00e9gion de Nekemte MKC, a d\u00e9clar\u00e9 que l\u2019orientation d\u00e9finie par le plan strat\u00e9gique \u00e9tait tr\u00e8s pertinente. Il l\u2019a lu \u00e0 plusieurs reprises pour le m\u00e9moriser, car s\u2019il n\u2019est pas mis en \u0153uvre, l\u2019objectif pour la r\u00e9gion \u00e9chouera.<\/p>\n<p>\u00abJ\u2019ai convoqu\u00e9 les pasteurs principaux et le pr\u00e9sident du conseil des anciens de toutes les assembl\u00e9es locales de ma r\u00e9gion pour trois jours de formation sur le plan strat\u00e9gique. J\u2019ai fait de mon mieux pour les aider \u00e0 comprendre\u00bb. Il a soulign\u00e9 que la formation ne suffisait pas \u00e0 elle seule pour bien comprendre.<\/p>\n<p>Lorsqu\u2019il rencontre les pasteurs principaux lors des sessions de r\u00e9vision trimestrielles,&nbsp;il r\u00e9actualise le plan strat\u00e9gique et il les \u00e9coute pour comprendre leurs difficult\u00e9s, leurs pr\u00e9occupations et leurs succ\u00e8s. Le pasteur Dessu admet que le plan strat\u00e9gique est difficile et demande beaucoup de travail. Deux des principaux pasteurs de sa r\u00e9gion ont d\u00e9missionn\u00e9 parce qu\u2019ils ont reconnu qu\u2019ils n\u2019avaient pas les comp\u00e9tences n\u00e9cessaires pour mettre en \u0153uvre le plan strat\u00e9gique.<\/p>\n<p>La r\u00e9gion de Nekemte de la MKC a pu identifier des districts o\u00f9 il n\u2019y avait pas de paroisse de la MKC. \u00abNous en avons implant\u00e9 dans trois de ces districts. Nous n\u2019avions jamais pens\u00e9 ainsi auparavant. Le plan strat\u00e9gique nous a guid\u00e9s vers les endroits o\u00f9 nous devions nous focaliser\u00bb.<\/p>\n<p>\u00abLe plan strat\u00e9gique nous a aid\u00e9s \u00e0 avoir une vue d\u2019ensemble de la direction que prend la MKC et de notre r\u221a\u00a5le sp\u00e9cifique en tant qu\u2019assembl\u00e9e locale\u00bb, a d\u00e9clar\u00e9 le pasteur Shambel Genene, pasteur principal de la paroisse Asella MKC. Elle \u00e9tait d\u00e9j\u00e0 engag\u00e9e dans l\u2019\u00e9vang\u00e9lisation des musulmans avant m\u00eame l\u2019introduction du plan strat\u00e9gique. Aujourd\u2019hui, \u00abnous avons align\u00e9 nos activit\u00e9s d\u2019\u00e9vang\u00e9lisation sur le plan strat\u00e9gique de l\u2019assembl\u00e9e afin d\u2019apporter notre contribution \u00e0 la r\u00e9alisation des objectifs communs\u00bb.<\/p>\n<h4><strong>6.&nbsp;Ordonner des \u00e9vang\u00e9listes dans les assembl\u00e9es<\/strong><\/h4>\n<p>Chaque \u00e9glise locale de la MKC doit avoir au moins un \u00e9vang\u00e9liste qui se consacre \u00e0 la pr\u00e9dication de la Parole de Dieu et qui am\u00e8ne les gens \u00e0 la foi en J\u00e9sus-Christ.<\/p>\n<p>Il y a deux d\u00e9cennies, les \u00e9vang\u00e9listes faisaient le travail du pasteur. La MKC a r\u00e9vis\u00e9 le cahier de charges concernant leur minist\u00e8re pour que les \u00e9vang\u00e9listes soient lib\u00e9r\u00e9s du travail pastoral et se concentrent sur l\u2019\u00e9vang\u00e9lisation.<\/p>\n<p>Dans une assembl\u00e9e, l\u2019\u00e9vang\u00e9liste&nbsp;annonce la bonne nouvelle de J\u00e9sus Christ et doit \u00eatre un mod\u00e8le. Il\/elle est \u00e9galement charg\u00e9 de motiver et d\u2019\u00e9quiper les membres pour qu\u2019ils participent activement \u00e0 l\u2019\u00e9vang\u00e9lisation et \u00e0 l\u2019implantation de nouvelles \u00e9glises. Il\/elle rend compte de ses r\u00e9alisations en mati\u00e8re d\u2019\u00e9vang\u00e9lisation au pasteur principal et au conseil des anciens tous les trimestres.<\/p>\n<p>Ayalew Balcha est dipl\u221a\u00a5m\u00e9 du s\u00e9minaire de Meserete Kristos et a \u00e9t\u00e9 ordonn\u00e9 \u00e9vang\u00e9liste \u00e0 Akaki MKC. Il affirme que les assembl\u00e9es ont besoin d\u2019\u00e9vang\u00e9listes pour proclamer l\u2019\u00c9vangile aux non-croyants. Il coordonne le minist\u00e8re d\u2019\u00e9vang\u00e9lisation des assembl\u00e9es locales et la mobilise pour l\u2019\u00e9vang\u00e9lisation.<\/p>\n<p>Il a une \u00e9quipe d\u2019\u00e9vang\u00e9lisation \u201a\u00c4\u00ee un groupe d\u2019action \u201a\u00c4\u00ee qui va chaque mois dans les rues, de village en village, et qui annonce la bonne nouvelle de J\u00e9susChrist \u00e0 tous ceux qu\u2019elle rencontre.<\/p>\n<p>L\u2019ann\u00e9e derni\u00e8re, 19 nouveaux croyants \u00e9tant venus \u00e0 la foi de cette mani\u00e8re ont \u00e9t\u00e9 baptis\u00e9s et sont devenus membres d\u2019une paroisse. \u00abNous prions et travaillons dur pour gagner davantage d\u2019\u221a\u00a2mes au Christ cette ann\u00e9e\u00bb, a-t-il d\u00e9clar\u00e9.<\/p>\n<h4><strong>7.&nbsp;<\/strong><strong>Mobiliser les ressources locales<\/strong><\/h4>\n<p><em>\u00ab Nos ressources sont les personnes qui sont dans la paroisse. \u00bb<\/em><\/p>\n<p>La plupart des membres de la MKC ne sont pas riches. Nous avons plusieurs assembl\u00e9es dans des zones rurales o\u00f9 est pratiqu\u00e9e une agriculture de subsistance. En raison du changement climatique, des conflits, du type d\u2019agriculture traditionnel, de l\u2019acc\u00e8s insuffisant aux semences am\u00e9lior\u00e9es et aux engrais, et d\u2019autres facteurs, ils ne peuvent pas am\u00e9liorer leurs revenus.<\/p>\n<p>La plupart d\u2019entre eux sont des paysans qui travaillent dur qui contribuent aux besoins de l\u2019assembl\u00e9e par la d\u00eeme, les offrandes, les dons exceptionnels et les dons d\u2019amour. Ils sont pauvres mais suffisamment g\u00e9n\u00e9reux pour soutenir le minist\u00e8re de l\u2019assembl\u00e9e.<\/p>\n<p>Les employ\u00e9s et les hommes d\u2019affaires ayant des revenus r\u00e9guliers paient leur d\u00eeme tous les mois.<\/p>\n<p>Les assembl\u00e9es locales collectent \u00e9galement des offrandes pour l\u2019\u00e9vang\u00e9lisation et la mission. Dans certaines assembl\u00e9es, les groupes d\u2019\u00e9tude biblique organis\u00e9s par l\u2019assembl\u00e9e versent de l\u2019argent au fonds de mission de la MKC.<\/p>\n<p>Birru Robele, l\u2019un des principaux dirigeants de la MKC, collecte les contributions mensuelles des membres de&nbsp;son groupe d\u2019\u00e9tude biblique et les remet \u00e0 l\u2019assembl\u00e9e de Misrak d\u2019Addis-Abeba. Elle soutient plus de 130 implanteurs d\u2019\u00e9glises dans diff\u00e9rentes r\u00e9gions du pays ayant un salaire mensuel d\u2019environ 50 USD.<\/p>\n<p>Certaines personnes ne peuvent pas continuer \u00e0 travailler apr\u00e8s avoir cru en J\u00e9sus-Christ parce que ces emplois sont incompatibles avec les enseignements bibliques. Il s\u2019agit notamment de femmes qui se prostituaient ou produisaient et vendaient de boissons alcoolis\u00e9es locales. R\u00e9habiliter et changer leurs sources de revenus demande de l\u2019argent.<\/p>\n<p>Le pasteur Bekele Bajira, pasteur principal de Bordi Nekemte MKC, a d\u00e9clar\u00e9 que trois prostitu\u00e9es sont venues au Seigneur gr\u221a\u00a2ce \u00e0 la campagne d\u2019\u00e9vang\u00e9lisation. Elles ont suivi l\u2019enseignement chr\u00e9tien de base et ont \u00e9t\u00e9 baptis\u00e9es. Plus tard, ces femmes lui ont dit qu\u2019elles n\u2019avaient plus de nourriture parce qu\u2019elles avaient cess\u00e9 leur pr\u00e9c\u00e9dent travail. Lorsque le pasteur Bekele a racont\u00e9 leur histoire \u00e0 l\u2019assembl\u00e9e, les membres ont apport\u00e9 une contribution financi\u00e8re qui a suffi \u00e0 les aider \u00e0 d\u00e9marrer d\u2019autres petites entreprises.<\/p>\n<p>\u00abSi nous pr\u00e9sentons r\u00e9ellement les besoins \u00e0 satisfaire pour faire avancer la cause de l\u2019\u00c9vangile, les croyants sont pr\u00eats \u00e0 donner ce qu\u2019ils ont\u00bb, dit le pasteur Bekele.<\/p>\n<h4><strong>8.&nbsp;<\/strong><strong>Parler la langue de la population<\/strong><\/h4>\n<figure class=\"image\" style=\"float:right\"><img decoding=\"async\" alt=\"\" height=\"300\" data-src=\"https:\/\/mwc-cmm.org\/wp-content\/uploads\/2024\/10\/20240114liesaungerpxl_20240114_084044036-scaled.jpg\" width=\"398\" src=\"data:image\/svg+xml;base64,PHN2ZyB3aWR0aD0iMSIgaGVpZ2h0PSIxIiB4bWxucz0iaHR0cDovL3d3dy53My5vcmcvMjAwMC9zdmciPjwvc3ZnPg==\" class=\"lazyload\" style=\"--smush-placeholder-width: 398px; --smush-placeholder-aspect-ratio: 398\/300;\"><figcaption>Photo : Liesa Unger<\/figcaption><\/figure>\n<p>La politique de la MKC stipule que l\u2019\u00e9vangile doit \u00eatre pr\u00each\u00e9 et enseign\u00e9 dans la langue locale. Puisque le but de l\u2019\u00c9glise est d\u2019aider les gens \u00e0 entendre l\u2019\u00c9vangile, \u00e0 croire au Christ et \u00e0 devenir ses disciples, elle pr\u00eache et enseigne la parole de Dieu dans la langue pr\u00e9f\u00e9r\u00e9e par les populations. Le plus souvent les gens ouvrent leur c\u0153ur lorsqu\u2019ils entendent l\u2019\u00c9vangile dans leur propre langue.<\/p>\n<p>Dans une soci\u00e9t\u00e9 o\u00f9 la question de la langue est sensible, permettre aux personnes d\u2019apprendre l\u2019\u00c9vangile dans leur propre langue les aide \u00e0 ne pas associer les minist\u00e8res de l\u2019\u00c9glise \u00e0 la politique.<\/p>\n<p>La MKC pr\u00e9pare et met \u00e0 disposition du mat\u00e9riel d\u2019\u00e9vang\u00e9lisation et de formation de disciples en diff\u00e9rentes langues. Nous encourageons les croyants qui se sentent appel\u00e9s au minist\u00e8re \u00e0 \u00eatre multilingues. La connaissance de plusieurs langues ouvre la porte au minist\u00e8re et \u00e0 l\u2019implantation d\u2019\u00e9glises dans diff\u00e9rentes cultures.<\/p>\n<p>Le pasteur Firew Lemma, du d\u00e9partement de l\u2019\u00e9ducation et de la formation au si\u00e8ge de la MKC, s\u2019est r\u00e9cemment rendu \u00e0&nbsp;Tigray, dans le nord de l\u2019\u00c9thiopie, pour former des responsables d\u2019\u00e9glises. Ayant appris leur langue dans sa famille, il a salu\u00e9 les participants en tigrigna et a observ\u00e9 l\u2019expression chaleureuse et accueillante de leur visage. Ils ont \u00e9t\u00e9 surpris qu\u2019il parle leur langue.<\/p>\n<p>Parler la langue des personnes que nous servons est essentiel pour communiquer clairement l\u2019\u00c9vangile et d\u00e9velopper de bonnes relations, dit le pasteur Firew.<\/p>\n<h4><strong>9.&nbsp;Placer des implanteurs dans des communaut\u00e9s sans \u00e9glises<\/strong><\/h4>\n<p><em>\u00abTravaille la terre avec les b\u0153ufs de ta r\u00e9gion\u00bb.<\/em><\/p>\n<p>La MKC recrute, forme et place des implanteurs d\u2019\u00e9glises dans leur propre culture. \u00c9tant donn\u00e9 que les implanteurs d\u2019\u00c9glises connaissent la culture et ont d\u00e9j\u00e0 \u00e9tabli des liens, ils peuvent facilement annoncer l\u2019\u00c9vangile de J\u00e9sus-Christ.<\/p>\n<p>La MKC envoie des implanteurs d\u2019\u00e9glises dans plusieurs contextes : fortement orthodoxes, musulmans et croyances traditionnelles. Wendimu W. Mariam, coordinateur de mission au si\u00e8ge de la MKC, dit que les implanteurs d\u2019\u00e9glises dans le contexte o\u00f9 les croyances et les pratiques traditionnelles sont pr\u00e9dominantes ont de meilleurs r\u00e9sultats que dans les autres contextes. Dans les communaut\u00e9s qui pratiquent les croyances traditionnelles, si un chef important se convertit au Christ, de nombreux membres de la communaut\u00e9 le suivent et croient en J\u00e9sus.<\/p>\n<p>Dans ce contexte, \u00abnos implanteurs d\u2019\u00e9glises prient et travaillent pour conduire les gardiens de la communaut\u00e9 au Christ. Une fois qu\u2019ils sont venus \u00e0 J\u00e9sus, il est facile d\u2019amener d\u2019autres personnes au Christ\u00bb, explique Wendimu.<\/p>\n<h4><strong>10.&nbsp;Suivre la direction de l\u2019Esprit Saint<\/strong><\/h4>\n<p>La MKC enseigne ce qu\u2019est le Saint-Esprit et affirme que les croyants devraient \u00eatre capables de vivre une vie chr\u00e9tienne victorieuse et de t\u00e9moigner du Christ. Les croyants sont encourag\u00e9s \u00e0 \u00e9couter les conseils du Saint-Esprit pour discerner la volont\u00e9 de Dieu dans leur vie. Les pasteurs \u00e0 plein temps et les responsables des paroisses prient pour que les croyants soient fortifi\u00e9s par le Saint-Esprit.<\/p>\n<p>Sur le champ de la mission, la d\u00e9pendance des implanteurs d\u2019\u00e9glises \u00e0 l\u2019\u00e9gard de la direction du Saint-Esprit a une influence sur leur travail.<\/p>\n<p>Les implanteurs d\u2019\u00e9glises qui prient pour&nbsp;les malades et annoncent la Parole de Dieu selon les directives de l\u2019Esprit conduisent plus de personnes au Christ que ceux qui ne le font pas. Lorsque l\u2019\u00c9vangile est pr\u00each\u00e9\/ annonc\u00e9 avec puissance (d\u00e9montr\u00e9e par la gu\u00e9rison des malades, le r\u00e9tablissement de la sant\u00e9 mentale, la lib\u00e9ration de la peur des mauvais esprits et le sentiment de la pr\u00e9sence de Dieu), les gens sont motiv\u00e9s pour croire en l\u2019\u00c9vangile.<\/p>\n<p>C\u2019est diff\u00e9rent de ce que font certains \u201a\u00c4\u00f2faiseurs de miracles\u2019 \u00e0 la t\u00e9l\u00e9vision. La MKC n\u2019organise pas de r\u00e9unions de gu\u00e9rison, mais des \u00e9v\u00e9nements pour pr\u00eacher la parole de Dieu. L\u00e0, le Saint-Esprit fait les choses selon la volont\u00e9 de Dieu.<\/p>\n<p>Les implanteurs d\u2019\u00e9glise ne se concentrent pas sur les miracles, mais sur le fait d\u2019aider chacun \u00e0 comprendre l\u2019\u00c9vangile. Les miracles se produisent lorsqu\u2019ils prient pour les besoins. Dieu confirme la puissance de l\u2019\u00c9vangile en lib\u00e9rant les gens de tout ce qui les emp\u00eache de conna\u00eetre le plan de Dieu pour leur vie.<\/p>\n<p>En conclusion, Dieu attire de mani\u00e8re unique les hommes et les femmes dans son Royaume au sein d\u2019intenses bouleversements politiques, sociaux et \u00e9conomiques dans le pays.<\/p>\n<p>La croissance de l\u2019\u00c9glise Meserete Kristos montre que les conditions sur terre n\u2019emp\u00eachent pas l\u2019expansion du Royaume de Dieu. L\u2019ampleur et la profondeur des probl\u00e8mes dans notre contexte auraient pu d\u00e9truire l\u2019\u00c9glise. Les forces du mal qui tentent de cr\u00e9er des obstacles \u00e0 l\u2019\u00e9vangile sur terre n\u2019ont pas r\u00e9ussi. Notre Dieu qui est sage a utilis\u00e9 les nombreuses souffrances pour conduire des multitudes vers son Royaume.<\/p>\n<p>Dieu fait son \u0153uvre. Nous, les enfants de Dieu, devons apporter l\u2019\u00c9vangile \u00e0 tous. Nous pouvons participer \u00e0 la grande mission de J\u00e9sus-Christ en donnant notre argent, notre travail, nos connaissances, notre temps, nos talents, et tout ce que nous avons, et en faire une priorit\u00e9.<\/p>\n<p>La principale raison de la croissance de la MKC est que nous avons fait de l\u2019appel missionnaire notre priorit\u00e9 absolue et que nous donnons ce que nous avons pour cette cause. .<\/p>\n<p><span style=\"font-size:10px\">Notes<br \/>\n1. MKC Constitution Part II, Article 11(2), 2022<br \/>\n2. MKC Constitution Part II, Article 10(1), 2022, page 8.<br \/>\n3. MKC Strategic Plan 2022-2026.<\/span><\/p>\n<hr>\n<p><a href=\"https:\/\/mwc-cmm.org\/fr\/resources\/courrier-2024-392-3\"><img decoding=\"async\" alt=\"Courrier 39.2&amp;#\" height=\"75\" data-src=\"\/sites\/default\/files\/website_files_2020\/fr_2.jpg\" style=\"--smush-placeholder-width: 825px; --smush-placeholder-aspect-ratio: 825\/75;float:left\" width=\"825\" src=\"data:image\/svg+xml;base64,PHN2ZyB3aWR0aD0iMSIgaGVpZ2h0PSIxIiB4bWxucz0iaHR0cDovL3d3dy53My5vcmcvMjAwMC9zdmciPjwvc3ZnPg==\" class=\"lazyload\"><\/a><\/p>\n","protected":false},"excerpt":{"rendered":"<p>Pourquoi l\u2019\u00c9glise Meserete Kristos est-elle l\u2019\u00c9glise mennonite qui conna\u00eet la plus forte croissance ? L\u2019\u00c9thiopie est une nation multiethnique, multireligieuse et multilingue de plus de 120 millions d\u2019habitants, soit le deuxi\u00e8me pays le plus peupl\u00e9 d\u2019Afrique. Situ\u00e9e au nord-est de l\u2019Afrique, l\u2019\u00c9thiopie est un pays enclav\u00e9. Les puissances europ\u00e9ennes n\u2019ont pas colonis\u00e9 l\u2019\u00c9thiopie. Cependant, des [&hellip;]<\/p>\n","protected":false},"author":1,"featured_media":98440,"comment_status":"closed","ping_status":"closed","sticky":false,"template":"","format":"standard","meta":{"_acf_changed":false,"footnotes":""},"categories":[7],"tags":[],"network":[1307],"eventcategory":[],"class_list":["post-10663","post","type-post","status-publish","format-standard","has-post-thumbnail","hentry","category-non-classifiee","network-courier-fr"],"acf":[],"yoast_head":"<!-- This site is optimized with the Yoast SEO plugin v27.2 - https:\/\/yoast.com\/product\/yoast-seo-wordpress\/ -->\n<title>Parler de ce que l\u2019on a d\u00e9couvert - Mennonite World Conference<\/title>\n<meta name=\"robots\" content=\"index, follow, max-snippet:-1, max-image-preview:large, max-video-preview:-1\" \/>\n<link rel=\"canonical\" href=\"https:\/\/mwc-cmm.org\/fr\/stories\/parler-de-ce-que-lon-decouvert\/\" \/>\n<meta property=\"og:locale\" content=\"fr_FR\" \/>\n<meta property=\"og:type\" content=\"article\" \/>\n<meta property=\"og:title\" content=\"Parler de ce que l\u2019on a d\u00e9couvert - Mennonite World Conference\" \/>\n<meta property=\"og:description\" content=\"Pourquoi l\u2019\u00c9glise Meserete Kristos est-elle l\u2019\u00c9glise mennonite qui conna\u00eet la plus forte croissance ? L\u2019\u00c9thiopie est une nation multiethnique, multireligieuse et multilingue de plus de 120 millions d\u2019habitants, soit le deuxi\u00e8me pays le plus peupl\u00e9 d\u2019Afrique. Situ\u00e9e au nord-est de l\u2019Afrique, l\u2019\u00c9thiopie est un pays enclav\u00e9. Les puissances europ\u00e9ennes n\u2019ont pas colonis\u00e9 l\u2019\u00c9thiopie. Cependant, des [&hellip;]\" \/>\n<meta property=\"og:url\" content=\"https:\/\/mwc-cmm.org\/fr\/stories\/parler-de-ce-que-lon-decouvert\/\" \/>\n<meta property=\"og:site_name\" content=\"Mennonite World Conference\" \/>\n<meta property=\"article:publisher\" content=\"https:\/\/www.facebook.com\/MennoniteWorldConference\" \/>\n<meta property=\"article:published_time\" content=\"2024-08-27T00:00:00+00:00\" \/>\n<meta property=\"article:modified_time\" content=\"2024-12-10T17:21:18+00:00\" \/>\n<meta property=\"og:image\" content=\"https:\/\/mwc-cmm.org\/wp-content\/uploads\/2024\/11\/henk_stenvers_20240114_110725-scaled.jpg\" \/>\n\t<meta property=\"og:image:width\" content=\"2560\" \/>\n\t<meta property=\"og:image:height\" content=\"1920\" \/>\n\t<meta property=\"og:image:type\" content=\"image\/jpeg\" \/>\n<meta name=\"author\" content=\"mennworldcon\" \/>\n<script type=\"application\/ld+json\" class=\"yoast-schema-graph\">{\"@context\":\"https:\/\/schema.org\",\"@graph\":[{\"@type\":\"Article\",\"@id\":\"https:\/\/mwc-cmm.org\/fr\/stories\/parler-de-ce-que-lon-decouvert\/#article\",\"isPartOf\":{\"@id\":\"https:\/\/mwc-cmm.org\/fr\/stories\/parler-de-ce-que-lon-decouvert\/\"},\"author\":{\"name\":\"mennworldcon\",\"@id\":\"https:\/\/mwc-cmm.org\/en\/#\/schema\/person\/11f6ae0d7d1868ba20a1cc27f067c836\"},\"headline\":\"Parler de ce que l\u2019on a d\u00e9couvert\",\"datePublished\":\"2024-08-27T00:00:00+00:00\",\"dateModified\":\"2024-12-10T17:21:18+00:00\",\"mainEntityOfPage\":{\"@id\":\"https:\/\/mwc-cmm.org\/fr\/stories\/parler-de-ce-que-lon-decouvert\/\"},\"wordCount\":3936,\"publisher\":{\"@id\":\"https:\/\/mwc-cmm.org\/en\/#organization\"},\"image\":{\"@id\":\"https:\/\/mwc-cmm.org\/fr\/stories\/parler-de-ce-que-lon-decouvert\/#primaryimage\"},\"thumbnailUrl\":\"https:\/\/mwc-cmm.org\/wp-content\/uploads\/2024\/11\/henk_stenvers_20240114_110725-scaled.jpg\",\"articleSection\":[\"Non classifi\u00e9(e)\"],\"inLanguage\":\"fr-FR\"},{\"@type\":\"WebPage\",\"@id\":\"https:\/\/mwc-cmm.org\/fr\/stories\/parler-de-ce-que-lon-decouvert\/\",\"url\":\"https:\/\/mwc-cmm.org\/fr\/stories\/parler-de-ce-que-lon-decouvert\/\",\"name\":\"Parler de ce que l\u2019on a d\u00e9couvert - Mennonite World Conference\",\"isPartOf\":{\"@id\":\"https:\/\/mwc-cmm.org\/en\/#website\"},\"primaryImageOfPage\":{\"@id\":\"https:\/\/mwc-cmm.org\/fr\/stories\/parler-de-ce-que-lon-decouvert\/#primaryimage\"},\"image\":{\"@id\":\"https:\/\/mwc-cmm.org\/fr\/stories\/parler-de-ce-que-lon-decouvert\/#primaryimage\"},\"thumbnailUrl\":\"https:\/\/mwc-cmm.org\/wp-content\/uploads\/2024\/11\/henk_stenvers_20240114_110725-scaled.jpg\",\"datePublished\":\"2024-08-27T00:00:00+00:00\",\"dateModified\":\"2024-12-10T17:21:18+00:00\",\"breadcrumb\":{\"@id\":\"https:\/\/mwc-cmm.org\/fr\/stories\/parler-de-ce-que-lon-decouvert\/#breadcrumb\"},\"inLanguage\":\"fr-FR\",\"potentialAction\":[{\"@type\":\"ReadAction\",\"target\":[\"https:\/\/mwc-cmm.org\/fr\/stories\/parler-de-ce-que-lon-decouvert\/\"]}]},{\"@type\":\"ImageObject\",\"inLanguage\":\"fr-FR\",\"@id\":\"https:\/\/mwc-cmm.org\/fr\/stories\/parler-de-ce-que-lon-decouvert\/#primaryimage\",\"url\":\"https:\/\/mwc-cmm.org\/wp-content\/uploads\/2024\/11\/henk_stenvers_20240114_110725-scaled.jpg\",\"contentUrl\":\"https:\/\/mwc-cmm.org\/wp-content\/uploads\/2024\/11\/henk_stenvers_20240114_110725-scaled.jpg\",\"width\":2560,\"height\":1920},{\"@type\":\"BreadcrumbList\",\"@id\":\"https:\/\/mwc-cmm.org\/fr\/stories\/parler-de-ce-que-lon-decouvert\/#breadcrumb\",\"itemListElement\":[{\"@type\":\"ListItem\",\"position\":1,\"name\":\"Home\",\"item\":\"https:\/\/mwc-cmm.org\/fr\/\"},{\"@type\":\"ListItem\",\"position\":2,\"name\":\"Parler de ce que l\u2019on a d\u00e9couvert\"}]},{\"@type\":\"WebSite\",\"@id\":\"https:\/\/mwc-cmm.org\/en\/#website\",\"url\":\"https:\/\/mwc-cmm.org\/en\/\",\"name\":\"Mennonite World Conference\",\"description\":\"A communion of Anabaptist-related churches\",\"publisher\":{\"@id\":\"https:\/\/mwc-cmm.org\/en\/#organization\"},\"alternateName\":\"MWC\",\"potentialAction\":[{\"@type\":\"SearchAction\",\"target\":{\"@type\":\"EntryPoint\",\"urlTemplate\":\"https:\/\/mwc-cmm.org\/en\/?s={search_term_string}\"},\"query-input\":{\"@type\":\"PropertyValueSpecification\",\"valueRequired\":true,\"valueName\":\"search_term_string\"}}],\"inLanguage\":\"fr-FR\"},{\"@type\":\"Organization\",\"@id\":\"https:\/\/mwc-cmm.org\/en\/#organization\",\"name\":\"Mennonite World Conference\",\"alternateName\":\"MWC\",\"url\":\"https:\/\/mwc-cmm.org\/en\/\",\"logo\":{\"@type\":\"ImageObject\",\"inLanguage\":\"fr-FR\",\"@id\":\"https:\/\/mwc-cmm.org\/en\/#\/schema\/logo\/image\/\",\"url\":\"https:\/\/mwc-cmm.org\/wp-content\/uploads\/2026\/01\/MWC_Sig_Blue_Horiz_webheader1-logo.svg\",\"contentUrl\":\"https:\/\/mwc-cmm.org\/wp-content\/uploads\/2026\/01\/MWC_Sig_Blue_Horiz_webheader1-logo.svg\",\"width\":786,\"height\":82,\"caption\":\"Mennonite World Conference\"},\"image\":{\"@id\":\"https:\/\/mwc-cmm.org\/en\/#\/schema\/logo\/image\/\"},\"sameAs\":[\"https:\/\/www.facebook.com\/MennoniteWorldConference\",\"https:\/\/www.linkedin.com\/company\/mennonite-world-conference-mwc\/\",\"https:\/\/www.instagram.com\/mwcmm\/\",\"https:\/\/www.youtube.com\/user\/mwccmm\",\"https:\/\/bsky.app\/profile\/mwcmm.bsky.social\"]},{\"@type\":\"Person\",\"@id\":\"https:\/\/mwc-cmm.org\/en\/#\/schema\/person\/11f6ae0d7d1868ba20a1cc27f067c836\",\"name\":\"mennworldcon\",\"image\":{\"@type\":\"ImageObject\",\"inLanguage\":\"fr-FR\",\"@id\":\"https:\/\/secure.gravatar.com\/avatar\/06fdc0dc81c157dfdb82ec42f252178a22307808988d22c043f9eb96f1e0fe80?s=96&d=mm&r=g\",\"url\":\"https:\/\/secure.gravatar.com\/avatar\/06fdc0dc81c157dfdb82ec42f252178a22307808988d22c043f9eb96f1e0fe80?s=96&d=mm&r=g\",\"contentUrl\":\"https:\/\/secure.gravatar.com\/avatar\/06fdc0dc81c157dfdb82ec42f252178a22307808988d22c043f9eb96f1e0fe80?s=96&d=mm&r=g\",\"caption\":\"mennworldcon\"},\"sameAs\":[\"https:\/\/mwc-cmm.org\"],\"url\":\"https:\/\/mwc-cmm.org\/fr\/stories\/author\/mennworldcon\/\"}]}<\/script>\n<!-- \/ Yoast SEO plugin. -->","yoast_head_json":{"title":"Parler de ce que l\u2019on a d\u00e9couvert - Mennonite World Conference","robots":{"index":"index","follow":"follow","max-snippet":"max-snippet:-1","max-image-preview":"max-image-preview:large","max-video-preview":"max-video-preview:-1"},"canonical":"https:\/\/mwc-cmm.org\/fr\/stories\/parler-de-ce-que-lon-decouvert\/","og_locale":"fr_FR","og_type":"article","og_title":"Parler de ce que l\u2019on a d\u00e9couvert - Mennonite World Conference","og_description":"Pourquoi l\u2019\u00c9glise Meserete Kristos est-elle l\u2019\u00c9glise mennonite qui conna\u00eet la plus forte croissance ? L\u2019\u00c9thiopie est une nation multiethnique, multireligieuse et multilingue de plus de 120 millions d\u2019habitants, soit le deuxi\u00e8me pays le plus peupl\u00e9 d\u2019Afrique. Situ\u00e9e au nord-est de l\u2019Afrique, l\u2019\u00c9thiopie est un pays enclav\u00e9. Les puissances europ\u00e9ennes n\u2019ont pas colonis\u00e9 l\u2019\u00c9thiopie. Cependant, des [&hellip;]","og_url":"https:\/\/mwc-cmm.org\/fr\/stories\/parler-de-ce-que-lon-decouvert\/","og_site_name":"Mennonite World Conference","article_publisher":"https:\/\/www.facebook.com\/MennoniteWorldConference","article_published_time":"2024-08-27T00:00:00+00:00","article_modified_time":"2024-12-10T17:21:18+00:00","og_image":[{"width":2560,"height":1920,"url":"https:\/\/mwc-cmm.org\/wp-content\/uploads\/2024\/11\/henk_stenvers_20240114_110725-scaled.jpg","type":"image\/jpeg"}],"author":"mennworldcon","schema":{"@context":"https:\/\/schema.org","@graph":[{"@type":"Article","@id":"https:\/\/mwc-cmm.org\/fr\/stories\/parler-de-ce-que-lon-decouvert\/#article","isPartOf":{"@id":"https:\/\/mwc-cmm.org\/fr\/stories\/parler-de-ce-que-lon-decouvert\/"},"author":{"name":"mennworldcon","@id":"https:\/\/mwc-cmm.org\/en\/#\/schema\/person\/11f6ae0d7d1868ba20a1cc27f067c836"},"headline":"Parler de ce que l\u2019on a d\u00e9couvert","datePublished":"2024-08-27T00:00:00+00:00","dateModified":"2024-12-10T17:21:18+00:00","mainEntityOfPage":{"@id":"https:\/\/mwc-cmm.org\/fr\/stories\/parler-de-ce-que-lon-decouvert\/"},"wordCount":3936,"publisher":{"@id":"https:\/\/mwc-cmm.org\/en\/#organization"},"image":{"@id":"https:\/\/mwc-cmm.org\/fr\/stories\/parler-de-ce-que-lon-decouvert\/#primaryimage"},"thumbnailUrl":"https:\/\/mwc-cmm.org\/wp-content\/uploads\/2024\/11\/henk_stenvers_20240114_110725-scaled.jpg","articleSection":["Non classifi\u00e9(e)"],"inLanguage":"fr-FR"},{"@type":"WebPage","@id":"https:\/\/mwc-cmm.org\/fr\/stories\/parler-de-ce-que-lon-decouvert\/","url":"https:\/\/mwc-cmm.org\/fr\/stories\/parler-de-ce-que-lon-decouvert\/","name":"Parler de ce que l\u2019on a d\u00e9couvert - Mennonite World Conference","isPartOf":{"@id":"https:\/\/mwc-cmm.org\/en\/#website"},"primaryImageOfPage":{"@id":"https:\/\/mwc-cmm.org\/fr\/stories\/parler-de-ce-que-lon-decouvert\/#primaryimage"},"image":{"@id":"https:\/\/mwc-cmm.org\/fr\/stories\/parler-de-ce-que-lon-decouvert\/#primaryimage"},"thumbnailUrl":"https:\/\/mwc-cmm.org\/wp-content\/uploads\/2024\/11\/henk_stenvers_20240114_110725-scaled.jpg","datePublished":"2024-08-27T00:00:00+00:00","dateModified":"2024-12-10T17:21:18+00:00","breadcrumb":{"@id":"https:\/\/mwc-cmm.org\/fr\/stories\/parler-de-ce-que-lon-decouvert\/#breadcrumb"},"inLanguage":"fr-FR","potentialAction":[{"@type":"ReadAction","target":["https:\/\/mwc-cmm.org\/fr\/stories\/parler-de-ce-que-lon-decouvert\/"]}]},{"@type":"ImageObject","inLanguage":"fr-FR","@id":"https:\/\/mwc-cmm.org\/fr\/stories\/parler-de-ce-que-lon-decouvert\/#primaryimage","url":"https:\/\/mwc-cmm.org\/wp-content\/uploads\/2024\/11\/henk_stenvers_20240114_110725-scaled.jpg","contentUrl":"https:\/\/mwc-cmm.org\/wp-content\/uploads\/2024\/11\/henk_stenvers_20240114_110725-scaled.jpg","width":2560,"height":1920},{"@type":"BreadcrumbList","@id":"https:\/\/mwc-cmm.org\/fr\/stories\/parler-de-ce-que-lon-decouvert\/#breadcrumb","itemListElement":[{"@type":"ListItem","position":1,"name":"Home","item":"https:\/\/mwc-cmm.org\/fr\/"},{"@type":"ListItem","position":2,"name":"Parler de ce que l\u2019on a d\u00e9couvert"}]},{"@type":"WebSite","@id":"https:\/\/mwc-cmm.org\/en\/#website","url":"https:\/\/mwc-cmm.org\/en\/","name":"Mennonite World Conference","description":"A communion of Anabaptist-related churches","publisher":{"@id":"https:\/\/mwc-cmm.org\/en\/#organization"},"alternateName":"MWC","potentialAction":[{"@type":"SearchAction","target":{"@type":"EntryPoint","urlTemplate":"https:\/\/mwc-cmm.org\/en\/?s={search_term_string}"},"query-input":{"@type":"PropertyValueSpecification","valueRequired":true,"valueName":"search_term_string"}}],"inLanguage":"fr-FR"},{"@type":"Organization","@id":"https:\/\/mwc-cmm.org\/en\/#organization","name":"Mennonite World Conference","alternateName":"MWC","url":"https:\/\/mwc-cmm.org\/en\/","logo":{"@type":"ImageObject","inLanguage":"fr-FR","@id":"https:\/\/mwc-cmm.org\/en\/#\/schema\/logo\/image\/","url":"https:\/\/mwc-cmm.org\/wp-content\/uploads\/2026\/01\/MWC_Sig_Blue_Horiz_webheader1-logo.svg","contentUrl":"https:\/\/mwc-cmm.org\/wp-content\/uploads\/2026\/01\/MWC_Sig_Blue_Horiz_webheader1-logo.svg","width":786,"height":82,"caption":"Mennonite World Conference"},"image":{"@id":"https:\/\/mwc-cmm.org\/en\/#\/schema\/logo\/image\/"},"sameAs":["https:\/\/www.facebook.com\/MennoniteWorldConference","https:\/\/www.linkedin.com\/company\/mennonite-world-conference-mwc\/","https:\/\/www.instagram.com\/mwcmm\/","https:\/\/www.youtube.com\/user\/mwccmm","https:\/\/bsky.app\/profile\/mwcmm.bsky.social"]},{"@type":"Person","@id":"https:\/\/mwc-cmm.org\/en\/#\/schema\/person\/11f6ae0d7d1868ba20a1cc27f067c836","name":"mennworldcon","image":{"@type":"ImageObject","inLanguage":"fr-FR","@id":"https:\/\/secure.gravatar.com\/avatar\/06fdc0dc81c157dfdb82ec42f252178a22307808988d22c043f9eb96f1e0fe80?s=96&d=mm&r=g","url":"https:\/\/secure.gravatar.com\/avatar\/06fdc0dc81c157dfdb82ec42f252178a22307808988d22c043f9eb96f1e0fe80?s=96&d=mm&r=g","contentUrl":"https:\/\/secure.gravatar.com\/avatar\/06fdc0dc81c157dfdb82ec42f252178a22307808988d22c043f9eb96f1e0fe80?s=96&d=mm&r=g","caption":"mennworldcon"},"sameAs":["https:\/\/mwc-cmm.org"],"url":"https:\/\/mwc-cmm.org\/fr\/stories\/author\/mennworldcon\/"}]}},"_links":{"self":[{"href":"https:\/\/mwc-cmm.org\/fr\/wp-json\/wp\/v2\/posts\/10663","targetHints":{"allow":["GET"]}}],"collection":[{"href":"https:\/\/mwc-cmm.org\/fr\/wp-json\/wp\/v2\/posts"}],"about":[{"href":"https:\/\/mwc-cmm.org\/fr\/wp-json\/wp\/v2\/types\/post"}],"author":[{"embeddable":true,"href":"https:\/\/mwc-cmm.org\/fr\/wp-json\/wp\/v2\/users\/1"}],"replies":[{"embeddable":true,"href":"https:\/\/mwc-cmm.org\/fr\/wp-json\/wp\/v2\/comments?post=10663"}],"version-history":[{"count":0,"href":"https:\/\/mwc-cmm.org\/fr\/wp-json\/wp\/v2\/posts\/10663\/revisions"}],"wp:featuredmedia":[{"embeddable":true,"href":"https:\/\/mwc-cmm.org\/fr\/wp-json\/wp\/v2\/media\/98440"}],"wp:attachment":[{"href":"https:\/\/mwc-cmm.org\/fr\/wp-json\/wp\/v2\/media?parent=10663"}],"wp:term":[{"taxonomy":"category","embeddable":true,"href":"https:\/\/mwc-cmm.org\/fr\/wp-json\/wp\/v2\/categories?post=10663"},{"taxonomy":"post_tag","embeddable":true,"href":"https:\/\/mwc-cmm.org\/fr\/wp-json\/wp\/v2\/tags?post=10663"},{"taxonomy":"network","embeddable":true,"href":"https:\/\/mwc-cmm.org\/fr\/wp-json\/wp\/v2\/network?post=10663"},{"taxonomy":"eventcategory","embeddable":true,"href":"https:\/\/mwc-cmm.org\/fr\/wp-json\/wp\/v2\/eventcategory?post=10663"}],"curies":[{"name":"wp","href":"https:\/\/api.w.org\/{rel}","templated":true}]}}