{"id":10662,"date":"2024-08-21T00:00:00","date_gmt":"2024-08-21T00:00:00","guid":{"rendered":"https:\/\/mwc-cmm.org\/new-staff-build-on-foundation-3\/"},"modified":"2024-12-10T17:21:18","modified_gmt":"2024-12-10T17:21:18","slug":"le-nouveau-personnel-construit-sur-les-fondations","status":"publish","type":"post","link":"https:\/\/mwc-cmm.org\/fr\/stories\/le-nouveau-personnel-construit-sur-les-fondations\/","title":{"rendered":"Le nouveau personnel construit sur les fondations"},"content":{"rendered":"<p>La Conf\u00e9rence Mennonite Mondiale vit l\u2019unit\u00e9 \u00e0 travers les relations. Il y a eu quelques nouveaux visages qui aident \u00e0 d\u00e9velopper ces relations, par le biais des repr\u00e9sentants r\u00e9gionaux et de la communication.&nbsp;&nbsp;<\/p>\n<h3>Coordinatrice des repr\u00e9sentants r\u00e9gionaux.&nbsp;<\/h3>\n<p>Janet Plenert a accept\u00e9 le r\u00f4le de <a href=\"https:\/\/mwc-cmm.org\/fr\/les-representants-regionaux-de-la-cmm\">coordinatrice des repr\u00e9sentants <\/a>r\u00e9gionaux \u00e0 mi-temps \u00e0 compter de juillet 2024. Responsable mondiale exp\u00e9riment\u00e9e, Janet Plenert a fait partie du comit\u00e9 de coordination de la Fraternit\u00e9 Missionnaire Mondiale (GMF) de la CMM de 2003 \u00e0 2009, a \u00e9t\u00e9 pr\u00e9sidente de la GMF de 2006 \u00e0 2009, vice-pr\u00e9sidente de la CMM de 2009 \u00e0 2015, et depuis 2020, elle fait partie d\u2019une \u00e9quipe de consultants en d\u00e9veloppement du b\u00e9n\u00e9volat pour la CMM.&nbsp;&nbsp;<\/p>\n<p>Au service du Comit\u00e9 central mennonite et de l\u2019\u00c9glise mennonite, elle a v\u00e9cu en R\u00e9publique d\u00e9mocratique du Congo, au Br\u00e9sil et en Bolivie.&nbsp;<\/p>\n<p>\u00ab&nbsp;J\u2019\u00e9prouve de la joie \u00e0 apprendre \u00e0 conna\u00eetre les gens par-del\u00e0 les cultures et \u00e0 trouver des moyens de mettre en relation des personnes qui ne trouveraient pas de terrain d\u2019entente autrement&nbsp;\u00bb, dit Janet Plenert. \u00ab&nbsp;Dans le monde divis\u00e9 et m\u00e9fiant d\u2019aujourd\u2019hui, servir l\u2019\u00c9glise mondiale me donne l\u2019espoir que l\u2019\u00c9glise se l\u00e8vera et sera la pr\u00e9sence f\u00e9d\u00e9ratrice et pacificatrice que Dieu d\u00e9sire. En tant qu\u2019anabaptistes, nous devons montrer la voie en vivant dans l\u2019unit\u00e9 et en construisant la paix pendant que nous suivons J\u00e9sus individuellement (et ensemble)&nbsp;\u00bb.&nbsp;<\/p>\n<p>Apr\u00e8s 12&nbsp;ans de travail avec la Conf\u00e9rence mennonite mondiale, Arli Klassen a pris sa retraite. En juillet 2015, elle a commenc\u00e9 \u00e0 diriger les repr\u00e9sentants r\u00e9gionaux de la CMM en tant que coordinatrice, et ce jusqu\u2019en juin 2024. Elle a \u00e9galement \u00e9t\u00e9 responsable du d\u00e9veloppement de la CMM d\u2019octobre 2012 \u00e0 janvier 2020.&nbsp;&nbsp;<\/p>\n<p>\u00ab&nbsp;Ce n\u2019est que lorsque nous sommes en contact les uns avec les autres en tant que fr\u00e8res et s\u0153urs anabaptistes dans le monde que nous pouvons ressentir et grandir dans notre propre compr\u00e9hension et exp\u00e9rience de l\u2019amour de Dieu&nbsp;\u00bb, dit Arli Klassen. \u00ab&nbsp;C\u2019est ce que je souhaite et esp\u00e8re pour toutes nos \u00c9glises membres dans le monde.&nbsp;<\/p>\n<p>\u00ab&nbsp;Nous sommes extr\u00eamement reconnaissants \u00e0 Arli pour son travail au sein de la CMM au fil des ann\u00e9es. Elle a pos\u00e9 des bases solides pour le minist\u00e8re de nos repr\u00e9sentants r\u00e9gionaux. Janet va maintenant apporter son expertise et son exp\u00e9rience. Nous sommes convaincus que les repr\u00e9sentants r\u00e9gionaux feront progresser leur service \u00e0 l\u2019\u00c9glise mondiale&nbsp;\u00bb, dit C\u00e9sar Garc\u00eda, secr\u00e9taire g\u00e9n\u00e9ral de la CMM.&nbsp;<\/p>\n<h3>Service de la communication&nbsp;&nbsp;<\/h3>\n<p>En juillet 2024, la CMM a \u00e9galement retrouv\u00e9 Kristina Toews en tant que responsable de la communication, apr\u00e8s son cong\u00e9 maternit\u00e9. Elina Ciptadi, qui \u00e9tait responsable de la communication par int\u00e9rim, a pris un r\u00f4le temporaire de coordinatrice de projet, au sein de l\u2019\u00e9quipe de la communication. Elle coordonne les projets sp\u00e9cifiques en vue de la r\u00e9union du Conseil G\u00e9n\u00e9ral en 2025.&nbsp;<\/p>\n<p>\u00ab&nbsp;Je suis encourag\u00e9e par le travail de l\u2019\u00e9quipe de communication de la CMM qui nous aide \u00e0 vivre l\u2019unit\u00e9 tous ensemble. Je remercie Elina pour la direction qu\u2019elle a donn\u00e9e \u00e0 l\u2019\u00e9quipe de communication l\u2019ann\u00e9e derni\u00e8re et pour son exp\u00e9rience dans la coordination de projets qui continue \u00e0 \u00eatre une b\u00e9n\u00e9diction pour notre travail&nbsp;\u00bb, dit Kristina Toews.&nbsp;<\/p>\n","protected":false},"excerpt":{"rendered":"<p>La Conf\u00e9rence Mennonite Mondiale vit l\u2019unit\u00e9 \u00e0 travers les relations. Il y a eu quelques nouveaux visages qui aident \u00e0 d\u00e9velopper ces relations, par le biais des repr\u00e9sentants r\u00e9gionaux et de la communication.&nbsp;&nbsp; Coordinatrice des repr\u00e9sentants r\u00e9gionaux.&nbsp; Janet Plenert a accept\u00e9 le r\u00f4le de coordinatrice des repr\u00e9sentants r\u00e9gionaux \u00e0 mi-temps \u00e0 compter de juillet 2024. [&hellip;]<\/p>\n","protected":false},"author":1,"featured_media":0,"comment_status":"closed","ping_status":"closed","sticky":false,"template":"","format":"standard","meta":{"_acf_changed":false,"footnotes":""},"categories":[7],"tags":[277,1118],"network":[],"eventcategory":[],"class_list":["post-10662","post","type-post","status-publish","format-standard","hentry","category-non-classifiee","tag-regional-representatives","tag-representants-regionaux"],"acf":[],"yoast_head":"<!-- This site is optimized with the Yoast SEO plugin v27.2 - https:\/\/yoast.com\/product\/yoast-seo-wordpress\/ -->\n<title>Le nouveau personnel construit sur les fondations - Mennonite World Conference<\/title>\n<meta name=\"robots\" content=\"index, follow, max-snippet:-1, max-image-preview:large, max-video-preview:-1\" \/>\n<link rel=\"canonical\" href=\"https:\/\/mwc-cmm.org\/fr\/stories\/le-nouveau-personnel-construit-sur-les-fondations\/\" \/>\n<meta property=\"og:locale\" content=\"fr_FR\" \/>\n<meta property=\"og:type\" content=\"article\" \/>\n<meta property=\"og:title\" content=\"Le nouveau personnel construit sur les fondations - Mennonite World Conference\" \/>\n<meta property=\"og:description\" content=\"La Conf\u00e9rence Mennonite Mondiale vit l\u2019unit\u00e9 \u00e0 travers les relations. Il y a eu quelques nouveaux visages qui aident \u00e0 d\u00e9velopper ces relations, par le biais des repr\u00e9sentants r\u00e9gionaux et de la communication.&nbsp;&nbsp; Coordinatrice des repr\u00e9sentants r\u00e9gionaux.&nbsp; Janet Plenert a accept\u00e9 le r\u00f4le de coordinatrice des repr\u00e9sentants r\u00e9gionaux \u00e0 mi-temps \u00e0 compter de juillet 2024. [&hellip;]\" \/>\n<meta property=\"og:url\" content=\"https:\/\/mwc-cmm.org\/fr\/stories\/le-nouveau-personnel-construit-sur-les-fondations\/\" \/>\n<meta property=\"og:site_name\" content=\"Mennonite World Conference\" \/>\n<meta property=\"article:publisher\" content=\"https:\/\/www.facebook.com\/MennoniteWorldConference\" \/>\n<meta property=\"article:published_time\" content=\"2024-08-21T00:00:00+00:00\" \/>\n<meta property=\"article:modified_time\" content=\"2024-12-10T17:21:18+00:00\" \/>\n<meta property=\"og:image\" content=\"https:\/\/mwc-cmm.org\/wp-content\/uploads\/2024\/11\/new_staff_build_on_foundation.jpg\" \/>\n\t<meta property=\"og:image:width\" content=\"940\" \/>\n\t<meta property=\"og:image:height\" content=\"788\" \/>\n\t<meta property=\"og:image:type\" content=\"image\/jpeg\" \/>\n<meta name=\"author\" content=\"mennworldcon\" \/>\n<script type=\"application\/ld+json\" class=\"yoast-schema-graph\">{\"@context\":\"https:\/\/schema.org\",\"@graph\":[{\"@type\":\"Article\",\"@id\":\"https:\/\/mwc-cmm.org\/fr\/stories\/le-nouveau-personnel-construit-sur-les-fondations\/#article\",\"isPartOf\":{\"@id\":\"https:\/\/mwc-cmm.org\/fr\/stories\/le-nouveau-personnel-construit-sur-les-fondations\/\"},\"author\":{\"name\":\"mennworldcon\",\"@id\":\"https:\/\/mwc-cmm.org\/en\/#\/schema\/person\/11f6ae0d7d1868ba20a1cc27f067c836\"},\"headline\":\"Le nouveau personnel construit sur les fondations\",\"datePublished\":\"2024-08-21T00:00:00+00:00\",\"dateModified\":\"2024-12-10T17:21:18+00:00\",\"mainEntityOfPage\":{\"@id\":\"https:\/\/mwc-cmm.org\/fr\/stories\/le-nouveau-personnel-construit-sur-les-fondations\/\"},\"wordCount\":612,\"publisher\":{\"@id\":\"https:\/\/mwc-cmm.org\/en\/#organization\"},\"keywords\":[\"regional representatives\",\"repr\u00e9sentants r\u00e9gionaux\"],\"articleSection\":[\"Non classifi\u00e9(e)\"],\"inLanguage\":\"fr-FR\"},{\"@type\":\"WebPage\",\"@id\":\"https:\/\/mwc-cmm.org\/fr\/stories\/le-nouveau-personnel-construit-sur-les-fondations\/\",\"url\":\"https:\/\/mwc-cmm.org\/fr\/stories\/le-nouveau-personnel-construit-sur-les-fondations\/\",\"name\":\"Le nouveau personnel construit sur les fondations - Mennonite World Conference\",\"isPartOf\":{\"@id\":\"https:\/\/mwc-cmm.org\/en\/#website\"},\"datePublished\":\"2024-08-21T00:00:00+00:00\",\"dateModified\":\"2024-12-10T17:21:18+00:00\",\"breadcrumb\":{\"@id\":\"https:\/\/mwc-cmm.org\/fr\/stories\/le-nouveau-personnel-construit-sur-les-fondations\/#breadcrumb\"},\"inLanguage\":\"fr-FR\",\"potentialAction\":[{\"@type\":\"ReadAction\",\"target\":[\"https:\/\/mwc-cmm.org\/fr\/stories\/le-nouveau-personnel-construit-sur-les-fondations\/\"]}]},{\"@type\":\"BreadcrumbList\",\"@id\":\"https:\/\/mwc-cmm.org\/fr\/stories\/le-nouveau-personnel-construit-sur-les-fondations\/#breadcrumb\",\"itemListElement\":[{\"@type\":\"ListItem\",\"position\":1,\"name\":\"Home\",\"item\":\"https:\/\/mwc-cmm.org\/fr\/\"},{\"@type\":\"ListItem\",\"position\":2,\"name\":\"Le nouveau personnel construit sur les fondations\"}]},{\"@type\":\"WebSite\",\"@id\":\"https:\/\/mwc-cmm.org\/en\/#website\",\"url\":\"https:\/\/mwc-cmm.org\/en\/\",\"name\":\"Mennonite World Conference\",\"description\":\"A communion of Anabaptist-related churches\",\"publisher\":{\"@id\":\"https:\/\/mwc-cmm.org\/en\/#organization\"},\"alternateName\":\"MWC\",\"potentialAction\":[{\"@type\":\"SearchAction\",\"target\":{\"@type\":\"EntryPoint\",\"urlTemplate\":\"https:\/\/mwc-cmm.org\/en\/?s={search_term_string}\"},\"query-input\":{\"@type\":\"PropertyValueSpecification\",\"valueRequired\":true,\"valueName\":\"search_term_string\"}}],\"inLanguage\":\"fr-FR\"},{\"@type\":\"Organization\",\"@id\":\"https:\/\/mwc-cmm.org\/en\/#organization\",\"name\":\"Mennonite World Conference\",\"alternateName\":\"MWC\",\"url\":\"https:\/\/mwc-cmm.org\/en\/\",\"logo\":{\"@type\":\"ImageObject\",\"inLanguage\":\"fr-FR\",\"@id\":\"https:\/\/mwc-cmm.org\/en\/#\/schema\/logo\/image\/\",\"url\":\"https:\/\/mwc-cmm.org\/wp-content\/uploads\/2026\/01\/MWC_Sig_Blue_Horiz_webheader1-logo.svg\",\"contentUrl\":\"https:\/\/mwc-cmm.org\/wp-content\/uploads\/2026\/01\/MWC_Sig_Blue_Horiz_webheader1-logo.svg\",\"width\":786,\"height\":82,\"caption\":\"Mennonite World Conference\"},\"image\":{\"@id\":\"https:\/\/mwc-cmm.org\/en\/#\/schema\/logo\/image\/\"},\"sameAs\":[\"https:\/\/www.facebook.com\/MennoniteWorldConference\",\"https:\/\/www.linkedin.com\/company\/mennonite-world-conference-mwc\/\",\"https:\/\/www.instagram.com\/mwcmm\/\",\"https:\/\/www.youtube.com\/user\/mwccmm\",\"https:\/\/bsky.app\/profile\/mwcmm.bsky.social\"]},{\"@type\":\"Person\",\"@id\":\"https:\/\/mwc-cmm.org\/en\/#\/schema\/person\/11f6ae0d7d1868ba20a1cc27f067c836\",\"name\":\"mennworldcon\",\"image\":{\"@type\":\"ImageObject\",\"inLanguage\":\"fr-FR\",\"@id\":\"https:\/\/secure.gravatar.com\/avatar\/06fdc0dc81c157dfdb82ec42f252178a22307808988d22c043f9eb96f1e0fe80?s=96&d=mm&r=g\",\"url\":\"https:\/\/secure.gravatar.com\/avatar\/06fdc0dc81c157dfdb82ec42f252178a22307808988d22c043f9eb96f1e0fe80?s=96&d=mm&r=g\",\"contentUrl\":\"https:\/\/secure.gravatar.com\/avatar\/06fdc0dc81c157dfdb82ec42f252178a22307808988d22c043f9eb96f1e0fe80?s=96&d=mm&r=g\",\"caption\":\"mennworldcon\"},\"sameAs\":[\"https:\/\/mwc-cmm.org\"],\"url\":\"https:\/\/mwc-cmm.org\/fr\/stories\/author\/mennworldcon\/\"}]}<\/script>\n<!-- \/ Yoast SEO plugin. -->","yoast_head_json":{"title":"Le nouveau personnel construit sur les fondations - Mennonite World Conference","robots":{"index":"index","follow":"follow","max-snippet":"max-snippet:-1","max-image-preview":"max-image-preview:large","max-video-preview":"max-video-preview:-1"},"canonical":"https:\/\/mwc-cmm.org\/fr\/stories\/le-nouveau-personnel-construit-sur-les-fondations\/","og_locale":"fr_FR","og_type":"article","og_title":"Le nouveau personnel construit sur les fondations - Mennonite World Conference","og_description":"La Conf\u00e9rence Mennonite Mondiale vit l\u2019unit\u00e9 \u00e0 travers les relations. Il y a eu quelques nouveaux visages qui aident \u00e0 d\u00e9velopper ces relations, par le biais des repr\u00e9sentants r\u00e9gionaux et de la communication.&nbsp;&nbsp; Coordinatrice des repr\u00e9sentants r\u00e9gionaux.&nbsp; Janet Plenert a accept\u00e9 le r\u00f4le de coordinatrice des repr\u00e9sentants r\u00e9gionaux \u00e0 mi-temps \u00e0 compter de juillet 2024. [&hellip;]","og_url":"https:\/\/mwc-cmm.org\/fr\/stories\/le-nouveau-personnel-construit-sur-les-fondations\/","og_site_name":"Mennonite World Conference","article_publisher":"https:\/\/www.facebook.com\/MennoniteWorldConference","article_published_time":"2024-08-21T00:00:00+00:00","article_modified_time":"2024-12-10T17:21:18+00:00","og_image":[{"width":940,"height":788,"url":"https:\/\/mwc-cmm.org\/wp-content\/uploads\/2024\/11\/new_staff_build_on_foundation.jpg","type":"image\/jpeg"}],"author":"mennworldcon","schema":{"@context":"https:\/\/schema.org","@graph":[{"@type":"Article","@id":"https:\/\/mwc-cmm.org\/fr\/stories\/le-nouveau-personnel-construit-sur-les-fondations\/#article","isPartOf":{"@id":"https:\/\/mwc-cmm.org\/fr\/stories\/le-nouveau-personnel-construit-sur-les-fondations\/"},"author":{"name":"mennworldcon","@id":"https:\/\/mwc-cmm.org\/en\/#\/schema\/person\/11f6ae0d7d1868ba20a1cc27f067c836"},"headline":"Le nouveau personnel construit sur les fondations","datePublished":"2024-08-21T00:00:00+00:00","dateModified":"2024-12-10T17:21:18+00:00","mainEntityOfPage":{"@id":"https:\/\/mwc-cmm.org\/fr\/stories\/le-nouveau-personnel-construit-sur-les-fondations\/"},"wordCount":612,"publisher":{"@id":"https:\/\/mwc-cmm.org\/en\/#organization"},"keywords":["regional representatives","repr\u00e9sentants r\u00e9gionaux"],"articleSection":["Non classifi\u00e9(e)"],"inLanguage":"fr-FR"},{"@type":"WebPage","@id":"https:\/\/mwc-cmm.org\/fr\/stories\/le-nouveau-personnel-construit-sur-les-fondations\/","url":"https:\/\/mwc-cmm.org\/fr\/stories\/le-nouveau-personnel-construit-sur-les-fondations\/","name":"Le nouveau personnel construit sur les fondations - Mennonite World Conference","isPartOf":{"@id":"https:\/\/mwc-cmm.org\/en\/#website"},"datePublished":"2024-08-21T00:00:00+00:00","dateModified":"2024-12-10T17:21:18+00:00","breadcrumb":{"@id":"https:\/\/mwc-cmm.org\/fr\/stories\/le-nouveau-personnel-construit-sur-les-fondations\/#breadcrumb"},"inLanguage":"fr-FR","potentialAction":[{"@type":"ReadAction","target":["https:\/\/mwc-cmm.org\/fr\/stories\/le-nouveau-personnel-construit-sur-les-fondations\/"]}]},{"@type":"BreadcrumbList","@id":"https:\/\/mwc-cmm.org\/fr\/stories\/le-nouveau-personnel-construit-sur-les-fondations\/#breadcrumb","itemListElement":[{"@type":"ListItem","position":1,"name":"Home","item":"https:\/\/mwc-cmm.org\/fr\/"},{"@type":"ListItem","position":2,"name":"Le nouveau personnel construit sur les fondations"}]},{"@type":"WebSite","@id":"https:\/\/mwc-cmm.org\/en\/#website","url":"https:\/\/mwc-cmm.org\/en\/","name":"Mennonite World Conference","description":"A communion of Anabaptist-related churches","publisher":{"@id":"https:\/\/mwc-cmm.org\/en\/#organization"},"alternateName":"MWC","potentialAction":[{"@type":"SearchAction","target":{"@type":"EntryPoint","urlTemplate":"https:\/\/mwc-cmm.org\/en\/?s={search_term_string}"},"query-input":{"@type":"PropertyValueSpecification","valueRequired":true,"valueName":"search_term_string"}}],"inLanguage":"fr-FR"},{"@type":"Organization","@id":"https:\/\/mwc-cmm.org\/en\/#organization","name":"Mennonite World Conference","alternateName":"MWC","url":"https:\/\/mwc-cmm.org\/en\/","logo":{"@type":"ImageObject","inLanguage":"fr-FR","@id":"https:\/\/mwc-cmm.org\/en\/#\/schema\/logo\/image\/","url":"https:\/\/mwc-cmm.org\/wp-content\/uploads\/2026\/01\/MWC_Sig_Blue_Horiz_webheader1-logo.svg","contentUrl":"https:\/\/mwc-cmm.org\/wp-content\/uploads\/2026\/01\/MWC_Sig_Blue_Horiz_webheader1-logo.svg","width":786,"height":82,"caption":"Mennonite World Conference"},"image":{"@id":"https:\/\/mwc-cmm.org\/en\/#\/schema\/logo\/image\/"},"sameAs":["https:\/\/www.facebook.com\/MennoniteWorldConference","https:\/\/www.linkedin.com\/company\/mennonite-world-conference-mwc\/","https:\/\/www.instagram.com\/mwcmm\/","https:\/\/www.youtube.com\/user\/mwccmm","https:\/\/bsky.app\/profile\/mwcmm.bsky.social"]},{"@type":"Person","@id":"https:\/\/mwc-cmm.org\/en\/#\/schema\/person\/11f6ae0d7d1868ba20a1cc27f067c836","name":"mennworldcon","image":{"@type":"ImageObject","inLanguage":"fr-FR","@id":"https:\/\/secure.gravatar.com\/avatar\/06fdc0dc81c157dfdb82ec42f252178a22307808988d22c043f9eb96f1e0fe80?s=96&d=mm&r=g","url":"https:\/\/secure.gravatar.com\/avatar\/06fdc0dc81c157dfdb82ec42f252178a22307808988d22c043f9eb96f1e0fe80?s=96&d=mm&r=g","contentUrl":"https:\/\/secure.gravatar.com\/avatar\/06fdc0dc81c157dfdb82ec42f252178a22307808988d22c043f9eb96f1e0fe80?s=96&d=mm&r=g","caption":"mennworldcon"},"sameAs":["https:\/\/mwc-cmm.org"],"url":"https:\/\/mwc-cmm.org\/fr\/stories\/author\/mennworldcon\/"}]}},"_links":{"self":[{"href":"https:\/\/mwc-cmm.org\/fr\/wp-json\/wp\/v2\/posts\/10662","targetHints":{"allow":["GET"]}}],"collection":[{"href":"https:\/\/mwc-cmm.org\/fr\/wp-json\/wp\/v2\/posts"}],"about":[{"href":"https:\/\/mwc-cmm.org\/fr\/wp-json\/wp\/v2\/types\/post"}],"author":[{"embeddable":true,"href":"https:\/\/mwc-cmm.org\/fr\/wp-json\/wp\/v2\/users\/1"}],"replies":[{"embeddable":true,"href":"https:\/\/mwc-cmm.org\/fr\/wp-json\/wp\/v2\/comments?post=10662"}],"version-history":[{"count":0,"href":"https:\/\/mwc-cmm.org\/fr\/wp-json\/wp\/v2\/posts\/10662\/revisions"}],"wp:attachment":[{"href":"https:\/\/mwc-cmm.org\/fr\/wp-json\/wp\/v2\/media?parent=10662"}],"wp:term":[{"taxonomy":"category","embeddable":true,"href":"https:\/\/mwc-cmm.org\/fr\/wp-json\/wp\/v2\/categories?post=10662"},{"taxonomy":"post_tag","embeddable":true,"href":"https:\/\/mwc-cmm.org\/fr\/wp-json\/wp\/v2\/tags?post=10662"},{"taxonomy":"network","embeddable":true,"href":"https:\/\/mwc-cmm.org\/fr\/wp-json\/wp\/v2\/network?post=10662"},{"taxonomy":"eventcategory","embeddable":true,"href":"https:\/\/mwc-cmm.org\/fr\/wp-json\/wp\/v2\/eventcategory?post=10662"}],"curies":[{"name":"wp","href":"https:\/\/api.w.org\/{rel}","templated":true}]}}