{"id":10661,"date":"2024-08-22T00:00:00","date_gmt":"2024-08-22T00:00:00","guid":{"rendered":"https:\/\/mwc-cmm.org\/100-years-of-evangelism-in-dr-congo-3\/"},"modified":"2024-12-10T17:21:18","modified_gmt":"2024-12-10T17:21:18","slug":"100-ans-devangelisation-au-rd-congo","status":"publish","type":"post","link":"https:\/\/mwc-cmm.org\/fr\/stories\/100-ans-devangelisation-au-rd-congo\/","title":{"rendered":"100\u202fans d\u2019\u00e9vang\u00e9lisation au RD Congo"},"content":{"rendered":"<p>\u00ab&nbsp;100&nbsp;ans d\u2019\u00e9vang\u00e9lisation au Congo&nbsp;\u00bb. Du 4 au 11&nbsp;ao\u00fbt 2024, la Communaut\u00e9 des \u00c9glises des Fr\u00e8res Mennonites au Congo a c\u00e9l\u00e9br\u00e9 le 100e&nbsp;anniversaire de son union d\u2019\u00e9glises. La c\u00e9l\u00e9bration \u00e0 Kikwit \u2014 deux ans plus tard \u00e0 cause de la pand\u00e9mie \u2014 a \u00e9t\u00e9 marqu\u00e9e par des pr\u00e9dications, des chants, des ch\u0153urs, une conf\u00e9rence de pasteurs, un rallye d\u2019\u00e9vang\u00e9lisation et la pr\u00e9sence d\u2019invit\u00e9s \u0153cum\u00e9niques et internationaux.&nbsp;&nbsp;<\/p>\n<p>L\u2019\u00c9glise membre nationale de la CMM est n\u00e9e en 1922, lorsque l\u2019Am\u00e9ricain Aaron Janzen a lanc\u00e9 une mission pour les Fr\u00e8res mennonites dans la r\u00e9gion de Kikwit en 1922. En 2024, l\u2019\u00c9glise compte 638&nbsp;assembl\u00e9es et 98&nbsp;519&nbsp;membres baptis\u00e9s.&nbsp;&nbsp;<\/p>\n<p>Les principales langues parl\u00e9es par les membres de l\u2019\u00c9glise sont le fran\u00e7ais, le kikongo, le lingala et le swahili.&nbsp;<\/p>\n<table style=\"width:100%\">\n<tbody>\n<tr>\n<td style=\"border-color:rgb(255, 255, 255)\">\n<div style=\"text-align:center\">\n<figure class=\"image\" style=\"display:inline-block\"><img decoding=\"async\" alt=\"\" height=\"400\" data-src=\"https:\/\/mwc-cmm.org\/wp-content\/uploads\/2024\/10\/20240809_130133-scaled.jpg\" width=\"300\" src=\"data:image\/svg+xml;base64,PHN2ZyB3aWR0aD0iMSIgaGVpZ2h0PSIxIiB4bWxucz0iaHR0cDovL3d3dy53My5vcmcvMjAwMC9zdmciPjwvc3ZnPg==\" class=\"lazyload\" style=\"--smush-placeholder-width: 300px; --smush-placeholder-aspect-ratio: 300\/400;\"><figcaption>Le pasteur Londa Charly (premi\u00e8re femme ordonn\u00e9e CEFMC) s\u2019exprime lors de la conf\u00e9rence des pasteurs.<\/figcaption><\/figure>\n<\/p><\/div>\n<\/td>\n<td style=\"border-color:rgb(255, 255, 255)\">\n<div style=\"text-align:center\">\n<figure class=\"image\" style=\"display:inline-block\"><img decoding=\"async\" alt=\"\" height=\"400\" data-src=\"https:\/\/mwc-cmm.org\/wp-content\/uploads\/2024\/10\/20240809_133225-scaled.jpg\" width=\"300\" src=\"data:image\/svg+xml;base64,PHN2ZyB3aWR0aD0iMSIgaGVpZ2h0PSIxIiB4bWxucz0iaHR0cDovL3d3dy53My5vcmcvMjAwMC9zdmciPjwvc3ZnPg==\" class=\"lazyload\" style=\"--smush-placeholder-width: 300px; --smush-placeholder-aspect-ratio: 300\/400;\"><figcaption>Le secr\u00e9taire g\u00e9n\u00e9ral et repr\u00e9sentant l\u00e9gal Antoine Kimbala s\u2019exprime lors de la conf\u00e9rence des pasteurs.&nbsp;<\/figcaption><\/figure>\n<\/p><\/div>\n<\/td>\n<\/tr>\n<tr>\n<td style=\"border-color:rgb(255, 255, 255)\">\n<div style=\"text-align:center\">\n<figure class=\"image\" style=\"display:inline-block\"><img decoding=\"async\" alt=\"\" height=\"300\" data-src=\"https:\/\/mwc-cmm.org\/wp-content\/uploads\/2024\/10\/20240810_130601-scaled.jpg\" width=\"400\" src=\"data:image\/svg+xml;base64,PHN2ZyB3aWR0aD0iMSIgaGVpZ2h0PSIxIiB4bWxucz0iaHR0cDovL3d3dy53My5vcmcvMjAwMC9zdmciPjwvc3ZnPg==\" class=\"lazyload\" style=\"--smush-placeholder-width: 400px; --smush-placeholder-aspect-ratio: 400\/300;\"><figcaption>Des invit\u00e9s d\u2019autres \u00e9glises membres nationales de la CMM participent \u00e0 l\u2019\u00e9v\u00e9nement&nbsp;: Le pasteur Siaka Traor\u00e9, (repr\u00e9sentant r\u00e9gional de la CMM pour l\u2019Afrique de l\u2019Ouest)&nbsp;; le pasteur George Kaputu Nzila, \u00e9vang\u00e9liste CEFMC&nbsp;; le pasteur Jean Felix Cimbalanga, pr\u00e9sident de la CEM (Communaut\u00e9 Evang\u00e9lique Mennonite, RD Congo)&nbsp;; Robert Irundu Mutundu, secr\u00e9taire g\u00e9n\u00e9ral des finances\/administration de la CMCo (Communaut\u00e9 Mennonite au Congo)&nbsp;; Henk Stenvers, pr\u00e9sident de la CMM&nbsp;; le pasteur Daniel Nelson Canganguela, leader de la CMCo (Communaut\u00e9 Mennonite au Congo)&nbsp;; et le pasteur Antoine Kimbala, secr\u00e9taire g\u00e9n\u00e9ral et repr\u00e9sentant l\u00e9gal de la CMM, qui a particip\u00e9 \u00e0 la conf\u00e9rence des pasteurs. Daniel Nelson Canguela, responsable de l\u2019IAIMA (Fr\u00e8res Mennonites en Angola)&nbsp;; Shadreck Kwendanyama, responsable de l\u2019\u00e9glise des Fr\u00e8res Mennonites au Malawi.&nbsp;<\/figcaption><\/figure>\n<\/p><\/div>\n<\/td>\n<td style=\"border-color:rgb(255, 255, 255)\">\n<div style=\"text-align:center\">\n<figure class=\"image\" style=\"display:inline-block\"><img decoding=\"async\" alt=\"\" height=\"300\" data-src=\"https:\/\/mwc-cmm.org\/wp-content\/uploads\/2024\/10\/henk_speaks_at_the_pastors_conference_9-8-24_b.jpg\" width=\"400\" src=\"data:image\/svg+xml;base64,PHN2ZyB3aWR0aD0iMSIgaGVpZ2h0PSIxIiB4bWxucz0iaHR0cDovL3d3dy53My5vcmcvMjAwMC9zdmciPjwvc3ZnPg==\" class=\"lazyload\" style=\"--smush-placeholder-width: 400px; --smush-placeholder-aspect-ratio: 400\/300;\"><figcaption>Henk Stenvers, pr\u00e9sident de la CMM, prend la parole lors de la conf\u00e9rence des pasteurs de deux jours, avec Nzuzi Mukawa comme interpr\u00e8te.&nbsp;<\/figcaption><\/figure>\n<\/p><\/div>\n<\/td>\n<\/tr>\n<\/tbody>\n<\/table>\n<p>&nbsp;<\/p>\n","protected":false},"excerpt":{"rendered":"<p>\u00ab&nbsp;100&nbsp;ans d\u2019\u00e9vang\u00e9lisation au Congo&nbsp;\u00bb. Du 4 au 11&nbsp;ao\u00fbt 2024, la Communaut\u00e9 des \u00c9glises des Fr\u00e8res Mennonites au Congo a c\u00e9l\u00e9br\u00e9 le 100e&nbsp;anniversaire de son union d\u2019\u00e9glises. La c\u00e9l\u00e9bration \u00e0 Kikwit \u2014 deux ans plus tard \u00e0 cause de la pand\u00e9mie \u2014 a \u00e9t\u00e9 marqu\u00e9e par des pr\u00e9dications, des chants, des ch\u0153urs, une conf\u00e9rence de pasteurs, [&hellip;]<\/p>\n","protected":false},"author":1,"featured_media":98412,"comment_status":"closed","ping_status":"closed","sticky":false,"template":"","format":"standard","meta":{"_acf_changed":false,"footnotes":""},"categories":[7],"tags":[464],"network":[],"eventcategory":[],"class_list":["post-10661","post","type-post","status-publish","format-standard","has-post-thumbnail","hentry","category-non-classifiee","tag-dr-congo"],"acf":[],"yoast_head":"<!-- This site is optimized with the Yoast SEO plugin v27.2 - https:\/\/yoast.com\/product\/yoast-seo-wordpress\/ -->\n<title>100\u202fans d\u2019\u00e9vang\u00e9lisation au RD Congo - Mennonite World Conference<\/title>\n<meta name=\"robots\" content=\"index, follow, max-snippet:-1, max-image-preview:large, max-video-preview:-1\" \/>\n<link rel=\"canonical\" href=\"https:\/\/mwc-cmm.org\/fr\/stories\/100-ans-devangelisation-au-rd-congo\/\" \/>\n<meta property=\"og:locale\" content=\"fr_FR\" \/>\n<meta property=\"og:type\" content=\"article\" \/>\n<meta property=\"og:title\" content=\"100\u202fans d\u2019\u00e9vang\u00e9lisation au RD Congo - Mennonite World Conference\" \/>\n<meta property=\"og:description\" content=\"\u00ab&nbsp;100&nbsp;ans d\u2019\u00e9vang\u00e9lisation au Congo&nbsp;\u00bb. Du 4 au 11&nbsp;ao\u00fbt 2024, la Communaut\u00e9 des \u00c9glises des Fr\u00e8res Mennonites au Congo a c\u00e9l\u00e9br\u00e9 le 100e&nbsp;anniversaire de son union d\u2019\u00e9glises. La c\u00e9l\u00e9bration \u00e0 Kikwit \u2014 deux ans plus tard \u00e0 cause de la pand\u00e9mie \u2014 a \u00e9t\u00e9 marqu\u00e9e par des pr\u00e9dications, des chants, des ch\u0153urs, une conf\u00e9rence de pasteurs, [&hellip;]\" \/>\n<meta property=\"og:url\" content=\"https:\/\/mwc-cmm.org\/fr\/stories\/100-ans-devangelisation-au-rd-congo\/\" \/>\n<meta property=\"og:site_name\" content=\"Mennonite World Conference\" \/>\n<meta property=\"article:publisher\" content=\"https:\/\/www.facebook.com\/MennoniteWorldConference\" \/>\n<meta property=\"article:published_time\" content=\"2024-08-22T00:00:00+00:00\" \/>\n<meta property=\"article:modified_time\" content=\"2024-12-10T17:21:18+00:00\" \/>\n<meta property=\"og:image\" content=\"https:\/\/mwc-cmm.org\/wp-content\/uploads\/2024\/11\/cefmc_100.jpg\" \/>\n\t<meta property=\"og:image:width\" content=\"940\" \/>\n\t<meta property=\"og:image:height\" content=\"788\" \/>\n\t<meta property=\"og:image:type\" content=\"image\/jpeg\" \/>\n<meta name=\"author\" content=\"mennworldcon\" \/>\n<script type=\"application\/ld+json\" class=\"yoast-schema-graph\">{\"@context\":\"https:\/\/schema.org\",\"@graph\":[{\"@type\":\"Article\",\"@id\":\"https:\/\/mwc-cmm.org\/fr\/stories\/100-ans-devangelisation-au-rd-congo\/#article\",\"isPartOf\":{\"@id\":\"https:\/\/mwc-cmm.org\/fr\/stories\/100-ans-devangelisation-au-rd-congo\/\"},\"author\":{\"name\":\"mennworldcon\",\"@id\":\"https:\/\/mwc-cmm.org\/en\/#\/schema\/person\/11f6ae0d7d1868ba20a1cc27f067c836\"},\"headline\":\"100\u202fans d\u2019\u00e9vang\u00e9lisation au RD Congo\",\"datePublished\":\"2024-08-22T00:00:00+00:00\",\"dateModified\":\"2024-12-10T17:21:18+00:00\",\"mainEntityOfPage\":{\"@id\":\"https:\/\/mwc-cmm.org\/fr\/stories\/100-ans-devangelisation-au-rd-congo\/\"},\"wordCount\":388,\"publisher\":{\"@id\":\"https:\/\/mwc-cmm.org\/en\/#organization\"},\"image\":{\"@id\":\"https:\/\/mwc-cmm.org\/fr\/stories\/100-ans-devangelisation-au-rd-congo\/#primaryimage\"},\"thumbnailUrl\":\"https:\/\/mwc-cmm.org\/wp-content\/uploads\/2024\/11\/cefmc_100.jpg\",\"keywords\":[\"DR Congo\"],\"articleSection\":[\"Non classifi\u00e9(e)\"],\"inLanguage\":\"fr-FR\"},{\"@type\":\"WebPage\",\"@id\":\"https:\/\/mwc-cmm.org\/fr\/stories\/100-ans-devangelisation-au-rd-congo\/\",\"url\":\"https:\/\/mwc-cmm.org\/fr\/stories\/100-ans-devangelisation-au-rd-congo\/\",\"name\":\"100\u202fans d\u2019\u00e9vang\u00e9lisation au RD Congo - Mennonite World Conference\",\"isPartOf\":{\"@id\":\"https:\/\/mwc-cmm.org\/en\/#website\"},\"primaryImageOfPage\":{\"@id\":\"https:\/\/mwc-cmm.org\/fr\/stories\/100-ans-devangelisation-au-rd-congo\/#primaryimage\"},\"image\":{\"@id\":\"https:\/\/mwc-cmm.org\/fr\/stories\/100-ans-devangelisation-au-rd-congo\/#primaryimage\"},\"thumbnailUrl\":\"https:\/\/mwc-cmm.org\/wp-content\/uploads\/2024\/11\/cefmc_100.jpg\",\"datePublished\":\"2024-08-22T00:00:00+00:00\",\"dateModified\":\"2024-12-10T17:21:18+00:00\",\"breadcrumb\":{\"@id\":\"https:\/\/mwc-cmm.org\/fr\/stories\/100-ans-devangelisation-au-rd-congo\/#breadcrumb\"},\"inLanguage\":\"fr-FR\",\"potentialAction\":[{\"@type\":\"ReadAction\",\"target\":[\"https:\/\/mwc-cmm.org\/fr\/stories\/100-ans-devangelisation-au-rd-congo\/\"]}]},{\"@type\":\"ImageObject\",\"inLanguage\":\"fr-FR\",\"@id\":\"https:\/\/mwc-cmm.org\/fr\/stories\/100-ans-devangelisation-au-rd-congo\/#primaryimage\",\"url\":\"https:\/\/mwc-cmm.org\/wp-content\/uploads\/2024\/11\/cefmc_100.jpg\",\"contentUrl\":\"https:\/\/mwc-cmm.org\/wp-content\/uploads\/2024\/11\/cefmc_100.jpg\",\"width\":940,\"height\":788},{\"@type\":\"BreadcrumbList\",\"@id\":\"https:\/\/mwc-cmm.org\/fr\/stories\/100-ans-devangelisation-au-rd-congo\/#breadcrumb\",\"itemListElement\":[{\"@type\":\"ListItem\",\"position\":1,\"name\":\"Home\",\"item\":\"https:\/\/mwc-cmm.org\/fr\/\"},{\"@type\":\"ListItem\",\"position\":2,\"name\":\"100\u202fans d\u2019\u00e9vang\u00e9lisation au RD Congo\"}]},{\"@type\":\"WebSite\",\"@id\":\"https:\/\/mwc-cmm.org\/en\/#website\",\"url\":\"https:\/\/mwc-cmm.org\/en\/\",\"name\":\"Mennonite World Conference\",\"description\":\"A communion of Anabaptist-related churches\",\"publisher\":{\"@id\":\"https:\/\/mwc-cmm.org\/en\/#organization\"},\"alternateName\":\"MWC\",\"potentialAction\":[{\"@type\":\"SearchAction\",\"target\":{\"@type\":\"EntryPoint\",\"urlTemplate\":\"https:\/\/mwc-cmm.org\/en\/?s={search_term_string}\"},\"query-input\":{\"@type\":\"PropertyValueSpecification\",\"valueRequired\":true,\"valueName\":\"search_term_string\"}}],\"inLanguage\":\"fr-FR\"},{\"@type\":\"Organization\",\"@id\":\"https:\/\/mwc-cmm.org\/en\/#organization\",\"name\":\"Mennonite World Conference\",\"alternateName\":\"MWC\",\"url\":\"https:\/\/mwc-cmm.org\/en\/\",\"logo\":{\"@type\":\"ImageObject\",\"inLanguage\":\"fr-FR\",\"@id\":\"https:\/\/mwc-cmm.org\/en\/#\/schema\/logo\/image\/\",\"url\":\"https:\/\/mwc-cmm.org\/wp-content\/uploads\/2026\/01\/MWC_Sig_Blue_Horiz_webheader1-logo.svg\",\"contentUrl\":\"https:\/\/mwc-cmm.org\/wp-content\/uploads\/2026\/01\/MWC_Sig_Blue_Horiz_webheader1-logo.svg\",\"width\":786,\"height\":82,\"caption\":\"Mennonite World Conference\"},\"image\":{\"@id\":\"https:\/\/mwc-cmm.org\/en\/#\/schema\/logo\/image\/\"},\"sameAs\":[\"https:\/\/www.facebook.com\/MennoniteWorldConference\",\"https:\/\/www.linkedin.com\/company\/mennonite-world-conference-mwc\/\",\"https:\/\/www.instagram.com\/mwcmm\/\",\"https:\/\/www.youtube.com\/user\/mwccmm\",\"https:\/\/bsky.app\/profile\/mwcmm.bsky.social\"]},{\"@type\":\"Person\",\"@id\":\"https:\/\/mwc-cmm.org\/en\/#\/schema\/person\/11f6ae0d7d1868ba20a1cc27f067c836\",\"name\":\"mennworldcon\",\"image\":{\"@type\":\"ImageObject\",\"inLanguage\":\"fr-FR\",\"@id\":\"https:\/\/secure.gravatar.com\/avatar\/06fdc0dc81c157dfdb82ec42f252178a22307808988d22c043f9eb96f1e0fe80?s=96&d=mm&r=g\",\"url\":\"https:\/\/secure.gravatar.com\/avatar\/06fdc0dc81c157dfdb82ec42f252178a22307808988d22c043f9eb96f1e0fe80?s=96&d=mm&r=g\",\"contentUrl\":\"https:\/\/secure.gravatar.com\/avatar\/06fdc0dc81c157dfdb82ec42f252178a22307808988d22c043f9eb96f1e0fe80?s=96&d=mm&r=g\",\"caption\":\"mennworldcon\"},\"sameAs\":[\"https:\/\/mwc-cmm.org\"],\"url\":\"https:\/\/mwc-cmm.org\/fr\/stories\/author\/mennworldcon\/\"}]}<\/script>\n<!-- \/ Yoast SEO plugin. -->","yoast_head_json":{"title":"100\u202fans d\u2019\u00e9vang\u00e9lisation au RD Congo - Mennonite World Conference","robots":{"index":"index","follow":"follow","max-snippet":"max-snippet:-1","max-image-preview":"max-image-preview:large","max-video-preview":"max-video-preview:-1"},"canonical":"https:\/\/mwc-cmm.org\/fr\/stories\/100-ans-devangelisation-au-rd-congo\/","og_locale":"fr_FR","og_type":"article","og_title":"100\u202fans d\u2019\u00e9vang\u00e9lisation au RD Congo - Mennonite World Conference","og_description":"\u00ab&nbsp;100&nbsp;ans d\u2019\u00e9vang\u00e9lisation au Congo&nbsp;\u00bb. Du 4 au 11&nbsp;ao\u00fbt 2024, la Communaut\u00e9 des \u00c9glises des Fr\u00e8res Mennonites au Congo a c\u00e9l\u00e9br\u00e9 le 100e&nbsp;anniversaire de son union d\u2019\u00e9glises. La c\u00e9l\u00e9bration \u00e0 Kikwit \u2014 deux ans plus tard \u00e0 cause de la pand\u00e9mie \u2014 a \u00e9t\u00e9 marqu\u00e9e par des pr\u00e9dications, des chants, des ch\u0153urs, une conf\u00e9rence de pasteurs, [&hellip;]","og_url":"https:\/\/mwc-cmm.org\/fr\/stories\/100-ans-devangelisation-au-rd-congo\/","og_site_name":"Mennonite World Conference","article_publisher":"https:\/\/www.facebook.com\/MennoniteWorldConference","article_published_time":"2024-08-22T00:00:00+00:00","article_modified_time":"2024-12-10T17:21:18+00:00","og_image":[{"width":940,"height":788,"url":"https:\/\/mwc-cmm.org\/wp-content\/uploads\/2024\/11\/cefmc_100.jpg","type":"image\/jpeg"}],"author":"mennworldcon","schema":{"@context":"https:\/\/schema.org","@graph":[{"@type":"Article","@id":"https:\/\/mwc-cmm.org\/fr\/stories\/100-ans-devangelisation-au-rd-congo\/#article","isPartOf":{"@id":"https:\/\/mwc-cmm.org\/fr\/stories\/100-ans-devangelisation-au-rd-congo\/"},"author":{"name":"mennworldcon","@id":"https:\/\/mwc-cmm.org\/en\/#\/schema\/person\/11f6ae0d7d1868ba20a1cc27f067c836"},"headline":"100\u202fans d\u2019\u00e9vang\u00e9lisation au RD Congo","datePublished":"2024-08-22T00:00:00+00:00","dateModified":"2024-12-10T17:21:18+00:00","mainEntityOfPage":{"@id":"https:\/\/mwc-cmm.org\/fr\/stories\/100-ans-devangelisation-au-rd-congo\/"},"wordCount":388,"publisher":{"@id":"https:\/\/mwc-cmm.org\/en\/#organization"},"image":{"@id":"https:\/\/mwc-cmm.org\/fr\/stories\/100-ans-devangelisation-au-rd-congo\/#primaryimage"},"thumbnailUrl":"https:\/\/mwc-cmm.org\/wp-content\/uploads\/2024\/11\/cefmc_100.jpg","keywords":["DR Congo"],"articleSection":["Non classifi\u00e9(e)"],"inLanguage":"fr-FR"},{"@type":"WebPage","@id":"https:\/\/mwc-cmm.org\/fr\/stories\/100-ans-devangelisation-au-rd-congo\/","url":"https:\/\/mwc-cmm.org\/fr\/stories\/100-ans-devangelisation-au-rd-congo\/","name":"100\u202fans d\u2019\u00e9vang\u00e9lisation au RD Congo - Mennonite World Conference","isPartOf":{"@id":"https:\/\/mwc-cmm.org\/en\/#website"},"primaryImageOfPage":{"@id":"https:\/\/mwc-cmm.org\/fr\/stories\/100-ans-devangelisation-au-rd-congo\/#primaryimage"},"image":{"@id":"https:\/\/mwc-cmm.org\/fr\/stories\/100-ans-devangelisation-au-rd-congo\/#primaryimage"},"thumbnailUrl":"https:\/\/mwc-cmm.org\/wp-content\/uploads\/2024\/11\/cefmc_100.jpg","datePublished":"2024-08-22T00:00:00+00:00","dateModified":"2024-12-10T17:21:18+00:00","breadcrumb":{"@id":"https:\/\/mwc-cmm.org\/fr\/stories\/100-ans-devangelisation-au-rd-congo\/#breadcrumb"},"inLanguage":"fr-FR","potentialAction":[{"@type":"ReadAction","target":["https:\/\/mwc-cmm.org\/fr\/stories\/100-ans-devangelisation-au-rd-congo\/"]}]},{"@type":"ImageObject","inLanguage":"fr-FR","@id":"https:\/\/mwc-cmm.org\/fr\/stories\/100-ans-devangelisation-au-rd-congo\/#primaryimage","url":"https:\/\/mwc-cmm.org\/wp-content\/uploads\/2024\/11\/cefmc_100.jpg","contentUrl":"https:\/\/mwc-cmm.org\/wp-content\/uploads\/2024\/11\/cefmc_100.jpg","width":940,"height":788},{"@type":"BreadcrumbList","@id":"https:\/\/mwc-cmm.org\/fr\/stories\/100-ans-devangelisation-au-rd-congo\/#breadcrumb","itemListElement":[{"@type":"ListItem","position":1,"name":"Home","item":"https:\/\/mwc-cmm.org\/fr\/"},{"@type":"ListItem","position":2,"name":"100\u202fans d\u2019\u00e9vang\u00e9lisation au RD Congo"}]},{"@type":"WebSite","@id":"https:\/\/mwc-cmm.org\/en\/#website","url":"https:\/\/mwc-cmm.org\/en\/","name":"Mennonite World Conference","description":"A communion of Anabaptist-related churches","publisher":{"@id":"https:\/\/mwc-cmm.org\/en\/#organization"},"alternateName":"MWC","potentialAction":[{"@type":"SearchAction","target":{"@type":"EntryPoint","urlTemplate":"https:\/\/mwc-cmm.org\/en\/?s={search_term_string}"},"query-input":{"@type":"PropertyValueSpecification","valueRequired":true,"valueName":"search_term_string"}}],"inLanguage":"fr-FR"},{"@type":"Organization","@id":"https:\/\/mwc-cmm.org\/en\/#organization","name":"Mennonite World Conference","alternateName":"MWC","url":"https:\/\/mwc-cmm.org\/en\/","logo":{"@type":"ImageObject","inLanguage":"fr-FR","@id":"https:\/\/mwc-cmm.org\/en\/#\/schema\/logo\/image\/","url":"https:\/\/mwc-cmm.org\/wp-content\/uploads\/2026\/01\/MWC_Sig_Blue_Horiz_webheader1-logo.svg","contentUrl":"https:\/\/mwc-cmm.org\/wp-content\/uploads\/2026\/01\/MWC_Sig_Blue_Horiz_webheader1-logo.svg","width":786,"height":82,"caption":"Mennonite World Conference"},"image":{"@id":"https:\/\/mwc-cmm.org\/en\/#\/schema\/logo\/image\/"},"sameAs":["https:\/\/www.facebook.com\/MennoniteWorldConference","https:\/\/www.linkedin.com\/company\/mennonite-world-conference-mwc\/","https:\/\/www.instagram.com\/mwcmm\/","https:\/\/www.youtube.com\/user\/mwccmm","https:\/\/bsky.app\/profile\/mwcmm.bsky.social"]},{"@type":"Person","@id":"https:\/\/mwc-cmm.org\/en\/#\/schema\/person\/11f6ae0d7d1868ba20a1cc27f067c836","name":"mennworldcon","image":{"@type":"ImageObject","inLanguage":"fr-FR","@id":"https:\/\/secure.gravatar.com\/avatar\/06fdc0dc81c157dfdb82ec42f252178a22307808988d22c043f9eb96f1e0fe80?s=96&d=mm&r=g","url":"https:\/\/secure.gravatar.com\/avatar\/06fdc0dc81c157dfdb82ec42f252178a22307808988d22c043f9eb96f1e0fe80?s=96&d=mm&r=g","contentUrl":"https:\/\/secure.gravatar.com\/avatar\/06fdc0dc81c157dfdb82ec42f252178a22307808988d22c043f9eb96f1e0fe80?s=96&d=mm&r=g","caption":"mennworldcon"},"sameAs":["https:\/\/mwc-cmm.org"],"url":"https:\/\/mwc-cmm.org\/fr\/stories\/author\/mennworldcon\/"}]}},"_links":{"self":[{"href":"https:\/\/mwc-cmm.org\/fr\/wp-json\/wp\/v2\/posts\/10661","targetHints":{"allow":["GET"]}}],"collection":[{"href":"https:\/\/mwc-cmm.org\/fr\/wp-json\/wp\/v2\/posts"}],"about":[{"href":"https:\/\/mwc-cmm.org\/fr\/wp-json\/wp\/v2\/types\/post"}],"author":[{"embeddable":true,"href":"https:\/\/mwc-cmm.org\/fr\/wp-json\/wp\/v2\/users\/1"}],"replies":[{"embeddable":true,"href":"https:\/\/mwc-cmm.org\/fr\/wp-json\/wp\/v2\/comments?post=10661"}],"version-history":[{"count":0,"href":"https:\/\/mwc-cmm.org\/fr\/wp-json\/wp\/v2\/posts\/10661\/revisions"}],"wp:featuredmedia":[{"embeddable":true,"href":"https:\/\/mwc-cmm.org\/fr\/wp-json\/wp\/v2\/media\/98412"}],"wp:attachment":[{"href":"https:\/\/mwc-cmm.org\/fr\/wp-json\/wp\/v2\/media?parent=10661"}],"wp:term":[{"taxonomy":"category","embeddable":true,"href":"https:\/\/mwc-cmm.org\/fr\/wp-json\/wp\/v2\/categories?post=10661"},{"taxonomy":"post_tag","embeddable":true,"href":"https:\/\/mwc-cmm.org\/fr\/wp-json\/wp\/v2\/tags?post=10661"},{"taxonomy":"network","embeddable":true,"href":"https:\/\/mwc-cmm.org\/fr\/wp-json\/wp\/v2\/network?post=10661"},{"taxonomy":"eventcategory","embeddable":true,"href":"https:\/\/mwc-cmm.org\/fr\/wp-json\/wp\/v2\/eventcategory?post=10661"}],"curies":[{"name":"wp","href":"https:\/\/api.w.org\/{rel}","templated":true}]}}