{"id":10639,"date":"2024-05-23T00:00:00","date_gmt":"2024-05-23T00:00:00","guid":{"rendered":"https:\/\/mwc-cmm.org\/renewal-awakening-to-a-global-family-of-faith-3\/"},"modified":"2024-12-10T17:21:08","modified_gmt":"2024-12-10T17:21:08","slug":"renouveau-la-decouverte-dune-famille-mondiale-de-foi","status":"publish","type":"post","link":"https:\/\/mwc-cmm.org\/fr\/stories\/renouveau-la-decouverte-dune-famille-mondiale-de-foi\/","title":{"rendered":"Renouveau\u202f: A la d\u00e9couverte d\u2019une famille mondiale de foi"},"content":{"rendered":"<p>\u00ab&nbsp;Dans la Bible, la transformation est toujours communautaire et non individuelle&nbsp;\u00bb, a d\u00e9clar\u00e9 C\u00e9sar Garc\u00eda lors de<a href=\"https:\/\/mwc-cmm.org\/fr\/node\/148\"> Renouveau 2024<\/a>* \u00e0 Curitiba (Br\u00e9sil). \u00ab&nbsp;Elle n\u00e9cessite un dialogue dans la communaut\u00e9, o\u00f9 la diversit\u00e9 des positions nous permet de corriger les erreurs du pass\u00e9 pour approfondir notre relation avec Dieu dans les ann\u00e9es \u00e0 venir.&nbsp;\u00bb&nbsp;<\/p>\n<p>C\u2019est dans cet esprit de dialogue et d\u2019unit\u00e9 que les membres de trois \u00c9glises nationales anabaptistes-mennonites ont pri\u00e9 ensemble avec des invit\u00e9s internationaux \u00e0 Igreja Evang\u00e9lica Irm\u00e3os Menonitas do Boqueir\u00e3o \u2013 Cruz Verde \u00e0 Curitiba (Br\u00e9sil), le 6&nbsp;avril 2024, lors de l\u2019\u00e9v\u00e9nement Renouveau de la Conf\u00e9rence Mennonite Mondiale.&nbsp;<\/p>\n<p>Il s\u2019est d\u00e9roul\u00e9 \u00e0 la fin de deux jours d\u2019ateliers pour les responsables d\u2019\u00e9glises et les pasteurs des \u00e9glises mennonites du Br\u00e9sil, o\u00f9 ils ont discern\u00e9 ensemble comment continuer \u00e0 travailler encore plus \u00e9troitement ensemble \u00e0 l\u2019avenir.&nbsp;<\/p>\n<p>\u00ab Le Renouveau 2024 de la CMM \u00e0 Curitiba arrive \u00e0 point nomm\u00e9&nbsp;: Le renouveau est toujours bienvenu&nbsp;\u00bb, dit Paul D\u00fcck, repr\u00e9sentant de l\u2019\u00e9glise membre de la CMM COBIM (Conven\u00e7\u00e3o Brasileira das Igrejas Evang\u00e9licas Irm\u00e3os Menonitas).&nbsp;<\/p>\n<p>\u00ab&nbsp;La plupart d\u2019entre nous pensent \u00e0 leur \u00e9glise locale. Ensuite, nous pensons \u00e0 la r\u00e9gion&nbsp;: notre \u00e9glise nationale. Ce n\u2019est qu\u2019ensuite que nous pensons \u00e0 une communion internationale. La soir\u00e9e Renouveau 2024 nous a montr\u00e9 diff\u00e9rentes r\u00e9alit\u00e9s de la vie des disciples de J\u00e9sus&nbsp;: la souffrance, la joie, la croissance et nous a ouvert les yeux sur le fait que l\u2019\u0153uvre de Dieu ne conna\u00eet pas de barri\u00e8res. \u00ca mesure que nos \u00c9glises se diversifient, nous devons nous efforcer davantage de discerner ensemble la volont\u00e9 de Dieu. Nous sommes l\u2019\u0153uvre de Dieu en devenir&nbsp;\u00bb.&nbsp;<\/p>\n<h4>Des orateurs inspirants&nbsp;<\/h4>\n<p>Tout au long de la soir\u00e9e, des repr\u00e9sentants de la CMM du monde entier ont expliqu\u00e9 comment Dieu am\u00e8ne les gens \u00e0 \u00eatre en communion les uns avec les autres et avec Lui.&nbsp;<\/p>\n<p><strong>Valentina Kunze<\/strong> (pr\u00e9sidente du Comit\u00e9<a href=\"https:\/\/mwc-cmm.org\/fr\/yabs\"> YABs<\/a>) d\u2019Uruguay a expliqu\u00e9 que malgr\u00e9 le s\u00e9cularisme dans son pays, Dieu continue \u00e0 montrer qu\u2019il est r\u00e9el. Lors d\u2019un camp d\u2019\u00e9t\u00e9 sur la plage, \u00ab&nbsp;j\u2019ai eu le privil\u00e8ge d\u2019aider une fille \u00e0 dire la pri\u00e8re de repentance et j\u2019ai assist\u00e9 \u00e0 son bapt\u00eame quelques mois plus tard&nbsp;\u00bb.&nbsp;<\/p>\n<p>Le repr\u00e9sentant r\u00e9gional pour l\u2019Asie du Sud-Est, <strong>Agus Mayanto<\/strong>, d\u2019Indon\u00e9sie, a partag\u00e9 son t\u00e9moignage d\u2019accueil de 120 enfants d\u00e9favoris\u00e9s et maltrait\u00e9s. \u00ab&nbsp;Puisque nous sommes sauv\u00e9s par la gr\u00e2ce, nous voulons passionn\u00e9ment que d\u2019autres fassent l\u2019exp\u00e9rience de cette gr\u00e2ce&nbsp;\u00bb, a-t-il d\u00e9clar\u00e9.&nbsp;<\/p>\n<div style=\"text-align:center\">\n<figure class=\"image\" style=\"display:inline-block\"><img decoding=\"async\" alt=\"speakers photos\" height=\"300\" data-src=\"https:\/\/mwc-cmm.org\/wp-content\/uploads\/2024\/10\/photo.jpg\" width=\"810\" src=\"data:image\/svg+xml;base64,PHN2ZyB3aWR0aD0iMSIgaGVpZ2h0PSIxIiB4bWxucz0iaHR0cDovL3d3dy53My5vcmcvMjAwMC9zdmciPjwvc3ZnPg==\" class=\"lazyload\" style=\"--smush-placeholder-width: 810px; --smush-placeholder-aspect-ratio: 810\/300;\"><figcaption>Valentina Kunze &#8211;&nbsp;Agus Mayanto &#8211;&nbsp;Danisa Ndlovu &#8211;&nbsp;Amos Chin<\/figcaption><\/figure>\n<\/div>\n<p><strong>Danisa Ndlovu<\/strong>, repr\u00e9sentante r\u00e9gionale du Zimbabwe, a racont\u00e9 comment un enterrement s\u2019est transform\u00e9 en r\u00e9union de r\u00e9veil lorsque de nombreuses personnes ont racont\u00e9 comment la d\u00e9funte avait marqu\u00e9 leur vie. Elle a incarn\u00e9 Romains 14,8&nbsp;: \u00ab&nbsp;Si nous vivons, nous vivons pour le Seigneur, et si nous mourons, nous mourons pour le Seigneur&nbsp;\u00bb.&nbsp;<\/p>\n<p><strong>Amos Chin<\/strong>, membre du comit\u00e9 ex\u00e9cutif, a parl\u00e9 de la <a href=\"https:\/\/mwc-cmm.org\/fr\/stories\/la-cmm-pleure-avec-nos-freres-et-soeurs-du-myanmar\">guerre civile au Myanmar<\/a>. \u00ab&nbsp;Pourtant, au milieu d\u2019une situation extr\u00eamement difficile, nos membres ont v\u00e9cu l\u2019enseignement anabaptiste de ne pas s\u2019engager dans la violence arm\u00e9e. Et Dieu est \u00e0 l\u2019\u0153uvre \u2013 il n\u2019y a pas de ralentissement de la croissance de l\u2019\u00c9glise&nbsp;\u00bb.&nbsp;<\/p>\n<p>\u00ab&nbsp;La CMM rassemble les gens dans une m\u00eame communion&nbsp;\u00bb, dit Henk Stenvers, pr\u00e9sident de la CMM. \u00ab&nbsp;Cette communion est un don de notre Dieu qui veut rassembler les gens.&nbsp;<\/p>\n<figure class=\"image\" style=\"float:right\"><img decoding=\"async\" alt=\"Igreja Evang\u00e9lica Irm\u00e3os Menonitas do Boqueir\u00e3o \u2013 Cruz Verde in Curitiba, Brazil\" height=\"250\" data-src=\"https:\/\/mwc-cmm.org\/wp-content\/uploads\/2024\/10\/brazil_renewal_2024.jpg\" width=\"333\" src=\"data:image\/svg+xml;base64,PHN2ZyB3aWR0aD0iMSIgaGVpZ2h0PSIxIiB4bWxucz0iaHR0cDovL3d3dy53My5vcmcvMjAwMC9zdmciPjwvc3ZnPg==\" class=\"lazyload\" style=\"--smush-placeholder-width: 333px; --smush-placeholder-aspect-ratio: 333\/250;\"><figcaption>Igreja Evang\u00e9lica Irm\u00e3os Menonitas do Boqueir\u00e3o \u2013 Cruz Verde in Curitiba, Brazil. Photo: Irma Sulistyorini<\/figcaption><\/figure>\n<p>La CMM cr\u00e9e des opportunit\u00e9s pour rassembler les gens dans la pri\u00e8re, la communion et le culte \u00e0 travers ses <a href=\"https:\/\/mwc-cmm.org\/fr\/form\/abonnement-aux-publications-electroniques\">publications<\/a>, ses <a href=\"https:\/\/mwc-cmm.org\/fr\/redes-del-cmm\">r\u00e9seaux<\/a>, ses <a href=\"https:\/\/mwc-cmm.org\/fr\/rencontres\">rencontres pour louer<\/a>, et son <a href=\"https:\/\/mwc-cmm.org\/fr\/temps-de-priere-virtuel-inscription\">heure de pri\u00e8re virtuelle<\/a>.&nbsp;<\/p>\n<p>\u00ab&nbsp;Mon p\u00e8re et mon grand-p\u00e8re ont particip\u00e9 \u00e0 la construction de cette \u00e9glise&nbsp;\u00bb, dit Karin Pankratz, venue avec sa m\u00e8re ce soir-l\u00e0. \u00ab Voir des gens du monde entier se r\u00e9unir et partager leurs histoires dans cette \u00e9glise est remarquable.&nbsp;\u00bb&nbsp;<\/p>\n<p>\u00ab&nbsp;Entendre directement les t\u00e9moignages du monde entier fait tomber les murs et nous donne l\u2019occasion de regarder au-del\u00e0 de nos fronti\u00e8res. Nous pouvons lire ces t\u00e9moignages dans <a href=\"https:\/\/mwc-cmm.org\/fr\/cmm-infos\">CMM Infos<\/a> et <a href=\"https:\/\/mwc-cmm.org\/fr\/courrier\">Courrier<\/a>, mais quand les gens sont ici, en contact direct avec nous, nous nous souvenons et nous apprenons davantage&nbsp;\u00bb, dit Paul D\u00fcck.&nbsp;<\/p>\n<p>*\u2019Renouveau 2028\u2019 est une s\u00e9rie de rencontres \u00e0 l\u2019occasion de la comm\u00e9moration du 500e anniversaire des d\u00e9buts du mouvement anabaptiste.&nbsp;<\/p>\n<table style=\"width:250px\">\n<tbody>\n<tr>\n<td>\n<h4><strong><a href=\"http:\/\/flic.kr\/s\/aHBqjBoS39\">Renouveau 2024<\/a><\/strong><a href=\"http:\/\/flic.kr\/s\/aHBqjBoS39\"><strong><strong>&nbsp;<\/strong><strong>pho<\/strong>tos<\/strong><\/a><\/h4>\n<\/td>\n<\/tr>\n<\/tbody>\n<\/table>\n<hr>\n<h3>Les visites aux \u00e9glises ont permis des conversations plus intimes&nbsp;<\/h3>\n<p>Apr\u00e8s la rencontre du samedi, 52 invit\u00e9s de la CMM se sont rendus dans 12 assembl\u00e9es mennonites de Curitiba et des environs. Ils ont pr\u00each\u00e9, partag\u00e9 des t\u00e9moignages de leur pays d\u2019origine et r\u00e9pondu aux questions sur la CMM ou sur la foi et la vie dans un autre pays.&nbsp;<\/p>\n<p>\u00ab&nbsp;Tout le monde, surtout nos jeunes membres, a \u00e9t\u00e9 touch\u00e9 par leur visite et leurs t\u00e9moignages. La grande majorit\u00e9 d\u2019entre nous n\u2019avait aucune id\u00e9e de ce qu\u2019est la CMM, mais apr\u00e8s la visite, chacun a eu le sentiment d\u2019appartenir \u00e0 cette famille mondiale&nbsp;\u00bb. &nbsp;<br \/>\n<em>\u2014 Marcos Assis, pasteur de Igreja Evang\u00e9lica Menonita Porto Amazonas&nbsp;<\/em><\/p>\n<p>Apr\u00e8s le culte \u00e0 Igreja Evang\u00e9lica Menonita Porto Amazonas, de nombreux jeunes ont spontan\u00e9ment demand\u00e9 \u00e0 se joindre aux invit\u00e9s de la CMM pour d\u00e9jeuner chez le pasteur.&nbsp;<br \/>\n\u00ab&nbsp;Rencontrer des gens d\u2019ailleurs et entendre parler de leur pays, de leur famille, de leur \u00e9glise et de la fa\u00e7on dont ils vivent leur foi a attir\u00e9 l\u2019attention de tous&nbsp;\u00bb.&nbsp;<br \/>\n<em>\u2014 Dietmar Kliewer, vice-pr\u00e9sident de l\u2019AIMB ; interpr\u00e8te \u00e0 l\u2019Igreja Evang\u00e9lica Menonita de Imbituva&nbsp;&nbsp;<\/em><\/p>\n<p>\u00ab&nbsp;Nous avons beaucoup appr\u00e9ci\u00e9 entendre ce que Dieu a fait dans les \u00e9glises mennonites du monde entier. Je l\u2019avais d\u00e9j\u00e0 mentionn\u00e9, mais quand quelqu\u2019un de l\u2019ext\u00e9rieur en parle, les membres de l\u2019\u00e9glise s\u2019\u00e9veillent et d\u00e9couvrent le fonctionnement de la CMM. Ils veulent en savoir plus sur les mennonites au niveau mondial. Le message partag\u00e9 \u00e9tait profond et nous apporte de l\u2019espoir.&nbsp;\u00bb&nbsp;<br \/>\n<em>\u2014Andr\u00e9 Mendes, pasteur, Igreja Evang\u00e9lica Menonita de Imbituva&nbsp;<\/em><\/p>\n<div style=\"text-align:center\">\n<figure class=\"image\" style=\"display:inline-block\"><img decoding=\"async\" alt=\"church visit\" height=\"300\" data-src=\"https:\/\/mwc-cmm.org\/wp-content\/uploads\/2024\/10\/photo_2.jpg\" width=\"810\" src=\"data:image\/svg+xml;base64,PHN2ZyB3aWR0aD0iMSIgaGVpZ2h0PSIxIiB4bWxucz0iaHR0cDovL3d3dy53My5vcmcvMjAwMC9zdmciPjwvc3ZnPg==\" class=\"lazyload\" style=\"--smush-placeholder-width: 810px; --smush-placeholder-aspect-ratio: 810\/300;\"><figcaption>Some MWC staff and Regional representative visited&nbsp;AEM Conference, Brazil&nbsp;on April 2024.<\/figcaption><\/figure>\n<\/div>\n<p>&nbsp;<\/p>\n","protected":false},"excerpt":{"rendered":"<p>\u00ab&nbsp;Dans la Bible, la transformation est toujours communautaire et non individuelle&nbsp;\u00bb, a d\u00e9clar\u00e9 C\u00e9sar Garc\u00eda lors de Renouveau 2024* \u00e0 Curitiba (Br\u00e9sil). \u00ab&nbsp;Elle n\u00e9cessite un dialogue dans la communaut\u00e9, o\u00f9 la diversit\u00e9 des positions nous permet de corriger les erreurs du pass\u00e9 pour approfondir notre relation avec Dieu dans les ann\u00e9es \u00e0 venir.&nbsp;\u00bb&nbsp; C\u2019est dans [&hellip;]<\/p>\n","protected":false},"author":1,"featured_media":98160,"comment_status":"closed","ping_status":"closed","sticky":false,"template":"","format":"standard","meta":{"_acf_changed":false,"footnotes":""},"categories":[7],"tags":[],"network":[],"eventcategory":[1485],"class_list":["post-10639","post","type-post","status-publish","format-standard","has-post-thumbnail","hentry","category-non-classifiee","eventcategory-renewal-2028-fr"],"acf":[],"yoast_head":"<!-- This site is optimized with the Yoast SEO plugin v27.5 - https:\/\/yoast.com\/product\/yoast-seo-wordpress\/ -->\n<title>Renouveau\u202f: A la d\u00e9couverte d\u2019une famille mondiale de foi - Mennonite World Conference<\/title>\n<meta name=\"robots\" content=\"index, follow, max-snippet:-1, max-image-preview:large, max-video-preview:-1\" \/>\n<link rel=\"canonical\" href=\"https:\/\/mwc-cmm.org\/fr\/stories\/renouveau-la-decouverte-dune-famille-mondiale-de-foi\/\" \/>\n<meta property=\"og:locale\" content=\"fr_FR\" \/>\n<meta property=\"og:type\" content=\"article\" \/>\n<meta property=\"og:title\" content=\"Renouveau\u202f: A la d\u00e9couverte d\u2019une famille mondiale de foi - Mennonite World Conference\" \/>\n<meta property=\"og:description\" content=\"\u00ab&nbsp;Dans la Bible, la transformation est toujours communautaire et non individuelle&nbsp;\u00bb, a d\u00e9clar\u00e9 C\u00e9sar Garc\u00eda lors de Renouveau 2024* \u00e0 Curitiba (Br\u00e9sil). \u00ab&nbsp;Elle n\u00e9cessite un dialogue dans la communaut\u00e9, o\u00f9 la diversit\u00e9 des positions nous permet de corriger les erreurs du pass\u00e9 pour approfondir notre relation avec Dieu dans les ann\u00e9es \u00e0 venir.&nbsp;\u00bb&nbsp; C\u2019est dans [&hellip;]\" \/>\n<meta property=\"og:url\" content=\"https:\/\/mwc-cmm.org\/fr\/stories\/renouveau-la-decouverte-dune-famille-mondiale-de-foi\/\" \/>\n<meta property=\"og:site_name\" content=\"Mennonite World Conference\" \/>\n<meta property=\"article:publisher\" content=\"https:\/\/www.facebook.com\/MennoniteWorldConference\" \/>\n<meta property=\"article:published_time\" content=\"2024-05-23T00:00:00+00:00\" \/>\n<meta property=\"article:modified_time\" content=\"2024-12-10T17:21:08+00:00\" \/>\n<meta property=\"og:image\" content=\"https:\/\/mwc-cmm.org\/wp-content\/uploads\/2024\/11\/202404ebenezermondez_scp8545-scaled.jpg\" \/>\n\t<meta property=\"og:image:width\" content=\"2560\" \/>\n\t<meta property=\"og:image:height\" content=\"1707\" \/>\n\t<meta property=\"og:image:type\" content=\"image\/jpeg\" \/>\n<meta name=\"author\" content=\"mennworldcon\" \/>\n<script type=\"application\/ld+json\" class=\"yoast-schema-graph\">{\"@context\":\"https:\\\/\\\/schema.org\",\"@graph\":[{\"@type\":\"Article\",\"@id\":\"https:\\\/\\\/mwc-cmm.org\\\/fr\\\/stories\\\/renouveau-la-decouverte-dune-famille-mondiale-de-foi\\\/#article\",\"isPartOf\":{\"@id\":\"https:\\\/\\\/mwc-cmm.org\\\/fr\\\/stories\\\/renouveau-la-decouverte-dune-famille-mondiale-de-foi\\\/\"},\"author\":{\"name\":\"mennworldcon\",\"@id\":\"https:\\\/\\\/mwc-cmm.org\\\/en\\\/#\\\/schema\\\/person\\\/11f6ae0d7d1868ba20a1cc27f067c836\"},\"headline\":\"Renouveau\u202f: A la d\u00e9couverte d\u2019une famille mondiale de foi\",\"datePublished\":\"2024-05-23T00:00:00+00:00\",\"dateModified\":\"2024-12-10T17:21:08+00:00\",\"mainEntityOfPage\":{\"@id\":\"https:\\\/\\\/mwc-cmm.org\\\/fr\\\/stories\\\/renouveau-la-decouverte-dune-famille-mondiale-de-foi\\\/\"},\"wordCount\":1158,\"publisher\":{\"@id\":\"https:\\\/\\\/mwc-cmm.org\\\/en\\\/#organization\"},\"image\":{\"@id\":\"https:\\\/\\\/mwc-cmm.org\\\/fr\\\/stories\\\/renouveau-la-decouverte-dune-famille-mondiale-de-foi\\\/#primaryimage\"},\"thumbnailUrl\":\"https:\\\/\\\/mwc-cmm.org\\\/wp-content\\\/uploads\\\/2024\\\/11\\\/202404ebenezermondez_scp8545-scaled.jpg\",\"articleSection\":[\"Non classifi\u00e9(e)\"],\"inLanguage\":\"fr-FR\"},{\"@type\":\"WebPage\",\"@id\":\"https:\\\/\\\/mwc-cmm.org\\\/fr\\\/stories\\\/renouveau-la-decouverte-dune-famille-mondiale-de-foi\\\/\",\"url\":\"https:\\\/\\\/mwc-cmm.org\\\/fr\\\/stories\\\/renouveau-la-decouverte-dune-famille-mondiale-de-foi\\\/\",\"name\":\"Renouveau\u202f: A la d\u00e9couverte d\u2019une famille mondiale de foi - Mennonite World Conference\",\"isPartOf\":{\"@id\":\"https:\\\/\\\/mwc-cmm.org\\\/en\\\/#website\"},\"primaryImageOfPage\":{\"@id\":\"https:\\\/\\\/mwc-cmm.org\\\/fr\\\/stories\\\/renouveau-la-decouverte-dune-famille-mondiale-de-foi\\\/#primaryimage\"},\"image\":{\"@id\":\"https:\\\/\\\/mwc-cmm.org\\\/fr\\\/stories\\\/renouveau-la-decouverte-dune-famille-mondiale-de-foi\\\/#primaryimage\"},\"thumbnailUrl\":\"https:\\\/\\\/mwc-cmm.org\\\/wp-content\\\/uploads\\\/2024\\\/11\\\/202404ebenezermondez_scp8545-scaled.jpg\",\"datePublished\":\"2024-05-23T00:00:00+00:00\",\"dateModified\":\"2024-12-10T17:21:08+00:00\",\"breadcrumb\":{\"@id\":\"https:\\\/\\\/mwc-cmm.org\\\/fr\\\/stories\\\/renouveau-la-decouverte-dune-famille-mondiale-de-foi\\\/#breadcrumb\"},\"inLanguage\":\"fr-FR\",\"potentialAction\":[{\"@type\":\"ReadAction\",\"target\":[\"https:\\\/\\\/mwc-cmm.org\\\/fr\\\/stories\\\/renouveau-la-decouverte-dune-famille-mondiale-de-foi\\\/\"]}]},{\"@type\":\"ImageObject\",\"inLanguage\":\"fr-FR\",\"@id\":\"https:\\\/\\\/mwc-cmm.org\\\/fr\\\/stories\\\/renouveau-la-decouverte-dune-famille-mondiale-de-foi\\\/#primaryimage\",\"url\":\"https:\\\/\\\/mwc-cmm.org\\\/wp-content\\\/uploads\\\/2024\\\/11\\\/202404ebenezermondez_scp8545-scaled.jpg\",\"contentUrl\":\"https:\\\/\\\/mwc-cmm.org\\\/wp-content\\\/uploads\\\/2024\\\/11\\\/202404ebenezermondez_scp8545-scaled.jpg\",\"width\":2560,\"height\":1707},{\"@type\":\"BreadcrumbList\",\"@id\":\"https:\\\/\\\/mwc-cmm.org\\\/fr\\\/stories\\\/renouveau-la-decouverte-dune-famille-mondiale-de-foi\\\/#breadcrumb\",\"itemListElement\":[{\"@type\":\"ListItem\",\"position\":1,\"name\":\"Home\",\"item\":\"https:\\\/\\\/mwc-cmm.org\\\/fr\\\/\"},{\"@type\":\"ListItem\",\"position\":2,\"name\":\"Renouveau\u202f: A la d\u00e9couverte d\u2019une famille mondiale de foi\"}]},{\"@type\":\"WebSite\",\"@id\":\"https:\\\/\\\/mwc-cmm.org\\\/en\\\/#website\",\"url\":\"https:\\\/\\\/mwc-cmm.org\\\/en\\\/\",\"name\":\"Mennonite World Conference\",\"description\":\"A communion of Anabaptist-related churches\",\"publisher\":{\"@id\":\"https:\\\/\\\/mwc-cmm.org\\\/en\\\/#organization\"},\"alternateName\":\"MWC\",\"potentialAction\":[{\"@type\":\"SearchAction\",\"target\":{\"@type\":\"EntryPoint\",\"urlTemplate\":\"https:\\\/\\\/mwc-cmm.org\\\/en\\\/?s={search_term_string}\"},\"query-input\":{\"@type\":\"PropertyValueSpecification\",\"valueRequired\":true,\"valueName\":\"search_term_string\"}}],\"inLanguage\":\"fr-FR\"},{\"@type\":\"Organization\",\"@id\":\"https:\\\/\\\/mwc-cmm.org\\\/en\\\/#organization\",\"name\":\"Mennonite World Conference\",\"alternateName\":\"MWC\",\"url\":\"https:\\\/\\\/mwc-cmm.org\\\/en\\\/\",\"logo\":{\"@type\":\"ImageObject\",\"inLanguage\":\"fr-FR\",\"@id\":\"https:\\\/\\\/mwc-cmm.org\\\/en\\\/#\\\/schema\\\/logo\\\/image\\\/\",\"url\":\"https:\\\/\\\/mwc-cmm.org\\\/wp-content\\\/uploads\\\/2026\\\/01\\\/MWC_Sig_Blue_Horiz_webheader1-logo.svg\",\"contentUrl\":\"https:\\\/\\\/mwc-cmm.org\\\/wp-content\\\/uploads\\\/2026\\\/01\\\/MWC_Sig_Blue_Horiz_webheader1-logo.svg\",\"width\":786,\"height\":82,\"caption\":\"Mennonite World Conference\"},\"image\":{\"@id\":\"https:\\\/\\\/mwc-cmm.org\\\/en\\\/#\\\/schema\\\/logo\\\/image\\\/\"},\"sameAs\":[\"https:\\\/\\\/www.facebook.com\\\/MennoniteWorldConference\",\"https:\\\/\\\/www.linkedin.com\\\/company\\\/mennonite-world-conference-mwc\\\/\",\"https:\\\/\\\/www.instagram.com\\\/mwcmm\\\/\",\"https:\\\/\\\/www.youtube.com\\\/user\\\/mwccmm\",\"https:\\\/\\\/bsky.app\\\/profile\\\/mwcmm.bsky.social\"]},{\"@type\":\"Person\",\"@id\":\"https:\\\/\\\/mwc-cmm.org\\\/en\\\/#\\\/schema\\\/person\\\/11f6ae0d7d1868ba20a1cc27f067c836\",\"name\":\"mennworldcon\",\"image\":{\"@type\":\"ImageObject\",\"inLanguage\":\"fr-FR\",\"@id\":\"https:\\\/\\\/secure.gravatar.com\\\/avatar\\\/06fdc0dc81c157dfdb82ec42f252178a22307808988d22c043f9eb96f1e0fe80?s=96&d=mm&r=g\",\"url\":\"https:\\\/\\\/secure.gravatar.com\\\/avatar\\\/06fdc0dc81c157dfdb82ec42f252178a22307808988d22c043f9eb96f1e0fe80?s=96&d=mm&r=g\",\"contentUrl\":\"https:\\\/\\\/secure.gravatar.com\\\/avatar\\\/06fdc0dc81c157dfdb82ec42f252178a22307808988d22c043f9eb96f1e0fe80?s=96&d=mm&r=g\",\"caption\":\"mennworldcon\"},\"sameAs\":[\"https:\\\/\\\/mwc-cmm.org\"],\"url\":\"https:\\\/\\\/mwc-cmm.org\\\/fr\\\/stories\\\/author\\\/mennworldcon\\\/\"}]}<\/script>\n<!-- \/ Yoast SEO plugin. -->","yoast_head_json":{"title":"Renouveau\u202f: A la d\u00e9couverte d\u2019une famille mondiale de foi - Mennonite World Conference","robots":{"index":"index","follow":"follow","max-snippet":"max-snippet:-1","max-image-preview":"max-image-preview:large","max-video-preview":"max-video-preview:-1"},"canonical":"https:\/\/mwc-cmm.org\/fr\/stories\/renouveau-la-decouverte-dune-famille-mondiale-de-foi\/","og_locale":"fr_FR","og_type":"article","og_title":"Renouveau\u202f: A la d\u00e9couverte d\u2019une famille mondiale de foi - Mennonite World Conference","og_description":"\u00ab&nbsp;Dans la Bible, la transformation est toujours communautaire et non individuelle&nbsp;\u00bb, a d\u00e9clar\u00e9 C\u00e9sar Garc\u00eda lors de Renouveau 2024* \u00e0 Curitiba (Br\u00e9sil). \u00ab&nbsp;Elle n\u00e9cessite un dialogue dans la communaut\u00e9, o\u00f9 la diversit\u00e9 des positions nous permet de corriger les erreurs du pass\u00e9 pour approfondir notre relation avec Dieu dans les ann\u00e9es \u00e0 venir.&nbsp;\u00bb&nbsp; C\u2019est dans [&hellip;]","og_url":"https:\/\/mwc-cmm.org\/fr\/stories\/renouveau-la-decouverte-dune-famille-mondiale-de-foi\/","og_site_name":"Mennonite World Conference","article_publisher":"https:\/\/www.facebook.com\/MennoniteWorldConference","article_published_time":"2024-05-23T00:00:00+00:00","article_modified_time":"2024-12-10T17:21:08+00:00","og_image":[{"width":2560,"height":1707,"url":"https:\/\/mwc-cmm.org\/wp-content\/uploads\/2024\/11\/202404ebenezermondez_scp8545-scaled.jpg","type":"image\/jpeg"}],"author":"mennworldcon","schema":{"@context":"https:\/\/schema.org","@graph":[{"@type":"Article","@id":"https:\/\/mwc-cmm.org\/fr\/stories\/renouveau-la-decouverte-dune-famille-mondiale-de-foi\/#article","isPartOf":{"@id":"https:\/\/mwc-cmm.org\/fr\/stories\/renouveau-la-decouverte-dune-famille-mondiale-de-foi\/"},"author":{"name":"mennworldcon","@id":"https:\/\/mwc-cmm.org\/en\/#\/schema\/person\/11f6ae0d7d1868ba20a1cc27f067c836"},"headline":"Renouveau\u202f: A la d\u00e9couverte d\u2019une famille mondiale de foi","datePublished":"2024-05-23T00:00:00+00:00","dateModified":"2024-12-10T17:21:08+00:00","mainEntityOfPage":{"@id":"https:\/\/mwc-cmm.org\/fr\/stories\/renouveau-la-decouverte-dune-famille-mondiale-de-foi\/"},"wordCount":1158,"publisher":{"@id":"https:\/\/mwc-cmm.org\/en\/#organization"},"image":{"@id":"https:\/\/mwc-cmm.org\/fr\/stories\/renouveau-la-decouverte-dune-famille-mondiale-de-foi\/#primaryimage"},"thumbnailUrl":"https:\/\/mwc-cmm.org\/wp-content\/uploads\/2024\/11\/202404ebenezermondez_scp8545-scaled.jpg","articleSection":["Non classifi\u00e9(e)"],"inLanguage":"fr-FR"},{"@type":"WebPage","@id":"https:\/\/mwc-cmm.org\/fr\/stories\/renouveau-la-decouverte-dune-famille-mondiale-de-foi\/","url":"https:\/\/mwc-cmm.org\/fr\/stories\/renouveau-la-decouverte-dune-famille-mondiale-de-foi\/","name":"Renouveau\u202f: A la d\u00e9couverte d\u2019une famille mondiale de foi - Mennonite World Conference","isPartOf":{"@id":"https:\/\/mwc-cmm.org\/en\/#website"},"primaryImageOfPage":{"@id":"https:\/\/mwc-cmm.org\/fr\/stories\/renouveau-la-decouverte-dune-famille-mondiale-de-foi\/#primaryimage"},"image":{"@id":"https:\/\/mwc-cmm.org\/fr\/stories\/renouveau-la-decouverte-dune-famille-mondiale-de-foi\/#primaryimage"},"thumbnailUrl":"https:\/\/mwc-cmm.org\/wp-content\/uploads\/2024\/11\/202404ebenezermondez_scp8545-scaled.jpg","datePublished":"2024-05-23T00:00:00+00:00","dateModified":"2024-12-10T17:21:08+00:00","breadcrumb":{"@id":"https:\/\/mwc-cmm.org\/fr\/stories\/renouveau-la-decouverte-dune-famille-mondiale-de-foi\/#breadcrumb"},"inLanguage":"fr-FR","potentialAction":[{"@type":"ReadAction","target":["https:\/\/mwc-cmm.org\/fr\/stories\/renouveau-la-decouverte-dune-famille-mondiale-de-foi\/"]}]},{"@type":"ImageObject","inLanguage":"fr-FR","@id":"https:\/\/mwc-cmm.org\/fr\/stories\/renouveau-la-decouverte-dune-famille-mondiale-de-foi\/#primaryimage","url":"https:\/\/mwc-cmm.org\/wp-content\/uploads\/2024\/11\/202404ebenezermondez_scp8545-scaled.jpg","contentUrl":"https:\/\/mwc-cmm.org\/wp-content\/uploads\/2024\/11\/202404ebenezermondez_scp8545-scaled.jpg","width":2560,"height":1707},{"@type":"BreadcrumbList","@id":"https:\/\/mwc-cmm.org\/fr\/stories\/renouveau-la-decouverte-dune-famille-mondiale-de-foi\/#breadcrumb","itemListElement":[{"@type":"ListItem","position":1,"name":"Home","item":"https:\/\/mwc-cmm.org\/fr\/"},{"@type":"ListItem","position":2,"name":"Renouveau\u202f: A la d\u00e9couverte d\u2019une famille mondiale de foi"}]},{"@type":"WebSite","@id":"https:\/\/mwc-cmm.org\/en\/#website","url":"https:\/\/mwc-cmm.org\/en\/","name":"Mennonite World Conference","description":"A communion of Anabaptist-related churches","publisher":{"@id":"https:\/\/mwc-cmm.org\/en\/#organization"},"alternateName":"MWC","potentialAction":[{"@type":"SearchAction","target":{"@type":"EntryPoint","urlTemplate":"https:\/\/mwc-cmm.org\/en\/?s={search_term_string}"},"query-input":{"@type":"PropertyValueSpecification","valueRequired":true,"valueName":"search_term_string"}}],"inLanguage":"fr-FR"},{"@type":"Organization","@id":"https:\/\/mwc-cmm.org\/en\/#organization","name":"Mennonite World Conference","alternateName":"MWC","url":"https:\/\/mwc-cmm.org\/en\/","logo":{"@type":"ImageObject","inLanguage":"fr-FR","@id":"https:\/\/mwc-cmm.org\/en\/#\/schema\/logo\/image\/","url":"https:\/\/mwc-cmm.org\/wp-content\/uploads\/2026\/01\/MWC_Sig_Blue_Horiz_webheader1-logo.svg","contentUrl":"https:\/\/mwc-cmm.org\/wp-content\/uploads\/2026\/01\/MWC_Sig_Blue_Horiz_webheader1-logo.svg","width":786,"height":82,"caption":"Mennonite World Conference"},"image":{"@id":"https:\/\/mwc-cmm.org\/en\/#\/schema\/logo\/image\/"},"sameAs":["https:\/\/www.facebook.com\/MennoniteWorldConference","https:\/\/www.linkedin.com\/company\/mennonite-world-conference-mwc\/","https:\/\/www.instagram.com\/mwcmm\/","https:\/\/www.youtube.com\/user\/mwccmm","https:\/\/bsky.app\/profile\/mwcmm.bsky.social"]},{"@type":"Person","@id":"https:\/\/mwc-cmm.org\/en\/#\/schema\/person\/11f6ae0d7d1868ba20a1cc27f067c836","name":"mennworldcon","image":{"@type":"ImageObject","inLanguage":"fr-FR","@id":"https:\/\/secure.gravatar.com\/avatar\/06fdc0dc81c157dfdb82ec42f252178a22307808988d22c043f9eb96f1e0fe80?s=96&d=mm&r=g","url":"https:\/\/secure.gravatar.com\/avatar\/06fdc0dc81c157dfdb82ec42f252178a22307808988d22c043f9eb96f1e0fe80?s=96&d=mm&r=g","contentUrl":"https:\/\/secure.gravatar.com\/avatar\/06fdc0dc81c157dfdb82ec42f252178a22307808988d22c043f9eb96f1e0fe80?s=96&d=mm&r=g","caption":"mennworldcon"},"sameAs":["https:\/\/mwc-cmm.org"],"url":"https:\/\/mwc-cmm.org\/fr\/stories\/author\/mennworldcon\/"}]}},"_links":{"self":[{"href":"https:\/\/mwc-cmm.org\/fr\/wp-json\/wp\/v2\/posts\/10639","targetHints":{"allow":["GET"]}}],"collection":[{"href":"https:\/\/mwc-cmm.org\/fr\/wp-json\/wp\/v2\/posts"}],"about":[{"href":"https:\/\/mwc-cmm.org\/fr\/wp-json\/wp\/v2\/types\/post"}],"author":[{"embeddable":true,"href":"https:\/\/mwc-cmm.org\/fr\/wp-json\/wp\/v2\/users\/1"}],"replies":[{"embeddable":true,"href":"https:\/\/mwc-cmm.org\/fr\/wp-json\/wp\/v2\/comments?post=10639"}],"version-history":[{"count":0,"href":"https:\/\/mwc-cmm.org\/fr\/wp-json\/wp\/v2\/posts\/10639\/revisions"}],"wp:featuredmedia":[{"embeddable":true,"href":"https:\/\/mwc-cmm.org\/fr\/wp-json\/wp\/v2\/media\/98160"}],"wp:attachment":[{"href":"https:\/\/mwc-cmm.org\/fr\/wp-json\/wp\/v2\/media?parent=10639"}],"wp:term":[{"taxonomy":"category","embeddable":true,"href":"https:\/\/mwc-cmm.org\/fr\/wp-json\/wp\/v2\/categories?post=10639"},{"taxonomy":"post_tag","embeddable":true,"href":"https:\/\/mwc-cmm.org\/fr\/wp-json\/wp\/v2\/tags?post=10639"},{"taxonomy":"network","embeddable":true,"href":"https:\/\/mwc-cmm.org\/fr\/wp-json\/wp\/v2\/network?post=10639"},{"taxonomy":"eventcategory","embeddable":true,"href":"https:\/\/mwc-cmm.org\/fr\/wp-json\/wp\/v2\/eventcategory?post=10639"}],"curies":[{"name":"wp","href":"https:\/\/api.w.org\/{rel}","templated":true}]}}