{"id":10636,"date":"2024-05-06T00:00:00","date_gmt":"2024-05-06T00:00:00","guid":{"rendered":"https:\/\/mwc-cmm.org\/a-pastoral-letter-for-anabaptist-mennonites-in-kenya-3\/"},"modified":"2025-04-08T19:22:29","modified_gmt":"2025-04-08T19:22:29","slug":"lettre-pastorale-pour-les-anabaptistes-mennonites-du-kenya","status":"publish","type":"post","link":"https:\/\/mwc-cmm.org\/fr\/stories\/lettre-pastorale-pour-les-anabaptistes-mennonites-du-kenya\/","title":{"rendered":"Lettre pastorale pour les anabaptistes du Kenya"},"content":{"rendered":"<p>S\u0153urs et fr\u00e8res bien-aim\u00e9s :<\/p>\n<p>Nos fr\u00e8res et s\u0153urs de\u00a0<strong>l\u2019\u00c9glise mennonite du Kenya<\/strong>\u00a0ont demand\u00e9 \u00e0 prier pour que les pluies incessantes dans le comt\u00e9 de Kisumu se calment.<\/p>\n<p>Des semaines de pluies plus fortes que d\u2019habitude pour la saison ont fait des ravages dans de nombreuses parties de l\u2019Afrique de l\u2019Est, une r\u00e9gion vuln\u00e9rable aux catastrophes climatiques.<\/p>\n<p>Les inondations existantes se sont aggrav\u00e9es le dimanche matin 5 mai 2024, lorsque la pluie a fait d\u00e9border les berges de la rivi\u00e8re Nyando, situ\u00e9e \u00e0 proximit\u00e9. Les routes principales et le pont reliant Kisumu \u00e0 Nairobi et \u00e0 d\u2019autres villes voisines ont \u00e9t\u00e9 submerg\u00e9s. Cette situation a consid\u00e9rablement ralenti les op\u00e9rations de secours et d\u2019aide.<\/p>\n<p>Les commerces et les \u00e9coles ont \u00e9t\u00e9 contraints de fermer. Environ 600 personnes sont toujours bloqu\u00e9es dans leurs maisons. Pr\u00e8s de 15\u00a0000 personnes ont \u00e9t\u00e9 d\u00e9plac\u00e9es et des cas de maladies transmises par l\u2019eau, comme la typho\u00efde et la schistosomiase, commencent \u00e0 faire surface.<\/p>\n<p>En tant que famille de foi, nous vous demandons de ne pas les oublier dans vos pri\u00e8res individuelles et collectives\u00a0:<\/p>\n<ul>\n<li>Puisse la pluie se calmer et l\u2019acc\u00e8s aux terres dans les zones touch\u00e9es s\u2019ouvrir rapidement.<\/li>\n<li>Que les entreprises qui ont subi des pertes se r\u00e9tablissent.<\/li>\n<li>Que les personnes soient prot\u00e9g\u00e9es des maladies transmises par l\u2019eau.<\/li>\n<li>Qu\u2019un soutien m\u00e9dical soit assur\u00e9.<\/li>\n<\/ul>\n<p>Seigneur, entends notre appel \u00e0 l\u2019aide et aie piti\u00e9.<br \/>\nAu nom de J\u00e9sus, Prince de la Paix, amen<\/p>\n<p><em><strong><img decoding=\"async\" style=\"--smush-placeholder-width: 150px; --smush-placeholder-aspect-ratio: 150\/150;float: left;\" data-src=\"https:\/\/mwc-cmm.org\/wp-content\/uploads\/2024\/10\/henk_stenvers_0.jpg\" alt=\"\" width=\"150\" height=\"150\" src=\"data:image\/svg+xml;base64,PHN2ZyB3aWR0aD0iMSIgaGVpZ2h0PSIxIiB4bWxucz0iaHR0cDovL3d3dy53My5vcmcvMjAwMC9zdmciPjwvc3ZnPg==\" class=\"lazyload\" \/>Henk Stenvers, Pr\u00e9sident<\/strong><\/em><\/p>\n","protected":false},"excerpt":{"rendered":"<p>Nos fr\u00e8res et s\u0153urs de\u00a0l\u2019\u00c9glise mennonite du Kenya\u00a0ont demand\u00e9 \u00e0 prier pour que les pluies incessantes dans le comt\u00e9 de Kisumu se calment.<\/p>\n<p>Des semaines de pluies plus fortes que d\u2019habitude pour la saison ont fait des ravages dans de nombreuses parties de l\u2019Afrique de l\u2019Est, une r\u00e9gion vuln\u00e9rable aux catastrophes climatiques.<\/p>\n","protected":false},"author":1,"featured_media":98118,"comment_status":"closed","ping_status":"closed","sticky":false,"template":"","format":"standard","meta":{"_acf_changed":false,"footnotes":""},"categories":[458],"tags":[523,524],"network":[],"eventcategory":[],"class_list":["post-10636","post","type-post","status-publish","format-standard","has-post-thumbnail","hentry","category-priere-urgente","tag-pastoral-letter-fr","tag-prayer-fr"],"acf":[],"yoast_head":"<!-- This site is optimized with the Yoast SEO plugin v27.5 - https:\/\/yoast.com\/product\/yoast-seo-wordpress\/ -->\n<title>Lettre pastorale pour les anabaptistes du Kenya - Mennonite World Conference<\/title>\n<meta name=\"robots\" content=\"index, follow, max-snippet:-1, max-image-preview:large, max-video-preview:-1\" \/>\n<link rel=\"canonical\" href=\"https:\/\/mwc-cmm.org\/fr\/stories\/lettre-pastorale-pour-les-anabaptistes-mennonites-du-kenya\/\" \/>\n<meta property=\"og:locale\" content=\"fr_FR\" \/>\n<meta property=\"og:type\" content=\"article\" \/>\n<meta property=\"og:title\" content=\"Lettre pastorale pour les anabaptistes du Kenya - Mennonite World Conference\" \/>\n<meta property=\"og:description\" content=\"Nos fr\u00e8res et s\u0153urs de\u00a0l\u2019\u00c9glise mennonite du Kenya\u00a0ont demand\u00e9 \u00e0 prier pour que les pluies incessantes dans le comt\u00e9 de Kisumu se calment. Des semaines de pluies plus fortes que d\u2019habitude pour la saison ont fait des ravages dans de nombreuses parties de l\u2019Afrique de l\u2019Est, une r\u00e9gion vuln\u00e9rable aux catastrophes climatiques.\" \/>\n<meta property=\"og:url\" content=\"https:\/\/mwc-cmm.org\/fr\/stories\/lettre-pastorale-pour-les-anabaptistes-mennonites-du-kenya\/\" \/>\n<meta property=\"og:site_name\" content=\"Mennonite World Conference\" \/>\n<meta property=\"article:publisher\" content=\"https:\/\/www.facebook.com\/MennoniteWorldConference\" \/>\n<meta property=\"article:published_time\" content=\"2024-05-06T00:00:00+00:00\" \/>\n<meta property=\"article:modified_time\" content=\"2025-04-08T19:22:29+00:00\" \/>\n<meta property=\"og:image\" content=\"https:\/\/mwc-cmm.org\/wp-content\/uploads\/2024\/11\/download_1.png\" \/>\n\t<meta property=\"og:image:width\" content=\"1026\" \/>\n\t<meta property=\"og:image:height\" content=\"596\" \/>\n\t<meta property=\"og:image:type\" content=\"image\/png\" \/>\n<meta name=\"author\" content=\"mennworldcon\" \/>\n<script type=\"application\/ld+json\" class=\"yoast-schema-graph\">{\"@context\":\"https:\\\/\\\/schema.org\",\"@graph\":[{\"@type\":\"Article\",\"@id\":\"https:\\\/\\\/mwc-cmm.org\\\/fr\\\/stories\\\/lettre-pastorale-pour-les-anabaptistes-mennonites-du-kenya\\\/#article\",\"isPartOf\":{\"@id\":\"https:\\\/\\\/mwc-cmm.org\\\/fr\\\/stories\\\/lettre-pastorale-pour-les-anabaptistes-mennonites-du-kenya\\\/\"},\"author\":{\"name\":\"mennworldcon\",\"@id\":\"https:\\\/\\\/mwc-cmm.org\\\/en\\\/#\\\/schema\\\/person\\\/11f6ae0d7d1868ba20a1cc27f067c836\"},\"headline\":\"Lettre pastorale pour les anabaptistes du Kenya\",\"datePublished\":\"2024-05-06T00:00:00+00:00\",\"dateModified\":\"2025-04-08T19:22:29+00:00\",\"mainEntityOfPage\":{\"@id\":\"https:\\\/\\\/mwc-cmm.org\\\/fr\\\/stories\\\/lettre-pastorale-pour-les-anabaptistes-mennonites-du-kenya\\\/\"},\"wordCount\":276,\"publisher\":{\"@id\":\"https:\\\/\\\/mwc-cmm.org\\\/en\\\/#organization\"},\"image\":{\"@id\":\"https:\\\/\\\/mwc-cmm.org\\\/fr\\\/stories\\\/lettre-pastorale-pour-les-anabaptistes-mennonites-du-kenya\\\/#primaryimage\"},\"thumbnailUrl\":\"https:\\\/\\\/mwc-cmm.org\\\/wp-content\\\/uploads\\\/2024\\\/11\\\/download_1.png\",\"keywords\":[\"pastoral letter\",\"prayer\"],\"articleSection\":[\"Pri\u00e8re urgente\"],\"inLanguage\":\"fr-FR\"},{\"@type\":\"WebPage\",\"@id\":\"https:\\\/\\\/mwc-cmm.org\\\/fr\\\/stories\\\/lettre-pastorale-pour-les-anabaptistes-mennonites-du-kenya\\\/\",\"url\":\"https:\\\/\\\/mwc-cmm.org\\\/fr\\\/stories\\\/lettre-pastorale-pour-les-anabaptistes-mennonites-du-kenya\\\/\",\"name\":\"Lettre pastorale pour les anabaptistes du Kenya - Mennonite World Conference\",\"isPartOf\":{\"@id\":\"https:\\\/\\\/mwc-cmm.org\\\/en\\\/#website\"},\"primaryImageOfPage\":{\"@id\":\"https:\\\/\\\/mwc-cmm.org\\\/fr\\\/stories\\\/lettre-pastorale-pour-les-anabaptistes-mennonites-du-kenya\\\/#primaryimage\"},\"image\":{\"@id\":\"https:\\\/\\\/mwc-cmm.org\\\/fr\\\/stories\\\/lettre-pastorale-pour-les-anabaptistes-mennonites-du-kenya\\\/#primaryimage\"},\"thumbnailUrl\":\"https:\\\/\\\/mwc-cmm.org\\\/wp-content\\\/uploads\\\/2024\\\/11\\\/download_1.png\",\"datePublished\":\"2024-05-06T00:00:00+00:00\",\"dateModified\":\"2025-04-08T19:22:29+00:00\",\"breadcrumb\":{\"@id\":\"https:\\\/\\\/mwc-cmm.org\\\/fr\\\/stories\\\/lettre-pastorale-pour-les-anabaptistes-mennonites-du-kenya\\\/#breadcrumb\"},\"inLanguage\":\"fr-FR\",\"potentialAction\":[{\"@type\":\"ReadAction\",\"target\":[\"https:\\\/\\\/mwc-cmm.org\\\/fr\\\/stories\\\/lettre-pastorale-pour-les-anabaptistes-mennonites-du-kenya\\\/\"]}]},{\"@type\":\"ImageObject\",\"inLanguage\":\"fr-FR\",\"@id\":\"https:\\\/\\\/mwc-cmm.org\\\/fr\\\/stories\\\/lettre-pastorale-pour-les-anabaptistes-mennonites-du-kenya\\\/#primaryimage\",\"url\":\"https:\\\/\\\/mwc-cmm.org\\\/wp-content\\\/uploads\\\/2024\\\/11\\\/download_1.png\",\"contentUrl\":\"https:\\\/\\\/mwc-cmm.org\\\/wp-content\\\/uploads\\\/2024\\\/11\\\/download_1.png\",\"width\":1026,\"height\":596},{\"@type\":\"BreadcrumbList\",\"@id\":\"https:\\\/\\\/mwc-cmm.org\\\/fr\\\/stories\\\/lettre-pastorale-pour-les-anabaptistes-mennonites-du-kenya\\\/#breadcrumb\",\"itemListElement\":[{\"@type\":\"ListItem\",\"position\":1,\"name\":\"Home\",\"item\":\"https:\\\/\\\/mwc-cmm.org\\\/fr\\\/\"},{\"@type\":\"ListItem\",\"position\":2,\"name\":\"Lettre pastorale pour les anabaptistes du Kenya\"}]},{\"@type\":\"WebSite\",\"@id\":\"https:\\\/\\\/mwc-cmm.org\\\/en\\\/#website\",\"url\":\"https:\\\/\\\/mwc-cmm.org\\\/en\\\/\",\"name\":\"Mennonite World Conference\",\"description\":\"A communion of Anabaptist-related churches\",\"publisher\":{\"@id\":\"https:\\\/\\\/mwc-cmm.org\\\/en\\\/#organization\"},\"alternateName\":\"MWC\",\"potentialAction\":[{\"@type\":\"SearchAction\",\"target\":{\"@type\":\"EntryPoint\",\"urlTemplate\":\"https:\\\/\\\/mwc-cmm.org\\\/en\\\/?s={search_term_string}\"},\"query-input\":{\"@type\":\"PropertyValueSpecification\",\"valueRequired\":true,\"valueName\":\"search_term_string\"}}],\"inLanguage\":\"fr-FR\"},{\"@type\":\"Organization\",\"@id\":\"https:\\\/\\\/mwc-cmm.org\\\/en\\\/#organization\",\"name\":\"Mennonite World Conference\",\"alternateName\":\"MWC\",\"url\":\"https:\\\/\\\/mwc-cmm.org\\\/en\\\/\",\"logo\":{\"@type\":\"ImageObject\",\"inLanguage\":\"fr-FR\",\"@id\":\"https:\\\/\\\/mwc-cmm.org\\\/en\\\/#\\\/schema\\\/logo\\\/image\\\/\",\"url\":\"https:\\\/\\\/mwc-cmm.org\\\/wp-content\\\/uploads\\\/2026\\\/01\\\/MWC_Sig_Blue_Horiz_webheader1-logo.svg\",\"contentUrl\":\"https:\\\/\\\/mwc-cmm.org\\\/wp-content\\\/uploads\\\/2026\\\/01\\\/MWC_Sig_Blue_Horiz_webheader1-logo.svg\",\"width\":786,\"height\":82,\"caption\":\"Mennonite World Conference\"},\"image\":{\"@id\":\"https:\\\/\\\/mwc-cmm.org\\\/en\\\/#\\\/schema\\\/logo\\\/image\\\/\"},\"sameAs\":[\"https:\\\/\\\/www.facebook.com\\\/MennoniteWorldConference\",\"https:\\\/\\\/www.linkedin.com\\\/company\\\/mennonite-world-conference-mwc\\\/\",\"https:\\\/\\\/www.instagram.com\\\/mwcmm\\\/\",\"https:\\\/\\\/www.youtube.com\\\/user\\\/mwccmm\",\"https:\\\/\\\/bsky.app\\\/profile\\\/mwcmm.bsky.social\"]},{\"@type\":\"Person\",\"@id\":\"https:\\\/\\\/mwc-cmm.org\\\/en\\\/#\\\/schema\\\/person\\\/11f6ae0d7d1868ba20a1cc27f067c836\",\"name\":\"mennworldcon\",\"image\":{\"@type\":\"ImageObject\",\"inLanguage\":\"fr-FR\",\"@id\":\"https:\\\/\\\/secure.gravatar.com\\\/avatar\\\/06fdc0dc81c157dfdb82ec42f252178a22307808988d22c043f9eb96f1e0fe80?s=96&d=mm&r=g\",\"url\":\"https:\\\/\\\/secure.gravatar.com\\\/avatar\\\/06fdc0dc81c157dfdb82ec42f252178a22307808988d22c043f9eb96f1e0fe80?s=96&d=mm&r=g\",\"contentUrl\":\"https:\\\/\\\/secure.gravatar.com\\\/avatar\\\/06fdc0dc81c157dfdb82ec42f252178a22307808988d22c043f9eb96f1e0fe80?s=96&d=mm&r=g\",\"caption\":\"mennworldcon\"},\"sameAs\":[\"https:\\\/\\\/mwc-cmm.org\"],\"url\":\"https:\\\/\\\/mwc-cmm.org\\\/fr\\\/stories\\\/author\\\/mennworldcon\\\/\"}]}<\/script>\n<!-- \/ Yoast SEO plugin. -->","yoast_head_json":{"title":"Lettre pastorale pour les anabaptistes du Kenya - Mennonite World Conference","robots":{"index":"index","follow":"follow","max-snippet":"max-snippet:-1","max-image-preview":"max-image-preview:large","max-video-preview":"max-video-preview:-1"},"canonical":"https:\/\/mwc-cmm.org\/fr\/stories\/lettre-pastorale-pour-les-anabaptistes-mennonites-du-kenya\/","og_locale":"fr_FR","og_type":"article","og_title":"Lettre pastorale pour les anabaptistes du Kenya - Mennonite World Conference","og_description":"Nos fr\u00e8res et s\u0153urs de\u00a0l\u2019\u00c9glise mennonite du Kenya\u00a0ont demand\u00e9 \u00e0 prier pour que les pluies incessantes dans le comt\u00e9 de Kisumu se calment. Des semaines de pluies plus fortes que d\u2019habitude pour la saison ont fait des ravages dans de nombreuses parties de l\u2019Afrique de l\u2019Est, une r\u00e9gion vuln\u00e9rable aux catastrophes climatiques.","og_url":"https:\/\/mwc-cmm.org\/fr\/stories\/lettre-pastorale-pour-les-anabaptistes-mennonites-du-kenya\/","og_site_name":"Mennonite World Conference","article_publisher":"https:\/\/www.facebook.com\/MennoniteWorldConference","article_published_time":"2024-05-06T00:00:00+00:00","article_modified_time":"2025-04-08T19:22:29+00:00","og_image":[{"width":1026,"height":596,"url":"https:\/\/mwc-cmm.org\/wp-content\/uploads\/2024\/11\/download_1.png","type":"image\/png"}],"author":"mennworldcon","schema":{"@context":"https:\/\/schema.org","@graph":[{"@type":"Article","@id":"https:\/\/mwc-cmm.org\/fr\/stories\/lettre-pastorale-pour-les-anabaptistes-mennonites-du-kenya\/#article","isPartOf":{"@id":"https:\/\/mwc-cmm.org\/fr\/stories\/lettre-pastorale-pour-les-anabaptistes-mennonites-du-kenya\/"},"author":{"name":"mennworldcon","@id":"https:\/\/mwc-cmm.org\/en\/#\/schema\/person\/11f6ae0d7d1868ba20a1cc27f067c836"},"headline":"Lettre pastorale pour les anabaptistes du Kenya","datePublished":"2024-05-06T00:00:00+00:00","dateModified":"2025-04-08T19:22:29+00:00","mainEntityOfPage":{"@id":"https:\/\/mwc-cmm.org\/fr\/stories\/lettre-pastorale-pour-les-anabaptistes-mennonites-du-kenya\/"},"wordCount":276,"publisher":{"@id":"https:\/\/mwc-cmm.org\/en\/#organization"},"image":{"@id":"https:\/\/mwc-cmm.org\/fr\/stories\/lettre-pastorale-pour-les-anabaptistes-mennonites-du-kenya\/#primaryimage"},"thumbnailUrl":"https:\/\/mwc-cmm.org\/wp-content\/uploads\/2024\/11\/download_1.png","keywords":["pastoral letter","prayer"],"articleSection":["Pri\u00e8re urgente"],"inLanguage":"fr-FR"},{"@type":"WebPage","@id":"https:\/\/mwc-cmm.org\/fr\/stories\/lettre-pastorale-pour-les-anabaptistes-mennonites-du-kenya\/","url":"https:\/\/mwc-cmm.org\/fr\/stories\/lettre-pastorale-pour-les-anabaptistes-mennonites-du-kenya\/","name":"Lettre pastorale pour les anabaptistes du Kenya - Mennonite World Conference","isPartOf":{"@id":"https:\/\/mwc-cmm.org\/en\/#website"},"primaryImageOfPage":{"@id":"https:\/\/mwc-cmm.org\/fr\/stories\/lettre-pastorale-pour-les-anabaptistes-mennonites-du-kenya\/#primaryimage"},"image":{"@id":"https:\/\/mwc-cmm.org\/fr\/stories\/lettre-pastorale-pour-les-anabaptistes-mennonites-du-kenya\/#primaryimage"},"thumbnailUrl":"https:\/\/mwc-cmm.org\/wp-content\/uploads\/2024\/11\/download_1.png","datePublished":"2024-05-06T00:00:00+00:00","dateModified":"2025-04-08T19:22:29+00:00","breadcrumb":{"@id":"https:\/\/mwc-cmm.org\/fr\/stories\/lettre-pastorale-pour-les-anabaptistes-mennonites-du-kenya\/#breadcrumb"},"inLanguage":"fr-FR","potentialAction":[{"@type":"ReadAction","target":["https:\/\/mwc-cmm.org\/fr\/stories\/lettre-pastorale-pour-les-anabaptistes-mennonites-du-kenya\/"]}]},{"@type":"ImageObject","inLanguage":"fr-FR","@id":"https:\/\/mwc-cmm.org\/fr\/stories\/lettre-pastorale-pour-les-anabaptistes-mennonites-du-kenya\/#primaryimage","url":"https:\/\/mwc-cmm.org\/wp-content\/uploads\/2024\/11\/download_1.png","contentUrl":"https:\/\/mwc-cmm.org\/wp-content\/uploads\/2024\/11\/download_1.png","width":1026,"height":596},{"@type":"BreadcrumbList","@id":"https:\/\/mwc-cmm.org\/fr\/stories\/lettre-pastorale-pour-les-anabaptistes-mennonites-du-kenya\/#breadcrumb","itemListElement":[{"@type":"ListItem","position":1,"name":"Home","item":"https:\/\/mwc-cmm.org\/fr\/"},{"@type":"ListItem","position":2,"name":"Lettre pastorale pour les anabaptistes du Kenya"}]},{"@type":"WebSite","@id":"https:\/\/mwc-cmm.org\/en\/#website","url":"https:\/\/mwc-cmm.org\/en\/","name":"Mennonite World Conference","description":"A communion of Anabaptist-related churches","publisher":{"@id":"https:\/\/mwc-cmm.org\/en\/#organization"},"alternateName":"MWC","potentialAction":[{"@type":"SearchAction","target":{"@type":"EntryPoint","urlTemplate":"https:\/\/mwc-cmm.org\/en\/?s={search_term_string}"},"query-input":{"@type":"PropertyValueSpecification","valueRequired":true,"valueName":"search_term_string"}}],"inLanguage":"fr-FR"},{"@type":"Organization","@id":"https:\/\/mwc-cmm.org\/en\/#organization","name":"Mennonite World Conference","alternateName":"MWC","url":"https:\/\/mwc-cmm.org\/en\/","logo":{"@type":"ImageObject","inLanguage":"fr-FR","@id":"https:\/\/mwc-cmm.org\/en\/#\/schema\/logo\/image\/","url":"https:\/\/mwc-cmm.org\/wp-content\/uploads\/2026\/01\/MWC_Sig_Blue_Horiz_webheader1-logo.svg","contentUrl":"https:\/\/mwc-cmm.org\/wp-content\/uploads\/2026\/01\/MWC_Sig_Blue_Horiz_webheader1-logo.svg","width":786,"height":82,"caption":"Mennonite World Conference"},"image":{"@id":"https:\/\/mwc-cmm.org\/en\/#\/schema\/logo\/image\/"},"sameAs":["https:\/\/www.facebook.com\/MennoniteWorldConference","https:\/\/www.linkedin.com\/company\/mennonite-world-conference-mwc\/","https:\/\/www.instagram.com\/mwcmm\/","https:\/\/www.youtube.com\/user\/mwccmm","https:\/\/bsky.app\/profile\/mwcmm.bsky.social"]},{"@type":"Person","@id":"https:\/\/mwc-cmm.org\/en\/#\/schema\/person\/11f6ae0d7d1868ba20a1cc27f067c836","name":"mennworldcon","image":{"@type":"ImageObject","inLanguage":"fr-FR","@id":"https:\/\/secure.gravatar.com\/avatar\/06fdc0dc81c157dfdb82ec42f252178a22307808988d22c043f9eb96f1e0fe80?s=96&d=mm&r=g","url":"https:\/\/secure.gravatar.com\/avatar\/06fdc0dc81c157dfdb82ec42f252178a22307808988d22c043f9eb96f1e0fe80?s=96&d=mm&r=g","contentUrl":"https:\/\/secure.gravatar.com\/avatar\/06fdc0dc81c157dfdb82ec42f252178a22307808988d22c043f9eb96f1e0fe80?s=96&d=mm&r=g","caption":"mennworldcon"},"sameAs":["https:\/\/mwc-cmm.org"],"url":"https:\/\/mwc-cmm.org\/fr\/stories\/author\/mennworldcon\/"}]}},"_links":{"self":[{"href":"https:\/\/mwc-cmm.org\/fr\/wp-json\/wp\/v2\/posts\/10636","targetHints":{"allow":["GET"]}}],"collection":[{"href":"https:\/\/mwc-cmm.org\/fr\/wp-json\/wp\/v2\/posts"}],"about":[{"href":"https:\/\/mwc-cmm.org\/fr\/wp-json\/wp\/v2\/types\/post"}],"author":[{"embeddable":true,"href":"https:\/\/mwc-cmm.org\/fr\/wp-json\/wp\/v2\/users\/1"}],"replies":[{"embeddable":true,"href":"https:\/\/mwc-cmm.org\/fr\/wp-json\/wp\/v2\/comments?post=10636"}],"version-history":[{"count":0,"href":"https:\/\/mwc-cmm.org\/fr\/wp-json\/wp\/v2\/posts\/10636\/revisions"}],"wp:featuredmedia":[{"embeddable":true,"href":"https:\/\/mwc-cmm.org\/fr\/wp-json\/wp\/v2\/media\/98118"}],"wp:attachment":[{"href":"https:\/\/mwc-cmm.org\/fr\/wp-json\/wp\/v2\/media?parent=10636"}],"wp:term":[{"taxonomy":"category","embeddable":true,"href":"https:\/\/mwc-cmm.org\/fr\/wp-json\/wp\/v2\/categories?post=10636"},{"taxonomy":"post_tag","embeddable":true,"href":"https:\/\/mwc-cmm.org\/fr\/wp-json\/wp\/v2\/tags?post=10636"},{"taxonomy":"network","embeddable":true,"href":"https:\/\/mwc-cmm.org\/fr\/wp-json\/wp\/v2\/network?post=10636"},{"taxonomy":"eventcategory","embeddable":true,"href":"https:\/\/mwc-cmm.org\/fr\/wp-json\/wp\/v2\/eventcategory?post=10636"}],"curies":[{"name":"wp","href":"https:\/\/api.w.org\/{rel}","templated":true}]}}