{"id":10634,"date":"2024-04-25T00:00:00","date_gmt":"2024-04-25T00:00:00","guid":{"rendered":"https:\/\/mwc-cmm.org\/mkc-promises-memorable-and-inspirational-assembly-3\/"},"modified":"2025-07-30T12:28:24","modified_gmt":"2025-07-30T12:28:24","slug":"mkc-promet-une-assemblee-memorable-et-inspirante","status":"publish","type":"post","link":"https:\/\/mwc-cmm.org\/fr\/stories\/mkc-promet-une-assemblee-memorable-et-inspirante\/","title":{"rendered":"MKC promet une Assembl\u00e9e m\u00e9morable et inspirante"},"content":{"rendered":"\n<p>L\u2019<a href=\"https:\/\/mwc-cmm.org\/fr\/assemblee-reunie-0\">Assembl\u00e9e de la CMM<\/a> en \u00c9thiopie en 2028 franchit une premi\u00e8re \u00e9tape avec la signature d\u2019un accord de coop\u00e9ration et la nomination d\u2019un conseil consultatif national.<\/p>\n\n\n\n<p>Du 11 au 17&nbsp;janvier 2024, les responsables de la CMM, Liesa Unger (responsable des \u00e9v\u00e9nements internationaux), Sunoko Lin (tr\u00e9sori\u00e8re), Lisa Carr-Pries (vice-pr\u00e9sidente) et Henk Stenvers (pr\u00e9sident), se sont rendus en \u00c9thiopie. Ils ont rencontr\u00e9 les responsables locaux de l\u2019\u00e9glise Meserete Kristos Church (MKC), membre de la CMM, et ont visit\u00e9 des sites potentiels \u00e0 Addis Ababa et Bishoftu.<\/p>\n\n\n\n<p>Quatre repr\u00e9sentants ont \u00e9t\u00e9 nomm\u00e9s au Conseil consultatif national (CCN) et une nomination est en cours.&nbsp;<\/p>\n\n\n\n<ul class=\"wp-block-list\">\n<li>Tewodros Beyene, pr\u00e9sident<\/li>\n\n\n\n<li>Tewodros Moges, vice chair\u00a0<\/li>\n\n\n\n<li>Tigist Tesfaye, secr\u00e9taire de s\u00e9ance<\/li>\n\n\n\n<li>Aboma Tefera, repr\u00e9sentant des communications<\/li>\n\n\n\n<li>[en attente], repr\u00e9sentant des jeunes<\/li>\n<\/ul>\n\n\n\n<p>Le Conseil Consultatif National est compos\u00e9 de repr\u00e9sentants des unions d\u2019\u00c9glises membres dont il d\u00e9pend. Son r\u00f4le est de conseiller la CMM sur la planification de l\u2019Assembl\u00e9e, d\u2019assurer la participation des \u00c9glises h\u00f4tes, d\u2019\u00e9valuer les dons que la MKC peut apporter, de lancer des collectes de fonds locales et de communiquer sur l\u2019\u00e9v\u00e9nement avec les assembl\u00e9es locales.&nbsp;&nbsp;<\/p>\n\n\n\n<figure class=\"wp-block-image size-large\"><img decoding=\"async\" width=\"1024\" height=\"768\" data-src=\"https:\/\/mwc-cmm.org\/wp-content\/uploads\/2025\/06\/20240114HenkStenvers20240114_110725-1024x768.jpg\" alt=\"\" class=\"wp-image-115848 lazyload\" data-srcset=\"https:\/\/mwc-cmm.org\/wp-content\/uploads\/2025\/06\/20240114HenkStenvers20240114_110725-1024x768.jpg 1024w, https:\/\/mwc-cmm.org\/wp-content\/uploads\/2025\/06\/20240114HenkStenvers20240114_110725-300x225.jpg 300w, https:\/\/mwc-cmm.org\/wp-content\/uploads\/2025\/06\/20240114HenkStenvers20240114_110725-768x576.jpg 768w, https:\/\/mwc-cmm.org\/wp-content\/uploads\/2025\/06\/20240114HenkStenvers20240114_110725-1536x1152.jpg 1536w, https:\/\/mwc-cmm.org\/wp-content\/uploads\/2025\/06\/20240114HenkStenvers20240114_110725-2048x1536.jpg 2048w\" data-sizes=\"(max-width: 1024px) 100vw, 1024px\" src=\"data:image\/svg+xml;base64,PHN2ZyB3aWR0aD0iMSIgaGVpZ2h0PSIxIiB4bWxucz0iaHR0cDovL3d3dy53My5vcmcvMjAwMC9zdmciPjwvc3ZnPg==\" style=\"--smush-placeholder-width: 1024px; --smush-placeholder-aspect-ratio: 1024\/768;\" \/><\/figure>\n\n\n\n<p>\u00ab&nbsp;C\u2019est un honneur d\u2019accueillir la CMM&nbsp;2028 qui co\u00efncide avec le 500e&nbsp;anniversaire du mouvement mennonite&nbsp;\u00bb, d\u00e9clare Desalegn Abebe.<\/p>\n\n\n\n<p>La Conf\u00e9rence mennonite mondiale comm\u00e9more les 500&nbsp;ans des premiers bapt\u00eames anabaptistes \u00e0 Zurich, en Suisse, avec une s\u00e9rie d\u2019\u00e9v\u00e9nements Renouveau sur 10&nbsp;ans (2017-2028). \u00ab&nbsp;La MKC fera tout ce qui est en son pouvoir pour rendre la conf\u00e9rence m\u00e9morable et inspirante&nbsp;\u00bb, d\u00e9clare-t-il.<\/p>\n\n\n\n<p>\u00ab&nbsp;Nous sommes heureux de c\u00e9l\u00e9brer cet \u00e9v\u00e9nement historique en \u00c9thiopie, o\u00f9 se trouve la plus grande union d\u2019\u00c9glises membres de la CMM&nbsp;\u00bb, ajoute Henk Stenvers. \u00ab&nbsp;L\u2019anabaptisme est aujourd\u2019hui tr\u00e8s vivant et se d\u00e9veloppe dans le monde entier, en particulier en Afrique.&nbsp;\u00bb<\/p>\n\n\n\n<p>Les Assembl\u00e9es mondiales de la CMM ont souvent lieu en juillet. Cependant, la saison des pluies en \u00c9thiopie rend cette p\u00e9riode peu propice. Janvier (qui co\u00efncide avec les f\u00eates de No\u00ebl copte en \u00c9thiopie), avril (P\u00e2ques) et ao\u00fbt sont des p\u00e9riodes potentielles pour l\u2019assembl\u00e9e mondiale.<\/p>\n\n\n\n<p>\u00ab&nbsp;Nous nous r\u00e9jouissons d\u2019accueillir des milliers d\u2019anabaptistes-mennonites du monde entier pour cinq jours de culte, d\u2019apprentissage, d\u2019exp\u00e9riences et de relations interculturelles en \u00c9thiopie en 2028&nbsp;\u00bb, dit Liesa Unger.<\/p>\n\n\n\n<hr class=\"wp-block-separator has-alpha-channel-opacity\"\/>\n\n\n<div class=\"taxonomy-post_tag has-link-color wp-elements-4795dccc25dd561b10d5c166c095ced0 wp-block-post-terms has-text-color has-gray-color has-small-font-size\"><a href=\"https:\/\/mwc-cmm.org\/fr\/stories\/tag\/assemblee-reunie\/\" rel=\"tag\">Assembl\u00e9e r\u00e9unie<\/a><span class=\"wp-block-post-terms__separator\">, <\/span><a href=\"https:\/\/mwc-cmm.org\/fr\/stories\/tag\/ethiopia2028-fr\/\" rel=\"tag\">Ethiopia2028<\/a><span class=\"wp-block-post-terms__separator\">, <\/span><a href=\"https:\/\/mwc-cmm.org\/fr\/stories\/tag\/ethiopie\/\" rel=\"tag\">\u00c9thiopie<\/a><span class=\"wp-block-post-terms__separator\">, <\/span><a href=\"https:\/\/mwc-cmm.org\/fr\/stories\/tag\/gys-fr\/\" rel=\"tag\">GYS<\/a><span class=\"wp-block-post-terms__separator\">, <\/span><a href=\"https:\/\/mwc-cmm.org\/fr\/stories\/tag\/mkc-fr\/\" rel=\"tag\">MKC<\/a><span class=\"wp-block-post-terms__separator\">, <\/span><a href=\"https:\/\/mwc-cmm.org\/fr\/stories\/tag\/yabs-fr\/\" rel=\"tag\">YABs<\/a><\/div>\n\n\n<p><\/p>\n","protected":false},"excerpt":{"rendered":"<p>L\u2019Assembl\u00e9e de la CMM en \u00c9thiopie en 2028 franchit une premi\u00e8re \u00e9tape avec la signature d\u2019un accord de coop\u00e9ration et la nomination d\u2019un conseil consultatif national. Du 11 au 17&nbsp;janvier 2024, les responsables de la CMM, Liesa Unger (responsable des \u00e9v\u00e9nements internationaux), Sunoko Lin (tr\u00e9sori\u00e8re), Lisa Carr-Pries (vice-pr\u00e9sidente) et Henk Stenvers (pr\u00e9sident), se sont rendus [&hellip;]<\/p>\n","protected":false},"author":1,"featured_media":98090,"comment_status":"closed","ping_status":"closed","sticky":false,"template":"","format":"standard","meta":{"_acf_changed":false,"footnotes":""},"categories":[7],"tags":[498,1153,758,731,1018,396],"network":[],"eventcategory":[1494],"class_list":["post-10634","post","type-post","status-publish","format-standard","has-post-thumbnail","hentry","category-non-classifiee","tag-assemblee-reunie","tag-ethiopia2028-fr","tag-ethiopie","tag-gys-fr","tag-mkc-fr","tag-yabs-fr","eventcategory-assembly-fr"],"acf":[],"yoast_head":"<!-- This site is optimized with the Yoast SEO plugin v27.5 - https:\/\/yoast.com\/product\/yoast-seo-wordpress\/ -->\n<title>MKC promet une Assembl\u00e9e m\u00e9morable et inspirante - Mennonite World Conference<\/title>\n<meta name=\"robots\" content=\"index, follow, max-snippet:-1, max-image-preview:large, max-video-preview:-1\" \/>\n<link rel=\"canonical\" href=\"https:\/\/mwc-cmm.org\/fr\/stories\/mkc-promet-une-assemblee-memorable-et-inspirante\/\" \/>\n<meta property=\"og:locale\" content=\"fr_FR\" \/>\n<meta property=\"og:type\" content=\"article\" \/>\n<meta property=\"og:title\" content=\"MKC promet une Assembl\u00e9e m\u00e9morable et inspirante - Mennonite World Conference\" \/>\n<meta property=\"og:description\" content=\"L\u2019Assembl\u00e9e de la CMM en \u00c9thiopie en 2028 franchit une premi\u00e8re \u00e9tape avec la signature d\u2019un accord de coop\u00e9ration et la nomination d\u2019un conseil consultatif national. Du 11 au 17&nbsp;janvier 2024, les responsables de la CMM, Liesa Unger (responsable des \u00e9v\u00e9nements internationaux), Sunoko Lin (tr\u00e9sori\u00e8re), Lisa Carr-Pries (vice-pr\u00e9sidente) et Henk Stenvers (pr\u00e9sident), se sont rendus [&hellip;]\" \/>\n<meta property=\"og:url\" content=\"https:\/\/mwc-cmm.org\/fr\/stories\/mkc-promet-une-assemblee-memorable-et-inspirante\/\" \/>\n<meta property=\"og:site_name\" content=\"Mennonite World Conference\" \/>\n<meta property=\"article:publisher\" content=\"https:\/\/www.facebook.com\/MennoniteWorldConference\" \/>\n<meta property=\"article:published_time\" content=\"2024-04-25T00:00:00+00:00\" \/>\n<meta property=\"article:modified_time\" content=\"2025-07-30T12:28:24+00:00\" \/>\n<meta property=\"og:image\" content=\"https:\/\/mwc-cmm.org\/wp-content\/uploads\/2024\/11\/20240113liesaungerpxl_20240113_070113878.mp_-scaled.jpg\" \/>\n\t<meta property=\"og:image:width\" content=\"2560\" \/>\n\t<meta property=\"og:image:height\" content=\"1928\" \/>\n\t<meta property=\"og:image:type\" content=\"image\/jpeg\" \/>\n<meta name=\"author\" content=\"mennworldcon\" \/>\n<script type=\"application\/ld+json\" class=\"yoast-schema-graph\">{\"@context\":\"https:\\\/\\\/schema.org\",\"@graph\":[{\"@type\":\"Article\",\"@id\":\"https:\\\/\\\/mwc-cmm.org\\\/fr\\\/stories\\\/mkc-promet-une-assemblee-memorable-et-inspirante\\\/#article\",\"isPartOf\":{\"@id\":\"https:\\\/\\\/mwc-cmm.org\\\/fr\\\/stories\\\/mkc-promet-une-assemblee-memorable-et-inspirante\\\/\"},\"author\":{\"name\":\"mennworldcon\",\"@id\":\"https:\\\/\\\/mwc-cmm.org\\\/en\\\/#\\\/schema\\\/person\\\/11f6ae0d7d1868ba20a1cc27f067c836\"},\"headline\":\"MKC promet une Assembl\u00e9e m\u00e9morable et inspirante\",\"datePublished\":\"2024-04-25T00:00:00+00:00\",\"dateModified\":\"2025-07-30T12:28:24+00:00\",\"mainEntityOfPage\":{\"@id\":\"https:\\\/\\\/mwc-cmm.org\\\/fr\\\/stories\\\/mkc-promet-une-assemblee-memorable-et-inspirante\\\/\"},\"wordCount\":441,\"publisher\":{\"@id\":\"https:\\\/\\\/mwc-cmm.org\\\/en\\\/#organization\"},\"image\":{\"@id\":\"https:\\\/\\\/mwc-cmm.org\\\/fr\\\/stories\\\/mkc-promet-une-assemblee-memorable-et-inspirante\\\/#primaryimage\"},\"thumbnailUrl\":\"https:\\\/\\\/mwc-cmm.org\\\/wp-content\\\/uploads\\\/2024\\\/11\\\/20240113liesaungerpxl_20240113_070113878.mp_-scaled.jpg\",\"keywords\":[\"Assembl\u00e9e r\u00e9unie\",\"Ethiopia2028\",\"\u00c9thiopie\",\"GYS\",\"MKC\",\"YABs\"],\"articleSection\":[\"Non classifi\u00e9(e)\"],\"inLanguage\":\"fr-FR\"},{\"@type\":\"WebPage\",\"@id\":\"https:\\\/\\\/mwc-cmm.org\\\/fr\\\/stories\\\/mkc-promet-une-assemblee-memorable-et-inspirante\\\/\",\"url\":\"https:\\\/\\\/mwc-cmm.org\\\/fr\\\/stories\\\/mkc-promet-une-assemblee-memorable-et-inspirante\\\/\",\"name\":\"MKC promet une Assembl\u00e9e m\u00e9morable et inspirante - Mennonite World Conference\",\"isPartOf\":{\"@id\":\"https:\\\/\\\/mwc-cmm.org\\\/en\\\/#website\"},\"primaryImageOfPage\":{\"@id\":\"https:\\\/\\\/mwc-cmm.org\\\/fr\\\/stories\\\/mkc-promet-une-assemblee-memorable-et-inspirante\\\/#primaryimage\"},\"image\":{\"@id\":\"https:\\\/\\\/mwc-cmm.org\\\/fr\\\/stories\\\/mkc-promet-une-assemblee-memorable-et-inspirante\\\/#primaryimage\"},\"thumbnailUrl\":\"https:\\\/\\\/mwc-cmm.org\\\/wp-content\\\/uploads\\\/2024\\\/11\\\/20240113liesaungerpxl_20240113_070113878.mp_-scaled.jpg\",\"datePublished\":\"2024-04-25T00:00:00+00:00\",\"dateModified\":\"2025-07-30T12:28:24+00:00\",\"breadcrumb\":{\"@id\":\"https:\\\/\\\/mwc-cmm.org\\\/fr\\\/stories\\\/mkc-promet-une-assemblee-memorable-et-inspirante\\\/#breadcrumb\"},\"inLanguage\":\"fr-FR\",\"potentialAction\":[{\"@type\":\"ReadAction\",\"target\":[\"https:\\\/\\\/mwc-cmm.org\\\/fr\\\/stories\\\/mkc-promet-une-assemblee-memorable-et-inspirante\\\/\"]}]},{\"@type\":\"ImageObject\",\"inLanguage\":\"fr-FR\",\"@id\":\"https:\\\/\\\/mwc-cmm.org\\\/fr\\\/stories\\\/mkc-promet-une-assemblee-memorable-et-inspirante\\\/#primaryimage\",\"url\":\"https:\\\/\\\/mwc-cmm.org\\\/wp-content\\\/uploads\\\/2024\\\/11\\\/20240113liesaungerpxl_20240113_070113878.mp_-scaled.jpg\",\"contentUrl\":\"https:\\\/\\\/mwc-cmm.org\\\/wp-content\\\/uploads\\\/2024\\\/11\\\/20240113liesaungerpxl_20240113_070113878.mp_-scaled.jpg\",\"width\":2560,\"height\":1928},{\"@type\":\"BreadcrumbList\",\"@id\":\"https:\\\/\\\/mwc-cmm.org\\\/fr\\\/stories\\\/mkc-promet-une-assemblee-memorable-et-inspirante\\\/#breadcrumb\",\"itemListElement\":[{\"@type\":\"ListItem\",\"position\":1,\"name\":\"Home\",\"item\":\"https:\\\/\\\/mwc-cmm.org\\\/fr\\\/\"},{\"@type\":\"ListItem\",\"position\":2,\"name\":\"MKC promet une Assembl\u00e9e m\u00e9morable et inspirante\"}]},{\"@type\":\"WebSite\",\"@id\":\"https:\\\/\\\/mwc-cmm.org\\\/en\\\/#website\",\"url\":\"https:\\\/\\\/mwc-cmm.org\\\/en\\\/\",\"name\":\"Mennonite World Conference\",\"description\":\"A communion of Anabaptist-related churches\",\"publisher\":{\"@id\":\"https:\\\/\\\/mwc-cmm.org\\\/en\\\/#organization\"},\"alternateName\":\"MWC\",\"potentialAction\":[{\"@type\":\"SearchAction\",\"target\":{\"@type\":\"EntryPoint\",\"urlTemplate\":\"https:\\\/\\\/mwc-cmm.org\\\/en\\\/?s={search_term_string}\"},\"query-input\":{\"@type\":\"PropertyValueSpecification\",\"valueRequired\":true,\"valueName\":\"search_term_string\"}}],\"inLanguage\":\"fr-FR\"},{\"@type\":\"Organization\",\"@id\":\"https:\\\/\\\/mwc-cmm.org\\\/en\\\/#organization\",\"name\":\"Mennonite World Conference\",\"alternateName\":\"MWC\",\"url\":\"https:\\\/\\\/mwc-cmm.org\\\/en\\\/\",\"logo\":{\"@type\":\"ImageObject\",\"inLanguage\":\"fr-FR\",\"@id\":\"https:\\\/\\\/mwc-cmm.org\\\/en\\\/#\\\/schema\\\/logo\\\/image\\\/\",\"url\":\"https:\\\/\\\/mwc-cmm.org\\\/wp-content\\\/uploads\\\/2026\\\/01\\\/MWC_Sig_Blue_Horiz_webheader1-logo.svg\",\"contentUrl\":\"https:\\\/\\\/mwc-cmm.org\\\/wp-content\\\/uploads\\\/2026\\\/01\\\/MWC_Sig_Blue_Horiz_webheader1-logo.svg\",\"width\":786,\"height\":82,\"caption\":\"Mennonite World Conference\"},\"image\":{\"@id\":\"https:\\\/\\\/mwc-cmm.org\\\/en\\\/#\\\/schema\\\/logo\\\/image\\\/\"},\"sameAs\":[\"https:\\\/\\\/www.facebook.com\\\/MennoniteWorldConference\",\"https:\\\/\\\/www.linkedin.com\\\/company\\\/mennonite-world-conference-mwc\\\/\",\"https:\\\/\\\/www.instagram.com\\\/mwcmm\\\/\",\"https:\\\/\\\/www.youtube.com\\\/user\\\/mwccmm\",\"https:\\\/\\\/bsky.app\\\/profile\\\/mwcmm.bsky.social\"]},{\"@type\":\"Person\",\"@id\":\"https:\\\/\\\/mwc-cmm.org\\\/en\\\/#\\\/schema\\\/person\\\/11f6ae0d7d1868ba20a1cc27f067c836\",\"name\":\"mennworldcon\",\"image\":{\"@type\":\"ImageObject\",\"inLanguage\":\"fr-FR\",\"@id\":\"https:\\\/\\\/secure.gravatar.com\\\/avatar\\\/06fdc0dc81c157dfdb82ec42f252178a22307808988d22c043f9eb96f1e0fe80?s=96&d=mm&r=g\",\"url\":\"https:\\\/\\\/secure.gravatar.com\\\/avatar\\\/06fdc0dc81c157dfdb82ec42f252178a22307808988d22c043f9eb96f1e0fe80?s=96&d=mm&r=g\",\"contentUrl\":\"https:\\\/\\\/secure.gravatar.com\\\/avatar\\\/06fdc0dc81c157dfdb82ec42f252178a22307808988d22c043f9eb96f1e0fe80?s=96&d=mm&r=g\",\"caption\":\"mennworldcon\"},\"sameAs\":[\"https:\\\/\\\/mwc-cmm.org\"],\"url\":\"https:\\\/\\\/mwc-cmm.org\\\/fr\\\/stories\\\/author\\\/mennworldcon\\\/\"}]}<\/script>\n<!-- \/ Yoast SEO plugin. -->","yoast_head_json":{"title":"MKC promet une Assembl\u00e9e m\u00e9morable et inspirante - Mennonite World Conference","robots":{"index":"index","follow":"follow","max-snippet":"max-snippet:-1","max-image-preview":"max-image-preview:large","max-video-preview":"max-video-preview:-1"},"canonical":"https:\/\/mwc-cmm.org\/fr\/stories\/mkc-promet-une-assemblee-memorable-et-inspirante\/","og_locale":"fr_FR","og_type":"article","og_title":"MKC promet une Assembl\u00e9e m\u00e9morable et inspirante - Mennonite World Conference","og_description":"L\u2019Assembl\u00e9e de la CMM en \u00c9thiopie en 2028 franchit une premi\u00e8re \u00e9tape avec la signature d\u2019un accord de coop\u00e9ration et la nomination d\u2019un conseil consultatif national. Du 11 au 17&nbsp;janvier 2024, les responsables de la CMM, Liesa Unger (responsable des \u00e9v\u00e9nements internationaux), Sunoko Lin (tr\u00e9sori\u00e8re), Lisa Carr-Pries (vice-pr\u00e9sidente) et Henk Stenvers (pr\u00e9sident), se sont rendus [&hellip;]","og_url":"https:\/\/mwc-cmm.org\/fr\/stories\/mkc-promet-une-assemblee-memorable-et-inspirante\/","og_site_name":"Mennonite World Conference","article_publisher":"https:\/\/www.facebook.com\/MennoniteWorldConference","article_published_time":"2024-04-25T00:00:00+00:00","article_modified_time":"2025-07-30T12:28:24+00:00","og_image":[{"width":2560,"height":1928,"url":"https:\/\/mwc-cmm.org\/wp-content\/uploads\/2024\/11\/20240113liesaungerpxl_20240113_070113878.mp_-scaled.jpg","type":"image\/jpeg"}],"author":"mennworldcon","schema":{"@context":"https:\/\/schema.org","@graph":[{"@type":"Article","@id":"https:\/\/mwc-cmm.org\/fr\/stories\/mkc-promet-une-assemblee-memorable-et-inspirante\/#article","isPartOf":{"@id":"https:\/\/mwc-cmm.org\/fr\/stories\/mkc-promet-une-assemblee-memorable-et-inspirante\/"},"author":{"name":"mennworldcon","@id":"https:\/\/mwc-cmm.org\/en\/#\/schema\/person\/11f6ae0d7d1868ba20a1cc27f067c836"},"headline":"MKC promet une Assembl\u00e9e m\u00e9morable et inspirante","datePublished":"2024-04-25T00:00:00+00:00","dateModified":"2025-07-30T12:28:24+00:00","mainEntityOfPage":{"@id":"https:\/\/mwc-cmm.org\/fr\/stories\/mkc-promet-une-assemblee-memorable-et-inspirante\/"},"wordCount":441,"publisher":{"@id":"https:\/\/mwc-cmm.org\/en\/#organization"},"image":{"@id":"https:\/\/mwc-cmm.org\/fr\/stories\/mkc-promet-une-assemblee-memorable-et-inspirante\/#primaryimage"},"thumbnailUrl":"https:\/\/mwc-cmm.org\/wp-content\/uploads\/2024\/11\/20240113liesaungerpxl_20240113_070113878.mp_-scaled.jpg","keywords":["Assembl\u00e9e r\u00e9unie","Ethiopia2028","\u00c9thiopie","GYS","MKC","YABs"],"articleSection":["Non classifi\u00e9(e)"],"inLanguage":"fr-FR"},{"@type":"WebPage","@id":"https:\/\/mwc-cmm.org\/fr\/stories\/mkc-promet-une-assemblee-memorable-et-inspirante\/","url":"https:\/\/mwc-cmm.org\/fr\/stories\/mkc-promet-une-assemblee-memorable-et-inspirante\/","name":"MKC promet une Assembl\u00e9e m\u00e9morable et inspirante - Mennonite World Conference","isPartOf":{"@id":"https:\/\/mwc-cmm.org\/en\/#website"},"primaryImageOfPage":{"@id":"https:\/\/mwc-cmm.org\/fr\/stories\/mkc-promet-une-assemblee-memorable-et-inspirante\/#primaryimage"},"image":{"@id":"https:\/\/mwc-cmm.org\/fr\/stories\/mkc-promet-une-assemblee-memorable-et-inspirante\/#primaryimage"},"thumbnailUrl":"https:\/\/mwc-cmm.org\/wp-content\/uploads\/2024\/11\/20240113liesaungerpxl_20240113_070113878.mp_-scaled.jpg","datePublished":"2024-04-25T00:00:00+00:00","dateModified":"2025-07-30T12:28:24+00:00","breadcrumb":{"@id":"https:\/\/mwc-cmm.org\/fr\/stories\/mkc-promet-une-assemblee-memorable-et-inspirante\/#breadcrumb"},"inLanguage":"fr-FR","potentialAction":[{"@type":"ReadAction","target":["https:\/\/mwc-cmm.org\/fr\/stories\/mkc-promet-une-assemblee-memorable-et-inspirante\/"]}]},{"@type":"ImageObject","inLanguage":"fr-FR","@id":"https:\/\/mwc-cmm.org\/fr\/stories\/mkc-promet-une-assemblee-memorable-et-inspirante\/#primaryimage","url":"https:\/\/mwc-cmm.org\/wp-content\/uploads\/2024\/11\/20240113liesaungerpxl_20240113_070113878.mp_-scaled.jpg","contentUrl":"https:\/\/mwc-cmm.org\/wp-content\/uploads\/2024\/11\/20240113liesaungerpxl_20240113_070113878.mp_-scaled.jpg","width":2560,"height":1928},{"@type":"BreadcrumbList","@id":"https:\/\/mwc-cmm.org\/fr\/stories\/mkc-promet-une-assemblee-memorable-et-inspirante\/#breadcrumb","itemListElement":[{"@type":"ListItem","position":1,"name":"Home","item":"https:\/\/mwc-cmm.org\/fr\/"},{"@type":"ListItem","position":2,"name":"MKC promet une Assembl\u00e9e m\u00e9morable et inspirante"}]},{"@type":"WebSite","@id":"https:\/\/mwc-cmm.org\/en\/#website","url":"https:\/\/mwc-cmm.org\/en\/","name":"Mennonite World Conference","description":"A communion of Anabaptist-related churches","publisher":{"@id":"https:\/\/mwc-cmm.org\/en\/#organization"},"alternateName":"MWC","potentialAction":[{"@type":"SearchAction","target":{"@type":"EntryPoint","urlTemplate":"https:\/\/mwc-cmm.org\/en\/?s={search_term_string}"},"query-input":{"@type":"PropertyValueSpecification","valueRequired":true,"valueName":"search_term_string"}}],"inLanguage":"fr-FR"},{"@type":"Organization","@id":"https:\/\/mwc-cmm.org\/en\/#organization","name":"Mennonite World Conference","alternateName":"MWC","url":"https:\/\/mwc-cmm.org\/en\/","logo":{"@type":"ImageObject","inLanguage":"fr-FR","@id":"https:\/\/mwc-cmm.org\/en\/#\/schema\/logo\/image\/","url":"https:\/\/mwc-cmm.org\/wp-content\/uploads\/2026\/01\/MWC_Sig_Blue_Horiz_webheader1-logo.svg","contentUrl":"https:\/\/mwc-cmm.org\/wp-content\/uploads\/2026\/01\/MWC_Sig_Blue_Horiz_webheader1-logo.svg","width":786,"height":82,"caption":"Mennonite World Conference"},"image":{"@id":"https:\/\/mwc-cmm.org\/en\/#\/schema\/logo\/image\/"},"sameAs":["https:\/\/www.facebook.com\/MennoniteWorldConference","https:\/\/www.linkedin.com\/company\/mennonite-world-conference-mwc\/","https:\/\/www.instagram.com\/mwcmm\/","https:\/\/www.youtube.com\/user\/mwccmm","https:\/\/bsky.app\/profile\/mwcmm.bsky.social"]},{"@type":"Person","@id":"https:\/\/mwc-cmm.org\/en\/#\/schema\/person\/11f6ae0d7d1868ba20a1cc27f067c836","name":"mennworldcon","image":{"@type":"ImageObject","inLanguage":"fr-FR","@id":"https:\/\/secure.gravatar.com\/avatar\/06fdc0dc81c157dfdb82ec42f252178a22307808988d22c043f9eb96f1e0fe80?s=96&d=mm&r=g","url":"https:\/\/secure.gravatar.com\/avatar\/06fdc0dc81c157dfdb82ec42f252178a22307808988d22c043f9eb96f1e0fe80?s=96&d=mm&r=g","contentUrl":"https:\/\/secure.gravatar.com\/avatar\/06fdc0dc81c157dfdb82ec42f252178a22307808988d22c043f9eb96f1e0fe80?s=96&d=mm&r=g","caption":"mennworldcon"},"sameAs":["https:\/\/mwc-cmm.org"],"url":"https:\/\/mwc-cmm.org\/fr\/stories\/author\/mennworldcon\/"}]}},"_links":{"self":[{"href":"https:\/\/mwc-cmm.org\/fr\/wp-json\/wp\/v2\/posts\/10634","targetHints":{"allow":["GET"]}}],"collection":[{"href":"https:\/\/mwc-cmm.org\/fr\/wp-json\/wp\/v2\/posts"}],"about":[{"href":"https:\/\/mwc-cmm.org\/fr\/wp-json\/wp\/v2\/types\/post"}],"author":[{"embeddable":true,"href":"https:\/\/mwc-cmm.org\/fr\/wp-json\/wp\/v2\/users\/1"}],"replies":[{"embeddable":true,"href":"https:\/\/mwc-cmm.org\/fr\/wp-json\/wp\/v2\/comments?post=10634"}],"version-history":[{"count":0,"href":"https:\/\/mwc-cmm.org\/fr\/wp-json\/wp\/v2\/posts\/10634\/revisions"}],"wp:featuredmedia":[{"embeddable":true,"href":"https:\/\/mwc-cmm.org\/fr\/wp-json\/wp\/v2\/media\/98090"}],"wp:attachment":[{"href":"https:\/\/mwc-cmm.org\/fr\/wp-json\/wp\/v2\/media?parent=10634"}],"wp:term":[{"taxonomy":"category","embeddable":true,"href":"https:\/\/mwc-cmm.org\/fr\/wp-json\/wp\/v2\/categories?post=10634"},{"taxonomy":"post_tag","embeddable":true,"href":"https:\/\/mwc-cmm.org\/fr\/wp-json\/wp\/v2\/tags?post=10634"},{"taxonomy":"network","embeddable":true,"href":"https:\/\/mwc-cmm.org\/fr\/wp-json\/wp\/v2\/network?post=10634"},{"taxonomy":"eventcategory","embeddable":true,"href":"https:\/\/mwc-cmm.org\/fr\/wp-json\/wp\/v2\/eventcategory?post=10634"}],"curies":[{"name":"wp","href":"https:\/\/api.w.org\/{rel}","templated":true}]}}