{"id":10630,"date":"2024-04-12T00:00:00","date_gmt":"2024-04-12T00:00:00","guid":{"rendered":"https:\/\/mwc-cmm.org\/in-memoriam-reverend-bleise-nzamba-1957-2024-3\/"},"modified":"2024-12-10T17:21:04","modified_gmt":"2024-12-10T17:21:04","slug":"memoriam-reverend-bleise-nzamba-1957-2024","status":"publish","type":"post","link":"https:\/\/mwc-cmm.org\/fr\/stories\/memoriam-reverend-bleise-nzamba-1957-2024\/","title":{"rendered":"In Memoriam: R\u00e9v\u00e9rend Bleise Nzamba (1957-2024)"},"content":{"rendered":"<p>Le r\u00e9v\u00e9rend Bleise Nzamba, repr\u00e9sentant l\u00e9gal de Igreja da&nbsp;Comunidade Menonita em Angola (ICMA), est d\u00e9c\u00e9d\u00e9 le 30&nbsp;mars 2024. Il a si\u00e9g\u00e9 au Conseil g\u00e9n\u00e9ral de la Conf\u00e9rence mennonite mondiale en Indon\u00e9sie en 2022 et au Kenya en 2018.<\/p>\n<p>Le r\u00e9v\u00e9rend Bleise Nzamba a \u00e9tudi\u00e9 au Nyanga College en RD Congo, o\u00f9 il a \u00e9t\u00e9 baptis\u00e9 dans l\u2019\u00e9glise Mennonite du Congo. En 2013, il a suivi des \u00e9tudes de th\u00e9ologie \u00e0 l\u2019Instituto Superior no Huambo, en Angola, et a obtenu un master en th\u00e9ologie \u00e0 la Logos Faculdade Batista en 2024.<\/p>\n<p>Il a \u00e9t\u00e9 ordonn\u00e9 r\u00e9v\u00e9rend pasteur \u00e0 l\u2019Igreja da Comunidade Menonita em Angola (ICMA). En 2010, il est nomm\u00e9 surintendant de la province eccl\u00e9siastique de Luanda jusqu\u2019\u00e0 la fin de son mandat en d\u00e9cembre 2013.<\/p>\n<p>De 2014 \u00e0 2017, il a occup\u00e9 le poste de repr\u00e9sentant l\u00e9gal adjoint de l\u2019ICMA.<\/p>\n<p>En d\u00e9cembre 2017, il est \u00e9lu au poste de repr\u00e9sentant l\u00e9gal de l\u2019ICMA et est r\u00e9\u00e9lu au m\u00eame poste lors de la VIIIe assembl\u00e9e g\u00e9n\u00e9rale \u00e9lective en d\u00e9cembre 2023 dans la ville de Dundo, province de Lunda-Norte.<\/p>\n<p>En 2023, il est nomm\u00e9 pr\u00e9sident du Conseil des partenaires en Angola de l\u2019Africa Inter &#8211; Mennonite Mission (AIMM).<\/p>\n<p>\u00ab&nbsp;Le fruit de son travail est \u00e9vident \u00e0 travers ce que Dieu fait dans la communaut\u00e9 mennonite d\u2019Angola&nbsp;\u00bb, d\u00e9clare le bulletin de la Mission Inter-Mennonite d\u2019Afrique (MIMA).<\/p>\n<p>\u00ab&nbsp;Nous sommes reconnaissants envers les responsables d\u2019\u00e9glises pour leur service et nous pleurons avec ceux qui ont perdu un mentor et un ami. Nous prions pour la sagesse alors que l\u2019\u00e9glise ICMA discerne un nouveau responsable pour le r\u00f4le de repr\u00e9sentant l\u00e9gal. Que les membres de l\u2019ICMA continuent \u00e0 marcher dans la fid\u00e9lit\u00e9 \u00e0 J\u00e9sus, en vivant comme des artisans de paix et en partageant l\u2019\u00e9vangile&nbsp;\u00bb, a d\u00e9clar\u00e9 C\u00e9sar Garc\u00eda.<\/p>\n<p>Le r\u00e9v\u00e9rend Bleise Nzamba est regrett\u00e9 par sa marie, le r\u00e9v\u00e9rend Mahamba Leontina, ses trois enfants et ses cinq petits-enfants.<\/p>\n","protected":false},"excerpt":{"rendered":"<p>Le r\u00e9v\u00e9rend Bleise Nzamba, repr\u00e9sentant l\u00e9gal de Igreja da&nbsp;Comunidade Menonita em Angola (ICMA), est d\u00e9c\u00e9d\u00e9 le 30&nbsp;mars 2024. Il a si\u00e9g\u00e9 au Conseil g\u00e9n\u00e9ral de la Conf\u00e9rence mennonite mondiale en Indon\u00e9sie en 2022 et au Kenya en 2018. Le r\u00e9v\u00e9rend Bleise Nzamba a \u00e9tudi\u00e9 au Nyanga College en RD Congo, o\u00f9 il a \u00e9t\u00e9 baptis\u00e9 [&hellip;]<\/p>\n","protected":false},"author":1,"featured_media":98048,"comment_status":"closed","ping_status":"closed","sticky":false,"template":"","format":"standard","meta":{"_acf_changed":false,"footnotes":""},"categories":[7],"tags":[],"network":[],"eventcategory":[],"class_list":["post-10630","post","type-post","status-publish","format-standard","has-post-thumbnail","hentry","category-non-classifiee"],"acf":[],"yoast_head":"<!-- This site is optimized with the Yoast SEO plugin v27.2 - https:\/\/yoast.com\/product\/yoast-seo-wordpress\/ -->\n<title>In Memoriam: R\u00e9v\u00e9rend Bleise Nzamba (1957-2024) - Mennonite World Conference<\/title>\n<meta name=\"robots\" content=\"index, follow, max-snippet:-1, max-image-preview:large, max-video-preview:-1\" \/>\n<link rel=\"canonical\" href=\"https:\/\/mwc-cmm.org\/fr\/stories\/memoriam-reverend-bleise-nzamba-1957-2024\/\" \/>\n<meta property=\"og:locale\" content=\"fr_FR\" \/>\n<meta property=\"og:type\" content=\"article\" \/>\n<meta property=\"og:title\" content=\"In Memoriam: R\u00e9v\u00e9rend Bleise Nzamba (1957-2024) - Mennonite World Conference\" \/>\n<meta property=\"og:description\" content=\"Le r\u00e9v\u00e9rend Bleise Nzamba, repr\u00e9sentant l\u00e9gal de Igreja da&nbsp;Comunidade Menonita em Angola (ICMA), est d\u00e9c\u00e9d\u00e9 le 30&nbsp;mars 2024. Il a si\u00e9g\u00e9 au Conseil g\u00e9n\u00e9ral de la Conf\u00e9rence mennonite mondiale en Indon\u00e9sie en 2022 et au Kenya en 2018. Le r\u00e9v\u00e9rend Bleise Nzamba a \u00e9tudi\u00e9 au Nyanga College en RD Congo, o\u00f9 il a \u00e9t\u00e9 baptis\u00e9 [&hellip;]\" \/>\n<meta property=\"og:url\" content=\"https:\/\/mwc-cmm.org\/fr\/stories\/memoriam-reverend-bleise-nzamba-1957-2024\/\" \/>\n<meta property=\"og:site_name\" content=\"Mennonite World Conference\" \/>\n<meta property=\"article:publisher\" content=\"https:\/\/www.facebook.com\/MennoniteWorldConference\" \/>\n<meta property=\"article:published_time\" content=\"2024-04-12T00:00:00+00:00\" \/>\n<meta property=\"article:modified_time\" content=\"2024-12-10T17:21:04+00:00\" \/>\n<meta property=\"og:image\" content=\"https:\/\/mwc-cmm.org\/wp-content\/uploads\/2024\/11\/gc-bleisenzamba-2.png\" \/>\n\t<meta property=\"og:image:width\" content=\"600\" \/>\n\t<meta property=\"og:image:height\" content=\"848\" \/>\n\t<meta property=\"og:image:type\" content=\"image\/png\" \/>\n<meta name=\"author\" content=\"mennworldcon\" \/>\n<script type=\"application\/ld+json\" class=\"yoast-schema-graph\">{\"@context\":\"https:\/\/schema.org\",\"@graph\":[{\"@type\":\"Article\",\"@id\":\"https:\/\/mwc-cmm.org\/fr\/stories\/memoriam-reverend-bleise-nzamba-1957-2024\/#article\",\"isPartOf\":{\"@id\":\"https:\/\/mwc-cmm.org\/fr\/stories\/memoriam-reverend-bleise-nzamba-1957-2024\/\"},\"author\":{\"name\":\"mennworldcon\",\"@id\":\"https:\/\/mwc-cmm.org\/en\/#\/schema\/person\/11f6ae0d7d1868ba20a1cc27f067c836\"},\"headline\":\"In Memoriam: R\u00e9v\u00e9rend Bleise Nzamba (1957-2024)\",\"datePublished\":\"2024-04-12T00:00:00+00:00\",\"dateModified\":\"2024-12-10T17:21:04+00:00\",\"mainEntityOfPage\":{\"@id\":\"https:\/\/mwc-cmm.org\/fr\/stories\/memoriam-reverend-bleise-nzamba-1957-2024\/\"},\"wordCount\":365,\"publisher\":{\"@id\":\"https:\/\/mwc-cmm.org\/en\/#organization\"},\"image\":{\"@id\":\"https:\/\/mwc-cmm.org\/fr\/stories\/memoriam-reverend-bleise-nzamba-1957-2024\/#primaryimage\"},\"thumbnailUrl\":\"https:\/\/mwc-cmm.org\/wp-content\/uploads\/2024\/11\/gc-bleisenzamba-2.png\",\"articleSection\":[\"Non classifi\u00e9(e)\"],\"inLanguage\":\"fr-FR\"},{\"@type\":\"WebPage\",\"@id\":\"https:\/\/mwc-cmm.org\/fr\/stories\/memoriam-reverend-bleise-nzamba-1957-2024\/\",\"url\":\"https:\/\/mwc-cmm.org\/fr\/stories\/memoriam-reverend-bleise-nzamba-1957-2024\/\",\"name\":\"In Memoriam: R\u00e9v\u00e9rend Bleise Nzamba (1957-2024) - Mennonite World Conference\",\"isPartOf\":{\"@id\":\"https:\/\/mwc-cmm.org\/en\/#website\"},\"primaryImageOfPage\":{\"@id\":\"https:\/\/mwc-cmm.org\/fr\/stories\/memoriam-reverend-bleise-nzamba-1957-2024\/#primaryimage\"},\"image\":{\"@id\":\"https:\/\/mwc-cmm.org\/fr\/stories\/memoriam-reverend-bleise-nzamba-1957-2024\/#primaryimage\"},\"thumbnailUrl\":\"https:\/\/mwc-cmm.org\/wp-content\/uploads\/2024\/11\/gc-bleisenzamba-2.png\",\"datePublished\":\"2024-04-12T00:00:00+00:00\",\"dateModified\":\"2024-12-10T17:21:04+00:00\",\"breadcrumb\":{\"@id\":\"https:\/\/mwc-cmm.org\/fr\/stories\/memoriam-reverend-bleise-nzamba-1957-2024\/#breadcrumb\"},\"inLanguage\":\"fr-FR\",\"potentialAction\":[{\"@type\":\"ReadAction\",\"target\":[\"https:\/\/mwc-cmm.org\/fr\/stories\/memoriam-reverend-bleise-nzamba-1957-2024\/\"]}]},{\"@type\":\"ImageObject\",\"inLanguage\":\"fr-FR\",\"@id\":\"https:\/\/mwc-cmm.org\/fr\/stories\/memoriam-reverend-bleise-nzamba-1957-2024\/#primaryimage\",\"url\":\"https:\/\/mwc-cmm.org\/wp-content\/uploads\/2024\/11\/gc-bleisenzamba-2.png\",\"contentUrl\":\"https:\/\/mwc-cmm.org\/wp-content\/uploads\/2024\/11\/gc-bleisenzamba-2.png\",\"width\":600,\"height\":848},{\"@type\":\"BreadcrumbList\",\"@id\":\"https:\/\/mwc-cmm.org\/fr\/stories\/memoriam-reverend-bleise-nzamba-1957-2024\/#breadcrumb\",\"itemListElement\":[{\"@type\":\"ListItem\",\"position\":1,\"name\":\"Home\",\"item\":\"https:\/\/mwc-cmm.org\/fr\/\"},{\"@type\":\"ListItem\",\"position\":2,\"name\":\"In Memoriam: R\u00e9v\u00e9rend Bleise Nzamba (1957-2024)\"}]},{\"@type\":\"WebSite\",\"@id\":\"https:\/\/mwc-cmm.org\/en\/#website\",\"url\":\"https:\/\/mwc-cmm.org\/en\/\",\"name\":\"Mennonite World Conference\",\"description\":\"A communion of Anabaptist-related churches\",\"publisher\":{\"@id\":\"https:\/\/mwc-cmm.org\/en\/#organization\"},\"alternateName\":\"MWC\",\"potentialAction\":[{\"@type\":\"SearchAction\",\"target\":{\"@type\":\"EntryPoint\",\"urlTemplate\":\"https:\/\/mwc-cmm.org\/en\/?s={search_term_string}\"},\"query-input\":{\"@type\":\"PropertyValueSpecification\",\"valueRequired\":true,\"valueName\":\"search_term_string\"}}],\"inLanguage\":\"fr-FR\"},{\"@type\":\"Organization\",\"@id\":\"https:\/\/mwc-cmm.org\/en\/#organization\",\"name\":\"Mennonite World Conference\",\"alternateName\":\"MWC\",\"url\":\"https:\/\/mwc-cmm.org\/en\/\",\"logo\":{\"@type\":\"ImageObject\",\"inLanguage\":\"fr-FR\",\"@id\":\"https:\/\/mwc-cmm.org\/en\/#\/schema\/logo\/image\/\",\"url\":\"https:\/\/mwc-cmm.org\/wp-content\/uploads\/2026\/01\/MWC_Sig_Blue_Horiz_webheader1-logo.svg\",\"contentUrl\":\"https:\/\/mwc-cmm.org\/wp-content\/uploads\/2026\/01\/MWC_Sig_Blue_Horiz_webheader1-logo.svg\",\"width\":786,\"height\":82,\"caption\":\"Mennonite World Conference\"},\"image\":{\"@id\":\"https:\/\/mwc-cmm.org\/en\/#\/schema\/logo\/image\/\"},\"sameAs\":[\"https:\/\/www.facebook.com\/MennoniteWorldConference\",\"https:\/\/www.linkedin.com\/company\/mennonite-world-conference-mwc\/\",\"https:\/\/www.instagram.com\/mwcmm\/\",\"https:\/\/www.youtube.com\/user\/mwccmm\",\"https:\/\/bsky.app\/profile\/mwcmm.bsky.social\"]},{\"@type\":\"Person\",\"@id\":\"https:\/\/mwc-cmm.org\/en\/#\/schema\/person\/11f6ae0d7d1868ba20a1cc27f067c836\",\"name\":\"mennworldcon\",\"image\":{\"@type\":\"ImageObject\",\"inLanguage\":\"fr-FR\",\"@id\":\"https:\/\/secure.gravatar.com\/avatar\/06fdc0dc81c157dfdb82ec42f252178a22307808988d22c043f9eb96f1e0fe80?s=96&d=mm&r=g\",\"url\":\"https:\/\/secure.gravatar.com\/avatar\/06fdc0dc81c157dfdb82ec42f252178a22307808988d22c043f9eb96f1e0fe80?s=96&d=mm&r=g\",\"contentUrl\":\"https:\/\/secure.gravatar.com\/avatar\/06fdc0dc81c157dfdb82ec42f252178a22307808988d22c043f9eb96f1e0fe80?s=96&d=mm&r=g\",\"caption\":\"mennworldcon\"},\"sameAs\":[\"https:\/\/mwc-cmm.org\"],\"url\":\"https:\/\/mwc-cmm.org\/fr\/stories\/author\/mennworldcon\/\"}]}<\/script>\n<!-- \/ Yoast SEO plugin. -->","yoast_head_json":{"title":"In Memoriam: R\u00e9v\u00e9rend Bleise Nzamba (1957-2024) - Mennonite World Conference","robots":{"index":"index","follow":"follow","max-snippet":"max-snippet:-1","max-image-preview":"max-image-preview:large","max-video-preview":"max-video-preview:-1"},"canonical":"https:\/\/mwc-cmm.org\/fr\/stories\/memoriam-reverend-bleise-nzamba-1957-2024\/","og_locale":"fr_FR","og_type":"article","og_title":"In Memoriam: R\u00e9v\u00e9rend Bleise Nzamba (1957-2024) - Mennonite World Conference","og_description":"Le r\u00e9v\u00e9rend Bleise Nzamba, repr\u00e9sentant l\u00e9gal de Igreja da&nbsp;Comunidade Menonita em Angola (ICMA), est d\u00e9c\u00e9d\u00e9 le 30&nbsp;mars 2024. Il a si\u00e9g\u00e9 au Conseil g\u00e9n\u00e9ral de la Conf\u00e9rence mennonite mondiale en Indon\u00e9sie en 2022 et au Kenya en 2018. Le r\u00e9v\u00e9rend Bleise Nzamba a \u00e9tudi\u00e9 au Nyanga College en RD Congo, o\u00f9 il a \u00e9t\u00e9 baptis\u00e9 [&hellip;]","og_url":"https:\/\/mwc-cmm.org\/fr\/stories\/memoriam-reverend-bleise-nzamba-1957-2024\/","og_site_name":"Mennonite World Conference","article_publisher":"https:\/\/www.facebook.com\/MennoniteWorldConference","article_published_time":"2024-04-12T00:00:00+00:00","article_modified_time":"2024-12-10T17:21:04+00:00","og_image":[{"width":600,"height":848,"url":"https:\/\/mwc-cmm.org\/wp-content\/uploads\/2024\/11\/gc-bleisenzamba-2.png","type":"image\/png"}],"author":"mennworldcon","schema":{"@context":"https:\/\/schema.org","@graph":[{"@type":"Article","@id":"https:\/\/mwc-cmm.org\/fr\/stories\/memoriam-reverend-bleise-nzamba-1957-2024\/#article","isPartOf":{"@id":"https:\/\/mwc-cmm.org\/fr\/stories\/memoriam-reverend-bleise-nzamba-1957-2024\/"},"author":{"name":"mennworldcon","@id":"https:\/\/mwc-cmm.org\/en\/#\/schema\/person\/11f6ae0d7d1868ba20a1cc27f067c836"},"headline":"In Memoriam: R\u00e9v\u00e9rend Bleise Nzamba (1957-2024)","datePublished":"2024-04-12T00:00:00+00:00","dateModified":"2024-12-10T17:21:04+00:00","mainEntityOfPage":{"@id":"https:\/\/mwc-cmm.org\/fr\/stories\/memoriam-reverend-bleise-nzamba-1957-2024\/"},"wordCount":365,"publisher":{"@id":"https:\/\/mwc-cmm.org\/en\/#organization"},"image":{"@id":"https:\/\/mwc-cmm.org\/fr\/stories\/memoriam-reverend-bleise-nzamba-1957-2024\/#primaryimage"},"thumbnailUrl":"https:\/\/mwc-cmm.org\/wp-content\/uploads\/2024\/11\/gc-bleisenzamba-2.png","articleSection":["Non classifi\u00e9(e)"],"inLanguage":"fr-FR"},{"@type":"WebPage","@id":"https:\/\/mwc-cmm.org\/fr\/stories\/memoriam-reverend-bleise-nzamba-1957-2024\/","url":"https:\/\/mwc-cmm.org\/fr\/stories\/memoriam-reverend-bleise-nzamba-1957-2024\/","name":"In Memoriam: R\u00e9v\u00e9rend Bleise Nzamba (1957-2024) - Mennonite World Conference","isPartOf":{"@id":"https:\/\/mwc-cmm.org\/en\/#website"},"primaryImageOfPage":{"@id":"https:\/\/mwc-cmm.org\/fr\/stories\/memoriam-reverend-bleise-nzamba-1957-2024\/#primaryimage"},"image":{"@id":"https:\/\/mwc-cmm.org\/fr\/stories\/memoriam-reverend-bleise-nzamba-1957-2024\/#primaryimage"},"thumbnailUrl":"https:\/\/mwc-cmm.org\/wp-content\/uploads\/2024\/11\/gc-bleisenzamba-2.png","datePublished":"2024-04-12T00:00:00+00:00","dateModified":"2024-12-10T17:21:04+00:00","breadcrumb":{"@id":"https:\/\/mwc-cmm.org\/fr\/stories\/memoriam-reverend-bleise-nzamba-1957-2024\/#breadcrumb"},"inLanguage":"fr-FR","potentialAction":[{"@type":"ReadAction","target":["https:\/\/mwc-cmm.org\/fr\/stories\/memoriam-reverend-bleise-nzamba-1957-2024\/"]}]},{"@type":"ImageObject","inLanguage":"fr-FR","@id":"https:\/\/mwc-cmm.org\/fr\/stories\/memoriam-reverend-bleise-nzamba-1957-2024\/#primaryimage","url":"https:\/\/mwc-cmm.org\/wp-content\/uploads\/2024\/11\/gc-bleisenzamba-2.png","contentUrl":"https:\/\/mwc-cmm.org\/wp-content\/uploads\/2024\/11\/gc-bleisenzamba-2.png","width":600,"height":848},{"@type":"BreadcrumbList","@id":"https:\/\/mwc-cmm.org\/fr\/stories\/memoriam-reverend-bleise-nzamba-1957-2024\/#breadcrumb","itemListElement":[{"@type":"ListItem","position":1,"name":"Home","item":"https:\/\/mwc-cmm.org\/fr\/"},{"@type":"ListItem","position":2,"name":"In Memoriam: R\u00e9v\u00e9rend Bleise Nzamba (1957-2024)"}]},{"@type":"WebSite","@id":"https:\/\/mwc-cmm.org\/en\/#website","url":"https:\/\/mwc-cmm.org\/en\/","name":"Mennonite World Conference","description":"A communion of Anabaptist-related churches","publisher":{"@id":"https:\/\/mwc-cmm.org\/en\/#organization"},"alternateName":"MWC","potentialAction":[{"@type":"SearchAction","target":{"@type":"EntryPoint","urlTemplate":"https:\/\/mwc-cmm.org\/en\/?s={search_term_string}"},"query-input":{"@type":"PropertyValueSpecification","valueRequired":true,"valueName":"search_term_string"}}],"inLanguage":"fr-FR"},{"@type":"Organization","@id":"https:\/\/mwc-cmm.org\/en\/#organization","name":"Mennonite World Conference","alternateName":"MWC","url":"https:\/\/mwc-cmm.org\/en\/","logo":{"@type":"ImageObject","inLanguage":"fr-FR","@id":"https:\/\/mwc-cmm.org\/en\/#\/schema\/logo\/image\/","url":"https:\/\/mwc-cmm.org\/wp-content\/uploads\/2026\/01\/MWC_Sig_Blue_Horiz_webheader1-logo.svg","contentUrl":"https:\/\/mwc-cmm.org\/wp-content\/uploads\/2026\/01\/MWC_Sig_Blue_Horiz_webheader1-logo.svg","width":786,"height":82,"caption":"Mennonite World Conference"},"image":{"@id":"https:\/\/mwc-cmm.org\/en\/#\/schema\/logo\/image\/"},"sameAs":["https:\/\/www.facebook.com\/MennoniteWorldConference","https:\/\/www.linkedin.com\/company\/mennonite-world-conference-mwc\/","https:\/\/www.instagram.com\/mwcmm\/","https:\/\/www.youtube.com\/user\/mwccmm","https:\/\/bsky.app\/profile\/mwcmm.bsky.social"]},{"@type":"Person","@id":"https:\/\/mwc-cmm.org\/en\/#\/schema\/person\/11f6ae0d7d1868ba20a1cc27f067c836","name":"mennworldcon","image":{"@type":"ImageObject","inLanguage":"fr-FR","@id":"https:\/\/secure.gravatar.com\/avatar\/06fdc0dc81c157dfdb82ec42f252178a22307808988d22c043f9eb96f1e0fe80?s=96&d=mm&r=g","url":"https:\/\/secure.gravatar.com\/avatar\/06fdc0dc81c157dfdb82ec42f252178a22307808988d22c043f9eb96f1e0fe80?s=96&d=mm&r=g","contentUrl":"https:\/\/secure.gravatar.com\/avatar\/06fdc0dc81c157dfdb82ec42f252178a22307808988d22c043f9eb96f1e0fe80?s=96&d=mm&r=g","caption":"mennworldcon"},"sameAs":["https:\/\/mwc-cmm.org"],"url":"https:\/\/mwc-cmm.org\/fr\/stories\/author\/mennworldcon\/"}]}},"_links":{"self":[{"href":"https:\/\/mwc-cmm.org\/fr\/wp-json\/wp\/v2\/posts\/10630","targetHints":{"allow":["GET"]}}],"collection":[{"href":"https:\/\/mwc-cmm.org\/fr\/wp-json\/wp\/v2\/posts"}],"about":[{"href":"https:\/\/mwc-cmm.org\/fr\/wp-json\/wp\/v2\/types\/post"}],"author":[{"embeddable":true,"href":"https:\/\/mwc-cmm.org\/fr\/wp-json\/wp\/v2\/users\/1"}],"replies":[{"embeddable":true,"href":"https:\/\/mwc-cmm.org\/fr\/wp-json\/wp\/v2\/comments?post=10630"}],"version-history":[{"count":0,"href":"https:\/\/mwc-cmm.org\/fr\/wp-json\/wp\/v2\/posts\/10630\/revisions"}],"wp:featuredmedia":[{"embeddable":true,"href":"https:\/\/mwc-cmm.org\/fr\/wp-json\/wp\/v2\/media\/98048"}],"wp:attachment":[{"href":"https:\/\/mwc-cmm.org\/fr\/wp-json\/wp\/v2\/media?parent=10630"}],"wp:term":[{"taxonomy":"category","embeddable":true,"href":"https:\/\/mwc-cmm.org\/fr\/wp-json\/wp\/v2\/categories?post=10630"},{"taxonomy":"post_tag","embeddable":true,"href":"https:\/\/mwc-cmm.org\/fr\/wp-json\/wp\/v2\/tags?post=10630"},{"taxonomy":"network","embeddable":true,"href":"https:\/\/mwc-cmm.org\/fr\/wp-json\/wp\/v2\/network?post=10630"},{"taxonomy":"eventcategory","embeddable":true,"href":"https:\/\/mwc-cmm.org\/fr\/wp-json\/wp\/v2\/eventcategory?post=10630"}],"curies":[{"name":"wp","href":"https:\/\/api.w.org\/{rel}","templated":true}]}}