{"id":10629,"date":"2024-04-10T00:00:00","date_gmt":"2024-04-10T00:00:00","guid":{"rendered":"https:\/\/mwc-cmm.org\/another-way-3\/"},"modified":"2024-12-10T17:21:04","modified_gmt":"2024-12-10T17:21:04","slug":"une-autre-voie","status":"publish","type":"post","link":"https:\/\/mwc-cmm.org\/fr\/stories\/une-autre-voie\/","title":{"rendered":"Une autre voie"},"content":{"rendered":"<p>\u00ab&nbsp;Il faut que justice soit faite. Ils doivent payer pour le mal terrible qu\u2019ils ont fait&nbsp;\u00bb. Ces phrases et d\u2019autres du m\u00eame genre ont \u00e9t\u00e9 souvent r\u00e9p\u00e9t\u00e9es dans l\u2019actualit\u00e9 ces derniers mois.&nbsp;<\/p>\n<p>Dans mon pays, la Colombie, je n\u2019ai entendu que trop souvent les m\u00eames phrases sur les l\u00e8vres de chr\u00e9tiens qui pr\u00e9tendent suivre J\u00e9sus, le Dieu qui a choisi la compassion plut\u00f4t que la vengeance, celui qui nous a enseign\u00e9 \u00e0 donner \u00e0 nos ennemis et m\u00eame \u00e0 nos oppresseurs, non pas ce qu\u2019ils m\u00e9ritent, mais ce dont ils ont besoin.&nbsp;<\/p>\n<p>Alors que je r\u00e9fl\u00e9chis devant les images des atrocit\u00e9s caus\u00e9es par la guerre dans d\u2019innombrables endroits du monde, je me souviens des paroles d\u2019un sage rabbin juif, Jonathan Sacks, qui a \u00e9t\u00e9 le grand rabbin des Congr\u00e9gations h\u00e9bra\u00efques unies du Commonwealth de 1991 \u00e0 2013. Permettez-moi de citer quelques-uns de ses \u00e9crits&nbsp;:&nbsp;<\/p>\n<p>\u00ab&nbsp;Il est de la responsabilit\u00e9 [de la foi abrahamique] d\u2019\u00eatre une b\u00e9n\u00e9diction pour le monde&#8230;. Invoquer Dieu pour justifier la violence contre les innocents n\u2019est pas un acte de saintet\u00e9 mais de sacril\u00e8ge. C\u2019est une sorte de blasph\u00e8me. C\u2019est prendre le nom de Dieu en vain&nbsp;\u00bb&nbsp;[1].&nbsp;<\/p>\n<p>\u00ab&nbsp;Rien n\u2019est plus d\u00e9courageant que le cycle de vengeance qui hante les zones de conflit et enferme leurs populations dans un pass\u00e9 qui ne rel\u00e2che jamais son emprise. Tel a \u00e9t\u00e9 le sort des Balkans, de l\u2019Irlande du Nord, de l\u2019Inde et du Cachemire, du Moyen-Orient&#8230;. Les repr\u00e9sailles sont la r\u00e9ponse instinctive \u00e0 ce qui est per\u00e7u comme une injustice&#8230;. Les griefs historiques sont rarement oubli\u00e9s. Ils font partie de la m\u00e9moire collective d\u2019un peuple&#8230;. C\u2019est ce qui fait du pardon une id\u00e9e si contre-intuitive. C\u2019est plus qu\u2019une technique de r\u00e9solution des conflits. C\u2019est une strat\u00e9gie \u00e9tonnamment originale. Dans un monde sans pardon, le mal engendre le mal, la souffrance engendre la souffrance, et il n\u2019y a pas d\u2019autre moyen que l\u2019\u00e9puisement ou l\u2019oubli pour briser ce cycle. Le pardon seul peut le rompre&nbsp;\u00bb&nbsp;[2].&nbsp;<\/p>\n<p>Le rabbin Sacks observe \u2014 comme toute personne qui s\u2019est pench\u00e9e sur le conflit isra\u00e9lo-palestinien \u2014 que les questions sont complexes. Une solution acceptable pour les principales parties aurait d\u00e9j\u00e0 \u00e9t\u00e9 mise en \u0153uvre s\u2019il avait \u00e9t\u00e9 simple de la trouver.&nbsp;<\/p>\n<p>Une longue m\u00e9moire&nbsp;: les Isra\u00e9liens pensent \u00e0 \u00ab&nbsp;2&nbsp;000&nbsp;ans de souffrance juive et \u00e0 la n\u00e9cessit\u00e9 existentielle pour les juifs d\u2019avoir, quelque part sur terre, un espace d\u00e9fendable&nbsp;\u00bb, \u00e9crit le rabbin Sacks, et les Palestiniens se souviennent \u00ab&nbsp;des d\u00e9placements et des pertes, de l\u2019impuissance politique et des difficult\u00e9s \u00e9conomiques, de la d\u00e9faite humiliante et de la col\u00e8re&nbsp;\u00bb&nbsp;[3].&nbsp;<\/p>\n<p>Alors que chaque groupe tente de prot\u00e9ger son propre espace, leurs tentatives de pr\u00e9servation se traduisent parfois par des destructions qui affectent l\u2019autre et se retournent contre eux-m\u00eames. \u00ab&nbsp;Le pardon semble absurdement inadapt\u00e9 aux conflits d\u2019int\u00e9r\u00eats importants et \u00e0 la dynamique m\u00eame de la suspicion, de la m\u00e9fiance et des griefs cumul\u00e9s&nbsp;\u00bb, \u00e9crit le rabbin Sacks.&nbsp;<\/p>\n<p>\u00ab&nbsp;Pourtant, en fin de compte, la paix est \u00e9tablie, si tant est qu\u2019elle le soit, par des personnes qui reconnaissent le statut de personne de leurs adversaires. Tant que les Isra\u00e9liens et les Palestiniens ne seront pas capables de s\u2019\u00e9couter les uns les autres, d\u2019entendre l\u2019angoisse et la col\u00e8re de chacun et de laisser un espace cognitif aux espoirs de l\u2019autre, il n\u2019y aura pas d\u2019issue [\u2026 En tant que juif], j\u2019honore le pass\u00e9 non pas en le r\u00e9p\u00e9tant mais en en tirant les le\u00e7ons \u2014 en refusant d\u2019ajouter de la souffrance \u00e0 la souffrance, de la douleur \u00e0 la douleur. C\u2019est pourquoi nous devons r\u00e9pondre \u00e0 la haine par l\u2019amour, \u00e0 la violence par la paix, au ressentiment par la g\u00e9n\u00e9rosit\u00e9 d\u2019esprit et au conflit par la r\u00e9conciliation&nbsp;\u00bb&nbsp;[4].&nbsp;<\/p>\n<p>Au moment o\u00f9 j\u2019\u00e9cris ces mots, le cycle de la violence et des repr\u00e9sailles continue de s\u2019approfondir. Il est presque impossible de dire quoi que ce soit sur cette situation sans f\u00e2cher quelqu\u2019un quelque part, comme ce fut le cas avec la r\u00e9ponse conciliatrice \u00e0 la guerre au Moyen-Orient que nous avons r\u00e9dig\u00e9e en octobre 2023. Et pourtant, nous sommes appel\u00e9s \u00e0 r\u00e9pondre, en tant que Communion mondiale, \u00e0 ce sc\u00e9nario de guerre et \u00e0 beaucoup d\u2019autres sc\u00e9narios terribles que nous voyons aujourd\u2019hui. C\u2019est pourquoi nous vous invitons, dans ce num\u00e9ro du Courrier, \u00e0 r\u00e9fl\u00e9chir \u00e0 la compr\u00e9hension des messages bibliques en fonction des r\u00e9alit\u00e9s d\u2019aujourd\u2019hui.&nbsp;<\/p>\n<p>Oui, face \u00e0 de terribles atrocit\u00e9s, les gens, quels qu\u2019ils soient, ont le droit d\u2019exiger que les auteurs obtiennent ce qu\u2019ils m\u00e9ritent pour ce qu\u2019ils ont fait. Mais, gr\u00e2ce \u00e0 Dieu, il n\u2019est pas n\u00e9cessaire qu\u2019il en soit ainsi. Gr\u00e2ce \u00e0 Dieu, J\u00e9sus nous montre une autre voie.&nbsp;<\/p>\n<p><em>\u2014C\u00e9sar Garc\u00eda&nbsp;<\/em>est secr\u00e9taire g\u00e9n\u00e9ral de la Conf\u00e9rence Mennonite Mondiale. Originaire de Colombie, il vit \u00e0 Kitchener, Ontario (Canada).<\/p>\n<p>[1] Jonathan Sacks, <em>Dieu n\u2019a jamais voulu \u00e7a: La violence religieuse d\u00e9crypt\u00e9e,<\/em> 5.&nbsp;<br \/>\n[2] <em>La dignit\u00e9 de la diff\u00e9rence : Pour \u00e9viter le choc des civilisations,<\/em> 178-79.&nbsp;<br \/>\n[3] Ibid, 189-190.&nbsp;<br \/>\n[4] Ibid, 189-90.&nbsp;<\/p>\n<h4>Bibliographie&nbsp;<\/h4>\n<ul>\n<li>\n<p>Sacks, Jonathan. <em>The Dignity of Difference: How to Avoid the Clash of Civilizations. <\/em>London: Bloomsbury, 2003.&nbsp;(traduit chez Bayard, 2004 : <em>La Dignit\u00e9 de la diff\u00e9rence : Pour \u00e9viter le choc des civilisations<\/em>)&nbsp;<\/p>\n<\/li>\n<li>\u2014\u2014\u2014. <em>Not in God\u2019s Name: Confronting Religious Violence.<\/em><em> <\/em>First American edition. ed. New York: Schocken Books, 2015.&nbsp;(Traduit chez Albin Michel, 2018) : <em>Dieu n\u2019a jamais voulu \u00e7a: La violence religieuse d\u00e9crypt\u00e9e&nbsp;)<\/em><\/li>\n<\/ul>\n<hr>\n<p><em><strong><a href=\"https:\/\/mwc-cmm.org\/fr\/resources\/courrier-2024-1-fevrier\"><img decoding=\"async\" alt=\"39.1\" height=\"75\" data-src=\"\/sites\/default\/files\/website_files_2020\/feb_fr.png\" style=\"--smush-placeholder-width: 826px; --smush-placeholder-aspect-ratio: 826\/75;float:left\" width=\"826\" src=\"data:image\/svg+xml;base64,PHN2ZyB3aWR0aD0iMSIgaGVpZ2h0PSIxIiB4bWxucz0iaHR0cDovL3d3dy53My5vcmcvMjAwMC9zdmciPjwvc3ZnPg==\" class=\"lazyload\"><\/a><\/strong><\/em><\/p>\n","protected":false},"excerpt":{"rendered":"<p>\u00ab&nbsp;Il faut que justice soit faite. Ils doivent payer pour le mal terrible qu\u2019ils ont fait&nbsp;\u00bb. Ces phrases et d\u2019autres du m\u00eame genre ont \u00e9t\u00e9 souvent r\u00e9p\u00e9t\u00e9es dans l\u2019actualit\u00e9 ces derniers mois.&nbsp; Dans mon pays, la Colombie, je n\u2019ai entendu que trop souvent les m\u00eames phrases sur les l\u00e8vres de chr\u00e9tiens qui pr\u00e9tendent suivre J\u00e9sus, [&hellip;]<\/p>\n","protected":false},"author":1,"featured_media":98034,"comment_status":"closed","ping_status":"closed","sticky":false,"template":"","format":"standard","meta":{"_acf_changed":false,"footnotes":""},"categories":[7],"tags":[],"network":[1307],"eventcategory":[],"class_list":["post-10629","post","type-post","status-publish","format-standard","has-post-thumbnail","hentry","category-non-classifiee","network-courier-fr"],"acf":[],"yoast_head":"<!-- This site is optimized with the Yoast SEO plugin v27.5 - https:\/\/yoast.com\/product\/yoast-seo-wordpress\/ -->\n<title>Une autre voie - Mennonite World Conference<\/title>\n<meta name=\"robots\" content=\"index, follow, max-snippet:-1, max-image-preview:large, max-video-preview:-1\" \/>\n<link rel=\"canonical\" href=\"https:\/\/mwc-cmm.org\/fr\/stories\/une-autre-voie\/\" \/>\n<meta property=\"og:locale\" content=\"fr_FR\" \/>\n<meta property=\"og:type\" content=\"article\" \/>\n<meta property=\"og:title\" content=\"Une autre voie - Mennonite World Conference\" \/>\n<meta property=\"og:description\" content=\"\u00ab&nbsp;Il faut que justice soit faite. Ils doivent payer pour le mal terrible qu\u2019ils ont fait&nbsp;\u00bb. Ces phrases et d\u2019autres du m\u00eame genre ont \u00e9t\u00e9 souvent r\u00e9p\u00e9t\u00e9es dans l\u2019actualit\u00e9 ces derniers mois.&nbsp; Dans mon pays, la Colombie, je n\u2019ai entendu que trop souvent les m\u00eames phrases sur les l\u00e8vres de chr\u00e9tiens qui pr\u00e9tendent suivre J\u00e9sus, [&hellip;]\" \/>\n<meta property=\"og:url\" content=\"https:\/\/mwc-cmm.org\/fr\/stories\/une-autre-voie\/\" \/>\n<meta property=\"og:site_name\" content=\"Mennonite World Conference\" \/>\n<meta property=\"article:publisher\" content=\"https:\/\/www.facebook.com\/MennoniteWorldConference\" \/>\n<meta property=\"article:published_time\" content=\"2024-04-10T00:00:00+00:00\" \/>\n<meta property=\"article:modified_time\" content=\"2024-12-10T17:21:04+00:00\" \/>\n<meta property=\"og:image\" content=\"https:\/\/mwc-cmm.org\/wp-content\/uploads\/2024\/11\/ccc39.1-p-usa-saulopadilla-scaled.jpg\" \/>\n\t<meta property=\"og:image:width\" content=\"2560\" \/>\n\t<meta property=\"og:image:height\" content=\"2558\" \/>\n\t<meta property=\"og:image:type\" content=\"image\/jpeg\" \/>\n<meta name=\"author\" content=\"mennworldcon\" \/>\n<script type=\"application\/ld+json\" class=\"yoast-schema-graph\">{\"@context\":\"https:\\\/\\\/schema.org\",\"@graph\":[{\"@type\":\"Article\",\"@id\":\"https:\\\/\\\/mwc-cmm.org\\\/fr\\\/stories\\\/une-autre-voie\\\/#article\",\"isPartOf\":{\"@id\":\"https:\\\/\\\/mwc-cmm.org\\\/fr\\\/stories\\\/une-autre-voie\\\/\"},\"author\":{\"name\":\"mennworldcon\",\"@id\":\"https:\\\/\\\/mwc-cmm.org\\\/en\\\/#\\\/schema\\\/person\\\/11f6ae0d7d1868ba20a1cc27f067c836\"},\"headline\":\"Une autre voie\",\"datePublished\":\"2024-04-10T00:00:00+00:00\",\"dateModified\":\"2024-12-10T17:21:04+00:00\",\"mainEntityOfPage\":{\"@id\":\"https:\\\/\\\/mwc-cmm.org\\\/fr\\\/stories\\\/une-autre-voie\\\/\"},\"wordCount\":1033,\"publisher\":{\"@id\":\"https:\\\/\\\/mwc-cmm.org\\\/en\\\/#organization\"},\"image\":{\"@id\":\"https:\\\/\\\/mwc-cmm.org\\\/fr\\\/stories\\\/une-autre-voie\\\/#primaryimage\"},\"thumbnailUrl\":\"https:\\\/\\\/mwc-cmm.org\\\/wp-content\\\/uploads\\\/2024\\\/11\\\/ccc39.1-p-usa-saulopadilla-scaled.jpg\",\"articleSection\":[\"Non classifi\u00e9(e)\"],\"inLanguage\":\"fr-FR\"},{\"@type\":\"WebPage\",\"@id\":\"https:\\\/\\\/mwc-cmm.org\\\/fr\\\/stories\\\/une-autre-voie\\\/\",\"url\":\"https:\\\/\\\/mwc-cmm.org\\\/fr\\\/stories\\\/une-autre-voie\\\/\",\"name\":\"Une autre voie - Mennonite World Conference\",\"isPartOf\":{\"@id\":\"https:\\\/\\\/mwc-cmm.org\\\/en\\\/#website\"},\"primaryImageOfPage\":{\"@id\":\"https:\\\/\\\/mwc-cmm.org\\\/fr\\\/stories\\\/une-autre-voie\\\/#primaryimage\"},\"image\":{\"@id\":\"https:\\\/\\\/mwc-cmm.org\\\/fr\\\/stories\\\/une-autre-voie\\\/#primaryimage\"},\"thumbnailUrl\":\"https:\\\/\\\/mwc-cmm.org\\\/wp-content\\\/uploads\\\/2024\\\/11\\\/ccc39.1-p-usa-saulopadilla-scaled.jpg\",\"datePublished\":\"2024-04-10T00:00:00+00:00\",\"dateModified\":\"2024-12-10T17:21:04+00:00\",\"breadcrumb\":{\"@id\":\"https:\\\/\\\/mwc-cmm.org\\\/fr\\\/stories\\\/une-autre-voie\\\/#breadcrumb\"},\"inLanguage\":\"fr-FR\",\"potentialAction\":[{\"@type\":\"ReadAction\",\"target\":[\"https:\\\/\\\/mwc-cmm.org\\\/fr\\\/stories\\\/une-autre-voie\\\/\"]}]},{\"@type\":\"ImageObject\",\"inLanguage\":\"fr-FR\",\"@id\":\"https:\\\/\\\/mwc-cmm.org\\\/fr\\\/stories\\\/une-autre-voie\\\/#primaryimage\",\"url\":\"https:\\\/\\\/mwc-cmm.org\\\/wp-content\\\/uploads\\\/2024\\\/11\\\/ccc39.1-p-usa-saulopadilla-scaled.jpg\",\"contentUrl\":\"https:\\\/\\\/mwc-cmm.org\\\/wp-content\\\/uploads\\\/2024\\\/11\\\/ccc39.1-p-usa-saulopadilla-scaled.jpg\",\"width\":2560,\"height\":2558},{\"@type\":\"BreadcrumbList\",\"@id\":\"https:\\\/\\\/mwc-cmm.org\\\/fr\\\/stories\\\/une-autre-voie\\\/#breadcrumb\",\"itemListElement\":[{\"@type\":\"ListItem\",\"position\":1,\"name\":\"Home\",\"item\":\"https:\\\/\\\/mwc-cmm.org\\\/fr\\\/\"},{\"@type\":\"ListItem\",\"position\":2,\"name\":\"Une autre voie\"}]},{\"@type\":\"WebSite\",\"@id\":\"https:\\\/\\\/mwc-cmm.org\\\/en\\\/#website\",\"url\":\"https:\\\/\\\/mwc-cmm.org\\\/en\\\/\",\"name\":\"Mennonite World Conference\",\"description\":\"A communion of Anabaptist-related churches\",\"publisher\":{\"@id\":\"https:\\\/\\\/mwc-cmm.org\\\/en\\\/#organization\"},\"alternateName\":\"MWC\",\"potentialAction\":[{\"@type\":\"SearchAction\",\"target\":{\"@type\":\"EntryPoint\",\"urlTemplate\":\"https:\\\/\\\/mwc-cmm.org\\\/en\\\/?s={search_term_string}\"},\"query-input\":{\"@type\":\"PropertyValueSpecification\",\"valueRequired\":true,\"valueName\":\"search_term_string\"}}],\"inLanguage\":\"fr-FR\"},{\"@type\":\"Organization\",\"@id\":\"https:\\\/\\\/mwc-cmm.org\\\/en\\\/#organization\",\"name\":\"Mennonite World Conference\",\"alternateName\":\"MWC\",\"url\":\"https:\\\/\\\/mwc-cmm.org\\\/en\\\/\",\"logo\":{\"@type\":\"ImageObject\",\"inLanguage\":\"fr-FR\",\"@id\":\"https:\\\/\\\/mwc-cmm.org\\\/en\\\/#\\\/schema\\\/logo\\\/image\\\/\",\"url\":\"https:\\\/\\\/mwc-cmm.org\\\/wp-content\\\/uploads\\\/2026\\\/01\\\/MWC_Sig_Blue_Horiz_webheader1-logo.svg\",\"contentUrl\":\"https:\\\/\\\/mwc-cmm.org\\\/wp-content\\\/uploads\\\/2026\\\/01\\\/MWC_Sig_Blue_Horiz_webheader1-logo.svg\",\"width\":786,\"height\":82,\"caption\":\"Mennonite World Conference\"},\"image\":{\"@id\":\"https:\\\/\\\/mwc-cmm.org\\\/en\\\/#\\\/schema\\\/logo\\\/image\\\/\"},\"sameAs\":[\"https:\\\/\\\/www.facebook.com\\\/MennoniteWorldConference\",\"https:\\\/\\\/www.linkedin.com\\\/company\\\/mennonite-world-conference-mwc\\\/\",\"https:\\\/\\\/www.instagram.com\\\/mwcmm\\\/\",\"https:\\\/\\\/www.youtube.com\\\/user\\\/mwccmm\",\"https:\\\/\\\/bsky.app\\\/profile\\\/mwcmm.bsky.social\"]},{\"@type\":\"Person\",\"@id\":\"https:\\\/\\\/mwc-cmm.org\\\/en\\\/#\\\/schema\\\/person\\\/11f6ae0d7d1868ba20a1cc27f067c836\",\"name\":\"mennworldcon\",\"image\":{\"@type\":\"ImageObject\",\"inLanguage\":\"fr-FR\",\"@id\":\"https:\\\/\\\/secure.gravatar.com\\\/avatar\\\/06fdc0dc81c157dfdb82ec42f252178a22307808988d22c043f9eb96f1e0fe80?s=96&d=mm&r=g\",\"url\":\"https:\\\/\\\/secure.gravatar.com\\\/avatar\\\/06fdc0dc81c157dfdb82ec42f252178a22307808988d22c043f9eb96f1e0fe80?s=96&d=mm&r=g\",\"contentUrl\":\"https:\\\/\\\/secure.gravatar.com\\\/avatar\\\/06fdc0dc81c157dfdb82ec42f252178a22307808988d22c043f9eb96f1e0fe80?s=96&d=mm&r=g\",\"caption\":\"mennworldcon\"},\"sameAs\":[\"https:\\\/\\\/mwc-cmm.org\"],\"url\":\"https:\\\/\\\/mwc-cmm.org\\\/fr\\\/stories\\\/author\\\/mennworldcon\\\/\"}]}<\/script>\n<!-- \/ Yoast SEO plugin. -->","yoast_head_json":{"title":"Une autre voie - Mennonite World Conference","robots":{"index":"index","follow":"follow","max-snippet":"max-snippet:-1","max-image-preview":"max-image-preview:large","max-video-preview":"max-video-preview:-1"},"canonical":"https:\/\/mwc-cmm.org\/fr\/stories\/une-autre-voie\/","og_locale":"fr_FR","og_type":"article","og_title":"Une autre voie - Mennonite World Conference","og_description":"\u00ab&nbsp;Il faut que justice soit faite. Ils doivent payer pour le mal terrible qu\u2019ils ont fait&nbsp;\u00bb. Ces phrases et d\u2019autres du m\u00eame genre ont \u00e9t\u00e9 souvent r\u00e9p\u00e9t\u00e9es dans l\u2019actualit\u00e9 ces derniers mois.&nbsp; Dans mon pays, la Colombie, je n\u2019ai entendu que trop souvent les m\u00eames phrases sur les l\u00e8vres de chr\u00e9tiens qui pr\u00e9tendent suivre J\u00e9sus, [&hellip;]","og_url":"https:\/\/mwc-cmm.org\/fr\/stories\/une-autre-voie\/","og_site_name":"Mennonite World Conference","article_publisher":"https:\/\/www.facebook.com\/MennoniteWorldConference","article_published_time":"2024-04-10T00:00:00+00:00","article_modified_time":"2024-12-10T17:21:04+00:00","og_image":[{"width":2560,"height":2558,"url":"https:\/\/mwc-cmm.org\/wp-content\/uploads\/2024\/11\/ccc39.1-p-usa-saulopadilla-scaled.jpg","type":"image\/jpeg"}],"author":"mennworldcon","schema":{"@context":"https:\/\/schema.org","@graph":[{"@type":"Article","@id":"https:\/\/mwc-cmm.org\/fr\/stories\/une-autre-voie\/#article","isPartOf":{"@id":"https:\/\/mwc-cmm.org\/fr\/stories\/une-autre-voie\/"},"author":{"name":"mennworldcon","@id":"https:\/\/mwc-cmm.org\/en\/#\/schema\/person\/11f6ae0d7d1868ba20a1cc27f067c836"},"headline":"Une autre voie","datePublished":"2024-04-10T00:00:00+00:00","dateModified":"2024-12-10T17:21:04+00:00","mainEntityOfPage":{"@id":"https:\/\/mwc-cmm.org\/fr\/stories\/une-autre-voie\/"},"wordCount":1033,"publisher":{"@id":"https:\/\/mwc-cmm.org\/en\/#organization"},"image":{"@id":"https:\/\/mwc-cmm.org\/fr\/stories\/une-autre-voie\/#primaryimage"},"thumbnailUrl":"https:\/\/mwc-cmm.org\/wp-content\/uploads\/2024\/11\/ccc39.1-p-usa-saulopadilla-scaled.jpg","articleSection":["Non classifi\u00e9(e)"],"inLanguage":"fr-FR"},{"@type":"WebPage","@id":"https:\/\/mwc-cmm.org\/fr\/stories\/une-autre-voie\/","url":"https:\/\/mwc-cmm.org\/fr\/stories\/une-autre-voie\/","name":"Une autre voie - Mennonite World Conference","isPartOf":{"@id":"https:\/\/mwc-cmm.org\/en\/#website"},"primaryImageOfPage":{"@id":"https:\/\/mwc-cmm.org\/fr\/stories\/une-autre-voie\/#primaryimage"},"image":{"@id":"https:\/\/mwc-cmm.org\/fr\/stories\/une-autre-voie\/#primaryimage"},"thumbnailUrl":"https:\/\/mwc-cmm.org\/wp-content\/uploads\/2024\/11\/ccc39.1-p-usa-saulopadilla-scaled.jpg","datePublished":"2024-04-10T00:00:00+00:00","dateModified":"2024-12-10T17:21:04+00:00","breadcrumb":{"@id":"https:\/\/mwc-cmm.org\/fr\/stories\/une-autre-voie\/#breadcrumb"},"inLanguage":"fr-FR","potentialAction":[{"@type":"ReadAction","target":["https:\/\/mwc-cmm.org\/fr\/stories\/une-autre-voie\/"]}]},{"@type":"ImageObject","inLanguage":"fr-FR","@id":"https:\/\/mwc-cmm.org\/fr\/stories\/une-autre-voie\/#primaryimage","url":"https:\/\/mwc-cmm.org\/wp-content\/uploads\/2024\/11\/ccc39.1-p-usa-saulopadilla-scaled.jpg","contentUrl":"https:\/\/mwc-cmm.org\/wp-content\/uploads\/2024\/11\/ccc39.1-p-usa-saulopadilla-scaled.jpg","width":2560,"height":2558},{"@type":"BreadcrumbList","@id":"https:\/\/mwc-cmm.org\/fr\/stories\/une-autre-voie\/#breadcrumb","itemListElement":[{"@type":"ListItem","position":1,"name":"Home","item":"https:\/\/mwc-cmm.org\/fr\/"},{"@type":"ListItem","position":2,"name":"Une autre voie"}]},{"@type":"WebSite","@id":"https:\/\/mwc-cmm.org\/en\/#website","url":"https:\/\/mwc-cmm.org\/en\/","name":"Mennonite World Conference","description":"A communion of Anabaptist-related churches","publisher":{"@id":"https:\/\/mwc-cmm.org\/en\/#organization"},"alternateName":"MWC","potentialAction":[{"@type":"SearchAction","target":{"@type":"EntryPoint","urlTemplate":"https:\/\/mwc-cmm.org\/en\/?s={search_term_string}"},"query-input":{"@type":"PropertyValueSpecification","valueRequired":true,"valueName":"search_term_string"}}],"inLanguage":"fr-FR"},{"@type":"Organization","@id":"https:\/\/mwc-cmm.org\/en\/#organization","name":"Mennonite World Conference","alternateName":"MWC","url":"https:\/\/mwc-cmm.org\/en\/","logo":{"@type":"ImageObject","inLanguage":"fr-FR","@id":"https:\/\/mwc-cmm.org\/en\/#\/schema\/logo\/image\/","url":"https:\/\/mwc-cmm.org\/wp-content\/uploads\/2026\/01\/MWC_Sig_Blue_Horiz_webheader1-logo.svg","contentUrl":"https:\/\/mwc-cmm.org\/wp-content\/uploads\/2026\/01\/MWC_Sig_Blue_Horiz_webheader1-logo.svg","width":786,"height":82,"caption":"Mennonite World Conference"},"image":{"@id":"https:\/\/mwc-cmm.org\/en\/#\/schema\/logo\/image\/"},"sameAs":["https:\/\/www.facebook.com\/MennoniteWorldConference","https:\/\/www.linkedin.com\/company\/mennonite-world-conference-mwc\/","https:\/\/www.instagram.com\/mwcmm\/","https:\/\/www.youtube.com\/user\/mwccmm","https:\/\/bsky.app\/profile\/mwcmm.bsky.social"]},{"@type":"Person","@id":"https:\/\/mwc-cmm.org\/en\/#\/schema\/person\/11f6ae0d7d1868ba20a1cc27f067c836","name":"mennworldcon","image":{"@type":"ImageObject","inLanguage":"fr-FR","@id":"https:\/\/secure.gravatar.com\/avatar\/06fdc0dc81c157dfdb82ec42f252178a22307808988d22c043f9eb96f1e0fe80?s=96&d=mm&r=g","url":"https:\/\/secure.gravatar.com\/avatar\/06fdc0dc81c157dfdb82ec42f252178a22307808988d22c043f9eb96f1e0fe80?s=96&d=mm&r=g","contentUrl":"https:\/\/secure.gravatar.com\/avatar\/06fdc0dc81c157dfdb82ec42f252178a22307808988d22c043f9eb96f1e0fe80?s=96&d=mm&r=g","caption":"mennworldcon"},"sameAs":["https:\/\/mwc-cmm.org"],"url":"https:\/\/mwc-cmm.org\/fr\/stories\/author\/mennworldcon\/"}]}},"_links":{"self":[{"href":"https:\/\/mwc-cmm.org\/fr\/wp-json\/wp\/v2\/posts\/10629","targetHints":{"allow":["GET"]}}],"collection":[{"href":"https:\/\/mwc-cmm.org\/fr\/wp-json\/wp\/v2\/posts"}],"about":[{"href":"https:\/\/mwc-cmm.org\/fr\/wp-json\/wp\/v2\/types\/post"}],"author":[{"embeddable":true,"href":"https:\/\/mwc-cmm.org\/fr\/wp-json\/wp\/v2\/users\/1"}],"replies":[{"embeddable":true,"href":"https:\/\/mwc-cmm.org\/fr\/wp-json\/wp\/v2\/comments?post=10629"}],"version-history":[{"count":0,"href":"https:\/\/mwc-cmm.org\/fr\/wp-json\/wp\/v2\/posts\/10629\/revisions"}],"wp:featuredmedia":[{"embeddable":true,"href":"https:\/\/mwc-cmm.org\/fr\/wp-json\/wp\/v2\/media\/98034"}],"wp:attachment":[{"href":"https:\/\/mwc-cmm.org\/fr\/wp-json\/wp\/v2\/media?parent=10629"}],"wp:term":[{"taxonomy":"category","embeddable":true,"href":"https:\/\/mwc-cmm.org\/fr\/wp-json\/wp\/v2\/categories?post=10629"},{"taxonomy":"post_tag","embeddable":true,"href":"https:\/\/mwc-cmm.org\/fr\/wp-json\/wp\/v2\/tags?post=10629"},{"taxonomy":"network","embeddable":true,"href":"https:\/\/mwc-cmm.org\/fr\/wp-json\/wp\/v2\/network?post=10629"},{"taxonomy":"eventcategory","embeddable":true,"href":"https:\/\/mwc-cmm.org\/fr\/wp-json\/wp\/v2\/eventcategory?post=10629"}],"curies":[{"name":"wp","href":"https:\/\/api.w.org\/{rel}","templated":true}]}}