{"id":10624,"date":"2024-03-28T00:00:00","date_gmt":"2024-03-28T00:00:00","guid":{"rendered":"https:\/\/mwc-cmm.org\/power-of-prayer-cannot-be-underestimated-3\/"},"modified":"2024-12-10T17:21:00","modified_gmt":"2024-12-10T17:21:00","slug":"le-pouvoir-de-la-priere-ne-doit-pas-etre-sous-estime","status":"publish","type":"post","link":"https:\/\/mwc-cmm.org\/fr\/stories\/le-pouvoir-de-la-priere-ne-doit-pas-etre-sous-estime\/","title":{"rendered":"Le pouvoir de la pri\u00e8re ne doit pas \u00eatre sous-estim\u00e9"},"content":{"rendered":"<p>\u00ab&nbsp;Ceux qui sont impliqu\u00e9s dans des projets humanitaires et pastoraux connaissent la solitude, la lassitude, la faiblesse, l\u2019abattement, le cynisme\u2026 Mais tout cela a \u00e9t\u00e9 lav\u00e9 dans l\u2019eau et essuy\u00e9 avec des serviettes&nbsp;\u00bb, explique Denis Gorenkov, pasteur baptiste en Ukraine, \u00e0 propos du rituel du lavement des pieds avec Henk Stenvers, pr\u00e9sident de la CMM.&nbsp;&nbsp;&nbsp;<\/p>\n<p>Du 22 au 25&nbsp;f\u00e9vrier 2024, le pr\u00e9sident de la CMM, Henk Stenvers, a visit\u00e9 l\u2019Ukraine avec une \u00e9quipe de <a href=\"https:\/\/www.dniprohopemission.org\/\">Dnipro Hope Mission<\/a> (DHM).&nbsp;&nbsp;<\/p>\n<p>DHM a r\u00e9uni quelque 25&nbsp;pasteurs baptistes et fr\u00e8res mennonites, ainsi que leurs \u00e9pouses, qui travaillent sur des projets soutenus par DHM, dans l\u2019ouest de l\u2019Ukraine. Nombre de ces pasteurs travaillent pr\u00e8s des lignes de front, parfois m\u00eame comme aum\u00f4niers.&nbsp;&nbsp;<\/p>\n<p>L\u2019\u00e9quipe de DHM comprenait Joshua Searle, administrateur et fondateur, Rodger et Margaret Murchison, membres am\u00e9ricains du conseil d\u2019administration, et Max Zimmermann, professeur de th\u00e9ologie baptiste \u00e0 la Theologische Hochschule Elstal en Allemagne. Ils ont accueilli le pr\u00e9sident de la CMM dans leur d\u00e9l\u00e9gation, apr\u00e8s qu\u2019il leur ait demand\u00e9 de l\u2019aider \u00e0 organiser une rencontre avec les pasteurs fr\u00e8res mennonites.&nbsp;<\/p>\n<p>Le but de cette visite \u00e9tait de donner aux travailleurs quelques jours de repos, l\u2019occasion de partager leurs exp\u00e9riences et de montrer leur solidarit\u00e9.&nbsp;&nbsp;<\/p>\n<p>\u00ab&nbsp;Prier, \u00e9couter et m\u00eame \u00eatre pr\u00e9sent pendant trois petits jours semble si peu&nbsp;\u00bb, d\u00e9clare Henk Stenvers, \u00ab&nbsp;mais l\u2019importance de savoir que des gens pensent \u00e0 eux et prient pour eux ne peut \u00eatre sous-estim\u00e9e&nbsp;\u00bb.&nbsp;<\/p>\n<p>Henk Stenvers a emport\u00e9 en Ukraine un bagage suppl\u00e9mentaire contenant 400&nbsp;cartes manuscrites provenant des \u00e9glises Doopsgezinde des Pays-Bas. C\u2019est <a href=\"http:\/\/www.mgv.doopsgezind.nl\/\">Menno\u2019s Global Village<\/a>, une initiative de la jeunesse mennonite n\u00e9erlandaise visant \u00e0 mettre en contact des jeunes du monde entier, qui a initi\u00e9 et dirig\u00e9 la collecte.&nbsp;&nbsp;<\/p>\n<p>Le temps pass\u00e9 ensemble s\u2019est termin\u00e9 par un culte au cours duquel Max Zimmermann a d\u00e9livr\u00e9 un message inspirant, tir\u00e9 d\u2019\u00c9ph\u00e9siens&nbsp;3:14.&nbsp;&nbsp;<\/p>\n<p>Mais le moment le plus fort, comme l\u2019a racont\u00e9 le pasteur baptiste ci-dessus, a \u00e9t\u00e9 la soir\u00e9e de lavement des pieds et de communion.&nbsp;&nbsp;<\/p>\n<p>Le week-end comprenait des enseignements sur le repos et le soin de soi. Les pasteurs ont \u00e9galement eu des moments pour partager leurs exp\u00e9riences.&nbsp;&nbsp;<\/p>\n<p>Ils ont parl\u00e9 des repas et des abris qu\u2019ils ont distribu\u00e9s aux milliers de personnes d\u00e9plac\u00e9es dans les premiers jours de l\u2019invasion.&nbsp;&nbsp;<\/p>\n<p>Ils ont parl\u00e9 de leur service en tant qu\u2019aum\u00f4niers et de la douleur de perdre des amis et des membres de l\u2019\u00e9glise \u00e0 cause de la violence de la guerre.&nbsp;&nbsp;<\/p>\n<p>Ils ont parl\u00e9 de leur col\u00e8re face \u00e0 l\u2019invasion et \u00e0 la guerre, et des relations rompues avec le peuple russe.&nbsp;&nbsp;<\/p>\n<p>Ils ont parl\u00e9 du travail incessant pour r\u00e9pondre aux besoins physiques et \u00e9motionnels de la population.&nbsp;&nbsp;<\/p>\n<p>Ils ont parl\u00e9 de la fa\u00e7on dont les petites \u00e9glises libres sont devenues \u00ab&nbsp;visibles&nbsp;\u00bb dans la soci\u00e9t\u00e9 en offrant leur aide \u00e0 tous ceux qui la demandent.&nbsp;&nbsp;<\/p>\n<p>\u00ab&nbsp;Nous ne pouvons pas marcher \u00e0 votre place, mais nous pouvons faire comme J\u00e9sus et vous laver les pieds&nbsp;\u00bb, a d\u00e9clar\u00e9 Henk Stenvers. Les cinq membres de la d\u00e9l\u00e9gation du DHM ont lav\u00e9 les pieds de chaque personne pr\u00e9sente dans la salle. Pour beaucoup, c\u2019\u00e9tait la premi\u00e8re fois qu\u2019ils faisaient l\u2019exp\u00e9rience de ce rituel intime et vuln\u00e9rable.&nbsp;&nbsp;<\/p>\n<p>\u00ab&nbsp;Je l\u2019ai pr\u00e9sent\u00e9 comme un symbole de service&nbsp;\u00bb, explique Henk Stenvers.&nbsp;\u00bb Ensuite, nous avons partag\u00e9 la communion, qui symbolise le fait d\u2019\u00eatre ensemble dans la communaut\u00e9, ainsi que notre t\u00e9moignage de paix. Ce fut une soir\u00e9e tr\u00e8s \u00e9mouvante.&nbsp;<\/p>\n<p>Trois pasteurs fr\u00e8res mennonites qui faisaient partie de la d\u00e9l\u00e9gation ont parl\u00e9 \u00e0 Henk Stenvers de l\u2019\u00c9glise mennonite en Ukraine.&nbsp;&nbsp;<\/p>\n<p>Avec l\u2019aide des \u00e9glises mennonites d\u2019Europe et d\u2019Am\u00e9rique du Nord, les \u00e9glises des fr\u00e8res mennonites ont distribu\u00e9 plus de 2000&nbsp;tonnes d\u2019aide humanitaire (nourriture, doudous et autres fournitures). Elles travaillent en \u00e9troite collaboration avec d\u2019autres \u00e9glises protestantes, comme celles du DHM, dans le cadre de l\u2019aide humanitaire.&nbsp;<\/p>\n<p>\u00ab&nbsp;Dans des moments comme celui-ci, les diff\u00e9rences sont moins importantes que l\u2019aide aux personnes dans le besoin&nbsp;\u00bb, dit Henk Stenvers.&nbsp;<\/p>\n<hr>\n<h2>\u00ca propos de l\u2019Association des \u00c9glises des fr\u00e8res mennonites d\u2019Ukraine&nbsp;<\/h2>\n<p>Cr\u00e9\u00e9e en 2004, l\u2019\u00c9glise des fr\u00e8res mennonites d\u2019Ukraine compte aujourd\u2019hui environ 1&nbsp;000&nbsp;membres r\u00e9partis dans 18&nbsp;assembl\u00e9es.&nbsp;&nbsp;<\/p>\n<p>Six d\u2019entre elles se trouvent dans les territoires occup\u00e9s. Elles se r\u00e9unissent principalement dans les maisons&nbsp;; la communication avec le corps principal peut \u00eatre difficile et elles sont confront\u00e9es \u00e0 la suspicion du gouvernement.&nbsp;&nbsp;<\/p>\n<p>L\u2019\u00e9glise et le Centre mennonite de Molochansk que les responsables de la CMM avaient visit\u00e9s en 2019 ont \u00e9t\u00e9 repris par l\u2019arm\u00e9e russe et sont maintenant utilis\u00e9s \u00e0 des fins militaires ou de propagande.&nbsp;&nbsp;<\/p>\n<p style=\"text-align:center\"><img decoding=\"async\" alt=\"Comment pouvez-vous prier pour l\u2019Ukraine&nbsp;? \" height=\"300\" data-src=\"\/sites\/default\/files\/website_files_2020\/ukr_fr.jpg\" width=\"810\" src=\"data:image\/svg+xml;base64,PHN2ZyB3aWR0aD0iMSIgaGVpZ2h0PSIxIiB4bWxucz0iaHR0cDovL3d3dy53My5vcmcvMjAwMC9zdmciPjwvc3ZnPg==\" class=\"lazyload\" style=\"--smush-placeholder-width: 810px; --smush-placeholder-aspect-ratio: 810\/300;\"><\/p>\n<p>&nbsp;<\/p>\n","protected":false},"excerpt":{"rendered":"<p>\u00ab&nbsp;Ceux qui sont impliqu\u00e9s dans des projets humanitaires et pastoraux connaissent la solitude, la lassitude, la faiblesse, l\u2019abattement, le cynisme\u2026 Mais tout cela a \u00e9t\u00e9 lav\u00e9 dans l\u2019eau et essuy\u00e9 avec des serviettes&nbsp;\u00bb, explique Denis Gorenkov, pasteur baptiste en Ukraine, \u00e0 propos du rituel du lavement des pieds avec Henk Stenvers, pr\u00e9sident de la CMM.&nbsp;&nbsp;&nbsp; [&hellip;]<\/p>\n","protected":false},"author":1,"featured_media":97964,"comment_status":"closed","ping_status":"closed","sticky":false,"template":"","format":"standard","meta":{"_acf_changed":false,"footnotes":""},"categories":[7],"tags":[],"network":[],"eventcategory":[],"class_list":["post-10624","post","type-post","status-publish","format-standard","has-post-thumbnail","hentry","category-non-classifiee"],"acf":[],"yoast_head":"<!-- This site is optimized with the Yoast SEO plugin v27.2 - https:\/\/yoast.com\/product\/yoast-seo-wordpress\/ -->\n<title>Le pouvoir de la pri\u00e8re ne doit pas \u00eatre sous-estim\u00e9 - Mennonite World Conference<\/title>\n<meta name=\"robots\" content=\"index, follow, max-snippet:-1, max-image-preview:large, max-video-preview:-1\" \/>\n<link rel=\"canonical\" href=\"https:\/\/mwc-cmm.org\/fr\/stories\/le-pouvoir-de-la-priere-ne-doit-pas-etre-sous-estime\/\" \/>\n<meta property=\"og:locale\" content=\"fr_FR\" \/>\n<meta property=\"og:type\" content=\"article\" \/>\n<meta property=\"og:title\" content=\"Le pouvoir de la pri\u00e8re ne doit pas \u00eatre sous-estim\u00e9 - Mennonite World Conference\" \/>\n<meta property=\"og:description\" content=\"\u00ab&nbsp;Ceux qui sont impliqu\u00e9s dans des projets humanitaires et pastoraux connaissent la solitude, la lassitude, la faiblesse, l\u2019abattement, le cynisme\u2026 Mais tout cela a \u00e9t\u00e9 lav\u00e9 dans l\u2019eau et essuy\u00e9 avec des serviettes&nbsp;\u00bb, explique Denis Gorenkov, pasteur baptiste en Ukraine, \u00e0 propos du rituel du lavement des pieds avec Henk Stenvers, pr\u00e9sident de la CMM.&nbsp;&nbsp;&nbsp; [&hellip;]\" \/>\n<meta property=\"og:url\" content=\"https:\/\/mwc-cmm.org\/fr\/stories\/le-pouvoir-de-la-priere-ne-doit-pas-etre-sous-estime\/\" \/>\n<meta property=\"og:site_name\" content=\"Mennonite World Conference\" \/>\n<meta property=\"article:publisher\" content=\"https:\/\/www.facebook.com\/MennoniteWorldConference\" \/>\n<meta property=\"article:published_time\" content=\"2024-03-28T00:00:00+00:00\" \/>\n<meta property=\"article:modified_time\" content=\"2024-12-10T17:21:00+00:00\" \/>\n<meta property=\"og:image\" content=\"https:\/\/mwc-cmm.org\/wp-content\/uploads\/2024\/11\/20240223_161310-scaled.jpg\" \/>\n\t<meta property=\"og:image:width\" content=\"2560\" \/>\n\t<meta property=\"og:image:height\" content=\"1920\" \/>\n\t<meta property=\"og:image:type\" content=\"image\/jpeg\" \/>\n<meta name=\"author\" content=\"mennworldcon\" \/>\n<script type=\"application\/ld+json\" class=\"yoast-schema-graph\">{\"@context\":\"https:\/\/schema.org\",\"@graph\":[{\"@type\":\"Article\",\"@id\":\"https:\/\/mwc-cmm.org\/fr\/stories\/le-pouvoir-de-la-priere-ne-doit-pas-etre-sous-estime\/#article\",\"isPartOf\":{\"@id\":\"https:\/\/mwc-cmm.org\/fr\/stories\/le-pouvoir-de-la-priere-ne-doit-pas-etre-sous-estime\/\"},\"author\":{\"name\":\"mennworldcon\",\"@id\":\"https:\/\/mwc-cmm.org\/en\/#\/schema\/person\/11f6ae0d7d1868ba20a1cc27f067c836\"},\"headline\":\"Le pouvoir de la pri\u00e8re ne doit pas \u00eatre sous-estim\u00e9\",\"datePublished\":\"2024-03-28T00:00:00+00:00\",\"dateModified\":\"2024-12-10T17:21:00+00:00\",\"mainEntityOfPage\":{\"@id\":\"https:\/\/mwc-cmm.org\/fr\/stories\/le-pouvoir-de-la-priere-ne-doit-pas-etre-sous-estime\/\"},\"wordCount\":906,\"publisher\":{\"@id\":\"https:\/\/mwc-cmm.org\/en\/#organization\"},\"image\":{\"@id\":\"https:\/\/mwc-cmm.org\/fr\/stories\/le-pouvoir-de-la-priere-ne-doit-pas-etre-sous-estime\/#primaryimage\"},\"thumbnailUrl\":\"https:\/\/mwc-cmm.org\/wp-content\/uploads\/2024\/11\/20240223_161310-scaled.jpg\",\"articleSection\":[\"Non classifi\u00e9(e)\"],\"inLanguage\":\"fr-FR\"},{\"@type\":\"WebPage\",\"@id\":\"https:\/\/mwc-cmm.org\/fr\/stories\/le-pouvoir-de-la-priere-ne-doit-pas-etre-sous-estime\/\",\"url\":\"https:\/\/mwc-cmm.org\/fr\/stories\/le-pouvoir-de-la-priere-ne-doit-pas-etre-sous-estime\/\",\"name\":\"Le pouvoir de la pri\u00e8re ne doit pas \u00eatre sous-estim\u00e9 - Mennonite World Conference\",\"isPartOf\":{\"@id\":\"https:\/\/mwc-cmm.org\/en\/#website\"},\"primaryImageOfPage\":{\"@id\":\"https:\/\/mwc-cmm.org\/fr\/stories\/le-pouvoir-de-la-priere-ne-doit-pas-etre-sous-estime\/#primaryimage\"},\"image\":{\"@id\":\"https:\/\/mwc-cmm.org\/fr\/stories\/le-pouvoir-de-la-priere-ne-doit-pas-etre-sous-estime\/#primaryimage\"},\"thumbnailUrl\":\"https:\/\/mwc-cmm.org\/wp-content\/uploads\/2024\/11\/20240223_161310-scaled.jpg\",\"datePublished\":\"2024-03-28T00:00:00+00:00\",\"dateModified\":\"2024-12-10T17:21:00+00:00\",\"breadcrumb\":{\"@id\":\"https:\/\/mwc-cmm.org\/fr\/stories\/le-pouvoir-de-la-priere-ne-doit-pas-etre-sous-estime\/#breadcrumb\"},\"inLanguage\":\"fr-FR\",\"potentialAction\":[{\"@type\":\"ReadAction\",\"target\":[\"https:\/\/mwc-cmm.org\/fr\/stories\/le-pouvoir-de-la-priere-ne-doit-pas-etre-sous-estime\/\"]}]},{\"@type\":\"ImageObject\",\"inLanguage\":\"fr-FR\",\"@id\":\"https:\/\/mwc-cmm.org\/fr\/stories\/le-pouvoir-de-la-priere-ne-doit-pas-etre-sous-estime\/#primaryimage\",\"url\":\"https:\/\/mwc-cmm.org\/wp-content\/uploads\/2024\/11\/20240223_161310-scaled.jpg\",\"contentUrl\":\"https:\/\/mwc-cmm.org\/wp-content\/uploads\/2024\/11\/20240223_161310-scaled.jpg\",\"width\":2560,\"height\":1920},{\"@type\":\"BreadcrumbList\",\"@id\":\"https:\/\/mwc-cmm.org\/fr\/stories\/le-pouvoir-de-la-priere-ne-doit-pas-etre-sous-estime\/#breadcrumb\",\"itemListElement\":[{\"@type\":\"ListItem\",\"position\":1,\"name\":\"Home\",\"item\":\"https:\/\/mwc-cmm.org\/fr\/\"},{\"@type\":\"ListItem\",\"position\":2,\"name\":\"Le pouvoir de la pri\u00e8re ne doit pas \u00eatre sous-estim\u00e9\"}]},{\"@type\":\"WebSite\",\"@id\":\"https:\/\/mwc-cmm.org\/en\/#website\",\"url\":\"https:\/\/mwc-cmm.org\/en\/\",\"name\":\"Mennonite World Conference\",\"description\":\"A communion of Anabaptist-related churches\",\"publisher\":{\"@id\":\"https:\/\/mwc-cmm.org\/en\/#organization\"},\"alternateName\":\"MWC\",\"potentialAction\":[{\"@type\":\"SearchAction\",\"target\":{\"@type\":\"EntryPoint\",\"urlTemplate\":\"https:\/\/mwc-cmm.org\/en\/?s={search_term_string}\"},\"query-input\":{\"@type\":\"PropertyValueSpecification\",\"valueRequired\":true,\"valueName\":\"search_term_string\"}}],\"inLanguage\":\"fr-FR\"},{\"@type\":\"Organization\",\"@id\":\"https:\/\/mwc-cmm.org\/en\/#organization\",\"name\":\"Mennonite World Conference\",\"alternateName\":\"MWC\",\"url\":\"https:\/\/mwc-cmm.org\/en\/\",\"logo\":{\"@type\":\"ImageObject\",\"inLanguage\":\"fr-FR\",\"@id\":\"https:\/\/mwc-cmm.org\/en\/#\/schema\/logo\/image\/\",\"url\":\"https:\/\/mwc-cmm.org\/wp-content\/uploads\/2026\/01\/MWC_Sig_Blue_Horiz_webheader1-logo.svg\",\"contentUrl\":\"https:\/\/mwc-cmm.org\/wp-content\/uploads\/2026\/01\/MWC_Sig_Blue_Horiz_webheader1-logo.svg\",\"width\":786,\"height\":82,\"caption\":\"Mennonite World Conference\"},\"image\":{\"@id\":\"https:\/\/mwc-cmm.org\/en\/#\/schema\/logo\/image\/\"},\"sameAs\":[\"https:\/\/www.facebook.com\/MennoniteWorldConference\",\"https:\/\/www.linkedin.com\/company\/mennonite-world-conference-mwc\/\",\"https:\/\/www.instagram.com\/mwcmm\/\",\"https:\/\/www.youtube.com\/user\/mwccmm\",\"https:\/\/bsky.app\/profile\/mwcmm.bsky.social\"]},{\"@type\":\"Person\",\"@id\":\"https:\/\/mwc-cmm.org\/en\/#\/schema\/person\/11f6ae0d7d1868ba20a1cc27f067c836\",\"name\":\"mennworldcon\",\"image\":{\"@type\":\"ImageObject\",\"inLanguage\":\"fr-FR\",\"@id\":\"https:\/\/secure.gravatar.com\/avatar\/06fdc0dc81c157dfdb82ec42f252178a22307808988d22c043f9eb96f1e0fe80?s=96&d=mm&r=g\",\"url\":\"https:\/\/secure.gravatar.com\/avatar\/06fdc0dc81c157dfdb82ec42f252178a22307808988d22c043f9eb96f1e0fe80?s=96&d=mm&r=g\",\"contentUrl\":\"https:\/\/secure.gravatar.com\/avatar\/06fdc0dc81c157dfdb82ec42f252178a22307808988d22c043f9eb96f1e0fe80?s=96&d=mm&r=g\",\"caption\":\"mennworldcon\"},\"sameAs\":[\"https:\/\/mwc-cmm.org\"],\"url\":\"https:\/\/mwc-cmm.org\/fr\/stories\/author\/mennworldcon\/\"}]}<\/script>\n<!-- \/ Yoast SEO plugin. -->","yoast_head_json":{"title":"Le pouvoir de la pri\u00e8re ne doit pas \u00eatre sous-estim\u00e9 - Mennonite World Conference","robots":{"index":"index","follow":"follow","max-snippet":"max-snippet:-1","max-image-preview":"max-image-preview:large","max-video-preview":"max-video-preview:-1"},"canonical":"https:\/\/mwc-cmm.org\/fr\/stories\/le-pouvoir-de-la-priere-ne-doit-pas-etre-sous-estime\/","og_locale":"fr_FR","og_type":"article","og_title":"Le pouvoir de la pri\u00e8re ne doit pas \u00eatre sous-estim\u00e9 - Mennonite World Conference","og_description":"\u00ab&nbsp;Ceux qui sont impliqu\u00e9s dans des projets humanitaires et pastoraux connaissent la solitude, la lassitude, la faiblesse, l\u2019abattement, le cynisme\u2026 Mais tout cela a \u00e9t\u00e9 lav\u00e9 dans l\u2019eau et essuy\u00e9 avec des serviettes&nbsp;\u00bb, explique Denis Gorenkov, pasteur baptiste en Ukraine, \u00e0 propos du rituel du lavement des pieds avec Henk Stenvers, pr\u00e9sident de la CMM.&nbsp;&nbsp;&nbsp; [&hellip;]","og_url":"https:\/\/mwc-cmm.org\/fr\/stories\/le-pouvoir-de-la-priere-ne-doit-pas-etre-sous-estime\/","og_site_name":"Mennonite World Conference","article_publisher":"https:\/\/www.facebook.com\/MennoniteWorldConference","article_published_time":"2024-03-28T00:00:00+00:00","article_modified_time":"2024-12-10T17:21:00+00:00","og_image":[{"width":2560,"height":1920,"url":"https:\/\/mwc-cmm.org\/wp-content\/uploads\/2024\/11\/20240223_161310-scaled.jpg","type":"image\/jpeg"}],"author":"mennworldcon","schema":{"@context":"https:\/\/schema.org","@graph":[{"@type":"Article","@id":"https:\/\/mwc-cmm.org\/fr\/stories\/le-pouvoir-de-la-priere-ne-doit-pas-etre-sous-estime\/#article","isPartOf":{"@id":"https:\/\/mwc-cmm.org\/fr\/stories\/le-pouvoir-de-la-priere-ne-doit-pas-etre-sous-estime\/"},"author":{"name":"mennworldcon","@id":"https:\/\/mwc-cmm.org\/en\/#\/schema\/person\/11f6ae0d7d1868ba20a1cc27f067c836"},"headline":"Le pouvoir de la pri\u00e8re ne doit pas \u00eatre sous-estim\u00e9","datePublished":"2024-03-28T00:00:00+00:00","dateModified":"2024-12-10T17:21:00+00:00","mainEntityOfPage":{"@id":"https:\/\/mwc-cmm.org\/fr\/stories\/le-pouvoir-de-la-priere-ne-doit-pas-etre-sous-estime\/"},"wordCount":906,"publisher":{"@id":"https:\/\/mwc-cmm.org\/en\/#organization"},"image":{"@id":"https:\/\/mwc-cmm.org\/fr\/stories\/le-pouvoir-de-la-priere-ne-doit-pas-etre-sous-estime\/#primaryimage"},"thumbnailUrl":"https:\/\/mwc-cmm.org\/wp-content\/uploads\/2024\/11\/20240223_161310-scaled.jpg","articleSection":["Non classifi\u00e9(e)"],"inLanguage":"fr-FR"},{"@type":"WebPage","@id":"https:\/\/mwc-cmm.org\/fr\/stories\/le-pouvoir-de-la-priere-ne-doit-pas-etre-sous-estime\/","url":"https:\/\/mwc-cmm.org\/fr\/stories\/le-pouvoir-de-la-priere-ne-doit-pas-etre-sous-estime\/","name":"Le pouvoir de la pri\u00e8re ne doit pas \u00eatre sous-estim\u00e9 - Mennonite World Conference","isPartOf":{"@id":"https:\/\/mwc-cmm.org\/en\/#website"},"primaryImageOfPage":{"@id":"https:\/\/mwc-cmm.org\/fr\/stories\/le-pouvoir-de-la-priere-ne-doit-pas-etre-sous-estime\/#primaryimage"},"image":{"@id":"https:\/\/mwc-cmm.org\/fr\/stories\/le-pouvoir-de-la-priere-ne-doit-pas-etre-sous-estime\/#primaryimage"},"thumbnailUrl":"https:\/\/mwc-cmm.org\/wp-content\/uploads\/2024\/11\/20240223_161310-scaled.jpg","datePublished":"2024-03-28T00:00:00+00:00","dateModified":"2024-12-10T17:21:00+00:00","breadcrumb":{"@id":"https:\/\/mwc-cmm.org\/fr\/stories\/le-pouvoir-de-la-priere-ne-doit-pas-etre-sous-estime\/#breadcrumb"},"inLanguage":"fr-FR","potentialAction":[{"@type":"ReadAction","target":["https:\/\/mwc-cmm.org\/fr\/stories\/le-pouvoir-de-la-priere-ne-doit-pas-etre-sous-estime\/"]}]},{"@type":"ImageObject","inLanguage":"fr-FR","@id":"https:\/\/mwc-cmm.org\/fr\/stories\/le-pouvoir-de-la-priere-ne-doit-pas-etre-sous-estime\/#primaryimage","url":"https:\/\/mwc-cmm.org\/wp-content\/uploads\/2024\/11\/20240223_161310-scaled.jpg","contentUrl":"https:\/\/mwc-cmm.org\/wp-content\/uploads\/2024\/11\/20240223_161310-scaled.jpg","width":2560,"height":1920},{"@type":"BreadcrumbList","@id":"https:\/\/mwc-cmm.org\/fr\/stories\/le-pouvoir-de-la-priere-ne-doit-pas-etre-sous-estime\/#breadcrumb","itemListElement":[{"@type":"ListItem","position":1,"name":"Home","item":"https:\/\/mwc-cmm.org\/fr\/"},{"@type":"ListItem","position":2,"name":"Le pouvoir de la pri\u00e8re ne doit pas \u00eatre sous-estim\u00e9"}]},{"@type":"WebSite","@id":"https:\/\/mwc-cmm.org\/en\/#website","url":"https:\/\/mwc-cmm.org\/en\/","name":"Mennonite World Conference","description":"A communion of Anabaptist-related churches","publisher":{"@id":"https:\/\/mwc-cmm.org\/en\/#organization"},"alternateName":"MWC","potentialAction":[{"@type":"SearchAction","target":{"@type":"EntryPoint","urlTemplate":"https:\/\/mwc-cmm.org\/en\/?s={search_term_string}"},"query-input":{"@type":"PropertyValueSpecification","valueRequired":true,"valueName":"search_term_string"}}],"inLanguage":"fr-FR"},{"@type":"Organization","@id":"https:\/\/mwc-cmm.org\/en\/#organization","name":"Mennonite World Conference","alternateName":"MWC","url":"https:\/\/mwc-cmm.org\/en\/","logo":{"@type":"ImageObject","inLanguage":"fr-FR","@id":"https:\/\/mwc-cmm.org\/en\/#\/schema\/logo\/image\/","url":"https:\/\/mwc-cmm.org\/wp-content\/uploads\/2026\/01\/MWC_Sig_Blue_Horiz_webheader1-logo.svg","contentUrl":"https:\/\/mwc-cmm.org\/wp-content\/uploads\/2026\/01\/MWC_Sig_Blue_Horiz_webheader1-logo.svg","width":786,"height":82,"caption":"Mennonite World Conference"},"image":{"@id":"https:\/\/mwc-cmm.org\/en\/#\/schema\/logo\/image\/"},"sameAs":["https:\/\/www.facebook.com\/MennoniteWorldConference","https:\/\/www.linkedin.com\/company\/mennonite-world-conference-mwc\/","https:\/\/www.instagram.com\/mwcmm\/","https:\/\/www.youtube.com\/user\/mwccmm","https:\/\/bsky.app\/profile\/mwcmm.bsky.social"]},{"@type":"Person","@id":"https:\/\/mwc-cmm.org\/en\/#\/schema\/person\/11f6ae0d7d1868ba20a1cc27f067c836","name":"mennworldcon","image":{"@type":"ImageObject","inLanguage":"fr-FR","@id":"https:\/\/secure.gravatar.com\/avatar\/06fdc0dc81c157dfdb82ec42f252178a22307808988d22c043f9eb96f1e0fe80?s=96&d=mm&r=g","url":"https:\/\/secure.gravatar.com\/avatar\/06fdc0dc81c157dfdb82ec42f252178a22307808988d22c043f9eb96f1e0fe80?s=96&d=mm&r=g","contentUrl":"https:\/\/secure.gravatar.com\/avatar\/06fdc0dc81c157dfdb82ec42f252178a22307808988d22c043f9eb96f1e0fe80?s=96&d=mm&r=g","caption":"mennworldcon"},"sameAs":["https:\/\/mwc-cmm.org"],"url":"https:\/\/mwc-cmm.org\/fr\/stories\/author\/mennworldcon\/"}]}},"_links":{"self":[{"href":"https:\/\/mwc-cmm.org\/fr\/wp-json\/wp\/v2\/posts\/10624","targetHints":{"allow":["GET"]}}],"collection":[{"href":"https:\/\/mwc-cmm.org\/fr\/wp-json\/wp\/v2\/posts"}],"about":[{"href":"https:\/\/mwc-cmm.org\/fr\/wp-json\/wp\/v2\/types\/post"}],"author":[{"embeddable":true,"href":"https:\/\/mwc-cmm.org\/fr\/wp-json\/wp\/v2\/users\/1"}],"replies":[{"embeddable":true,"href":"https:\/\/mwc-cmm.org\/fr\/wp-json\/wp\/v2\/comments?post=10624"}],"version-history":[{"count":0,"href":"https:\/\/mwc-cmm.org\/fr\/wp-json\/wp\/v2\/posts\/10624\/revisions"}],"wp:featuredmedia":[{"embeddable":true,"href":"https:\/\/mwc-cmm.org\/fr\/wp-json\/wp\/v2\/media\/97964"}],"wp:attachment":[{"href":"https:\/\/mwc-cmm.org\/fr\/wp-json\/wp\/v2\/media?parent=10624"}],"wp:term":[{"taxonomy":"category","embeddable":true,"href":"https:\/\/mwc-cmm.org\/fr\/wp-json\/wp\/v2\/categories?post=10624"},{"taxonomy":"post_tag","embeddable":true,"href":"https:\/\/mwc-cmm.org\/fr\/wp-json\/wp\/v2\/tags?post=10624"},{"taxonomy":"network","embeddable":true,"href":"https:\/\/mwc-cmm.org\/fr\/wp-json\/wp\/v2\/network?post=10624"},{"taxonomy":"eventcategory","embeddable":true,"href":"https:\/\/mwc-cmm.org\/fr\/wp-json\/wp\/v2\/eventcategory?post=10624"}],"curies":[{"name":"wp","href":"https:\/\/api.w.org\/{rel}","templated":true}]}}