{"id":10612,"date":"2024-02-16T00:00:00","date_gmt":"2024-02-16T00:00:00","guid":{"rendered":"https:\/\/mwc-cmm.org\/lent-2024-go-deeper-with-god-3\/"},"modified":"2024-12-10T17:20:56","modified_gmt":"2024-12-10T17:20:56","slug":"careme-2024-aller-plus-loin-avec-dieu","status":"publish","type":"post","link":"https:\/\/mwc-cmm.org\/fr\/stories\/careme-2024-aller-plus-loin-avec-dieu\/","title":{"rendered":"Car\u00eame 2024 : Aller plus loin avec Dieu"},"content":{"rendered":"<p>Chers fr\u00e8res et s\u0153urs,<\/p>\n<p>Je vous salue en cette triste p\u00e9riode. Au fil des si\u00e8cles, l\u2019\u00c9glise a observ\u00e9 durant les 40&nbsp;jours pr\u00e9c\u00e9dant P\u00e2ques un temps sp\u00e9cial pour se concentrer sur Dieu, appel\u00e9 Car\u00eame.<\/p>\n<p>Pour trouver dans notre vie un espace suppl\u00e9mentaire pour \u00e9couter l\u2019Esprit, on pratique souvent l\u2019aust\u00e9rit\u00e9 en changeant une routine ou en s\u2019abstenant d\u2019une habitude. L\u2019espace ainsi lib\u00e9r\u00e9 peut \u00e0 son tour \u00eatre consacr\u00e9 \u00e0 \u00ab&nbsp;approfondir&nbsp;\u00bb notre relation avec Dieu.<\/p>\n<p>Quand je pense \u00e0 la fa\u00e7on dont Dieu se r\u00e9v\u00e8le dans le monde, je pense \u00e0 la famille mondiale \u2014 \u00e0 la Conf\u00e9rence Mennonite Mondiale (CMM). Avec nos fr\u00e8res et s\u0153urs anabaptistes-mennonites du monde entier, nous c\u00e9l\u00e9brons ensemble le culte et nous marchons ensemble au travers de la douleur et de l\u2019\u00e9preuve.<\/p>\n<p>En \u00e9crivant ces lignes, je pense \u00e0 nos fr\u00e8res et s\u0153urs mennonites d\u2019Ukraine qui connaissent la guerre depuis dix ans et l\u2019invasion depuis deux ans. Je pense aussi \u00e0 ceux qui souffrent de la guerre civile au Myanmar, de la violence r\u00e9gionale en \u00c9thiopie et de la violence des gangs dans certaines parties de l\u2019Am\u00e9rique latine. Nous nous sentons impuissants face \u00e0 ces situations, mais nous leur offrons nos pri\u00e8res et notre solidarit\u00e9 dans les moments difficiles qu\u2019ils traversent.<\/p>\n<p>C\u2019est souvent \u00e0 travers les \u00e9preuves que nous d\u00e9couvrons l\u2019unit\u00e9 pour laquelle le Christ a pri\u00e9. Nos d\u00e9saccords \u2014 qu\u2019il s\u2019agisse des modalit\u00e9s du bapt\u00eame, des styles de culte ou des explications th\u00e9ologiques en mati\u00e8re de vie \u00e9thique \u2014 ne disparaissent pas, mais nous trouvons la gr\u00e2ce de nous identifier comme fr\u00e8res et s\u0153urs, m\u00eame vis-\u00e0-vis de ceux avec qui nous ne sommes pas d\u2019accord.<\/p>\n<p>En cette p\u00e9riode de car\u00eame, alors que vos exercices d\u2019asc\u00e8se font de la place \u00e0 Dieu, nous vous invitons \u00e0 approfondir votre relation avec la famille mondiale en soutenant la CMM. Le r\u00f4le de la CMM est d\u2019affirmer que nous formons le m\u00eame corps du Christ dans le monde entier. En vivant l\u2019unit\u00e9 au milieu de notre mosa\u00efque de diversit\u00e9, nous proclamons le royaume de Dieu en r\u00e9sistant \u00e0 la tendance vers la polarisation et en affirmant qu\u2019\u00ab&nbsp;en J\u00e9sus-Christ, nous sommes une seule famille&nbsp;\u00bb.<\/p>\n<p>En Christ,<br \/>\nHenk Stenvers<br \/>\nPr\u00e9sident Conf\u00e9rence Mennonite Mondiale<\/p>\n<p style=\"text-align:center\"><a href=\"https:\/\/mwc-cmm.org\/fr\/faire-un-don\"><img decoding=\"async\" alt=\"Faire un don\" height=\"300\" data-src=\"\/sites\/default\/files\/website_files_2020\/lent_2024_fr.jpg\" width=\"810\" src=\"data:image\/svg+xml;base64,PHN2ZyB3aWR0aD0iMSIgaGVpZ2h0PSIxIiB4bWxucz0iaHR0cDovL3d3dy53My5vcmcvMjAwMC9zdmciPjwvc3ZnPg==\" class=\"lazyload\" style=\"--smush-placeholder-width: 810px; --smush-placeholder-aspect-ratio: 810\/300;\"><\/a><\/p>\n<p><a data-flickr-embed=\"true\" data-header=\"true\" href=\"https:\/\/www.flickr.com\/photos\/mwcmm\/53532428100\/in\/album-72177720314811242\/\" title=\"Lent 2024 FR\"><img decoding=\"async\" alt=\"Lent 2024 FR\" height=\"360\" data-src=\"https:\/\/mwc-cmm.org\/wp-content\/uploads\/2024\/12\/53532428100_55d4176284_z.jpg\" width=\"640\" src=\"data:image\/svg+xml;base64,PHN2ZyB3aWR0aD0iMSIgaGVpZ2h0PSIxIiB4bWxucz0iaHR0cDovL3d3dy53My5vcmcvMjAwMC9zdmciPjwvc3ZnPg==\" class=\"lazyload\" style=\"--smush-placeholder-width: 640px; --smush-placeholder-aspect-ratio: 640\/360;\"><\/a><\/p>\n","protected":false},"excerpt":{"rendered":"<p>Chers fr\u00e8res et s\u0153urs, Je vous salue en cette triste p\u00e9riode. Au fil des si\u00e8cles, l\u2019\u00c9glise a observ\u00e9 durant les 40&nbsp;jours pr\u00e9c\u00e9dant P\u00e2ques un temps sp\u00e9cial pour se concentrer sur Dieu, appel\u00e9 Car\u00eame. Pour trouver dans notre vie un espace suppl\u00e9mentaire pour \u00e9couter l\u2019Esprit, on pratique souvent l\u2019aust\u00e9rit\u00e9 en changeant une routine ou en s\u2019abstenant [&hellip;]<\/p>\n","protected":false},"author":1,"featured_media":97810,"comment_status":"closed","ping_status":"closed","sticky":false,"template":"","format":"standard","meta":{"_acf_changed":false,"footnotes":""},"categories":[7],"tags":[],"network":[],"eventcategory":[],"class_list":["post-10612","post","type-post","status-publish","format-standard","has-post-thumbnail","hentry","category-non-classifiee"],"acf":[],"yoast_head":"<!-- This site is optimized with the Yoast SEO plugin v27.2 - https:\/\/yoast.com\/product\/yoast-seo-wordpress\/ -->\n<title>Car\u00eame 2024 : Aller plus loin avec Dieu - Mennonite World Conference<\/title>\n<meta name=\"robots\" content=\"index, follow, max-snippet:-1, max-image-preview:large, max-video-preview:-1\" \/>\n<link rel=\"canonical\" href=\"https:\/\/mwc-cmm.org\/fr\/stories\/careme-2024-aller-plus-loin-avec-dieu\/\" \/>\n<meta property=\"og:locale\" content=\"fr_FR\" \/>\n<meta property=\"og:type\" content=\"article\" \/>\n<meta property=\"og:title\" content=\"Car\u00eame 2024 : Aller plus loin avec Dieu - Mennonite World Conference\" \/>\n<meta property=\"og:description\" content=\"Chers fr\u00e8res et s\u0153urs, Je vous salue en cette triste p\u00e9riode. Au fil des si\u00e8cles, l\u2019\u00c9glise a observ\u00e9 durant les 40&nbsp;jours pr\u00e9c\u00e9dant P\u00e2ques un temps sp\u00e9cial pour se concentrer sur Dieu, appel\u00e9 Car\u00eame. Pour trouver dans notre vie un espace suppl\u00e9mentaire pour \u00e9couter l\u2019Esprit, on pratique souvent l\u2019aust\u00e9rit\u00e9 en changeant une routine ou en s\u2019abstenant [&hellip;]\" \/>\n<meta property=\"og:url\" content=\"https:\/\/mwc-cmm.org\/fr\/stories\/careme-2024-aller-plus-loin-avec-dieu\/\" \/>\n<meta property=\"og:site_name\" content=\"Mennonite World Conference\" \/>\n<meta property=\"article:publisher\" content=\"https:\/\/www.facebook.com\/MennoniteWorldConference\" \/>\n<meta property=\"article:published_time\" content=\"2024-02-16T00:00:00+00:00\" \/>\n<meta property=\"article:modified_time\" content=\"2024-12-10T17:20:56+00:00\" \/>\n<meta property=\"og:image\" content=\"https:\/\/mwc-cmm.org\/wp-content\/uploads\/2024\/11\/20240121cindyalpizarimg-20240121-wa0087.jpg\" \/>\n\t<meta property=\"og:image:width\" content=\"1600\" \/>\n\t<meta property=\"og:image:height\" content=\"1200\" \/>\n\t<meta property=\"og:image:type\" content=\"image\/jpeg\" \/>\n<meta name=\"author\" content=\"mennworldcon\" \/>\n<script type=\"application\/ld+json\" class=\"yoast-schema-graph\">{\"@context\":\"https:\/\/schema.org\",\"@graph\":[{\"@type\":\"Article\",\"@id\":\"https:\/\/mwc-cmm.org\/fr\/stories\/careme-2024-aller-plus-loin-avec-dieu\/#article\",\"isPartOf\":{\"@id\":\"https:\/\/mwc-cmm.org\/fr\/stories\/careme-2024-aller-plus-loin-avec-dieu\/\"},\"author\":{\"name\":\"mennworldcon\",\"@id\":\"https:\/\/mwc-cmm.org\/en\/#\/schema\/person\/11f6ae0d7d1868ba20a1cc27f067c836\"},\"headline\":\"Car\u00eame 2024 : Aller plus loin avec Dieu\",\"datePublished\":\"2024-02-16T00:00:00+00:00\",\"dateModified\":\"2024-12-10T17:20:56+00:00\",\"mainEntityOfPage\":{\"@id\":\"https:\/\/mwc-cmm.org\/fr\/stories\/careme-2024-aller-plus-loin-avec-dieu\/\"},\"wordCount\":423,\"publisher\":{\"@id\":\"https:\/\/mwc-cmm.org\/en\/#organization\"},\"image\":{\"@id\":\"https:\/\/mwc-cmm.org\/fr\/stories\/careme-2024-aller-plus-loin-avec-dieu\/#primaryimage\"},\"thumbnailUrl\":\"https:\/\/mwc-cmm.org\/wp-content\/uploads\/2024\/11\/20240121cindyalpizarimg-20240121-wa0087.jpg\",\"articleSection\":[\"Non classifi\u00e9(e)\"],\"inLanguage\":\"fr-FR\"},{\"@type\":\"WebPage\",\"@id\":\"https:\/\/mwc-cmm.org\/fr\/stories\/careme-2024-aller-plus-loin-avec-dieu\/\",\"url\":\"https:\/\/mwc-cmm.org\/fr\/stories\/careme-2024-aller-plus-loin-avec-dieu\/\",\"name\":\"Car\u00eame 2024 : Aller plus loin avec Dieu - Mennonite World Conference\",\"isPartOf\":{\"@id\":\"https:\/\/mwc-cmm.org\/en\/#website\"},\"primaryImageOfPage\":{\"@id\":\"https:\/\/mwc-cmm.org\/fr\/stories\/careme-2024-aller-plus-loin-avec-dieu\/#primaryimage\"},\"image\":{\"@id\":\"https:\/\/mwc-cmm.org\/fr\/stories\/careme-2024-aller-plus-loin-avec-dieu\/#primaryimage\"},\"thumbnailUrl\":\"https:\/\/mwc-cmm.org\/wp-content\/uploads\/2024\/11\/20240121cindyalpizarimg-20240121-wa0087.jpg\",\"datePublished\":\"2024-02-16T00:00:00+00:00\",\"dateModified\":\"2024-12-10T17:20:56+00:00\",\"breadcrumb\":{\"@id\":\"https:\/\/mwc-cmm.org\/fr\/stories\/careme-2024-aller-plus-loin-avec-dieu\/#breadcrumb\"},\"inLanguage\":\"fr-FR\",\"potentialAction\":[{\"@type\":\"ReadAction\",\"target\":[\"https:\/\/mwc-cmm.org\/fr\/stories\/careme-2024-aller-plus-loin-avec-dieu\/\"]}]},{\"@type\":\"ImageObject\",\"inLanguage\":\"fr-FR\",\"@id\":\"https:\/\/mwc-cmm.org\/fr\/stories\/careme-2024-aller-plus-loin-avec-dieu\/#primaryimage\",\"url\":\"https:\/\/mwc-cmm.org\/wp-content\/uploads\/2024\/11\/20240121cindyalpizarimg-20240121-wa0087.jpg\",\"contentUrl\":\"https:\/\/mwc-cmm.org\/wp-content\/uploads\/2024\/11\/20240121cindyalpizarimg-20240121-wa0087.jpg\",\"width\":1600,\"height\":1200},{\"@type\":\"BreadcrumbList\",\"@id\":\"https:\/\/mwc-cmm.org\/fr\/stories\/careme-2024-aller-plus-loin-avec-dieu\/#breadcrumb\",\"itemListElement\":[{\"@type\":\"ListItem\",\"position\":1,\"name\":\"Home\",\"item\":\"https:\/\/mwc-cmm.org\/fr\/\"},{\"@type\":\"ListItem\",\"position\":2,\"name\":\"Car\u00eame 2024 : Aller plus loin avec Dieu\"}]},{\"@type\":\"WebSite\",\"@id\":\"https:\/\/mwc-cmm.org\/en\/#website\",\"url\":\"https:\/\/mwc-cmm.org\/en\/\",\"name\":\"Mennonite World Conference\",\"description\":\"A communion of Anabaptist-related churches\",\"publisher\":{\"@id\":\"https:\/\/mwc-cmm.org\/en\/#organization\"},\"alternateName\":\"MWC\",\"potentialAction\":[{\"@type\":\"SearchAction\",\"target\":{\"@type\":\"EntryPoint\",\"urlTemplate\":\"https:\/\/mwc-cmm.org\/en\/?s={search_term_string}\"},\"query-input\":{\"@type\":\"PropertyValueSpecification\",\"valueRequired\":true,\"valueName\":\"search_term_string\"}}],\"inLanguage\":\"fr-FR\"},{\"@type\":\"Organization\",\"@id\":\"https:\/\/mwc-cmm.org\/en\/#organization\",\"name\":\"Mennonite World Conference\",\"alternateName\":\"MWC\",\"url\":\"https:\/\/mwc-cmm.org\/en\/\",\"logo\":{\"@type\":\"ImageObject\",\"inLanguage\":\"fr-FR\",\"@id\":\"https:\/\/mwc-cmm.org\/en\/#\/schema\/logo\/image\/\",\"url\":\"https:\/\/mwc-cmm.org\/wp-content\/uploads\/2026\/01\/MWC_Sig_Blue_Horiz_webheader1-logo.svg\",\"contentUrl\":\"https:\/\/mwc-cmm.org\/wp-content\/uploads\/2026\/01\/MWC_Sig_Blue_Horiz_webheader1-logo.svg\",\"width\":786,\"height\":82,\"caption\":\"Mennonite World Conference\"},\"image\":{\"@id\":\"https:\/\/mwc-cmm.org\/en\/#\/schema\/logo\/image\/\"},\"sameAs\":[\"https:\/\/www.facebook.com\/MennoniteWorldConference\",\"https:\/\/www.linkedin.com\/company\/mennonite-world-conference-mwc\/\",\"https:\/\/www.instagram.com\/mwcmm\/\",\"https:\/\/www.youtube.com\/user\/mwccmm\",\"https:\/\/bsky.app\/profile\/mwcmm.bsky.social\"]},{\"@type\":\"Person\",\"@id\":\"https:\/\/mwc-cmm.org\/en\/#\/schema\/person\/11f6ae0d7d1868ba20a1cc27f067c836\",\"name\":\"mennworldcon\",\"image\":{\"@type\":\"ImageObject\",\"inLanguage\":\"fr-FR\",\"@id\":\"https:\/\/secure.gravatar.com\/avatar\/06fdc0dc81c157dfdb82ec42f252178a22307808988d22c043f9eb96f1e0fe80?s=96&d=mm&r=g\",\"url\":\"https:\/\/secure.gravatar.com\/avatar\/06fdc0dc81c157dfdb82ec42f252178a22307808988d22c043f9eb96f1e0fe80?s=96&d=mm&r=g\",\"contentUrl\":\"https:\/\/secure.gravatar.com\/avatar\/06fdc0dc81c157dfdb82ec42f252178a22307808988d22c043f9eb96f1e0fe80?s=96&d=mm&r=g\",\"caption\":\"mennworldcon\"},\"sameAs\":[\"https:\/\/mwc-cmm.org\"],\"url\":\"https:\/\/mwc-cmm.org\/fr\/stories\/author\/mennworldcon\/\"}]}<\/script>\n<!-- \/ Yoast SEO plugin. -->","yoast_head_json":{"title":"Car\u00eame 2024 : Aller plus loin avec Dieu - Mennonite World Conference","robots":{"index":"index","follow":"follow","max-snippet":"max-snippet:-1","max-image-preview":"max-image-preview:large","max-video-preview":"max-video-preview:-1"},"canonical":"https:\/\/mwc-cmm.org\/fr\/stories\/careme-2024-aller-plus-loin-avec-dieu\/","og_locale":"fr_FR","og_type":"article","og_title":"Car\u00eame 2024 : Aller plus loin avec Dieu - Mennonite World Conference","og_description":"Chers fr\u00e8res et s\u0153urs, Je vous salue en cette triste p\u00e9riode. Au fil des si\u00e8cles, l\u2019\u00c9glise a observ\u00e9 durant les 40&nbsp;jours pr\u00e9c\u00e9dant P\u00e2ques un temps sp\u00e9cial pour se concentrer sur Dieu, appel\u00e9 Car\u00eame. Pour trouver dans notre vie un espace suppl\u00e9mentaire pour \u00e9couter l\u2019Esprit, on pratique souvent l\u2019aust\u00e9rit\u00e9 en changeant une routine ou en s\u2019abstenant [&hellip;]","og_url":"https:\/\/mwc-cmm.org\/fr\/stories\/careme-2024-aller-plus-loin-avec-dieu\/","og_site_name":"Mennonite World Conference","article_publisher":"https:\/\/www.facebook.com\/MennoniteWorldConference","article_published_time":"2024-02-16T00:00:00+00:00","article_modified_time":"2024-12-10T17:20:56+00:00","og_image":[{"width":1600,"height":1200,"url":"https:\/\/mwc-cmm.org\/wp-content\/uploads\/2024\/11\/20240121cindyalpizarimg-20240121-wa0087.jpg","type":"image\/jpeg"}],"author":"mennworldcon","schema":{"@context":"https:\/\/schema.org","@graph":[{"@type":"Article","@id":"https:\/\/mwc-cmm.org\/fr\/stories\/careme-2024-aller-plus-loin-avec-dieu\/#article","isPartOf":{"@id":"https:\/\/mwc-cmm.org\/fr\/stories\/careme-2024-aller-plus-loin-avec-dieu\/"},"author":{"name":"mennworldcon","@id":"https:\/\/mwc-cmm.org\/en\/#\/schema\/person\/11f6ae0d7d1868ba20a1cc27f067c836"},"headline":"Car\u00eame 2024 : Aller plus loin avec Dieu","datePublished":"2024-02-16T00:00:00+00:00","dateModified":"2024-12-10T17:20:56+00:00","mainEntityOfPage":{"@id":"https:\/\/mwc-cmm.org\/fr\/stories\/careme-2024-aller-plus-loin-avec-dieu\/"},"wordCount":423,"publisher":{"@id":"https:\/\/mwc-cmm.org\/en\/#organization"},"image":{"@id":"https:\/\/mwc-cmm.org\/fr\/stories\/careme-2024-aller-plus-loin-avec-dieu\/#primaryimage"},"thumbnailUrl":"https:\/\/mwc-cmm.org\/wp-content\/uploads\/2024\/11\/20240121cindyalpizarimg-20240121-wa0087.jpg","articleSection":["Non classifi\u00e9(e)"],"inLanguage":"fr-FR"},{"@type":"WebPage","@id":"https:\/\/mwc-cmm.org\/fr\/stories\/careme-2024-aller-plus-loin-avec-dieu\/","url":"https:\/\/mwc-cmm.org\/fr\/stories\/careme-2024-aller-plus-loin-avec-dieu\/","name":"Car\u00eame 2024 : Aller plus loin avec Dieu - Mennonite World Conference","isPartOf":{"@id":"https:\/\/mwc-cmm.org\/en\/#website"},"primaryImageOfPage":{"@id":"https:\/\/mwc-cmm.org\/fr\/stories\/careme-2024-aller-plus-loin-avec-dieu\/#primaryimage"},"image":{"@id":"https:\/\/mwc-cmm.org\/fr\/stories\/careme-2024-aller-plus-loin-avec-dieu\/#primaryimage"},"thumbnailUrl":"https:\/\/mwc-cmm.org\/wp-content\/uploads\/2024\/11\/20240121cindyalpizarimg-20240121-wa0087.jpg","datePublished":"2024-02-16T00:00:00+00:00","dateModified":"2024-12-10T17:20:56+00:00","breadcrumb":{"@id":"https:\/\/mwc-cmm.org\/fr\/stories\/careme-2024-aller-plus-loin-avec-dieu\/#breadcrumb"},"inLanguage":"fr-FR","potentialAction":[{"@type":"ReadAction","target":["https:\/\/mwc-cmm.org\/fr\/stories\/careme-2024-aller-plus-loin-avec-dieu\/"]}]},{"@type":"ImageObject","inLanguage":"fr-FR","@id":"https:\/\/mwc-cmm.org\/fr\/stories\/careme-2024-aller-plus-loin-avec-dieu\/#primaryimage","url":"https:\/\/mwc-cmm.org\/wp-content\/uploads\/2024\/11\/20240121cindyalpizarimg-20240121-wa0087.jpg","contentUrl":"https:\/\/mwc-cmm.org\/wp-content\/uploads\/2024\/11\/20240121cindyalpizarimg-20240121-wa0087.jpg","width":1600,"height":1200},{"@type":"BreadcrumbList","@id":"https:\/\/mwc-cmm.org\/fr\/stories\/careme-2024-aller-plus-loin-avec-dieu\/#breadcrumb","itemListElement":[{"@type":"ListItem","position":1,"name":"Home","item":"https:\/\/mwc-cmm.org\/fr\/"},{"@type":"ListItem","position":2,"name":"Car\u00eame 2024 : Aller plus loin avec Dieu"}]},{"@type":"WebSite","@id":"https:\/\/mwc-cmm.org\/en\/#website","url":"https:\/\/mwc-cmm.org\/en\/","name":"Mennonite World Conference","description":"A communion of Anabaptist-related churches","publisher":{"@id":"https:\/\/mwc-cmm.org\/en\/#organization"},"alternateName":"MWC","potentialAction":[{"@type":"SearchAction","target":{"@type":"EntryPoint","urlTemplate":"https:\/\/mwc-cmm.org\/en\/?s={search_term_string}"},"query-input":{"@type":"PropertyValueSpecification","valueRequired":true,"valueName":"search_term_string"}}],"inLanguage":"fr-FR"},{"@type":"Organization","@id":"https:\/\/mwc-cmm.org\/en\/#organization","name":"Mennonite World Conference","alternateName":"MWC","url":"https:\/\/mwc-cmm.org\/en\/","logo":{"@type":"ImageObject","inLanguage":"fr-FR","@id":"https:\/\/mwc-cmm.org\/en\/#\/schema\/logo\/image\/","url":"https:\/\/mwc-cmm.org\/wp-content\/uploads\/2026\/01\/MWC_Sig_Blue_Horiz_webheader1-logo.svg","contentUrl":"https:\/\/mwc-cmm.org\/wp-content\/uploads\/2026\/01\/MWC_Sig_Blue_Horiz_webheader1-logo.svg","width":786,"height":82,"caption":"Mennonite World Conference"},"image":{"@id":"https:\/\/mwc-cmm.org\/en\/#\/schema\/logo\/image\/"},"sameAs":["https:\/\/www.facebook.com\/MennoniteWorldConference","https:\/\/www.linkedin.com\/company\/mennonite-world-conference-mwc\/","https:\/\/www.instagram.com\/mwcmm\/","https:\/\/www.youtube.com\/user\/mwccmm","https:\/\/bsky.app\/profile\/mwcmm.bsky.social"]},{"@type":"Person","@id":"https:\/\/mwc-cmm.org\/en\/#\/schema\/person\/11f6ae0d7d1868ba20a1cc27f067c836","name":"mennworldcon","image":{"@type":"ImageObject","inLanguage":"fr-FR","@id":"https:\/\/secure.gravatar.com\/avatar\/06fdc0dc81c157dfdb82ec42f252178a22307808988d22c043f9eb96f1e0fe80?s=96&d=mm&r=g","url":"https:\/\/secure.gravatar.com\/avatar\/06fdc0dc81c157dfdb82ec42f252178a22307808988d22c043f9eb96f1e0fe80?s=96&d=mm&r=g","contentUrl":"https:\/\/secure.gravatar.com\/avatar\/06fdc0dc81c157dfdb82ec42f252178a22307808988d22c043f9eb96f1e0fe80?s=96&d=mm&r=g","caption":"mennworldcon"},"sameAs":["https:\/\/mwc-cmm.org"],"url":"https:\/\/mwc-cmm.org\/fr\/stories\/author\/mennworldcon\/"}]}},"_links":{"self":[{"href":"https:\/\/mwc-cmm.org\/fr\/wp-json\/wp\/v2\/posts\/10612","targetHints":{"allow":["GET"]}}],"collection":[{"href":"https:\/\/mwc-cmm.org\/fr\/wp-json\/wp\/v2\/posts"}],"about":[{"href":"https:\/\/mwc-cmm.org\/fr\/wp-json\/wp\/v2\/types\/post"}],"author":[{"embeddable":true,"href":"https:\/\/mwc-cmm.org\/fr\/wp-json\/wp\/v2\/users\/1"}],"replies":[{"embeddable":true,"href":"https:\/\/mwc-cmm.org\/fr\/wp-json\/wp\/v2\/comments?post=10612"}],"version-history":[{"count":0,"href":"https:\/\/mwc-cmm.org\/fr\/wp-json\/wp\/v2\/posts\/10612\/revisions"}],"wp:featuredmedia":[{"embeddable":true,"href":"https:\/\/mwc-cmm.org\/fr\/wp-json\/wp\/v2\/media\/97810"}],"wp:attachment":[{"href":"https:\/\/mwc-cmm.org\/fr\/wp-json\/wp\/v2\/media?parent=10612"}],"wp:term":[{"taxonomy":"category","embeddable":true,"href":"https:\/\/mwc-cmm.org\/fr\/wp-json\/wp\/v2\/categories?post=10612"},{"taxonomy":"post_tag","embeddable":true,"href":"https:\/\/mwc-cmm.org\/fr\/wp-json\/wp\/v2\/tags?post=10612"},{"taxonomy":"network","embeddable":true,"href":"https:\/\/mwc-cmm.org\/fr\/wp-json\/wp\/v2\/network?post=10612"},{"taxonomy":"eventcategory","embeddable":true,"href":"https:\/\/mwc-cmm.org\/fr\/wp-json\/wp\/v2\/eventcategory?post=10612"}],"curies":[{"name":"wp","href":"https:\/\/api.w.org\/{rel}","templated":true}]}}