{"id":10611,"date":"2024-02-02T00:00:00","date_gmt":"2024-02-02T00:00:00","guid":{"rendered":"https:\/\/mwc-cmm.org\/gasn-upcoming-events-3\/"},"modified":"2024-12-10T17:20:55","modified_gmt":"2024-12-10T17:20:55","slug":"partage-des-meilleures-practiques-du-projet-developpement-des-enfants-et-des-jeunes","status":"publish","type":"post","link":"https:\/\/mwc-cmm.org\/fr\/stories\/partage-des-meilleures-practiques-du-projet-developpement-des-enfants-et-des-jeunes\/","title":{"rendered":"Partage des meilleures practiques du projet D\u00e9veloppement des enfants et des jeunes"},"content":{"rendered":"<p>Nous nous r\u00e9jouissons de nous connecter avec vous le 27 f\u00e9vrier 2024 \u00e0 14:00 UTC pour en savoir plus sur les meilleures pratiques du projet de nos amis \u00e9thiopiens. Apr\u00e8s leur pr\u00e9sentation, nous r\u00e9fl\u00e9chirons avec eux et partagerons nos propres exp\u00e9riences.<\/p>\n<table style=\"width:300px\">\n<tbody>\n<tr>\n<td>\n<h3><a href=\"https:\/\/mwc-cmm.org\/fr\/gasn-gmf\/r%C3%A9seau-anabaptiste-mondial-d%E2%80%99entraide\">R\u00e9seau Anabaptiste Mondial d\u2019Entraide&nbsp;(GASN)<\/a><\/h3>\n<\/td>\n<\/tr>\n<\/tbody>\n<\/table>\n<p style=\"text-align:center\"><img decoding=\"async\" alt=\"\" height=\"500\" data-src=\"\/sites\/default\/files\/website_files_2020\/gasn_fr.jpg\" width=\"400\" src=\"data:image\/svg+xml;base64,PHN2ZyB3aWR0aD0iMSIgaGVpZ2h0PSIxIiB4bWxucz0iaHR0cDovL3d3dy53My5vcmcvMjAwMC9zdmciPjwvc3ZnPg==\" class=\"lazyload\" style=\"--smush-placeholder-width: 400px; --smush-placeholder-aspect-ratio: 400\/500;\"><\/p>\n","protected":false},"excerpt":{"rendered":"<p>Nous nous r\u00e9jouissons de nous connecter avec vous le 27 f\u00e9vrier 2024 \u00e0 14:00 UTC pour en savoir plus sur les meilleures pratiques du projet de nos amis \u00e9thiopiens. Apr\u00e8s leur pr\u00e9sentation, nous r\u00e9fl\u00e9chirons avec eux et partagerons nos propres exp\u00e9riences. R\u00e9seau Anabaptiste Mondial d\u2019Entraide&nbsp;(GASN)<\/p>\n","protected":false},"author":1,"featured_media":0,"comment_status":"closed","ping_status":"closed","sticky":false,"template":"","format":"standard","meta":{"_acf_changed":false,"footnotes":""},"categories":[7],"tags":[],"network":[1300,1292],"eventcategory":[],"class_list":["post-10611","post","type-post","status-publish","format-standard","hentry","category-non-classifiee","network-global-anabaptist-service-network-fr","network-global-mission-fellowship-fr"],"acf":[],"yoast_head":"<!-- This site is optimized with the Yoast SEO plugin v27.5 - https:\/\/yoast.com\/product\/yoast-seo-wordpress\/ -->\n<title>Partage des meilleures practiques du projet D\u00e9veloppement des enfants et des jeunes - Mennonite World Conference<\/title>\n<meta name=\"robots\" content=\"index, follow, max-snippet:-1, max-image-preview:large, max-video-preview:-1\" \/>\n<link rel=\"canonical\" href=\"https:\/\/mwc-cmm.org\/fr\/stories\/partage-des-meilleures-practiques-du-projet-developpement-des-enfants-et-des-jeunes\/\" \/>\n<meta property=\"og:locale\" content=\"fr_FR\" \/>\n<meta property=\"og:type\" content=\"article\" \/>\n<meta property=\"og:title\" content=\"Partage des meilleures practiques du projet D\u00e9veloppement des enfants et des jeunes - Mennonite World Conference\" \/>\n<meta property=\"og:description\" content=\"Nous nous r\u00e9jouissons de nous connecter avec vous le 27 f\u00e9vrier 2024 \u00e0 14:00 UTC pour en savoir plus sur les meilleures pratiques du projet de nos amis \u00e9thiopiens. Apr\u00e8s leur pr\u00e9sentation, nous r\u00e9fl\u00e9chirons avec eux et partagerons nos propres exp\u00e9riences. R\u00e9seau Anabaptiste Mondial d\u2019Entraide&nbsp;(GASN)\" \/>\n<meta property=\"og:url\" content=\"https:\/\/mwc-cmm.org\/fr\/stories\/partage-des-meilleures-practiques-du-projet-developpement-des-enfants-et-des-jeunes\/\" \/>\n<meta property=\"og:site_name\" content=\"Mennonite World Conference\" \/>\n<meta property=\"article:publisher\" content=\"https:\/\/www.facebook.com\/MennoniteWorldConference\" \/>\n<meta property=\"article:published_time\" content=\"2024-02-02T00:00:00+00:00\" \/>\n<meta property=\"article:modified_time\" content=\"2024-12-10T17:20:55+00:00\" \/>\n<meta name=\"author\" content=\"mennworldcon\" \/>\n<script type=\"application\/ld+json\" class=\"yoast-schema-graph\">{\"@context\":\"https:\\\/\\\/schema.org\",\"@graph\":[{\"@type\":\"Article\",\"@id\":\"https:\\\/\\\/mwc-cmm.org\\\/fr\\\/stories\\\/partage-des-meilleures-practiques-du-projet-developpement-des-enfants-et-des-jeunes\\\/#article\",\"isPartOf\":{\"@id\":\"https:\\\/\\\/mwc-cmm.org\\\/fr\\\/stories\\\/partage-des-meilleures-practiques-du-projet-developpement-des-enfants-et-des-jeunes\\\/\"},\"author\":{\"name\":\"mennworldcon\",\"@id\":\"https:\\\/\\\/mwc-cmm.org\\\/en\\\/#\\\/schema\\\/person\\\/11f6ae0d7d1868ba20a1cc27f067c836\"},\"headline\":\"Partage des meilleures practiques du projet D\u00e9veloppement des enfants et des jeunes\",\"datePublished\":\"2024-02-02T00:00:00+00:00\",\"dateModified\":\"2024-12-10T17:20:55+00:00\",\"mainEntityOfPage\":{\"@id\":\"https:\\\/\\\/mwc-cmm.org\\\/fr\\\/stories\\\/partage-des-meilleures-practiques-du-projet-developpement-des-enfants-et-des-jeunes\\\/\"},\"wordCount\":65,\"publisher\":{\"@id\":\"https:\\\/\\\/mwc-cmm.org\\\/en\\\/#organization\"},\"articleSection\":[\"Non classifi\u00e9(e)\"],\"inLanguage\":\"fr-FR\"},{\"@type\":\"WebPage\",\"@id\":\"https:\\\/\\\/mwc-cmm.org\\\/fr\\\/stories\\\/partage-des-meilleures-practiques-du-projet-developpement-des-enfants-et-des-jeunes\\\/\",\"url\":\"https:\\\/\\\/mwc-cmm.org\\\/fr\\\/stories\\\/partage-des-meilleures-practiques-du-projet-developpement-des-enfants-et-des-jeunes\\\/\",\"name\":\"Partage des meilleures practiques du projet D\u00e9veloppement des enfants et des jeunes - Mennonite World Conference\",\"isPartOf\":{\"@id\":\"https:\\\/\\\/mwc-cmm.org\\\/en\\\/#website\"},\"datePublished\":\"2024-02-02T00:00:00+00:00\",\"dateModified\":\"2024-12-10T17:20:55+00:00\",\"breadcrumb\":{\"@id\":\"https:\\\/\\\/mwc-cmm.org\\\/fr\\\/stories\\\/partage-des-meilleures-practiques-du-projet-developpement-des-enfants-et-des-jeunes\\\/#breadcrumb\"},\"inLanguage\":\"fr-FR\",\"potentialAction\":[{\"@type\":\"ReadAction\",\"target\":[\"https:\\\/\\\/mwc-cmm.org\\\/fr\\\/stories\\\/partage-des-meilleures-practiques-du-projet-developpement-des-enfants-et-des-jeunes\\\/\"]}]},{\"@type\":\"BreadcrumbList\",\"@id\":\"https:\\\/\\\/mwc-cmm.org\\\/fr\\\/stories\\\/partage-des-meilleures-practiques-du-projet-developpement-des-enfants-et-des-jeunes\\\/#breadcrumb\",\"itemListElement\":[{\"@type\":\"ListItem\",\"position\":1,\"name\":\"Home\",\"item\":\"https:\\\/\\\/mwc-cmm.org\\\/fr\\\/\"},{\"@type\":\"ListItem\",\"position\":2,\"name\":\"Partage des meilleures practiques du projet D\u00e9veloppement des enfants et des jeunes\"}]},{\"@type\":\"WebSite\",\"@id\":\"https:\\\/\\\/mwc-cmm.org\\\/en\\\/#website\",\"url\":\"https:\\\/\\\/mwc-cmm.org\\\/en\\\/\",\"name\":\"Mennonite World Conference\",\"description\":\"A communion of Anabaptist-related churches\",\"publisher\":{\"@id\":\"https:\\\/\\\/mwc-cmm.org\\\/en\\\/#organization\"},\"alternateName\":\"MWC\",\"potentialAction\":[{\"@type\":\"SearchAction\",\"target\":{\"@type\":\"EntryPoint\",\"urlTemplate\":\"https:\\\/\\\/mwc-cmm.org\\\/en\\\/?s={search_term_string}\"},\"query-input\":{\"@type\":\"PropertyValueSpecification\",\"valueRequired\":true,\"valueName\":\"search_term_string\"}}],\"inLanguage\":\"fr-FR\"},{\"@type\":\"Organization\",\"@id\":\"https:\\\/\\\/mwc-cmm.org\\\/en\\\/#organization\",\"name\":\"Mennonite World Conference\",\"alternateName\":\"MWC\",\"url\":\"https:\\\/\\\/mwc-cmm.org\\\/en\\\/\",\"logo\":{\"@type\":\"ImageObject\",\"inLanguage\":\"fr-FR\",\"@id\":\"https:\\\/\\\/mwc-cmm.org\\\/en\\\/#\\\/schema\\\/logo\\\/image\\\/\",\"url\":\"https:\\\/\\\/mwc-cmm.org\\\/wp-content\\\/uploads\\\/2026\\\/01\\\/MWC_Sig_Blue_Horiz_webheader1-logo.svg\",\"contentUrl\":\"https:\\\/\\\/mwc-cmm.org\\\/wp-content\\\/uploads\\\/2026\\\/01\\\/MWC_Sig_Blue_Horiz_webheader1-logo.svg\",\"width\":786,\"height\":82,\"caption\":\"Mennonite World Conference\"},\"image\":{\"@id\":\"https:\\\/\\\/mwc-cmm.org\\\/en\\\/#\\\/schema\\\/logo\\\/image\\\/\"},\"sameAs\":[\"https:\\\/\\\/www.facebook.com\\\/MennoniteWorldConference\",\"https:\\\/\\\/www.linkedin.com\\\/company\\\/mennonite-world-conference-mwc\\\/\",\"https:\\\/\\\/www.instagram.com\\\/mwcmm\\\/\",\"https:\\\/\\\/www.youtube.com\\\/user\\\/mwccmm\",\"https:\\\/\\\/bsky.app\\\/profile\\\/mwcmm.bsky.social\"]},{\"@type\":\"Person\",\"@id\":\"https:\\\/\\\/mwc-cmm.org\\\/en\\\/#\\\/schema\\\/person\\\/11f6ae0d7d1868ba20a1cc27f067c836\",\"name\":\"mennworldcon\",\"image\":{\"@type\":\"ImageObject\",\"inLanguage\":\"fr-FR\",\"@id\":\"https:\\\/\\\/secure.gravatar.com\\\/avatar\\\/06fdc0dc81c157dfdb82ec42f252178a22307808988d22c043f9eb96f1e0fe80?s=96&d=mm&r=g\",\"url\":\"https:\\\/\\\/secure.gravatar.com\\\/avatar\\\/06fdc0dc81c157dfdb82ec42f252178a22307808988d22c043f9eb96f1e0fe80?s=96&d=mm&r=g\",\"contentUrl\":\"https:\\\/\\\/secure.gravatar.com\\\/avatar\\\/06fdc0dc81c157dfdb82ec42f252178a22307808988d22c043f9eb96f1e0fe80?s=96&d=mm&r=g\",\"caption\":\"mennworldcon\"},\"sameAs\":[\"https:\\\/\\\/mwc-cmm.org\"],\"url\":\"https:\\\/\\\/mwc-cmm.org\\\/fr\\\/stories\\\/author\\\/mennworldcon\\\/\"}]}<\/script>\n<!-- \/ Yoast SEO plugin. -->","yoast_head_json":{"title":"Partage des meilleures practiques du projet D\u00e9veloppement des enfants et des jeunes - Mennonite World Conference","robots":{"index":"index","follow":"follow","max-snippet":"max-snippet:-1","max-image-preview":"max-image-preview:large","max-video-preview":"max-video-preview:-1"},"canonical":"https:\/\/mwc-cmm.org\/fr\/stories\/partage-des-meilleures-practiques-du-projet-developpement-des-enfants-et-des-jeunes\/","og_locale":"fr_FR","og_type":"article","og_title":"Partage des meilleures practiques du projet D\u00e9veloppement des enfants et des jeunes - Mennonite World Conference","og_description":"Nous nous r\u00e9jouissons de nous connecter avec vous le 27 f\u00e9vrier 2024 \u00e0 14:00 UTC pour en savoir plus sur les meilleures pratiques du projet de nos amis \u00e9thiopiens. Apr\u00e8s leur pr\u00e9sentation, nous r\u00e9fl\u00e9chirons avec eux et partagerons nos propres exp\u00e9riences. R\u00e9seau Anabaptiste Mondial d\u2019Entraide&nbsp;(GASN)","og_url":"https:\/\/mwc-cmm.org\/fr\/stories\/partage-des-meilleures-practiques-du-projet-developpement-des-enfants-et-des-jeunes\/","og_site_name":"Mennonite World Conference","article_publisher":"https:\/\/www.facebook.com\/MennoniteWorldConference","article_published_time":"2024-02-02T00:00:00+00:00","article_modified_time":"2024-12-10T17:20:55+00:00","author":"mennworldcon","schema":{"@context":"https:\/\/schema.org","@graph":[{"@type":"Article","@id":"https:\/\/mwc-cmm.org\/fr\/stories\/partage-des-meilleures-practiques-du-projet-developpement-des-enfants-et-des-jeunes\/#article","isPartOf":{"@id":"https:\/\/mwc-cmm.org\/fr\/stories\/partage-des-meilleures-practiques-du-projet-developpement-des-enfants-et-des-jeunes\/"},"author":{"name":"mennworldcon","@id":"https:\/\/mwc-cmm.org\/en\/#\/schema\/person\/11f6ae0d7d1868ba20a1cc27f067c836"},"headline":"Partage des meilleures practiques du projet D\u00e9veloppement des enfants et des jeunes","datePublished":"2024-02-02T00:00:00+00:00","dateModified":"2024-12-10T17:20:55+00:00","mainEntityOfPage":{"@id":"https:\/\/mwc-cmm.org\/fr\/stories\/partage-des-meilleures-practiques-du-projet-developpement-des-enfants-et-des-jeunes\/"},"wordCount":65,"publisher":{"@id":"https:\/\/mwc-cmm.org\/en\/#organization"},"articleSection":["Non classifi\u00e9(e)"],"inLanguage":"fr-FR"},{"@type":"WebPage","@id":"https:\/\/mwc-cmm.org\/fr\/stories\/partage-des-meilleures-practiques-du-projet-developpement-des-enfants-et-des-jeunes\/","url":"https:\/\/mwc-cmm.org\/fr\/stories\/partage-des-meilleures-practiques-du-projet-developpement-des-enfants-et-des-jeunes\/","name":"Partage des meilleures practiques du projet D\u00e9veloppement des enfants et des jeunes - Mennonite World Conference","isPartOf":{"@id":"https:\/\/mwc-cmm.org\/en\/#website"},"datePublished":"2024-02-02T00:00:00+00:00","dateModified":"2024-12-10T17:20:55+00:00","breadcrumb":{"@id":"https:\/\/mwc-cmm.org\/fr\/stories\/partage-des-meilleures-practiques-du-projet-developpement-des-enfants-et-des-jeunes\/#breadcrumb"},"inLanguage":"fr-FR","potentialAction":[{"@type":"ReadAction","target":["https:\/\/mwc-cmm.org\/fr\/stories\/partage-des-meilleures-practiques-du-projet-developpement-des-enfants-et-des-jeunes\/"]}]},{"@type":"BreadcrumbList","@id":"https:\/\/mwc-cmm.org\/fr\/stories\/partage-des-meilleures-practiques-du-projet-developpement-des-enfants-et-des-jeunes\/#breadcrumb","itemListElement":[{"@type":"ListItem","position":1,"name":"Home","item":"https:\/\/mwc-cmm.org\/fr\/"},{"@type":"ListItem","position":2,"name":"Partage des meilleures practiques du projet D\u00e9veloppement des enfants et des jeunes"}]},{"@type":"WebSite","@id":"https:\/\/mwc-cmm.org\/en\/#website","url":"https:\/\/mwc-cmm.org\/en\/","name":"Mennonite World Conference","description":"A communion of Anabaptist-related churches","publisher":{"@id":"https:\/\/mwc-cmm.org\/en\/#organization"},"alternateName":"MWC","potentialAction":[{"@type":"SearchAction","target":{"@type":"EntryPoint","urlTemplate":"https:\/\/mwc-cmm.org\/en\/?s={search_term_string}"},"query-input":{"@type":"PropertyValueSpecification","valueRequired":true,"valueName":"search_term_string"}}],"inLanguage":"fr-FR"},{"@type":"Organization","@id":"https:\/\/mwc-cmm.org\/en\/#organization","name":"Mennonite World Conference","alternateName":"MWC","url":"https:\/\/mwc-cmm.org\/en\/","logo":{"@type":"ImageObject","inLanguage":"fr-FR","@id":"https:\/\/mwc-cmm.org\/en\/#\/schema\/logo\/image\/","url":"https:\/\/mwc-cmm.org\/wp-content\/uploads\/2026\/01\/MWC_Sig_Blue_Horiz_webheader1-logo.svg","contentUrl":"https:\/\/mwc-cmm.org\/wp-content\/uploads\/2026\/01\/MWC_Sig_Blue_Horiz_webheader1-logo.svg","width":786,"height":82,"caption":"Mennonite World Conference"},"image":{"@id":"https:\/\/mwc-cmm.org\/en\/#\/schema\/logo\/image\/"},"sameAs":["https:\/\/www.facebook.com\/MennoniteWorldConference","https:\/\/www.linkedin.com\/company\/mennonite-world-conference-mwc\/","https:\/\/www.instagram.com\/mwcmm\/","https:\/\/www.youtube.com\/user\/mwccmm","https:\/\/bsky.app\/profile\/mwcmm.bsky.social"]},{"@type":"Person","@id":"https:\/\/mwc-cmm.org\/en\/#\/schema\/person\/11f6ae0d7d1868ba20a1cc27f067c836","name":"mennworldcon","image":{"@type":"ImageObject","inLanguage":"fr-FR","@id":"https:\/\/secure.gravatar.com\/avatar\/06fdc0dc81c157dfdb82ec42f252178a22307808988d22c043f9eb96f1e0fe80?s=96&d=mm&r=g","url":"https:\/\/secure.gravatar.com\/avatar\/06fdc0dc81c157dfdb82ec42f252178a22307808988d22c043f9eb96f1e0fe80?s=96&d=mm&r=g","contentUrl":"https:\/\/secure.gravatar.com\/avatar\/06fdc0dc81c157dfdb82ec42f252178a22307808988d22c043f9eb96f1e0fe80?s=96&d=mm&r=g","caption":"mennworldcon"},"sameAs":["https:\/\/mwc-cmm.org"],"url":"https:\/\/mwc-cmm.org\/fr\/stories\/author\/mennworldcon\/"}]}},"_links":{"self":[{"href":"https:\/\/mwc-cmm.org\/fr\/wp-json\/wp\/v2\/posts\/10611","targetHints":{"allow":["GET"]}}],"collection":[{"href":"https:\/\/mwc-cmm.org\/fr\/wp-json\/wp\/v2\/posts"}],"about":[{"href":"https:\/\/mwc-cmm.org\/fr\/wp-json\/wp\/v2\/types\/post"}],"author":[{"embeddable":true,"href":"https:\/\/mwc-cmm.org\/fr\/wp-json\/wp\/v2\/users\/1"}],"replies":[{"embeddable":true,"href":"https:\/\/mwc-cmm.org\/fr\/wp-json\/wp\/v2\/comments?post=10611"}],"version-history":[{"count":0,"href":"https:\/\/mwc-cmm.org\/fr\/wp-json\/wp\/v2\/posts\/10611\/revisions"}],"wp:attachment":[{"href":"https:\/\/mwc-cmm.org\/fr\/wp-json\/wp\/v2\/media?parent=10611"}],"wp:term":[{"taxonomy":"category","embeddable":true,"href":"https:\/\/mwc-cmm.org\/fr\/wp-json\/wp\/v2\/categories?post=10611"},{"taxonomy":"post_tag","embeddable":true,"href":"https:\/\/mwc-cmm.org\/fr\/wp-json\/wp\/v2\/tags?post=10611"},{"taxonomy":"network","embeddable":true,"href":"https:\/\/mwc-cmm.org\/fr\/wp-json\/wp\/v2\/network?post=10611"},{"taxonomy":"eventcategory","embeddable":true,"href":"https:\/\/mwc-cmm.org\/fr\/wp-json\/wp\/v2\/eventcategory?post=10611"}],"curies":[{"name":"wp","href":"https:\/\/api.w.org\/{rel}","templated":true}]}}