{"id":10608,"date":"2024-01-24T00:00:00","date_gmt":"2024-01-24T00:00:00","guid":{"rendered":"https:\/\/mwc-cmm.org\/isolated-churches-seek-connection-3\/"},"modified":"2024-12-10T17:20:55","modified_gmt":"2024-12-10T17:20:55","slug":"les-eglises-isolees-en-quete-de-liens","status":"publish","type":"post","link":"https:\/\/mwc-cmm.org\/fr\/stories\/les-eglises-isolees-en-quete-de-liens\/","title":{"rendered":"Les \u00e9glises isol\u00e9es en qu\u00eate de liens"},"content":{"rendered":"<p>\u00ab&nbsp;Nous sommes ici pour marcher ensemble en tant qu\u2019\u00e9glises afin de nous aider mutuellement \u00e0 suivre J\u00e9sus&nbsp;\u00bb, d\u00e9clare Arli Klassen, coordinatrice des repr\u00e9sentants r\u00e9gionaux de la CMM.&nbsp;<\/p>\n<p>C\u2019est le message qu\u2019elle a transmis lors de sa visite des \u00e9glises membres de la CMM dans les cinq pays des Cara\u00efbes en novembre 2023. Une visite en personne offre un espace pour d\u00e9velopper une vraie relation, avec du temps pour discuter autour d\u2019un caf\u00e9, ce qui n\u2019est pas le cas lors d\u2019une r\u00e9union Zoom&nbsp;\u00bb, dit-elle.&nbsp;<\/p>\n<p>Depuis que Mariano Ramirez a renonc\u00e9 \u00e0 ses fonctions pour des raisons de sant\u00e9, il n\u2019y a plus de repr\u00e9sentant r\u00e9gional pour les Cara\u00efbes. Peu apr\u00e8s la visite, William George Broughton, pasteur et responsable d\u2019\u00e9glise de longue date en Jama\u00efque, a \u00e9t\u00e9 nomm\u00e9 nouveau<a href=\"https:\/\/mwc-cmm.org\/fr\/les-representants-regionaux-de-la-cmm\"> repr\u00e9sentant de la CMM<\/a> pour les Cara\u00efbes<\/p>\n<p>Les assembl\u00e9es locales ont gracieusement accueilli la coordinatrice canadienne de la CMM. Un des moments les plus marquants a \u00e9t\u00e9 le d\u00e9jeuner dans un restaurant chinois en Jama\u00efque, avec 12&nbsp;responsables d\u2019\u00e9glises autour d\u2019une grande table ronde, raconte Arli Klassen. Les conversations ont dur\u00e9 plus de quatre heures, chacun parlant de sa vie et de son minist\u00e8re.&nbsp;<\/p>\n<p>\u00ab&nbsp;C\u2019est tr\u00e8s fort d\u2019\u00eatre capable de se connecter&nbsp;\u00bb, dit-elle. Le fait de l\u2019avoir fait dans un restaurant chinois en Jama\u00efque refl\u00e8te notre go\u00fbt pour le multiculturalisme&nbsp;\u00bb, dit-elle en souriant.&nbsp;<\/p>\n<p>Les \u00e9glises membres de la CMM sur les \u00eeles de Puerto Rico, la R\u00e9publique Dominicaine, la Jama\u00efque, Trinidad et Tobago et Cuba vont de trois assembl\u00e9es avec un total de 100&nbsp;membres \u00e0 pr\u00e8s de 100&nbsp;assembl\u00e9es avec pr\u00e8s de 5&nbsp;000&nbsp;membres. Beaucoup d\u2019entre elles continuent \u00e0 se tourner vers l\u2019Am\u00e9rique du Nord pour obtenir une formation et un soutien de l\u2019agence missionnaire qui les a aid\u00e9es \u00e0 na\u00eetre, explique Arli Klassen.&nbsp;<\/p>\n<table style=\"width:100%\">\n<tbody>\n<tr>\n<td style=\"border-color:rgb(255, 255, 255)\">\n<p style=\"text-align:center\"><img decoding=\"async\" alt=\"\" height=\"300\" data-src=\"https:\/\/mwc-cmm.org\/wp-content\/uploads\/2024\/10\/20231119_104950-scaled.jpg\" width=\"400\" src=\"data:image\/svg+xml;base64,PHN2ZyB3aWR0aD0iMSIgaGVpZ2h0PSIxIiB4bWxucz0iaHR0cDovL3d3dy53My5vcmcvMjAwMC9zdmciPjwvc3ZnPg==\" class=\"lazyload\" style=\"--smush-placeholder-width: 400px; --smush-placeholder-aspect-ratio: 400\/300;\"><\/p>\n<\/td>\n<td style=\"border-color:rgb(255, 255, 255)\">\n<p style=\"text-align:center\"><img decoding=\"async\" alt=\"\" height=\"300\" data-src=\"https:\/\/mwc-cmm.org\/wp-content\/uploads\/2024\/10\/20231119_153113-scaled.jpg\" width=\"400\" src=\"data:image\/svg+xml;base64,PHN2ZyB3aWR0aD0iMSIgaGVpZ2h0PSIxIiB4bWxucz0iaHR0cDovL3d3dy53My5vcmcvMjAwMC9zdmciPjwvc3ZnPg==\" class=\"lazyload\" style=\"--smush-placeholder-width: 400px; --smush-placeholder-aspect-ratio: 400\/300;\"><\/p>\n<\/td>\n<\/tr>\n<\/tbody>\n<\/table>\n<p>Bien que les facteurs culturels diff\u00e8rent consid\u00e9rablement d\u2019une \u00eele \u00e0 l\u2019autre (certaines sont anglophones, d\u2019autres hispanophones), Arli Klassen observe que la vie insulaire donne lieu \u00e0 une perspective commune fond\u00e9e sur l\u2019isolement et les petites \u00e9conomies.&nbsp;<\/p>\n<p>Le besoin de formation des pasteurs anabaptistes-mennonites est partag\u00e9 par toutes les \u00eeles, bien que les \u00e9glises de Cuba aient \u00e9tabli des liens avec le s\u00e9minaire SEMILLA au Guatemala. Plusieurs \u00eeles ont des pasteurs \u00e2g\u00e9s et manquent d\u2019opportunit\u00e9s pour les jeunes responsables. Tous sont conscients de leur vuln\u00e9rabilit\u00e9 face \u00e0 la crise climatique.&nbsp;<\/p>\n<p>\u00ab&nbsp;Nous essayons d\u2019encourager ces \u00e9glises membres de la CMM \u00e0 entrer en contact les unes avec les autres et avec la grande famille de la CMM, afin qu\u2019elles se sentent moins isol\u00e9es&nbsp;\u00bb, dit Arli Klassen. \u00ab&nbsp;Nous avons tant \u00e0 apprendre les uns des autres pour approfondir notre compr\u00e9hension de qui est Dieu \u00e0 travers les diff\u00e9rentes cultures.&nbsp;&nbsp;<\/p>\n<hr>\n<p style=\"text-align:center\"><img decoding=\"async\" alt=\"Comment pouvez-vous prier pour les Cara\u00efbes&nbsp;? \" height=\"300\" data-src=\"\/sites\/default\/files\/website_files_2020\/carribean_fr.jpg\" width=\"810\" src=\"data:image\/svg+xml;base64,PHN2ZyB3aWR0aD0iMSIgaGVpZ2h0PSIxIiB4bWxucz0iaHR0cDovL3d3dy53My5vcmcvMjAwMC9zdmciPjwvc3ZnPg==\" class=\"lazyload\" style=\"--smush-placeholder-width: 810px; --smush-placeholder-aspect-ratio: 810\/300;\"><\/p>\n<p>&nbsp;<\/p>\n","protected":false},"excerpt":{"rendered":"<p>\u00ab&nbsp;Nous sommes ici pour marcher ensemble en tant qu\u2019\u00e9glises afin de nous aider mutuellement \u00e0 suivre J\u00e9sus&nbsp;\u00bb, d\u00e9clare Arli Klassen, coordinatrice des repr\u00e9sentants r\u00e9gionaux de la CMM.&nbsp; C\u2019est le message qu\u2019elle a transmis lors de sa visite des \u00e9glises membres de la CMM dans les cinq pays des Cara\u00efbes en novembre 2023. Une visite en [&hellip;]<\/p>\n","protected":false},"author":1,"featured_media":97768,"comment_status":"closed","ping_status":"closed","sticky":false,"template":"","format":"standard","meta":{"_acf_changed":false,"footnotes":""},"categories":[7],"tags":[],"network":[],"eventcategory":[],"class_list":["post-10608","post","type-post","status-publish","format-standard","has-post-thumbnail","hentry","category-non-classifiee"],"acf":[],"yoast_head":"<!-- This site is optimized with the Yoast SEO plugin v27.2 - https:\/\/yoast.com\/product\/yoast-seo-wordpress\/ -->\n<title>Les \u00e9glises isol\u00e9es en qu\u00eate de liens - Mennonite World Conference<\/title>\n<meta name=\"robots\" content=\"index, follow, max-snippet:-1, max-image-preview:large, max-video-preview:-1\" \/>\n<link rel=\"canonical\" href=\"https:\/\/mwc-cmm.org\/fr\/stories\/les-eglises-isolees-en-quete-de-liens\/\" \/>\n<meta property=\"og:locale\" content=\"fr_FR\" \/>\n<meta property=\"og:type\" content=\"article\" \/>\n<meta property=\"og:title\" content=\"Les \u00e9glises isol\u00e9es en qu\u00eate de liens - Mennonite World Conference\" \/>\n<meta property=\"og:description\" content=\"\u00ab&nbsp;Nous sommes ici pour marcher ensemble en tant qu\u2019\u00e9glises afin de nous aider mutuellement \u00e0 suivre J\u00e9sus&nbsp;\u00bb, d\u00e9clare Arli Klassen, coordinatrice des repr\u00e9sentants r\u00e9gionaux de la CMM.&nbsp; C\u2019est le message qu\u2019elle a transmis lors de sa visite des \u00e9glises membres de la CMM dans les cinq pays des Cara\u00efbes en novembre 2023. Une visite en [&hellip;]\" \/>\n<meta property=\"og:url\" content=\"https:\/\/mwc-cmm.org\/fr\/stories\/les-eglises-isolees-en-quete-de-liens\/\" \/>\n<meta property=\"og:site_name\" content=\"Mennonite World Conference\" \/>\n<meta property=\"article:publisher\" content=\"https:\/\/www.facebook.com\/MennoniteWorldConference\" \/>\n<meta property=\"article:published_time\" content=\"2024-01-24T00:00:00+00:00\" \/>\n<meta property=\"article:modified_time\" content=\"2024-12-10T17:20:55+00:00\" \/>\n<meta property=\"og:image\" content=\"https:\/\/mwc-cmm.org\/wp-content\/uploads\/2024\/11\/20231112_145601-scaled.jpg\" \/>\n\t<meta property=\"og:image:width\" content=\"2560\" \/>\n\t<meta property=\"og:image:height\" content=\"1920\" \/>\n\t<meta property=\"og:image:type\" content=\"image\/jpeg\" \/>\n<meta name=\"author\" content=\"mennworldcon\" \/>\n<script type=\"application\/ld+json\" class=\"yoast-schema-graph\">{\"@context\":\"https:\/\/schema.org\",\"@graph\":[{\"@type\":\"Article\",\"@id\":\"https:\/\/mwc-cmm.org\/fr\/stories\/les-eglises-isolees-en-quete-de-liens\/#article\",\"isPartOf\":{\"@id\":\"https:\/\/mwc-cmm.org\/fr\/stories\/les-eglises-isolees-en-quete-de-liens\/\"},\"author\":{\"name\":\"mennworldcon\",\"@id\":\"https:\/\/mwc-cmm.org\/en\/#\/schema\/person\/11f6ae0d7d1868ba20a1cc27f067c836\"},\"headline\":\"Les \u00e9glises isol\u00e9es en qu\u00eate de liens\",\"datePublished\":\"2024-01-24T00:00:00+00:00\",\"dateModified\":\"2024-12-10T17:20:55+00:00\",\"mainEntityOfPage\":{\"@id\":\"https:\/\/mwc-cmm.org\/fr\/stories\/les-eglises-isolees-en-quete-de-liens\/\"},\"wordCount\":519,\"publisher\":{\"@id\":\"https:\/\/mwc-cmm.org\/en\/#organization\"},\"image\":{\"@id\":\"https:\/\/mwc-cmm.org\/fr\/stories\/les-eglises-isolees-en-quete-de-liens\/#primaryimage\"},\"thumbnailUrl\":\"https:\/\/mwc-cmm.org\/wp-content\/uploads\/2024\/11\/20231112_145601-scaled.jpg\",\"articleSection\":[\"Non classifi\u00e9(e)\"],\"inLanguage\":\"fr-FR\"},{\"@type\":\"WebPage\",\"@id\":\"https:\/\/mwc-cmm.org\/fr\/stories\/les-eglises-isolees-en-quete-de-liens\/\",\"url\":\"https:\/\/mwc-cmm.org\/fr\/stories\/les-eglises-isolees-en-quete-de-liens\/\",\"name\":\"Les \u00e9glises isol\u00e9es en qu\u00eate de liens - Mennonite World Conference\",\"isPartOf\":{\"@id\":\"https:\/\/mwc-cmm.org\/en\/#website\"},\"primaryImageOfPage\":{\"@id\":\"https:\/\/mwc-cmm.org\/fr\/stories\/les-eglises-isolees-en-quete-de-liens\/#primaryimage\"},\"image\":{\"@id\":\"https:\/\/mwc-cmm.org\/fr\/stories\/les-eglises-isolees-en-quete-de-liens\/#primaryimage\"},\"thumbnailUrl\":\"https:\/\/mwc-cmm.org\/wp-content\/uploads\/2024\/11\/20231112_145601-scaled.jpg\",\"datePublished\":\"2024-01-24T00:00:00+00:00\",\"dateModified\":\"2024-12-10T17:20:55+00:00\",\"breadcrumb\":{\"@id\":\"https:\/\/mwc-cmm.org\/fr\/stories\/les-eglises-isolees-en-quete-de-liens\/#breadcrumb\"},\"inLanguage\":\"fr-FR\",\"potentialAction\":[{\"@type\":\"ReadAction\",\"target\":[\"https:\/\/mwc-cmm.org\/fr\/stories\/les-eglises-isolees-en-quete-de-liens\/\"]}]},{\"@type\":\"ImageObject\",\"inLanguage\":\"fr-FR\",\"@id\":\"https:\/\/mwc-cmm.org\/fr\/stories\/les-eglises-isolees-en-quete-de-liens\/#primaryimage\",\"url\":\"https:\/\/mwc-cmm.org\/wp-content\/uploads\/2024\/11\/20231112_145601-scaled.jpg\",\"contentUrl\":\"https:\/\/mwc-cmm.org\/wp-content\/uploads\/2024\/11\/20231112_145601-scaled.jpg\",\"width\":2560,\"height\":1920},{\"@type\":\"BreadcrumbList\",\"@id\":\"https:\/\/mwc-cmm.org\/fr\/stories\/les-eglises-isolees-en-quete-de-liens\/#breadcrumb\",\"itemListElement\":[{\"@type\":\"ListItem\",\"position\":1,\"name\":\"Home\",\"item\":\"https:\/\/mwc-cmm.org\/fr\/\"},{\"@type\":\"ListItem\",\"position\":2,\"name\":\"Les \u00e9glises isol\u00e9es en qu\u00eate de liens\"}]},{\"@type\":\"WebSite\",\"@id\":\"https:\/\/mwc-cmm.org\/en\/#website\",\"url\":\"https:\/\/mwc-cmm.org\/en\/\",\"name\":\"Mennonite World Conference\",\"description\":\"A communion of Anabaptist-related churches\",\"publisher\":{\"@id\":\"https:\/\/mwc-cmm.org\/en\/#organization\"},\"alternateName\":\"MWC\",\"potentialAction\":[{\"@type\":\"SearchAction\",\"target\":{\"@type\":\"EntryPoint\",\"urlTemplate\":\"https:\/\/mwc-cmm.org\/en\/?s={search_term_string}\"},\"query-input\":{\"@type\":\"PropertyValueSpecification\",\"valueRequired\":true,\"valueName\":\"search_term_string\"}}],\"inLanguage\":\"fr-FR\"},{\"@type\":\"Organization\",\"@id\":\"https:\/\/mwc-cmm.org\/en\/#organization\",\"name\":\"Mennonite World Conference\",\"alternateName\":\"MWC\",\"url\":\"https:\/\/mwc-cmm.org\/en\/\",\"logo\":{\"@type\":\"ImageObject\",\"inLanguage\":\"fr-FR\",\"@id\":\"https:\/\/mwc-cmm.org\/en\/#\/schema\/logo\/image\/\",\"url\":\"https:\/\/mwc-cmm.org\/wp-content\/uploads\/2026\/01\/MWC_Sig_Blue_Horiz_webheader1-logo.svg\",\"contentUrl\":\"https:\/\/mwc-cmm.org\/wp-content\/uploads\/2026\/01\/MWC_Sig_Blue_Horiz_webheader1-logo.svg\",\"width\":786,\"height\":82,\"caption\":\"Mennonite World Conference\"},\"image\":{\"@id\":\"https:\/\/mwc-cmm.org\/en\/#\/schema\/logo\/image\/\"},\"sameAs\":[\"https:\/\/www.facebook.com\/MennoniteWorldConference\",\"https:\/\/www.linkedin.com\/company\/mennonite-world-conference-mwc\/\",\"https:\/\/www.instagram.com\/mwcmm\/\",\"https:\/\/www.youtube.com\/user\/mwccmm\",\"https:\/\/bsky.app\/profile\/mwcmm.bsky.social\"]},{\"@type\":\"Person\",\"@id\":\"https:\/\/mwc-cmm.org\/en\/#\/schema\/person\/11f6ae0d7d1868ba20a1cc27f067c836\",\"name\":\"mennworldcon\",\"image\":{\"@type\":\"ImageObject\",\"inLanguage\":\"fr-FR\",\"@id\":\"https:\/\/secure.gravatar.com\/avatar\/06fdc0dc81c157dfdb82ec42f252178a22307808988d22c043f9eb96f1e0fe80?s=96&d=mm&r=g\",\"url\":\"https:\/\/secure.gravatar.com\/avatar\/06fdc0dc81c157dfdb82ec42f252178a22307808988d22c043f9eb96f1e0fe80?s=96&d=mm&r=g\",\"contentUrl\":\"https:\/\/secure.gravatar.com\/avatar\/06fdc0dc81c157dfdb82ec42f252178a22307808988d22c043f9eb96f1e0fe80?s=96&d=mm&r=g\",\"caption\":\"mennworldcon\"},\"sameAs\":[\"https:\/\/mwc-cmm.org\"],\"url\":\"https:\/\/mwc-cmm.org\/fr\/stories\/author\/mennworldcon\/\"}]}<\/script>\n<!-- \/ Yoast SEO plugin. -->","yoast_head_json":{"title":"Les \u00e9glises isol\u00e9es en qu\u00eate de liens - Mennonite World Conference","robots":{"index":"index","follow":"follow","max-snippet":"max-snippet:-1","max-image-preview":"max-image-preview:large","max-video-preview":"max-video-preview:-1"},"canonical":"https:\/\/mwc-cmm.org\/fr\/stories\/les-eglises-isolees-en-quete-de-liens\/","og_locale":"fr_FR","og_type":"article","og_title":"Les \u00e9glises isol\u00e9es en qu\u00eate de liens - Mennonite World Conference","og_description":"\u00ab&nbsp;Nous sommes ici pour marcher ensemble en tant qu\u2019\u00e9glises afin de nous aider mutuellement \u00e0 suivre J\u00e9sus&nbsp;\u00bb, d\u00e9clare Arli Klassen, coordinatrice des repr\u00e9sentants r\u00e9gionaux de la CMM.&nbsp; C\u2019est le message qu\u2019elle a transmis lors de sa visite des \u00e9glises membres de la CMM dans les cinq pays des Cara\u00efbes en novembre 2023. Une visite en [&hellip;]","og_url":"https:\/\/mwc-cmm.org\/fr\/stories\/les-eglises-isolees-en-quete-de-liens\/","og_site_name":"Mennonite World Conference","article_publisher":"https:\/\/www.facebook.com\/MennoniteWorldConference","article_published_time":"2024-01-24T00:00:00+00:00","article_modified_time":"2024-12-10T17:20:55+00:00","og_image":[{"width":2560,"height":1920,"url":"https:\/\/mwc-cmm.org\/wp-content\/uploads\/2024\/11\/20231112_145601-scaled.jpg","type":"image\/jpeg"}],"author":"mennworldcon","schema":{"@context":"https:\/\/schema.org","@graph":[{"@type":"Article","@id":"https:\/\/mwc-cmm.org\/fr\/stories\/les-eglises-isolees-en-quete-de-liens\/#article","isPartOf":{"@id":"https:\/\/mwc-cmm.org\/fr\/stories\/les-eglises-isolees-en-quete-de-liens\/"},"author":{"name":"mennworldcon","@id":"https:\/\/mwc-cmm.org\/en\/#\/schema\/person\/11f6ae0d7d1868ba20a1cc27f067c836"},"headline":"Les \u00e9glises isol\u00e9es en qu\u00eate de liens","datePublished":"2024-01-24T00:00:00+00:00","dateModified":"2024-12-10T17:20:55+00:00","mainEntityOfPage":{"@id":"https:\/\/mwc-cmm.org\/fr\/stories\/les-eglises-isolees-en-quete-de-liens\/"},"wordCount":519,"publisher":{"@id":"https:\/\/mwc-cmm.org\/en\/#organization"},"image":{"@id":"https:\/\/mwc-cmm.org\/fr\/stories\/les-eglises-isolees-en-quete-de-liens\/#primaryimage"},"thumbnailUrl":"https:\/\/mwc-cmm.org\/wp-content\/uploads\/2024\/11\/20231112_145601-scaled.jpg","articleSection":["Non classifi\u00e9(e)"],"inLanguage":"fr-FR"},{"@type":"WebPage","@id":"https:\/\/mwc-cmm.org\/fr\/stories\/les-eglises-isolees-en-quete-de-liens\/","url":"https:\/\/mwc-cmm.org\/fr\/stories\/les-eglises-isolees-en-quete-de-liens\/","name":"Les \u00e9glises isol\u00e9es en qu\u00eate de liens - Mennonite World Conference","isPartOf":{"@id":"https:\/\/mwc-cmm.org\/en\/#website"},"primaryImageOfPage":{"@id":"https:\/\/mwc-cmm.org\/fr\/stories\/les-eglises-isolees-en-quete-de-liens\/#primaryimage"},"image":{"@id":"https:\/\/mwc-cmm.org\/fr\/stories\/les-eglises-isolees-en-quete-de-liens\/#primaryimage"},"thumbnailUrl":"https:\/\/mwc-cmm.org\/wp-content\/uploads\/2024\/11\/20231112_145601-scaled.jpg","datePublished":"2024-01-24T00:00:00+00:00","dateModified":"2024-12-10T17:20:55+00:00","breadcrumb":{"@id":"https:\/\/mwc-cmm.org\/fr\/stories\/les-eglises-isolees-en-quete-de-liens\/#breadcrumb"},"inLanguage":"fr-FR","potentialAction":[{"@type":"ReadAction","target":["https:\/\/mwc-cmm.org\/fr\/stories\/les-eglises-isolees-en-quete-de-liens\/"]}]},{"@type":"ImageObject","inLanguage":"fr-FR","@id":"https:\/\/mwc-cmm.org\/fr\/stories\/les-eglises-isolees-en-quete-de-liens\/#primaryimage","url":"https:\/\/mwc-cmm.org\/wp-content\/uploads\/2024\/11\/20231112_145601-scaled.jpg","contentUrl":"https:\/\/mwc-cmm.org\/wp-content\/uploads\/2024\/11\/20231112_145601-scaled.jpg","width":2560,"height":1920},{"@type":"BreadcrumbList","@id":"https:\/\/mwc-cmm.org\/fr\/stories\/les-eglises-isolees-en-quete-de-liens\/#breadcrumb","itemListElement":[{"@type":"ListItem","position":1,"name":"Home","item":"https:\/\/mwc-cmm.org\/fr\/"},{"@type":"ListItem","position":2,"name":"Les \u00e9glises isol\u00e9es en qu\u00eate de liens"}]},{"@type":"WebSite","@id":"https:\/\/mwc-cmm.org\/en\/#website","url":"https:\/\/mwc-cmm.org\/en\/","name":"Mennonite World Conference","description":"A communion of Anabaptist-related churches","publisher":{"@id":"https:\/\/mwc-cmm.org\/en\/#organization"},"alternateName":"MWC","potentialAction":[{"@type":"SearchAction","target":{"@type":"EntryPoint","urlTemplate":"https:\/\/mwc-cmm.org\/en\/?s={search_term_string}"},"query-input":{"@type":"PropertyValueSpecification","valueRequired":true,"valueName":"search_term_string"}}],"inLanguage":"fr-FR"},{"@type":"Organization","@id":"https:\/\/mwc-cmm.org\/en\/#organization","name":"Mennonite World Conference","alternateName":"MWC","url":"https:\/\/mwc-cmm.org\/en\/","logo":{"@type":"ImageObject","inLanguage":"fr-FR","@id":"https:\/\/mwc-cmm.org\/en\/#\/schema\/logo\/image\/","url":"https:\/\/mwc-cmm.org\/wp-content\/uploads\/2026\/01\/MWC_Sig_Blue_Horiz_webheader1-logo.svg","contentUrl":"https:\/\/mwc-cmm.org\/wp-content\/uploads\/2026\/01\/MWC_Sig_Blue_Horiz_webheader1-logo.svg","width":786,"height":82,"caption":"Mennonite World Conference"},"image":{"@id":"https:\/\/mwc-cmm.org\/en\/#\/schema\/logo\/image\/"},"sameAs":["https:\/\/www.facebook.com\/MennoniteWorldConference","https:\/\/www.linkedin.com\/company\/mennonite-world-conference-mwc\/","https:\/\/www.instagram.com\/mwcmm\/","https:\/\/www.youtube.com\/user\/mwccmm","https:\/\/bsky.app\/profile\/mwcmm.bsky.social"]},{"@type":"Person","@id":"https:\/\/mwc-cmm.org\/en\/#\/schema\/person\/11f6ae0d7d1868ba20a1cc27f067c836","name":"mennworldcon","image":{"@type":"ImageObject","inLanguage":"fr-FR","@id":"https:\/\/secure.gravatar.com\/avatar\/06fdc0dc81c157dfdb82ec42f252178a22307808988d22c043f9eb96f1e0fe80?s=96&d=mm&r=g","url":"https:\/\/secure.gravatar.com\/avatar\/06fdc0dc81c157dfdb82ec42f252178a22307808988d22c043f9eb96f1e0fe80?s=96&d=mm&r=g","contentUrl":"https:\/\/secure.gravatar.com\/avatar\/06fdc0dc81c157dfdb82ec42f252178a22307808988d22c043f9eb96f1e0fe80?s=96&d=mm&r=g","caption":"mennworldcon"},"sameAs":["https:\/\/mwc-cmm.org"],"url":"https:\/\/mwc-cmm.org\/fr\/stories\/author\/mennworldcon\/"}]}},"_links":{"self":[{"href":"https:\/\/mwc-cmm.org\/fr\/wp-json\/wp\/v2\/posts\/10608","targetHints":{"allow":["GET"]}}],"collection":[{"href":"https:\/\/mwc-cmm.org\/fr\/wp-json\/wp\/v2\/posts"}],"about":[{"href":"https:\/\/mwc-cmm.org\/fr\/wp-json\/wp\/v2\/types\/post"}],"author":[{"embeddable":true,"href":"https:\/\/mwc-cmm.org\/fr\/wp-json\/wp\/v2\/users\/1"}],"replies":[{"embeddable":true,"href":"https:\/\/mwc-cmm.org\/fr\/wp-json\/wp\/v2\/comments?post=10608"}],"version-history":[{"count":0,"href":"https:\/\/mwc-cmm.org\/fr\/wp-json\/wp\/v2\/posts\/10608\/revisions"}],"wp:featuredmedia":[{"embeddable":true,"href":"https:\/\/mwc-cmm.org\/fr\/wp-json\/wp\/v2\/media\/97768"}],"wp:attachment":[{"href":"https:\/\/mwc-cmm.org\/fr\/wp-json\/wp\/v2\/media?parent=10608"}],"wp:term":[{"taxonomy":"category","embeddable":true,"href":"https:\/\/mwc-cmm.org\/fr\/wp-json\/wp\/v2\/categories?post=10608"},{"taxonomy":"post_tag","embeddable":true,"href":"https:\/\/mwc-cmm.org\/fr\/wp-json\/wp\/v2\/tags?post=10608"},{"taxonomy":"network","embeddable":true,"href":"https:\/\/mwc-cmm.org\/fr\/wp-json\/wp\/v2\/network?post=10608"},{"taxonomy":"eventcategory","embeddable":true,"href":"https:\/\/mwc-cmm.org\/fr\/wp-json\/wp\/v2\/eventcategory?post=10608"}],"curies":[{"name":"wp","href":"https:\/\/api.w.org\/{rel}","templated":true}]}}