{"id":10607,"date":"2024-01-25T00:00:00","date_gmt":"2024-01-25T00:00:00","guid":{"rendered":"https:\/\/mwc-cmm.org\/striving-for-integrity-3\/"},"modified":"2024-12-10T17:20:54","modified_gmt":"2024-12-10T17:20:54","slug":"sefforcer-detre-integre","status":"publish","type":"post","link":"https:\/\/mwc-cmm.org\/fr\/stories\/sefforcer-detre-integre\/","title":{"rendered":"S&rsquo;efforcer d&rsquo;\u00eatre int\u00e8gre"},"content":{"rendered":"<p><strong>Vous \u00eates invit\u00e9s&nbsp;! Joignez-vous \u00e0 nous pour une s\u00e9rie de webinaires sur la protection de la cr\u00e9ation intitul\u00e9e \u00ab&nbsp;Pollinisateur climatique&nbsp;\u00bb. <a href=\"#\">Voir ci-dessous.<\/a>&nbsp;<\/strong><\/p>\n<hr>\n<p>Andre Wiederkehr, de l\u2019Ontario, au Canada, n\u2019a pas de permis de conduire. C\u2019est parce qu\u2019il a choisi de ne pas utiliser de combustibles fossiles pour se d\u00e9placer.&nbsp;<\/p>\n<p>Sans voiture, il doit parcourir 21&nbsp;kilom\u00e8tres \u00e0 v\u00e9lo pour se rendre \u00e0 l\u2019\u00e9glise mennonite de Hanover le dimanche. \u00ab&nbsp;Aucun d\u2019entre nous n\u2019est vraiment un cycliste passionn\u00e9&nbsp;\u00bb, explique Andre Wiederkehr, qui vit dans une ferme avec son fr\u00e8re et ses parents.&nbsp;<\/p>\n<p>La question qui se pose est la suivante&nbsp;: \u00ab&nbsp;Est-ce que nous conduisons et poursuivons le syst\u00e8me qui ne peut pas durer \u00e9ternellement, et qui devra donc un jour \u00eatre rompu, ou est-ce que nous faisons cette rupture maintenant&nbsp;?&nbsp;\u00bb&nbsp;<\/p>\n<p>Andr\u00e9, son fr\u00e8re Th\u00e9o et leurs parents ont d\u00e9cid\u00e9 de faire une rupture de plusieurs fa\u00e7ons.&nbsp;<\/p>\n<ul>\n<li>Sur leur ferme de 100&nbsp;acres, ils s\u2019efforcent de remplacer les tracteurs et les outils motoris\u00e9s par des m\u00e9thodes agricoles utilisant la force humaine.&nbsp;<\/li>\n<li>Ils br\u00fblent du bois de chauffage au lieu d\u2019utiliser une cuisini\u00e8re \u00e0 gaz ou \u00e9lectrique, et laissent leur cuisini\u00e8re \u00e0 bois servir de chauffage pour leur maison.&nbsp;<\/li>\n<li>Ils cultivent la plupart de leurs aliments, ce qui \u00e9limine le besoin de transport.&nbsp;<\/li>\n<li>Ils utilisent autant que possible des mat\u00e9riaux de construction locaux, comme le bois, au lieu du m\u00e9tal ou du ciment.&nbsp;<\/li>\n<\/ul>\n<p>Le mode de vie qu\u2019ils ont choisi n\u2019est pas facile. Les fr\u00e8res travaillent dur et se sentent parfois isol\u00e9s de leurs amis et de leur famille. Alors, comment restent-ils motiv\u00e9s et qu\u2019est-ce qui les pousse \u00e0 respecter leurs engagements&nbsp;?&nbsp;<\/p>\n<p>\u00ab&nbsp;La plupart des gens se tiennent \u00e0 une sorte de norme morale&nbsp;\u00bb, explique Andre Wiederkehr. \u00ab&nbsp;En ce qui me concerne, je veux \u00eatre une personne int\u00e8gre, je veux \u00eatre capable d\u2019avoir une bonne opinion de moi-m\u00eame.&nbsp;\u00bb&nbsp;<\/p>\n<p>Andre Wiederkehr aime fabriquer des outils pour la ferme, et il dit trouver de la satisfaction dans un travail bien fait. Il ajoute qu\u2019il y a quelque chose de gratifiant \u00e0 \u00ab&nbsp;sentir que ce que l\u2019on a fait, on l\u2019a fait dans la bonne voie, de la bonne mani\u00e8re&nbsp;\u00bb.&nbsp;<\/p>\n<p>Pour Theo Wiederkehr, \u201cce qui est satisfaisant, c\u2019est\u2026 quand je travaille bien avec une autre esp\u00e8ce. C\u2019est ce que je constate le plus souvent avec nos plantes domestiqu\u00e9es\u201d.&nbsp;<\/p>\n<p>Theo Wiederkehr est propri\u00e9taire d\u2019une entreprise de semences et cultive une grande vari\u00e9t\u00e9 de c\u00e9r\u00e9ales, dont le bl\u00e9. \u00ab&nbsp;Nous entretenons une relation avec cette plante depuis 10&nbsp;000&nbsp;ans dans l\u2019histoire de l\u2019humanit\u00e9&nbsp;\u00bb, explique-t-il. \u00ab&nbsp;Elle a fa\u00e7onn\u00e9 l\u2019\u00e9volution de notre esp\u00e8ce et nous avons fa\u00e7onn\u00e9 l\u2019\u00e9volution de son esp\u00e8ce.&nbsp;<\/p>\n<p>\u00ab&nbsp;Il y a une \u00e9norme et \u00e9trange satisfaction \u00e0 tenir dans sa main une gerbe de c\u00e9r\u00e9ales que l\u2019on a cultiv\u00e9es et r\u00e9colt\u00e9es&nbsp;\u00bb, explique Theo Wiederkehr. \u00ab&nbsp;Je l\u2019ai ressentie la premi\u00e8re fois que j\u2019ai fait la moisson&nbsp;\u00bb.&nbsp;<\/p>\n<p>La soci\u00e9t\u00e9 moderne est structur\u00e9e autour de nombreux syst\u00e8mes qui nuisent \u00e0 la terre et \u00e0 l\u2019homme. \u00ab&nbsp;En raison de la fa\u00e7on dont notre soci\u00e9t\u00e9 s\u2019est d\u00e9velopp\u00e9e, nous nous retrouvons dans des situations o\u00f9 il ne semble pas y avoir de bon choix&nbsp;\u00bb, explique Theo Wiederkehr.&nbsp;<\/p>\n<p>Par exemple, \u00ab&nbsp;faisons-nous le mauvais choix qui est de nous rendre \u00e0 l\u2019\u00e9glise d\u2019une mani\u00e8re nuisible, ou faisons-nous le mauvais choix qui est de ne pas faire partie de cette \u00e9glise&nbsp;? Ni l\u2019un ni l\u2019autre ne semble \u00eatre une bonne option&nbsp;\u00bb.&nbsp;<\/p>\n<p>Pour trouver l\u2019inspiration, les fr\u00e8res se tournent vers leur h\u00e9ritage mennonite. \u00ab&nbsp;Le d\u00e9sir d\u2019int\u00e9grit\u00e9 est profond\u00e9ment ancr\u00e9 dans notre foi&nbsp;\u00bb, explique Theo Wiederkehr.&nbsp;<\/p>\n<p>Andr\u00e9 donne un exemple&nbsp;: \u00ab&nbsp;J\u2019\u00e9tais passionn\u00e9 de robotique, et j\u2019aime beaucoup plus cela que le jardinage, mais je ne pense pas que je me sentirais bien dans ma vie si c\u2019\u00e9tait ce que je faisais en ce moment&nbsp;\u00bb.&nbsp;<\/p>\n<p><em>\u2014Sierra Ross Richer est membre de la Waterford Mennonite Church, \u00e0 Goshen, en Indiana (\u00c9tats-Unis). Elle est stagiaire au Collectif anabaptiste pour le climat \/ <a href=\"https:\/\/www.anabaptistclimate.org\/\">Anabaptist Climate Collaborative<\/a> (ACC). Cette histoire, tir\u00e9e de la s\u00e9rie pr\u00e9par\u00e9e pour la p\u00e9riode du car\u00eame P<a href=\"https:\/\/www.anabaptistclimate.org\/climate-pollinator-series\">ollinisateur<\/a><a href=\"https:\/\/www.anabaptistclimate.org\/climate-pollinator-series\"> climatique&nbsp;: Histoires anabaptistes mondiales sur le changement climatique<\/a> est reproduite avec sa permission.&nbsp;<\/em><\/p>\n<p>Cliquez ici pour acc\u00e9der aux enregistrements des webinaires pr\u00e9c\u00e9dents&nbsp;:&nbsp;<\/p>\n<ul>\n<li><a href=\"https:\/\/www.youtube.com\/watch?v=icluwef3lQE\">17 octobre 2023 \u2013zoom sur l\u2019Afrique avec Sibonokuhle Ncube&nbsp;<\/a><\/li>\n<li><a href=\"https:\/\/www.youtube.com\/watch?v=SWBx918N-N4\">14 novembre 2023 \u2013 Asie avec Nindyo Sasongko<\/a><\/li>\n<li>12 d\u00e9cembre 2023 \u2013 Europe avec David Nussbaumer&nbsp;<\/li>\n<li>16 janvier 2024 \u2013 Am\u00e9rique latine avec Juliana Morillo&nbsp;<\/li>\n<\/ul>\n<table>\n<tbody>\n<tr>\n<td style=\"text-align:left; font-size:13px; color:#000000\">\n<p>Les membres du Groupe de travail de la CMM pour la protection de la cr\u00e9ation de chaque r\u00e9gion animeront une heure de r\u00e9cits et de questions-r\u00e9ponses. Des membres d\u2019\u00e9glises du monde entier raconteront comment ils sont affect\u00e9s par le changement climatique et comment ils y r\u00e9pondent par des actions r\u00e9silientes et l\u2019espoir de l\u2019\u00c9vangile.<\/p>\n<p>Autres articles pour le webinaire&nbsp;Am\u00e9rique du Nord.<\/p>\n<p>Chaque webinaire aura lieu le mardi \u00e0 14h UTC (<a href=\"https:\/\/dateful.com\/time-zone-converter\">cliquez ici pour trouver l\u2019heure dans votre r\u00e9gion<\/a>). Inscrivez-vous ici :<\/p>\n<ul>\n<li><a href=\"https:\/\/us06web.zoom.us\/meeting\/register\/tZwrf-uprjkiGNRpcVbu0PE82f5tJCAB_B6K\">13 f\u00e9vrier 2024 \u2013 Am\u00e9rique du Nord<\/a> (anglais, fran\u00e7ais et espa\u00f1ol)<\/li>\n<\/ul>\n<\/td>\n<\/tr>\n<\/tbody>\n<\/table>\n<ul>\n<\/ul>\n","protected":false},"excerpt":{"rendered":"<p>Andre Wiederkehr, de l\u2019Ontario, au Canada, n\u2019a pas de permis de conduire. C\u2019est parce qu\u2019il a choisi de ne pas utiliser de combustibles fossiles pour se d\u00e9placer.&nbsp;<\/p>\n<p>Sans voiture, il doit parcourir 21&nbsp;kilom\u00e8tres \u00e0 v\u00e9lo pour se rendre \u00e0 l\u2019\u00e9glise mennonite de Hanover le dimanche. \u00ab&nbsp;Aucun d\u2019entre nous n\u2019est vraiment un cycliste passionn\u00e9&nbsp;\u00bb, explique Andre Wiederkehr, qui vit dans une ferme avec son fr\u00e8re et ses parents.&nbsp;<\/p>\n","protected":false},"author":1,"featured_media":97754,"comment_status":"closed","ping_status":"closed","sticky":false,"template":"","format":"standard","meta":{"_acf_changed":false,"footnotes":""},"categories":[7],"tags":[],"network":[1307,1249],"eventcategory":[],"class_list":["post-10607","post","type-post","status-publish","format-standard","has-post-thumbnail","hentry","category-non-classifiee","network-courier-fr","network-creation-care-task-force-fr"],"acf":[],"yoast_head":"<!-- This site is optimized with the Yoast SEO plugin v27.2 - https:\/\/yoast.com\/product\/yoast-seo-wordpress\/ -->\n<title>S&#039;efforcer d&#039;\u00eatre int\u00e8gre - Mennonite World Conference<\/title>\n<meta name=\"robots\" content=\"index, follow, max-snippet:-1, max-image-preview:large, max-video-preview:-1\" \/>\n<link rel=\"canonical\" href=\"https:\/\/mwc-cmm.org\/fr\/stories\/sefforcer-detre-integre\/\" \/>\n<meta property=\"og:locale\" content=\"fr_FR\" \/>\n<meta property=\"og:type\" content=\"article\" \/>\n<meta property=\"og:title\" content=\"S&#039;efforcer d&#039;\u00eatre int\u00e8gre - Mennonite World Conference\" \/>\n<meta property=\"og:description\" content=\"Andre Wiederkehr, de l\u2019Ontario, au Canada, n\u2019a pas de permis de conduire. C\u2019est parce qu\u2019il a choisi de ne pas utiliser de combustibles fossiles pour se d\u00e9placer.&nbsp; Sans voiture, il doit parcourir 21&nbsp;kilom\u00e8tres \u00e0 v\u00e9lo pour se rendre \u00e0 l\u2019\u00e9glise mennonite de Hanover le dimanche. \u00ab&nbsp;Aucun d\u2019entre nous n\u2019est vraiment un cycliste passionn\u00e9&nbsp;\u00bb, explique Andre Wiederkehr, qui vit dans une ferme avec son fr\u00e8re et ses parents.&nbsp;\" \/>\n<meta property=\"og:url\" content=\"https:\/\/mwc-cmm.org\/fr\/stories\/sefforcer-detre-integre\/\" \/>\n<meta property=\"og:site_name\" content=\"Mennonite World Conference\" \/>\n<meta property=\"article:publisher\" content=\"https:\/\/www.facebook.com\/MennoniteWorldConference\" \/>\n<meta property=\"article:published_time\" content=\"2024-01-25T00:00:00+00:00\" \/>\n<meta property=\"article:modified_time\" content=\"2024-12-10T17:20:54+00:00\" \/>\n<meta property=\"og:image\" content=\"https:\/\/mwc-cmm.org\/wp-content\/uploads\/2024\/11\/screenshot_2024-01-20_at_22.50.47.png\" \/>\n\t<meta property=\"og:image:width\" content=\"1280\" \/>\n\t<meta property=\"og:image:height\" content=\"761\" \/>\n\t<meta property=\"og:image:type\" content=\"image\/png\" \/>\n<meta name=\"author\" content=\"mennworldcon\" \/>\n<script type=\"application\/ld+json\" class=\"yoast-schema-graph\">{\"@context\":\"https:\/\/schema.org\",\"@graph\":[{\"@type\":\"Article\",\"@id\":\"https:\/\/mwc-cmm.org\/fr\/stories\/sefforcer-detre-integre\/#article\",\"isPartOf\":{\"@id\":\"https:\/\/mwc-cmm.org\/fr\/stories\/sefforcer-detre-integre\/\"},\"author\":{\"name\":\"mennworldcon\",\"@id\":\"https:\/\/mwc-cmm.org\/en\/#\/schema\/person\/11f6ae0d7d1868ba20a1cc27f067c836\"},\"headline\":\"S&rsquo;efforcer d&rsquo;\u00eatre int\u00e8gre\",\"datePublished\":\"2024-01-25T00:00:00+00:00\",\"dateModified\":\"2024-12-10T17:20:54+00:00\",\"mainEntityOfPage\":{\"@id\":\"https:\/\/mwc-cmm.org\/fr\/stories\/sefforcer-detre-integre\/\"},\"wordCount\":963,\"publisher\":{\"@id\":\"https:\/\/mwc-cmm.org\/en\/#organization\"},\"image\":{\"@id\":\"https:\/\/mwc-cmm.org\/fr\/stories\/sefforcer-detre-integre\/#primaryimage\"},\"thumbnailUrl\":\"https:\/\/mwc-cmm.org\/wp-content\/uploads\/2024\/11\/screenshot_2024-01-20_at_22.50.47.png\",\"articleSection\":[\"Non classifi\u00e9(e)\"],\"inLanguage\":\"fr-FR\"},{\"@type\":\"WebPage\",\"@id\":\"https:\/\/mwc-cmm.org\/fr\/stories\/sefforcer-detre-integre\/\",\"url\":\"https:\/\/mwc-cmm.org\/fr\/stories\/sefforcer-detre-integre\/\",\"name\":\"S'efforcer d'\u00eatre int\u00e8gre - Mennonite World Conference\",\"isPartOf\":{\"@id\":\"https:\/\/mwc-cmm.org\/en\/#website\"},\"primaryImageOfPage\":{\"@id\":\"https:\/\/mwc-cmm.org\/fr\/stories\/sefforcer-detre-integre\/#primaryimage\"},\"image\":{\"@id\":\"https:\/\/mwc-cmm.org\/fr\/stories\/sefforcer-detre-integre\/#primaryimage\"},\"thumbnailUrl\":\"https:\/\/mwc-cmm.org\/wp-content\/uploads\/2024\/11\/screenshot_2024-01-20_at_22.50.47.png\",\"datePublished\":\"2024-01-25T00:00:00+00:00\",\"dateModified\":\"2024-12-10T17:20:54+00:00\",\"breadcrumb\":{\"@id\":\"https:\/\/mwc-cmm.org\/fr\/stories\/sefforcer-detre-integre\/#breadcrumb\"},\"inLanguage\":\"fr-FR\",\"potentialAction\":[{\"@type\":\"ReadAction\",\"target\":[\"https:\/\/mwc-cmm.org\/fr\/stories\/sefforcer-detre-integre\/\"]}]},{\"@type\":\"ImageObject\",\"inLanguage\":\"fr-FR\",\"@id\":\"https:\/\/mwc-cmm.org\/fr\/stories\/sefforcer-detre-integre\/#primaryimage\",\"url\":\"https:\/\/mwc-cmm.org\/wp-content\/uploads\/2024\/11\/screenshot_2024-01-20_at_22.50.47.png\",\"contentUrl\":\"https:\/\/mwc-cmm.org\/wp-content\/uploads\/2024\/11\/screenshot_2024-01-20_at_22.50.47.png\",\"width\":1280,\"height\":761},{\"@type\":\"BreadcrumbList\",\"@id\":\"https:\/\/mwc-cmm.org\/fr\/stories\/sefforcer-detre-integre\/#breadcrumb\",\"itemListElement\":[{\"@type\":\"ListItem\",\"position\":1,\"name\":\"Home\",\"item\":\"https:\/\/mwc-cmm.org\/fr\/\"},{\"@type\":\"ListItem\",\"position\":2,\"name\":\"S&rsquo;efforcer d&rsquo;\u00eatre int\u00e8gre\"}]},{\"@type\":\"WebSite\",\"@id\":\"https:\/\/mwc-cmm.org\/en\/#website\",\"url\":\"https:\/\/mwc-cmm.org\/en\/\",\"name\":\"Mennonite World Conference\",\"description\":\"A communion of Anabaptist-related churches\",\"publisher\":{\"@id\":\"https:\/\/mwc-cmm.org\/en\/#organization\"},\"alternateName\":\"MWC\",\"potentialAction\":[{\"@type\":\"SearchAction\",\"target\":{\"@type\":\"EntryPoint\",\"urlTemplate\":\"https:\/\/mwc-cmm.org\/en\/?s={search_term_string}\"},\"query-input\":{\"@type\":\"PropertyValueSpecification\",\"valueRequired\":true,\"valueName\":\"search_term_string\"}}],\"inLanguage\":\"fr-FR\"},{\"@type\":\"Organization\",\"@id\":\"https:\/\/mwc-cmm.org\/en\/#organization\",\"name\":\"Mennonite World Conference\",\"alternateName\":\"MWC\",\"url\":\"https:\/\/mwc-cmm.org\/en\/\",\"logo\":{\"@type\":\"ImageObject\",\"inLanguage\":\"fr-FR\",\"@id\":\"https:\/\/mwc-cmm.org\/en\/#\/schema\/logo\/image\/\",\"url\":\"https:\/\/mwc-cmm.org\/wp-content\/uploads\/2026\/01\/MWC_Sig_Blue_Horiz_webheader1-logo.svg\",\"contentUrl\":\"https:\/\/mwc-cmm.org\/wp-content\/uploads\/2026\/01\/MWC_Sig_Blue_Horiz_webheader1-logo.svg\",\"width\":786,\"height\":82,\"caption\":\"Mennonite World Conference\"},\"image\":{\"@id\":\"https:\/\/mwc-cmm.org\/en\/#\/schema\/logo\/image\/\"},\"sameAs\":[\"https:\/\/www.facebook.com\/MennoniteWorldConference\",\"https:\/\/www.linkedin.com\/company\/mennonite-world-conference-mwc\/\",\"https:\/\/www.instagram.com\/mwcmm\/\",\"https:\/\/www.youtube.com\/user\/mwccmm\",\"https:\/\/bsky.app\/profile\/mwcmm.bsky.social\"]},{\"@type\":\"Person\",\"@id\":\"https:\/\/mwc-cmm.org\/en\/#\/schema\/person\/11f6ae0d7d1868ba20a1cc27f067c836\",\"name\":\"mennworldcon\",\"image\":{\"@type\":\"ImageObject\",\"inLanguage\":\"fr-FR\",\"@id\":\"https:\/\/secure.gravatar.com\/avatar\/06fdc0dc81c157dfdb82ec42f252178a22307808988d22c043f9eb96f1e0fe80?s=96&d=mm&r=g\",\"url\":\"https:\/\/secure.gravatar.com\/avatar\/06fdc0dc81c157dfdb82ec42f252178a22307808988d22c043f9eb96f1e0fe80?s=96&d=mm&r=g\",\"contentUrl\":\"https:\/\/secure.gravatar.com\/avatar\/06fdc0dc81c157dfdb82ec42f252178a22307808988d22c043f9eb96f1e0fe80?s=96&d=mm&r=g\",\"caption\":\"mennworldcon\"},\"sameAs\":[\"https:\/\/mwc-cmm.org\"],\"url\":\"https:\/\/mwc-cmm.org\/fr\/stories\/author\/mennworldcon\/\"}]}<\/script>\n<!-- \/ Yoast SEO plugin. -->","yoast_head_json":{"title":"S'efforcer d'\u00eatre int\u00e8gre - Mennonite World Conference","robots":{"index":"index","follow":"follow","max-snippet":"max-snippet:-1","max-image-preview":"max-image-preview:large","max-video-preview":"max-video-preview:-1"},"canonical":"https:\/\/mwc-cmm.org\/fr\/stories\/sefforcer-detre-integre\/","og_locale":"fr_FR","og_type":"article","og_title":"S'efforcer d'\u00eatre int\u00e8gre - Mennonite World Conference","og_description":"Andre Wiederkehr, de l\u2019Ontario, au Canada, n\u2019a pas de permis de conduire. C\u2019est parce qu\u2019il a choisi de ne pas utiliser de combustibles fossiles pour se d\u00e9placer.&nbsp; Sans voiture, il doit parcourir 21&nbsp;kilom\u00e8tres \u00e0 v\u00e9lo pour se rendre \u00e0 l\u2019\u00e9glise mennonite de Hanover le dimanche. \u00ab&nbsp;Aucun d\u2019entre nous n\u2019est vraiment un cycliste passionn\u00e9&nbsp;\u00bb, explique Andre Wiederkehr, qui vit dans une ferme avec son fr\u00e8re et ses parents.&nbsp;","og_url":"https:\/\/mwc-cmm.org\/fr\/stories\/sefforcer-detre-integre\/","og_site_name":"Mennonite World Conference","article_publisher":"https:\/\/www.facebook.com\/MennoniteWorldConference","article_published_time":"2024-01-25T00:00:00+00:00","article_modified_time":"2024-12-10T17:20:54+00:00","og_image":[{"width":1280,"height":761,"url":"https:\/\/mwc-cmm.org\/wp-content\/uploads\/2024\/11\/screenshot_2024-01-20_at_22.50.47.png","type":"image\/png"}],"author":"mennworldcon","schema":{"@context":"https:\/\/schema.org","@graph":[{"@type":"Article","@id":"https:\/\/mwc-cmm.org\/fr\/stories\/sefforcer-detre-integre\/#article","isPartOf":{"@id":"https:\/\/mwc-cmm.org\/fr\/stories\/sefforcer-detre-integre\/"},"author":{"name":"mennworldcon","@id":"https:\/\/mwc-cmm.org\/en\/#\/schema\/person\/11f6ae0d7d1868ba20a1cc27f067c836"},"headline":"S&rsquo;efforcer d&rsquo;\u00eatre int\u00e8gre","datePublished":"2024-01-25T00:00:00+00:00","dateModified":"2024-12-10T17:20:54+00:00","mainEntityOfPage":{"@id":"https:\/\/mwc-cmm.org\/fr\/stories\/sefforcer-detre-integre\/"},"wordCount":963,"publisher":{"@id":"https:\/\/mwc-cmm.org\/en\/#organization"},"image":{"@id":"https:\/\/mwc-cmm.org\/fr\/stories\/sefforcer-detre-integre\/#primaryimage"},"thumbnailUrl":"https:\/\/mwc-cmm.org\/wp-content\/uploads\/2024\/11\/screenshot_2024-01-20_at_22.50.47.png","articleSection":["Non classifi\u00e9(e)"],"inLanguage":"fr-FR"},{"@type":"WebPage","@id":"https:\/\/mwc-cmm.org\/fr\/stories\/sefforcer-detre-integre\/","url":"https:\/\/mwc-cmm.org\/fr\/stories\/sefforcer-detre-integre\/","name":"S'efforcer d'\u00eatre int\u00e8gre - Mennonite World Conference","isPartOf":{"@id":"https:\/\/mwc-cmm.org\/en\/#website"},"primaryImageOfPage":{"@id":"https:\/\/mwc-cmm.org\/fr\/stories\/sefforcer-detre-integre\/#primaryimage"},"image":{"@id":"https:\/\/mwc-cmm.org\/fr\/stories\/sefforcer-detre-integre\/#primaryimage"},"thumbnailUrl":"https:\/\/mwc-cmm.org\/wp-content\/uploads\/2024\/11\/screenshot_2024-01-20_at_22.50.47.png","datePublished":"2024-01-25T00:00:00+00:00","dateModified":"2024-12-10T17:20:54+00:00","breadcrumb":{"@id":"https:\/\/mwc-cmm.org\/fr\/stories\/sefforcer-detre-integre\/#breadcrumb"},"inLanguage":"fr-FR","potentialAction":[{"@type":"ReadAction","target":["https:\/\/mwc-cmm.org\/fr\/stories\/sefforcer-detre-integre\/"]}]},{"@type":"ImageObject","inLanguage":"fr-FR","@id":"https:\/\/mwc-cmm.org\/fr\/stories\/sefforcer-detre-integre\/#primaryimage","url":"https:\/\/mwc-cmm.org\/wp-content\/uploads\/2024\/11\/screenshot_2024-01-20_at_22.50.47.png","contentUrl":"https:\/\/mwc-cmm.org\/wp-content\/uploads\/2024\/11\/screenshot_2024-01-20_at_22.50.47.png","width":1280,"height":761},{"@type":"BreadcrumbList","@id":"https:\/\/mwc-cmm.org\/fr\/stories\/sefforcer-detre-integre\/#breadcrumb","itemListElement":[{"@type":"ListItem","position":1,"name":"Home","item":"https:\/\/mwc-cmm.org\/fr\/"},{"@type":"ListItem","position":2,"name":"S&rsquo;efforcer d&rsquo;\u00eatre int\u00e8gre"}]},{"@type":"WebSite","@id":"https:\/\/mwc-cmm.org\/en\/#website","url":"https:\/\/mwc-cmm.org\/en\/","name":"Mennonite World Conference","description":"A communion of Anabaptist-related churches","publisher":{"@id":"https:\/\/mwc-cmm.org\/en\/#organization"},"alternateName":"MWC","potentialAction":[{"@type":"SearchAction","target":{"@type":"EntryPoint","urlTemplate":"https:\/\/mwc-cmm.org\/en\/?s={search_term_string}"},"query-input":{"@type":"PropertyValueSpecification","valueRequired":true,"valueName":"search_term_string"}}],"inLanguage":"fr-FR"},{"@type":"Organization","@id":"https:\/\/mwc-cmm.org\/en\/#organization","name":"Mennonite World Conference","alternateName":"MWC","url":"https:\/\/mwc-cmm.org\/en\/","logo":{"@type":"ImageObject","inLanguage":"fr-FR","@id":"https:\/\/mwc-cmm.org\/en\/#\/schema\/logo\/image\/","url":"https:\/\/mwc-cmm.org\/wp-content\/uploads\/2026\/01\/MWC_Sig_Blue_Horiz_webheader1-logo.svg","contentUrl":"https:\/\/mwc-cmm.org\/wp-content\/uploads\/2026\/01\/MWC_Sig_Blue_Horiz_webheader1-logo.svg","width":786,"height":82,"caption":"Mennonite World Conference"},"image":{"@id":"https:\/\/mwc-cmm.org\/en\/#\/schema\/logo\/image\/"},"sameAs":["https:\/\/www.facebook.com\/MennoniteWorldConference","https:\/\/www.linkedin.com\/company\/mennonite-world-conference-mwc\/","https:\/\/www.instagram.com\/mwcmm\/","https:\/\/www.youtube.com\/user\/mwccmm","https:\/\/bsky.app\/profile\/mwcmm.bsky.social"]},{"@type":"Person","@id":"https:\/\/mwc-cmm.org\/en\/#\/schema\/person\/11f6ae0d7d1868ba20a1cc27f067c836","name":"mennworldcon","image":{"@type":"ImageObject","inLanguage":"fr-FR","@id":"https:\/\/secure.gravatar.com\/avatar\/06fdc0dc81c157dfdb82ec42f252178a22307808988d22c043f9eb96f1e0fe80?s=96&d=mm&r=g","url":"https:\/\/secure.gravatar.com\/avatar\/06fdc0dc81c157dfdb82ec42f252178a22307808988d22c043f9eb96f1e0fe80?s=96&d=mm&r=g","contentUrl":"https:\/\/secure.gravatar.com\/avatar\/06fdc0dc81c157dfdb82ec42f252178a22307808988d22c043f9eb96f1e0fe80?s=96&d=mm&r=g","caption":"mennworldcon"},"sameAs":["https:\/\/mwc-cmm.org"],"url":"https:\/\/mwc-cmm.org\/fr\/stories\/author\/mennworldcon\/"}]}},"_links":{"self":[{"href":"https:\/\/mwc-cmm.org\/fr\/wp-json\/wp\/v2\/posts\/10607","targetHints":{"allow":["GET"]}}],"collection":[{"href":"https:\/\/mwc-cmm.org\/fr\/wp-json\/wp\/v2\/posts"}],"about":[{"href":"https:\/\/mwc-cmm.org\/fr\/wp-json\/wp\/v2\/types\/post"}],"author":[{"embeddable":true,"href":"https:\/\/mwc-cmm.org\/fr\/wp-json\/wp\/v2\/users\/1"}],"replies":[{"embeddable":true,"href":"https:\/\/mwc-cmm.org\/fr\/wp-json\/wp\/v2\/comments?post=10607"}],"version-history":[{"count":0,"href":"https:\/\/mwc-cmm.org\/fr\/wp-json\/wp\/v2\/posts\/10607\/revisions"}],"wp:featuredmedia":[{"embeddable":true,"href":"https:\/\/mwc-cmm.org\/fr\/wp-json\/wp\/v2\/media\/97754"}],"wp:attachment":[{"href":"https:\/\/mwc-cmm.org\/fr\/wp-json\/wp\/v2\/media?parent=10607"}],"wp:term":[{"taxonomy":"category","embeddable":true,"href":"https:\/\/mwc-cmm.org\/fr\/wp-json\/wp\/v2\/categories?post=10607"},{"taxonomy":"post_tag","embeddable":true,"href":"https:\/\/mwc-cmm.org\/fr\/wp-json\/wp\/v2\/tags?post=10607"},{"taxonomy":"network","embeddable":true,"href":"https:\/\/mwc-cmm.org\/fr\/wp-json\/wp\/v2\/network?post=10607"},{"taxonomy":"eventcategory","embeddable":true,"href":"https:\/\/mwc-cmm.org\/fr\/wp-json\/wp\/v2\/eventcategory?post=10607"}],"curies":[{"name":"wp","href":"https:\/\/api.w.org\/{rel}","templated":true}]}}