{"id":10595,"date":"2023-12-05T00:00:00","date_gmt":"2023-12-05T00:00:00","guid":{"rendered":"https:\/\/mwc-cmm.org\/how-i-envy-you-3\/"},"modified":"2024-12-10T17:20:49","modified_gmt":"2024-12-10T17:20:49","slug":"comme-je-tenvie","status":"publish","type":"post","link":"https:\/\/mwc-cmm.org\/fr\/stories\/comme-je-tenvie\/","title":{"rendered":"Comme je t\u2019envie !"},"content":{"rendered":"<p>Il y a quelques ann\u00e9es, dans mon assembl\u00e9e locale en Colombie, un ami m\u2019a dit : \u00ab Oh ! C\u00e9sar, comme je t\u2019envie !&nbsp;\u00bb \u00ab&nbsp;Pourquoi ?&nbsp;\u00bb lui ai-je demand\u00e9. \u00ab Je travaille dans une entreprise multinationale. Je fais face \u00e0 beaucoup de stress en raison des conflits persistants et des relations bris\u00e9es avec mes coll\u00e8gues et mes patrons. Mais toi, C\u00e9sar, tu travailles avec des pasteurs et des responsables d\u2019\u00e9glises. Quels conflits pourriez-vous avoir&nbsp;?&nbsp;\u00bb&nbsp;<\/p>\n<p>Nous savons que les conflits entre responsables, la polarisation et les divisions font partie de toutes les \u00e9glises \u2013 locales, r\u00e9gionales ou mondiales. Les relations bris\u00e9es en raison de d\u00e9saccords semblent \u00eatre la seule option lorsque les diff\u00e9rences sont irr\u00e9conciliables. Cependant, je me demande s\u2019il doit en \u00eatre ainsi.&nbsp;<\/p>\n<p>La mani\u00e8re particuli\u00e8re dont les paroisses g\u00e8rent les conflits devrait \u00eatre la sp\u00e9cificit\u00e9 d\u2019une communaut\u00e9 alternative. L\u2019\u00c9glise est la communaut\u00e9 qui peut montrer au monde qu\u2019il est possible de g\u00e9rer les conflits sans division ni relations bris\u00e9es.&nbsp;<\/p>\n<p>Mais nous, anabaptistes, nous savons que notre histoire nous montre que cela n\u2019a pas \u00e9t\u00e9 toujours le&nbsp;cas.&nbsp;<\/p>\n<p>Il y a quelques mois, je lisais un article dans un magazine mennonite. Son auteur a d\u00e9clar\u00e9 : \u00ab Je suis fier de quitter cette assembl\u00e9e parce que c\u2019est ce que la fid\u00e9lit\u00e9 me demande. Vous savez, quand vous devez sacrifier la doctrine ou l\u2019\u00e9thique, il est temps de partir.&nbsp;<\/p>\n<p>Bien s\u00fbr, c\u2019est un dilemme si vous devez choisir entre l\u2019unit\u00e9 d\u2019un c\u00f4t\u00e9 ou la doctrine ou l\u2019\u00e9thique de l\u2019autre. Faut-il sacrifier l\u2019unit\u00e9 pour garder une doctrine saine ou une \u00e9thique int\u00e8gre&nbsp;? C\u2019est ainsi que nous avons approch\u00e9 les conflits doctrinaux et \u00e9thiques au cours de notre histoire anabaptiste. Notre exp\u00e9rience de constante fragmentation nous a amen\u00e9s \u00e0 spiritualiser l\u2019unit\u00e9 ou \u00e0 la laisser pour l\u2019au-del\u00e0.&nbsp;<\/p>\n<p>Cependant, le Nouveau Testament parle de l\u2019unit\u00e9 des disciples de J\u00e9sus comme d\u2019un don du Saint-Esprit qui doit \u00eatre re\u00e7u, appr\u00e9ci\u00e9 et maintenu ici et maintenant (voir, par exemple, l\u2019\u00c9p\u00eetre aux \u00c9ph\u00e9siens).&nbsp;<\/p>\n<p>Parler d\u2019unit\u00e9 implique l\u2019existence de diff\u00e9rences et de d\u00e9saccords.&nbsp;<\/p>\n<p>Je crois que l\u2019unit\u00e9 et les d\u00e9saccords ne sont pas oppos\u00e9s. Dans ma propre vie, je vis des contradictions. Aujourd\u2019hui, je ne suis pas enti\u00e8rement d\u2019accord avec tout ce que j\u2019ai enseign\u00e9 au cours de mes 30 ann\u00e9es de minist\u00e8re. Gr\u00e2ce \u00e0 Dieu, je peux dire que j\u2019ai grandi dans ma vie spirituelle et dans mon parcours \u00e0 la suite de J\u00e9sus.&nbsp;<\/p>\n<p>\u00ab&nbsp;Ne vous conformez pas au monde pr\u00e9sent, mais soyez transform\u00e9s par le renouvellement de votre intelligence, pour discerner quelle est la volont\u00e9 de Dieu&nbsp;: ce qui est bien, ce qui lui est agr\u00e9able, ce qui est parfait&nbsp;\u00bb, dit l\u2019ap\u00f4tre Paul (Romains 12,2). Le renouvellement implique un changement, une transformation et une certaine contradiction interne avec ce que je croyais, faisais ou \u00e9tais auparavant.&nbsp;<\/p>\n<p>Si les d\u00e9saccords et les contradictions font partie du corps du Christ, les conflits le font aussi. C\u2019est peut-\u00eatre l\u2019une des raisons pour lesquelles les d\u00e9saccords, les enseignements sur le pardon et la r\u00e9solution des conflits entre disciples sont des sujets fr\u00e9quents tout au long du Nouveau Testament.&nbsp;<\/p>\n<p>Le probl\u00e8me n\u2019est donc pas li\u00e9 \u00e0 l\u2019existence de conflits, mais plut\u00f4t \u00e0 la mani\u00e8re dont nous les g\u00e9rons.&nbsp;<\/p>\n<p>Les conflits ne doivent pas n\u00e9cessairement aboutir \u00e0 des relations bris\u00e9es et \u00e0 des divisions. S\u2019il existe un d\u00e9saccord profond et irr\u00e9conciliable entre les disciples de J\u00e9sus, se condamner ou s\u2019excommunier mutuellement n\u2019est pas la seule option. Pourquoi penser que notre fr\u00e8re ou notre s\u0153ur en Christ n\u2019est pas un chr\u00e9tien honn\u00eate parce qu\u2019il ne pense pas comme nous ou comme notre groupe&nbsp;?&nbsp;<\/p>\n<p>De grands d\u00e9saccords peuvent nous pousser \u00e0 nous \u00e9loigner \u2013 pour un certain temps \u2013 les uns des autres. Des positions irr\u00e9conciliables peuvent rendre la collaboration trop difficile. Mais cela ne signifie pas que nous devons remettre en question l\u2019engagement envers J\u00e9sus de ceux qui ne sont pas d\u2019accord avec nous. Pouvons-nous dire&nbsp;: \u00ab&nbsp;Je suis fortement en d\u00e9saccord avec toi, mais je respecte n\u00e9anmoins ton engagement envers le Christ&nbsp;\u00bb&nbsp;? Pouvons-nous prendre de la distance avec les autres croyants sans les condamner et sans rompre la relation&nbsp;?&nbsp;<\/p>\n<p>Telles sont quelques-unes des questions que nous souhaitons aborder dans ce num\u00e9ro de Courrier. Que Dieu nous guide pour trouver des r\u00e9ponses bibliques qui nous permettent de montrer au monde ce qui est diff\u00e9rent lorsque nous abordons les conflits en tant que membres d\u2019une communaut\u00e9 alternative et avec la puissance du Saint-Esprit. Que Dieu nous aide \u00e0 renouveler notre esprit pour r\u00e9pondre aux conflits au sein des \u00e9glises.&nbsp;<\/p>\n<p><em>\u2014C\u00e9sar Garc\u00eda&nbsp;est secr\u00e9taire g\u00e9n\u00e9ral de la Conf\u00e9rence Mennonite Mondiale. Originaire de Colombie, il vit \u00e0 Kitchener, Ontario (Canada).<\/em><\/p>\n<hr>\n<p><a href=\"https:\/\/mwc-cmm.org\/fr\/resources\/courrier-2023-4-octobre\"><img decoding=\"async\" alt=\"Courrier 38.4\" height=\"75\" data-src=\"\/sites\/default\/files\/website_files_2020\/button_ccc_october_2023-02.jpg\" style=\"--smush-placeholder-width: 826px; --smush-placeholder-aspect-ratio: 826\/75;float:left\" width=\"826\" src=\"data:image\/svg+xml;base64,PHN2ZyB3aWR0aD0iMSIgaGVpZ2h0PSIxIiB4bWxucz0iaHR0cDovL3d3dy53My5vcmcvMjAwMC9zdmciPjwvc3ZnPg==\" class=\"lazyload\"><\/a><\/p>\n","protected":false},"excerpt":{"rendered":"<p>Il y a quelques ann\u00e9es, dans mon assembl\u00e9e locale en Colombie, un ami m\u2019a dit : \u00ab Oh ! C\u00e9sar, comme je t\u2019envie !&nbsp;\u00bb \u00ab&nbsp;Pourquoi ?&nbsp;\u00bb lui ai-je demand\u00e9. \u00ab Je travaille dans une entreprise multinationale. Je fais face \u00e0 beaucoup de stress en raison des conflits persistants et des relations bris\u00e9es avec mes coll\u00e8gues [&hellip;]<\/p>\n","protected":false},"author":1,"featured_media":97600,"comment_status":"closed","ping_status":"closed","sticky":false,"template":"","format":"standard","meta":{"_acf_changed":false,"footnotes":""},"categories":[7],"tags":[],"network":[1307],"eventcategory":[],"class_list":["post-10595","post","type-post","status-publish","format-standard","has-post-thumbnail","hentry","category-non-classifiee","network-courier-fr"],"acf":[],"yoast_head":"<!-- This site is optimized with the Yoast SEO plugin v27.5 - https:\/\/yoast.com\/product\/yoast-seo-wordpress\/ -->\n<title>Comme je t\u2019envie ! - Mennonite World Conference<\/title>\n<meta name=\"robots\" content=\"index, follow, max-snippet:-1, max-image-preview:large, max-video-preview:-1\" \/>\n<link rel=\"canonical\" href=\"https:\/\/mwc-cmm.org\/fr\/stories\/comme-je-tenvie\/\" \/>\n<meta property=\"og:locale\" content=\"fr_FR\" \/>\n<meta property=\"og:type\" content=\"article\" \/>\n<meta property=\"og:title\" content=\"Comme je t\u2019envie ! - Mennonite World Conference\" \/>\n<meta property=\"og:description\" content=\"Il y a quelques ann\u00e9es, dans mon assembl\u00e9e locale en Colombie, un ami m\u2019a dit : \u00ab Oh ! C\u00e9sar, comme je t\u2019envie !&nbsp;\u00bb \u00ab&nbsp;Pourquoi ?&nbsp;\u00bb lui ai-je demand\u00e9. \u00ab Je travaille dans une entreprise multinationale. Je fais face \u00e0 beaucoup de stress en raison des conflits persistants et des relations bris\u00e9es avec mes coll\u00e8gues [&hellip;]\" \/>\n<meta property=\"og:url\" content=\"https:\/\/mwc-cmm.org\/fr\/stories\/comme-je-tenvie\/\" \/>\n<meta property=\"og:site_name\" content=\"Mennonite World Conference\" \/>\n<meta property=\"article:publisher\" content=\"https:\/\/www.facebook.com\/MennoniteWorldConference\" \/>\n<meta property=\"article:published_time\" content=\"2023-12-05T00:00:00+00:00\" \/>\n<meta property=\"article:modified_time\" content=\"2024-12-10T17:20:49+00:00\" \/>\n<meta property=\"og:image\" content=\"https:\/\/mwc-cmm.org\/wp-content\/uploads\/2024\/11\/202307ebenezermondezdsc00891-scaled.jpg\" \/>\n\t<meta property=\"og:image:width\" content=\"2560\" \/>\n\t<meta property=\"og:image:height\" content=\"1440\" \/>\n\t<meta property=\"og:image:type\" content=\"image\/jpeg\" \/>\n<meta name=\"author\" content=\"mennworldcon\" \/>\n<script type=\"application\/ld+json\" class=\"yoast-schema-graph\">{\"@context\":\"https:\\\/\\\/schema.org\",\"@graph\":[{\"@type\":\"Article\",\"@id\":\"https:\\\/\\\/mwc-cmm.org\\\/fr\\\/stories\\\/comme-je-tenvie\\\/#article\",\"isPartOf\":{\"@id\":\"https:\\\/\\\/mwc-cmm.org\\\/fr\\\/stories\\\/comme-je-tenvie\\\/\"},\"author\":{\"name\":\"mennworldcon\",\"@id\":\"https:\\\/\\\/mwc-cmm.org\\\/en\\\/#\\\/schema\\\/person\\\/11f6ae0d7d1868ba20a1cc27f067c836\"},\"headline\":\"Comme je t\u2019envie !\",\"datePublished\":\"2023-12-05T00:00:00+00:00\",\"dateModified\":\"2024-12-10T17:20:49+00:00\",\"mainEntityOfPage\":{\"@id\":\"https:\\\/\\\/mwc-cmm.org\\\/fr\\\/stories\\\/comme-je-tenvie\\\/\"},\"wordCount\":892,\"publisher\":{\"@id\":\"https:\\\/\\\/mwc-cmm.org\\\/en\\\/#organization\"},\"image\":{\"@id\":\"https:\\\/\\\/mwc-cmm.org\\\/fr\\\/stories\\\/comme-je-tenvie\\\/#primaryimage\"},\"thumbnailUrl\":\"https:\\\/\\\/mwc-cmm.org\\\/wp-content\\\/uploads\\\/2024\\\/11\\\/202307ebenezermondezdsc00891-scaled.jpg\",\"articleSection\":[\"Non classifi\u00e9(e)\"],\"inLanguage\":\"fr-FR\"},{\"@type\":\"WebPage\",\"@id\":\"https:\\\/\\\/mwc-cmm.org\\\/fr\\\/stories\\\/comme-je-tenvie\\\/\",\"url\":\"https:\\\/\\\/mwc-cmm.org\\\/fr\\\/stories\\\/comme-je-tenvie\\\/\",\"name\":\"Comme je t\u2019envie ! - Mennonite World Conference\",\"isPartOf\":{\"@id\":\"https:\\\/\\\/mwc-cmm.org\\\/en\\\/#website\"},\"primaryImageOfPage\":{\"@id\":\"https:\\\/\\\/mwc-cmm.org\\\/fr\\\/stories\\\/comme-je-tenvie\\\/#primaryimage\"},\"image\":{\"@id\":\"https:\\\/\\\/mwc-cmm.org\\\/fr\\\/stories\\\/comme-je-tenvie\\\/#primaryimage\"},\"thumbnailUrl\":\"https:\\\/\\\/mwc-cmm.org\\\/wp-content\\\/uploads\\\/2024\\\/11\\\/202307ebenezermondezdsc00891-scaled.jpg\",\"datePublished\":\"2023-12-05T00:00:00+00:00\",\"dateModified\":\"2024-12-10T17:20:49+00:00\",\"breadcrumb\":{\"@id\":\"https:\\\/\\\/mwc-cmm.org\\\/fr\\\/stories\\\/comme-je-tenvie\\\/#breadcrumb\"},\"inLanguage\":\"fr-FR\",\"potentialAction\":[{\"@type\":\"ReadAction\",\"target\":[\"https:\\\/\\\/mwc-cmm.org\\\/fr\\\/stories\\\/comme-je-tenvie\\\/\"]}]},{\"@type\":\"ImageObject\",\"inLanguage\":\"fr-FR\",\"@id\":\"https:\\\/\\\/mwc-cmm.org\\\/fr\\\/stories\\\/comme-je-tenvie\\\/#primaryimage\",\"url\":\"https:\\\/\\\/mwc-cmm.org\\\/wp-content\\\/uploads\\\/2024\\\/11\\\/202307ebenezermondezdsc00891-scaled.jpg\",\"contentUrl\":\"https:\\\/\\\/mwc-cmm.org\\\/wp-content\\\/uploads\\\/2024\\\/11\\\/202307ebenezermondezdsc00891-scaled.jpg\",\"width\":2560,\"height\":1440},{\"@type\":\"BreadcrumbList\",\"@id\":\"https:\\\/\\\/mwc-cmm.org\\\/fr\\\/stories\\\/comme-je-tenvie\\\/#breadcrumb\",\"itemListElement\":[{\"@type\":\"ListItem\",\"position\":1,\"name\":\"Home\",\"item\":\"https:\\\/\\\/mwc-cmm.org\\\/fr\\\/\"},{\"@type\":\"ListItem\",\"position\":2,\"name\":\"Comme je t\u2019envie !\"}]},{\"@type\":\"WebSite\",\"@id\":\"https:\\\/\\\/mwc-cmm.org\\\/en\\\/#website\",\"url\":\"https:\\\/\\\/mwc-cmm.org\\\/en\\\/\",\"name\":\"Mennonite World Conference\",\"description\":\"A communion of Anabaptist-related churches\",\"publisher\":{\"@id\":\"https:\\\/\\\/mwc-cmm.org\\\/en\\\/#organization\"},\"alternateName\":\"MWC\",\"potentialAction\":[{\"@type\":\"SearchAction\",\"target\":{\"@type\":\"EntryPoint\",\"urlTemplate\":\"https:\\\/\\\/mwc-cmm.org\\\/en\\\/?s={search_term_string}\"},\"query-input\":{\"@type\":\"PropertyValueSpecification\",\"valueRequired\":true,\"valueName\":\"search_term_string\"}}],\"inLanguage\":\"fr-FR\"},{\"@type\":\"Organization\",\"@id\":\"https:\\\/\\\/mwc-cmm.org\\\/en\\\/#organization\",\"name\":\"Mennonite World Conference\",\"alternateName\":\"MWC\",\"url\":\"https:\\\/\\\/mwc-cmm.org\\\/en\\\/\",\"logo\":{\"@type\":\"ImageObject\",\"inLanguage\":\"fr-FR\",\"@id\":\"https:\\\/\\\/mwc-cmm.org\\\/en\\\/#\\\/schema\\\/logo\\\/image\\\/\",\"url\":\"https:\\\/\\\/mwc-cmm.org\\\/wp-content\\\/uploads\\\/2026\\\/01\\\/MWC_Sig_Blue_Horiz_webheader1-logo.svg\",\"contentUrl\":\"https:\\\/\\\/mwc-cmm.org\\\/wp-content\\\/uploads\\\/2026\\\/01\\\/MWC_Sig_Blue_Horiz_webheader1-logo.svg\",\"width\":786,\"height\":82,\"caption\":\"Mennonite World Conference\"},\"image\":{\"@id\":\"https:\\\/\\\/mwc-cmm.org\\\/en\\\/#\\\/schema\\\/logo\\\/image\\\/\"},\"sameAs\":[\"https:\\\/\\\/www.facebook.com\\\/MennoniteWorldConference\",\"https:\\\/\\\/www.linkedin.com\\\/company\\\/mennonite-world-conference-mwc\\\/\",\"https:\\\/\\\/www.instagram.com\\\/mwcmm\\\/\",\"https:\\\/\\\/www.youtube.com\\\/user\\\/mwccmm\",\"https:\\\/\\\/bsky.app\\\/profile\\\/mwcmm.bsky.social\"]},{\"@type\":\"Person\",\"@id\":\"https:\\\/\\\/mwc-cmm.org\\\/en\\\/#\\\/schema\\\/person\\\/11f6ae0d7d1868ba20a1cc27f067c836\",\"name\":\"mennworldcon\",\"image\":{\"@type\":\"ImageObject\",\"inLanguage\":\"fr-FR\",\"@id\":\"https:\\\/\\\/secure.gravatar.com\\\/avatar\\\/06fdc0dc81c157dfdb82ec42f252178a22307808988d22c043f9eb96f1e0fe80?s=96&d=mm&r=g\",\"url\":\"https:\\\/\\\/secure.gravatar.com\\\/avatar\\\/06fdc0dc81c157dfdb82ec42f252178a22307808988d22c043f9eb96f1e0fe80?s=96&d=mm&r=g\",\"contentUrl\":\"https:\\\/\\\/secure.gravatar.com\\\/avatar\\\/06fdc0dc81c157dfdb82ec42f252178a22307808988d22c043f9eb96f1e0fe80?s=96&d=mm&r=g\",\"caption\":\"mennworldcon\"},\"sameAs\":[\"https:\\\/\\\/mwc-cmm.org\"],\"url\":\"https:\\\/\\\/mwc-cmm.org\\\/fr\\\/stories\\\/author\\\/mennworldcon\\\/\"}]}<\/script>\n<!-- \/ Yoast SEO plugin. -->","yoast_head_json":{"title":"Comme je t\u2019envie ! - Mennonite World Conference","robots":{"index":"index","follow":"follow","max-snippet":"max-snippet:-1","max-image-preview":"max-image-preview:large","max-video-preview":"max-video-preview:-1"},"canonical":"https:\/\/mwc-cmm.org\/fr\/stories\/comme-je-tenvie\/","og_locale":"fr_FR","og_type":"article","og_title":"Comme je t\u2019envie ! - Mennonite World Conference","og_description":"Il y a quelques ann\u00e9es, dans mon assembl\u00e9e locale en Colombie, un ami m\u2019a dit : \u00ab Oh ! C\u00e9sar, comme je t\u2019envie !&nbsp;\u00bb \u00ab&nbsp;Pourquoi ?&nbsp;\u00bb lui ai-je demand\u00e9. \u00ab Je travaille dans une entreprise multinationale. Je fais face \u00e0 beaucoup de stress en raison des conflits persistants et des relations bris\u00e9es avec mes coll\u00e8gues [&hellip;]","og_url":"https:\/\/mwc-cmm.org\/fr\/stories\/comme-je-tenvie\/","og_site_name":"Mennonite World Conference","article_publisher":"https:\/\/www.facebook.com\/MennoniteWorldConference","article_published_time":"2023-12-05T00:00:00+00:00","article_modified_time":"2024-12-10T17:20:49+00:00","og_image":[{"width":2560,"height":1440,"url":"https:\/\/mwc-cmm.org\/wp-content\/uploads\/2024\/11\/202307ebenezermondezdsc00891-scaled.jpg","type":"image\/jpeg"}],"author":"mennworldcon","schema":{"@context":"https:\/\/schema.org","@graph":[{"@type":"Article","@id":"https:\/\/mwc-cmm.org\/fr\/stories\/comme-je-tenvie\/#article","isPartOf":{"@id":"https:\/\/mwc-cmm.org\/fr\/stories\/comme-je-tenvie\/"},"author":{"name":"mennworldcon","@id":"https:\/\/mwc-cmm.org\/en\/#\/schema\/person\/11f6ae0d7d1868ba20a1cc27f067c836"},"headline":"Comme je t\u2019envie !","datePublished":"2023-12-05T00:00:00+00:00","dateModified":"2024-12-10T17:20:49+00:00","mainEntityOfPage":{"@id":"https:\/\/mwc-cmm.org\/fr\/stories\/comme-je-tenvie\/"},"wordCount":892,"publisher":{"@id":"https:\/\/mwc-cmm.org\/en\/#organization"},"image":{"@id":"https:\/\/mwc-cmm.org\/fr\/stories\/comme-je-tenvie\/#primaryimage"},"thumbnailUrl":"https:\/\/mwc-cmm.org\/wp-content\/uploads\/2024\/11\/202307ebenezermondezdsc00891-scaled.jpg","articleSection":["Non classifi\u00e9(e)"],"inLanguage":"fr-FR"},{"@type":"WebPage","@id":"https:\/\/mwc-cmm.org\/fr\/stories\/comme-je-tenvie\/","url":"https:\/\/mwc-cmm.org\/fr\/stories\/comme-je-tenvie\/","name":"Comme je t\u2019envie ! - Mennonite World Conference","isPartOf":{"@id":"https:\/\/mwc-cmm.org\/en\/#website"},"primaryImageOfPage":{"@id":"https:\/\/mwc-cmm.org\/fr\/stories\/comme-je-tenvie\/#primaryimage"},"image":{"@id":"https:\/\/mwc-cmm.org\/fr\/stories\/comme-je-tenvie\/#primaryimage"},"thumbnailUrl":"https:\/\/mwc-cmm.org\/wp-content\/uploads\/2024\/11\/202307ebenezermondezdsc00891-scaled.jpg","datePublished":"2023-12-05T00:00:00+00:00","dateModified":"2024-12-10T17:20:49+00:00","breadcrumb":{"@id":"https:\/\/mwc-cmm.org\/fr\/stories\/comme-je-tenvie\/#breadcrumb"},"inLanguage":"fr-FR","potentialAction":[{"@type":"ReadAction","target":["https:\/\/mwc-cmm.org\/fr\/stories\/comme-je-tenvie\/"]}]},{"@type":"ImageObject","inLanguage":"fr-FR","@id":"https:\/\/mwc-cmm.org\/fr\/stories\/comme-je-tenvie\/#primaryimage","url":"https:\/\/mwc-cmm.org\/wp-content\/uploads\/2024\/11\/202307ebenezermondezdsc00891-scaled.jpg","contentUrl":"https:\/\/mwc-cmm.org\/wp-content\/uploads\/2024\/11\/202307ebenezermondezdsc00891-scaled.jpg","width":2560,"height":1440},{"@type":"BreadcrumbList","@id":"https:\/\/mwc-cmm.org\/fr\/stories\/comme-je-tenvie\/#breadcrumb","itemListElement":[{"@type":"ListItem","position":1,"name":"Home","item":"https:\/\/mwc-cmm.org\/fr\/"},{"@type":"ListItem","position":2,"name":"Comme je t\u2019envie !"}]},{"@type":"WebSite","@id":"https:\/\/mwc-cmm.org\/en\/#website","url":"https:\/\/mwc-cmm.org\/en\/","name":"Mennonite World Conference","description":"A communion of Anabaptist-related churches","publisher":{"@id":"https:\/\/mwc-cmm.org\/en\/#organization"},"alternateName":"MWC","potentialAction":[{"@type":"SearchAction","target":{"@type":"EntryPoint","urlTemplate":"https:\/\/mwc-cmm.org\/en\/?s={search_term_string}"},"query-input":{"@type":"PropertyValueSpecification","valueRequired":true,"valueName":"search_term_string"}}],"inLanguage":"fr-FR"},{"@type":"Organization","@id":"https:\/\/mwc-cmm.org\/en\/#organization","name":"Mennonite World Conference","alternateName":"MWC","url":"https:\/\/mwc-cmm.org\/en\/","logo":{"@type":"ImageObject","inLanguage":"fr-FR","@id":"https:\/\/mwc-cmm.org\/en\/#\/schema\/logo\/image\/","url":"https:\/\/mwc-cmm.org\/wp-content\/uploads\/2026\/01\/MWC_Sig_Blue_Horiz_webheader1-logo.svg","contentUrl":"https:\/\/mwc-cmm.org\/wp-content\/uploads\/2026\/01\/MWC_Sig_Blue_Horiz_webheader1-logo.svg","width":786,"height":82,"caption":"Mennonite World Conference"},"image":{"@id":"https:\/\/mwc-cmm.org\/en\/#\/schema\/logo\/image\/"},"sameAs":["https:\/\/www.facebook.com\/MennoniteWorldConference","https:\/\/www.linkedin.com\/company\/mennonite-world-conference-mwc\/","https:\/\/www.instagram.com\/mwcmm\/","https:\/\/www.youtube.com\/user\/mwccmm","https:\/\/bsky.app\/profile\/mwcmm.bsky.social"]},{"@type":"Person","@id":"https:\/\/mwc-cmm.org\/en\/#\/schema\/person\/11f6ae0d7d1868ba20a1cc27f067c836","name":"mennworldcon","image":{"@type":"ImageObject","inLanguage":"fr-FR","@id":"https:\/\/secure.gravatar.com\/avatar\/06fdc0dc81c157dfdb82ec42f252178a22307808988d22c043f9eb96f1e0fe80?s=96&d=mm&r=g","url":"https:\/\/secure.gravatar.com\/avatar\/06fdc0dc81c157dfdb82ec42f252178a22307808988d22c043f9eb96f1e0fe80?s=96&d=mm&r=g","contentUrl":"https:\/\/secure.gravatar.com\/avatar\/06fdc0dc81c157dfdb82ec42f252178a22307808988d22c043f9eb96f1e0fe80?s=96&d=mm&r=g","caption":"mennworldcon"},"sameAs":["https:\/\/mwc-cmm.org"],"url":"https:\/\/mwc-cmm.org\/fr\/stories\/author\/mennworldcon\/"}]}},"_links":{"self":[{"href":"https:\/\/mwc-cmm.org\/fr\/wp-json\/wp\/v2\/posts\/10595","targetHints":{"allow":["GET"]}}],"collection":[{"href":"https:\/\/mwc-cmm.org\/fr\/wp-json\/wp\/v2\/posts"}],"about":[{"href":"https:\/\/mwc-cmm.org\/fr\/wp-json\/wp\/v2\/types\/post"}],"author":[{"embeddable":true,"href":"https:\/\/mwc-cmm.org\/fr\/wp-json\/wp\/v2\/users\/1"}],"replies":[{"embeddable":true,"href":"https:\/\/mwc-cmm.org\/fr\/wp-json\/wp\/v2\/comments?post=10595"}],"version-history":[{"count":0,"href":"https:\/\/mwc-cmm.org\/fr\/wp-json\/wp\/v2\/posts\/10595\/revisions"}],"wp:featuredmedia":[{"embeddable":true,"href":"https:\/\/mwc-cmm.org\/fr\/wp-json\/wp\/v2\/media\/97600"}],"wp:attachment":[{"href":"https:\/\/mwc-cmm.org\/fr\/wp-json\/wp\/v2\/media?parent=10595"}],"wp:term":[{"taxonomy":"category","embeddable":true,"href":"https:\/\/mwc-cmm.org\/fr\/wp-json\/wp\/v2\/categories?post=10595"},{"taxonomy":"post_tag","embeddable":true,"href":"https:\/\/mwc-cmm.org\/fr\/wp-json\/wp\/v2\/tags?post=10595"},{"taxonomy":"network","embeddable":true,"href":"https:\/\/mwc-cmm.org\/fr\/wp-json\/wp\/v2\/network?post=10595"},{"taxonomy":"eventcategory","embeddable":true,"href":"https:\/\/mwc-cmm.org\/fr\/wp-json\/wp\/v2\/eventcategory?post=10595"}],"curies":[{"name":"wp","href":"https:\/\/api.w.org\/{rel}","templated":true}]}}