{"id":10589,"date":"2024-03-26T00:00:00","date_gmt":"2024-03-26T00:00:00","guid":{"rendered":"https:\/\/mwc-cmm.org\/remember-your-baptism-7\/"},"modified":"2024-12-10T17:20:46","modified_gmt":"2024-12-10T17:20:46","slug":"souviens-toi-de-ton-bapteme","status":"publish","type":"post","link":"https:\/\/mwc-cmm.org\/fr\/stories\/souviens-toi-de-ton-bapteme\/","title":{"rendered":"\u00ab\u202fSouviens-toi de ton bapt\u00eame\u202f\u00bb"},"content":{"rendered":"<p>Les anabaptistes-mennonites pourraient-ils pratiquer le \u00ab&nbsp;souvenir de notre bapt\u00eame&nbsp;\u00bb comme un outil pour la formation de disciples tout au long de la vie&nbsp;?<a name=\"top\">&nbsp;<\/a><\/p>\n<p>M\u00eame si les catholiques et les luth\u00e9riens baptisent souvent les jeunes enfants, ils incitent les croyants&nbsp;\u2013&nbsp;\u00e0 un moment donn\u00e9 de l\u2019ann\u00e9e, tous les ans&nbsp;\u2013&nbsp;\u00e0 se souvenir de leur bapt\u00eame dans leur vie de disciple.&nbsp;<\/p>\n<p>L\u2019ancien secr\u00e9taire g\u00e9n\u00e9ral de la CMM, Larry Miller, l\u2019a d\u00e9couvert en participant au processus de <a href=\"https:\/\/mwc-cmm.org\/fr\/resources\/bapteme-et-incorporation-dans-le-corps-du-christ-leglise\">dialogue trilat\u00e9ral entre mennonites, luth\u00e9riens et catholiques,<\/a> qui s\u2019est d\u00e9roul\u00e9 sur une p\u00e9riode de cinq ans.&nbsp;<\/p>\n<p>\u00ab&nbsp;Je leur ai avou\u00e9 avec une certaine g\u00eane que, bien qu\u2019ayant \u00e9t\u00e9 baptis\u00e9 en tant que jeune adulte, je ne me souvenais m\u00eame pas exactement de la date du bapt\u00eame&nbsp;\u00bb, raconte Larry Miller.&nbsp;<\/p>\n<p>Nous invitons nos responsables \u00e0 se souvenir de leur bapt\u00eame. Et vous&nbsp;? Comment racontez-vous votre bapt\u00eame&nbsp;?&nbsp;<\/p>\n<ul>\n<li><a href=\"#Hiro\">Hiro Katano : Un mode de vie alternatif<\/a><\/li>\n<li><a href=\"#vikal\">Vikal Rao&nbsp;:&nbsp;La relation avec J\u00e9sus grandit<\/a><\/li>\n<li><a href=\"#Felo\">Felo Gracia : Choisi pour servir&nbsp;<\/a><\/li>\n<li><a href=\"#Victor\">Victor Wall :&nbsp;Une porte s\u2019ouvre pour servir le Christ<\/a><\/li>\n<\/ul>\n<p>N\u2019oubliez pas de lire <a href=\"https:\/\/mwc-cmm.org\/sites\/default\/files\/resource-uploads\/guide_booklet_en_fin.pdf\">le guide d\u2019\u00e9tude du rapport sur le bapt\u00eame.<\/a> Vos r\u00e9ponses aux questions sont les bienvenues jusqu\u2019en novembre 2024.&nbsp;<\/p>\n<hr>\n<h3><a name=\"Hiro\">Un mode de vie alternatif<\/a><\/h3>\n<p>Lorsque j\u2019ai \u00e9t\u00e9 baptis\u00e9 dans une assembl\u00e9e mennonite \u00e0 l\u2019\u00e2ge de 20 ans, une femme se faisait baptiser en m\u00eame temps que moi.&nbsp;&nbsp;<img decoding=\"async\" alt=\"Atsuhiro Katano\" height=\"250\" data-src=\"https:\/\/mwc-cmm.org\/wp-content\/uploads\/2024\/10\/atsuhirokatano20180417karlabraunimg_0067-scaled.jpg\" style=\"--smush-placeholder-width: 188px; --smush-placeholder-aspect-ratio: 188\/250;float:right\" width=\"188\" src=\"data:image\/svg+xml;base64,PHN2ZyB3aWR0aD0iMSIgaGVpZ2h0PSIxIiB4bWxucz0iaHR0cDovL3d3dy53My5vcmcvMjAwMC9zdmciPjwvc3ZnPg==\" class=\"lazyload\"><\/p>\n<p>Pendant le culte, elle a donn\u00e9 un t\u00e9moignage puissant, racontant son histoire de souffrances, de turbulences spirituelles et de luttes familiales qui l\u2019ont conduite \u00e0 une conversion radicale. Elle a finalement trouv\u00e9 le v\u00e9ritable Seigneur de sa vie.&nbsp;&nbsp;<\/p>\n<p>Son t\u00e9moignage m\u2019a boulevers\u00e9, moi qui \u00e9tais un jeune \u00e9tudiant brillant et encore innocent, avec une vie facile.&nbsp;&nbsp;<\/p>\n<p>Puis ce fut mon tour&nbsp;: j\u2019\u00e9tais tellement intimid\u00e9 que je n\u2019ai pu que marmonner que j\u2019avais d\u00e9cid\u00e9 de suivre J\u00e9sus parce que j\u2019avais l\u2019impression que c\u2019\u00e9tait en quelque sorte juste et naturel de le faire.&nbsp;<\/p>\n<p>En r\u00e9fl\u00e9chissant \u00e0 mon embarras, j\u2019ai compris plus tard que j\u2019\u00e9tais devenu mennonite parce que la non-conformit\u00e9 au monde \u00e9tait une valeur fondamentale de l\u2019anabaptisme.&nbsp;<\/p>\n<p>Bien que ce ne soit pas aussi spectaculaire, je luttais contre la pression constante de se conformer \u00e0 la culture environnante dans la soci\u00e9t\u00e9 japonaise \u00e0 contexte \u00e9lev\u00e9. L\u2019accent anabaptiste sur le bapt\u00eame des croyants et le discipulat comme mode de vie alternatif me faisait clairement comprendre que j\u2019avais de la valeur en tant que personne et qu\u2019il n\u2019y avait pas de mal \u00e0 \u00eatre diff\u00e9rent de la majorit\u00e9.&nbsp;<\/p>\n<p><em><strong>\u2014Hiro Katano, Conseil G\u00e9n\u00e9ral&nbsp;d\u00e9l\u00e9gu\u00e9 pour&nbsp;Nihon Menonaito Kirisuto Kyokai Kyogikai (Japan Mennonite Christian Church Conference), Japon<\/strong><\/em><\/p>\n<div>\n<p class=\"rteright\"><a href=\"#top\"><span style=\"font-size:9px\">Retour au d\u00e9but<\/span><\/a><\/p>\n<\/div>\n<hr>\n<h3><a name=\"vikal\">La relation avec J\u00e9sus grandit<\/a><\/h3>\n<p>Mes parents m\u2019ont dit : \u00ab&nbsp;Il est temps de penser au bapt\u00eame. Tu dois demander pardon et accepter J\u00e9sus comme ton Sauveur personnel&nbsp;\u00bb.&nbsp;&nbsp;<img decoding=\"async\" alt=\"Vikal Rao\" height=\"250\" data-src=\"https:\/\/mwc-cmm.org\/wp-content\/uploads\/2024\/10\/vikalpravinrao20220703christianarghaadityadscf8733-scaled.jpg\" style=\"--smush-placeholder-width: 167px; --smush-placeholder-aspect-ratio: 167\/250;float:right\" width=\"167\" src=\"data:image\/svg+xml;base64,PHN2ZyB3aWR0aD0iMSIgaGVpZ2h0PSIxIiB4bWxucz0iaHR0cDovL3d3dy53My5vcmcvMjAwMC9zdmciPjwvc3ZnPg==\" class=\"lazyload\"><\/p>\n<p>Nous allions tous \u00e0 l\u2019\u00e9glise, mais \u00e0 l\u2019\u00e9poque, je ne comprenais pas grand-chose \u00e0 la rencontre personnelle avec J\u00e9sus. Le pasteur m\u2019a enseign\u00e9 la Bible dans une classe pendant 10 jours.&nbsp;<\/p>\n<p>Le jour de mon bapt\u00eame, c\u2019\u00e9tait le 16 novembre 1986. J\u2019avais 20 ans. J\u2019ai mis des v\u00eatements blancs et j\u2019ai \u00e9t\u00e9 baptis\u00e9 par aspersion dans l\u2019\u00c9glise de Bethel (membre de la Conf\u00e9rence g\u00e9n\u00e9rale de Bhartiya de l\u2019\u00c9glise Mennonite).&nbsp;<\/p>\n<p>La veille, toute la famille avait pri\u00e9 ensemble.&nbsp;<\/p>\n<p>Le dimanche matin, j\u2019ai partag\u00e9 mon t\u00e9moignage devant toute l\u2019\u00c9glise, puis j\u2019ai \u00e9t\u00e9 baptis\u00e9. Tout le monde est venu m\u2019embrasser et me b\u00e9nir, je me suis senti vraiment sp\u00e9cial. Ensuite, je suis devenu membre de l\u2019\u00e9glise.&nbsp;<\/p>\n<p>Apr\u00e8s mon bapt\u00eame, j\u2019ai senti que j\u2019avais soumis ma vie \u00e0 quelqu\u2019un et que je devais donc faire attention. Cette compr\u00e9hension m\u2019a accompagn\u00e9, mais j\u2019ai fait des erreurs. J\u2019ai appris lentement.&nbsp;<\/p>\n<p>J\u2019ai souvent pri\u00e9 et j\u2019ai re\u00e7u des r\u00e9ponses. Lorsque j\u2019ai obtenu mon dipl\u00f4me, j\u2019ai pri\u00e9 pour trouver un emploi qui me permettrait de servir l\u2019\u00c9glise. Dieu m\u2019a guid\u00e9. Mon p\u00e8re m\u2019a conseill\u00e9 d\u2019accepter un poste d\u2019enseignant. Bien des ann\u00e9es plus tard, j\u2019ai eu l\u2019occasion de servir l\u2019\u00c9glise.&nbsp;<\/p>\n<p>Petit \u00e0 petit, la relation avec J\u00e9sus grandit. C\u2019est ce qui s\u2019est pass\u00e9 pour moi. Il m\u2019a fallu un certain temps pour comprendre pleinement ce que signifie abandonner sa vie au Christ. C\u2019est au bapt\u00eame que j\u2019ai remis ma vie, mais c\u2019est plus tard que s\u2019est d\u00e9velopp\u00e9 le lien solide qui m\u2019unit \u00e0&nbsp;lui.&nbsp;<\/p>\n<p>&nbsp;<em><strong>\u2014Vikal Rao,&nbsp;<\/strong><\/em><em><strong>pasteur et secr\u00e9taire ex\u00e9cutif de Mennonite Church India.&nbsp;<\/strong><\/em><\/p>\n<p class=\"rteright\"><a href=\"#top\"><span style=\"font-size:9px\">Retour au d\u00e9but<\/span><\/a><\/p>\n<hr>\n<div style=\"text-align:center\">\n<figure class=\"image\" style=\"display:inline-block\"><a href=\"https:\/\/mwc-cmm.org\/fr\/resources\/ressources-concernant-le-rapport-sur-les-baptemes\"><img decoding=\"async\" alt=\"Ressources concernant le rapport sur les bapt\u00eames\" height=\"300\" data-src=\"\/sites\/default\/files\/website_files_2020\/fb_cover_-_baptism_fr.jpg\" width=\"788\" src=\"data:image\/svg+xml;base64,PHN2ZyB3aWR0aD0iMSIgaGVpZ2h0PSIxIiB4bWxucz0iaHR0cDovL3d3dy53My5vcmcvMjAwMC9zdmciPjwvc3ZnPg==\" class=\"lazyload\" style=\"--smush-placeholder-width: 788px; --smush-placeholder-aspect-ratio: 788\/300;\"><\/a><figcaption><a href=\"https:\/\/mwc-cmm.org\/fr\/resources\/ressources-concernant-le-rapport-sur-les-baptemes\">Ressources concernant le rapport sur les bapt\u00eames<\/a><\/figcaption><\/figure>\n<\/div>\n<h3><a name=\"Felo\">Choisi pour servir&nbsp;<\/a><\/h3>\n<p>Personnellement, en ce qui me concerne, j\u2019\u00e9tais baptis\u00e9 \u00e0 l\u2019\u00e2ge de 13 ans.&nbsp;<img decoding=\"async\" alt=\"\" height=\"250\" data-src=\"https:\/\/mwc-cmm.org\/wp-content\/uploads\/2024\/10\/graciasfelo20220703christianarghaadityadscf8888.jpg\" style=\"--smush-placeholder-width: 166px; --smush-placeholder-aspect-ratio: 166\/250;float:right\" width=\"166\" src=\"data:image\/svg+xml;base64,PHN2ZyB3aWR0aD0iMSIgaGVpZ2h0PSIxIiB4bWxucz0iaHR0cDovL3d3dy53My5vcmcvMjAwMC9zdmciPjwvc3ZnPg==\" class=\"lazyload\"><\/p>\n<p>Mon bapt\u00eame \u00e9tait le bapt\u00eame par immersion.&nbsp;<\/p>\n<p>Les souvenirs sont que j\u2019\u00e9tais accompagn\u00e9 par plusieurs membres de l\u2019\u00c9glise, les gens de la chorale. L\u2019ambiance \u00e9tait vraiment festive le jour de mon bapt\u00eame. J\u2019\u00e9tais plong\u00e9 dans l\u2019eau dans une rivi\u00e8re de la r\u00e9gion qui s\u2019appelle la rivi\u00e8re Kwilu.&nbsp;<\/p>\n<p>Et ce jour-l\u00e0, c\u2019\u00e9tait un dimanche, le matin, nous avons eu uniquement le bapt\u00eame, il n\u2019y avait pas d\u2019autre service. Le seul service \u00e9tait le service de bapt\u00eame.&nbsp;<\/p>\n<p>Le matin, nous avons \u00e9t\u00e9 baptis\u00e9s. Et apr\u00e8s, vers 09h00, il y a eu un culte pour rendre gr\u00e2ce \u00e0 Dieu et aussi pour partager la communion avec le peuple de Dieu et la Sainte C\u00e8ne.&nbsp;<\/p>\n<p>Donc nous avons \u00e9t\u00e9 baptis\u00e9es \u00e0 quatre dont deux filles et deux gar\u00e7ons apr\u00e8s un moment de suivi des enseignements, pr\u00e8s de 4 mois.&nbsp;<\/p>\n<p>Parmi les textes ce jour-l\u00e0, je me souviens, de Romains 3,23 et aussi Romain 6,23 ainsi que Jean 3,16.&nbsp;<\/p>\n<p>Et parmi les chants, il y a un chant qui dit que Dieu t\u2019a choisie pour le servir, et tu dois les servir. C\u2019est dans une langue de la r\u00e9gion.&nbsp;<\/p>\n<p><a href=\"https:\/\/www.flickr.com\/gp\/mwcmm\/vgZbi5b43M\">[Cliquez ici pour \u00e9couter une br\u00e8ve version audio de la chanson]&nbsp;<\/a><\/p>\n<p>\u00ab&nbsp;Dieu t\u2019a choisie pour que tu le serves de tout ton c\u0153ur, de tout ton \u00e2me et de toute de tout ton esprit.&nbsp;\u00bb&nbsp;<\/p>\n<p>Ces sont l\u00e0, parmi les chansons chant\u00e9es, les jours de mon bapt\u00eame.&nbsp;<\/p>\n<p><em>\u2014Felo Gracia, membre de la Commission Mission de la CMM, de la R\u00e9publique D\u00e9mocratique du Congo&nbsp;&nbsp;<\/em><\/p>\n<p class=\"rteright\"><a href=\"#top\"><span style=\"font-size:9px\">Retour au d\u00e9but<\/span><\/a><\/p>\n<hr>\n<h3><a name=\"Victor\">Une porte s\u2019ouvre pour servir le Christ<\/a><\/h3>\n<p>J\u2019ai \u00e9t\u00e9 baptis\u00e9 \u00e0 l\u2019\u00e2ge de 17&nbsp;ans.&nbsp;<img decoding=\"async\" alt=\"Victor Wall\" height=\"250\" data-src=\"https:\/\/mwc-cmm.org\/wp-content\/uploads\/2024\/10\/imagen_011.jpg\" style=\"--smush-placeholder-width: 348px; --smush-placeholder-aspect-ratio: 348\/250;float:right\" width=\"348\" src=\"data:image\/svg+xml;base64,PHN2ZyB3aWR0aD0iMSIgaGVpZ2h0PSIxIiB4bWxucz0iaHR0cDovL3d3dy53My5vcmcvMjAwMC9zdmciPjwvc3ZnPg==\" class=\"lazyload\"><\/p>\n<p>Ayant \u00e9t\u00e9 \u00e9lev\u00e9 dans un foyer chr\u00e9tien, j\u2019ai appris \u00e0 prier d\u00e8s mon plus jeune \u00e2ge. Ma m\u00e8re m\u2019avait appris une pri\u00e8re que je r\u00e9p\u00e9tais chaque soir avant d\u2019aller me coucher. Un jour, elle m\u2019a dit qu\u2019il \u00e9tait temps que je fasse une autre pri\u00e8re \u2014 sans me dire comment ni m\u2019enseigner une nouvelle pri\u00e8re. Tr\u00e8s vite, j\u2019ai d\u00e9cid\u00e9 de r\u00e9citer le Notre P\u00e8re, que j\u2019avais appris par c\u0153ur \u00e0 l\u2019\u00e9cole du dimanche.&nbsp;<\/p>\n<p>Chaque jour, avant d\u2019aller me coucher, je m\u2019agenouillais et priais le \u00ab\u201a\u00c4\u00e2Vater Unser\u201a\u00c4\u00e2\u00bb. Ce n\u2019est que plus tard que j\u2019ai r\u00e9alis\u00e9 \u00e0 quel point ce choix \u00e9tait judicieux.&nbsp;<\/p>\n<p>\u221a\u00c4 l\u2019\u00e2ge de 13&nbsp;ans, je me d\u00e9battais avec des questions sot\u00e9riologiques. Comment un enfant ou un adolescent \u00ab\u201a\u00c4\u00e2chr\u00e9tien\u201a\u00c4\u00e2\u00bb devient-il chr\u00e9tien\u201a\u00c4\u00e2? J\u2019ai commenc\u00e9 \u00e0 prier \u00e0 ce sujet. La r\u00e9ponse est venue lors d\u2019une campagne d\u2019\u00e9vang\u00e9lisation la m\u00eame ann\u00e9e, o\u221a\u03c0 j\u2019ai d\u00e9couvert une mani\u00e8re de prendre la d\u00e9cision consciente de devenir un disciple du Christ.&nbsp;<\/p>\n<p>\u221a\u00c4 l\u2019adolescence, ma d\u00e9cision prise quelques ann\u00e9es plus t\u00f4t avait besoin d\u2019\u00eatre mise \u00e0 jour. Apr\u00e8s avoir v\u00e9cu un renouveau spirituel personnel, j\u2019ai d\u00e9cid\u00e9 de demander le bapt\u00eame.&nbsp;<\/p>\n<p>Nous \u00e9tions plus de 20&nbsp;personnes dans notre groupe de bapt\u00eame, en majorit\u00e9 des jeunes. Apr\u00e8s un cours de pr\u00e9paration tr\u00e8s utile sur ce que signifie suivre le Christ, se faire baptiser et appartenir \u00e0 l\u2019Eglise, nous \u00e9tions pr\u00eats pour le grand \u00e9v\u00e9nement.&nbsp;<\/p>\n<p>La veille, l\u2019\u00e9glise des Fr\u00e8res mennonites de Filadelfia, au Paraguay, s\u2019\u00e9tait r\u00e9unie pour \u00e9couter nos t\u00e9moignages, g\u00e9n\u00e9ralement accompagn\u00e9s d\u2019une sorte de dialogue sur notre exp\u00e9rience de foi.&nbsp;<\/p>\n<p>Le culte de bapt\u00eame \u00e9tait un \u00e9v\u00e9nement important qui se d\u00e9roulait en trois parties&nbsp;: Un culte ax\u00e9 sur la signification du bapt\u00eame, le fait d\u2019\u00eatre chr\u00e9tien et l\u2019appartenance \u00e0 l\u2019\u00c9glise. Ensuite, le bapt\u00eame a eu lieu \u00e0 l\u2019ext\u00e9rieur du b\u00e2timent, o\u221a\u03c0 tout le monde s\u2019est rassembl\u00e9 autour des fonts baptismaux. Tous les candidats au bapt\u00eame \u00e9taient v\u00eatus de blanc.&nbsp;<\/p>\n<p>En g\u00e9n\u00e9ral, le pasteur ne baptisait pas lui-m\u00eame, mais un diacre ou un autre pr\u00e9dicateur.&nbsp;<\/p>\n<p>Par la suite, la personne \u00e9tait accueillie dans la communaut\u00e9 de l\u2019\u00c9glise et recevait un certificat. Le culte se terminait par la c\u00e9l\u00e9bration de la Sainte C\u00e8ne, avec une attention particuli\u00e8re pour les nouveaux.&nbsp;<\/p>\n<p>Ce fut une exp\u00e9rience tr\u00e8s significative. Un t\u00e9moignage public, le fait d\u2019entrer dans l\u2019eau et d\u2019\u00eatre immerg\u00e9 dans l\u2019eau devant tout le monde et de vivre pour la premi\u00e8re fois la C\u00e8ne du Seigneur a \u00e9t\u00e9 tr\u00e8s \u00e9mouvant pour moi.&nbsp;<\/p>\n<p>C\u2019\u00e9tait aussi comme une porte qui s\u2019ouvrait \u00e0 moi pour servir le Christ. Et c\u2019est le privil\u00e8ge que j\u2019ai depuis lors.&nbsp;<\/p>\n<p><em>\u2014Victor Wall est membre du comit\u00e9 de pilotage du GAHEN (R\u00e9seau anabaptiste mondial pour l\u2019\u00e9ducation sup\u00e9rieure) et assure la liaison avec la Commission Foi et Vie. Il est membre de l\u2019Eglise des Fr\u00e8res mennonites du Paraguay.&nbsp;<\/em><\/p>\n<p class=\"rteright\"><a href=\"#top\"><span style=\"font-size:9px\">Retour au d\u00e9but<\/span><\/a><\/p>\n<hr>\n<p>&nbsp;<\/p>\n","protected":false},"excerpt":{"rendered":"<p>Les anabaptistes-mennonites pourraient-ils pratiquer le \u00ab&nbsp;souvenir de notre bapt\u00eame&nbsp;\u00bb comme un outil pour la formation de disciples tout au long de la vie&nbsp;?&nbsp; M\u00eame si les catholiques et les luth\u00e9riens baptisent souvent les jeunes enfants, ils incitent les croyants&nbsp;\u2013&nbsp;\u00e0 un moment donn\u00e9 de l\u2019ann\u00e9e, tous les ans&nbsp;\u2013&nbsp;\u00e0 se souvenir de leur bapt\u00eame dans leur vie [&hellip;]<\/p>\n","protected":false},"author":1,"featured_media":0,"comment_status":"closed","ping_status":"closed","sticky":false,"template":"","format":"standard","meta":{"_acf_changed":false,"footnotes":""},"categories":[7],"tags":[426],"network":[],"eventcategory":[],"class_list":["post-10589","post","type-post","status-publish","format-standard","hentry","category-non-classifiee","tag-identity"],"acf":[],"yoast_head":"<!-- This site is optimized with the Yoast SEO plugin v27.2 - https:\/\/yoast.com\/product\/yoast-seo-wordpress\/ -->\n<title>\u00ab\u202fSouviens-toi de ton bapt\u00eame\u202f\u00bb - Mennonite World Conference<\/title>\n<meta name=\"robots\" content=\"index, follow, max-snippet:-1, max-image-preview:large, max-video-preview:-1\" \/>\n<link rel=\"canonical\" href=\"https:\/\/mwc-cmm.org\/fr\/stories\/souviens-toi-de-ton-bapteme\/\" \/>\n<meta property=\"og:locale\" content=\"fr_FR\" \/>\n<meta property=\"og:type\" content=\"article\" \/>\n<meta property=\"og:title\" content=\"\u00ab\u202fSouviens-toi de ton bapt\u00eame\u202f\u00bb - Mennonite World Conference\" \/>\n<meta property=\"og:description\" content=\"Les anabaptistes-mennonites pourraient-ils pratiquer le \u00ab&nbsp;souvenir de notre bapt\u00eame&nbsp;\u00bb comme un outil pour la formation de disciples tout au long de la vie&nbsp;?&nbsp; M\u00eame si les catholiques et les luth\u00e9riens baptisent souvent les jeunes enfants, ils incitent les croyants&nbsp;\u2013&nbsp;\u00e0 un moment donn\u00e9 de l\u2019ann\u00e9e, tous les ans&nbsp;\u2013&nbsp;\u00e0 se souvenir de leur bapt\u00eame dans leur vie [&hellip;]\" \/>\n<meta property=\"og:url\" content=\"https:\/\/mwc-cmm.org\/fr\/stories\/souviens-toi-de-ton-bapteme\/\" \/>\n<meta property=\"og:site_name\" content=\"Mennonite World Conference\" \/>\n<meta property=\"article:publisher\" content=\"https:\/\/www.facebook.com\/MennoniteWorldConference\" \/>\n<meta property=\"article:published_time\" content=\"2024-03-26T00:00:00+00:00\" \/>\n<meta property=\"article:modified_time\" content=\"2024-12-10T17:20:46+00:00\" \/>\n<meta property=\"og:image\" content=\"https:\/\/mwc-cmm.org\/wp-content\/uploads\/2024\/10\/atsuhirokatano20180417karlabraunimg_0067-scaled.jpg\" \/>\n<meta name=\"author\" content=\"mennworldcon\" \/>\n<script type=\"application\/ld+json\" class=\"yoast-schema-graph\">{\"@context\":\"https:\/\/schema.org\",\"@graph\":[{\"@type\":\"Article\",\"@id\":\"https:\/\/mwc-cmm.org\/fr\/stories\/souviens-toi-de-ton-bapteme\/#article\",\"isPartOf\":{\"@id\":\"https:\/\/mwc-cmm.org\/fr\/stories\/souviens-toi-de-ton-bapteme\/\"},\"author\":{\"name\":\"mennworldcon\",\"@id\":\"https:\/\/mwc-cmm.org\/en\/#\/schema\/person\/11f6ae0d7d1868ba20a1cc27f067c836\"},\"headline\":\"\u00ab\u202fSouviens-toi de ton bapt\u00eame\u202f\u00bb\",\"datePublished\":\"2024-03-26T00:00:00+00:00\",\"dateModified\":\"2024-12-10T17:20:46+00:00\",\"mainEntityOfPage\":{\"@id\":\"https:\/\/mwc-cmm.org\/fr\/stories\/souviens-toi-de-ton-bapteme\/\"},\"wordCount\":1785,\"publisher\":{\"@id\":\"https:\/\/mwc-cmm.org\/en\/#organization\"},\"image\":{\"@id\":\"https:\/\/mwc-cmm.org\/fr\/stories\/souviens-toi-de-ton-bapteme\/#primaryimage\"},\"thumbnailUrl\":\"https:\/\/mwc-cmm.org\/wp-content\/uploads\/2024\/10\/atsuhirokatano20180417karlabraunimg_0067-scaled.jpg\",\"keywords\":[\"identity\"],\"articleSection\":[\"Non classifi\u00e9(e)\"],\"inLanguage\":\"fr-FR\"},{\"@type\":\"WebPage\",\"@id\":\"https:\/\/mwc-cmm.org\/fr\/stories\/souviens-toi-de-ton-bapteme\/\",\"url\":\"https:\/\/mwc-cmm.org\/fr\/stories\/souviens-toi-de-ton-bapteme\/\",\"name\":\"\u00ab\u202fSouviens-toi de ton bapt\u00eame\u202f\u00bb - Mennonite World Conference\",\"isPartOf\":{\"@id\":\"https:\/\/mwc-cmm.org\/en\/#website\"},\"primaryImageOfPage\":{\"@id\":\"https:\/\/mwc-cmm.org\/fr\/stories\/souviens-toi-de-ton-bapteme\/#primaryimage\"},\"image\":{\"@id\":\"https:\/\/mwc-cmm.org\/fr\/stories\/souviens-toi-de-ton-bapteme\/#primaryimage\"},\"thumbnailUrl\":\"https:\/\/mwc-cmm.org\/wp-content\/uploads\/2024\/10\/atsuhirokatano20180417karlabraunimg_0067-scaled.jpg\",\"datePublished\":\"2024-03-26T00:00:00+00:00\",\"dateModified\":\"2024-12-10T17:20:46+00:00\",\"breadcrumb\":{\"@id\":\"https:\/\/mwc-cmm.org\/fr\/stories\/souviens-toi-de-ton-bapteme\/#breadcrumb\"},\"inLanguage\":\"fr-FR\",\"potentialAction\":[{\"@type\":\"ReadAction\",\"target\":[\"https:\/\/mwc-cmm.org\/fr\/stories\/souviens-toi-de-ton-bapteme\/\"]}]},{\"@type\":\"ImageObject\",\"inLanguage\":\"fr-FR\",\"@id\":\"https:\/\/mwc-cmm.org\/fr\/stories\/souviens-toi-de-ton-bapteme\/#primaryimage\",\"url\":\"https:\/\/mwc-cmm.org\/wp-content\/uploads\/2024\/10\/atsuhirokatano20180417karlabraunimg_0067-scaled.jpg\",\"contentUrl\":\"https:\/\/mwc-cmm.org\/wp-content\/uploads\/2024\/10\/atsuhirokatano20180417karlabraunimg_0067-scaled.jpg\"},{\"@type\":\"BreadcrumbList\",\"@id\":\"https:\/\/mwc-cmm.org\/fr\/stories\/souviens-toi-de-ton-bapteme\/#breadcrumb\",\"itemListElement\":[{\"@type\":\"ListItem\",\"position\":1,\"name\":\"Home\",\"item\":\"https:\/\/mwc-cmm.org\/fr\/\"},{\"@type\":\"ListItem\",\"position\":2,\"name\":\"\u00ab\u202fSouviens-toi de ton bapt\u00eame\u202f\u00bb\"}]},{\"@type\":\"WebSite\",\"@id\":\"https:\/\/mwc-cmm.org\/en\/#website\",\"url\":\"https:\/\/mwc-cmm.org\/en\/\",\"name\":\"Mennonite World Conference\",\"description\":\"A communion of Anabaptist-related churches\",\"publisher\":{\"@id\":\"https:\/\/mwc-cmm.org\/en\/#organization\"},\"alternateName\":\"MWC\",\"potentialAction\":[{\"@type\":\"SearchAction\",\"target\":{\"@type\":\"EntryPoint\",\"urlTemplate\":\"https:\/\/mwc-cmm.org\/en\/?s={search_term_string}\"},\"query-input\":{\"@type\":\"PropertyValueSpecification\",\"valueRequired\":true,\"valueName\":\"search_term_string\"}}],\"inLanguage\":\"fr-FR\"},{\"@type\":\"Organization\",\"@id\":\"https:\/\/mwc-cmm.org\/en\/#organization\",\"name\":\"Mennonite World Conference\",\"alternateName\":\"MWC\",\"url\":\"https:\/\/mwc-cmm.org\/en\/\",\"logo\":{\"@type\":\"ImageObject\",\"inLanguage\":\"fr-FR\",\"@id\":\"https:\/\/mwc-cmm.org\/en\/#\/schema\/logo\/image\/\",\"url\":\"https:\/\/mwc-cmm.org\/wp-content\/uploads\/2026\/01\/MWC_Sig_Blue_Horiz_webheader1-logo.svg\",\"contentUrl\":\"https:\/\/mwc-cmm.org\/wp-content\/uploads\/2026\/01\/MWC_Sig_Blue_Horiz_webheader1-logo.svg\",\"width\":786,\"height\":82,\"caption\":\"Mennonite World Conference\"},\"image\":{\"@id\":\"https:\/\/mwc-cmm.org\/en\/#\/schema\/logo\/image\/\"},\"sameAs\":[\"https:\/\/www.facebook.com\/MennoniteWorldConference\",\"https:\/\/www.linkedin.com\/company\/mennonite-world-conference-mwc\/\",\"https:\/\/www.instagram.com\/mwcmm\/\",\"https:\/\/www.youtube.com\/user\/mwccmm\",\"https:\/\/bsky.app\/profile\/mwcmm.bsky.social\"]},{\"@type\":\"Person\",\"@id\":\"https:\/\/mwc-cmm.org\/en\/#\/schema\/person\/11f6ae0d7d1868ba20a1cc27f067c836\",\"name\":\"mennworldcon\",\"image\":{\"@type\":\"ImageObject\",\"inLanguage\":\"fr-FR\",\"@id\":\"https:\/\/secure.gravatar.com\/avatar\/06fdc0dc81c157dfdb82ec42f252178a22307808988d22c043f9eb96f1e0fe80?s=96&d=mm&r=g\",\"url\":\"https:\/\/secure.gravatar.com\/avatar\/06fdc0dc81c157dfdb82ec42f252178a22307808988d22c043f9eb96f1e0fe80?s=96&d=mm&r=g\",\"contentUrl\":\"https:\/\/secure.gravatar.com\/avatar\/06fdc0dc81c157dfdb82ec42f252178a22307808988d22c043f9eb96f1e0fe80?s=96&d=mm&r=g\",\"caption\":\"mennworldcon\"},\"sameAs\":[\"https:\/\/mwc-cmm.org\"],\"url\":\"https:\/\/mwc-cmm.org\/fr\/stories\/author\/mennworldcon\/\"}]}<\/script>\n<!-- \/ Yoast SEO plugin. -->","yoast_head_json":{"title":"\u00ab\u202fSouviens-toi de ton bapt\u00eame\u202f\u00bb - Mennonite World Conference","robots":{"index":"index","follow":"follow","max-snippet":"max-snippet:-1","max-image-preview":"max-image-preview:large","max-video-preview":"max-video-preview:-1"},"canonical":"https:\/\/mwc-cmm.org\/fr\/stories\/souviens-toi-de-ton-bapteme\/","og_locale":"fr_FR","og_type":"article","og_title":"\u00ab\u202fSouviens-toi de ton bapt\u00eame\u202f\u00bb - Mennonite World Conference","og_description":"Les anabaptistes-mennonites pourraient-ils pratiquer le \u00ab&nbsp;souvenir de notre bapt\u00eame&nbsp;\u00bb comme un outil pour la formation de disciples tout au long de la vie&nbsp;?&nbsp; M\u00eame si les catholiques et les luth\u00e9riens baptisent souvent les jeunes enfants, ils incitent les croyants&nbsp;\u2013&nbsp;\u00e0 un moment donn\u00e9 de l\u2019ann\u00e9e, tous les ans&nbsp;\u2013&nbsp;\u00e0 se souvenir de leur bapt\u00eame dans leur vie [&hellip;]","og_url":"https:\/\/mwc-cmm.org\/fr\/stories\/souviens-toi-de-ton-bapteme\/","og_site_name":"Mennonite World Conference","article_publisher":"https:\/\/www.facebook.com\/MennoniteWorldConference","article_published_time":"2024-03-26T00:00:00+00:00","article_modified_time":"2024-12-10T17:20:46+00:00","og_image":[{"url":"https:\/\/mwc-cmm.org\/wp-content\/uploads\/2024\/10\/atsuhirokatano20180417karlabraunimg_0067-scaled.jpg","type":"","width":"","height":""}],"author":"mennworldcon","schema":{"@context":"https:\/\/schema.org","@graph":[{"@type":"Article","@id":"https:\/\/mwc-cmm.org\/fr\/stories\/souviens-toi-de-ton-bapteme\/#article","isPartOf":{"@id":"https:\/\/mwc-cmm.org\/fr\/stories\/souviens-toi-de-ton-bapteme\/"},"author":{"name":"mennworldcon","@id":"https:\/\/mwc-cmm.org\/en\/#\/schema\/person\/11f6ae0d7d1868ba20a1cc27f067c836"},"headline":"\u00ab\u202fSouviens-toi de ton bapt\u00eame\u202f\u00bb","datePublished":"2024-03-26T00:00:00+00:00","dateModified":"2024-12-10T17:20:46+00:00","mainEntityOfPage":{"@id":"https:\/\/mwc-cmm.org\/fr\/stories\/souviens-toi-de-ton-bapteme\/"},"wordCount":1785,"publisher":{"@id":"https:\/\/mwc-cmm.org\/en\/#organization"},"image":{"@id":"https:\/\/mwc-cmm.org\/fr\/stories\/souviens-toi-de-ton-bapteme\/#primaryimage"},"thumbnailUrl":"https:\/\/mwc-cmm.org\/wp-content\/uploads\/2024\/10\/atsuhirokatano20180417karlabraunimg_0067-scaled.jpg","keywords":["identity"],"articleSection":["Non classifi\u00e9(e)"],"inLanguage":"fr-FR"},{"@type":"WebPage","@id":"https:\/\/mwc-cmm.org\/fr\/stories\/souviens-toi-de-ton-bapteme\/","url":"https:\/\/mwc-cmm.org\/fr\/stories\/souviens-toi-de-ton-bapteme\/","name":"\u00ab\u202fSouviens-toi de ton bapt\u00eame\u202f\u00bb - Mennonite World Conference","isPartOf":{"@id":"https:\/\/mwc-cmm.org\/en\/#website"},"primaryImageOfPage":{"@id":"https:\/\/mwc-cmm.org\/fr\/stories\/souviens-toi-de-ton-bapteme\/#primaryimage"},"image":{"@id":"https:\/\/mwc-cmm.org\/fr\/stories\/souviens-toi-de-ton-bapteme\/#primaryimage"},"thumbnailUrl":"https:\/\/mwc-cmm.org\/wp-content\/uploads\/2024\/10\/atsuhirokatano20180417karlabraunimg_0067-scaled.jpg","datePublished":"2024-03-26T00:00:00+00:00","dateModified":"2024-12-10T17:20:46+00:00","breadcrumb":{"@id":"https:\/\/mwc-cmm.org\/fr\/stories\/souviens-toi-de-ton-bapteme\/#breadcrumb"},"inLanguage":"fr-FR","potentialAction":[{"@type":"ReadAction","target":["https:\/\/mwc-cmm.org\/fr\/stories\/souviens-toi-de-ton-bapteme\/"]}]},{"@type":"ImageObject","inLanguage":"fr-FR","@id":"https:\/\/mwc-cmm.org\/fr\/stories\/souviens-toi-de-ton-bapteme\/#primaryimage","url":"https:\/\/mwc-cmm.org\/wp-content\/uploads\/2024\/10\/atsuhirokatano20180417karlabraunimg_0067-scaled.jpg","contentUrl":"https:\/\/mwc-cmm.org\/wp-content\/uploads\/2024\/10\/atsuhirokatano20180417karlabraunimg_0067-scaled.jpg"},{"@type":"BreadcrumbList","@id":"https:\/\/mwc-cmm.org\/fr\/stories\/souviens-toi-de-ton-bapteme\/#breadcrumb","itemListElement":[{"@type":"ListItem","position":1,"name":"Home","item":"https:\/\/mwc-cmm.org\/fr\/"},{"@type":"ListItem","position":2,"name":"\u00ab\u202fSouviens-toi de ton bapt\u00eame\u202f\u00bb"}]},{"@type":"WebSite","@id":"https:\/\/mwc-cmm.org\/en\/#website","url":"https:\/\/mwc-cmm.org\/en\/","name":"Mennonite World Conference","description":"A communion of Anabaptist-related churches","publisher":{"@id":"https:\/\/mwc-cmm.org\/en\/#organization"},"alternateName":"MWC","potentialAction":[{"@type":"SearchAction","target":{"@type":"EntryPoint","urlTemplate":"https:\/\/mwc-cmm.org\/en\/?s={search_term_string}"},"query-input":{"@type":"PropertyValueSpecification","valueRequired":true,"valueName":"search_term_string"}}],"inLanguage":"fr-FR"},{"@type":"Organization","@id":"https:\/\/mwc-cmm.org\/en\/#organization","name":"Mennonite World Conference","alternateName":"MWC","url":"https:\/\/mwc-cmm.org\/en\/","logo":{"@type":"ImageObject","inLanguage":"fr-FR","@id":"https:\/\/mwc-cmm.org\/en\/#\/schema\/logo\/image\/","url":"https:\/\/mwc-cmm.org\/wp-content\/uploads\/2026\/01\/MWC_Sig_Blue_Horiz_webheader1-logo.svg","contentUrl":"https:\/\/mwc-cmm.org\/wp-content\/uploads\/2026\/01\/MWC_Sig_Blue_Horiz_webheader1-logo.svg","width":786,"height":82,"caption":"Mennonite World Conference"},"image":{"@id":"https:\/\/mwc-cmm.org\/en\/#\/schema\/logo\/image\/"},"sameAs":["https:\/\/www.facebook.com\/MennoniteWorldConference","https:\/\/www.linkedin.com\/company\/mennonite-world-conference-mwc\/","https:\/\/www.instagram.com\/mwcmm\/","https:\/\/www.youtube.com\/user\/mwccmm","https:\/\/bsky.app\/profile\/mwcmm.bsky.social"]},{"@type":"Person","@id":"https:\/\/mwc-cmm.org\/en\/#\/schema\/person\/11f6ae0d7d1868ba20a1cc27f067c836","name":"mennworldcon","image":{"@type":"ImageObject","inLanguage":"fr-FR","@id":"https:\/\/secure.gravatar.com\/avatar\/06fdc0dc81c157dfdb82ec42f252178a22307808988d22c043f9eb96f1e0fe80?s=96&d=mm&r=g","url":"https:\/\/secure.gravatar.com\/avatar\/06fdc0dc81c157dfdb82ec42f252178a22307808988d22c043f9eb96f1e0fe80?s=96&d=mm&r=g","contentUrl":"https:\/\/secure.gravatar.com\/avatar\/06fdc0dc81c157dfdb82ec42f252178a22307808988d22c043f9eb96f1e0fe80?s=96&d=mm&r=g","caption":"mennworldcon"},"sameAs":["https:\/\/mwc-cmm.org"],"url":"https:\/\/mwc-cmm.org\/fr\/stories\/author\/mennworldcon\/"}]}},"_links":{"self":[{"href":"https:\/\/mwc-cmm.org\/fr\/wp-json\/wp\/v2\/posts\/10589","targetHints":{"allow":["GET"]}}],"collection":[{"href":"https:\/\/mwc-cmm.org\/fr\/wp-json\/wp\/v2\/posts"}],"about":[{"href":"https:\/\/mwc-cmm.org\/fr\/wp-json\/wp\/v2\/types\/post"}],"author":[{"embeddable":true,"href":"https:\/\/mwc-cmm.org\/fr\/wp-json\/wp\/v2\/users\/1"}],"replies":[{"embeddable":true,"href":"https:\/\/mwc-cmm.org\/fr\/wp-json\/wp\/v2\/comments?post=10589"}],"version-history":[{"count":0,"href":"https:\/\/mwc-cmm.org\/fr\/wp-json\/wp\/v2\/posts\/10589\/revisions"}],"wp:attachment":[{"href":"https:\/\/mwc-cmm.org\/fr\/wp-json\/wp\/v2\/media?parent=10589"}],"wp:term":[{"taxonomy":"category","embeddable":true,"href":"https:\/\/mwc-cmm.org\/fr\/wp-json\/wp\/v2\/categories?post=10589"},{"taxonomy":"post_tag","embeddable":true,"href":"https:\/\/mwc-cmm.org\/fr\/wp-json\/wp\/v2\/tags?post=10589"},{"taxonomy":"network","embeddable":true,"href":"https:\/\/mwc-cmm.org\/fr\/wp-json\/wp\/v2\/network?post=10589"},{"taxonomy":"eventcategory","embeddable":true,"href":"https:\/\/mwc-cmm.org\/fr\/wp-json\/wp\/v2\/eventcategory?post=10589"}],"curies":[{"name":"wp","href":"https:\/\/api.w.org\/{rel}","templated":true}]}}