{"id":10585,"date":"2023-10-21T00:00:00","date_gmt":"2023-10-21T00:00:00","guid":{"rendered":"https:\/\/mwc-cmm.org\/interconnected-family-celebrates-peace-3\/"},"modified":"2024-12-10T17:20:45","modified_gmt":"2024-12-10T17:20:45","slug":"une-famille-interconnectee-celebre-la-paix","status":"publish","type":"post","link":"https:\/\/mwc-cmm.org\/fr\/stories\/une-famille-interconnectee-celebre-la-paix\/","title":{"rendered":"Une famille interconnect\u00e9e c\u00e9l\u00e8bre la paix"},"content":{"rendered":"<p><em>Peace\u2014 Paix \u2014 Amani\u2014 <\/em><em>Mirembe<\/em>&nbsp;: les enfants d\u2019une \u00e9glise mennonite d\u2019Ouganda ont \u00e9crit \u00ab&nbsp;Paix&nbsp;\u00bb en plusieurs langues (anglais, fran\u00e7ais, swahili, luganda).&nbsp;(Voir photo ci-dessous)<\/p>\n<p>Chaque ann\u00e9e, la Commission Paix pr\u00e9pare des ressources pour le Dimanche de la Paix. Organis\u00e9 autour d\u2019un autre th\u00e8me chaque ann\u00e9e, le dossier comprend un focus sur la Bible, des pri\u00e8res, une activit\u00e9 et une ressource p\u00e9dagogique.&nbsp;&nbsp;<\/p>\n<p>Les assembl\u00e9es du monde entier en s\u00e9lectionnent des parties qu\u2019elles adaptent \u00e0 leurs propres c\u00e9l\u00e9brations.&nbsp;<\/p>\n<p>Les assembl\u00e9es de la CEM du district de Mbujimayi se sont r\u00e9unies \u00e0 la paroisse de Sangilayi pour un culte commun de r\u00e9conciliation. \u00ab&nbsp;La joie a \u00e9t\u00e9 \u00e0 son comble d\u2019autant plus que les membres de la CEM vivent all\u00e8grement, depuis un certain temps, la paix du Seigneur apr\u00e8s une longue p\u00e9riode de conflits de leadership&nbsp;\u00bb, d\u00e9clare Jean Felix Cimbalanga, pr\u00e9sident de la CEM (Communaut\u00e9 \u00c9vang\u00e9lique Mennonite).&nbsp;<\/p>\n<p style=\"text-align:center\"><a data-flickr-embed=\"true\" data-header=\"true\" href=\"https:\/\/www.flickr.com\/photos\/mwcmm\/53271560144\/in\/dateposted\/\" title=\"20230917JeanFellyNtumbaIMG_20230917_121643_9\"><img decoding=\"async\" alt=\"20230917JeanFellyNtumbaIMG_20230917_121643_9\" height=\"360\" data-src=\"https:\/\/mwc-cmm.org\/wp-content\/uploads\/2024\/10\/53271560144_9d106df2fb_z.jpg\" width=\"640\" src=\"data:image\/svg+xml;base64,PHN2ZyB3aWR0aD0iMSIgaGVpZ2h0PSIxIiB4bWxucz0iaHR0cDovL3d3dy53My5vcmcvMjAwMC9zdmciPjwvc3ZnPg==\" class=\"lazyload\" style=\"--smush-placeholder-width: 640px; --smush-placeholder-aspect-ratio: 640\/360;\"><\/a><\/p>\n<p>En petits groupes, les membres de l\u2019\u00e9glise Hermanos Menonitas de Soacha, en Colombie, ont interc\u00e9d\u00e9 pour chacun des points de pri\u00e8re figurant dans le mat\u00e9riel de louange.&nbsp;<\/p>\n<p style=\"text-align:center\"><a data-flickr-embed=\"true\" data-header=\"true\" href=\"https:\/\/www.flickr.com\/photos\/mwcmm\/53230596361\/in\/album-72177720311645395\/\" title=\"20230917JuanFranciscoNovoaDuque IMG_20230917_113749\"><img decoding=\"async\" alt=\"20230917JuanFranciscoNovoaDuque IMG_20230917_113749\" height=\"288\" data-src=\"https:\/\/mwc-cmm.org\/wp-content\/uploads\/2024\/10\/53230596361_006d178208_z.jpg\" width=\"640\" src=\"data:image\/svg+xml;base64,PHN2ZyB3aWR0aD0iMSIgaGVpZ2h0PSIxIiB4bWxucz0iaHR0cDovL3d3dy53My5vcmcvMjAwMC9zdmciPjwvc3ZnPg==\" class=\"lazyload\" style=\"--smush-placeholder-width: 640px; --smush-placeholder-aspect-ratio: 640\/288;\"><\/a><\/p>\n<p>(Le r\u00e9v\u00e9rend pasteur Jean-Pierre Muya, secr\u00e9taire g\u00e9n\u00e9ral et repr\u00e9sentant l\u00e9gal de la Communaut\u00e9 Mennonite au Congo [CMCo], Robert Irundu, secr\u00e9taire administratif et financier de la CMCo [costume bleu], et Mozart Muzembe, chantre de l\u2019\u00e9glise, ont plant\u00e9 un manguier sur le terrain de l\u2019\u00e9glise. \u00ab&nbsp;C\u2019est un symbole de paix et d\u2019unit\u00e9, car nous faisons tous partie de la famille de Dieu&nbsp;\u00bb, explique Simon Kashal Tshiey. \u00ab&nbsp;Cet arbre unira bient\u00f4t tout le monde par ses fruits et son ombre&nbsp;&nbsp;\u00bb&nbsp;<\/p>\n<p style=\"text-align:center\"><a data-flickr-embed=\"true\" data-header=\"true\" href=\"https:\/\/www.flickr.com\/photos\/mwcmm\/53230977944\/in\/album-72177720311645395\/\" title=\"20230902RobertIrundu20230917_122605\"><img decoding=\"async\" alt=\"20230902RobertIrundu20230917_122605\" height=\"480\" data-src=\"https:\/\/mwc-cmm.org\/wp-content\/uploads\/2024\/10\/53230977944_f59ee721de_z.jpg\" width=\"640\" src=\"data:image\/svg+xml;base64,PHN2ZyB3aWR0aD0iMSIgaGVpZ2h0PSIxIiB4bWxucz0iaHR0cDovL3d3dy53My5vcmcvMjAwMC9zdmciPjwvc3ZnPg==\" class=\"lazyload\" style=\"--smush-placeholder-width: 640px; --smush-placeholder-aspect-ratio: 640\/480;\"><\/a><\/p>\n<p>\u00ab&nbsp;La c\u00e9l\u00e9bration du Dimanche de la Paix nous a encourag\u00e9s \u00e0 devenir des t\u00e9moins de la paix de Dieu dans notre vie quotidienne&nbsp;\u00bb, dit Ashish Milap, pasteur de Bethel Mennonite Church, Balogdogan [Inde].&nbsp;<\/p>\n<p>Les volontaires internationaux du Comit\u00e9 Central Mennonite, Elizabeth Joy Nalliyah des Etats-Unis [SALT] et Luyando Munangobe de Zambie [YAMEN], \u00e9taient les invit\u00e9s sp\u00e9ciaux du culte \u00e0 Bethel. \u00ab&nbsp;Cela nous a vraiment unis et encourag\u00e9s \u00e0 r\u00e9aliser que nous formons une grande famille&nbsp;\u00bb, a d\u00e9clar\u00e9 Ashish Milap.&nbsp;<\/p>\n<p>M.&nbsp;Amos Ganjboir, Rajendra Masih, Shoshanna et quelques jeunes de l\u2019\u00e9glise ont travaill\u00e9 sur une affiche repr\u00e9sentant un arbre pour le culte. En attachant leurs feuilles aux branches, les fid\u00e8les comprennent que \u00ab&nbsp;tous les membres de cette famille sont importants et li\u00e9s les uns aux autres. Et leur famille est plus grande qu\u2019ils ne le pensent&nbsp;\u00bb, explique Ashish Milap.&nbsp;<\/p>\n<p style=\"text-align:center\"><a data-flickr-embed=\"true\" data-header=\"true\" href=\"https:\/\/www.flickr.com\/photos\/mwcmm\/53230948223\/in\/album-72177720311645395\/\" title=\"20230924AshishKumarMilapthumbnail_IMG_20230923_161155\"><img decoding=\"async\" alt=\"20230924AshishKumarMilapthumbnail_IMG_20230923_161155\" height=\"295\" data-src=\"https:\/\/mwc-cmm.org\/wp-content\/uploads\/2024\/10\/53230948223_f3d06b52ff_z.jpg\" width=\"640\" src=\"data:image\/svg+xml;base64,PHN2ZyB3aWR0aD0iMSIgaGVpZ2h0PSIxIiB4bWxucz0iaHR0cDovL3d3dy53My5vcmcvMjAwMC9zdmciPjwvc3ZnPg==\" class=\"lazyload\" style=\"--smush-placeholder-width: 640px; --smush-placeholder-aspect-ratio: 640\/295;\"><\/a><\/p>\n<p>Wincy Wan, de Hong Kong Mennonite, raconta comment, lors de la <a href=\"https:\/\/mwc-cmm.org\/fr\/stories\/la-troisieme-conference-sur-la-paix-reunit-ensemble-la-foi-et-la-paix\">Conf\u00e9rence Mennonite Mondiale sur le Travail pour la Paix<\/a>, \u00ab&nbsp;notre p\u00e8re juste utilise la CMM pour transformer les injustices&nbsp;\u00bb. Membre de la <a href=\"https:\/\/mwc-cmm.org\/fr\/commission-paix\">Commission Paix<\/a>, elle lan\u00e7a un d\u00e9fi \u00e0 l\u2019assembl\u00e9e&nbsp;: \u00ab&nbsp;Comment partager la paix et l\u2019amour avec nos voisins&nbsp;? Pouvons-nous \u00eatre attentifs aux traumatismes qui nous entourent&nbsp;? Pouvons-nous accompagner les personnes qui souffrent&nbsp;?&nbsp;\u00bb&nbsp;<\/p>\n<p style=\"text-align:center\"><a data-flickr-embed=\"true\" data-header=\"true\" href=\"https:\/\/www.flickr.com\/photos\/mwcmm\/53229726517\/in\/album-72177720311645395\/\" title=\"20230917MennoniteHongKongFamily Sunday P5\"><img decoding=\"async\" alt=\"20230917MennoniteHongKongFamily Sunday P5\" height=\"424\" data-src=\"https:\/\/mwc-cmm.org\/wp-content\/uploads\/2024\/10\/53229726517_5a7cce477f_z.jpg\" width=\"640\" src=\"data:image\/svg+xml;base64,PHN2ZyB3aWR0aD0iMSIgaGVpZ2h0PSIxIiB4bWxucz0iaHR0cDovL3d3dy53My5vcmcvMjAwMC9zdmciPjwvc3ZnPg==\" class=\"lazyload\" style=\"--smush-placeholder-width: 640px; --smush-placeholder-aspect-ratio: 640\/424;\"><\/a><\/p>\n<p>Lors de la Journ\u00e9e de la Paix&nbsp;2023, le r\u00e9v\u00e9rend Maira Benjamin Migire, pasteur de Kanisa la Mennonite Tanzanie, a particip\u00e9 \u00e0 un dialogue sur la paix avec des responsables chr\u00e9tiens et musulmans \u00e0 Zanzibar, en Tanzanie.&nbsp;&nbsp;<\/p>\n<p style=\"text-align:center\"><a data-flickr-embed=\"true\" data-header=\"true\" href=\"https:\/\/www.flickr.com\/photos\/mwcmm\/53271583969\/in\/album-72177720311645395\/\" title=\"20230921MairaBenjaminMigireWhatsApp Image 2023-09-21 at 23.01.57\"><img decoding=\"async\" alt=\"20230921MairaBenjaminMigireWhatsApp Image 2023-09-21 at 23.01.57\" height=\"640\" data-src=\"https:\/\/mwc-cmm.org\/wp-content\/uploads\/2024\/10\/53271583969_9bda403f6e_z.jpg\" width=\"480\" src=\"data:image\/svg+xml;base64,PHN2ZyB3aWR0aD0iMSIgaGVpZ2h0PSIxIiB4bWxucz0iaHR0cDovL3d3dy53My5vcmcvMjAwMC9zdmciPjwvc3ZnPg==\" class=\"lazyload\" style=\"--smush-placeholder-width: 480px; --smush-placeholder-aspect-ratio: 480\/640;\"><\/a><\/p>\n<p>Les assembl\u00e9es BIC au N\u00e9pal ont c\u00e9l\u00e9br\u00e9 le Dimanche de la Paix lors de leur culte habituel le samedi. Elles ont fait une offrande sp\u00e9ciale et pri\u00e9 pour la paix dans la famille, l\u2019\u00e9glise, le quartier, la communaut\u00e9 au sens large, la nation et la communaut\u00e9 anabaptiste mondiale, en particulier pour l\u2019Ukraine et le Myanmar.&nbsp;<\/p>\n<p style=\"text-align:center\"><a data-flickr-embed=\"true\" data-header=\"true\" href=\"https:\/\/www.flickr.com\/photos\/mwcmm\/53229739592\/in\/album-72177720311645395\/\" title=\"20230916BICNepalWhatsApp Image 2023-09-25 at 20.48.03\"><img decoding=\"async\" alt=\"20230916BICNepalWhatsApp Image 2023-09-25 at 20.48.03\" height=\"288\" data-src=\"https:\/\/mwc-cmm.org\/wp-content\/uploads\/2024\/10\/53229739592_9863264ee5_z.jpg\" width=\"640\" src=\"data:image\/svg+xml;base64,PHN2ZyB3aWR0aD0iMSIgaGVpZ2h0PSIxIiB4bWxucz0iaHR0cDovL3d3dy53My5vcmcvMjAwMC9zdmciPjwvc3ZnPg==\" class=\"lazyload\" style=\"--smush-placeholder-width: 640px; --smush-placeholder-aspect-ratio: 640\/288;\"><\/a><\/p>\n<p>Peace\u2014 Paix \u2014 Amani\u2014 Mirembe&nbsp;: les enfants d\u2019une \u00e9glise mennonite d\u2019Ouganda ont \u00e9crit \u00ab&nbsp;Paix&nbsp;\u00bb en plusieurs langues.&nbsp;&nbsp;<\/p>\n<p style=\"text-align:center\"><a data-flickr-embed=\"true\" data-header=\"true\" href=\"https:\/\/www.flickr.com\/photos\/mwcmm\/53231002189\/in\/album-72177720311645395\/\" title=\"20230917CEDanielSnapchat-1743778233\"><img decoding=\"async\" alt=\"20230917CEDanielSnapchat-1743778233\" height=\"416\" data-src=\"https:\/\/mwc-cmm.org\/wp-content\/uploads\/2024\/10\/53231002189_7551a28289_z.jpg\" width=\"640\" src=\"data:image\/svg+xml;base64,PHN2ZyB3aWR0aD0iMSIgaGVpZ2h0PSIxIiB4bWxucz0iaHR0cDovL3d3dy53My5vcmcvMjAwMC9zdmciPjwvc3ZnPg==\" class=\"lazyload\" style=\"--smush-placeholder-width: 640px; --smush-placeholder-aspect-ratio: 640\/416;\"><\/a><\/p>\n<p>\u00ca Maytalang Mennonite Bible Church, aux Philippines, \u00ab&nbsp;Nanay&nbsp;\u00bb [m\u00e8re] Juana, la participante la plus \u00e2g\u00e9e [83&nbsp;ans] et Aya, la plus jeune [1&nbsp;an], ont coll\u00e9 une feuille d\u2019or sur l\u2019arbre de la paix et des liens familiaux.&nbsp;<\/p>\n<p style=\"text-align:center\"><a data-flickr-embed=\"true\" data-header=\"true\" href=\"https:\/\/www.flickr.com\/photos\/mwcmm\/53230612901\/in\/album-72177720311645395\/\" title=\"20230917RichardARancap20230917_170806\"><img decoding=\"async\" alt=\"20230917RichardARancap20230917_170806\" height=\"480\" data-src=\"https:\/\/mwc-cmm.org\/wp-content\/uploads\/2024\/10\/53230612901_42e69f3ceb_z.jpg\" width=\"640\" src=\"data:image\/svg+xml;base64,PHN2ZyB3aWR0aD0iMSIgaGVpZ2h0PSIxIiB4bWxucz0iaHR0cDovL3d3dy53My5vcmcvMjAwMC9zdmciPjwvc3ZnPg==\" class=\"lazyload\" style=\"--smush-placeholder-width: 640px; --smush-placeholder-aspect-ratio: 640\/480;\"><\/a><\/p>\n<hr>\n<p><em>Dieu cr\u00e9ateur, Fr\u00e8re J\u00e9sus, Esprit de r\u00e9conciliation, enseigne-nous \u00e0 construire la paix chaque jour. Aide-nous \u00e0 voir ton image dans chaque personne que nous rencontrons \u2014 y compris nos ennemis. Aide-nous \u00e0 reconna\u00eetre notre interd\u00e9pendance. Donne-nous le courage de d\u00e9fendre les autres en reconnaissant notre interconnexion.&nbsp;<\/em><\/p>\n<p style=\"text-align:center\"><a href=\"https:\/\/mwc-cmm.org\/fr\/faire-un-don\"><img decoding=\"async\" alt=\"Gr\u00e2ce \u00e0 votre soutien, nous pouvons rassembler des histoires, des enseignements et des activit\u00e9s sur la paix \u00e0 partager avec nos \u00e9glises par le biais des ressources de culte du dimanche de la paix. \" height=\"300\" data-src=\"\/sites\/default\/files\/website_files_2020\/ps23_fr_0.jpg\" width=\"810\" src=\"data:image\/svg+xml;base64,PHN2ZyB3aWR0aD0iMSIgaGVpZ2h0PSIxIiB4bWxucz0iaHR0cDovL3d3dy53My5vcmcvMjAwMC9zdmciPjwvc3ZnPg==\" class=\"lazyload\" style=\"--smush-placeholder-width: 810px; --smush-placeholder-aspect-ratio: 810\/300;\"><\/a><\/p>\n<p>&nbsp;<\/p>\n","protected":false},"excerpt":{"rendered":"<p>Chaque ann\u00e9e, la Commission Paix pr\u00e9pare des ressources pour le Dimanche de la Paix. Organis\u00e9 autour d\u2019un autre th\u00e8me chaque ann\u00e9e, le dossier comprend un focus sur la Bible, des pri\u00e8res, une activit\u00e9 et une ressource p\u00e9dagogique.&nbsp;<\/p>\n<p>Les assembl\u00e9es du monde entier en s\u00e9lectionnent des parties qu\u2019elles adaptent \u00e0 leurs propres c\u00e9l\u00e9brations.<\/p>\n","protected":false},"author":1,"featured_media":97502,"comment_status":"closed","ping_status":"closed","sticky":false,"template":"","format":"standard","meta":{"_acf_changed":false,"footnotes":""},"categories":[7],"tags":[1057,467,1013,470],"network":[1254],"eventcategory":[],"class_list":["post-10585","post","type-post","status-publish","format-standard","has-post-thumbnail","hentry","category-non-classifiee","tag-commission-paix","tag-dr-congo-fr","tag-inde","tag-paix","network-peace-commission-fr"],"acf":[],"yoast_head":"<!-- This site is optimized with the Yoast SEO plugin v27.5 - https:\/\/yoast.com\/product\/yoast-seo-wordpress\/ -->\n<title>Une famille interconnect\u00e9e c\u00e9l\u00e8bre la paix - Mennonite World Conference<\/title>\n<meta name=\"robots\" content=\"index, follow, max-snippet:-1, max-image-preview:large, max-video-preview:-1\" \/>\n<link rel=\"canonical\" href=\"https:\/\/mwc-cmm.org\/fr\/stories\/une-famille-interconnectee-celebre-la-paix\/\" \/>\n<meta property=\"og:locale\" content=\"fr_FR\" \/>\n<meta property=\"og:type\" content=\"article\" \/>\n<meta property=\"og:title\" content=\"Une famille interconnect\u00e9e c\u00e9l\u00e8bre la paix - Mennonite World Conference\" \/>\n<meta property=\"og:description\" content=\"Chaque ann\u00e9e, la Commission Paix pr\u00e9pare des ressources pour le Dimanche de la Paix. Organis\u00e9 autour d\u2019un autre th\u00e8me chaque ann\u00e9e, le dossier comprend un focus sur la Bible, des pri\u00e8res, une activit\u00e9 et une ressource p\u00e9dagogique.&nbsp; Les assembl\u00e9es du monde entier en s\u00e9lectionnent des parties qu\u2019elles adaptent \u00e0 leurs propres c\u00e9l\u00e9brations.\" \/>\n<meta property=\"og:url\" content=\"https:\/\/mwc-cmm.org\/fr\/stories\/une-famille-interconnectee-celebre-la-paix\/\" \/>\n<meta property=\"og:site_name\" content=\"Mennonite World Conference\" \/>\n<meta property=\"article:publisher\" content=\"https:\/\/www.facebook.com\/MennoniteWorldConference\" \/>\n<meta property=\"article:published_time\" content=\"2023-10-21T00:00:00+00:00\" \/>\n<meta property=\"article:modified_time\" content=\"2024-12-10T17:20:45+00:00\" \/>\n<meta property=\"og:image\" content=\"https:\/\/mwc-cmm.org\/wp-content\/uploads\/2024\/11\/20230917amoschinwhatsapp_image_2023-09-23_at_00.13.01_2.jpeg\" \/>\n\t<meta property=\"og:image:width\" content=\"860\" \/>\n\t<meta property=\"og:image:height\" content=\"594\" \/>\n\t<meta property=\"og:image:type\" content=\"image\/jpeg\" \/>\n<meta name=\"author\" content=\"mennworldcon\" \/>\n<script type=\"application\/ld+json\" class=\"yoast-schema-graph\">{\"@context\":\"https:\\\/\\\/schema.org\",\"@graph\":[{\"@type\":\"Article\",\"@id\":\"https:\\\/\\\/mwc-cmm.org\\\/fr\\\/stories\\\/une-famille-interconnectee-celebre-la-paix\\\/#article\",\"isPartOf\":{\"@id\":\"https:\\\/\\\/mwc-cmm.org\\\/fr\\\/stories\\\/une-famille-interconnectee-celebre-la-paix\\\/\"},\"author\":{\"name\":\"mennworldcon\",\"@id\":\"https:\\\/\\\/mwc-cmm.org\\\/en\\\/#\\\/schema\\\/person\\\/11f6ae0d7d1868ba20a1cc27f067c836\"},\"headline\":\"Une famille interconnect\u00e9e c\u00e9l\u00e8bre la paix\",\"datePublished\":\"2023-10-21T00:00:00+00:00\",\"dateModified\":\"2024-12-10T17:20:45+00:00\",\"mainEntityOfPage\":{\"@id\":\"https:\\\/\\\/mwc-cmm.org\\\/fr\\\/stories\\\/une-famille-interconnectee-celebre-la-paix\\\/\"},\"wordCount\":771,\"publisher\":{\"@id\":\"https:\\\/\\\/mwc-cmm.org\\\/en\\\/#organization\"},\"image\":{\"@id\":\"https:\\\/\\\/mwc-cmm.org\\\/fr\\\/stories\\\/une-famille-interconnectee-celebre-la-paix\\\/#primaryimage\"},\"thumbnailUrl\":\"https:\\\/\\\/mwc-cmm.org\\\/wp-content\\\/uploads\\\/2024\\\/11\\\/20230917amoschinwhatsapp_image_2023-09-23_at_00.13.01_2.jpeg\",\"keywords\":[\"Commission Paix\",\"DR Congo\",\"Inde\",\"paix\"],\"articleSection\":[\"Non classifi\u00e9(e)\"],\"inLanguage\":\"fr-FR\"},{\"@type\":\"WebPage\",\"@id\":\"https:\\\/\\\/mwc-cmm.org\\\/fr\\\/stories\\\/une-famille-interconnectee-celebre-la-paix\\\/\",\"url\":\"https:\\\/\\\/mwc-cmm.org\\\/fr\\\/stories\\\/une-famille-interconnectee-celebre-la-paix\\\/\",\"name\":\"Une famille interconnect\u00e9e c\u00e9l\u00e8bre la paix - Mennonite World Conference\",\"isPartOf\":{\"@id\":\"https:\\\/\\\/mwc-cmm.org\\\/en\\\/#website\"},\"primaryImageOfPage\":{\"@id\":\"https:\\\/\\\/mwc-cmm.org\\\/fr\\\/stories\\\/une-famille-interconnectee-celebre-la-paix\\\/#primaryimage\"},\"image\":{\"@id\":\"https:\\\/\\\/mwc-cmm.org\\\/fr\\\/stories\\\/une-famille-interconnectee-celebre-la-paix\\\/#primaryimage\"},\"thumbnailUrl\":\"https:\\\/\\\/mwc-cmm.org\\\/wp-content\\\/uploads\\\/2024\\\/11\\\/20230917amoschinwhatsapp_image_2023-09-23_at_00.13.01_2.jpeg\",\"datePublished\":\"2023-10-21T00:00:00+00:00\",\"dateModified\":\"2024-12-10T17:20:45+00:00\",\"breadcrumb\":{\"@id\":\"https:\\\/\\\/mwc-cmm.org\\\/fr\\\/stories\\\/une-famille-interconnectee-celebre-la-paix\\\/#breadcrumb\"},\"inLanguage\":\"fr-FR\",\"potentialAction\":[{\"@type\":\"ReadAction\",\"target\":[\"https:\\\/\\\/mwc-cmm.org\\\/fr\\\/stories\\\/une-famille-interconnectee-celebre-la-paix\\\/\"]}]},{\"@type\":\"ImageObject\",\"inLanguage\":\"fr-FR\",\"@id\":\"https:\\\/\\\/mwc-cmm.org\\\/fr\\\/stories\\\/une-famille-interconnectee-celebre-la-paix\\\/#primaryimage\",\"url\":\"https:\\\/\\\/mwc-cmm.org\\\/wp-content\\\/uploads\\\/2024\\\/11\\\/20230917amoschinwhatsapp_image_2023-09-23_at_00.13.01_2.jpeg\",\"contentUrl\":\"https:\\\/\\\/mwc-cmm.org\\\/wp-content\\\/uploads\\\/2024\\\/11\\\/20230917amoschinwhatsapp_image_2023-09-23_at_00.13.01_2.jpeg\",\"width\":860,\"height\":594},{\"@type\":\"BreadcrumbList\",\"@id\":\"https:\\\/\\\/mwc-cmm.org\\\/fr\\\/stories\\\/une-famille-interconnectee-celebre-la-paix\\\/#breadcrumb\",\"itemListElement\":[{\"@type\":\"ListItem\",\"position\":1,\"name\":\"Home\",\"item\":\"https:\\\/\\\/mwc-cmm.org\\\/fr\\\/\"},{\"@type\":\"ListItem\",\"position\":2,\"name\":\"Une famille interconnect\u00e9e c\u00e9l\u00e8bre la paix\"}]},{\"@type\":\"WebSite\",\"@id\":\"https:\\\/\\\/mwc-cmm.org\\\/en\\\/#website\",\"url\":\"https:\\\/\\\/mwc-cmm.org\\\/en\\\/\",\"name\":\"Mennonite World Conference\",\"description\":\"A communion of Anabaptist-related churches\",\"publisher\":{\"@id\":\"https:\\\/\\\/mwc-cmm.org\\\/en\\\/#organization\"},\"alternateName\":\"MWC\",\"potentialAction\":[{\"@type\":\"SearchAction\",\"target\":{\"@type\":\"EntryPoint\",\"urlTemplate\":\"https:\\\/\\\/mwc-cmm.org\\\/en\\\/?s={search_term_string}\"},\"query-input\":{\"@type\":\"PropertyValueSpecification\",\"valueRequired\":true,\"valueName\":\"search_term_string\"}}],\"inLanguage\":\"fr-FR\"},{\"@type\":\"Organization\",\"@id\":\"https:\\\/\\\/mwc-cmm.org\\\/en\\\/#organization\",\"name\":\"Mennonite World Conference\",\"alternateName\":\"MWC\",\"url\":\"https:\\\/\\\/mwc-cmm.org\\\/en\\\/\",\"logo\":{\"@type\":\"ImageObject\",\"inLanguage\":\"fr-FR\",\"@id\":\"https:\\\/\\\/mwc-cmm.org\\\/en\\\/#\\\/schema\\\/logo\\\/image\\\/\",\"url\":\"https:\\\/\\\/mwc-cmm.org\\\/wp-content\\\/uploads\\\/2026\\\/01\\\/MWC_Sig_Blue_Horiz_webheader1-logo.svg\",\"contentUrl\":\"https:\\\/\\\/mwc-cmm.org\\\/wp-content\\\/uploads\\\/2026\\\/01\\\/MWC_Sig_Blue_Horiz_webheader1-logo.svg\",\"width\":786,\"height\":82,\"caption\":\"Mennonite World Conference\"},\"image\":{\"@id\":\"https:\\\/\\\/mwc-cmm.org\\\/en\\\/#\\\/schema\\\/logo\\\/image\\\/\"},\"sameAs\":[\"https:\\\/\\\/www.facebook.com\\\/MennoniteWorldConference\",\"https:\\\/\\\/www.linkedin.com\\\/company\\\/mennonite-world-conference-mwc\\\/\",\"https:\\\/\\\/www.instagram.com\\\/mwcmm\\\/\",\"https:\\\/\\\/www.youtube.com\\\/user\\\/mwccmm\",\"https:\\\/\\\/bsky.app\\\/profile\\\/mwcmm.bsky.social\"]},{\"@type\":\"Person\",\"@id\":\"https:\\\/\\\/mwc-cmm.org\\\/en\\\/#\\\/schema\\\/person\\\/11f6ae0d7d1868ba20a1cc27f067c836\",\"name\":\"mennworldcon\",\"image\":{\"@type\":\"ImageObject\",\"inLanguage\":\"fr-FR\",\"@id\":\"https:\\\/\\\/secure.gravatar.com\\\/avatar\\\/06fdc0dc81c157dfdb82ec42f252178a22307808988d22c043f9eb96f1e0fe80?s=96&d=mm&r=g\",\"url\":\"https:\\\/\\\/secure.gravatar.com\\\/avatar\\\/06fdc0dc81c157dfdb82ec42f252178a22307808988d22c043f9eb96f1e0fe80?s=96&d=mm&r=g\",\"contentUrl\":\"https:\\\/\\\/secure.gravatar.com\\\/avatar\\\/06fdc0dc81c157dfdb82ec42f252178a22307808988d22c043f9eb96f1e0fe80?s=96&d=mm&r=g\",\"caption\":\"mennworldcon\"},\"sameAs\":[\"https:\\\/\\\/mwc-cmm.org\"],\"url\":\"https:\\\/\\\/mwc-cmm.org\\\/fr\\\/stories\\\/author\\\/mennworldcon\\\/\"}]}<\/script>\n<!-- \/ Yoast SEO plugin. -->","yoast_head_json":{"title":"Une famille interconnect\u00e9e c\u00e9l\u00e8bre la paix - Mennonite World Conference","robots":{"index":"index","follow":"follow","max-snippet":"max-snippet:-1","max-image-preview":"max-image-preview:large","max-video-preview":"max-video-preview:-1"},"canonical":"https:\/\/mwc-cmm.org\/fr\/stories\/une-famille-interconnectee-celebre-la-paix\/","og_locale":"fr_FR","og_type":"article","og_title":"Une famille interconnect\u00e9e c\u00e9l\u00e8bre la paix - Mennonite World Conference","og_description":"Chaque ann\u00e9e, la Commission Paix pr\u00e9pare des ressources pour le Dimanche de la Paix. Organis\u00e9 autour d\u2019un autre th\u00e8me chaque ann\u00e9e, le dossier comprend un focus sur la Bible, des pri\u00e8res, une activit\u00e9 et une ressource p\u00e9dagogique.&nbsp; Les assembl\u00e9es du monde entier en s\u00e9lectionnent des parties qu\u2019elles adaptent \u00e0 leurs propres c\u00e9l\u00e9brations.","og_url":"https:\/\/mwc-cmm.org\/fr\/stories\/une-famille-interconnectee-celebre-la-paix\/","og_site_name":"Mennonite World Conference","article_publisher":"https:\/\/www.facebook.com\/MennoniteWorldConference","article_published_time":"2023-10-21T00:00:00+00:00","article_modified_time":"2024-12-10T17:20:45+00:00","og_image":[{"width":860,"height":594,"url":"https:\/\/mwc-cmm.org\/wp-content\/uploads\/2024\/11\/20230917amoschinwhatsapp_image_2023-09-23_at_00.13.01_2.jpeg","type":"image\/jpeg"}],"author":"mennworldcon","schema":{"@context":"https:\/\/schema.org","@graph":[{"@type":"Article","@id":"https:\/\/mwc-cmm.org\/fr\/stories\/une-famille-interconnectee-celebre-la-paix\/#article","isPartOf":{"@id":"https:\/\/mwc-cmm.org\/fr\/stories\/une-famille-interconnectee-celebre-la-paix\/"},"author":{"name":"mennworldcon","@id":"https:\/\/mwc-cmm.org\/en\/#\/schema\/person\/11f6ae0d7d1868ba20a1cc27f067c836"},"headline":"Une famille interconnect\u00e9e c\u00e9l\u00e8bre la paix","datePublished":"2023-10-21T00:00:00+00:00","dateModified":"2024-12-10T17:20:45+00:00","mainEntityOfPage":{"@id":"https:\/\/mwc-cmm.org\/fr\/stories\/une-famille-interconnectee-celebre-la-paix\/"},"wordCount":771,"publisher":{"@id":"https:\/\/mwc-cmm.org\/en\/#organization"},"image":{"@id":"https:\/\/mwc-cmm.org\/fr\/stories\/une-famille-interconnectee-celebre-la-paix\/#primaryimage"},"thumbnailUrl":"https:\/\/mwc-cmm.org\/wp-content\/uploads\/2024\/11\/20230917amoschinwhatsapp_image_2023-09-23_at_00.13.01_2.jpeg","keywords":["Commission Paix","DR Congo","Inde","paix"],"articleSection":["Non classifi\u00e9(e)"],"inLanguage":"fr-FR"},{"@type":"WebPage","@id":"https:\/\/mwc-cmm.org\/fr\/stories\/une-famille-interconnectee-celebre-la-paix\/","url":"https:\/\/mwc-cmm.org\/fr\/stories\/une-famille-interconnectee-celebre-la-paix\/","name":"Une famille interconnect\u00e9e c\u00e9l\u00e8bre la paix - Mennonite World Conference","isPartOf":{"@id":"https:\/\/mwc-cmm.org\/en\/#website"},"primaryImageOfPage":{"@id":"https:\/\/mwc-cmm.org\/fr\/stories\/une-famille-interconnectee-celebre-la-paix\/#primaryimage"},"image":{"@id":"https:\/\/mwc-cmm.org\/fr\/stories\/une-famille-interconnectee-celebre-la-paix\/#primaryimage"},"thumbnailUrl":"https:\/\/mwc-cmm.org\/wp-content\/uploads\/2024\/11\/20230917amoschinwhatsapp_image_2023-09-23_at_00.13.01_2.jpeg","datePublished":"2023-10-21T00:00:00+00:00","dateModified":"2024-12-10T17:20:45+00:00","breadcrumb":{"@id":"https:\/\/mwc-cmm.org\/fr\/stories\/une-famille-interconnectee-celebre-la-paix\/#breadcrumb"},"inLanguage":"fr-FR","potentialAction":[{"@type":"ReadAction","target":["https:\/\/mwc-cmm.org\/fr\/stories\/une-famille-interconnectee-celebre-la-paix\/"]}]},{"@type":"ImageObject","inLanguage":"fr-FR","@id":"https:\/\/mwc-cmm.org\/fr\/stories\/une-famille-interconnectee-celebre-la-paix\/#primaryimage","url":"https:\/\/mwc-cmm.org\/wp-content\/uploads\/2024\/11\/20230917amoschinwhatsapp_image_2023-09-23_at_00.13.01_2.jpeg","contentUrl":"https:\/\/mwc-cmm.org\/wp-content\/uploads\/2024\/11\/20230917amoschinwhatsapp_image_2023-09-23_at_00.13.01_2.jpeg","width":860,"height":594},{"@type":"BreadcrumbList","@id":"https:\/\/mwc-cmm.org\/fr\/stories\/une-famille-interconnectee-celebre-la-paix\/#breadcrumb","itemListElement":[{"@type":"ListItem","position":1,"name":"Home","item":"https:\/\/mwc-cmm.org\/fr\/"},{"@type":"ListItem","position":2,"name":"Une famille interconnect\u00e9e c\u00e9l\u00e8bre la paix"}]},{"@type":"WebSite","@id":"https:\/\/mwc-cmm.org\/en\/#website","url":"https:\/\/mwc-cmm.org\/en\/","name":"Mennonite World Conference","description":"A communion of Anabaptist-related churches","publisher":{"@id":"https:\/\/mwc-cmm.org\/en\/#organization"},"alternateName":"MWC","potentialAction":[{"@type":"SearchAction","target":{"@type":"EntryPoint","urlTemplate":"https:\/\/mwc-cmm.org\/en\/?s={search_term_string}"},"query-input":{"@type":"PropertyValueSpecification","valueRequired":true,"valueName":"search_term_string"}}],"inLanguage":"fr-FR"},{"@type":"Organization","@id":"https:\/\/mwc-cmm.org\/en\/#organization","name":"Mennonite World Conference","alternateName":"MWC","url":"https:\/\/mwc-cmm.org\/en\/","logo":{"@type":"ImageObject","inLanguage":"fr-FR","@id":"https:\/\/mwc-cmm.org\/en\/#\/schema\/logo\/image\/","url":"https:\/\/mwc-cmm.org\/wp-content\/uploads\/2026\/01\/MWC_Sig_Blue_Horiz_webheader1-logo.svg","contentUrl":"https:\/\/mwc-cmm.org\/wp-content\/uploads\/2026\/01\/MWC_Sig_Blue_Horiz_webheader1-logo.svg","width":786,"height":82,"caption":"Mennonite World Conference"},"image":{"@id":"https:\/\/mwc-cmm.org\/en\/#\/schema\/logo\/image\/"},"sameAs":["https:\/\/www.facebook.com\/MennoniteWorldConference","https:\/\/www.linkedin.com\/company\/mennonite-world-conference-mwc\/","https:\/\/www.instagram.com\/mwcmm\/","https:\/\/www.youtube.com\/user\/mwccmm","https:\/\/bsky.app\/profile\/mwcmm.bsky.social"]},{"@type":"Person","@id":"https:\/\/mwc-cmm.org\/en\/#\/schema\/person\/11f6ae0d7d1868ba20a1cc27f067c836","name":"mennworldcon","image":{"@type":"ImageObject","inLanguage":"fr-FR","@id":"https:\/\/secure.gravatar.com\/avatar\/06fdc0dc81c157dfdb82ec42f252178a22307808988d22c043f9eb96f1e0fe80?s=96&d=mm&r=g","url":"https:\/\/secure.gravatar.com\/avatar\/06fdc0dc81c157dfdb82ec42f252178a22307808988d22c043f9eb96f1e0fe80?s=96&d=mm&r=g","contentUrl":"https:\/\/secure.gravatar.com\/avatar\/06fdc0dc81c157dfdb82ec42f252178a22307808988d22c043f9eb96f1e0fe80?s=96&d=mm&r=g","caption":"mennworldcon"},"sameAs":["https:\/\/mwc-cmm.org"],"url":"https:\/\/mwc-cmm.org\/fr\/stories\/author\/mennworldcon\/"}]}},"_links":{"self":[{"href":"https:\/\/mwc-cmm.org\/fr\/wp-json\/wp\/v2\/posts\/10585","targetHints":{"allow":["GET"]}}],"collection":[{"href":"https:\/\/mwc-cmm.org\/fr\/wp-json\/wp\/v2\/posts"}],"about":[{"href":"https:\/\/mwc-cmm.org\/fr\/wp-json\/wp\/v2\/types\/post"}],"author":[{"embeddable":true,"href":"https:\/\/mwc-cmm.org\/fr\/wp-json\/wp\/v2\/users\/1"}],"replies":[{"embeddable":true,"href":"https:\/\/mwc-cmm.org\/fr\/wp-json\/wp\/v2\/comments?post=10585"}],"version-history":[{"count":0,"href":"https:\/\/mwc-cmm.org\/fr\/wp-json\/wp\/v2\/posts\/10585\/revisions"}],"wp:featuredmedia":[{"embeddable":true,"href":"https:\/\/mwc-cmm.org\/fr\/wp-json\/wp\/v2\/media\/97502"}],"wp:attachment":[{"href":"https:\/\/mwc-cmm.org\/fr\/wp-json\/wp\/v2\/media?parent=10585"}],"wp:term":[{"taxonomy":"category","embeddable":true,"href":"https:\/\/mwc-cmm.org\/fr\/wp-json\/wp\/v2\/categories?post=10585"},{"taxonomy":"post_tag","embeddable":true,"href":"https:\/\/mwc-cmm.org\/fr\/wp-json\/wp\/v2\/tags?post=10585"},{"taxonomy":"network","embeddable":true,"href":"https:\/\/mwc-cmm.org\/fr\/wp-json\/wp\/v2\/network?post=10585"},{"taxonomy":"eventcategory","embeddable":true,"href":"https:\/\/mwc-cmm.org\/fr\/wp-json\/wp\/v2\/eventcategory?post=10585"}],"curies":[{"name":"wp","href":"https:\/\/api.w.org\/{rel}","templated":true}]}}