{"id":10574,"date":"2023-09-27T00:00:00","date_gmt":"2023-09-27T00:00:00","guid":{"rendered":"https:\/\/mwc-cmm.org\/one-of-the-tiny-squares-3\/"},"modified":"2024-12-10T17:20:39","modified_gmt":"2024-12-10T17:20:39","slug":"un-des-petits-carres","status":"publish","type":"post","link":"https:\/\/mwc-cmm.org\/fr\/stories\/un-des-petits-carres\/","title":{"rendered":"Un des petits carr\u00e9s"},"content":{"rendered":"<h2>T\u00e9moignages de l\u2019Am\u00e9rique latine<\/h2>\n<p>La cr\u00e9ation est immense, c\u2019est un tr\u00e8s grand tableau. Un regard rapide, de loin, nous montre un seul tableau ; mais lorsqu\u2019on s\u2019approche et qu\u2019on observe de tr\u00e8s pr\u00e8s, on d\u00e9couvre que ce tableau apparemment uni est compos\u00e9 de millions de petits carr\u00e9s, et que je suis l\u2019un de ces petits carr\u00e9s.&nbsp;&nbsp;<\/p>\n<p>Je fais partie int\u00e9grante de la grande mosa\u00efque de Dieu. Cette appartenance m\u2019apporte la s\u00e9curit\u00e9, car je suis spirituellement contenu et prot\u00e9g\u00e9 dans cette mosa\u00efque.&nbsp;<\/p>\n<p>L\u2019ap\u00f4tre Paul a dit que l\u2019\u00c9glise est comme un corps, compos\u00e9 de nombreuses parties distinctes, et que l\u2019ensemble des diff\u00e9rentes parties forme le corps entier. Chaque partie est importante, m\u00eame le petit doigt.&nbsp;&nbsp;<\/p>\n<p>La famille anabaptiste mondiale est le corps du Christ, compos\u00e9 de nombreux membres, et tous ensemble nous formons une unit\u00e9 qui est la grande et belle image de Dieu.&nbsp;&nbsp;<\/p>\n<p>La premi\u00e8re fois que j\u2019ai particip\u00e9 \u00e0 une Assembl\u00e9e de la CMM, c\u2019\u00e9tait en 1984, \u00e0 Strasbourg (France). J\u2019\u00e9tais alors un jeune responsable, et comme c\u2019\u00e9tait ma premi\u00e8re exp\u00e9rience, je ne comprenais pas grand-chose \u00e0 l\u2019importance de cet \u00e9v\u00e9nement. C\u2019\u00e9tait une r\u00e9union de notre famille dispers\u00e9e dans le monde entier. C\u2019\u00e9tait une f\u00eate, o\u00f9 nous avons c\u00e9l\u00e9br\u00e9 avec des fr\u00e8res et s\u0153urs d\u2019autres parties du monde. Malgr\u00e9 les barri\u00e8res culturelles et linguistiques, il y avait une grande connexion visible dans nos cultes partag\u00e9s, nos salutations ou simplement un sourire.&nbsp;<\/p>\n<p>Pour moi, cette exp\u00e9rience avec la CMM ressemble \u00e0 ce que dit Proverbes 4\/18&nbsp;: \u00ab&nbsp;Le chemin des justes est une lumi\u00e8re d\u2019aurore dont la clart\u00e9 grandit jusqu\u2019au plein jour.&nbsp;\u00bb. Les diff\u00e9rents \u00e9v\u00e9nements et les relations dans la CMM m\u2019am\u00e8nent \u00e0 mieux comprendre que je fais partie de la grande image de Dieu.&nbsp;&nbsp;<\/p>\n<p>Cette compr\u00e9hension me pousse \u00e0 penser et \u00e0 prier pour notre famille dispers\u00e9e dans le monde. Leur bonheur et leur douleur sont aussi les miens. Cela me rappelle que je ne dois pas \u00eatre \u00e9go\u00efste et ne penser qu\u2019\u00e0 ma partie du monde, car au-del\u00e0 de mon monde, il y a beaucoup d\u2019autres qui font \u00e9galement partie du grand tableau de Dieu.&nbsp;&nbsp;<\/p>\n<p>Cette image de Dieu pourrait \u00e9galement \u00eatre compar\u00e9e \u00e0 un b\u00e2timent. Lorsque l\u2019on s\u2019arr\u00eate et que l\u2019on regarde de loin, on observe un beau b\u00e2timent, mais en s\u2019approchant, on se rend compte que ce b\u00e2timent est compos\u00e9 de milliers de parties. Certaines pi\u00e8ces sont de gros blocs, comme les piliers, et d\u2019autres sont aussi minuscules que la valve du robinet d\u2019eau. Si cette vanne venait \u00e0 tomber en panne, nous prendrions imm\u00e9diatement conscience de son importance et nous chercherions le plus rapidement possible une solution avant que l\u2019ensemble du b\u00e2timent ne soit touch\u00e9. Les grands piliers et les petites vannes sont tous importants pour faire un bel \u00e9difice.&nbsp;<\/p>\n<p>Je veux voir ma vie \u00e0 l\u2019int\u00e9rieur de cette immense image de Dieu. Je ne suis peut-\u00eatre qu\u2019un petit membre, une petite cellule dans ce corps. Mais je sais que je suis une partie vitale, pour que la mosa\u00efque de Dieu soit compl\u00e8te et belle.&nbsp;<\/p>\n<table style=\"width:100%\">\n<tbody>\n<tr>\n<td style=\"border-color:rgb(255, 255, 255); width:308px\">\n<p style=\"text-align:center\"><img decoding=\"async\" alt=\"Juan veron\" height=\"100\" data-src=\"https:\/\/mwc-cmm.org\/wp-content\/uploads\/2024\/10\/juan_veron.jpg\" width=\"100\" src=\"data:image\/svg+xml;base64,PHN2ZyB3aWR0aD0iMSIgaGVpZ2h0PSIxIiB4bWxucz0iaHR0cDovL3d3dy53My5vcmcvMjAwMC9zdmciPjwvc3ZnPg==\" class=\"lazyload\" style=\"--smush-placeholder-width: 100px; --smush-placeholder-aspect-ratio: 100\/100;\"><\/p>\n<\/td>\n<td style=\"border-color:rgb(255, 255, 255); width:996px\"><em>\u2014Juan Silverio Ver\u00f3n, Hermanos Menonitas Maranata, Asunci\u00f3n, Paraguay.&nbsp;<\/em><\/td>\n<\/tr>\n<\/tbody>\n<\/table>\n<p style=\"text-align:center\"><a href=\"https:\/\/mwc-cmm.org\/fr\/resources\/dimanche-de-la-fraternite-anabaptiste-mondiale-2024\"><img decoding=\"async\" alt=\"Dimanche de la Fraternit\u00e9 Anabaptiste Mondiale 2024\" height=\"120\" data-src=\"\/sites\/default\/files\/website_files_2020\/awfs24_fr.jpg\" width=\"500\" src=\"data:image\/svg+xml;base64,PHN2ZyB3aWR0aD0iMSIgaGVpZ2h0PSIxIiB4bWxucz0iaHR0cDovL3d3dy53My5vcmcvMjAwMC9zdmciPjwvc3ZnPg==\" class=\"lazyload\" style=\"--smush-placeholder-width: 500px; --smush-placeholder-aspect-ratio: 500\/120;\"><\/a><\/p>\n","protected":false},"excerpt":{"rendered":"<p>La cr\u00e9ation est immense, c\u2019est un tr\u00e8s grand tableau. Un regard rapide, de loin, nous montre un seul tableau ; mais lorsqu\u2019on s\u2019approche et qu\u2019on observe de tr\u00e8s pr\u00e8s, on d\u00e9couvre que ce tableau apparemment uni est compos\u00e9 de millions de petits carr\u00e9s, et que je suis l\u2019un de ces petits carr\u00e9s.&nbsp;&nbsp;<\/p>\n","protected":false},"author":1,"featured_media":97376,"comment_status":"closed","ping_status":"closed","sticky":false,"template":"","format":"standard","meta":{"_acf_changed":false,"footnotes":""},"categories":[7],"tags":[],"network":[],"eventcategory":[1500],"class_list":["post-10574","post","type-post","status-publish","format-standard","has-post-thumbnail","hentry","category-non-classifiee","eventcategory-anabaptist-world-fellowship-sunday-fr"],"acf":[],"yoast_head":"<!-- This site is optimized with the Yoast SEO plugin v27.2 - https:\/\/yoast.com\/product\/yoast-seo-wordpress\/ -->\n<title>Un des petits carr\u00e9s - Mennonite World Conference<\/title>\n<meta name=\"robots\" content=\"index, follow, max-snippet:-1, max-image-preview:large, max-video-preview:-1\" \/>\n<link rel=\"canonical\" href=\"https:\/\/mwc-cmm.org\/fr\/stories\/un-des-petits-carres\/\" \/>\n<meta property=\"og:locale\" content=\"fr_FR\" \/>\n<meta property=\"og:type\" content=\"article\" \/>\n<meta property=\"og:title\" content=\"Un des petits carr\u00e9s - Mennonite World Conference\" \/>\n<meta property=\"og:description\" content=\"La cr\u00e9ation est immense, c\u2019est un tr\u00e8s grand tableau. Un regard rapide, de loin, nous montre un seul tableau ; mais lorsqu\u2019on s\u2019approche et qu\u2019on observe de tr\u00e8s pr\u00e8s, on d\u00e9couvre que ce tableau apparemment uni est compos\u00e9 de millions de petits carr\u00e9s, et que je suis l\u2019un de ces petits carr\u00e9s.&nbsp;&nbsp;\" \/>\n<meta property=\"og:url\" content=\"https:\/\/mwc-cmm.org\/fr\/stories\/un-des-petits-carres\/\" \/>\n<meta property=\"og:site_name\" content=\"Mennonite World Conference\" \/>\n<meta property=\"article:publisher\" content=\"https:\/\/www.facebook.com\/MennoniteWorldConference\" \/>\n<meta property=\"article:published_time\" content=\"2023-09-27T00:00:00+00:00\" \/>\n<meta property=\"article:modified_time\" content=\"2024-12-10T17:20:39+00:00\" \/>\n<meta property=\"og:image\" content=\"https:\/\/mwc-cmm.org\/wp-content\/uploads\/2024\/11\/20230326karlabraunimg_9903-2-scaled.jpg\" \/>\n\t<meta property=\"og:image:width\" content=\"2560\" \/>\n\t<meta property=\"og:image:height\" content=\"1922\" \/>\n\t<meta property=\"og:image:type\" content=\"image\/jpeg\" \/>\n<meta name=\"author\" content=\"mennworldcon\" \/>\n<script type=\"application\/ld+json\" class=\"yoast-schema-graph\">{\"@context\":\"https:\/\/schema.org\",\"@graph\":[{\"@type\":\"Article\",\"@id\":\"https:\/\/mwc-cmm.org\/fr\/stories\/un-des-petits-carres\/#article\",\"isPartOf\":{\"@id\":\"https:\/\/mwc-cmm.org\/fr\/stories\/un-des-petits-carres\/\"},\"author\":{\"name\":\"mennworldcon\",\"@id\":\"https:\/\/mwc-cmm.org\/en\/#\/schema\/person\/11f6ae0d7d1868ba20a1cc27f067c836\"},\"headline\":\"Un des petits carr\u00e9s\",\"datePublished\":\"2023-09-27T00:00:00+00:00\",\"dateModified\":\"2024-12-10T17:20:39+00:00\",\"mainEntityOfPage\":{\"@id\":\"https:\/\/mwc-cmm.org\/fr\/stories\/un-des-petits-carres\/\"},\"wordCount\":601,\"publisher\":{\"@id\":\"https:\/\/mwc-cmm.org\/en\/#organization\"},\"image\":{\"@id\":\"https:\/\/mwc-cmm.org\/fr\/stories\/un-des-petits-carres\/#primaryimage\"},\"thumbnailUrl\":\"https:\/\/mwc-cmm.org\/wp-content\/uploads\/2024\/11\/20230326karlabraunimg_9903-2-scaled.jpg\",\"articleSection\":[\"Non classifi\u00e9(e)\"],\"inLanguage\":\"fr-FR\"},{\"@type\":\"WebPage\",\"@id\":\"https:\/\/mwc-cmm.org\/fr\/stories\/un-des-petits-carres\/\",\"url\":\"https:\/\/mwc-cmm.org\/fr\/stories\/un-des-petits-carres\/\",\"name\":\"Un des petits carr\u00e9s - Mennonite World Conference\",\"isPartOf\":{\"@id\":\"https:\/\/mwc-cmm.org\/en\/#website\"},\"primaryImageOfPage\":{\"@id\":\"https:\/\/mwc-cmm.org\/fr\/stories\/un-des-petits-carres\/#primaryimage\"},\"image\":{\"@id\":\"https:\/\/mwc-cmm.org\/fr\/stories\/un-des-petits-carres\/#primaryimage\"},\"thumbnailUrl\":\"https:\/\/mwc-cmm.org\/wp-content\/uploads\/2024\/11\/20230326karlabraunimg_9903-2-scaled.jpg\",\"datePublished\":\"2023-09-27T00:00:00+00:00\",\"dateModified\":\"2024-12-10T17:20:39+00:00\",\"breadcrumb\":{\"@id\":\"https:\/\/mwc-cmm.org\/fr\/stories\/un-des-petits-carres\/#breadcrumb\"},\"inLanguage\":\"fr-FR\",\"potentialAction\":[{\"@type\":\"ReadAction\",\"target\":[\"https:\/\/mwc-cmm.org\/fr\/stories\/un-des-petits-carres\/\"]}]},{\"@type\":\"ImageObject\",\"inLanguage\":\"fr-FR\",\"@id\":\"https:\/\/mwc-cmm.org\/fr\/stories\/un-des-petits-carres\/#primaryimage\",\"url\":\"https:\/\/mwc-cmm.org\/wp-content\/uploads\/2024\/11\/20230326karlabraunimg_9903-2-scaled.jpg\",\"contentUrl\":\"https:\/\/mwc-cmm.org\/wp-content\/uploads\/2024\/11\/20230326karlabraunimg_9903-2-scaled.jpg\",\"width\":2560,\"height\":1922},{\"@type\":\"BreadcrumbList\",\"@id\":\"https:\/\/mwc-cmm.org\/fr\/stories\/un-des-petits-carres\/#breadcrumb\",\"itemListElement\":[{\"@type\":\"ListItem\",\"position\":1,\"name\":\"Home\",\"item\":\"https:\/\/mwc-cmm.org\/fr\/\"},{\"@type\":\"ListItem\",\"position\":2,\"name\":\"Un des petits carr\u00e9s\"}]},{\"@type\":\"WebSite\",\"@id\":\"https:\/\/mwc-cmm.org\/en\/#website\",\"url\":\"https:\/\/mwc-cmm.org\/en\/\",\"name\":\"Mennonite World Conference\",\"description\":\"A communion of Anabaptist-related churches\",\"publisher\":{\"@id\":\"https:\/\/mwc-cmm.org\/en\/#organization\"},\"alternateName\":\"MWC\",\"potentialAction\":[{\"@type\":\"SearchAction\",\"target\":{\"@type\":\"EntryPoint\",\"urlTemplate\":\"https:\/\/mwc-cmm.org\/en\/?s={search_term_string}\"},\"query-input\":{\"@type\":\"PropertyValueSpecification\",\"valueRequired\":true,\"valueName\":\"search_term_string\"}}],\"inLanguage\":\"fr-FR\"},{\"@type\":\"Organization\",\"@id\":\"https:\/\/mwc-cmm.org\/en\/#organization\",\"name\":\"Mennonite World Conference\",\"alternateName\":\"MWC\",\"url\":\"https:\/\/mwc-cmm.org\/en\/\",\"logo\":{\"@type\":\"ImageObject\",\"inLanguage\":\"fr-FR\",\"@id\":\"https:\/\/mwc-cmm.org\/en\/#\/schema\/logo\/image\/\",\"url\":\"https:\/\/mwc-cmm.org\/wp-content\/uploads\/2026\/01\/MWC_Sig_Blue_Horiz_webheader1-logo.svg\",\"contentUrl\":\"https:\/\/mwc-cmm.org\/wp-content\/uploads\/2026\/01\/MWC_Sig_Blue_Horiz_webheader1-logo.svg\",\"width\":786,\"height\":82,\"caption\":\"Mennonite World Conference\"},\"image\":{\"@id\":\"https:\/\/mwc-cmm.org\/en\/#\/schema\/logo\/image\/\"},\"sameAs\":[\"https:\/\/www.facebook.com\/MennoniteWorldConference\",\"https:\/\/www.linkedin.com\/company\/mennonite-world-conference-mwc\/\",\"https:\/\/www.instagram.com\/mwcmm\/\",\"https:\/\/www.youtube.com\/user\/mwccmm\",\"https:\/\/bsky.app\/profile\/mwcmm.bsky.social\"]},{\"@type\":\"Person\",\"@id\":\"https:\/\/mwc-cmm.org\/en\/#\/schema\/person\/11f6ae0d7d1868ba20a1cc27f067c836\",\"name\":\"mennworldcon\",\"image\":{\"@type\":\"ImageObject\",\"inLanguage\":\"fr-FR\",\"@id\":\"https:\/\/secure.gravatar.com\/avatar\/06fdc0dc81c157dfdb82ec42f252178a22307808988d22c043f9eb96f1e0fe80?s=96&d=mm&r=g\",\"url\":\"https:\/\/secure.gravatar.com\/avatar\/06fdc0dc81c157dfdb82ec42f252178a22307808988d22c043f9eb96f1e0fe80?s=96&d=mm&r=g\",\"contentUrl\":\"https:\/\/secure.gravatar.com\/avatar\/06fdc0dc81c157dfdb82ec42f252178a22307808988d22c043f9eb96f1e0fe80?s=96&d=mm&r=g\",\"caption\":\"mennworldcon\"},\"sameAs\":[\"https:\/\/mwc-cmm.org\"],\"url\":\"https:\/\/mwc-cmm.org\/fr\/stories\/author\/mennworldcon\/\"}]}<\/script>\n<!-- \/ Yoast SEO plugin. -->","yoast_head_json":{"title":"Un des petits carr\u00e9s - Mennonite World Conference","robots":{"index":"index","follow":"follow","max-snippet":"max-snippet:-1","max-image-preview":"max-image-preview:large","max-video-preview":"max-video-preview:-1"},"canonical":"https:\/\/mwc-cmm.org\/fr\/stories\/un-des-petits-carres\/","og_locale":"fr_FR","og_type":"article","og_title":"Un des petits carr\u00e9s - Mennonite World Conference","og_description":"La cr\u00e9ation est immense, c\u2019est un tr\u00e8s grand tableau. Un regard rapide, de loin, nous montre un seul tableau ; mais lorsqu\u2019on s\u2019approche et qu\u2019on observe de tr\u00e8s pr\u00e8s, on d\u00e9couvre que ce tableau apparemment uni est compos\u00e9 de millions de petits carr\u00e9s, et que je suis l\u2019un de ces petits carr\u00e9s.&nbsp;&nbsp;","og_url":"https:\/\/mwc-cmm.org\/fr\/stories\/un-des-petits-carres\/","og_site_name":"Mennonite World Conference","article_publisher":"https:\/\/www.facebook.com\/MennoniteWorldConference","article_published_time":"2023-09-27T00:00:00+00:00","article_modified_time":"2024-12-10T17:20:39+00:00","og_image":[{"width":2560,"height":1922,"url":"https:\/\/mwc-cmm.org\/wp-content\/uploads\/2024\/11\/20230326karlabraunimg_9903-2-scaled.jpg","type":"image\/jpeg"}],"author":"mennworldcon","schema":{"@context":"https:\/\/schema.org","@graph":[{"@type":"Article","@id":"https:\/\/mwc-cmm.org\/fr\/stories\/un-des-petits-carres\/#article","isPartOf":{"@id":"https:\/\/mwc-cmm.org\/fr\/stories\/un-des-petits-carres\/"},"author":{"name":"mennworldcon","@id":"https:\/\/mwc-cmm.org\/en\/#\/schema\/person\/11f6ae0d7d1868ba20a1cc27f067c836"},"headline":"Un des petits carr\u00e9s","datePublished":"2023-09-27T00:00:00+00:00","dateModified":"2024-12-10T17:20:39+00:00","mainEntityOfPage":{"@id":"https:\/\/mwc-cmm.org\/fr\/stories\/un-des-petits-carres\/"},"wordCount":601,"publisher":{"@id":"https:\/\/mwc-cmm.org\/en\/#organization"},"image":{"@id":"https:\/\/mwc-cmm.org\/fr\/stories\/un-des-petits-carres\/#primaryimage"},"thumbnailUrl":"https:\/\/mwc-cmm.org\/wp-content\/uploads\/2024\/11\/20230326karlabraunimg_9903-2-scaled.jpg","articleSection":["Non classifi\u00e9(e)"],"inLanguage":"fr-FR"},{"@type":"WebPage","@id":"https:\/\/mwc-cmm.org\/fr\/stories\/un-des-petits-carres\/","url":"https:\/\/mwc-cmm.org\/fr\/stories\/un-des-petits-carres\/","name":"Un des petits carr\u00e9s - Mennonite World Conference","isPartOf":{"@id":"https:\/\/mwc-cmm.org\/en\/#website"},"primaryImageOfPage":{"@id":"https:\/\/mwc-cmm.org\/fr\/stories\/un-des-petits-carres\/#primaryimage"},"image":{"@id":"https:\/\/mwc-cmm.org\/fr\/stories\/un-des-petits-carres\/#primaryimage"},"thumbnailUrl":"https:\/\/mwc-cmm.org\/wp-content\/uploads\/2024\/11\/20230326karlabraunimg_9903-2-scaled.jpg","datePublished":"2023-09-27T00:00:00+00:00","dateModified":"2024-12-10T17:20:39+00:00","breadcrumb":{"@id":"https:\/\/mwc-cmm.org\/fr\/stories\/un-des-petits-carres\/#breadcrumb"},"inLanguage":"fr-FR","potentialAction":[{"@type":"ReadAction","target":["https:\/\/mwc-cmm.org\/fr\/stories\/un-des-petits-carres\/"]}]},{"@type":"ImageObject","inLanguage":"fr-FR","@id":"https:\/\/mwc-cmm.org\/fr\/stories\/un-des-petits-carres\/#primaryimage","url":"https:\/\/mwc-cmm.org\/wp-content\/uploads\/2024\/11\/20230326karlabraunimg_9903-2-scaled.jpg","contentUrl":"https:\/\/mwc-cmm.org\/wp-content\/uploads\/2024\/11\/20230326karlabraunimg_9903-2-scaled.jpg","width":2560,"height":1922},{"@type":"BreadcrumbList","@id":"https:\/\/mwc-cmm.org\/fr\/stories\/un-des-petits-carres\/#breadcrumb","itemListElement":[{"@type":"ListItem","position":1,"name":"Home","item":"https:\/\/mwc-cmm.org\/fr\/"},{"@type":"ListItem","position":2,"name":"Un des petits carr\u00e9s"}]},{"@type":"WebSite","@id":"https:\/\/mwc-cmm.org\/en\/#website","url":"https:\/\/mwc-cmm.org\/en\/","name":"Mennonite World Conference","description":"A communion of Anabaptist-related churches","publisher":{"@id":"https:\/\/mwc-cmm.org\/en\/#organization"},"alternateName":"MWC","potentialAction":[{"@type":"SearchAction","target":{"@type":"EntryPoint","urlTemplate":"https:\/\/mwc-cmm.org\/en\/?s={search_term_string}"},"query-input":{"@type":"PropertyValueSpecification","valueRequired":true,"valueName":"search_term_string"}}],"inLanguage":"fr-FR"},{"@type":"Organization","@id":"https:\/\/mwc-cmm.org\/en\/#organization","name":"Mennonite World Conference","alternateName":"MWC","url":"https:\/\/mwc-cmm.org\/en\/","logo":{"@type":"ImageObject","inLanguage":"fr-FR","@id":"https:\/\/mwc-cmm.org\/en\/#\/schema\/logo\/image\/","url":"https:\/\/mwc-cmm.org\/wp-content\/uploads\/2026\/01\/MWC_Sig_Blue_Horiz_webheader1-logo.svg","contentUrl":"https:\/\/mwc-cmm.org\/wp-content\/uploads\/2026\/01\/MWC_Sig_Blue_Horiz_webheader1-logo.svg","width":786,"height":82,"caption":"Mennonite World Conference"},"image":{"@id":"https:\/\/mwc-cmm.org\/en\/#\/schema\/logo\/image\/"},"sameAs":["https:\/\/www.facebook.com\/MennoniteWorldConference","https:\/\/www.linkedin.com\/company\/mennonite-world-conference-mwc\/","https:\/\/www.instagram.com\/mwcmm\/","https:\/\/www.youtube.com\/user\/mwccmm","https:\/\/bsky.app\/profile\/mwcmm.bsky.social"]},{"@type":"Person","@id":"https:\/\/mwc-cmm.org\/en\/#\/schema\/person\/11f6ae0d7d1868ba20a1cc27f067c836","name":"mennworldcon","image":{"@type":"ImageObject","inLanguage":"fr-FR","@id":"https:\/\/secure.gravatar.com\/avatar\/06fdc0dc81c157dfdb82ec42f252178a22307808988d22c043f9eb96f1e0fe80?s=96&d=mm&r=g","url":"https:\/\/secure.gravatar.com\/avatar\/06fdc0dc81c157dfdb82ec42f252178a22307808988d22c043f9eb96f1e0fe80?s=96&d=mm&r=g","contentUrl":"https:\/\/secure.gravatar.com\/avatar\/06fdc0dc81c157dfdb82ec42f252178a22307808988d22c043f9eb96f1e0fe80?s=96&d=mm&r=g","caption":"mennworldcon"},"sameAs":["https:\/\/mwc-cmm.org"],"url":"https:\/\/mwc-cmm.org\/fr\/stories\/author\/mennworldcon\/"}]}},"_links":{"self":[{"href":"https:\/\/mwc-cmm.org\/fr\/wp-json\/wp\/v2\/posts\/10574","targetHints":{"allow":["GET"]}}],"collection":[{"href":"https:\/\/mwc-cmm.org\/fr\/wp-json\/wp\/v2\/posts"}],"about":[{"href":"https:\/\/mwc-cmm.org\/fr\/wp-json\/wp\/v2\/types\/post"}],"author":[{"embeddable":true,"href":"https:\/\/mwc-cmm.org\/fr\/wp-json\/wp\/v2\/users\/1"}],"replies":[{"embeddable":true,"href":"https:\/\/mwc-cmm.org\/fr\/wp-json\/wp\/v2\/comments?post=10574"}],"version-history":[{"count":0,"href":"https:\/\/mwc-cmm.org\/fr\/wp-json\/wp\/v2\/posts\/10574\/revisions"}],"wp:featuredmedia":[{"embeddable":true,"href":"https:\/\/mwc-cmm.org\/fr\/wp-json\/wp\/v2\/media\/97376"}],"wp:attachment":[{"href":"https:\/\/mwc-cmm.org\/fr\/wp-json\/wp\/v2\/media?parent=10574"}],"wp:term":[{"taxonomy":"category","embeddable":true,"href":"https:\/\/mwc-cmm.org\/fr\/wp-json\/wp\/v2\/categories?post=10574"},{"taxonomy":"post_tag","embeddable":true,"href":"https:\/\/mwc-cmm.org\/fr\/wp-json\/wp\/v2\/tags?post=10574"},{"taxonomy":"network","embeddable":true,"href":"https:\/\/mwc-cmm.org\/fr\/wp-json\/wp\/v2\/network?post=10574"},{"taxonomy":"eventcategory","embeddable":true,"href":"https:\/\/mwc-cmm.org\/fr\/wp-json\/wp\/v2\/eventcategory?post=10574"}],"curies":[{"name":"wp","href":"https:\/\/api.w.org\/{rel}","templated":true}]}}