{"id":10569,"date":"2023-09-21T00:00:00","date_gmt":"2023-09-21T00:00:00","guid":{"rendered":"https:\/\/mwc-cmm.org\/anabaptists-on-the-streets-of-zurich-3\/"},"modified":"2024-12-10T17:20:37","modified_gmt":"2024-12-10T17:20:37","slug":"des-anabaptistes-dans-les-rues-de-zurich","status":"publish","type":"post","link":"https:\/\/mwc-cmm.org\/fr\/stories\/des-anabaptistes-dans-les-rues-de-zurich\/","title":{"rendered":"Des anabaptistes dans les rues de Zurich"},"content":{"rendered":"<h2>Des conf\u00e9rences, des discussions, de l\u2019art et des cultes pour la comm\u00e9moration des 500 ans&nbsp;<\/h2>\n<p>A l\u2019ombre de la Grossm\u00fcnster (cath\u00e9drale), la principale \u00e9glise catholique de Zurich, un groupe de jeunes se sont jadis rassembl\u00e9s dans une maison pour commettre un acte de subversion&nbsp;: un bapt\u00eame d\u2019adulte.&nbsp;<\/p>\n<p>Leur \u00e9tude de la Bible les avait conduits \u00e0 des compr\u00e9hensions diff\u00e9rentes de celles de l\u2019\u00c9glise d\u2019\u00c9tat. Selon eux, le bapt\u00eame \u00e9tait le symbole de leur d\u00e9cision consciente de se soumettre \u00e0 la seigneurie de J\u00e9sus-Christ et de suivre son exemple dans la vie \u2013 un engagement que seul un adulte peut prendre. Cette d\u00e9cision remettait en question la pratique mill\u00e9naire de l\u2019\u00c9glise catholique consistant \u00e0 baptiser les nourrissons.&nbsp;<\/p>\n<p>Cet acte radical, le 21&nbsp;janvier&nbsp;1525, marque le d\u00e9but symbolique de ce qui deviendra le mouvement anabaptiste (les \u2018rebaptiseurs\u2019). Aujourd\u2019hui, il s\u2019est d\u00e9velopp\u00e9 et compte quelques <a href=\"https:\/\/mwc-cmm.org\/fr\/carte-statistiques\">2,13 millions de croyants dans plus de 80 pays \u00e0 travers le monde.&nbsp;<\/a><\/p>\n<p>Le&nbsp;29 mai 2025, la Conf\u00e9rence Mennonite Mondiale invite des personnes du monde entier \u00e0 se rassembler \u00e0 Zurich pour comm\u00e9morer ce d\u00e9but. \u2018Le Courage d\u2019aimer\u2019, th\u00e8me de l\u2019\u00e9v\u00e9nement, caract\u00e9rise cette histoire et c\u00e9l\u00e8bre son \u00e9volution jusqu\u2019\u00e0 aujourd\u2019hui. Des hauts-fonctionnaires locaux et des responsables d\u2019\u00e9glises de traditions proches sont aussi invit\u00e9s.&nbsp;<\/p>\n<p>\u00ab&nbsp;Ce jour-l\u00e0, les anabaptistes seront visibles dans les rues de Zurich&nbsp;\u00bb, dit Liesa Unger, responsable des \u00e9v\u00e9nements internationaux de la CMM.&nbsp;<\/p>\n<p>Tout au long d\u2019une visite \u00e0 pied de la ville, on pourra s\u2019arr\u00eater \u00e0 diff\u00e9rents endroits comm\u00e9morant des \u00e9v\u00e9nements historiques et refl\u00e9tant l\u2019\u00c9glise contemporaine. Ateliers, concerts musicaux, repr\u00e9sentations th\u00e9\u00e2trales, tables rondes et bien plus encore, seront dispers\u00e9s dans tout le centre-ville.&nbsp;<\/p>\n<p>La journ\u00e9e se terminera par un culte \u0153cum\u00e9nique qui c\u00e9l\u00e9brera les nombreuses \u00e9tapes vers la r\u00e9conciliation ayant eu lieu au cours des derni\u00e8res d\u00e9cennies et qui sera aussi un acte de t\u00e9moignage public. Le culte final sera diffus\u00e9 en direct.&nbsp;<\/p>\n<table style=\"width:100%\">\n<tbody>\n<tr>\n<td style=\"border-color:rgb(255, 255, 255)\">\n<div style=\"text-align:center\">\n<figure class=\"image\" style=\"display:inline-block\"><img decoding=\"async\" alt=\"\" height=\"300\" data-src=\"https:\/\/mwc-cmm.org\/wp-content\/uploads\/2024\/10\/20220709tizbrotosudarmoimg_5341-scaled.jpg\" width=\"450\" src=\"data:image\/svg+xml;base64,PHN2ZyB3aWR0aD0iMSIgaGVpZ2h0PSIxIiB4bWxucz0iaHR0cDovL3d3dy53My5vcmcvMjAwMC9zdmciPjwvc3ZnPg==\" class=\"lazyload\" style=\"--smush-placeholder-width: 450px; --smush-placeholder-aspect-ratio: 450\/300;\"><figcaption>Rashard Allen<\/figcaption><\/figure>\n<\/p><\/div>\n<\/td>\n<td style=\"border-color:rgb(255, 255, 255)\">\n<div style=\"text-align:center\">\n<figure class=\"image\" style=\"display:inline-block\"><img decoding=\"async\" alt=\"\" height=\"300\" data-src=\"https:\/\/mwc-cmm.org\/wp-content\/uploads\/2024\/10\/20220705tizbrotosudarmoimg_5055-scaled.jpg\" width=\"450\" src=\"data:image\/svg+xml;base64,PHN2ZyB3aWR0aD0iMSIgaGVpZ2h0PSIxIiB4bWxucz0iaHR0cDovL3d3dy53My5vcmcvMjAwMC9zdmciPjwvc3ZnPg==\" class=\"lazyload\" style=\"--smush-placeholder-width: 450px; --smush-placeholder-aspect-ratio: 450\/300;\"><figcaption>Deborah Prabu<\/figcaption><\/figure>\n<\/p><\/div>\n<\/td>\n<\/tr>\n<\/tbody>\n<\/table>\n<p>Rashard Allen (\u00c9tats-Unis), de l\u2019ensemble international d\u2019Indon\u00e9sie, coordonne la participation des chorales \u00e0 l\u2019\u00e9v\u00e9nement, une pour chacune des cinq r\u00e9gions. Deborah Prabu (Indon\u00e9sie), responsable du culte de la <a href=\"https:\/\/mwc-cmm.org\/fr\/resources\/assemblee-17-indonesie-2022-chansons\">17e Assembl\u00e9e<\/a>, coordonne l\u2019ensemble international qui conduira le chant des participants au culte.&nbsp;&nbsp;<\/p>\n<p>\u00ab&nbsp;Nous voulons mettre un fort accent historique pour expliquer pourquoi nous nous r\u00e9unissons \u00e0 Zurich. Mais nous donnerons plus d\u2019importance encore \u00e0 l\u2019avenir \u00bb, dit l\u2019historien et coordinateur de Renouveau 2025,&nbsp;\u00bb dit John D. Roth. \u00ab&nbsp;Le mouvement anabaptiste continue d\u2019\u00eatre dynamique, diversifi\u00e9 et cr\u00e9atif dans le partage de l\u2019\u00c9vangile dans de nombreux contextes culturels.&nbsp;\u00bb&nbsp;<\/p>\n<p>Les d\u00e9l\u00e9gu\u00e9s du Conseil g\u00e9n\u00e9ral seront encourag\u00e9s \u00e0 organiser des \u00e9v\u00e9nements locaux pour pr\u00e9senter les racines historiques de l\u2019anabaptisme et recueillir des t\u00e9moignages de la foi anabaptiste v\u00e9cue dans leur contexte.&nbsp;<\/p>\n<p>Consultez le site internet de la CMM pour d\u00e9couvrir les nouvelles informations concernant la comm\u00e9moration de ce cinq centi\u00e8me anniversaire.<\/p>\n<p><a data-flickr-embed=\"true\" href=\"https:\/\/www.flickr.com\/photos\/mwcmm\/albums\/72177720311411684\" title=\"2025 Renewal: The courage to love\"><img decoding=\"async\" alt=\"2025 Renewal: The courage to love\" height=\"480\" data-src=\"https:\/\/mwc-cmm.org\/wp-content\/uploads\/2024\/12\/53206535216_3c1473a974.jpg\" width=\"640\" src=\"data:image\/svg+xml;base64,PHN2ZyB3aWR0aD0iMSIgaGVpZ2h0PSIxIiB4bWxucz0iaHR0cDovL3d3dy53My5vcmcvMjAwMC9zdmciPjwvc3ZnPg==\" class=\"lazyload\" style=\"--smush-placeholder-width: 640px; --smush-placeholder-aspect-ratio: 640\/480;\"><\/a><script async=\"\" src=\"\/\/embedr.flickr.com\/assets\/client-code.js\" charset=\"utf-8\"><\/script><\/p>\n","protected":false},"excerpt":{"rendered":"<p>Le&nbsp;29 mai 2025, la Conf\u00e9rence Mennonite Mondiale invite des personnes du monde entier \u00e0 se rassembler \u00e0 Zurich pour comm\u00e9morer ce d\u00e9but. \u2018Le Courage d\u2019aimer\u2019, th\u00e8me de l\u2019\u00e9v\u00e9nement, caract\u00e9rise cette histoire et c\u00e9l\u00e8bre son \u00e9volution jusqu\u2019\u00e0 aujourd\u2019hui. Des hauts-fonctionnaires locaux et des responsables d\u2019\u00e9glises de traditions proches sont aussi invit\u00e9s.&nbsp;<\/p>\n","protected":false},"author":1,"featured_media":97348,"comment_status":"closed","ping_status":"closed","sticky":false,"template":"","format":"standard","meta":{"_acf_changed":false,"footnotes":""},"categories":[7],"tags":[516,515,446],"network":[],"eventcategory":[1510,1485],"class_list":["post-10569","post","type-post","status-publish","format-standard","has-post-thumbnail","hentry","category-non-classifiee","tag-500-fr","tag-anniversaire","tag-the-courage-to-love-fr","eventcategory-500-the-courage-to-love-fr","eventcategory-renewal-2028-fr"],"acf":[],"yoast_head":"<!-- This site is optimized with the Yoast SEO plugin v27.5 - https:\/\/yoast.com\/product\/yoast-seo-wordpress\/ -->\n<title>Des anabaptistes dans les rues de Zurich - Mennonite World Conference<\/title>\n<meta name=\"robots\" content=\"index, follow, max-snippet:-1, max-image-preview:large, max-video-preview:-1\" \/>\n<link rel=\"canonical\" href=\"https:\/\/mwc-cmm.org\/fr\/stories\/des-anabaptistes-dans-les-rues-de-zurich\/\" \/>\n<meta property=\"og:locale\" content=\"fr_FR\" \/>\n<meta property=\"og:type\" content=\"article\" \/>\n<meta property=\"og:title\" content=\"Des anabaptistes dans les rues de Zurich - Mennonite World Conference\" \/>\n<meta property=\"og:description\" content=\"Le&nbsp;29 mai 2025, la Conf\u00e9rence Mennonite Mondiale invite des personnes du monde entier \u00e0 se rassembler \u00e0 Zurich pour comm\u00e9morer ce d\u00e9but. \u2018Le Courage d\u2019aimer\u2019, th\u00e8me de l\u2019\u00e9v\u00e9nement, caract\u00e9rise cette histoire et c\u00e9l\u00e8bre son \u00e9volution jusqu\u2019\u00e0 aujourd\u2019hui. Des hauts-fonctionnaires locaux et des responsables d\u2019\u00e9glises de traditions proches sont aussi invit\u00e9s.&nbsp;\" \/>\n<meta property=\"og:url\" content=\"https:\/\/mwc-cmm.org\/fr\/stories\/des-anabaptistes-dans-les-rues-de-zurich\/\" \/>\n<meta property=\"og:site_name\" content=\"Mennonite World Conference\" \/>\n<meta property=\"article:publisher\" content=\"https:\/\/www.facebook.com\/MennoniteWorldConference\" \/>\n<meta property=\"article:published_time\" content=\"2023-09-21T00:00:00+00:00\" \/>\n<meta property=\"article:modified_time\" content=\"2024-12-10T17:20:37+00:00\" \/>\n<meta property=\"og:image\" content=\"https:\/\/mwc-cmm.org\/wp-content\/uploads\/2024\/11\/a6_en_postcard_front_rev.jpg\" \/>\n\t<meta property=\"og:image:width\" content=\"1748\" \/>\n\t<meta property=\"og:image:height\" content=\"1240\" \/>\n\t<meta property=\"og:image:type\" content=\"image\/jpeg\" \/>\n<meta name=\"author\" content=\"mennworldcon\" \/>\n<script type=\"application\/ld+json\" class=\"yoast-schema-graph\">{\"@context\":\"https:\\\/\\\/schema.org\",\"@graph\":[{\"@type\":\"Article\",\"@id\":\"https:\\\/\\\/mwc-cmm.org\\\/fr\\\/stories\\\/des-anabaptistes-dans-les-rues-de-zurich\\\/#article\",\"isPartOf\":{\"@id\":\"https:\\\/\\\/mwc-cmm.org\\\/fr\\\/stories\\\/des-anabaptistes-dans-les-rues-de-zurich\\\/\"},\"author\":{\"name\":\"mennworldcon\",\"@id\":\"https:\\\/\\\/mwc-cmm.org\\\/en\\\/#\\\/schema\\\/person\\\/11f6ae0d7d1868ba20a1cc27f067c836\"},\"headline\":\"Des anabaptistes dans les rues de Zurich\",\"datePublished\":\"2023-09-21T00:00:00+00:00\",\"dateModified\":\"2024-12-10T17:20:37+00:00\",\"mainEntityOfPage\":{\"@id\":\"https:\\\/\\\/mwc-cmm.org\\\/fr\\\/stories\\\/des-anabaptistes-dans-les-rues-de-zurich\\\/\"},\"wordCount\":552,\"publisher\":{\"@id\":\"https:\\\/\\\/mwc-cmm.org\\\/en\\\/#organization\"},\"image\":{\"@id\":\"https:\\\/\\\/mwc-cmm.org\\\/fr\\\/stories\\\/des-anabaptistes-dans-les-rues-de-zurich\\\/#primaryimage\"},\"thumbnailUrl\":\"https:\\\/\\\/mwc-cmm.org\\\/wp-content\\\/uploads\\\/2024\\\/11\\\/a6_en_postcard_front_rev.jpg\",\"keywords\":[\"500\",\"anniversaire\",\"The Courage to Love\"],\"articleSection\":[\"Non classifi\u00e9(e)\"],\"inLanguage\":\"fr-FR\"},{\"@type\":\"WebPage\",\"@id\":\"https:\\\/\\\/mwc-cmm.org\\\/fr\\\/stories\\\/des-anabaptistes-dans-les-rues-de-zurich\\\/\",\"url\":\"https:\\\/\\\/mwc-cmm.org\\\/fr\\\/stories\\\/des-anabaptistes-dans-les-rues-de-zurich\\\/\",\"name\":\"Des anabaptistes dans les rues de Zurich - Mennonite World Conference\",\"isPartOf\":{\"@id\":\"https:\\\/\\\/mwc-cmm.org\\\/en\\\/#website\"},\"primaryImageOfPage\":{\"@id\":\"https:\\\/\\\/mwc-cmm.org\\\/fr\\\/stories\\\/des-anabaptistes-dans-les-rues-de-zurich\\\/#primaryimage\"},\"image\":{\"@id\":\"https:\\\/\\\/mwc-cmm.org\\\/fr\\\/stories\\\/des-anabaptistes-dans-les-rues-de-zurich\\\/#primaryimage\"},\"thumbnailUrl\":\"https:\\\/\\\/mwc-cmm.org\\\/wp-content\\\/uploads\\\/2024\\\/11\\\/a6_en_postcard_front_rev.jpg\",\"datePublished\":\"2023-09-21T00:00:00+00:00\",\"dateModified\":\"2024-12-10T17:20:37+00:00\",\"breadcrumb\":{\"@id\":\"https:\\\/\\\/mwc-cmm.org\\\/fr\\\/stories\\\/des-anabaptistes-dans-les-rues-de-zurich\\\/#breadcrumb\"},\"inLanguage\":\"fr-FR\",\"potentialAction\":[{\"@type\":\"ReadAction\",\"target\":[\"https:\\\/\\\/mwc-cmm.org\\\/fr\\\/stories\\\/des-anabaptistes-dans-les-rues-de-zurich\\\/\"]}]},{\"@type\":\"ImageObject\",\"inLanguage\":\"fr-FR\",\"@id\":\"https:\\\/\\\/mwc-cmm.org\\\/fr\\\/stories\\\/des-anabaptistes-dans-les-rues-de-zurich\\\/#primaryimage\",\"url\":\"https:\\\/\\\/mwc-cmm.org\\\/wp-content\\\/uploads\\\/2024\\\/11\\\/a6_en_postcard_front_rev.jpg\",\"contentUrl\":\"https:\\\/\\\/mwc-cmm.org\\\/wp-content\\\/uploads\\\/2024\\\/11\\\/a6_en_postcard_front_rev.jpg\",\"width\":1748,\"height\":1240},{\"@type\":\"BreadcrumbList\",\"@id\":\"https:\\\/\\\/mwc-cmm.org\\\/fr\\\/stories\\\/des-anabaptistes-dans-les-rues-de-zurich\\\/#breadcrumb\",\"itemListElement\":[{\"@type\":\"ListItem\",\"position\":1,\"name\":\"Home\",\"item\":\"https:\\\/\\\/mwc-cmm.org\\\/fr\\\/\"},{\"@type\":\"ListItem\",\"position\":2,\"name\":\"Des anabaptistes dans les rues de Zurich\"}]},{\"@type\":\"WebSite\",\"@id\":\"https:\\\/\\\/mwc-cmm.org\\\/en\\\/#website\",\"url\":\"https:\\\/\\\/mwc-cmm.org\\\/en\\\/\",\"name\":\"Mennonite World Conference\",\"description\":\"A communion of Anabaptist-related churches\",\"publisher\":{\"@id\":\"https:\\\/\\\/mwc-cmm.org\\\/en\\\/#organization\"},\"alternateName\":\"MWC\",\"potentialAction\":[{\"@type\":\"SearchAction\",\"target\":{\"@type\":\"EntryPoint\",\"urlTemplate\":\"https:\\\/\\\/mwc-cmm.org\\\/en\\\/?s={search_term_string}\"},\"query-input\":{\"@type\":\"PropertyValueSpecification\",\"valueRequired\":true,\"valueName\":\"search_term_string\"}}],\"inLanguage\":\"fr-FR\"},{\"@type\":\"Organization\",\"@id\":\"https:\\\/\\\/mwc-cmm.org\\\/en\\\/#organization\",\"name\":\"Mennonite World Conference\",\"alternateName\":\"MWC\",\"url\":\"https:\\\/\\\/mwc-cmm.org\\\/en\\\/\",\"logo\":{\"@type\":\"ImageObject\",\"inLanguage\":\"fr-FR\",\"@id\":\"https:\\\/\\\/mwc-cmm.org\\\/en\\\/#\\\/schema\\\/logo\\\/image\\\/\",\"url\":\"https:\\\/\\\/mwc-cmm.org\\\/wp-content\\\/uploads\\\/2026\\\/01\\\/MWC_Sig_Blue_Horiz_webheader1-logo.svg\",\"contentUrl\":\"https:\\\/\\\/mwc-cmm.org\\\/wp-content\\\/uploads\\\/2026\\\/01\\\/MWC_Sig_Blue_Horiz_webheader1-logo.svg\",\"width\":786,\"height\":82,\"caption\":\"Mennonite World Conference\"},\"image\":{\"@id\":\"https:\\\/\\\/mwc-cmm.org\\\/en\\\/#\\\/schema\\\/logo\\\/image\\\/\"},\"sameAs\":[\"https:\\\/\\\/www.facebook.com\\\/MennoniteWorldConference\",\"https:\\\/\\\/www.linkedin.com\\\/company\\\/mennonite-world-conference-mwc\\\/\",\"https:\\\/\\\/www.instagram.com\\\/mwcmm\\\/\",\"https:\\\/\\\/www.youtube.com\\\/user\\\/mwccmm\",\"https:\\\/\\\/bsky.app\\\/profile\\\/mwcmm.bsky.social\"]},{\"@type\":\"Person\",\"@id\":\"https:\\\/\\\/mwc-cmm.org\\\/en\\\/#\\\/schema\\\/person\\\/11f6ae0d7d1868ba20a1cc27f067c836\",\"name\":\"mennworldcon\",\"image\":{\"@type\":\"ImageObject\",\"inLanguage\":\"fr-FR\",\"@id\":\"https:\\\/\\\/secure.gravatar.com\\\/avatar\\\/06fdc0dc81c157dfdb82ec42f252178a22307808988d22c043f9eb96f1e0fe80?s=96&d=mm&r=g\",\"url\":\"https:\\\/\\\/secure.gravatar.com\\\/avatar\\\/06fdc0dc81c157dfdb82ec42f252178a22307808988d22c043f9eb96f1e0fe80?s=96&d=mm&r=g\",\"contentUrl\":\"https:\\\/\\\/secure.gravatar.com\\\/avatar\\\/06fdc0dc81c157dfdb82ec42f252178a22307808988d22c043f9eb96f1e0fe80?s=96&d=mm&r=g\",\"caption\":\"mennworldcon\"},\"sameAs\":[\"https:\\\/\\\/mwc-cmm.org\"],\"url\":\"https:\\\/\\\/mwc-cmm.org\\\/fr\\\/stories\\\/author\\\/mennworldcon\\\/\"}]}<\/script>\n<!-- \/ Yoast SEO plugin. -->","yoast_head_json":{"title":"Des anabaptistes dans les rues de Zurich - Mennonite World Conference","robots":{"index":"index","follow":"follow","max-snippet":"max-snippet:-1","max-image-preview":"max-image-preview:large","max-video-preview":"max-video-preview:-1"},"canonical":"https:\/\/mwc-cmm.org\/fr\/stories\/des-anabaptistes-dans-les-rues-de-zurich\/","og_locale":"fr_FR","og_type":"article","og_title":"Des anabaptistes dans les rues de Zurich - Mennonite World Conference","og_description":"Le&nbsp;29 mai 2025, la Conf\u00e9rence Mennonite Mondiale invite des personnes du monde entier \u00e0 se rassembler \u00e0 Zurich pour comm\u00e9morer ce d\u00e9but. \u2018Le Courage d\u2019aimer\u2019, th\u00e8me de l\u2019\u00e9v\u00e9nement, caract\u00e9rise cette histoire et c\u00e9l\u00e8bre son \u00e9volution jusqu\u2019\u00e0 aujourd\u2019hui. Des hauts-fonctionnaires locaux et des responsables d\u2019\u00e9glises de traditions proches sont aussi invit\u00e9s.&nbsp;","og_url":"https:\/\/mwc-cmm.org\/fr\/stories\/des-anabaptistes-dans-les-rues-de-zurich\/","og_site_name":"Mennonite World Conference","article_publisher":"https:\/\/www.facebook.com\/MennoniteWorldConference","article_published_time":"2023-09-21T00:00:00+00:00","article_modified_time":"2024-12-10T17:20:37+00:00","og_image":[{"width":1748,"height":1240,"url":"https:\/\/mwc-cmm.org\/wp-content\/uploads\/2024\/11\/a6_en_postcard_front_rev.jpg","type":"image\/jpeg"}],"author":"mennworldcon","schema":{"@context":"https:\/\/schema.org","@graph":[{"@type":"Article","@id":"https:\/\/mwc-cmm.org\/fr\/stories\/des-anabaptistes-dans-les-rues-de-zurich\/#article","isPartOf":{"@id":"https:\/\/mwc-cmm.org\/fr\/stories\/des-anabaptistes-dans-les-rues-de-zurich\/"},"author":{"name":"mennworldcon","@id":"https:\/\/mwc-cmm.org\/en\/#\/schema\/person\/11f6ae0d7d1868ba20a1cc27f067c836"},"headline":"Des anabaptistes dans les rues de Zurich","datePublished":"2023-09-21T00:00:00+00:00","dateModified":"2024-12-10T17:20:37+00:00","mainEntityOfPage":{"@id":"https:\/\/mwc-cmm.org\/fr\/stories\/des-anabaptistes-dans-les-rues-de-zurich\/"},"wordCount":552,"publisher":{"@id":"https:\/\/mwc-cmm.org\/en\/#organization"},"image":{"@id":"https:\/\/mwc-cmm.org\/fr\/stories\/des-anabaptistes-dans-les-rues-de-zurich\/#primaryimage"},"thumbnailUrl":"https:\/\/mwc-cmm.org\/wp-content\/uploads\/2024\/11\/a6_en_postcard_front_rev.jpg","keywords":["500","anniversaire","The Courage to Love"],"articleSection":["Non classifi\u00e9(e)"],"inLanguage":"fr-FR"},{"@type":"WebPage","@id":"https:\/\/mwc-cmm.org\/fr\/stories\/des-anabaptistes-dans-les-rues-de-zurich\/","url":"https:\/\/mwc-cmm.org\/fr\/stories\/des-anabaptistes-dans-les-rues-de-zurich\/","name":"Des anabaptistes dans les rues de Zurich - Mennonite World Conference","isPartOf":{"@id":"https:\/\/mwc-cmm.org\/en\/#website"},"primaryImageOfPage":{"@id":"https:\/\/mwc-cmm.org\/fr\/stories\/des-anabaptistes-dans-les-rues-de-zurich\/#primaryimage"},"image":{"@id":"https:\/\/mwc-cmm.org\/fr\/stories\/des-anabaptistes-dans-les-rues-de-zurich\/#primaryimage"},"thumbnailUrl":"https:\/\/mwc-cmm.org\/wp-content\/uploads\/2024\/11\/a6_en_postcard_front_rev.jpg","datePublished":"2023-09-21T00:00:00+00:00","dateModified":"2024-12-10T17:20:37+00:00","breadcrumb":{"@id":"https:\/\/mwc-cmm.org\/fr\/stories\/des-anabaptistes-dans-les-rues-de-zurich\/#breadcrumb"},"inLanguage":"fr-FR","potentialAction":[{"@type":"ReadAction","target":["https:\/\/mwc-cmm.org\/fr\/stories\/des-anabaptistes-dans-les-rues-de-zurich\/"]}]},{"@type":"ImageObject","inLanguage":"fr-FR","@id":"https:\/\/mwc-cmm.org\/fr\/stories\/des-anabaptistes-dans-les-rues-de-zurich\/#primaryimage","url":"https:\/\/mwc-cmm.org\/wp-content\/uploads\/2024\/11\/a6_en_postcard_front_rev.jpg","contentUrl":"https:\/\/mwc-cmm.org\/wp-content\/uploads\/2024\/11\/a6_en_postcard_front_rev.jpg","width":1748,"height":1240},{"@type":"BreadcrumbList","@id":"https:\/\/mwc-cmm.org\/fr\/stories\/des-anabaptistes-dans-les-rues-de-zurich\/#breadcrumb","itemListElement":[{"@type":"ListItem","position":1,"name":"Home","item":"https:\/\/mwc-cmm.org\/fr\/"},{"@type":"ListItem","position":2,"name":"Des anabaptistes dans les rues de Zurich"}]},{"@type":"WebSite","@id":"https:\/\/mwc-cmm.org\/en\/#website","url":"https:\/\/mwc-cmm.org\/en\/","name":"Mennonite World Conference","description":"A communion of Anabaptist-related churches","publisher":{"@id":"https:\/\/mwc-cmm.org\/en\/#organization"},"alternateName":"MWC","potentialAction":[{"@type":"SearchAction","target":{"@type":"EntryPoint","urlTemplate":"https:\/\/mwc-cmm.org\/en\/?s={search_term_string}"},"query-input":{"@type":"PropertyValueSpecification","valueRequired":true,"valueName":"search_term_string"}}],"inLanguage":"fr-FR"},{"@type":"Organization","@id":"https:\/\/mwc-cmm.org\/en\/#organization","name":"Mennonite World Conference","alternateName":"MWC","url":"https:\/\/mwc-cmm.org\/en\/","logo":{"@type":"ImageObject","inLanguage":"fr-FR","@id":"https:\/\/mwc-cmm.org\/en\/#\/schema\/logo\/image\/","url":"https:\/\/mwc-cmm.org\/wp-content\/uploads\/2026\/01\/MWC_Sig_Blue_Horiz_webheader1-logo.svg","contentUrl":"https:\/\/mwc-cmm.org\/wp-content\/uploads\/2026\/01\/MWC_Sig_Blue_Horiz_webheader1-logo.svg","width":786,"height":82,"caption":"Mennonite World Conference"},"image":{"@id":"https:\/\/mwc-cmm.org\/en\/#\/schema\/logo\/image\/"},"sameAs":["https:\/\/www.facebook.com\/MennoniteWorldConference","https:\/\/www.linkedin.com\/company\/mennonite-world-conference-mwc\/","https:\/\/www.instagram.com\/mwcmm\/","https:\/\/www.youtube.com\/user\/mwccmm","https:\/\/bsky.app\/profile\/mwcmm.bsky.social"]},{"@type":"Person","@id":"https:\/\/mwc-cmm.org\/en\/#\/schema\/person\/11f6ae0d7d1868ba20a1cc27f067c836","name":"mennworldcon","image":{"@type":"ImageObject","inLanguage":"fr-FR","@id":"https:\/\/secure.gravatar.com\/avatar\/06fdc0dc81c157dfdb82ec42f252178a22307808988d22c043f9eb96f1e0fe80?s=96&d=mm&r=g","url":"https:\/\/secure.gravatar.com\/avatar\/06fdc0dc81c157dfdb82ec42f252178a22307808988d22c043f9eb96f1e0fe80?s=96&d=mm&r=g","contentUrl":"https:\/\/secure.gravatar.com\/avatar\/06fdc0dc81c157dfdb82ec42f252178a22307808988d22c043f9eb96f1e0fe80?s=96&d=mm&r=g","caption":"mennworldcon"},"sameAs":["https:\/\/mwc-cmm.org"],"url":"https:\/\/mwc-cmm.org\/fr\/stories\/author\/mennworldcon\/"}]}},"_links":{"self":[{"href":"https:\/\/mwc-cmm.org\/fr\/wp-json\/wp\/v2\/posts\/10569","targetHints":{"allow":["GET"]}}],"collection":[{"href":"https:\/\/mwc-cmm.org\/fr\/wp-json\/wp\/v2\/posts"}],"about":[{"href":"https:\/\/mwc-cmm.org\/fr\/wp-json\/wp\/v2\/types\/post"}],"author":[{"embeddable":true,"href":"https:\/\/mwc-cmm.org\/fr\/wp-json\/wp\/v2\/users\/1"}],"replies":[{"embeddable":true,"href":"https:\/\/mwc-cmm.org\/fr\/wp-json\/wp\/v2\/comments?post=10569"}],"version-history":[{"count":0,"href":"https:\/\/mwc-cmm.org\/fr\/wp-json\/wp\/v2\/posts\/10569\/revisions"}],"wp:featuredmedia":[{"embeddable":true,"href":"https:\/\/mwc-cmm.org\/fr\/wp-json\/wp\/v2\/media\/97348"}],"wp:attachment":[{"href":"https:\/\/mwc-cmm.org\/fr\/wp-json\/wp\/v2\/media?parent=10569"}],"wp:term":[{"taxonomy":"category","embeddable":true,"href":"https:\/\/mwc-cmm.org\/fr\/wp-json\/wp\/v2\/categories?post=10569"},{"taxonomy":"post_tag","embeddable":true,"href":"https:\/\/mwc-cmm.org\/fr\/wp-json\/wp\/v2\/tags?post=10569"},{"taxonomy":"network","embeddable":true,"href":"https:\/\/mwc-cmm.org\/fr\/wp-json\/wp\/v2\/network?post=10569"},{"taxonomy":"eventcategory","embeddable":true,"href":"https:\/\/mwc-cmm.org\/fr\/wp-json\/wp\/v2\/eventcategory?post=10569"}],"curies":[{"name":"wp","href":"https:\/\/api.w.org\/{rel}","templated":true}]}}