{"id":10555,"date":"2023-08-11T00:00:00","date_gmt":"2023-08-11T00:00:00","guid":{"rendered":"https:\/\/mwc-cmm.org\/growing-networks-add-faces-in-virginia-3\/"},"modified":"2024-12-10T17:20:31","modified_gmt":"2024-12-10T17:20:31","slug":"en-virginie-des-nouveaux-visages-pour-des-reseaux-en-expansion","status":"publish","type":"post","link":"https:\/\/mwc-cmm.org\/fr\/stories\/en-virginie-des-nouveaux-visages-pour-des-reseaux-en-expansion\/","title":{"rendered":"En Virginie, des nouveaux visages pour des r\u00e9seaux en expansion"},"content":{"rendered":"<p>\u00ab&nbsp;Nous avons aussi beaucoup appr\u00e9ci\u00e9 notre premi\u00e8re rencontre en personne avec la Commission Foi et Vie dans son ensemble, et avec Anicka Fast, la nouvelle secr\u00e9taire&nbsp;\u00bb, dit David Wiebe, pr\u00e9sident du GAHEN*.&nbsp;<\/p>\n<p>En d\u00e9veloppement depuis plusieurs ann\u00e9es, trois r\u00e9seaux suppl\u00e9mentaires sont en train d\u2019\u00eatre ajout\u00e9s \u00e0 l\u2019organigramme de la CMM. Bien que tous les membres n\u2019aient pas pu \u00eatre pr\u00e9sents, les r\u00e9seaux de la CMM ont tenu des r\u00e9unions officielles avant la <a href=\"https:\/\/mwc-cmm.org\/fr\/stories\/la-troisieme-conference-sur-la-paix-reunit-ensemble-la-foi-et-la-paix\">Conf\u00e9rence et Festival Mennonites Mondial sur le Travail pour la Paix<\/a>, en juin 2023 \u00e0 Harrisonburg (Virginie, USA).&nbsp;<\/p>\n<p>Chaque matin, l\u2019une des quatre Commissions de la CMM (Diacres, Foi et Vie, Mission, Paix) a anim\u00e9 une session de pri\u00e8re commune. Les r\u00e9seaux ont discut\u00e9 d\u2019un cahier des charges r\u00e9vis\u00e9 (objectifs g\u00e9n\u00e9raux, d\u00e9finition des membres, structure interne, relations avec la CMM) et d\u2019une nouvelle formule de cotisation (0.2&nbsp;% du budget) qui sera soumise \u00e0 l\u2019approbation du Conseil G\u00e9n\u00e9ral en 2025.&nbsp;<\/p>\n<h3>\u00c9ducation&nbsp;<\/h3>\n<p>Pour le nouveau r\u00e9seau <a href=\"https:\/\/mwc-cmm.org\/fr\/gaen-le-reseau-anabaptiste-mondial-pour-leducation\">GAEN<\/a>*, les 15&nbsp;et 16 juin&nbsp;2023 ont \u00e9t\u00e9 l\u2019occasion d\u2019une r\u00e9union des comit\u00e9s de pilotage de ce r\u00e9seau \u00e0 double voie. Plus des trois quarts des membres des comit\u00e9s directeurs du GAPSEN* et du GAHEN* \u00e9taient pr\u00e9sents.&nbsp;&nbsp;<\/p>\n<p>\u00ab&nbsp;Nous \u00e9tions ravis de nous retrouver pour travailler sur des questions importantes qui fa\u00e7onneront nos r\u00e9seaux&nbsp;\u00bb, a d\u00e9clar\u00e9 David Wiebe. Ils ont planifi\u00e9 de futures r\u00e9unions sur Zoom et en personne en 2025.&nbsp;&nbsp;<\/p>\n<p>Le GAEN \u00e9tant plac\u00e9 sous la supervision de la Commission Foi et Vie, les r\u00e9unions ont \u00e9galement permis au comit\u00e9 de pilotage de rencontrer les membres de la Commission. Gr\u00e2ce \u00e0 ces r\u00e9unions, les membres du GAPSEN et du GAHEN ont \u00ab&nbsp;cultiv\u00e9 une vision \u00e9ducative commune entre les \u00e9coles et l\u2019\u00c9glise&nbsp;\u00bb, explique David Wiebe.&nbsp;<\/p>\n<h4><em><strong>Membres du Comit\u00e9 de Pilotage (2023-2025)&nbsp;<\/strong><\/em><\/h4>\n<ul>\n<li>David Wiebe (pr\u00e9sident, GAHEN) Canada&nbsp;<\/li>\n<li>Cheryl Pauls (GAHEN) Canada&nbsp;<\/li>\n<li>David Boshart (GAHEN) \u00c9tats-Unis&nbsp;<\/li>\n<li>Gishu J. Ebissa (GAHEN) \u00c9thiopie&nbsp;<\/li>\n<li>Hinonori Minamino (GAHEN) Japon&nbsp;<\/li>\n<li>Marlene Wall (GAHEN) Lituanie&nbsp;<\/li>\n<li>Rebecca Stoltzfus (GAHEN) \u00c9tats-Unis&nbsp;<\/li>\n<li>Victor Wall (GAHEN) Paraguay&nbsp;<\/li>\n<li>Elaine Moyer (pr\u00e9sidente, GAPSEN) \u00c9tats-Unis&nbsp;<\/li>\n<li>Conrad Swartzentruber (GAPSEN) \u00c9tats-Unis&nbsp;<\/li>\n<li>Delbert Unruh (GAPSEN) Paraguay&nbsp;<\/li>\n<li>Gloria &amp; Theo Fumana (GAPSEN) Canada&nbsp;<\/li>\n<li>Yesaya S. Wijaya (GAPSEN) Indon\u00e9sie&nbsp;<\/li>\n<\/ul>\n<h3>Mission et Service&nbsp;<\/h3>\n<p>Les 13 et 14 juin 2023, les r\u00e9unions des r\u00e9seaux existants <a href=\"https:\/\/mwc-cmm.org\/fr\/gasn-gmf\/r%C3%A9seau-anabaptiste-mondial-d%E2%80%99entraide\">GASN<\/a>* et <a href=\"https:\/\/mwc-cmm.org\/fr\/gasn-gmf\/fraternit%C3%A9-missionnaire-mondiale-gmf\">GMF<\/a>* ont servi de rassemblement triennal (habituellement tenu en parall\u00e8le des r\u00e9unions du Conseil g\u00e9n\u00e9ral). La Commission Mission a \u00e9galement particip\u00e9 aux r\u00e9unions.&nbsp;<\/p>\n<p>Il y a eu des sessions de formation avec C\u00e9sar Garc\u00eda et Sarah Bixler, des r\u00e9cits d\u2019Afrique, d\u2019Asie et d\u2019Am\u00e9rique latine, et six s\u00e9minaires propos\u00e9s par des membres du GASN et du GMF.&nbsp;<\/p>\n<p>Le GASN et le GMF ont chacun discut\u00e9 des projections pour la p\u00e9riode en cours, y compris des rencontres en ligne pour l\u2019apprentissage et la fraternit\u00e9. Le r\u00e9chauffement climatique et l\u2019environnement sont l\u2019une des priorit\u00e9s identifi\u00e9es par le GASN pour les ann\u00e9es \u00e0 venir. Le GMF pr\u00e9voit de s\u2019informer sur les groupes de population non atteints.&nbsp;<\/p>\n<p>Le GASN compte une cinquantaine de membres et le GMF environ 70.&nbsp;<\/p>\n<h4><em><strong>Membres du Comit\u00e9 de Pilotage (2023-2025)&nbsp;<\/strong><\/em><\/h4>\n<ul>\n<li>Barbara Hege-Galle (pr\u00e9sidente, GASN) Allemagne&nbsp;<\/li>\n<li>Fabio Carvalho (GASN) Br\u00e9sil&nbsp;<\/li>\n<li>Rick Cober Bauman (GASN) Canada&nbsp;<\/li>\n<li>Satyendra Basumata (GASN) Inde&nbsp;<\/li>\n<li>Shambu Balcha (GASN) \u00c9thiopie&nbsp;<\/li>\n<li>Nelson Okanya (pr\u00e9sident, GMF) \u00c9tats-Unis\/Kenya&nbsp;<\/li>\n<li>Carlos Daniel Soto (GMF) Argentine&nbsp;<\/li>\n<li>Felo Gracia (GMF) RDC&nbsp;<\/li>\n<li>Lorri Bentch (GMF) \u00c9tats-Unis&nbsp;&nbsp;<\/li>\n<li>Sangita Tigga (GMF) Inde&nbsp;<\/li>\n<\/ul>\n<h3>Paix&nbsp;<\/h3>\n<p>Plus de 20 membres et observateurs du r\u00e9seau <a href=\"https:\/\/mwc-cmm.org\/fr\/reseau-anabaptiste-mondial-pour-la-paix-gapn\">GAPN<\/a>* ont particip\u00e9 aux r\u00e9unions des 13&nbsp;et 14 juin&nbsp;2023 en personne et en ligne. Il s\u2019agissait de la premi\u00e8re r\u00e9union en pr\u00e9sentiel pour le&nbsp;GAPN.&nbsp;<\/p>\n<p>Ils ont partag\u00e9 leurs espoirs et leurs attentes pour le r\u00e9seau, ont \u00e9chang\u00e9 des analyses contextuelles sur les questions de travail pour la paix dans leurs r\u00e9gions, et ont \u00e9labor\u00e9 des strat\u00e9gies quant aux th\u00e8mes, aux activit\u00e9s et aux \u00e9v\u00e9nements pour les ann\u00e9es \u00e0&nbsp;venir.&nbsp;<\/p>\n<p>\u00ab&nbsp;Il y a eu beaucoup d\u2019accord et d\u2019intersectionnalit\u00e9 de pens\u00e9e et d\u2019exp\u00e9rience sur au moins huit th\u00e8mes, y compris l\u2019engagement interreligieux, la polarisation dans l\u2019\u00e9glise et la soci\u00e9t\u00e9, le r\u00e9chauffement climatique et la violence syst\u00e9mique&nbsp;\u00bb, a d\u00e9clar\u00e9 Wendy Kroeker, pr\u00e9sidente du comit\u00e9 de pilotage. \u00ab&nbsp;Une r\u00e9flexion ax\u00e9e sur la d\u00e9colonisation pourrait devenir une perspective ou une approche commune pour organiser les efforts au cours de l\u2019ann\u00e9e \u00e0&nbsp;venir&nbsp;\u00bb.&nbsp;<\/p>\n<h4><em><strong>Membres du Comit\u00e9 de Pilotage (2023-2025)&nbsp;<\/strong><\/em><\/h4>\n<ul>\n<li>Wendy Kroeker (pr\u00e9sidente, GAPN) Canada&nbsp;<\/li>\n<li>Danang Kristiawan (GAPN) Indon\u00e9sie&nbsp;<\/li>\n<li>Daniel Moya (GAPN) Colombie&nbsp;<\/li>\n<li>John Wambura (GAPN) Tanzanie&nbsp;<\/li>\n<li>Scott Holland (GAPN) \u00c9tats-Unis&nbsp;<\/li>\n<\/ul>\n<h3>Sant\u00e9&nbsp;<\/h3>\n<p>Le <a href=\"https:\/\/mwc-cmm.org\/fr\/reseau-anabaptiste-mondial-de-sante\">GAHN<\/a>*, un autre nouveau r\u00e9seau compos\u00e9 de professionnels de la sant\u00e9, s\u2019est r\u00e9uni pour plusieurs webinaires sur Zoom au cours des trois derni\u00e8res ann\u00e9es. Il a lanc\u00e9 un nouveau site web (globalanabaptisthealth.network\/) et une newsletter et pr\u00e9voit un voyage d\u2019apprentissage en Am\u00e9rique centrale en novembre 2023.&nbsp;<\/p>\n<h4><em><strong>Membres du Comit\u00e9 de Pilotage (2023-2025)&nbsp;<\/strong><\/em><\/h4>\n<ul>\n<li>Dodanim V\u00e1squez (pr\u00e9sident, GAHN)&nbsp;<\/li>\n<\/ul>\n<figure class=\"image\" style=\"float:right\"><img decoding=\"async\" alt=\"\" height=\"200\" data-src=\"https:\/\/mwc-cmm.org\/wp-content\/uploads\/2024\/10\/49419640388_7130feef02_k.jpg\" width=\"150\" src=\"data:image\/svg+xml;base64,PHN2ZyB3aWR0aD0iMSIgaGVpZ2h0PSIxIiB4bWxucz0iaHR0cDovL3d3dy53My5vcmcvMjAwMC9zdmciPjwvc3ZnPg==\" class=\"lazyload\" style=\"--smush-placeholder-width: 150px; --smush-placeholder-aspect-ratio: 150\/200;\"><figcaption>Elina Ciptadi<\/figcaption><\/figure>\n<h3>Autres nouvelles de la CMM&nbsp;<\/h3>\n<p>Les membres des quatre Commissions de la CMM se sont \u00e9galement r\u00e9unis avant le Festival. \u00ab&nbsp;Lorsque nous nous r\u00e9unissons en personne, notre compr\u00e9hension mutuelle s\u2019approfondit et notre engagement envers nos objectifs communs s\u2019\u00e9panouit&nbsp;\u00bb, dit J. Ron Byler, coordinateur des Commissions. \u00ab&nbsp;Lors des cultes et des conversations informelles, les membres des Commissions apprennent comment le travail de ces derni\u00e8res est interconnect\u00e9 et comment, ensemble, nous aidons notre communaut\u00e9 mondiale \u00e0 s\u2019encourager mutuellement \u00e0 la suite de J\u00e9sus dans le monde&nbsp;\u00bb.&nbsp;<\/p>\n<p>Dans le domaine de la communication, Elina Ciptadi reprend ses fonctions de responsable de la communication par int\u00e9rim pendant le cong\u00e9 de maternit\u00e9 de Kristina Toews. Elina Ciptadi faisait partie du premier comit\u00e9 des <a href=\"https:\/\/mwc-cmm.org\/fr\/yabs\">YABs<\/a> (Jeunes Anabaptistes, appel\u00e9 AMIGOS \u00e0 l\u2019\u00e9poque) et a de l\u2019exp\u00e9rience dans le marketing, les relations publiques et la communication au sein d\u2019organisations \u00e0 but non lucratif, gouvernementales et commerciales.&nbsp;<\/p>\n<hr>\n<table style=\"width:654px\">\n<tbody>\n<tr>\n<td style=\"width:151px\">GAEN<\/td>\n<td style=\"width:487px\"><a href=\"https:\/\/mwc-cmm.org\/fr\/gaen-le-reseau-anabaptiste-mondial-pour-leducation\">R\u00e9seau anabaptiste mondial pour l\u2019\u00e9ducation<\/a><\/td>\n<\/tr>\n<tr>\n<td style=\"width:151px\">GAPSEN<\/td>\n<td style=\"width:487px\">R\u00e9seau anabaptiste mondial pour l\u2019\u00e9ducation primaire et secondaire&nbsp;<\/td>\n<\/tr>\n<tr>\n<td style=\"width:151px\">GAHEN<\/td>\n<td style=\"width:487px\">R\u00e9seau anabaptiste mondial pour l\u2019\u00e9ducation sup\u00e9rieure&nbsp;<\/td>\n<\/tr>\n<tr>\n<td style=\"width:151px\">GASN<\/td>\n<td style=\"width:487px\"><a href=\"https:\/\/mwc-cmm.org\/fr\/gasn-gmf\/r%C3%A9seau-anabaptiste-mondial-d%E2%80%99entraide\">R\u00e9seau Anabaptiste Mondial d\u2019Entraide<\/a><\/td>\n<\/tr>\n<tr>\n<td style=\"width:151px\">GMF<\/td>\n<td style=\"width:487px\"><a href=\"https:\/\/mwc-cmm.org\/fr\/gasn-gmf\/fraternit%C3%A9-missionnaire-mondiale-gmf\">Fraternit\u00e9 Missionnaire Mondiale<\/a><\/td>\n<\/tr>\n<tr>\n<td style=\"width:151px\">GAPN<\/td>\n<td style=\"width:487px\"><a href=\"https:\/\/mwc-cmm.org\/fr\/reseau-anabaptiste-mondial-pour-la-paix-gapn\">R\u00e9seau Anabaptiste Mondial pour la Paix<\/a><\/td>\n<\/tr>\n<tr>\n<td style=\"width:151px\">GAHN<\/td>\n<td style=\"width:487px\"><a href=\"https:\/\/mwc-cmm.org\/fr\/reseau-anabaptiste-mondial-de-sante\">R\u00e9seau anabaptiste mondial de sant\u00e9<\/a><\/td>\n<\/tr>\n<\/tbody>\n<\/table>\n","protected":false},"excerpt":{"rendered":"<p>\u00ab&nbsp;Nous avons aussi beaucoup appr\u00e9ci\u00e9 notre premi\u00e8re rencontre en personne avec la Commission Foi et Vie dans son ensemble, et avec Anicka Fast, la nouvelle secr\u00e9taire&nbsp;\u00bb, dit David Wiebe, pr\u00e9sident du GAHEN*.&nbsp; En d\u00e9veloppement depuis plusieurs ann\u00e9es, trois r\u00e9seaux suppl\u00e9mentaires sont en train d\u2019\u00eatre ajout\u00e9s \u00e0 l\u2019organigramme de la CMM. Bien que tous les membres [&hellip;]<\/p>\n","protected":false},"author":1,"featured_media":95275,"comment_status":"closed","ping_status":"closed","sticky":false,"template":"","format":"standard","meta":{"_acf_changed":false,"footnotes":""},"categories":[7],"tags":[],"network":[],"eventcategory":[],"class_list":["post-10555","post","type-post","status-publish","format-standard","has-post-thumbnail","hentry","category-non-classifiee"],"acf":[],"yoast_head":"<!-- This site is optimized with the Yoast SEO plugin v27.5 - https:\/\/yoast.com\/product\/yoast-seo-wordpress\/ -->\n<title>En Virginie, des nouveaux visages pour des r\u00e9seaux en expansion - Mennonite World Conference<\/title>\n<meta name=\"robots\" content=\"index, follow, max-snippet:-1, max-image-preview:large, max-video-preview:-1\" \/>\n<link rel=\"canonical\" href=\"https:\/\/mwc-cmm.org\/fr\/stories\/en-virginie-des-nouveaux-visages-pour-des-reseaux-en-expansion\/\" \/>\n<meta property=\"og:locale\" content=\"fr_FR\" \/>\n<meta property=\"og:type\" content=\"article\" \/>\n<meta property=\"og:title\" content=\"En Virginie, des nouveaux visages pour des r\u00e9seaux en expansion - Mennonite World Conference\" \/>\n<meta property=\"og:description\" content=\"\u00ab&nbsp;Nous avons aussi beaucoup appr\u00e9ci\u00e9 notre premi\u00e8re rencontre en personne avec la Commission Foi et Vie dans son ensemble, et avec Anicka Fast, la nouvelle secr\u00e9taire&nbsp;\u00bb, dit David Wiebe, pr\u00e9sident du GAHEN*.&nbsp; En d\u00e9veloppement depuis plusieurs ann\u00e9es, trois r\u00e9seaux suppl\u00e9mentaires sont en train d\u2019\u00eatre ajout\u00e9s \u00e0 l\u2019organigramme de la CMM. Bien que tous les membres [&hellip;]\" \/>\n<meta property=\"og:url\" content=\"https:\/\/mwc-cmm.org\/fr\/stories\/en-virginie-des-nouveaux-visages-pour-des-reseaux-en-expansion\/\" \/>\n<meta property=\"og:site_name\" content=\"Mennonite World Conference\" \/>\n<meta property=\"article:publisher\" content=\"https:\/\/www.facebook.com\/MennoniteWorldConference\" \/>\n<meta property=\"article:published_time\" content=\"2023-08-11T00:00:00+00:00\" \/>\n<meta property=\"article:modified_time\" content=\"2024-12-10T17:20:31+00:00\" \/>\n<meta property=\"og:image\" content=\"https:\/\/mwc-cmm.org\/wp-content\/uploads\/2024\/11\/microsoftteams-image-1024x768.png\" \/>\n\t<meta property=\"og:image:width\" content=\"1024\" \/>\n\t<meta property=\"og:image:height\" content=\"768\" \/>\n\t<meta property=\"og:image:type\" content=\"image\/jpeg\" \/>\n<meta name=\"author\" content=\"mennworldcon\" \/>\n<script type=\"application\/ld+json\" class=\"yoast-schema-graph\">{\"@context\":\"https:\\\/\\\/schema.org\",\"@graph\":[{\"@type\":\"Article\",\"@id\":\"https:\\\/\\\/mwc-cmm.org\\\/fr\\\/stories\\\/en-virginie-des-nouveaux-visages-pour-des-reseaux-en-expansion\\\/#article\",\"isPartOf\":{\"@id\":\"https:\\\/\\\/mwc-cmm.org\\\/fr\\\/stories\\\/en-virginie-des-nouveaux-visages-pour-des-reseaux-en-expansion\\\/\"},\"author\":{\"name\":\"mennworldcon\",\"@id\":\"https:\\\/\\\/mwc-cmm.org\\\/en\\\/#\\\/schema\\\/person\\\/11f6ae0d7d1868ba20a1cc27f067c836\"},\"headline\":\"En Virginie, des nouveaux visages pour des r\u00e9seaux en expansion\",\"datePublished\":\"2023-08-11T00:00:00+00:00\",\"dateModified\":\"2024-12-10T17:20:31+00:00\",\"mainEntityOfPage\":{\"@id\":\"https:\\\/\\\/mwc-cmm.org\\\/fr\\\/stories\\\/en-virginie-des-nouveaux-visages-pour-des-reseaux-en-expansion\\\/\"},\"wordCount\":1172,\"publisher\":{\"@id\":\"https:\\\/\\\/mwc-cmm.org\\\/en\\\/#organization\"},\"image\":{\"@id\":\"https:\\\/\\\/mwc-cmm.org\\\/fr\\\/stories\\\/en-virginie-des-nouveaux-visages-pour-des-reseaux-en-expansion\\\/#primaryimage\"},\"thumbnailUrl\":\"https:\\\/\\\/mwc-cmm.org\\\/wp-content\\\/uploads\\\/2024\\\/11\\\/microsoftteams-image-scaled.png\",\"articleSection\":[\"Non classifi\u00e9(e)\"],\"inLanguage\":\"fr-FR\"},{\"@type\":\"WebPage\",\"@id\":\"https:\\\/\\\/mwc-cmm.org\\\/fr\\\/stories\\\/en-virginie-des-nouveaux-visages-pour-des-reseaux-en-expansion\\\/\",\"url\":\"https:\\\/\\\/mwc-cmm.org\\\/fr\\\/stories\\\/en-virginie-des-nouveaux-visages-pour-des-reseaux-en-expansion\\\/\",\"name\":\"En Virginie, des nouveaux visages pour des r\u00e9seaux en expansion - Mennonite World Conference\",\"isPartOf\":{\"@id\":\"https:\\\/\\\/mwc-cmm.org\\\/en\\\/#website\"},\"primaryImageOfPage\":{\"@id\":\"https:\\\/\\\/mwc-cmm.org\\\/fr\\\/stories\\\/en-virginie-des-nouveaux-visages-pour-des-reseaux-en-expansion\\\/#primaryimage\"},\"image\":{\"@id\":\"https:\\\/\\\/mwc-cmm.org\\\/fr\\\/stories\\\/en-virginie-des-nouveaux-visages-pour-des-reseaux-en-expansion\\\/#primaryimage\"},\"thumbnailUrl\":\"https:\\\/\\\/mwc-cmm.org\\\/wp-content\\\/uploads\\\/2024\\\/11\\\/microsoftteams-image-scaled.png\",\"datePublished\":\"2023-08-11T00:00:00+00:00\",\"dateModified\":\"2024-12-10T17:20:31+00:00\",\"breadcrumb\":{\"@id\":\"https:\\\/\\\/mwc-cmm.org\\\/fr\\\/stories\\\/en-virginie-des-nouveaux-visages-pour-des-reseaux-en-expansion\\\/#breadcrumb\"},\"inLanguage\":\"fr-FR\",\"potentialAction\":[{\"@type\":\"ReadAction\",\"target\":[\"https:\\\/\\\/mwc-cmm.org\\\/fr\\\/stories\\\/en-virginie-des-nouveaux-visages-pour-des-reseaux-en-expansion\\\/\"]}]},{\"@type\":\"ImageObject\",\"inLanguage\":\"fr-FR\",\"@id\":\"https:\\\/\\\/mwc-cmm.org\\\/fr\\\/stories\\\/en-virginie-des-nouveaux-visages-pour-des-reseaux-en-expansion\\\/#primaryimage\",\"url\":\"https:\\\/\\\/mwc-cmm.org\\\/wp-content\\\/uploads\\\/2024\\\/11\\\/microsoftteams-image-scaled.png\",\"contentUrl\":\"https:\\\/\\\/mwc-cmm.org\\\/wp-content\\\/uploads\\\/2024\\\/11\\\/microsoftteams-image-scaled.png\",\"width\":2560,\"height\":1920},{\"@type\":\"BreadcrumbList\",\"@id\":\"https:\\\/\\\/mwc-cmm.org\\\/fr\\\/stories\\\/en-virginie-des-nouveaux-visages-pour-des-reseaux-en-expansion\\\/#breadcrumb\",\"itemListElement\":[{\"@type\":\"ListItem\",\"position\":1,\"name\":\"Home\",\"item\":\"https:\\\/\\\/mwc-cmm.org\\\/fr\\\/\"},{\"@type\":\"ListItem\",\"position\":2,\"name\":\"En Virginie, des nouveaux visages pour des r\u00e9seaux en expansion\"}]},{\"@type\":\"WebSite\",\"@id\":\"https:\\\/\\\/mwc-cmm.org\\\/en\\\/#website\",\"url\":\"https:\\\/\\\/mwc-cmm.org\\\/en\\\/\",\"name\":\"Mennonite World Conference\",\"description\":\"A communion of Anabaptist-related churches\",\"publisher\":{\"@id\":\"https:\\\/\\\/mwc-cmm.org\\\/en\\\/#organization\"},\"alternateName\":\"MWC\",\"potentialAction\":[{\"@type\":\"SearchAction\",\"target\":{\"@type\":\"EntryPoint\",\"urlTemplate\":\"https:\\\/\\\/mwc-cmm.org\\\/en\\\/?s={search_term_string}\"},\"query-input\":{\"@type\":\"PropertyValueSpecification\",\"valueRequired\":true,\"valueName\":\"search_term_string\"}}],\"inLanguage\":\"fr-FR\"},{\"@type\":\"Organization\",\"@id\":\"https:\\\/\\\/mwc-cmm.org\\\/en\\\/#organization\",\"name\":\"Mennonite World Conference\",\"alternateName\":\"MWC\",\"url\":\"https:\\\/\\\/mwc-cmm.org\\\/en\\\/\",\"logo\":{\"@type\":\"ImageObject\",\"inLanguage\":\"fr-FR\",\"@id\":\"https:\\\/\\\/mwc-cmm.org\\\/en\\\/#\\\/schema\\\/logo\\\/image\\\/\",\"url\":\"https:\\\/\\\/mwc-cmm.org\\\/wp-content\\\/uploads\\\/2026\\\/01\\\/MWC_Sig_Blue_Horiz_webheader1-logo.svg\",\"contentUrl\":\"https:\\\/\\\/mwc-cmm.org\\\/wp-content\\\/uploads\\\/2026\\\/01\\\/MWC_Sig_Blue_Horiz_webheader1-logo.svg\",\"width\":786,\"height\":82,\"caption\":\"Mennonite World Conference\"},\"image\":{\"@id\":\"https:\\\/\\\/mwc-cmm.org\\\/en\\\/#\\\/schema\\\/logo\\\/image\\\/\"},\"sameAs\":[\"https:\\\/\\\/www.facebook.com\\\/MennoniteWorldConference\",\"https:\\\/\\\/www.linkedin.com\\\/company\\\/mennonite-world-conference-mwc\\\/\",\"https:\\\/\\\/www.instagram.com\\\/mwcmm\\\/\",\"https:\\\/\\\/www.youtube.com\\\/user\\\/mwccmm\",\"https:\\\/\\\/bsky.app\\\/profile\\\/mwcmm.bsky.social\"]},{\"@type\":\"Person\",\"@id\":\"https:\\\/\\\/mwc-cmm.org\\\/en\\\/#\\\/schema\\\/person\\\/11f6ae0d7d1868ba20a1cc27f067c836\",\"name\":\"mennworldcon\",\"image\":{\"@type\":\"ImageObject\",\"inLanguage\":\"fr-FR\",\"@id\":\"https:\\\/\\\/secure.gravatar.com\\\/avatar\\\/06fdc0dc81c157dfdb82ec42f252178a22307808988d22c043f9eb96f1e0fe80?s=96&d=mm&r=g\",\"url\":\"https:\\\/\\\/secure.gravatar.com\\\/avatar\\\/06fdc0dc81c157dfdb82ec42f252178a22307808988d22c043f9eb96f1e0fe80?s=96&d=mm&r=g\",\"contentUrl\":\"https:\\\/\\\/secure.gravatar.com\\\/avatar\\\/06fdc0dc81c157dfdb82ec42f252178a22307808988d22c043f9eb96f1e0fe80?s=96&d=mm&r=g\",\"caption\":\"mennworldcon\"},\"sameAs\":[\"https:\\\/\\\/mwc-cmm.org\"],\"url\":\"https:\\\/\\\/mwc-cmm.org\\\/fr\\\/stories\\\/author\\\/mennworldcon\\\/\"}]}<\/script>\n<!-- \/ Yoast SEO plugin. -->","yoast_head_json":{"title":"En Virginie, des nouveaux visages pour des r\u00e9seaux en expansion - Mennonite World Conference","robots":{"index":"index","follow":"follow","max-snippet":"max-snippet:-1","max-image-preview":"max-image-preview:large","max-video-preview":"max-video-preview:-1"},"canonical":"https:\/\/mwc-cmm.org\/fr\/stories\/en-virginie-des-nouveaux-visages-pour-des-reseaux-en-expansion\/","og_locale":"fr_FR","og_type":"article","og_title":"En Virginie, des nouveaux visages pour des r\u00e9seaux en expansion - Mennonite World Conference","og_description":"\u00ab&nbsp;Nous avons aussi beaucoup appr\u00e9ci\u00e9 notre premi\u00e8re rencontre en personne avec la Commission Foi et Vie dans son ensemble, et avec Anicka Fast, la nouvelle secr\u00e9taire&nbsp;\u00bb, dit David Wiebe, pr\u00e9sident du GAHEN*.&nbsp; En d\u00e9veloppement depuis plusieurs ann\u00e9es, trois r\u00e9seaux suppl\u00e9mentaires sont en train d\u2019\u00eatre ajout\u00e9s \u00e0 l\u2019organigramme de la CMM. Bien que tous les membres [&hellip;]","og_url":"https:\/\/mwc-cmm.org\/fr\/stories\/en-virginie-des-nouveaux-visages-pour-des-reseaux-en-expansion\/","og_site_name":"Mennonite World Conference","article_publisher":"https:\/\/www.facebook.com\/MennoniteWorldConference","article_published_time":"2023-08-11T00:00:00+00:00","article_modified_time":"2024-12-10T17:20:31+00:00","og_image":[{"width":1024,"height":768,"url":"https:\/\/mwc-cmm.org\/wp-content\/uploads\/2024\/11\/microsoftteams-image-1024x768.png","type":"image\/jpeg"}],"author":"mennworldcon","schema":{"@context":"https:\/\/schema.org","@graph":[{"@type":"Article","@id":"https:\/\/mwc-cmm.org\/fr\/stories\/en-virginie-des-nouveaux-visages-pour-des-reseaux-en-expansion\/#article","isPartOf":{"@id":"https:\/\/mwc-cmm.org\/fr\/stories\/en-virginie-des-nouveaux-visages-pour-des-reseaux-en-expansion\/"},"author":{"name":"mennworldcon","@id":"https:\/\/mwc-cmm.org\/en\/#\/schema\/person\/11f6ae0d7d1868ba20a1cc27f067c836"},"headline":"En Virginie, des nouveaux visages pour des r\u00e9seaux en expansion","datePublished":"2023-08-11T00:00:00+00:00","dateModified":"2024-12-10T17:20:31+00:00","mainEntityOfPage":{"@id":"https:\/\/mwc-cmm.org\/fr\/stories\/en-virginie-des-nouveaux-visages-pour-des-reseaux-en-expansion\/"},"wordCount":1172,"publisher":{"@id":"https:\/\/mwc-cmm.org\/en\/#organization"},"image":{"@id":"https:\/\/mwc-cmm.org\/fr\/stories\/en-virginie-des-nouveaux-visages-pour-des-reseaux-en-expansion\/#primaryimage"},"thumbnailUrl":"https:\/\/mwc-cmm.org\/wp-content\/uploads\/2024\/11\/microsoftteams-image-scaled.png","articleSection":["Non classifi\u00e9(e)"],"inLanguage":"fr-FR"},{"@type":"WebPage","@id":"https:\/\/mwc-cmm.org\/fr\/stories\/en-virginie-des-nouveaux-visages-pour-des-reseaux-en-expansion\/","url":"https:\/\/mwc-cmm.org\/fr\/stories\/en-virginie-des-nouveaux-visages-pour-des-reseaux-en-expansion\/","name":"En Virginie, des nouveaux visages pour des r\u00e9seaux en expansion - Mennonite World Conference","isPartOf":{"@id":"https:\/\/mwc-cmm.org\/en\/#website"},"primaryImageOfPage":{"@id":"https:\/\/mwc-cmm.org\/fr\/stories\/en-virginie-des-nouveaux-visages-pour-des-reseaux-en-expansion\/#primaryimage"},"image":{"@id":"https:\/\/mwc-cmm.org\/fr\/stories\/en-virginie-des-nouveaux-visages-pour-des-reseaux-en-expansion\/#primaryimage"},"thumbnailUrl":"https:\/\/mwc-cmm.org\/wp-content\/uploads\/2024\/11\/microsoftteams-image-scaled.png","datePublished":"2023-08-11T00:00:00+00:00","dateModified":"2024-12-10T17:20:31+00:00","breadcrumb":{"@id":"https:\/\/mwc-cmm.org\/fr\/stories\/en-virginie-des-nouveaux-visages-pour-des-reseaux-en-expansion\/#breadcrumb"},"inLanguage":"fr-FR","potentialAction":[{"@type":"ReadAction","target":["https:\/\/mwc-cmm.org\/fr\/stories\/en-virginie-des-nouveaux-visages-pour-des-reseaux-en-expansion\/"]}]},{"@type":"ImageObject","inLanguage":"fr-FR","@id":"https:\/\/mwc-cmm.org\/fr\/stories\/en-virginie-des-nouveaux-visages-pour-des-reseaux-en-expansion\/#primaryimage","url":"https:\/\/mwc-cmm.org\/wp-content\/uploads\/2024\/11\/microsoftteams-image-scaled.png","contentUrl":"https:\/\/mwc-cmm.org\/wp-content\/uploads\/2024\/11\/microsoftteams-image-scaled.png","width":2560,"height":1920},{"@type":"BreadcrumbList","@id":"https:\/\/mwc-cmm.org\/fr\/stories\/en-virginie-des-nouveaux-visages-pour-des-reseaux-en-expansion\/#breadcrumb","itemListElement":[{"@type":"ListItem","position":1,"name":"Home","item":"https:\/\/mwc-cmm.org\/fr\/"},{"@type":"ListItem","position":2,"name":"En Virginie, des nouveaux visages pour des r\u00e9seaux en expansion"}]},{"@type":"WebSite","@id":"https:\/\/mwc-cmm.org\/en\/#website","url":"https:\/\/mwc-cmm.org\/en\/","name":"Mennonite World Conference","description":"A communion of Anabaptist-related churches","publisher":{"@id":"https:\/\/mwc-cmm.org\/en\/#organization"},"alternateName":"MWC","potentialAction":[{"@type":"SearchAction","target":{"@type":"EntryPoint","urlTemplate":"https:\/\/mwc-cmm.org\/en\/?s={search_term_string}"},"query-input":{"@type":"PropertyValueSpecification","valueRequired":true,"valueName":"search_term_string"}}],"inLanguage":"fr-FR"},{"@type":"Organization","@id":"https:\/\/mwc-cmm.org\/en\/#organization","name":"Mennonite World Conference","alternateName":"MWC","url":"https:\/\/mwc-cmm.org\/en\/","logo":{"@type":"ImageObject","inLanguage":"fr-FR","@id":"https:\/\/mwc-cmm.org\/en\/#\/schema\/logo\/image\/","url":"https:\/\/mwc-cmm.org\/wp-content\/uploads\/2026\/01\/MWC_Sig_Blue_Horiz_webheader1-logo.svg","contentUrl":"https:\/\/mwc-cmm.org\/wp-content\/uploads\/2026\/01\/MWC_Sig_Blue_Horiz_webheader1-logo.svg","width":786,"height":82,"caption":"Mennonite World Conference"},"image":{"@id":"https:\/\/mwc-cmm.org\/en\/#\/schema\/logo\/image\/"},"sameAs":["https:\/\/www.facebook.com\/MennoniteWorldConference","https:\/\/www.linkedin.com\/company\/mennonite-world-conference-mwc\/","https:\/\/www.instagram.com\/mwcmm\/","https:\/\/www.youtube.com\/user\/mwccmm","https:\/\/bsky.app\/profile\/mwcmm.bsky.social"]},{"@type":"Person","@id":"https:\/\/mwc-cmm.org\/en\/#\/schema\/person\/11f6ae0d7d1868ba20a1cc27f067c836","name":"mennworldcon","image":{"@type":"ImageObject","inLanguage":"fr-FR","@id":"https:\/\/secure.gravatar.com\/avatar\/06fdc0dc81c157dfdb82ec42f252178a22307808988d22c043f9eb96f1e0fe80?s=96&d=mm&r=g","url":"https:\/\/secure.gravatar.com\/avatar\/06fdc0dc81c157dfdb82ec42f252178a22307808988d22c043f9eb96f1e0fe80?s=96&d=mm&r=g","contentUrl":"https:\/\/secure.gravatar.com\/avatar\/06fdc0dc81c157dfdb82ec42f252178a22307808988d22c043f9eb96f1e0fe80?s=96&d=mm&r=g","caption":"mennworldcon"},"sameAs":["https:\/\/mwc-cmm.org"],"url":"https:\/\/mwc-cmm.org\/fr\/stories\/author\/mennworldcon\/"}]}},"_links":{"self":[{"href":"https:\/\/mwc-cmm.org\/fr\/wp-json\/wp\/v2\/posts\/10555","targetHints":{"allow":["GET"]}}],"collection":[{"href":"https:\/\/mwc-cmm.org\/fr\/wp-json\/wp\/v2\/posts"}],"about":[{"href":"https:\/\/mwc-cmm.org\/fr\/wp-json\/wp\/v2\/types\/post"}],"author":[{"embeddable":true,"href":"https:\/\/mwc-cmm.org\/fr\/wp-json\/wp\/v2\/users\/1"}],"replies":[{"embeddable":true,"href":"https:\/\/mwc-cmm.org\/fr\/wp-json\/wp\/v2\/comments?post=10555"}],"version-history":[{"count":0,"href":"https:\/\/mwc-cmm.org\/fr\/wp-json\/wp\/v2\/posts\/10555\/revisions"}],"wp:featuredmedia":[{"embeddable":true,"href":"https:\/\/mwc-cmm.org\/fr\/wp-json\/wp\/v2\/media\/95275"}],"wp:attachment":[{"href":"https:\/\/mwc-cmm.org\/fr\/wp-json\/wp\/v2\/media?parent=10555"}],"wp:term":[{"taxonomy":"category","embeddable":true,"href":"https:\/\/mwc-cmm.org\/fr\/wp-json\/wp\/v2\/categories?post=10555"},{"taxonomy":"post_tag","embeddable":true,"href":"https:\/\/mwc-cmm.org\/fr\/wp-json\/wp\/v2\/tags?post=10555"},{"taxonomy":"network","embeddable":true,"href":"https:\/\/mwc-cmm.org\/fr\/wp-json\/wp\/v2\/network?post=10555"},{"taxonomy":"eventcategory","embeddable":true,"href":"https:\/\/mwc-cmm.org\/fr\/wp-json\/wp\/v2\/eventcategory?post=10555"}],"curies":[{"name":"wp","href":"https:\/\/api.w.org\/{rel}","templated":true}]}}