{"id":10544,"date":"2023-07-20T00:00:00","date_gmt":"2023-07-20T00:00:00","guid":{"rendered":"https:\/\/mwc-cmm.org\/third-peace-conference-brings-faith-and-peace-together-3\/"},"modified":"2024-12-10T17:20:26","modified_gmt":"2024-12-10T17:20:26","slug":"la-troisieme-conference-sur-la-paix-reunit-ensemble-la-foi-et-la-paix","status":"publish","type":"post","link":"https:\/\/mwc-cmm.org\/fr\/stories\/la-troisieme-conference-sur-la-paix-reunit-ensemble-la-foi-et-la-paix\/","title":{"rendered":"La troisi\u00e8me conf\u00e9rence sur la paix r\u00e9unit ensemble la foi et la paix"},"content":{"rendered":"<p>\u00ab&nbsp;Il y a quelque chose dans l\u2019air ambiant parmi les th\u00e9ologiens mennonites, les sp\u00e9cialistes de la construction de la paix et les praticiens autour du projet d\u00e9colonial &#8230;, qui est \u00e0 la fois int\u00e9ressant et tr\u00e8s bon&nbsp;\u00bb&nbsp;, dit Andrew Suderman.&nbsp;&nbsp;&nbsp;<\/p>\n<p>Ce professeur de l\u2019Eastern Mennonite University et secr\u00e9taire de la <a href=\"https:\/\/mwc-cmm.org\/fr\/commission-paix\">Commission Paix de la Conf\u00e9rence Mennonite Mondiale<\/a> a organis\u00e9 la troisi\u00e8me <a href=\"https:\/\/emu.edu\/bible\/global-mennonite-peacebuilding-conference\">Conf\u00e9rence et Festival Mennonite Mondial sur la Travail pour la Paix (GMP III)<\/a> en Virginie (Etats-Unis). \u00ab&nbsp;Se rassembler&nbsp;: Le chemin de la foi et de la paix&nbsp;\u00bb \u00e9tait le th\u00e8me de l\u2019\u00e9v\u00e9nement organis\u00e9 du 15 au 18 juin 2023 par l\u2019EMU et soutenu par la CMM.&nbsp;<\/p>\n<p>Tigist Tesfaye, secr\u00e9taire de la Commission Diacres de la CMM, et C\u00e9sar Garc\u00eda, secr\u00e9taire g\u00e9n\u00e9ral de la CMM, ont pris la parole lors des quatre s\u00e9ances pl\u00e9ni\u00e8res. Quelque 160 participants de 20 pays ont particip\u00e9 \u00e0 10 pr\u00e9sentations de documents, 15 ateliers, une table ronde, une installation artistique et quatre repr\u00e9sentations th\u00e9\u00e2trales et musicales. Certains invit\u00e9s internationaux n\u2019ont pas pu assister \u00e0 l\u2019\u00e9v\u00e9nement en raison des difficult\u00e9s rencontr\u00e9es pour obtenir une autorisation de voyage.&nbsp;<\/p>\n<p>La conf\u00e9rence a \u00e9t\u00e9 l\u2019occasion d\u2019une rencontre entre le monde universitaire et le monde religieux. \u00ab&nbsp;Nous avons ouvertement plac\u00e9 la conf\u00e9rence dans le cadre de la louange&nbsp;\u00bb, a d\u00e9clar\u00e9 Andrew Suderman. Chaque s\u00e9ance pl\u00e9ni\u00e8re s\u2019ouvrait et se cl\u00f4turait par un temps de pri\u00e8re et de chant.&nbsp;&nbsp;<\/p>\n<p>C\u00e9sar Garc\u00eda a exhort\u00e9 les participants \u00e0 rapprocher l\u2019\u00c9glise et le travail pour la paix, malgr\u00e9 les erreurs pass\u00e9es de l\u2019une et de l\u2019autre&nbsp;: \u00ab&nbsp;Cr\u00e9er des structures compl\u00e8tement ind\u00e9pendantes et s\u00e9par\u00e9es de l\u2019Eglise est un d\u00e9tour inutile qui affecte l\u2019impact de notre t\u00e9moignage de paix&#8230;. La n\u00e9cessit\u00e9 d\u2019un travail de paix fond\u00e9 sur la th\u00e9ologie et la Bible est une r\u00e9alit\u00e9 constante dans beaucoup de nos \u00e9glises et de nos institutions&nbsp;\u00bb.&nbsp;<\/p>\n<figure class=\"image\" style=\"float:right\"><img decoding=\"async\" alt=\"\" height=\"200\" data-src=\"https:\/\/mwc-cmm.org\/wp-content\/uploads\/2024\/10\/202306henkstenversimg_6830-scaled.jpg\" width=\"300\" src=\"data:image\/svg+xml;base64,PHN2ZyB3aWR0aD0iMSIgaGVpZ2h0PSIxIiB4bWxucz0iaHR0cDovL3d3dy53My5vcmcvMjAwMC9zdmciPjwvc3ZnPg==\" class=\"lazyload\" style=\"--smush-placeholder-width: 300px; --smush-placeholder-aspect-ratio: 300\/200;\"><figcaption>C\u00e9sar Garc\u00eda. Photo : Henk Stenvers<\/figcaption><\/figure>\n<p>L\u2019art et la sc\u00e8ne ont \u00e9galement \u00e9t\u00e9 associ\u00e9s \u00e0 la th\u00e9ologie et \u00e0 la th\u00e9orie. \u00ab&nbsp;L\u2019id\u00e9e de ce GMP \u00e9tait de r\u00e9unir des universitaires, des praticiens, des pasteurs et des artistes pour qu\u2019ils partagent ce sur quoi ils travaillent et comment ils s\u2019efforcent d\u2019incarner la paix&nbsp;\u00bb, explique Andrew Suderman. \u00ab&nbsp;Des musiciens et une troupe de th\u00e9\u00e2tre aident \u00e0 exprimer ces valeurs, ce voyage&#8230; \u00e0 relier la t\u00eate, les mains et le c\u0153ur&nbsp;\u00bb.&nbsp;<\/p>\n<p>Selon Juan Moya, membre du groupe colombien La Repvblica, la musique et la paix sont \u00e9galement indissociables. \u00ab&nbsp;La musique d\u00e9pend des vibrations, des rythmes et de la po\u00e9sie pour transmettre un message. C\u2019est un langage universel&nbsp;\u00bb. La capacit\u00e9 de la musique \u00e0 franchir les fronti\u00e8res et \u00e0 construire la paix a \u00e9t\u00e9 d\u00e9montr\u00e9e lorsque le pr\u00e9sident de la CMM, Henk Stenvers, des Pays-Bas, s\u2019est mis \u00e0 jouer de la batterie avec le groupe colombien.&nbsp;<\/p>\n<p>En tant que conf\u00e9rence mondiale, l\u2019\u00e9v\u00e9nement a \u00e9galement rassembl\u00e9 des voix du monde entier. \u00ab&nbsp;J\u2019ai appr\u00e9ci\u00e9 l\u2019accent mis sur l\u2019\u00e9coute et l\u2019implication des personnes du Sud, qui ont partag\u00e9 la fa\u00e7on dont la paix n\u2019est pas seulement enseign\u00e9e en tant que concept, mais aussi soufferte, exig\u00e9e et \u2013 pour certains \u2013 devient un appel \u00e0 l\u2019action pour survivre&nbsp;\u00bb, dit Juan Moya.&nbsp;<\/p>\n<p>Une compilation des documents de la pr\u00e9c\u00e9dente \u00e9dition du GMP aux Pays-Bas en 2019 a \u00e9t\u00e9 r\u00e9cemment publi\u00e9e sous le titre<a href=\"https:\/\/wipfandstock.com\/9781666713817\/a-pilgrimage-of-justice-and-peace\/\"><em><strong> \u00ab&nbsp;A Pilgrimage of Justice and Peace : Global Mennonite Perspectives on Peacebuilding and Nonviolence&nbsp;\u00bb<\/strong><\/em><\/a>. (Un p\u00e8lerinage de justice et de paix : perspectives mennonites mondiales sur la construction de la paix et la non-violence, non traduit).<\/p>\n","protected":false},"excerpt":{"rendered":"<p>\u00ab&nbsp;Il y a quelque chose dans l\u2019air ambiant parmi les th\u00e9ologiens mennonites, les sp\u00e9cialistes de la construction de la paix et les praticiens autour du projet d\u00e9colonial &#8230;, qui est \u00e0 la fois int\u00e9ressant et tr\u00e8s bon&nbsp;\u00bb&nbsp;, dit Andrew Suderman.&nbsp;&nbsp;&nbsp; Ce professeur de l\u2019Eastern Mennonite University et secr\u00e9taire de la Commission Paix de la Conf\u00e9rence [&hellip;]<\/p>\n","protected":false},"author":1,"featured_media":96998,"comment_status":"closed","ping_status":"closed","sticky":false,"template":"","format":"standard","meta":{"_acf_changed":false,"footnotes":""},"categories":[7],"tags":[],"network":[1254],"eventcategory":[],"class_list":["post-10544","post","type-post","status-publish","format-standard","has-post-thumbnail","hentry","category-non-classifiee","network-peace-commission-fr"],"acf":[],"yoast_head":"<!-- This site is optimized with the Yoast SEO plugin v27.5 - https:\/\/yoast.com\/product\/yoast-seo-wordpress\/ -->\n<title>La troisi\u00e8me conf\u00e9rence sur la paix r\u00e9unit ensemble la foi et la paix - Mennonite World Conference<\/title>\n<meta name=\"robots\" content=\"index, follow, max-snippet:-1, max-image-preview:large, max-video-preview:-1\" \/>\n<link rel=\"canonical\" href=\"https:\/\/mwc-cmm.org\/fr\/stories\/la-troisieme-conference-sur-la-paix-reunit-ensemble-la-foi-et-la-paix\/\" \/>\n<meta property=\"og:locale\" content=\"fr_FR\" \/>\n<meta property=\"og:type\" content=\"article\" \/>\n<meta property=\"og:title\" content=\"La troisi\u00e8me conf\u00e9rence sur la paix r\u00e9unit ensemble la foi et la paix - Mennonite World Conference\" \/>\n<meta property=\"og:description\" content=\"\u00ab&nbsp;Il y a quelque chose dans l\u2019air ambiant parmi les th\u00e9ologiens mennonites, les sp\u00e9cialistes de la construction de la paix et les praticiens autour du projet d\u00e9colonial &#8230;, qui est \u00e0 la fois int\u00e9ressant et tr\u00e8s bon&nbsp;\u00bb&nbsp;, dit Andrew Suderman.&nbsp;&nbsp;&nbsp; Ce professeur de l\u2019Eastern Mennonite University et secr\u00e9taire de la Commission Paix de la Conf\u00e9rence [&hellip;]\" \/>\n<meta property=\"og:url\" content=\"https:\/\/mwc-cmm.org\/fr\/stories\/la-troisieme-conference-sur-la-paix-reunit-ensemble-la-foi-et-la-paix\/\" \/>\n<meta property=\"og:site_name\" content=\"Mennonite World Conference\" \/>\n<meta property=\"article:publisher\" content=\"https:\/\/www.facebook.com\/MennoniteWorldConference\" \/>\n<meta property=\"article:published_time\" content=\"2023-07-20T00:00:00+00:00\" \/>\n<meta property=\"article:modified_time\" content=\"2024-12-10T17:20:26+00:00\" \/>\n<meta property=\"og:image\" content=\"https:\/\/mwc-cmm.org\/wp-content\/uploads\/2024\/11\/2023-gmp3-img_6771-scaled.jpg\" \/>\n\t<meta property=\"og:image:width\" content=\"2560\" \/>\n\t<meta property=\"og:image:height\" content=\"1707\" \/>\n\t<meta property=\"og:image:type\" content=\"image\/jpeg\" \/>\n<meta name=\"author\" content=\"mennworldcon\" \/>\n<script type=\"application\/ld+json\" class=\"yoast-schema-graph\">{\"@context\":\"https:\\\/\\\/schema.org\",\"@graph\":[{\"@type\":\"Article\",\"@id\":\"https:\\\/\\\/mwc-cmm.org\\\/fr\\\/stories\\\/la-troisieme-conference-sur-la-paix-reunit-ensemble-la-foi-et-la-paix\\\/#article\",\"isPartOf\":{\"@id\":\"https:\\\/\\\/mwc-cmm.org\\\/fr\\\/stories\\\/la-troisieme-conference-sur-la-paix-reunit-ensemble-la-foi-et-la-paix\\\/\"},\"author\":{\"name\":\"mennworldcon\",\"@id\":\"https:\\\/\\\/mwc-cmm.org\\\/en\\\/#\\\/schema\\\/person\\\/11f6ae0d7d1868ba20a1cc27f067c836\"},\"headline\":\"La troisi\u00e8me conf\u00e9rence sur la paix r\u00e9unit ensemble la foi et la paix\",\"datePublished\":\"2023-07-20T00:00:00+00:00\",\"dateModified\":\"2024-12-10T17:20:26+00:00\",\"mainEntityOfPage\":{\"@id\":\"https:\\\/\\\/mwc-cmm.org\\\/fr\\\/stories\\\/la-troisieme-conference-sur-la-paix-reunit-ensemble-la-foi-et-la-paix\\\/\"},\"wordCount\":695,\"publisher\":{\"@id\":\"https:\\\/\\\/mwc-cmm.org\\\/en\\\/#organization\"},\"image\":{\"@id\":\"https:\\\/\\\/mwc-cmm.org\\\/fr\\\/stories\\\/la-troisieme-conference-sur-la-paix-reunit-ensemble-la-foi-et-la-paix\\\/#primaryimage\"},\"thumbnailUrl\":\"https:\\\/\\\/mwc-cmm.org\\\/wp-content\\\/uploads\\\/2024\\\/11\\\/2023-gmp3-img_6771-scaled.jpg\",\"articleSection\":[\"Non classifi\u00e9(e)\"],\"inLanguage\":\"fr-FR\"},{\"@type\":\"WebPage\",\"@id\":\"https:\\\/\\\/mwc-cmm.org\\\/fr\\\/stories\\\/la-troisieme-conference-sur-la-paix-reunit-ensemble-la-foi-et-la-paix\\\/\",\"url\":\"https:\\\/\\\/mwc-cmm.org\\\/fr\\\/stories\\\/la-troisieme-conference-sur-la-paix-reunit-ensemble-la-foi-et-la-paix\\\/\",\"name\":\"La troisi\u00e8me conf\u00e9rence sur la paix r\u00e9unit ensemble la foi et la paix - Mennonite World Conference\",\"isPartOf\":{\"@id\":\"https:\\\/\\\/mwc-cmm.org\\\/en\\\/#website\"},\"primaryImageOfPage\":{\"@id\":\"https:\\\/\\\/mwc-cmm.org\\\/fr\\\/stories\\\/la-troisieme-conference-sur-la-paix-reunit-ensemble-la-foi-et-la-paix\\\/#primaryimage\"},\"image\":{\"@id\":\"https:\\\/\\\/mwc-cmm.org\\\/fr\\\/stories\\\/la-troisieme-conference-sur-la-paix-reunit-ensemble-la-foi-et-la-paix\\\/#primaryimage\"},\"thumbnailUrl\":\"https:\\\/\\\/mwc-cmm.org\\\/wp-content\\\/uploads\\\/2024\\\/11\\\/2023-gmp3-img_6771-scaled.jpg\",\"datePublished\":\"2023-07-20T00:00:00+00:00\",\"dateModified\":\"2024-12-10T17:20:26+00:00\",\"breadcrumb\":{\"@id\":\"https:\\\/\\\/mwc-cmm.org\\\/fr\\\/stories\\\/la-troisieme-conference-sur-la-paix-reunit-ensemble-la-foi-et-la-paix\\\/#breadcrumb\"},\"inLanguage\":\"fr-FR\",\"potentialAction\":[{\"@type\":\"ReadAction\",\"target\":[\"https:\\\/\\\/mwc-cmm.org\\\/fr\\\/stories\\\/la-troisieme-conference-sur-la-paix-reunit-ensemble-la-foi-et-la-paix\\\/\"]}]},{\"@type\":\"ImageObject\",\"inLanguage\":\"fr-FR\",\"@id\":\"https:\\\/\\\/mwc-cmm.org\\\/fr\\\/stories\\\/la-troisieme-conference-sur-la-paix-reunit-ensemble-la-foi-et-la-paix\\\/#primaryimage\",\"url\":\"https:\\\/\\\/mwc-cmm.org\\\/wp-content\\\/uploads\\\/2024\\\/11\\\/2023-gmp3-img_6771-scaled.jpg\",\"contentUrl\":\"https:\\\/\\\/mwc-cmm.org\\\/wp-content\\\/uploads\\\/2024\\\/11\\\/2023-gmp3-img_6771-scaled.jpg\",\"width\":2560,\"height\":1707},{\"@type\":\"BreadcrumbList\",\"@id\":\"https:\\\/\\\/mwc-cmm.org\\\/fr\\\/stories\\\/la-troisieme-conference-sur-la-paix-reunit-ensemble-la-foi-et-la-paix\\\/#breadcrumb\",\"itemListElement\":[{\"@type\":\"ListItem\",\"position\":1,\"name\":\"Home\",\"item\":\"https:\\\/\\\/mwc-cmm.org\\\/fr\\\/\"},{\"@type\":\"ListItem\",\"position\":2,\"name\":\"La troisi\u00e8me conf\u00e9rence sur la paix r\u00e9unit ensemble la foi et la paix\"}]},{\"@type\":\"WebSite\",\"@id\":\"https:\\\/\\\/mwc-cmm.org\\\/en\\\/#website\",\"url\":\"https:\\\/\\\/mwc-cmm.org\\\/en\\\/\",\"name\":\"Mennonite World Conference\",\"description\":\"A communion of Anabaptist-related churches\",\"publisher\":{\"@id\":\"https:\\\/\\\/mwc-cmm.org\\\/en\\\/#organization\"},\"alternateName\":\"MWC\",\"potentialAction\":[{\"@type\":\"SearchAction\",\"target\":{\"@type\":\"EntryPoint\",\"urlTemplate\":\"https:\\\/\\\/mwc-cmm.org\\\/en\\\/?s={search_term_string}\"},\"query-input\":{\"@type\":\"PropertyValueSpecification\",\"valueRequired\":true,\"valueName\":\"search_term_string\"}}],\"inLanguage\":\"fr-FR\"},{\"@type\":\"Organization\",\"@id\":\"https:\\\/\\\/mwc-cmm.org\\\/en\\\/#organization\",\"name\":\"Mennonite World Conference\",\"alternateName\":\"MWC\",\"url\":\"https:\\\/\\\/mwc-cmm.org\\\/en\\\/\",\"logo\":{\"@type\":\"ImageObject\",\"inLanguage\":\"fr-FR\",\"@id\":\"https:\\\/\\\/mwc-cmm.org\\\/en\\\/#\\\/schema\\\/logo\\\/image\\\/\",\"url\":\"https:\\\/\\\/mwc-cmm.org\\\/wp-content\\\/uploads\\\/2026\\\/01\\\/MWC_Sig_Blue_Horiz_webheader1-logo.svg\",\"contentUrl\":\"https:\\\/\\\/mwc-cmm.org\\\/wp-content\\\/uploads\\\/2026\\\/01\\\/MWC_Sig_Blue_Horiz_webheader1-logo.svg\",\"width\":786,\"height\":82,\"caption\":\"Mennonite World Conference\"},\"image\":{\"@id\":\"https:\\\/\\\/mwc-cmm.org\\\/en\\\/#\\\/schema\\\/logo\\\/image\\\/\"},\"sameAs\":[\"https:\\\/\\\/www.facebook.com\\\/MennoniteWorldConference\",\"https:\\\/\\\/www.linkedin.com\\\/company\\\/mennonite-world-conference-mwc\\\/\",\"https:\\\/\\\/www.instagram.com\\\/mwcmm\\\/\",\"https:\\\/\\\/www.youtube.com\\\/user\\\/mwccmm\",\"https:\\\/\\\/bsky.app\\\/profile\\\/mwcmm.bsky.social\"]},{\"@type\":\"Person\",\"@id\":\"https:\\\/\\\/mwc-cmm.org\\\/en\\\/#\\\/schema\\\/person\\\/11f6ae0d7d1868ba20a1cc27f067c836\",\"name\":\"mennworldcon\",\"image\":{\"@type\":\"ImageObject\",\"inLanguage\":\"fr-FR\",\"@id\":\"https:\\\/\\\/secure.gravatar.com\\\/avatar\\\/06fdc0dc81c157dfdb82ec42f252178a22307808988d22c043f9eb96f1e0fe80?s=96&d=mm&r=g\",\"url\":\"https:\\\/\\\/secure.gravatar.com\\\/avatar\\\/06fdc0dc81c157dfdb82ec42f252178a22307808988d22c043f9eb96f1e0fe80?s=96&d=mm&r=g\",\"contentUrl\":\"https:\\\/\\\/secure.gravatar.com\\\/avatar\\\/06fdc0dc81c157dfdb82ec42f252178a22307808988d22c043f9eb96f1e0fe80?s=96&d=mm&r=g\",\"caption\":\"mennworldcon\"},\"sameAs\":[\"https:\\\/\\\/mwc-cmm.org\"],\"url\":\"https:\\\/\\\/mwc-cmm.org\\\/fr\\\/stories\\\/author\\\/mennworldcon\\\/\"}]}<\/script>\n<!-- \/ Yoast SEO plugin. -->","yoast_head_json":{"title":"La troisi\u00e8me conf\u00e9rence sur la paix r\u00e9unit ensemble la foi et la paix - Mennonite World Conference","robots":{"index":"index","follow":"follow","max-snippet":"max-snippet:-1","max-image-preview":"max-image-preview:large","max-video-preview":"max-video-preview:-1"},"canonical":"https:\/\/mwc-cmm.org\/fr\/stories\/la-troisieme-conference-sur-la-paix-reunit-ensemble-la-foi-et-la-paix\/","og_locale":"fr_FR","og_type":"article","og_title":"La troisi\u00e8me conf\u00e9rence sur la paix r\u00e9unit ensemble la foi et la paix - Mennonite World Conference","og_description":"\u00ab&nbsp;Il y a quelque chose dans l\u2019air ambiant parmi les th\u00e9ologiens mennonites, les sp\u00e9cialistes de la construction de la paix et les praticiens autour du projet d\u00e9colonial &#8230;, qui est \u00e0 la fois int\u00e9ressant et tr\u00e8s bon&nbsp;\u00bb&nbsp;, dit Andrew Suderman.&nbsp;&nbsp;&nbsp; Ce professeur de l\u2019Eastern Mennonite University et secr\u00e9taire de la Commission Paix de la Conf\u00e9rence [&hellip;]","og_url":"https:\/\/mwc-cmm.org\/fr\/stories\/la-troisieme-conference-sur-la-paix-reunit-ensemble-la-foi-et-la-paix\/","og_site_name":"Mennonite World Conference","article_publisher":"https:\/\/www.facebook.com\/MennoniteWorldConference","article_published_time":"2023-07-20T00:00:00+00:00","article_modified_time":"2024-12-10T17:20:26+00:00","og_image":[{"width":2560,"height":1707,"url":"https:\/\/mwc-cmm.org\/wp-content\/uploads\/2024\/11\/2023-gmp3-img_6771-scaled.jpg","type":"image\/jpeg"}],"author":"mennworldcon","schema":{"@context":"https:\/\/schema.org","@graph":[{"@type":"Article","@id":"https:\/\/mwc-cmm.org\/fr\/stories\/la-troisieme-conference-sur-la-paix-reunit-ensemble-la-foi-et-la-paix\/#article","isPartOf":{"@id":"https:\/\/mwc-cmm.org\/fr\/stories\/la-troisieme-conference-sur-la-paix-reunit-ensemble-la-foi-et-la-paix\/"},"author":{"name":"mennworldcon","@id":"https:\/\/mwc-cmm.org\/en\/#\/schema\/person\/11f6ae0d7d1868ba20a1cc27f067c836"},"headline":"La troisi\u00e8me conf\u00e9rence sur la paix r\u00e9unit ensemble la foi et la paix","datePublished":"2023-07-20T00:00:00+00:00","dateModified":"2024-12-10T17:20:26+00:00","mainEntityOfPage":{"@id":"https:\/\/mwc-cmm.org\/fr\/stories\/la-troisieme-conference-sur-la-paix-reunit-ensemble-la-foi-et-la-paix\/"},"wordCount":695,"publisher":{"@id":"https:\/\/mwc-cmm.org\/en\/#organization"},"image":{"@id":"https:\/\/mwc-cmm.org\/fr\/stories\/la-troisieme-conference-sur-la-paix-reunit-ensemble-la-foi-et-la-paix\/#primaryimage"},"thumbnailUrl":"https:\/\/mwc-cmm.org\/wp-content\/uploads\/2024\/11\/2023-gmp3-img_6771-scaled.jpg","articleSection":["Non classifi\u00e9(e)"],"inLanguage":"fr-FR"},{"@type":"WebPage","@id":"https:\/\/mwc-cmm.org\/fr\/stories\/la-troisieme-conference-sur-la-paix-reunit-ensemble-la-foi-et-la-paix\/","url":"https:\/\/mwc-cmm.org\/fr\/stories\/la-troisieme-conference-sur-la-paix-reunit-ensemble-la-foi-et-la-paix\/","name":"La troisi\u00e8me conf\u00e9rence sur la paix r\u00e9unit ensemble la foi et la paix - Mennonite World Conference","isPartOf":{"@id":"https:\/\/mwc-cmm.org\/en\/#website"},"primaryImageOfPage":{"@id":"https:\/\/mwc-cmm.org\/fr\/stories\/la-troisieme-conference-sur-la-paix-reunit-ensemble-la-foi-et-la-paix\/#primaryimage"},"image":{"@id":"https:\/\/mwc-cmm.org\/fr\/stories\/la-troisieme-conference-sur-la-paix-reunit-ensemble-la-foi-et-la-paix\/#primaryimage"},"thumbnailUrl":"https:\/\/mwc-cmm.org\/wp-content\/uploads\/2024\/11\/2023-gmp3-img_6771-scaled.jpg","datePublished":"2023-07-20T00:00:00+00:00","dateModified":"2024-12-10T17:20:26+00:00","breadcrumb":{"@id":"https:\/\/mwc-cmm.org\/fr\/stories\/la-troisieme-conference-sur-la-paix-reunit-ensemble-la-foi-et-la-paix\/#breadcrumb"},"inLanguage":"fr-FR","potentialAction":[{"@type":"ReadAction","target":["https:\/\/mwc-cmm.org\/fr\/stories\/la-troisieme-conference-sur-la-paix-reunit-ensemble-la-foi-et-la-paix\/"]}]},{"@type":"ImageObject","inLanguage":"fr-FR","@id":"https:\/\/mwc-cmm.org\/fr\/stories\/la-troisieme-conference-sur-la-paix-reunit-ensemble-la-foi-et-la-paix\/#primaryimage","url":"https:\/\/mwc-cmm.org\/wp-content\/uploads\/2024\/11\/2023-gmp3-img_6771-scaled.jpg","contentUrl":"https:\/\/mwc-cmm.org\/wp-content\/uploads\/2024\/11\/2023-gmp3-img_6771-scaled.jpg","width":2560,"height":1707},{"@type":"BreadcrumbList","@id":"https:\/\/mwc-cmm.org\/fr\/stories\/la-troisieme-conference-sur-la-paix-reunit-ensemble-la-foi-et-la-paix\/#breadcrumb","itemListElement":[{"@type":"ListItem","position":1,"name":"Home","item":"https:\/\/mwc-cmm.org\/fr\/"},{"@type":"ListItem","position":2,"name":"La troisi\u00e8me conf\u00e9rence sur la paix r\u00e9unit ensemble la foi et la paix"}]},{"@type":"WebSite","@id":"https:\/\/mwc-cmm.org\/en\/#website","url":"https:\/\/mwc-cmm.org\/en\/","name":"Mennonite World Conference","description":"A communion of Anabaptist-related churches","publisher":{"@id":"https:\/\/mwc-cmm.org\/en\/#organization"},"alternateName":"MWC","potentialAction":[{"@type":"SearchAction","target":{"@type":"EntryPoint","urlTemplate":"https:\/\/mwc-cmm.org\/en\/?s={search_term_string}"},"query-input":{"@type":"PropertyValueSpecification","valueRequired":true,"valueName":"search_term_string"}}],"inLanguage":"fr-FR"},{"@type":"Organization","@id":"https:\/\/mwc-cmm.org\/en\/#organization","name":"Mennonite World Conference","alternateName":"MWC","url":"https:\/\/mwc-cmm.org\/en\/","logo":{"@type":"ImageObject","inLanguage":"fr-FR","@id":"https:\/\/mwc-cmm.org\/en\/#\/schema\/logo\/image\/","url":"https:\/\/mwc-cmm.org\/wp-content\/uploads\/2026\/01\/MWC_Sig_Blue_Horiz_webheader1-logo.svg","contentUrl":"https:\/\/mwc-cmm.org\/wp-content\/uploads\/2026\/01\/MWC_Sig_Blue_Horiz_webheader1-logo.svg","width":786,"height":82,"caption":"Mennonite World Conference"},"image":{"@id":"https:\/\/mwc-cmm.org\/en\/#\/schema\/logo\/image\/"},"sameAs":["https:\/\/www.facebook.com\/MennoniteWorldConference","https:\/\/www.linkedin.com\/company\/mennonite-world-conference-mwc\/","https:\/\/www.instagram.com\/mwcmm\/","https:\/\/www.youtube.com\/user\/mwccmm","https:\/\/bsky.app\/profile\/mwcmm.bsky.social"]},{"@type":"Person","@id":"https:\/\/mwc-cmm.org\/en\/#\/schema\/person\/11f6ae0d7d1868ba20a1cc27f067c836","name":"mennworldcon","image":{"@type":"ImageObject","inLanguage":"fr-FR","@id":"https:\/\/secure.gravatar.com\/avatar\/06fdc0dc81c157dfdb82ec42f252178a22307808988d22c043f9eb96f1e0fe80?s=96&d=mm&r=g","url":"https:\/\/secure.gravatar.com\/avatar\/06fdc0dc81c157dfdb82ec42f252178a22307808988d22c043f9eb96f1e0fe80?s=96&d=mm&r=g","contentUrl":"https:\/\/secure.gravatar.com\/avatar\/06fdc0dc81c157dfdb82ec42f252178a22307808988d22c043f9eb96f1e0fe80?s=96&d=mm&r=g","caption":"mennworldcon"},"sameAs":["https:\/\/mwc-cmm.org"],"url":"https:\/\/mwc-cmm.org\/fr\/stories\/author\/mennworldcon\/"}]}},"_links":{"self":[{"href":"https:\/\/mwc-cmm.org\/fr\/wp-json\/wp\/v2\/posts\/10544","targetHints":{"allow":["GET"]}}],"collection":[{"href":"https:\/\/mwc-cmm.org\/fr\/wp-json\/wp\/v2\/posts"}],"about":[{"href":"https:\/\/mwc-cmm.org\/fr\/wp-json\/wp\/v2\/types\/post"}],"author":[{"embeddable":true,"href":"https:\/\/mwc-cmm.org\/fr\/wp-json\/wp\/v2\/users\/1"}],"replies":[{"embeddable":true,"href":"https:\/\/mwc-cmm.org\/fr\/wp-json\/wp\/v2\/comments?post=10544"}],"version-history":[{"count":0,"href":"https:\/\/mwc-cmm.org\/fr\/wp-json\/wp\/v2\/posts\/10544\/revisions"}],"wp:featuredmedia":[{"embeddable":true,"href":"https:\/\/mwc-cmm.org\/fr\/wp-json\/wp\/v2\/media\/96998"}],"wp:attachment":[{"href":"https:\/\/mwc-cmm.org\/fr\/wp-json\/wp\/v2\/media?parent=10544"}],"wp:term":[{"taxonomy":"category","embeddable":true,"href":"https:\/\/mwc-cmm.org\/fr\/wp-json\/wp\/v2\/categories?post=10544"},{"taxonomy":"post_tag","embeddable":true,"href":"https:\/\/mwc-cmm.org\/fr\/wp-json\/wp\/v2\/tags?post=10544"},{"taxonomy":"network","embeddable":true,"href":"https:\/\/mwc-cmm.org\/fr\/wp-json\/wp\/v2\/network?post=10544"},{"taxonomy":"eventcategory","embeddable":true,"href":"https:\/\/mwc-cmm.org\/fr\/wp-json\/wp\/v2\/eventcategory?post=10544"}],"curies":[{"name":"wp","href":"https:\/\/api.w.org\/{rel}","templated":true}]}}