{"id":10533,"date":"2023-06-20T00:00:00","date_gmt":"2023-06-20T00:00:00","guid":{"rendered":"https:\/\/mwc-cmm.org\/a-declaration-for-peace-3\/"},"modified":"2024-12-10T17:20:20","modified_gmt":"2024-12-10T17:20:20","slug":"une-declaration-pour-la-paix","status":"publish","type":"post","link":"https:\/\/mwc-cmm.org\/fr\/stories\/une-declaration-pour-la-paix\/","title":{"rendered":"Une d\u00e9claration pour la paix"},"content":{"rendered":"<p>Les murs \u00e9taient les arbres de la for\u00eat, les lumi\u00e8res et le son provenaient de batteries solaires et les eaux du bapt\u00eame \u00e9taient la rivi\u00e8re elle-m\u00eame. L&rsquo;esprit d&rsquo;adoration \u00e0 travers les chants, les pri\u00e8res ferventes et les appels \u00e0 suivre J\u00e9sus, notre esp\u00e9rance, sur le chemin de la paix, sont familiers \u00e0 toutes les cultures. Les jeunes mennonites du Myanmar se sont r\u00e9unis du 13 au 17 avril 2023 pour une conf\u00e9rence sur la paix \u00e0 Akaw, dans le canton de Bogale, dans la r\u00e9gion du Delta.<\/p>\n<p>La conf\u00e9rence s&rsquo;est concentr\u00e9e sur Eph\u00e9siens 2:17 : l&rsquo;\u00e9vangile de la paix.&nbsp;<\/p>\n<p>Le sujet est tr\u00e8s significatif pour les jeunes qui vivent le traumatisme de la guerre civile au Myanmar.<\/p>\n<p>Apr\u00e8s des \u00e9lections nationales d\u00e9mocratiques, les militaires du Myanmar ont pris le pouvoir et install\u00e9 leurs propres dirigeants en f\u00e9vrier 2021. Ils ont r\u00e9pondu aux manifestations en faveur de la d\u00e9mocratie par la violence, ce qui a rapidement donn\u00e9 naissance \u00e0 des milices.<\/p>\n<figure class=\"image\" style=\"float:right\"><img decoding=\"async\" alt=\"\" height=\"175\" data-src=\"https:\/\/mwc-cmm.org\/wp-content\/uploads\/2024\/10\/whatsapp_image_2023-06-08_at_23.59.59_5.jpeg\" width=\"233\" src=\"data:image\/svg+xml;base64,PHN2ZyB3aWR0aD0iMSIgaGVpZ2h0PSIxIiB4bWxucz0iaHR0cDovL3d3dy53My5vcmcvMjAwMC9zdmciPjwvc3ZnPg==\" class=\"lazyload\" style=\"--smush-placeholder-width: 233px; --smush-placeholder-aspect-ratio: 233\/175;\"><figcaption>Amos Chin<\/figcaption><\/figure>\n<p>\u00ab\u00a0Nous ne voulons pas que nos jeunes s&rsquo;engagent dans une r\u00e9volution arm\u00e9e\u00a0\u00bb, d\u00e9clare Amos Chin, responsable d&rsquo;\u00e9glise mennonite et orateur de la conf\u00e9rence.&nbsp;<\/p>\n<p>\u00ab\u00a0Alors que ces jeunes traversent la guerre civile et sont menac\u00e9s par les extr\u00e9mistes, ils sont profond\u00e9ment inspir\u00e9s et renforc\u00e9s par le message [de paix de la conf\u00e9rence]\u00a0\u00bb, d\u00e9clare John Stanley Puia, responsable d&rsquo;\u00e9glise et organisateur de la conf\u00e9rence.&nbsp;<\/p>\n<p>\u00ab\u00a0Tous les jeunes sont convaincus du mouvement pacifique et ont fait une d\u00e9claration en faveur de la paix afin de ne pas s&rsquo;engager dans une r\u00e9volution arm\u00e9e ou un conflit politique\u00a0\u00bb, d\u00e9clare Amos Chin. Il \u00e9tait l&rsquo;un des quatre \u00e9vang\u00e9listes qui se sont adress\u00e9s aux jeunes.<\/p>\n<p>\u00ab\u00a0Nous avons besoin de plus de conf\u00e9rences sur la paix et de plus de programmes pacifiques pour une g\u00e9n\u00e9ration qui ne l&rsquo;est pas\u00a0\u00bb, a d\u00e9clar\u00e9 John Stanley Puia.&nbsp;<\/p>\n<p>168 jeunes \u00e2g\u00e9s de 16 \u00e0 35 ans se sont inscrits \u00e0 ce week-end de conf\u00e9rence, au cours duquel sept personnes ont \u00e9t\u00e9 baptis\u00e9es.<\/p>\n<p style=\"text-align:center\"><img decoding=\"async\" alt=\"\" height=\"300\" data-src=\"\/sites\/default\/files\/website_files_2020\/myanmar_fr.jpg\" width=\"810\" src=\"data:image\/svg+xml;base64,PHN2ZyB3aWR0aD0iMSIgaGVpZ2h0PSIxIiB4bWxucz0iaHR0cDovL3d3dy53My5vcmcvMjAwMC9zdmciPjwvc3ZnPg==\" class=\"lazyload\" style=\"--smush-placeholder-width: 810px; --smush-placeholder-aspect-ratio: 810\/300;\"><\/p>\n<p>&nbsp;<\/p>\n","protected":false},"excerpt":{"rendered":"<p>Les murs \u00e9taient les arbres de la for\u00eat, les lumi\u00e8res et le son provenaient de batteries solaires et les eaux du bapt\u00eame \u00e9taient la rivi\u00e8re elle-m\u00eame. L&rsquo;esprit d&rsquo;adoration \u00e0 travers les chants, les pri\u00e8res ferventes et les appels \u00e0 suivre J\u00e9sus, notre esp\u00e9rance, sur le chemin de la paix, sont familiers \u00e0 toutes les cultures. [&hellip;]<\/p>\n","protected":false},"author":1,"featured_media":96858,"comment_status":"closed","ping_status":"closed","sticky":false,"template":"","format":"standard","meta":{"_acf_changed":false,"footnotes":""},"categories":[7],"tags":[],"network":[],"eventcategory":[],"class_list":["post-10533","post","type-post","status-publish","format-standard","has-post-thumbnail","hentry","category-non-classifiee"],"acf":[],"yoast_head":"<!-- This site is optimized with the Yoast SEO plugin v27.2 - https:\/\/yoast.com\/product\/yoast-seo-wordpress\/ -->\n<title>Une d\u00e9claration pour la paix - Mennonite World Conference<\/title>\n<meta name=\"robots\" content=\"index, follow, max-snippet:-1, max-image-preview:large, max-video-preview:-1\" \/>\n<link rel=\"canonical\" href=\"https:\/\/mwc-cmm.org\/fr\/stories\/une-declaration-pour-la-paix\/\" \/>\n<meta property=\"og:locale\" content=\"fr_FR\" \/>\n<meta property=\"og:type\" content=\"article\" \/>\n<meta property=\"og:title\" content=\"Une d\u00e9claration pour la paix - Mennonite World Conference\" \/>\n<meta property=\"og:description\" content=\"Les murs \u00e9taient les arbres de la for\u00eat, les lumi\u00e8res et le son provenaient de batteries solaires et les eaux du bapt\u00eame \u00e9taient la rivi\u00e8re elle-m\u00eame. L&rsquo;esprit d&rsquo;adoration \u00e0 travers les chants, les pri\u00e8res ferventes et les appels \u00e0 suivre J\u00e9sus, notre esp\u00e9rance, sur le chemin de la paix, sont familiers \u00e0 toutes les cultures. [&hellip;]\" \/>\n<meta property=\"og:url\" content=\"https:\/\/mwc-cmm.org\/fr\/stories\/une-declaration-pour-la-paix\/\" \/>\n<meta property=\"og:site_name\" content=\"Mennonite World Conference\" \/>\n<meta property=\"article:publisher\" content=\"https:\/\/www.facebook.com\/MennoniteWorldConference\" \/>\n<meta property=\"article:published_time\" content=\"2023-06-20T00:00:00+00:00\" \/>\n<meta property=\"article:modified_time\" content=\"2024-12-10T17:20:20+00:00\" \/>\n<meta property=\"og:image\" content=\"https:\/\/mwc-cmm.org\/wp-content\/uploads\/2024\/11\/whatsapp_image_2023-06-08_at_23.59.59.jpeg\" \/>\n\t<meta property=\"og:image:width\" content=\"1034\" \/>\n\t<meta property=\"og:image:height\" content=\"634\" \/>\n\t<meta property=\"og:image:type\" content=\"image\/jpeg\" \/>\n<meta name=\"author\" content=\"mennworldcon\" \/>\n<script type=\"application\/ld+json\" class=\"yoast-schema-graph\">{\"@context\":\"https:\/\/schema.org\",\"@graph\":[{\"@type\":\"Article\",\"@id\":\"https:\/\/mwc-cmm.org\/fr\/stories\/une-declaration-pour-la-paix\/#article\",\"isPartOf\":{\"@id\":\"https:\/\/mwc-cmm.org\/fr\/stories\/une-declaration-pour-la-paix\/\"},\"author\":{\"name\":\"mennworldcon\",\"@id\":\"https:\/\/mwc-cmm.org\/en\/#\/schema\/person\/11f6ae0d7d1868ba20a1cc27f067c836\"},\"headline\":\"Une d\u00e9claration pour la paix\",\"datePublished\":\"2023-06-20T00:00:00+00:00\",\"dateModified\":\"2024-12-10T17:20:20+00:00\",\"mainEntityOfPage\":{\"@id\":\"https:\/\/mwc-cmm.org\/fr\/stories\/une-declaration-pour-la-paix\/\"},\"wordCount\":372,\"publisher\":{\"@id\":\"https:\/\/mwc-cmm.org\/en\/#organization\"},\"image\":{\"@id\":\"https:\/\/mwc-cmm.org\/fr\/stories\/une-declaration-pour-la-paix\/#primaryimage\"},\"thumbnailUrl\":\"https:\/\/mwc-cmm.org\/wp-content\/uploads\/2024\/11\/whatsapp_image_2023-06-08_at_23.59.59.jpeg\",\"articleSection\":[\"Non classifi\u00e9(e)\"],\"inLanguage\":\"fr-FR\"},{\"@type\":\"WebPage\",\"@id\":\"https:\/\/mwc-cmm.org\/fr\/stories\/une-declaration-pour-la-paix\/\",\"url\":\"https:\/\/mwc-cmm.org\/fr\/stories\/une-declaration-pour-la-paix\/\",\"name\":\"Une d\u00e9claration pour la paix - Mennonite World Conference\",\"isPartOf\":{\"@id\":\"https:\/\/mwc-cmm.org\/en\/#website\"},\"primaryImageOfPage\":{\"@id\":\"https:\/\/mwc-cmm.org\/fr\/stories\/une-declaration-pour-la-paix\/#primaryimage\"},\"image\":{\"@id\":\"https:\/\/mwc-cmm.org\/fr\/stories\/une-declaration-pour-la-paix\/#primaryimage\"},\"thumbnailUrl\":\"https:\/\/mwc-cmm.org\/wp-content\/uploads\/2024\/11\/whatsapp_image_2023-06-08_at_23.59.59.jpeg\",\"datePublished\":\"2023-06-20T00:00:00+00:00\",\"dateModified\":\"2024-12-10T17:20:20+00:00\",\"breadcrumb\":{\"@id\":\"https:\/\/mwc-cmm.org\/fr\/stories\/une-declaration-pour-la-paix\/#breadcrumb\"},\"inLanguage\":\"fr-FR\",\"potentialAction\":[{\"@type\":\"ReadAction\",\"target\":[\"https:\/\/mwc-cmm.org\/fr\/stories\/une-declaration-pour-la-paix\/\"]}]},{\"@type\":\"ImageObject\",\"inLanguage\":\"fr-FR\",\"@id\":\"https:\/\/mwc-cmm.org\/fr\/stories\/une-declaration-pour-la-paix\/#primaryimage\",\"url\":\"https:\/\/mwc-cmm.org\/wp-content\/uploads\/2024\/11\/whatsapp_image_2023-06-08_at_23.59.59.jpeg\",\"contentUrl\":\"https:\/\/mwc-cmm.org\/wp-content\/uploads\/2024\/11\/whatsapp_image_2023-06-08_at_23.59.59.jpeg\",\"width\":1034,\"height\":634},{\"@type\":\"BreadcrumbList\",\"@id\":\"https:\/\/mwc-cmm.org\/fr\/stories\/une-declaration-pour-la-paix\/#breadcrumb\",\"itemListElement\":[{\"@type\":\"ListItem\",\"position\":1,\"name\":\"Home\",\"item\":\"https:\/\/mwc-cmm.org\/fr\/\"},{\"@type\":\"ListItem\",\"position\":2,\"name\":\"Une d\u00e9claration pour la paix\"}]},{\"@type\":\"WebSite\",\"@id\":\"https:\/\/mwc-cmm.org\/en\/#website\",\"url\":\"https:\/\/mwc-cmm.org\/en\/\",\"name\":\"Mennonite World Conference\",\"description\":\"A communion of Anabaptist-related churches\",\"publisher\":{\"@id\":\"https:\/\/mwc-cmm.org\/en\/#organization\"},\"alternateName\":\"MWC\",\"potentialAction\":[{\"@type\":\"SearchAction\",\"target\":{\"@type\":\"EntryPoint\",\"urlTemplate\":\"https:\/\/mwc-cmm.org\/en\/?s={search_term_string}\"},\"query-input\":{\"@type\":\"PropertyValueSpecification\",\"valueRequired\":true,\"valueName\":\"search_term_string\"}}],\"inLanguage\":\"fr-FR\"},{\"@type\":\"Organization\",\"@id\":\"https:\/\/mwc-cmm.org\/en\/#organization\",\"name\":\"Mennonite World Conference\",\"alternateName\":\"MWC\",\"url\":\"https:\/\/mwc-cmm.org\/en\/\",\"logo\":{\"@type\":\"ImageObject\",\"inLanguage\":\"fr-FR\",\"@id\":\"https:\/\/mwc-cmm.org\/en\/#\/schema\/logo\/image\/\",\"url\":\"https:\/\/mwc-cmm.org\/wp-content\/uploads\/2026\/01\/MWC_Sig_Blue_Horiz_webheader1-logo.svg\",\"contentUrl\":\"https:\/\/mwc-cmm.org\/wp-content\/uploads\/2026\/01\/MWC_Sig_Blue_Horiz_webheader1-logo.svg\",\"width\":786,\"height\":82,\"caption\":\"Mennonite World Conference\"},\"image\":{\"@id\":\"https:\/\/mwc-cmm.org\/en\/#\/schema\/logo\/image\/\"},\"sameAs\":[\"https:\/\/www.facebook.com\/MennoniteWorldConference\",\"https:\/\/www.linkedin.com\/company\/mennonite-world-conference-mwc\/\",\"https:\/\/www.instagram.com\/mwcmm\/\",\"https:\/\/www.youtube.com\/user\/mwccmm\",\"https:\/\/bsky.app\/profile\/mwcmm.bsky.social\"]},{\"@type\":\"Person\",\"@id\":\"https:\/\/mwc-cmm.org\/en\/#\/schema\/person\/11f6ae0d7d1868ba20a1cc27f067c836\",\"name\":\"mennworldcon\",\"image\":{\"@type\":\"ImageObject\",\"inLanguage\":\"fr-FR\",\"@id\":\"https:\/\/secure.gravatar.com\/avatar\/06fdc0dc81c157dfdb82ec42f252178a22307808988d22c043f9eb96f1e0fe80?s=96&d=mm&r=g\",\"url\":\"https:\/\/secure.gravatar.com\/avatar\/06fdc0dc81c157dfdb82ec42f252178a22307808988d22c043f9eb96f1e0fe80?s=96&d=mm&r=g\",\"contentUrl\":\"https:\/\/secure.gravatar.com\/avatar\/06fdc0dc81c157dfdb82ec42f252178a22307808988d22c043f9eb96f1e0fe80?s=96&d=mm&r=g\",\"caption\":\"mennworldcon\"},\"sameAs\":[\"https:\/\/mwc-cmm.org\"],\"url\":\"https:\/\/mwc-cmm.org\/fr\/stories\/author\/mennworldcon\/\"}]}<\/script>\n<!-- \/ Yoast SEO plugin. -->","yoast_head_json":{"title":"Une d\u00e9claration pour la paix - Mennonite World Conference","robots":{"index":"index","follow":"follow","max-snippet":"max-snippet:-1","max-image-preview":"max-image-preview:large","max-video-preview":"max-video-preview:-1"},"canonical":"https:\/\/mwc-cmm.org\/fr\/stories\/une-declaration-pour-la-paix\/","og_locale":"fr_FR","og_type":"article","og_title":"Une d\u00e9claration pour la paix - Mennonite World Conference","og_description":"Les murs \u00e9taient les arbres de la for\u00eat, les lumi\u00e8res et le son provenaient de batteries solaires et les eaux du bapt\u00eame \u00e9taient la rivi\u00e8re elle-m\u00eame. L&rsquo;esprit d&rsquo;adoration \u00e0 travers les chants, les pri\u00e8res ferventes et les appels \u00e0 suivre J\u00e9sus, notre esp\u00e9rance, sur le chemin de la paix, sont familiers \u00e0 toutes les cultures. [&hellip;]","og_url":"https:\/\/mwc-cmm.org\/fr\/stories\/une-declaration-pour-la-paix\/","og_site_name":"Mennonite World Conference","article_publisher":"https:\/\/www.facebook.com\/MennoniteWorldConference","article_published_time":"2023-06-20T00:00:00+00:00","article_modified_time":"2024-12-10T17:20:20+00:00","og_image":[{"width":1034,"height":634,"url":"https:\/\/mwc-cmm.org\/wp-content\/uploads\/2024\/11\/whatsapp_image_2023-06-08_at_23.59.59.jpeg","type":"image\/jpeg"}],"author":"mennworldcon","schema":{"@context":"https:\/\/schema.org","@graph":[{"@type":"Article","@id":"https:\/\/mwc-cmm.org\/fr\/stories\/une-declaration-pour-la-paix\/#article","isPartOf":{"@id":"https:\/\/mwc-cmm.org\/fr\/stories\/une-declaration-pour-la-paix\/"},"author":{"name":"mennworldcon","@id":"https:\/\/mwc-cmm.org\/en\/#\/schema\/person\/11f6ae0d7d1868ba20a1cc27f067c836"},"headline":"Une d\u00e9claration pour la paix","datePublished":"2023-06-20T00:00:00+00:00","dateModified":"2024-12-10T17:20:20+00:00","mainEntityOfPage":{"@id":"https:\/\/mwc-cmm.org\/fr\/stories\/une-declaration-pour-la-paix\/"},"wordCount":372,"publisher":{"@id":"https:\/\/mwc-cmm.org\/en\/#organization"},"image":{"@id":"https:\/\/mwc-cmm.org\/fr\/stories\/une-declaration-pour-la-paix\/#primaryimage"},"thumbnailUrl":"https:\/\/mwc-cmm.org\/wp-content\/uploads\/2024\/11\/whatsapp_image_2023-06-08_at_23.59.59.jpeg","articleSection":["Non classifi\u00e9(e)"],"inLanguage":"fr-FR"},{"@type":"WebPage","@id":"https:\/\/mwc-cmm.org\/fr\/stories\/une-declaration-pour-la-paix\/","url":"https:\/\/mwc-cmm.org\/fr\/stories\/une-declaration-pour-la-paix\/","name":"Une d\u00e9claration pour la paix - Mennonite World Conference","isPartOf":{"@id":"https:\/\/mwc-cmm.org\/en\/#website"},"primaryImageOfPage":{"@id":"https:\/\/mwc-cmm.org\/fr\/stories\/une-declaration-pour-la-paix\/#primaryimage"},"image":{"@id":"https:\/\/mwc-cmm.org\/fr\/stories\/une-declaration-pour-la-paix\/#primaryimage"},"thumbnailUrl":"https:\/\/mwc-cmm.org\/wp-content\/uploads\/2024\/11\/whatsapp_image_2023-06-08_at_23.59.59.jpeg","datePublished":"2023-06-20T00:00:00+00:00","dateModified":"2024-12-10T17:20:20+00:00","breadcrumb":{"@id":"https:\/\/mwc-cmm.org\/fr\/stories\/une-declaration-pour-la-paix\/#breadcrumb"},"inLanguage":"fr-FR","potentialAction":[{"@type":"ReadAction","target":["https:\/\/mwc-cmm.org\/fr\/stories\/une-declaration-pour-la-paix\/"]}]},{"@type":"ImageObject","inLanguage":"fr-FR","@id":"https:\/\/mwc-cmm.org\/fr\/stories\/une-declaration-pour-la-paix\/#primaryimage","url":"https:\/\/mwc-cmm.org\/wp-content\/uploads\/2024\/11\/whatsapp_image_2023-06-08_at_23.59.59.jpeg","contentUrl":"https:\/\/mwc-cmm.org\/wp-content\/uploads\/2024\/11\/whatsapp_image_2023-06-08_at_23.59.59.jpeg","width":1034,"height":634},{"@type":"BreadcrumbList","@id":"https:\/\/mwc-cmm.org\/fr\/stories\/une-declaration-pour-la-paix\/#breadcrumb","itemListElement":[{"@type":"ListItem","position":1,"name":"Home","item":"https:\/\/mwc-cmm.org\/fr\/"},{"@type":"ListItem","position":2,"name":"Une d\u00e9claration pour la paix"}]},{"@type":"WebSite","@id":"https:\/\/mwc-cmm.org\/en\/#website","url":"https:\/\/mwc-cmm.org\/en\/","name":"Mennonite World Conference","description":"A communion of Anabaptist-related churches","publisher":{"@id":"https:\/\/mwc-cmm.org\/en\/#organization"},"alternateName":"MWC","potentialAction":[{"@type":"SearchAction","target":{"@type":"EntryPoint","urlTemplate":"https:\/\/mwc-cmm.org\/en\/?s={search_term_string}"},"query-input":{"@type":"PropertyValueSpecification","valueRequired":true,"valueName":"search_term_string"}}],"inLanguage":"fr-FR"},{"@type":"Organization","@id":"https:\/\/mwc-cmm.org\/en\/#organization","name":"Mennonite World Conference","alternateName":"MWC","url":"https:\/\/mwc-cmm.org\/en\/","logo":{"@type":"ImageObject","inLanguage":"fr-FR","@id":"https:\/\/mwc-cmm.org\/en\/#\/schema\/logo\/image\/","url":"https:\/\/mwc-cmm.org\/wp-content\/uploads\/2026\/01\/MWC_Sig_Blue_Horiz_webheader1-logo.svg","contentUrl":"https:\/\/mwc-cmm.org\/wp-content\/uploads\/2026\/01\/MWC_Sig_Blue_Horiz_webheader1-logo.svg","width":786,"height":82,"caption":"Mennonite World Conference"},"image":{"@id":"https:\/\/mwc-cmm.org\/en\/#\/schema\/logo\/image\/"},"sameAs":["https:\/\/www.facebook.com\/MennoniteWorldConference","https:\/\/www.linkedin.com\/company\/mennonite-world-conference-mwc\/","https:\/\/www.instagram.com\/mwcmm\/","https:\/\/www.youtube.com\/user\/mwccmm","https:\/\/bsky.app\/profile\/mwcmm.bsky.social"]},{"@type":"Person","@id":"https:\/\/mwc-cmm.org\/en\/#\/schema\/person\/11f6ae0d7d1868ba20a1cc27f067c836","name":"mennworldcon","image":{"@type":"ImageObject","inLanguage":"fr-FR","@id":"https:\/\/secure.gravatar.com\/avatar\/06fdc0dc81c157dfdb82ec42f252178a22307808988d22c043f9eb96f1e0fe80?s=96&d=mm&r=g","url":"https:\/\/secure.gravatar.com\/avatar\/06fdc0dc81c157dfdb82ec42f252178a22307808988d22c043f9eb96f1e0fe80?s=96&d=mm&r=g","contentUrl":"https:\/\/secure.gravatar.com\/avatar\/06fdc0dc81c157dfdb82ec42f252178a22307808988d22c043f9eb96f1e0fe80?s=96&d=mm&r=g","caption":"mennworldcon"},"sameAs":["https:\/\/mwc-cmm.org"],"url":"https:\/\/mwc-cmm.org\/fr\/stories\/author\/mennworldcon\/"}]}},"_links":{"self":[{"href":"https:\/\/mwc-cmm.org\/fr\/wp-json\/wp\/v2\/posts\/10533","targetHints":{"allow":["GET"]}}],"collection":[{"href":"https:\/\/mwc-cmm.org\/fr\/wp-json\/wp\/v2\/posts"}],"about":[{"href":"https:\/\/mwc-cmm.org\/fr\/wp-json\/wp\/v2\/types\/post"}],"author":[{"embeddable":true,"href":"https:\/\/mwc-cmm.org\/fr\/wp-json\/wp\/v2\/users\/1"}],"replies":[{"embeddable":true,"href":"https:\/\/mwc-cmm.org\/fr\/wp-json\/wp\/v2\/comments?post=10533"}],"version-history":[{"count":0,"href":"https:\/\/mwc-cmm.org\/fr\/wp-json\/wp\/v2\/posts\/10533\/revisions"}],"wp:featuredmedia":[{"embeddable":true,"href":"https:\/\/mwc-cmm.org\/fr\/wp-json\/wp\/v2\/media\/96858"}],"wp:attachment":[{"href":"https:\/\/mwc-cmm.org\/fr\/wp-json\/wp\/v2\/media?parent=10533"}],"wp:term":[{"taxonomy":"category","embeddable":true,"href":"https:\/\/mwc-cmm.org\/fr\/wp-json\/wp\/v2\/categories?post=10533"},{"taxonomy":"post_tag","embeddable":true,"href":"https:\/\/mwc-cmm.org\/fr\/wp-json\/wp\/v2\/tags?post=10533"},{"taxonomy":"network","embeddable":true,"href":"https:\/\/mwc-cmm.org\/fr\/wp-json\/wp\/v2\/network?post=10533"},{"taxonomy":"eventcategory","embeddable":true,"href":"https:\/\/mwc-cmm.org\/fr\/wp-json\/wp\/v2\/eventcategory?post=10533"}],"curies":[{"name":"wp","href":"https:\/\/api.w.org\/{rel}","templated":true}]}}