{"id":10528,"date":"2023-05-25T00:00:00","date_gmt":"2023-05-25T00:00:00","guid":{"rendered":"https:\/\/mwc-cmm.org\/prayer-requests-yabs-fellowship-week-2023-3\/"},"modified":"2024-12-10T17:20:18","modified_gmt":"2024-12-10T17:20:18","slug":"sujets-de-prieres-semaine-de-la-fraternite-des-yabs-2023","status":"publish","type":"post","link":"https:\/\/mwc-cmm.org\/fr\/stories\/sujets-de-prieres-semaine-de-la-fraternite-des-yabs-2023\/","title":{"rendered":"Sujets de pri\u00e8res Semaine de la Fraternit\u00e9 des YABs 2023"},"content":{"rendered":"<p>Les jeunes anabaptistes du monde entier partagent leurs pr\u00e9occupations et leurs joies pour la &nbsp;pri\u00e8re communautaire.<\/p>\n<h3>Am\u00e9rique latine&nbsp;<\/h3>\n<h4>Salvador&nbsp;<\/h4>\n<ul>\n<li>Pour que nous puissions privil\u00e9gier et reconna\u00eetre l\u2019importance de notre relation avec Dieu et du service aux autres, au lieu de ne penser qu\u2019\u00e0 nous-m\u00eames.&nbsp;<\/li>\n<li>Que nous puissions faire une diff\u00e9rence notable dans notre soci\u00e9t\u00e9 ; que nous puissions \u00eatre sel et lumi\u00e8re o\u00f9 que nous soyons ; et que par nos actions nous refl\u00e9tions l\u2019amour de Dieu de telle sorte que les gens veuillent venir et servir Dieu.&nbsp;<\/li>\n<li>Que dans un contexte politique marqu\u00e9 par la haine et la division, les jeunes agissent pour les autres par l\u2019amour et par des actions porteuses de bien-\u00eatre et de sant\u00e9 pour la communaut\u00e9. &nbsp;<\/li>\n<\/ul>\n<h4>Colombie&nbsp;<\/h4>\n<ul>\n<li>Pour nos pasteurs et les responsables des conf\u00e9rences nationales.&nbsp;<\/li>\n<li>Les nouveaux responsables issus de la jeunesse et les programmes que nous mettons en \u0153uvre pour d\u00e9velopper la maturit\u00e9 et l\u2019esprit d\u2019initiative.&nbsp;<\/li>\n<li>Les nouvelles opportunit\u00e9s pour le Royaume de Dieu de progresser dans notre pays gr\u00e2ce \u00e0 notre conf\u00e9rence et \u00e0 la g\u00e9n\u00e9ration qui se l\u00e8ve, passionn\u00e9e par la mission de Dieu.&nbsp;<\/li>\n<\/ul>\n<h4>Costa Rica&nbsp;<\/h4>\n<ul>\n<li>Que les jeunes soient remplis du feu de l\u2019Esprit Saint et qu\u2019ils puissent continuer avec Dieu malgr\u00e9 les difficult\u00e9s familiales que cela implique dans de nombreux cas.&nbsp;<\/li>\n<\/ul>\n<p>Uruguay&nbsp;<\/p>\n<ul>\n<li>Pour que naisse une nouvelle passion, celle de conna\u00eetre Dieu, de lire sa Parole et d\u2019\u00eatre transform\u00e9 par l\u2019Esprit.&nbsp;<\/li>\n<li>Que nous puissions rester fermes dans nos convictions chr\u00e9tiennes au-del\u00e0 des pressions d\u2019une soci\u00e9t\u00e9 de plus en plus relativiste.&nbsp;<\/li>\n<li>Que les jeunes puissent trouver dans l\u2019Eglise un lieu o\u00f9 ils se sentent valoris\u00e9s et accompagn\u00e9s.&nbsp;<\/li>\n<\/ul>\n<h3>Am\u00e9rique du Nord<\/h3>\n<ul>\n<li>Pour que les jeunes trouvent leur valeur dans leur Cr\u00e9ateur et non dans l\u2019approbation des autres.&nbsp;<\/li>\n<\/ul>\n<figure class=\"image\" style=\"float:right\"><img decoding=\"async\" alt=\"\" height=\"250\" data-src=\"https:\/\/mwc-cmm.org\/wp-content\/uploads\/2024\/10\/praying.jpg\" width=\"370\" src=\"data:image\/svg+xml;base64,PHN2ZyB3aWR0aD0iMSIgaGVpZ2h0PSIxIiB4bWxucz0iaHR0cDovL3d3dy53My5vcmcvMjAwMC9zdmciPjwvc3ZnPg==\" class=\"lazyload\" style=\"--smush-placeholder-width: 370px; --smush-placeholder-aspect-ratio: 370\/250;\"><figcaption>Photo : Tiz&nbsp;Brotosudarmo<\/figcaption><\/figure>\n<h3>Asie&nbsp;<\/h3>\n<h4>Cor\u00e9e du Sud &nbsp;<\/h4>\n<ul>\n<li>Une usine d\u2019armement est en cours de construction dans une zone rurale de Cor\u00e9e du Sud. Les militants pacifistes et l\u2019\u00c9glise mennonite travaillent ensemble pour l\u2019arr\u00eater : priez pour notre courage et notre audace.&nbsp;<\/li>\n<\/ul>\n<h4>Hong Kong&nbsp;<\/h4>\n<ul>\n<li>Pour que les gens retrouvent l\u2019espoir, car Hong Kong se sent d\u00e9sesp\u00e9r\u00e9e en g\u00e9n\u00e9ral (surtout \u00e0 cause du gouvernement). Les gens partent vers d\u2019autres pays ; l\u2019\u00e9glise est affect\u00e9e par cette migration. &nbsp;<\/li>\n<\/ul>\n<h4>Inde&nbsp;<\/h4>\n<ul>\n<li>Cette ann\u00e9e, des \u00e9lections ont lieu en Inde : priez pour que nous ayons un gouvernement qui travaille en faveur des chr\u00e9tiens et qui les traite \u00e9quitablement. Le gouvernement actuel a d\u00e9cid\u00e9 de faire de l\u2019Inde une nation hindoue: directement ou indirectement, il torture les chr\u00e9tiens pour les convertir.&nbsp;<\/li>\n<\/ul>\n<h3>Afrique&nbsp;<\/h3>\n<ul>\n<li>Qu\u2019il y ait des processus \u00e9quitables et une d\u00e9signation judicieuse dans tous les pays d\u2019Afrique qui tiendront leurs prochaines \u00e9lections en 2024.&nbsp;<\/li>\n<li>Que les jeunes des \u00e9glises d\u2019Afrique comprennent plus profond\u00e9ment ce que signifie \u00eatre du Christ.&nbsp;<\/li>\n<li>Que Dieu b\u00e2tisse les \u00e9glises en Afrique, tant physiquement que spirituellement, car les gens essaient, mais en vain. \u00ab Si le SEIGNEUR ne b\u00e2tit la maison, ses b\u00e2tisseurs travaillent pour rien. \u00bb (Psaume 127\/1).&nbsp;<\/li>\n<li>Que Dieu ouvre des voies d\u2019emploi pour les jeunes d\u2019Afrique qui cherchent \u00e0 soutenir les \u00e9glises.&nbsp;<\/li>\n<\/ul>\n<h4>Ghana&nbsp;<\/h4>\n<ul>\n<li>Que nous puissions \u00eatre soulag\u00e9s des difficult\u00e9s \u00e9conomiques sur tout le continent.&nbsp;<\/li>\n<li>Que Dieu renforce les \u00e9glises du pays pour qu\u2019elles progressent m\u00eame dans les moments difficiles.&nbsp;<\/li>\n<\/ul>\n<h4>Tanzanie&nbsp;<\/h4>\n<ul>\n<li>Pour la pr\u00e9sence de Dieu alors que nous \u00e9vang\u00e9lisons.&nbsp;<\/li>\n<\/ul>\n<h4>Ouganda&nbsp;<\/h4>\n<ul>\n<li>Que l\u2019Eglise mennonite d\u2019Ouganda puisse trouver des volontaires (couples, \u00e9quipes ou individus) qui puissent aider dans un minist\u00e8re aupr\u00e8s des enfants le plus t\u00f4t possible.&nbsp;<\/li>\n<li>Qu\u2019il y ait une \u00e9cole biblique pour la formation de nos responsables.&nbsp;<\/li>\n<li>Que la paix et l\u2019unit\u00e9 r\u00e8gnent en Ouganda malgr\u00e9 les diff\u00e9rences th\u00e9ologiques, culturelles, sociales et \u00e9conomiques.&nbsp;<\/li>\n<li>Que Dieu nous apporte un partenaire pour le d\u00e9veloppement de l\u2019Eglise mennonite d\u2019Ouganda.&nbsp;<\/li>\n<li>Qu\u2019il y ait une stabilit\u00e9 politique apr\u00e8s le d\u00e9but d\u2019un coup d\u2019\u00e9tat entre deux groupes cherchant \u00e0 se d\u00e9faire l\u2019un de l\u2019autre.&nbsp;<\/li>\n<\/ul>\n<h3>Europe<\/h3>\n<ul>\n<li>Que les jeunes adultes se sentent li\u00e9s \u00e0 leur \u00e9glise et sachent qu\u2019ils appartiennent \u00e0 une communaut\u00e9 de foi. &nbsp;<\/li>\n<li>Que les \u00e9glises s\u2019ouvrent aux jeunes adultes et les accueillent. &nbsp;&nbsp;<\/li>\n<\/ul>\n<hr>\n<table style=\"width:300px\">\n<tbody>\n<tr>\n<td>\n<h4><a href=\"https:\/\/mwc-cmm.org\/fr\/resources\/semaine-de-la-fraternite-des-yabs-2023-materiel-pour-le-culte\">Semaine de la Fraternit\u00e9 des YABs 2023 Mat\u00e9riel pour le culte<\/a><\/h4>\n<\/td>\n<\/tr>\n<\/tbody>\n<\/table>\n<p>&nbsp;<\/p>\n","protected":false},"excerpt":{"rendered":"<p>Les jeunes anabaptistes du monde entier partagent leurs pr\u00e9occupations et leurs joies pour la &nbsp;pri\u00e8re communautaire. Am\u00e9rique latine&nbsp; Salvador&nbsp; Pour que nous puissions privil\u00e9gier et reconna\u00eetre l\u2019importance de notre relation avec Dieu et du service aux autres, au lieu de ne penser qu\u2019\u00e0 nous-m\u00eames.&nbsp; Que nous puissions faire une diff\u00e9rence notable dans notre soci\u00e9t\u00e9 ; [&hellip;]<\/p>\n","protected":false},"author":1,"featured_media":96774,"comment_status":"closed","ping_status":"closed","sticky":false,"template":"","format":"standard","meta":{"_acf_changed":false,"footnotes":""},"categories":[7],"tags":[],"network":[1285],"eventcategory":[],"class_list":["post-10528","post","type-post","status-publish","format-standard","has-post-thumbnail","hentry","category-non-classifiee","network-young-anabaptists-fr"],"acf":[],"yoast_head":"<!-- This site is optimized with the Yoast SEO plugin v27.2 - https:\/\/yoast.com\/product\/yoast-seo-wordpress\/ -->\n<title>Sujets de pri\u00e8res Semaine de la Fraternit\u00e9 des YABs 2023 - Mennonite World Conference<\/title>\n<meta name=\"robots\" content=\"index, follow, max-snippet:-1, max-image-preview:large, max-video-preview:-1\" \/>\n<link rel=\"canonical\" href=\"https:\/\/mwc-cmm.org\/fr\/stories\/sujets-de-prieres-semaine-de-la-fraternite-des-yabs-2023\/\" \/>\n<meta property=\"og:locale\" content=\"fr_FR\" \/>\n<meta property=\"og:type\" content=\"article\" \/>\n<meta property=\"og:title\" content=\"Sujets de pri\u00e8res Semaine de la Fraternit\u00e9 des YABs 2023 - Mennonite World Conference\" \/>\n<meta property=\"og:description\" content=\"Les jeunes anabaptistes du monde entier partagent leurs pr\u00e9occupations et leurs joies pour la &nbsp;pri\u00e8re communautaire. Am\u00e9rique latine&nbsp; Salvador&nbsp; Pour que nous puissions privil\u00e9gier et reconna\u00eetre l\u2019importance de notre relation avec Dieu et du service aux autres, au lieu de ne penser qu\u2019\u00e0 nous-m\u00eames.&nbsp; Que nous puissions faire une diff\u00e9rence notable dans notre soci\u00e9t\u00e9 ; [&hellip;]\" \/>\n<meta property=\"og:url\" content=\"https:\/\/mwc-cmm.org\/fr\/stories\/sujets-de-prieres-semaine-de-la-fraternite-des-yabs-2023\/\" \/>\n<meta property=\"og:site_name\" content=\"Mennonite World Conference\" \/>\n<meta property=\"article:publisher\" content=\"https:\/\/www.facebook.com\/MennoniteWorldConference\" \/>\n<meta property=\"article:published_time\" content=\"2023-05-25T00:00:00+00:00\" \/>\n<meta property=\"article:modified_time\" content=\"2024-12-10T17:20:18+00:00\" \/>\n<meta property=\"og:image\" content=\"https:\/\/mwc-cmm.org\/wp-content\/uploads\/2024\/11\/202207christenkongimg_9802-scaled.jpg\" \/>\n\t<meta property=\"og:image:width\" content=\"2560\" \/>\n\t<meta property=\"og:image:height\" content=\"1920\" \/>\n\t<meta property=\"og:image:type\" content=\"image\/jpeg\" \/>\n<meta name=\"author\" content=\"mennworldcon\" \/>\n<script type=\"application\/ld+json\" class=\"yoast-schema-graph\">{\"@context\":\"https:\/\/schema.org\",\"@graph\":[{\"@type\":\"Article\",\"@id\":\"https:\/\/mwc-cmm.org\/fr\/stories\/sujets-de-prieres-semaine-de-la-fraternite-des-yabs-2023\/#article\",\"isPartOf\":{\"@id\":\"https:\/\/mwc-cmm.org\/fr\/stories\/sujets-de-prieres-semaine-de-la-fraternite-des-yabs-2023\/\"},\"author\":{\"name\":\"mennworldcon\",\"@id\":\"https:\/\/mwc-cmm.org\/en\/#\/schema\/person\/11f6ae0d7d1868ba20a1cc27f067c836\"},\"headline\":\"Sujets de pri\u00e8res Semaine de la Fraternit\u00e9 des YABs 2023\",\"datePublished\":\"2023-05-25T00:00:00+00:00\",\"dateModified\":\"2024-12-10T17:20:18+00:00\",\"mainEntityOfPage\":{\"@id\":\"https:\/\/mwc-cmm.org\/fr\/stories\/sujets-de-prieres-semaine-de-la-fraternite-des-yabs-2023\/\"},\"wordCount\":806,\"publisher\":{\"@id\":\"https:\/\/mwc-cmm.org\/en\/#organization\"},\"image\":{\"@id\":\"https:\/\/mwc-cmm.org\/fr\/stories\/sujets-de-prieres-semaine-de-la-fraternite-des-yabs-2023\/#primaryimage\"},\"thumbnailUrl\":\"https:\/\/mwc-cmm.org\/wp-content\/uploads\/2024\/11\/202207christenkongimg_9802-scaled.jpg\",\"articleSection\":[\"Non classifi\u00e9(e)\"],\"inLanguage\":\"fr-FR\"},{\"@type\":\"WebPage\",\"@id\":\"https:\/\/mwc-cmm.org\/fr\/stories\/sujets-de-prieres-semaine-de-la-fraternite-des-yabs-2023\/\",\"url\":\"https:\/\/mwc-cmm.org\/fr\/stories\/sujets-de-prieres-semaine-de-la-fraternite-des-yabs-2023\/\",\"name\":\"Sujets de pri\u00e8res Semaine de la Fraternit\u00e9 des YABs 2023 - Mennonite World Conference\",\"isPartOf\":{\"@id\":\"https:\/\/mwc-cmm.org\/en\/#website\"},\"primaryImageOfPage\":{\"@id\":\"https:\/\/mwc-cmm.org\/fr\/stories\/sujets-de-prieres-semaine-de-la-fraternite-des-yabs-2023\/#primaryimage\"},\"image\":{\"@id\":\"https:\/\/mwc-cmm.org\/fr\/stories\/sujets-de-prieres-semaine-de-la-fraternite-des-yabs-2023\/#primaryimage\"},\"thumbnailUrl\":\"https:\/\/mwc-cmm.org\/wp-content\/uploads\/2024\/11\/202207christenkongimg_9802-scaled.jpg\",\"datePublished\":\"2023-05-25T00:00:00+00:00\",\"dateModified\":\"2024-12-10T17:20:18+00:00\",\"breadcrumb\":{\"@id\":\"https:\/\/mwc-cmm.org\/fr\/stories\/sujets-de-prieres-semaine-de-la-fraternite-des-yabs-2023\/#breadcrumb\"},\"inLanguage\":\"fr-FR\",\"potentialAction\":[{\"@type\":\"ReadAction\",\"target\":[\"https:\/\/mwc-cmm.org\/fr\/stories\/sujets-de-prieres-semaine-de-la-fraternite-des-yabs-2023\/\"]}]},{\"@type\":\"ImageObject\",\"inLanguage\":\"fr-FR\",\"@id\":\"https:\/\/mwc-cmm.org\/fr\/stories\/sujets-de-prieres-semaine-de-la-fraternite-des-yabs-2023\/#primaryimage\",\"url\":\"https:\/\/mwc-cmm.org\/wp-content\/uploads\/2024\/11\/202207christenkongimg_9802-scaled.jpg\",\"contentUrl\":\"https:\/\/mwc-cmm.org\/wp-content\/uploads\/2024\/11\/202207christenkongimg_9802-scaled.jpg\",\"width\":2560,\"height\":1920},{\"@type\":\"BreadcrumbList\",\"@id\":\"https:\/\/mwc-cmm.org\/fr\/stories\/sujets-de-prieres-semaine-de-la-fraternite-des-yabs-2023\/#breadcrumb\",\"itemListElement\":[{\"@type\":\"ListItem\",\"position\":1,\"name\":\"Home\",\"item\":\"https:\/\/mwc-cmm.org\/fr\/\"},{\"@type\":\"ListItem\",\"position\":2,\"name\":\"Sujets de pri\u00e8res Semaine de la Fraternit\u00e9 des YABs 2023\"}]},{\"@type\":\"WebSite\",\"@id\":\"https:\/\/mwc-cmm.org\/en\/#website\",\"url\":\"https:\/\/mwc-cmm.org\/en\/\",\"name\":\"Mennonite World Conference\",\"description\":\"A communion of Anabaptist-related churches\",\"publisher\":{\"@id\":\"https:\/\/mwc-cmm.org\/en\/#organization\"},\"alternateName\":\"MWC\",\"potentialAction\":[{\"@type\":\"SearchAction\",\"target\":{\"@type\":\"EntryPoint\",\"urlTemplate\":\"https:\/\/mwc-cmm.org\/en\/?s={search_term_string}\"},\"query-input\":{\"@type\":\"PropertyValueSpecification\",\"valueRequired\":true,\"valueName\":\"search_term_string\"}}],\"inLanguage\":\"fr-FR\"},{\"@type\":\"Organization\",\"@id\":\"https:\/\/mwc-cmm.org\/en\/#organization\",\"name\":\"Mennonite World Conference\",\"alternateName\":\"MWC\",\"url\":\"https:\/\/mwc-cmm.org\/en\/\",\"logo\":{\"@type\":\"ImageObject\",\"inLanguage\":\"fr-FR\",\"@id\":\"https:\/\/mwc-cmm.org\/en\/#\/schema\/logo\/image\/\",\"url\":\"https:\/\/mwc-cmm.org\/wp-content\/uploads\/2026\/01\/MWC_Sig_Blue_Horiz_webheader1-logo.svg\",\"contentUrl\":\"https:\/\/mwc-cmm.org\/wp-content\/uploads\/2026\/01\/MWC_Sig_Blue_Horiz_webheader1-logo.svg\",\"width\":786,\"height\":82,\"caption\":\"Mennonite World Conference\"},\"image\":{\"@id\":\"https:\/\/mwc-cmm.org\/en\/#\/schema\/logo\/image\/\"},\"sameAs\":[\"https:\/\/www.facebook.com\/MennoniteWorldConference\",\"https:\/\/www.linkedin.com\/company\/mennonite-world-conference-mwc\/\",\"https:\/\/www.instagram.com\/mwcmm\/\",\"https:\/\/www.youtube.com\/user\/mwccmm\",\"https:\/\/bsky.app\/profile\/mwcmm.bsky.social\"]},{\"@type\":\"Person\",\"@id\":\"https:\/\/mwc-cmm.org\/en\/#\/schema\/person\/11f6ae0d7d1868ba20a1cc27f067c836\",\"name\":\"mennworldcon\",\"image\":{\"@type\":\"ImageObject\",\"inLanguage\":\"fr-FR\",\"@id\":\"https:\/\/secure.gravatar.com\/avatar\/06fdc0dc81c157dfdb82ec42f252178a22307808988d22c043f9eb96f1e0fe80?s=96&d=mm&r=g\",\"url\":\"https:\/\/secure.gravatar.com\/avatar\/06fdc0dc81c157dfdb82ec42f252178a22307808988d22c043f9eb96f1e0fe80?s=96&d=mm&r=g\",\"contentUrl\":\"https:\/\/secure.gravatar.com\/avatar\/06fdc0dc81c157dfdb82ec42f252178a22307808988d22c043f9eb96f1e0fe80?s=96&d=mm&r=g\",\"caption\":\"mennworldcon\"},\"sameAs\":[\"https:\/\/mwc-cmm.org\"],\"url\":\"https:\/\/mwc-cmm.org\/fr\/stories\/author\/mennworldcon\/\"}]}<\/script>\n<!-- \/ Yoast SEO plugin. -->","yoast_head_json":{"title":"Sujets de pri\u00e8res Semaine de la Fraternit\u00e9 des YABs 2023 - Mennonite World Conference","robots":{"index":"index","follow":"follow","max-snippet":"max-snippet:-1","max-image-preview":"max-image-preview:large","max-video-preview":"max-video-preview:-1"},"canonical":"https:\/\/mwc-cmm.org\/fr\/stories\/sujets-de-prieres-semaine-de-la-fraternite-des-yabs-2023\/","og_locale":"fr_FR","og_type":"article","og_title":"Sujets de pri\u00e8res Semaine de la Fraternit\u00e9 des YABs 2023 - Mennonite World Conference","og_description":"Les jeunes anabaptistes du monde entier partagent leurs pr\u00e9occupations et leurs joies pour la &nbsp;pri\u00e8re communautaire. Am\u00e9rique latine&nbsp; Salvador&nbsp; Pour que nous puissions privil\u00e9gier et reconna\u00eetre l\u2019importance de notre relation avec Dieu et du service aux autres, au lieu de ne penser qu\u2019\u00e0 nous-m\u00eames.&nbsp; Que nous puissions faire une diff\u00e9rence notable dans notre soci\u00e9t\u00e9 ; [&hellip;]","og_url":"https:\/\/mwc-cmm.org\/fr\/stories\/sujets-de-prieres-semaine-de-la-fraternite-des-yabs-2023\/","og_site_name":"Mennonite World Conference","article_publisher":"https:\/\/www.facebook.com\/MennoniteWorldConference","article_published_time":"2023-05-25T00:00:00+00:00","article_modified_time":"2024-12-10T17:20:18+00:00","og_image":[{"width":2560,"height":1920,"url":"https:\/\/mwc-cmm.org\/wp-content\/uploads\/2024\/11\/202207christenkongimg_9802-scaled.jpg","type":"image\/jpeg"}],"author":"mennworldcon","schema":{"@context":"https:\/\/schema.org","@graph":[{"@type":"Article","@id":"https:\/\/mwc-cmm.org\/fr\/stories\/sujets-de-prieres-semaine-de-la-fraternite-des-yabs-2023\/#article","isPartOf":{"@id":"https:\/\/mwc-cmm.org\/fr\/stories\/sujets-de-prieres-semaine-de-la-fraternite-des-yabs-2023\/"},"author":{"name":"mennworldcon","@id":"https:\/\/mwc-cmm.org\/en\/#\/schema\/person\/11f6ae0d7d1868ba20a1cc27f067c836"},"headline":"Sujets de pri\u00e8res Semaine de la Fraternit\u00e9 des YABs 2023","datePublished":"2023-05-25T00:00:00+00:00","dateModified":"2024-12-10T17:20:18+00:00","mainEntityOfPage":{"@id":"https:\/\/mwc-cmm.org\/fr\/stories\/sujets-de-prieres-semaine-de-la-fraternite-des-yabs-2023\/"},"wordCount":806,"publisher":{"@id":"https:\/\/mwc-cmm.org\/en\/#organization"},"image":{"@id":"https:\/\/mwc-cmm.org\/fr\/stories\/sujets-de-prieres-semaine-de-la-fraternite-des-yabs-2023\/#primaryimage"},"thumbnailUrl":"https:\/\/mwc-cmm.org\/wp-content\/uploads\/2024\/11\/202207christenkongimg_9802-scaled.jpg","articleSection":["Non classifi\u00e9(e)"],"inLanguage":"fr-FR"},{"@type":"WebPage","@id":"https:\/\/mwc-cmm.org\/fr\/stories\/sujets-de-prieres-semaine-de-la-fraternite-des-yabs-2023\/","url":"https:\/\/mwc-cmm.org\/fr\/stories\/sujets-de-prieres-semaine-de-la-fraternite-des-yabs-2023\/","name":"Sujets de pri\u00e8res Semaine de la Fraternit\u00e9 des YABs 2023 - Mennonite World Conference","isPartOf":{"@id":"https:\/\/mwc-cmm.org\/en\/#website"},"primaryImageOfPage":{"@id":"https:\/\/mwc-cmm.org\/fr\/stories\/sujets-de-prieres-semaine-de-la-fraternite-des-yabs-2023\/#primaryimage"},"image":{"@id":"https:\/\/mwc-cmm.org\/fr\/stories\/sujets-de-prieres-semaine-de-la-fraternite-des-yabs-2023\/#primaryimage"},"thumbnailUrl":"https:\/\/mwc-cmm.org\/wp-content\/uploads\/2024\/11\/202207christenkongimg_9802-scaled.jpg","datePublished":"2023-05-25T00:00:00+00:00","dateModified":"2024-12-10T17:20:18+00:00","breadcrumb":{"@id":"https:\/\/mwc-cmm.org\/fr\/stories\/sujets-de-prieres-semaine-de-la-fraternite-des-yabs-2023\/#breadcrumb"},"inLanguage":"fr-FR","potentialAction":[{"@type":"ReadAction","target":["https:\/\/mwc-cmm.org\/fr\/stories\/sujets-de-prieres-semaine-de-la-fraternite-des-yabs-2023\/"]}]},{"@type":"ImageObject","inLanguage":"fr-FR","@id":"https:\/\/mwc-cmm.org\/fr\/stories\/sujets-de-prieres-semaine-de-la-fraternite-des-yabs-2023\/#primaryimage","url":"https:\/\/mwc-cmm.org\/wp-content\/uploads\/2024\/11\/202207christenkongimg_9802-scaled.jpg","contentUrl":"https:\/\/mwc-cmm.org\/wp-content\/uploads\/2024\/11\/202207christenkongimg_9802-scaled.jpg","width":2560,"height":1920},{"@type":"BreadcrumbList","@id":"https:\/\/mwc-cmm.org\/fr\/stories\/sujets-de-prieres-semaine-de-la-fraternite-des-yabs-2023\/#breadcrumb","itemListElement":[{"@type":"ListItem","position":1,"name":"Home","item":"https:\/\/mwc-cmm.org\/fr\/"},{"@type":"ListItem","position":2,"name":"Sujets de pri\u00e8res Semaine de la Fraternit\u00e9 des YABs 2023"}]},{"@type":"WebSite","@id":"https:\/\/mwc-cmm.org\/en\/#website","url":"https:\/\/mwc-cmm.org\/en\/","name":"Mennonite World Conference","description":"A communion of Anabaptist-related churches","publisher":{"@id":"https:\/\/mwc-cmm.org\/en\/#organization"},"alternateName":"MWC","potentialAction":[{"@type":"SearchAction","target":{"@type":"EntryPoint","urlTemplate":"https:\/\/mwc-cmm.org\/en\/?s={search_term_string}"},"query-input":{"@type":"PropertyValueSpecification","valueRequired":true,"valueName":"search_term_string"}}],"inLanguage":"fr-FR"},{"@type":"Organization","@id":"https:\/\/mwc-cmm.org\/en\/#organization","name":"Mennonite World Conference","alternateName":"MWC","url":"https:\/\/mwc-cmm.org\/en\/","logo":{"@type":"ImageObject","inLanguage":"fr-FR","@id":"https:\/\/mwc-cmm.org\/en\/#\/schema\/logo\/image\/","url":"https:\/\/mwc-cmm.org\/wp-content\/uploads\/2026\/01\/MWC_Sig_Blue_Horiz_webheader1-logo.svg","contentUrl":"https:\/\/mwc-cmm.org\/wp-content\/uploads\/2026\/01\/MWC_Sig_Blue_Horiz_webheader1-logo.svg","width":786,"height":82,"caption":"Mennonite World Conference"},"image":{"@id":"https:\/\/mwc-cmm.org\/en\/#\/schema\/logo\/image\/"},"sameAs":["https:\/\/www.facebook.com\/MennoniteWorldConference","https:\/\/www.linkedin.com\/company\/mennonite-world-conference-mwc\/","https:\/\/www.instagram.com\/mwcmm\/","https:\/\/www.youtube.com\/user\/mwccmm","https:\/\/bsky.app\/profile\/mwcmm.bsky.social"]},{"@type":"Person","@id":"https:\/\/mwc-cmm.org\/en\/#\/schema\/person\/11f6ae0d7d1868ba20a1cc27f067c836","name":"mennworldcon","image":{"@type":"ImageObject","inLanguage":"fr-FR","@id":"https:\/\/secure.gravatar.com\/avatar\/06fdc0dc81c157dfdb82ec42f252178a22307808988d22c043f9eb96f1e0fe80?s=96&d=mm&r=g","url":"https:\/\/secure.gravatar.com\/avatar\/06fdc0dc81c157dfdb82ec42f252178a22307808988d22c043f9eb96f1e0fe80?s=96&d=mm&r=g","contentUrl":"https:\/\/secure.gravatar.com\/avatar\/06fdc0dc81c157dfdb82ec42f252178a22307808988d22c043f9eb96f1e0fe80?s=96&d=mm&r=g","caption":"mennworldcon"},"sameAs":["https:\/\/mwc-cmm.org"],"url":"https:\/\/mwc-cmm.org\/fr\/stories\/author\/mennworldcon\/"}]}},"_links":{"self":[{"href":"https:\/\/mwc-cmm.org\/fr\/wp-json\/wp\/v2\/posts\/10528","targetHints":{"allow":["GET"]}}],"collection":[{"href":"https:\/\/mwc-cmm.org\/fr\/wp-json\/wp\/v2\/posts"}],"about":[{"href":"https:\/\/mwc-cmm.org\/fr\/wp-json\/wp\/v2\/types\/post"}],"author":[{"embeddable":true,"href":"https:\/\/mwc-cmm.org\/fr\/wp-json\/wp\/v2\/users\/1"}],"replies":[{"embeddable":true,"href":"https:\/\/mwc-cmm.org\/fr\/wp-json\/wp\/v2\/comments?post=10528"}],"version-history":[{"count":0,"href":"https:\/\/mwc-cmm.org\/fr\/wp-json\/wp\/v2\/posts\/10528\/revisions"}],"wp:featuredmedia":[{"embeddable":true,"href":"https:\/\/mwc-cmm.org\/fr\/wp-json\/wp\/v2\/media\/96774"}],"wp:attachment":[{"href":"https:\/\/mwc-cmm.org\/fr\/wp-json\/wp\/v2\/media?parent=10528"}],"wp:term":[{"taxonomy":"category","embeddable":true,"href":"https:\/\/mwc-cmm.org\/fr\/wp-json\/wp\/v2\/categories?post=10528"},{"taxonomy":"post_tag","embeddable":true,"href":"https:\/\/mwc-cmm.org\/fr\/wp-json\/wp\/v2\/tags?post=10528"},{"taxonomy":"network","embeddable":true,"href":"https:\/\/mwc-cmm.org\/fr\/wp-json\/wp\/v2\/network?post=10528"},{"taxonomy":"eventcategory","embeddable":true,"href":"https:\/\/mwc-cmm.org\/fr\/wp-json\/wp\/v2\/eventcategory?post=10528"}],"curies":[{"name":"wp","href":"https:\/\/api.w.org\/{rel}","templated":true}]}}