{"id":10527,"date":"2023-05-25T00:00:00","date_gmt":"2023-05-25T00:00:00","guid":{"rendered":"https:\/\/mwc-cmm.org\/teach-the-gospel-and-hold-the-faith-3\/"},"modified":"2024-12-10T17:20:18","modified_gmt":"2024-12-10T17:20:18","slug":"enseigner-levangile-et-garder-la-foi","status":"publish","type":"post","link":"https:\/\/mwc-cmm.org\/fr\/stories\/enseigner-levangile-et-garder-la-foi\/","title":{"rendered":"Enseigner l\u2019\u00c9vangile et garder la foi"},"content":{"rendered":"<h2>L\u2019Histoire des Anabaptistes &nbsp;<\/h2>\n<p>Le 21 janvier 1525, une douzaine d\u2019hommes avancent lentement dans la neige. Tranquillement mais avec d\u00e9termination, seuls ou \u00e0 deux, ils se rendent de nuit chez Felix Manz, pr\u00e8s de Grossm\u00fcnster, en Suisse. Le froid du vent d\u2019hiver soufflant sur le lac ne pouvait \u00e9galer le frisson de d\u00e9ception qui s\u2019emparait du petit groupe en cette nuit fatidique.<\/p>\n<p>Les \u00e9v\u00e9nements dramatiques de cette rencontre inoubliable ont \u00e9t\u00e9 conserv\u00e9s dans la Grande Chronique des Fr\u00e8res Houtt\u00e9riens. Le r\u00e9cit porte les marques d\u2019un t\u00e9moin oculaire, qui \u00e9tait probablement George Blaurock, un pr\u00eatre r\u00e9cemment arriv\u00e9 \u00e0 Zurich en provenance de Coire.&nbsp;<\/p>\n<p>Ils \u00e9taient ensemble, jusqu\u2019\u00e0 ce que l\u2019inqui\u00e9tude les saisisse, car ils avaient le c\u0153ur serr\u00e9. Ils se&nbsp;mirent alors \u00e0 fl\u00e9chir les genoux devant le Dieu Tr\u00e8s-Haut qui est au ciel et l\u2019invoqu\u00e8rent en tant que R\u00e9v\u00e9lateur des c\u0153urs, et ils pri\u00e8rent pour qu\u2019il leur donne sa volont\u00e9 divine et qu\u2019il leur fasse mis\u00e9ricorde. Car ce n\u2019est pas la chair, le sang et la volont\u00e9 humaine qui les animaient, puisqu\u2019ils savaient tr\u00e8s bien ce qu\u2019ils auraient \u00e0 souffrir \u00e0 cause d\u2019eux.<\/p>\n<p>Apr\u00e8s la pri\u00e8re, Georges de la Maison de Jacob se leva et demanda \u00e0 Conrad Grebel, par amour de Dieu, de le baptiser du vrai bapt\u00eame chr\u00e9tien, sur la base de sa foi et de sa connaissance. Lorsqu\u2019il s\u2019agenouilla avec une telle demande et un tel d\u00e9sir, Conrad le baptisa, puisqu\u2019\u00e0 cette \u00e9poque il n\u2019y avait pas de ministre consacr\u00e9 pour accomplir cette t\u00e2che.&nbsp;<\/p>\n<p>Apr\u00e8s son bapt\u00eame par les mains de Grebel, Blaurock proc\u00e9da au bapt\u00eame de tous les autres pr\u00e9sents. Les nouveaux baptis\u00e9s s\u2019engag\u00e8rent alors, en tant que v\u00e9ritables disciples du Christ, \u00e0 vivre s\u00e9par\u00e9s du monde, \u00e0 enseigner l\u2019\u00c9vangile et \u00e0 conserver la foi.&nbsp;<\/p>\n<p>L\u2019anabaptisme \u00e9tait n\u00e9. Avec ce premier bapt\u00eame, la premi\u00e8re \u00e9glise des Fr\u00e8res suisses a \u00e9t\u00e9 constitu\u00e9e.&nbsp;<\/p>\n<p>Il s\u2019agit clairement de l\u2019acte le plus r\u00e9volutionnaire de la R\u00e9forme. Aucun autre \u00e9v\u00e9nement ne symbolise aussi compl\u00e8tement la rupture avec Rome. Pour la premi\u00e8re fois au cours de la R\u00e9forme, un groupe de chr\u00e9tiens a os\u00e9 former une \u00c9glise selon ce qui \u00e9tait consid\u00e9r\u00e9 comme le mod\u00e8le du Nouveau Testament. Les Fr\u00e8res insistaient sur la n\u00e9cessit\u00e9 absolue d\u2019un engagement personnel envers le Christ, essentiel au salut et pr\u00e9alable au bapt\u00eame.&nbsp;<\/p>\n<p><em>\u2014Par William R. Estep Publi\u00e9 \u00e0 l\u2019origine sur&nbsp;<a href=\"http:\/\/www.anabaptists.org\/history\">www.anabaptists.org\/history<\/a>.&nbsp;<\/em><\/p>\n<hr>\n<table style=\"width:300px\">\n<tbody>\n<tr>\n<td>\n<h4><a href=\"https:\/\/mwc-cmm.org\/fr\/resources\/semaine-de-la-fraternite-des-yabs-2023-materiel-pour-le-culte\">Semaine de la Fraternit\u00e9 des YABs 2023 Mat\u00e9riel pour le culte<\/a><\/h4>\n<\/td>\n<\/tr>\n<\/tbody>\n<\/table>\n","protected":false},"excerpt":{"rendered":"<p>In 21 January 1525, a dozen or so men slowly trudged through the snow. Quietly but resolutely, singly or in pairs, they came by night to the home of Felix Manz, near the Grossm\u00fcnster, Switzerland. The chill of the winter wind blowing off the lake did not match the chill of disappointment that gripped the little band that fateful night.&nbsp;<\/p>\n","protected":false},"author":1,"featured_media":94438,"comment_status":"closed","ping_status":"closed","sticky":false,"template":"","format":"standard","meta":{"_acf_changed":false,"footnotes":""},"categories":[7],"tags":[],"network":[1285],"eventcategory":[],"class_list":["post-10527","post","type-post","status-publish","format-standard","has-post-thumbnail","hentry","category-non-classifiee","network-young-anabaptists-fr"],"acf":[],"yoast_head":"<!-- This site is optimized with the Yoast SEO plugin v27.5 - https:\/\/yoast.com\/product\/yoast-seo-wordpress\/ -->\n<title>Enseigner l\u2019\u00c9vangile et garder la foi - Mennonite World Conference<\/title>\n<meta name=\"robots\" content=\"index, follow, max-snippet:-1, max-image-preview:large, max-video-preview:-1\" \/>\n<link rel=\"canonical\" href=\"https:\/\/mwc-cmm.org\/en\/stories\/teach-gospel-and-hold-faith\/\" \/>\n<meta property=\"og:locale\" content=\"fr_FR\" \/>\n<meta property=\"og:type\" content=\"article\" \/>\n<meta property=\"og:title\" content=\"Enseigner l\u2019\u00c9vangile et garder la foi - Mennonite World Conference\" \/>\n<meta property=\"og:description\" content=\"In 21 January 1525, a dozen or so men slowly trudged through the snow. Quietly but resolutely, singly or in pairs, they came by night to the home of Felix Manz, near the Grossm\u00fcnster, Switzerland. The chill of the winter wind blowing off the lake did not match the chill of disappointment that gripped the little band that fateful night.&nbsp;\" \/>\n<meta property=\"og:url\" content=\"https:\/\/mwc-cmm.org\/en\/stories\/teach-gospel-and-hold-faith\/\" \/>\n<meta property=\"og:site_name\" content=\"Mennonite World Conference\" \/>\n<meta property=\"article:publisher\" content=\"https:\/\/www.facebook.com\/MennoniteWorldConference\" \/>\n<meta property=\"article:published_time\" content=\"2023-05-25T00:00:00+00:00\" \/>\n<meta property=\"article:modified_time\" content=\"2024-12-10T17:20:18+00:00\" \/>\n<meta property=\"og:image\" content=\"https:\/\/mwc-cmm.org\/wp-content\/uploads\/2024\/11\/51372254326_10b2ef2ae2_k.jpg\" \/>\n\t<meta property=\"og:image:width\" content=\"2048\" \/>\n\t<meta property=\"og:image:height\" content=\"1536\" \/>\n\t<meta property=\"og:image:type\" content=\"image\/jpeg\" \/>\n<meta name=\"author\" content=\"mennworldcon\" \/>\n<script type=\"application\/ld+json\" class=\"yoast-schema-graph\">{\"@context\":\"https:\\\/\\\/schema.org\",\"@graph\":[{\"@type\":\"Article\",\"@id\":\"https:\\\/\\\/mwc-cmm.org\\\/en\\\/stories\\\/teach-gospel-and-hold-faith\\\/#article\",\"isPartOf\":{\"@id\":\"https:\\\/\\\/mwc-cmm.org\\\/en\\\/stories\\\/teach-gospel-and-hold-faith\\\/\"},\"author\":{\"name\":\"mennworldcon\",\"@id\":\"https:\\\/\\\/mwc-cmm.org\\\/en\\\/#\\\/schema\\\/person\\\/11f6ae0d7d1868ba20a1cc27f067c836\"},\"headline\":\"Enseigner l\u2019\u00c9vangile et garder la foi\",\"datePublished\":\"2023-05-25T00:00:00+00:00\",\"dateModified\":\"2024-12-10T17:20:18+00:00\",\"mainEntityOfPage\":{\"@id\":\"https:\\\/\\\/mwc-cmm.org\\\/en\\\/stories\\\/teach-gospel-and-hold-faith\\\/\"},\"wordCount\":481,\"publisher\":{\"@id\":\"https:\\\/\\\/mwc-cmm.org\\\/en\\\/#organization\"},\"image\":{\"@id\":\"https:\\\/\\\/mwc-cmm.org\\\/en\\\/stories\\\/teach-gospel-and-hold-faith\\\/#primaryimage\"},\"thumbnailUrl\":\"https:\\\/\\\/mwc-cmm.org\\\/wp-content\\\/uploads\\\/2024\\\/11\\\/51372254326_10b2ef2ae2_k.jpg\",\"articleSection\":[\"Non classifi\u00e9(e)\"],\"inLanguage\":\"fr-FR\"},{\"@type\":\"WebPage\",\"@id\":\"https:\\\/\\\/mwc-cmm.org\\\/en\\\/stories\\\/teach-gospel-and-hold-faith\\\/\",\"url\":\"https:\\\/\\\/mwc-cmm.org\\\/en\\\/stories\\\/teach-gospel-and-hold-faith\\\/\",\"name\":\"Enseigner l\u2019\u00c9vangile et garder la foi - Mennonite World Conference\",\"isPartOf\":{\"@id\":\"https:\\\/\\\/mwc-cmm.org\\\/en\\\/#website\"},\"primaryImageOfPage\":{\"@id\":\"https:\\\/\\\/mwc-cmm.org\\\/en\\\/stories\\\/teach-gospel-and-hold-faith\\\/#primaryimage\"},\"image\":{\"@id\":\"https:\\\/\\\/mwc-cmm.org\\\/en\\\/stories\\\/teach-gospel-and-hold-faith\\\/#primaryimage\"},\"thumbnailUrl\":\"https:\\\/\\\/mwc-cmm.org\\\/wp-content\\\/uploads\\\/2024\\\/11\\\/51372254326_10b2ef2ae2_k.jpg\",\"datePublished\":\"2023-05-25T00:00:00+00:00\",\"dateModified\":\"2024-12-10T17:20:18+00:00\",\"breadcrumb\":{\"@id\":\"https:\\\/\\\/mwc-cmm.org\\\/en\\\/stories\\\/teach-gospel-and-hold-faith\\\/#breadcrumb\"},\"inLanguage\":\"fr-FR\",\"potentialAction\":[{\"@type\":\"ReadAction\",\"target\":[\"https:\\\/\\\/mwc-cmm.org\\\/en\\\/stories\\\/teach-gospel-and-hold-faith\\\/\"]}]},{\"@type\":\"ImageObject\",\"inLanguage\":\"fr-FR\",\"@id\":\"https:\\\/\\\/mwc-cmm.org\\\/en\\\/stories\\\/teach-gospel-and-hold-faith\\\/#primaryimage\",\"url\":\"https:\\\/\\\/mwc-cmm.org\\\/wp-content\\\/uploads\\\/2024\\\/11\\\/51372254326_10b2ef2ae2_k.jpg\",\"contentUrl\":\"https:\\\/\\\/mwc-cmm.org\\\/wp-content\\\/uploads\\\/2024\\\/11\\\/51372254326_10b2ef2ae2_k.jpg\",\"width\":2048,\"height\":1536},{\"@type\":\"BreadcrumbList\",\"@id\":\"https:\\\/\\\/mwc-cmm.org\\\/en\\\/stories\\\/teach-gospel-and-hold-faith\\\/#breadcrumb\",\"itemListElement\":[{\"@type\":\"ListItem\",\"position\":1,\"name\":\"Home\",\"item\":\"https:\\\/\\\/mwc-cmm.org\\\/fr\\\/\"},{\"@type\":\"ListItem\",\"position\":2,\"name\":\"Enseigner l\u2019\u00c9vangile et garder la foi\"}]},{\"@type\":\"WebSite\",\"@id\":\"https:\\\/\\\/mwc-cmm.org\\\/en\\\/#website\",\"url\":\"https:\\\/\\\/mwc-cmm.org\\\/en\\\/\",\"name\":\"Mennonite World Conference\",\"description\":\"A communion of Anabaptist-related churches\",\"publisher\":{\"@id\":\"https:\\\/\\\/mwc-cmm.org\\\/en\\\/#organization\"},\"alternateName\":\"MWC\",\"potentialAction\":[{\"@type\":\"SearchAction\",\"target\":{\"@type\":\"EntryPoint\",\"urlTemplate\":\"https:\\\/\\\/mwc-cmm.org\\\/en\\\/?s={search_term_string}\"},\"query-input\":{\"@type\":\"PropertyValueSpecification\",\"valueRequired\":true,\"valueName\":\"search_term_string\"}}],\"inLanguage\":\"fr-FR\"},{\"@type\":\"Organization\",\"@id\":\"https:\\\/\\\/mwc-cmm.org\\\/en\\\/#organization\",\"name\":\"Mennonite World Conference\",\"alternateName\":\"MWC\",\"url\":\"https:\\\/\\\/mwc-cmm.org\\\/en\\\/\",\"logo\":{\"@type\":\"ImageObject\",\"inLanguage\":\"fr-FR\",\"@id\":\"https:\\\/\\\/mwc-cmm.org\\\/en\\\/#\\\/schema\\\/logo\\\/image\\\/\",\"url\":\"https:\\\/\\\/mwc-cmm.org\\\/wp-content\\\/uploads\\\/2026\\\/01\\\/MWC_Sig_Blue_Horiz_webheader1-logo.svg\",\"contentUrl\":\"https:\\\/\\\/mwc-cmm.org\\\/wp-content\\\/uploads\\\/2026\\\/01\\\/MWC_Sig_Blue_Horiz_webheader1-logo.svg\",\"width\":786,\"height\":82,\"caption\":\"Mennonite World Conference\"},\"image\":{\"@id\":\"https:\\\/\\\/mwc-cmm.org\\\/en\\\/#\\\/schema\\\/logo\\\/image\\\/\"},\"sameAs\":[\"https:\\\/\\\/www.facebook.com\\\/MennoniteWorldConference\",\"https:\\\/\\\/www.linkedin.com\\\/company\\\/mennonite-world-conference-mwc\\\/\",\"https:\\\/\\\/www.instagram.com\\\/mwcmm\\\/\",\"https:\\\/\\\/www.youtube.com\\\/user\\\/mwccmm\",\"https:\\\/\\\/bsky.app\\\/profile\\\/mwcmm.bsky.social\"]},{\"@type\":\"Person\",\"@id\":\"https:\\\/\\\/mwc-cmm.org\\\/en\\\/#\\\/schema\\\/person\\\/11f6ae0d7d1868ba20a1cc27f067c836\",\"name\":\"mennworldcon\",\"image\":{\"@type\":\"ImageObject\",\"inLanguage\":\"fr-FR\",\"@id\":\"https:\\\/\\\/secure.gravatar.com\\\/avatar\\\/06fdc0dc81c157dfdb82ec42f252178a22307808988d22c043f9eb96f1e0fe80?s=96&d=mm&r=g\",\"url\":\"https:\\\/\\\/secure.gravatar.com\\\/avatar\\\/06fdc0dc81c157dfdb82ec42f252178a22307808988d22c043f9eb96f1e0fe80?s=96&d=mm&r=g\",\"contentUrl\":\"https:\\\/\\\/secure.gravatar.com\\\/avatar\\\/06fdc0dc81c157dfdb82ec42f252178a22307808988d22c043f9eb96f1e0fe80?s=96&d=mm&r=g\",\"caption\":\"mennworldcon\"},\"sameAs\":[\"https:\\\/\\\/mwc-cmm.org\"],\"url\":\"https:\\\/\\\/mwc-cmm.org\\\/fr\\\/stories\\\/author\\\/mennworldcon\\\/\"}]}<\/script>\n<!-- \/ Yoast SEO plugin. -->","yoast_head_json":{"title":"Enseigner l\u2019\u00c9vangile et garder la foi - Mennonite World Conference","robots":{"index":"index","follow":"follow","max-snippet":"max-snippet:-1","max-image-preview":"max-image-preview:large","max-video-preview":"max-video-preview:-1"},"canonical":"https:\/\/mwc-cmm.org\/en\/stories\/teach-gospel-and-hold-faith\/","og_locale":"fr_FR","og_type":"article","og_title":"Enseigner l\u2019\u00c9vangile et garder la foi - Mennonite World Conference","og_description":"In 21 January 1525, a dozen or so men slowly trudged through the snow. Quietly but resolutely, singly or in pairs, they came by night to the home of Felix Manz, near the Grossm\u00fcnster, Switzerland. The chill of the winter wind blowing off the lake did not match the chill of disappointment that gripped the little band that fateful night.&nbsp;","og_url":"https:\/\/mwc-cmm.org\/en\/stories\/teach-gospel-and-hold-faith\/","og_site_name":"Mennonite World Conference","article_publisher":"https:\/\/www.facebook.com\/MennoniteWorldConference","article_published_time":"2023-05-25T00:00:00+00:00","article_modified_time":"2024-12-10T17:20:18+00:00","og_image":[{"width":2048,"height":1536,"url":"https:\/\/mwc-cmm.org\/wp-content\/uploads\/2024\/11\/51372254326_10b2ef2ae2_k.jpg","type":"image\/jpeg"}],"author":"mennworldcon","schema":{"@context":"https:\/\/schema.org","@graph":[{"@type":"Article","@id":"https:\/\/mwc-cmm.org\/en\/stories\/teach-gospel-and-hold-faith\/#article","isPartOf":{"@id":"https:\/\/mwc-cmm.org\/en\/stories\/teach-gospel-and-hold-faith\/"},"author":{"name":"mennworldcon","@id":"https:\/\/mwc-cmm.org\/en\/#\/schema\/person\/11f6ae0d7d1868ba20a1cc27f067c836"},"headline":"Enseigner l\u2019\u00c9vangile et garder la foi","datePublished":"2023-05-25T00:00:00+00:00","dateModified":"2024-12-10T17:20:18+00:00","mainEntityOfPage":{"@id":"https:\/\/mwc-cmm.org\/en\/stories\/teach-gospel-and-hold-faith\/"},"wordCount":481,"publisher":{"@id":"https:\/\/mwc-cmm.org\/en\/#organization"},"image":{"@id":"https:\/\/mwc-cmm.org\/en\/stories\/teach-gospel-and-hold-faith\/#primaryimage"},"thumbnailUrl":"https:\/\/mwc-cmm.org\/wp-content\/uploads\/2024\/11\/51372254326_10b2ef2ae2_k.jpg","articleSection":["Non classifi\u00e9(e)"],"inLanguage":"fr-FR"},{"@type":"WebPage","@id":"https:\/\/mwc-cmm.org\/en\/stories\/teach-gospel-and-hold-faith\/","url":"https:\/\/mwc-cmm.org\/en\/stories\/teach-gospel-and-hold-faith\/","name":"Enseigner l\u2019\u00c9vangile et garder la foi - Mennonite World Conference","isPartOf":{"@id":"https:\/\/mwc-cmm.org\/en\/#website"},"primaryImageOfPage":{"@id":"https:\/\/mwc-cmm.org\/en\/stories\/teach-gospel-and-hold-faith\/#primaryimage"},"image":{"@id":"https:\/\/mwc-cmm.org\/en\/stories\/teach-gospel-and-hold-faith\/#primaryimage"},"thumbnailUrl":"https:\/\/mwc-cmm.org\/wp-content\/uploads\/2024\/11\/51372254326_10b2ef2ae2_k.jpg","datePublished":"2023-05-25T00:00:00+00:00","dateModified":"2024-12-10T17:20:18+00:00","breadcrumb":{"@id":"https:\/\/mwc-cmm.org\/en\/stories\/teach-gospel-and-hold-faith\/#breadcrumb"},"inLanguage":"fr-FR","potentialAction":[{"@type":"ReadAction","target":["https:\/\/mwc-cmm.org\/en\/stories\/teach-gospel-and-hold-faith\/"]}]},{"@type":"ImageObject","inLanguage":"fr-FR","@id":"https:\/\/mwc-cmm.org\/en\/stories\/teach-gospel-and-hold-faith\/#primaryimage","url":"https:\/\/mwc-cmm.org\/wp-content\/uploads\/2024\/11\/51372254326_10b2ef2ae2_k.jpg","contentUrl":"https:\/\/mwc-cmm.org\/wp-content\/uploads\/2024\/11\/51372254326_10b2ef2ae2_k.jpg","width":2048,"height":1536},{"@type":"BreadcrumbList","@id":"https:\/\/mwc-cmm.org\/en\/stories\/teach-gospel-and-hold-faith\/#breadcrumb","itemListElement":[{"@type":"ListItem","position":1,"name":"Home","item":"https:\/\/mwc-cmm.org\/fr\/"},{"@type":"ListItem","position":2,"name":"Enseigner l\u2019\u00c9vangile et garder la foi"}]},{"@type":"WebSite","@id":"https:\/\/mwc-cmm.org\/en\/#website","url":"https:\/\/mwc-cmm.org\/en\/","name":"Mennonite World Conference","description":"A communion of Anabaptist-related churches","publisher":{"@id":"https:\/\/mwc-cmm.org\/en\/#organization"},"alternateName":"MWC","potentialAction":[{"@type":"SearchAction","target":{"@type":"EntryPoint","urlTemplate":"https:\/\/mwc-cmm.org\/en\/?s={search_term_string}"},"query-input":{"@type":"PropertyValueSpecification","valueRequired":true,"valueName":"search_term_string"}}],"inLanguage":"fr-FR"},{"@type":"Organization","@id":"https:\/\/mwc-cmm.org\/en\/#organization","name":"Mennonite World Conference","alternateName":"MWC","url":"https:\/\/mwc-cmm.org\/en\/","logo":{"@type":"ImageObject","inLanguage":"fr-FR","@id":"https:\/\/mwc-cmm.org\/en\/#\/schema\/logo\/image\/","url":"https:\/\/mwc-cmm.org\/wp-content\/uploads\/2026\/01\/MWC_Sig_Blue_Horiz_webheader1-logo.svg","contentUrl":"https:\/\/mwc-cmm.org\/wp-content\/uploads\/2026\/01\/MWC_Sig_Blue_Horiz_webheader1-logo.svg","width":786,"height":82,"caption":"Mennonite World Conference"},"image":{"@id":"https:\/\/mwc-cmm.org\/en\/#\/schema\/logo\/image\/"},"sameAs":["https:\/\/www.facebook.com\/MennoniteWorldConference","https:\/\/www.linkedin.com\/company\/mennonite-world-conference-mwc\/","https:\/\/www.instagram.com\/mwcmm\/","https:\/\/www.youtube.com\/user\/mwccmm","https:\/\/bsky.app\/profile\/mwcmm.bsky.social"]},{"@type":"Person","@id":"https:\/\/mwc-cmm.org\/en\/#\/schema\/person\/11f6ae0d7d1868ba20a1cc27f067c836","name":"mennworldcon","image":{"@type":"ImageObject","inLanguage":"fr-FR","@id":"https:\/\/secure.gravatar.com\/avatar\/06fdc0dc81c157dfdb82ec42f252178a22307808988d22c043f9eb96f1e0fe80?s=96&d=mm&r=g","url":"https:\/\/secure.gravatar.com\/avatar\/06fdc0dc81c157dfdb82ec42f252178a22307808988d22c043f9eb96f1e0fe80?s=96&d=mm&r=g","contentUrl":"https:\/\/secure.gravatar.com\/avatar\/06fdc0dc81c157dfdb82ec42f252178a22307808988d22c043f9eb96f1e0fe80?s=96&d=mm&r=g","caption":"mennworldcon"},"sameAs":["https:\/\/mwc-cmm.org"],"url":"https:\/\/mwc-cmm.org\/fr\/stories\/author\/mennworldcon\/"}]}},"_links":{"self":[{"href":"https:\/\/mwc-cmm.org\/fr\/wp-json\/wp\/v2\/posts\/10527","targetHints":{"allow":["GET"]}}],"collection":[{"href":"https:\/\/mwc-cmm.org\/fr\/wp-json\/wp\/v2\/posts"}],"about":[{"href":"https:\/\/mwc-cmm.org\/fr\/wp-json\/wp\/v2\/types\/post"}],"author":[{"embeddable":true,"href":"https:\/\/mwc-cmm.org\/fr\/wp-json\/wp\/v2\/users\/1"}],"replies":[{"embeddable":true,"href":"https:\/\/mwc-cmm.org\/fr\/wp-json\/wp\/v2\/comments?post=10527"}],"version-history":[{"count":0,"href":"https:\/\/mwc-cmm.org\/fr\/wp-json\/wp\/v2\/posts\/10527\/revisions"}],"wp:featuredmedia":[{"embeddable":true,"href":"https:\/\/mwc-cmm.org\/fr\/wp-json\/wp\/v2\/media\/94438"}],"wp:attachment":[{"href":"https:\/\/mwc-cmm.org\/fr\/wp-json\/wp\/v2\/media?parent=10527"}],"wp:term":[{"taxonomy":"category","embeddable":true,"href":"https:\/\/mwc-cmm.org\/fr\/wp-json\/wp\/v2\/categories?post=10527"},{"taxonomy":"post_tag","embeddable":true,"href":"https:\/\/mwc-cmm.org\/fr\/wp-json\/wp\/v2\/tags?post=10527"},{"taxonomy":"network","embeddable":true,"href":"https:\/\/mwc-cmm.org\/fr\/wp-json\/wp\/v2\/network?post=10527"},{"taxonomy":"eventcategory","embeddable":true,"href":"https:\/\/mwc-cmm.org\/fr\/wp-json\/wp\/v2\/eventcategory?post=10527"}],"curies":[{"name":"wp","href":"https:\/\/api.w.org\/{rel}","templated":true}]}}