{"id":10526,"date":"2023-05-25T00:00:00","date_gmt":"2023-05-25T00:00:00","guid":{"rendered":"https:\/\/mwc-cmm.org\/refusing-to-be-a-victim-and-an-offender-3\/"},"modified":"2024-12-10T17:20:18","modified_gmt":"2024-12-10T17:20:18","slug":"refuser-detre-une-victime-et-un-agresseur","status":"publish","type":"post","link":"https:\/\/mwc-cmm.org\/fr\/stories\/refuser-detre-une-victime-et-un-agresseur\/","title":{"rendered":"Refuser d\u2019\u00eatre une victime et un agresseur"},"content":{"rendered":"<h2>SangMin Lee, Objecteur de conscience &nbsp; &nbsp;<\/h2>\n<p>C\u2019est l\u2019un des passages retra\u00e7ant la semaine de la passion de J\u00e9sus qui a conduit SangMin Lee \u00e0 envisager pour la premi\u00e8re fois le chemin de la paix. Peu apr\u00e8s \u00eatre devenu chr\u00e9tien, SangMin Lee a \u00e9t\u00e9 touch\u00e9 par l\u2019enseignement de J\u00e9sus sur l\u2019amour de nos ennemis, en particulier par la r\u00e9primande qu\u2019il a adress\u00e9e \u00e0 Pierre pour l\u2019avoir d\u00e9fendu avec une \u00e9p\u00e9e dans le jardin de Geths\u00e9man\u00e9.&nbsp;<\/p>\n<p>Au fur et \u00e0 mesure qu\u2019il en apprenait davantage sur la foi chr\u00e9tienne, l\u2019engagement de Lee en faveur de l\u2019\u00e9vangile de la paix s\u2019est approfondi, ce qui l\u2019a mis en porte-\u00e0-faux avec le gouvernement cor\u00e9en. SangMin Lee, 27 ans, membre de l\u2019\u00e9glise mennonite <em>Grace and Peace<\/em> \u00e0 S\u00e9oul (Cor\u00e9e du Sud), a \u00e9t\u00e9 jug\u00e9 pour avoir refus\u00e9 d\u2019effectuer son service militaire.&nbsp;<\/p>\n<p>Depuis le d\u00e9but de la guerre de Cor\u00e9e en 1950, la Cor\u00e9e du Sud a exig\u00e9 de tous les hommes valides qu\u2019ils servent pendant un certain temps dans ses forces arm\u00e9es, sans possibilit\u00e9 de service alternatif. En 1953, la guerre s\u2019est termin\u00e9e par un armistice plut\u00f4t que par un trait\u00e9 de paix, ce qui signifie que la p\u00e9ninsule est techniquement toujours en guerre. En effet, les craintes d\u2019une invasion potentielle de la Cor\u00e9e du Nord restent grandes.&nbsp;<\/p>\n<p>SangMin Lee est devenu le premier mennonite de Cor\u00e9e du Sud \u00e0 \u00eatre emprisonn\u00e9 pour ses convictions. Dans un entretien, SangMin Lee a fait remarquer que la formation et la culture de l\u2019arm\u00e9e sont intrins\u00e8quement violentes. Selon&nbsp;lui, le fait de participer volontairement \u00e0 cette structure changerait son identit\u00e9 et ferait de lui \u2018une victime autant qu\u2019un agresseur\u2019.&nbsp;<\/p>\n<p>Compte tenu de son casier judiciaire, SangMin Lee sait qu\u2019il aura \u2018une mauvaise r\u00e9putation dans la soci\u00e9t\u00e9\u2019 et que de nombreuses carri\u00e8res lui seront probablement interdites pour le reste de sa vie. Plus douloureux encore, il s\u2019est rendu compte que sa d\u00e9cision l\u2019am\u00e8nerait \u00e0 \u00eatre en conflit avec sa famille. \u00ab Je crains que ma famille ne s\u2019effondre \u00e0 cause de ma d\u00e9cision \u00bb, a d\u00e9clar\u00e9 M. Lee.&nbsp;<\/p>\n<p>Pourtant, il est rest\u00e9 ferme dans ses convictions. \u00ab Je veux que la prochaine g\u00e9n\u00e9ration puisse vivre dans de meilleures conditions, dans le respect des choix et des d\u00e9cisions individuelles \u00bb, a-t-il d\u00e9clar\u00e9.&nbsp;<\/p>\n<p>En avril 2014, SangMin Lee a \u00e9t\u00e9 condamn\u00e9&nbsp;\u00e0 18 mois de prison pour son refus, ancr\u00e9 dans sa foi, d\u2019effectuer le service militaire obligatoire. L\u2019\u00c9glise mondiale et d\u2019autres personnes sensibles au t\u00e9moignage de paix de SangMin Lee ont r\u00e9agi en lui \u00e9crivant des lettres et en priant pour lui. Au cours d\u2019une campagne \u00e9pistolaire soutenue par <em>Bearing Witness<\/em>, Justapaz et la Conf\u00e9rence Mennonite Mondiale, au moins 48 personnes de neuf pays diff\u00e9rents se sont engag\u00e9es \u00e0 \u00e9crire des lettres \u00e0 Sang-Min au cours de son emprisonnement.&nbsp;<\/p>\n<p>Les pri\u00e8res de beaucoup ont \u00e9t\u00e9 exauc\u00e9es puisque SangMin Lee a \u00e9t\u00e9 lib\u00e9r\u00e9 le 30 juillet 2015, avec trois mois d\u2019avance ! Les services rendus par SangMin Lee dans le salon de coiffure de la prison ont \u00e9t\u00e9 d\u00e9duits de sa peine d\u2019emprisonnement de 18 mois, ce qui lui a permis de sortir plus t\u00f4t que ne le pr\u00e9voyait sa peine.&nbsp;<\/p>\n<p>Le cas de SangMin Lee est un exemple des possibilit\u00e9s de coop\u00e9ration internationale autour de la question de l\u2019objection de conscience. <em>Bearing Witness<\/em> a lanc\u00e9 la campagne d\u2019envoi de lettres, la Conf\u00e9rence Mennonite Mondiale a&nbsp;fr\u00e9quemment envoy\u00e9 des demandes de pri\u00e8re \u00e0 l\u2019Eglise mondiale pendant le proc\u00e8s de SangMin Lee, et Justapaz a mis SangMin en contact avec des objecteurs de conscience en Colombie qui sont \u00e9galement confront\u00e9s \u00e0 des difficult\u00e9s en raison de leur position contre le service militaire.&nbsp;<\/p>\n<p>\u00ca l\u2019\u00e2ge de 35 ans, SangMin est d\u00e9c\u00e9d\u00e9 le 14 ao\u00fbt 2022 \u00e0 la suite d\u2019un accident de v\u00e9lo. Il laisse derri\u00e8re lui sa femme Song Sem et un jeune fils.&nbsp;<\/p>\n<p>\u00ab J\u2019essaie de vivre une vie normale, de trouver une r\u00e9ponse plus simple \u00e0 la fa\u00e7on de vivre \u00bb, a-t-il d\u00e9clar\u00e9 environ six mois apr\u00e8s sa lib\u00e9ration, fin 2015, lors d\u2019un \u00e9v\u00e9nement organis\u00e9 par le Institute for the <em>Study of Global Anabaptism<\/em> (Institut d\u2019\u00e9tude de l\u2019anabaptisme mondial) et le Goshen College. \u00ab J\u2019essaie d\u2019\u00eatre reconnaissant pour chaque jour et de faire en sorte que chaque jour soit aussi important que le pr\u00e9c\u00e9dent. \u00bb &nbsp;&nbsp;<\/p>\n<p><em>\u2014Par Elizabeth Miller &nbsp;Une version de cet article a \u00e9t\u00e9 publi\u00e9e pour la premi\u00e8re fois sur <a href=\"http:\/\/www.martyrstories.org\">www.martyrstories.org.<\/a> Utilis\u00e9e avec l\u2019autorisation de l\u2019auteure. Actualis\u00e9 en 2023 par Ebenezer Mondez.&nbsp;<\/em><\/p>\n<hr>\n<table style=\"width:300px\">\n<tbody>\n<tr>\n<td>\n<h4><a href=\"https:\/\/mwc-cmm.org\/fr\/resources\/semaine-de-la-fraternite-des-yabs-2023-materiel-pour-le-culte\">Semaine de la Fraternit\u00e9 des YABs 2023 Mat\u00e9riel pour le culte<\/a><\/h4>\n<\/td>\n<\/tr>\n<\/tbody>\n<\/table>\n<p>&nbsp;<\/p>\n","protected":false},"excerpt":{"rendered":"<p>C\u2019est l\u2019un des passages retra\u00e7ant la semaine de la passion de J\u00e9sus qui a conduit SangMin Lee \u00e0 envisager pour la premi\u00e8re fois le chemin de la paix. Peu apr\u00e8s \u00eatre devenu chr\u00e9tien, SangMin Lee a \u00e9t\u00e9 touch\u00e9 par l\u2019enseignement de J\u00e9sus sur l\u2019amour de nos ennemis, en particulier par la r\u00e9primande qu\u2019il a adress\u00e9e \u00e0 Pierre pour l\u2019avoir d\u00e9fendu avec une \u00e9p\u00e9e dans le jardin de Geths\u00e9man\u00e9.&nbsp;<\/p>\n","protected":false},"author":1,"featured_media":87632,"comment_status":"closed","ping_status":"closed","sticky":false,"template":"","format":"standard","meta":{"_acf_changed":false,"footnotes":""},"categories":[7],"tags":[],"network":[1285],"eventcategory":[],"class_list":["post-10526","post","type-post","status-publish","format-standard","has-post-thumbnail","hentry","category-non-classifiee","network-young-anabaptists-fr"],"acf":[],"yoast_head":"<!-- This site is optimized with the Yoast SEO plugin v27.2 - https:\/\/yoast.com\/product\/yoast-seo-wordpress\/ -->\n<title>Refuser d\u2019\u00eatre une victime et un agresseur - Mennonite World Conference<\/title>\n<meta name=\"robots\" content=\"index, follow, max-snippet:-1, max-image-preview:large, max-video-preview:-1\" \/>\n<link rel=\"canonical\" href=\"https:\/\/mwc-cmm.org\/en\/stories\/refusing-be-victim-and-offender\/\" \/>\n<meta property=\"og:locale\" content=\"fr_FR\" \/>\n<meta property=\"og:type\" content=\"article\" \/>\n<meta property=\"og:title\" content=\"Refuser d\u2019\u00eatre une victime et un agresseur - Mennonite World Conference\" \/>\n<meta property=\"og:description\" content=\"C\u2019est l\u2019un des passages retra\u00e7ant la semaine de la passion de J\u00e9sus qui a conduit SangMin Lee \u00e0 envisager pour la premi\u00e8re fois le chemin de la paix. Peu apr\u00e8s \u00eatre devenu chr\u00e9tien, SangMin Lee a \u00e9t\u00e9 touch\u00e9 par l\u2019enseignement de J\u00e9sus sur l\u2019amour de nos ennemis, en particulier par la r\u00e9primande qu\u2019il a adress\u00e9e \u00e0 Pierre pour l\u2019avoir d\u00e9fendu avec une \u00e9p\u00e9e dans le jardin de Geths\u00e9man\u00e9.&nbsp;\" \/>\n<meta property=\"og:url\" content=\"https:\/\/mwc-cmm.org\/en\/stories\/refusing-be-victim-and-offender\/\" \/>\n<meta property=\"og:site_name\" content=\"Mennonite World Conference\" \/>\n<meta property=\"article:publisher\" content=\"https:\/\/www.facebook.com\/MennoniteWorldConference\" \/>\n<meta property=\"article:published_time\" content=\"2023-05-25T00:00:00+00:00\" \/>\n<meta property=\"article:modified_time\" content=\"2024-12-10T17:20:18+00:00\" \/>\n<meta property=\"og:image\" content=\"https:\/\/mwc-cmm.org\/wp-content\/uploads\/2024\/11\/sangmin.jpg\" \/>\n\t<meta property=\"og:image:width\" content=\"798\" \/>\n\t<meta property=\"og:image:height\" content=\"732\" \/>\n\t<meta property=\"og:image:type\" content=\"image\/jpeg\" \/>\n<meta name=\"author\" content=\"mennworldcon\" \/>\n<script type=\"application\/ld+json\" class=\"yoast-schema-graph\">{\"@context\":\"https:\/\/schema.org\",\"@graph\":[{\"@type\":\"Article\",\"@id\":\"https:\/\/mwc-cmm.org\/en\/stories\/refusing-be-victim-and-offender\/#article\",\"isPartOf\":{\"@id\":\"https:\/\/mwc-cmm.org\/en\/stories\/refusing-be-victim-and-offender\/\"},\"author\":{\"name\":\"mennworldcon\",\"@id\":\"https:\/\/mwc-cmm.org\/en\/#\/schema\/person\/11f6ae0d7d1868ba20a1cc27f067c836\"},\"headline\":\"Refuser d\u2019\u00eatre une victime et un agresseur\",\"datePublished\":\"2023-05-25T00:00:00+00:00\",\"dateModified\":\"2024-12-10T17:20:18+00:00\",\"mainEntityOfPage\":{\"@id\":\"https:\/\/mwc-cmm.org\/en\/stories\/refusing-be-victim-and-offender\/\"},\"wordCount\":846,\"publisher\":{\"@id\":\"https:\/\/mwc-cmm.org\/en\/#organization\"},\"image\":{\"@id\":\"https:\/\/mwc-cmm.org\/en\/stories\/refusing-be-victim-and-offender\/#primaryimage\"},\"thumbnailUrl\":\"https:\/\/mwc-cmm.org\/wp-content\/uploads\/2024\/11\/sangmin.jpg\",\"articleSection\":[\"Non classifi\u00e9(e)\"],\"inLanguage\":\"fr-FR\"},{\"@type\":\"WebPage\",\"@id\":\"https:\/\/mwc-cmm.org\/en\/stories\/refusing-be-victim-and-offender\/\",\"url\":\"https:\/\/mwc-cmm.org\/en\/stories\/refusing-be-victim-and-offender\/\",\"name\":\"Refuser d\u2019\u00eatre une victime et un agresseur - Mennonite World Conference\",\"isPartOf\":{\"@id\":\"https:\/\/mwc-cmm.org\/en\/#website\"},\"primaryImageOfPage\":{\"@id\":\"https:\/\/mwc-cmm.org\/en\/stories\/refusing-be-victim-and-offender\/#primaryimage\"},\"image\":{\"@id\":\"https:\/\/mwc-cmm.org\/en\/stories\/refusing-be-victim-and-offender\/#primaryimage\"},\"thumbnailUrl\":\"https:\/\/mwc-cmm.org\/wp-content\/uploads\/2024\/11\/sangmin.jpg\",\"datePublished\":\"2023-05-25T00:00:00+00:00\",\"dateModified\":\"2024-12-10T17:20:18+00:00\",\"breadcrumb\":{\"@id\":\"https:\/\/mwc-cmm.org\/en\/stories\/refusing-be-victim-and-offender\/#breadcrumb\"},\"inLanguage\":\"fr-FR\",\"potentialAction\":[{\"@type\":\"ReadAction\",\"target\":[\"https:\/\/mwc-cmm.org\/en\/stories\/refusing-be-victim-and-offender\/\"]}]},{\"@type\":\"ImageObject\",\"inLanguage\":\"fr-FR\",\"@id\":\"https:\/\/mwc-cmm.org\/en\/stories\/refusing-be-victim-and-offender\/#primaryimage\",\"url\":\"https:\/\/mwc-cmm.org\/wp-content\/uploads\/2024\/11\/sangmin.jpg\",\"contentUrl\":\"https:\/\/mwc-cmm.org\/wp-content\/uploads\/2024\/11\/sangmin.jpg\",\"width\":798,\"height\":732},{\"@type\":\"BreadcrumbList\",\"@id\":\"https:\/\/mwc-cmm.org\/en\/stories\/refusing-be-victim-and-offender\/#breadcrumb\",\"itemListElement\":[{\"@type\":\"ListItem\",\"position\":1,\"name\":\"Home\",\"item\":\"https:\/\/mwc-cmm.org\/fr\/\"},{\"@type\":\"ListItem\",\"position\":2,\"name\":\"Refuser d\u2019\u00eatre une victime et un agresseur\"}]},{\"@type\":\"WebSite\",\"@id\":\"https:\/\/mwc-cmm.org\/en\/#website\",\"url\":\"https:\/\/mwc-cmm.org\/en\/\",\"name\":\"Mennonite World Conference\",\"description\":\"A communion of Anabaptist-related churches\",\"publisher\":{\"@id\":\"https:\/\/mwc-cmm.org\/en\/#organization\"},\"alternateName\":\"MWC\",\"potentialAction\":[{\"@type\":\"SearchAction\",\"target\":{\"@type\":\"EntryPoint\",\"urlTemplate\":\"https:\/\/mwc-cmm.org\/en\/?s={search_term_string}\"},\"query-input\":{\"@type\":\"PropertyValueSpecification\",\"valueRequired\":true,\"valueName\":\"search_term_string\"}}],\"inLanguage\":\"fr-FR\"},{\"@type\":\"Organization\",\"@id\":\"https:\/\/mwc-cmm.org\/en\/#organization\",\"name\":\"Mennonite World Conference\",\"alternateName\":\"MWC\",\"url\":\"https:\/\/mwc-cmm.org\/en\/\",\"logo\":{\"@type\":\"ImageObject\",\"inLanguage\":\"fr-FR\",\"@id\":\"https:\/\/mwc-cmm.org\/en\/#\/schema\/logo\/image\/\",\"url\":\"https:\/\/mwc-cmm.org\/wp-content\/uploads\/2026\/01\/MWC_Sig_Blue_Horiz_webheader1-logo.svg\",\"contentUrl\":\"https:\/\/mwc-cmm.org\/wp-content\/uploads\/2026\/01\/MWC_Sig_Blue_Horiz_webheader1-logo.svg\",\"width\":786,\"height\":82,\"caption\":\"Mennonite World Conference\"},\"image\":{\"@id\":\"https:\/\/mwc-cmm.org\/en\/#\/schema\/logo\/image\/\"},\"sameAs\":[\"https:\/\/www.facebook.com\/MennoniteWorldConference\",\"https:\/\/www.linkedin.com\/company\/mennonite-world-conference-mwc\/\",\"https:\/\/www.instagram.com\/mwcmm\/\",\"https:\/\/www.youtube.com\/user\/mwccmm\",\"https:\/\/bsky.app\/profile\/mwcmm.bsky.social\"]},{\"@type\":\"Person\",\"@id\":\"https:\/\/mwc-cmm.org\/en\/#\/schema\/person\/11f6ae0d7d1868ba20a1cc27f067c836\",\"name\":\"mennworldcon\",\"image\":{\"@type\":\"ImageObject\",\"inLanguage\":\"fr-FR\",\"@id\":\"https:\/\/secure.gravatar.com\/avatar\/06fdc0dc81c157dfdb82ec42f252178a22307808988d22c043f9eb96f1e0fe80?s=96&d=mm&r=g\",\"url\":\"https:\/\/secure.gravatar.com\/avatar\/06fdc0dc81c157dfdb82ec42f252178a22307808988d22c043f9eb96f1e0fe80?s=96&d=mm&r=g\",\"contentUrl\":\"https:\/\/secure.gravatar.com\/avatar\/06fdc0dc81c157dfdb82ec42f252178a22307808988d22c043f9eb96f1e0fe80?s=96&d=mm&r=g\",\"caption\":\"mennworldcon\"},\"sameAs\":[\"https:\/\/mwc-cmm.org\"],\"url\":\"https:\/\/mwc-cmm.org\/fr\/stories\/author\/mennworldcon\/\"}]}<\/script>\n<!-- \/ Yoast SEO plugin. -->","yoast_head_json":{"title":"Refuser d\u2019\u00eatre une victime et un agresseur - Mennonite World Conference","robots":{"index":"index","follow":"follow","max-snippet":"max-snippet:-1","max-image-preview":"max-image-preview:large","max-video-preview":"max-video-preview:-1"},"canonical":"https:\/\/mwc-cmm.org\/en\/stories\/refusing-be-victim-and-offender\/","og_locale":"fr_FR","og_type":"article","og_title":"Refuser d\u2019\u00eatre une victime et un agresseur - Mennonite World Conference","og_description":"C\u2019est l\u2019un des passages retra\u00e7ant la semaine de la passion de J\u00e9sus qui a conduit SangMin Lee \u00e0 envisager pour la premi\u00e8re fois le chemin de la paix. Peu apr\u00e8s \u00eatre devenu chr\u00e9tien, SangMin Lee a \u00e9t\u00e9 touch\u00e9 par l\u2019enseignement de J\u00e9sus sur l\u2019amour de nos ennemis, en particulier par la r\u00e9primande qu\u2019il a adress\u00e9e \u00e0 Pierre pour l\u2019avoir d\u00e9fendu avec une \u00e9p\u00e9e dans le jardin de Geths\u00e9man\u00e9.&nbsp;","og_url":"https:\/\/mwc-cmm.org\/en\/stories\/refusing-be-victim-and-offender\/","og_site_name":"Mennonite World Conference","article_publisher":"https:\/\/www.facebook.com\/MennoniteWorldConference","article_published_time":"2023-05-25T00:00:00+00:00","article_modified_time":"2024-12-10T17:20:18+00:00","og_image":[{"width":798,"height":732,"url":"https:\/\/mwc-cmm.org\/wp-content\/uploads\/2024\/11\/sangmin.jpg","type":"image\/jpeg"}],"author":"mennworldcon","schema":{"@context":"https:\/\/schema.org","@graph":[{"@type":"Article","@id":"https:\/\/mwc-cmm.org\/en\/stories\/refusing-be-victim-and-offender\/#article","isPartOf":{"@id":"https:\/\/mwc-cmm.org\/en\/stories\/refusing-be-victim-and-offender\/"},"author":{"name":"mennworldcon","@id":"https:\/\/mwc-cmm.org\/en\/#\/schema\/person\/11f6ae0d7d1868ba20a1cc27f067c836"},"headline":"Refuser d\u2019\u00eatre une victime et un agresseur","datePublished":"2023-05-25T00:00:00+00:00","dateModified":"2024-12-10T17:20:18+00:00","mainEntityOfPage":{"@id":"https:\/\/mwc-cmm.org\/en\/stories\/refusing-be-victim-and-offender\/"},"wordCount":846,"publisher":{"@id":"https:\/\/mwc-cmm.org\/en\/#organization"},"image":{"@id":"https:\/\/mwc-cmm.org\/en\/stories\/refusing-be-victim-and-offender\/#primaryimage"},"thumbnailUrl":"https:\/\/mwc-cmm.org\/wp-content\/uploads\/2024\/11\/sangmin.jpg","articleSection":["Non classifi\u00e9(e)"],"inLanguage":"fr-FR"},{"@type":"WebPage","@id":"https:\/\/mwc-cmm.org\/en\/stories\/refusing-be-victim-and-offender\/","url":"https:\/\/mwc-cmm.org\/en\/stories\/refusing-be-victim-and-offender\/","name":"Refuser d\u2019\u00eatre une victime et un agresseur - Mennonite World Conference","isPartOf":{"@id":"https:\/\/mwc-cmm.org\/en\/#website"},"primaryImageOfPage":{"@id":"https:\/\/mwc-cmm.org\/en\/stories\/refusing-be-victim-and-offender\/#primaryimage"},"image":{"@id":"https:\/\/mwc-cmm.org\/en\/stories\/refusing-be-victim-and-offender\/#primaryimage"},"thumbnailUrl":"https:\/\/mwc-cmm.org\/wp-content\/uploads\/2024\/11\/sangmin.jpg","datePublished":"2023-05-25T00:00:00+00:00","dateModified":"2024-12-10T17:20:18+00:00","breadcrumb":{"@id":"https:\/\/mwc-cmm.org\/en\/stories\/refusing-be-victim-and-offender\/#breadcrumb"},"inLanguage":"fr-FR","potentialAction":[{"@type":"ReadAction","target":["https:\/\/mwc-cmm.org\/en\/stories\/refusing-be-victim-and-offender\/"]}]},{"@type":"ImageObject","inLanguage":"fr-FR","@id":"https:\/\/mwc-cmm.org\/en\/stories\/refusing-be-victim-and-offender\/#primaryimage","url":"https:\/\/mwc-cmm.org\/wp-content\/uploads\/2024\/11\/sangmin.jpg","contentUrl":"https:\/\/mwc-cmm.org\/wp-content\/uploads\/2024\/11\/sangmin.jpg","width":798,"height":732},{"@type":"BreadcrumbList","@id":"https:\/\/mwc-cmm.org\/en\/stories\/refusing-be-victim-and-offender\/#breadcrumb","itemListElement":[{"@type":"ListItem","position":1,"name":"Home","item":"https:\/\/mwc-cmm.org\/fr\/"},{"@type":"ListItem","position":2,"name":"Refuser d\u2019\u00eatre une victime et un agresseur"}]},{"@type":"WebSite","@id":"https:\/\/mwc-cmm.org\/en\/#website","url":"https:\/\/mwc-cmm.org\/en\/","name":"Mennonite World Conference","description":"A communion of Anabaptist-related churches","publisher":{"@id":"https:\/\/mwc-cmm.org\/en\/#organization"},"alternateName":"MWC","potentialAction":[{"@type":"SearchAction","target":{"@type":"EntryPoint","urlTemplate":"https:\/\/mwc-cmm.org\/en\/?s={search_term_string}"},"query-input":{"@type":"PropertyValueSpecification","valueRequired":true,"valueName":"search_term_string"}}],"inLanguage":"fr-FR"},{"@type":"Organization","@id":"https:\/\/mwc-cmm.org\/en\/#organization","name":"Mennonite World Conference","alternateName":"MWC","url":"https:\/\/mwc-cmm.org\/en\/","logo":{"@type":"ImageObject","inLanguage":"fr-FR","@id":"https:\/\/mwc-cmm.org\/en\/#\/schema\/logo\/image\/","url":"https:\/\/mwc-cmm.org\/wp-content\/uploads\/2026\/01\/MWC_Sig_Blue_Horiz_webheader1-logo.svg","contentUrl":"https:\/\/mwc-cmm.org\/wp-content\/uploads\/2026\/01\/MWC_Sig_Blue_Horiz_webheader1-logo.svg","width":786,"height":82,"caption":"Mennonite World Conference"},"image":{"@id":"https:\/\/mwc-cmm.org\/en\/#\/schema\/logo\/image\/"},"sameAs":["https:\/\/www.facebook.com\/MennoniteWorldConference","https:\/\/www.linkedin.com\/company\/mennonite-world-conference-mwc\/","https:\/\/www.instagram.com\/mwcmm\/","https:\/\/www.youtube.com\/user\/mwccmm","https:\/\/bsky.app\/profile\/mwcmm.bsky.social"]},{"@type":"Person","@id":"https:\/\/mwc-cmm.org\/en\/#\/schema\/person\/11f6ae0d7d1868ba20a1cc27f067c836","name":"mennworldcon","image":{"@type":"ImageObject","inLanguage":"fr-FR","@id":"https:\/\/secure.gravatar.com\/avatar\/06fdc0dc81c157dfdb82ec42f252178a22307808988d22c043f9eb96f1e0fe80?s=96&d=mm&r=g","url":"https:\/\/secure.gravatar.com\/avatar\/06fdc0dc81c157dfdb82ec42f252178a22307808988d22c043f9eb96f1e0fe80?s=96&d=mm&r=g","contentUrl":"https:\/\/secure.gravatar.com\/avatar\/06fdc0dc81c157dfdb82ec42f252178a22307808988d22c043f9eb96f1e0fe80?s=96&d=mm&r=g","caption":"mennworldcon"},"sameAs":["https:\/\/mwc-cmm.org"],"url":"https:\/\/mwc-cmm.org\/fr\/stories\/author\/mennworldcon\/"}]}},"_links":{"self":[{"href":"https:\/\/mwc-cmm.org\/fr\/wp-json\/wp\/v2\/posts\/10526","targetHints":{"allow":["GET"]}}],"collection":[{"href":"https:\/\/mwc-cmm.org\/fr\/wp-json\/wp\/v2\/posts"}],"about":[{"href":"https:\/\/mwc-cmm.org\/fr\/wp-json\/wp\/v2\/types\/post"}],"author":[{"embeddable":true,"href":"https:\/\/mwc-cmm.org\/fr\/wp-json\/wp\/v2\/users\/1"}],"replies":[{"embeddable":true,"href":"https:\/\/mwc-cmm.org\/fr\/wp-json\/wp\/v2\/comments?post=10526"}],"version-history":[{"count":0,"href":"https:\/\/mwc-cmm.org\/fr\/wp-json\/wp\/v2\/posts\/10526\/revisions"}],"wp:featuredmedia":[{"embeddable":true,"href":"https:\/\/mwc-cmm.org\/fr\/wp-json\/wp\/v2\/media\/87632"}],"wp:attachment":[{"href":"https:\/\/mwc-cmm.org\/fr\/wp-json\/wp\/v2\/media?parent=10526"}],"wp:term":[{"taxonomy":"category","embeddable":true,"href":"https:\/\/mwc-cmm.org\/fr\/wp-json\/wp\/v2\/categories?post=10526"},{"taxonomy":"post_tag","embeddable":true,"href":"https:\/\/mwc-cmm.org\/fr\/wp-json\/wp\/v2\/tags?post=10526"},{"taxonomy":"network","embeddable":true,"href":"https:\/\/mwc-cmm.org\/fr\/wp-json\/wp\/v2\/network?post=10526"},{"taxonomy":"eventcategory","embeddable":true,"href":"https:\/\/mwc-cmm.org\/fr\/wp-json\/wp\/v2\/eventcategory?post=10526"}],"curies":[{"name":"wp","href":"https:\/\/api.w.org\/{rel}","templated":true}]}}