{"id":10524,"date":"2023-05-26T00:00:00","date_gmt":"2023-05-26T00:00:00","guid":{"rendered":"https:\/\/mwc-cmm.org\/the-taste-of-generosity-3\/"},"modified":"2024-12-10T17:20:17","modified_gmt":"2024-12-10T17:20:17","slug":"la-saveur-de-la-generosite","status":"publish","type":"post","link":"https:\/\/mwc-cmm.org\/fr\/stories\/la-saveur-de-la-generosite\/","title":{"rendered":"La saveur de la g\u00e9n\u00e9rosit\u00e9"},"content":{"rendered":"<p>Pr\u00e8s d\u2019une fois par semaine, un visiteur se pr\u00e9sente au bureau de la Conf\u00e9rence Mennonite Mondiale (CMM) \u00e0 Kitchener (Ontario, Canada), avec des cadeaux. Les cadeaux de Tim Sauer, le \u00ab&nbsp;p\u00e2tissier&nbsp;\u00bb, se composent de fraises, de raisins, de rhubarbe, de pommes, de cerises aigres \u2013 et de ch\u00e8ques.&nbsp;&nbsp;<\/p>\n<p>\u00ab&nbsp;Je n\u2019aurais jamais pu \u00eatre pr\u00e9dicateur ; je n\u2019ai pas une belle voix de chorale&nbsp;; [faire des tartes] me permet de manifester mon amour pour les autres&nbsp;\u00bb, explique Tim Sauer.&nbsp;&nbsp;<\/p>\n<p>Il a commenc\u00e9 \u00e0 faire des tartes pour ses parents. Apr\u00e8s leur mort, il a continu\u00e9 \u00e0 faire des tartes pour remercier ses coll\u00e8gues b\u00e9n\u00e9voles du magasin d\u2019occasion du Comit\u00e9 Central Mennonite \u00e0 Waterloo. Tr\u00e8s vite, sa liste des organismes et des personnes s\u2019est allong\u00e9e.&nbsp;<\/p>\n<p>Retrait\u00e9 apr\u00e8s une carri\u00e8re de biblioth\u00e9caire, Tim Sauer s\u2019efforce de pr\u00e9parer en moyenne une tarte tous les deux jours. Souvent, il d\u00e9passe largement ce chiffre, avec pr\u00e8s de 360 tartes par an.&nbsp;&nbsp;<\/p>\n<p>Tim Sauer a affin\u00e9 sa technique&nbsp;: trois tartes \u00e0 la fois, enfourn\u00e9es en une heure environ.&nbsp;&nbsp;<\/p>\n<p>\u00ab&nbsp;Je suis exceptionnellement pointilleux sur les garnitures&nbsp;\u00bb, dit-il, ce qui est \u00e0 la fois sa plus grande joie et son plus grand d\u00e9fi. Situ\u00e9 \u00e0 proximit\u00e9 de la r\u00e9gion fruiti\u00e8re du Niagara, il utilise toujours des fruits (ou de la citrouille), g\u00e9n\u00e9ralement frais et de saison. Dans un march\u00e9 fruitier local, il trouve des offres pour des fruits en vrac qui doivent \u00eatre utilis\u00e9s imm\u00e9diatement.&nbsp;<\/p>\n<p>C\u2019est la distribution qui lui prend le plus de temps. Les livraisons au 50 Kent (o\u00f9 se trouvent les bureaux de la CMM) sont pratiques car il trouve plusieurs agences mennonites sous un m\u00eame toit.&nbsp;&nbsp;<\/p>\n<p>Mais ses dons ne se limitent pas \u00e0 la tarte. Tim Sauer r\u00e9duit ses activit\u00e9s b\u00e9n\u00e9voles en raison de son \u00e9tat de sant\u00e9, mais son carnet de ch\u00e8ques continue de travailler.&nbsp;&nbsp;<\/p>\n<p>\u00ab&nbsp;Je suis n\u00e9 dans une famille o\u00f9 l\u2019\u00e9thique du travail \u00e9tait tr\u00e8s forte. J\u2019ai eu acc\u00e8s \u00e0 une excellente \u00e9ducation. D\u2019autres personnes, dans des endroits diff\u00e9rents et avec des parents diff\u00e9rents, auraient pu r\u00e9ussir tout aussi bien, mais elles ne sont pas n\u00e9es dans un endroit o\u00f9 elles pouvaient s\u2019\u00e9tablir&nbsp;\u00bb, explique-t-il. \u00ab&nbsp;Ils ont tout autant le droit que moi \u00e0 une belle vie&nbsp;\u00bb.&nbsp;&nbsp;<\/p>\n<p>\u00ab&nbsp;J\u2019ai agonis\u00e9 pendant des ann\u00e9es&#8230; Je n\u2019arrivais jamais \u00e0 me sentir \u00e0 l\u2019aise avec ce que je donnais. Finalement, j\u2019ai d\u00e9cid\u00e9 que 50&nbsp;% suffiraient. Je peux d\u00e9penser le reste comme je l\u2019entends&nbsp;\u00bb, explique-t-il.&nbsp;&nbsp;<\/p>\n<p>Tim Sauer r\u00e9partit ses dons : la moiti\u00e9 va \u00e0 des organisations canadiennes, l\u2019autre moiti\u00e9 \u00e0 des organisations \u00e9trang\u00e8res, comme un h\u00f4pital en Tanzanie, des frais de scolarit\u00e9 pour des femmes en Ouganda et la CMM.&nbsp;&nbsp;<\/p>\n<p>Gr\u00e2ce \u00e0 ses dons, non seulement il paie peu d\u2019imp\u00f4ts sur le revenu, mais il b\u00e9n\u00e9ficie d\u2019une remise importante. Et le ch\u00e9quier ressort !&nbsp;<\/p>\n<p>\u00ab&nbsp;Il y a tellement d\u2019opportunit\u00e9s. Cela me fait plaisir de donner de l\u2019argent&nbsp;\u00bb.&nbsp;<\/p>\n<p>Parfois, ses livraisons se limitent \u00e0 un ch\u00e8que et \u00e0 des excuses&nbsp;: \u00ab&nbsp;Je suis d\u00e9sol\u00e9, il n\u2019y a pas de tarte aujourd\u2019hui&nbsp;\u00bb.&nbsp;<\/p>\n<p>Tim Sauer savoure la reconnaissance qu\u2019il re\u00e7oit lorsqu\u2019il livre une tarte.&nbsp;&nbsp;<\/p>\n<p>L\u2019une de ses livraisons les plus m\u00e9morables a \u00e9t\u00e9 celle d\u2019une tarte pr\u00e9par\u00e9e \u00e0 partir de rares physalis (cerises de terre) de la r\u00e9gion \u00e0 un couple de pasteurs \u00e0 la retraite. Ils ont \u00e9t\u00e9 enthousiasm\u00e9s par les saveurs qu\u2019ils n\u2019avaient pas mang\u00e9es depuis une dizaine d\u2019ann\u00e9es. En l\u2019espace de quelques mois, tous deux sont d\u00e9c\u00e9d\u00e9s apr\u00e8s une vie de minist\u00e8re et de service. Tim Sauer \u00e9tait reconnaissant de leur avoir offert ce doux souvenir dans leurs derniers jours.&nbsp;&nbsp;<\/p>\n<p>Tim Sauer prouve que toute comp\u00e9tence peut \u00eatre utilis\u00e9e pour glorifier Dieu.&nbsp;&nbsp;<\/p>\n<p>\u00ab&nbsp;Nous devons trouver des jeunes qui ont des dons et les encourager \u00e0 les d\u00e9velopper&nbsp;\u00bb, d\u00e9clare-t-il.&nbsp;<\/p>\n<p>\u00ab&nbsp;J\u2019ai de la chance. Combien de personnes peuvent faire un ch\u00e8que de 5&nbsp;000 dollars&nbsp;? Combien de personnes peuvent donner 40&nbsp;000 dollars par an&nbsp;?&nbsp;\u00bb d\u00e9clare Tim Sauer. \u00ab&nbsp;Lorsque je fais un ch\u00e8que, je suis sur un petit nuage. Je suis b\u00e9ni&nbsp;!&nbsp;\u00bb&nbsp;<\/p>\n<p><a href=\"https:\/\/mwc-cmm.org\/fr\/faire-un-don\"><img decoding=\"async\" alt=\"donate\" height=\"300\" data-src=\"\/sites\/default\/files\/website_files_2020\/donate_fr.jpg\" style=\"--smush-placeholder-width: 810px; --smush-placeholder-aspect-ratio: 810\/300;float:left\" width=\"810\" src=\"data:image\/svg+xml;base64,PHN2ZyB3aWR0aD0iMSIgaGVpZ2h0PSIxIiB4bWxucz0iaHR0cDovL3d3dy53My5vcmcvMjAwMC9zdmciPjwvc3ZnPg==\" class=\"lazyload\"><\/a><\/p>\n","protected":false},"excerpt":{"rendered":"<p>Pr\u00e8s d\u2019une fois par semaine, un visiteur se pr\u00e9sente au bureau de la Conf\u00e9rence Mennonite Mondiale (CMM) \u00e0 Kitchener (Ontario, Canada), avec des cadeaux. Les cadeaux de Tim Sauer, le \u00ab&nbsp;p\u00e2tissier&nbsp;\u00bb, se composent de fraises, de raisins, de rhubarbe, de pommes, de cerises aigres \u2013 et de ch\u00e8ques.&nbsp;&nbsp; \u00ab&nbsp;Je n\u2019aurais jamais pu \u00eatre pr\u00e9dicateur ; [&hellip;]<\/p>\n","protected":false},"author":1,"featured_media":96788,"comment_status":"closed","ping_status":"closed","sticky":false,"template":"","format":"standard","meta":{"_acf_changed":false,"footnotes":""},"categories":[7],"tags":[],"network":[],"eventcategory":[],"class_list":["post-10524","post","type-post","status-publish","format-standard","has-post-thumbnail","hentry","category-non-classifiee"],"acf":[],"yoast_head":"<!-- This site is optimized with the Yoast SEO plugin v27.5 - https:\/\/yoast.com\/product\/yoast-seo-wordpress\/ -->\n<title>La saveur de la g\u00e9n\u00e9rosit\u00e9 - Mennonite World Conference<\/title>\n<meta name=\"robots\" content=\"index, follow, max-snippet:-1, max-image-preview:large, max-video-preview:-1\" \/>\n<link rel=\"canonical\" href=\"https:\/\/mwc-cmm.org\/fr\/stories\/la-saveur-de-la-generosite\/\" \/>\n<meta property=\"og:locale\" content=\"fr_FR\" \/>\n<meta property=\"og:type\" content=\"article\" \/>\n<meta property=\"og:title\" content=\"La saveur de la g\u00e9n\u00e9rosit\u00e9 - Mennonite World Conference\" \/>\n<meta property=\"og:description\" content=\"Pr\u00e8s d\u2019une fois par semaine, un visiteur se pr\u00e9sente au bureau de la Conf\u00e9rence Mennonite Mondiale (CMM) \u00e0 Kitchener (Ontario, Canada), avec des cadeaux. Les cadeaux de Tim Sauer, le \u00ab&nbsp;p\u00e2tissier&nbsp;\u00bb, se composent de fraises, de raisins, de rhubarbe, de pommes, de cerises aigres \u2013 et de ch\u00e8ques.&nbsp;&nbsp; \u00ab&nbsp;Je n\u2019aurais jamais pu \u00eatre pr\u00e9dicateur ; [&hellip;]\" \/>\n<meta property=\"og:url\" content=\"https:\/\/mwc-cmm.org\/fr\/stories\/la-saveur-de-la-generosite\/\" \/>\n<meta property=\"og:site_name\" content=\"Mennonite World Conference\" \/>\n<meta property=\"article:publisher\" content=\"https:\/\/www.facebook.com\/MennoniteWorldConference\" \/>\n<meta property=\"article:published_time\" content=\"2023-05-26T00:00:00+00:00\" \/>\n<meta property=\"article:modified_time\" content=\"2024-12-10T17:20:17+00:00\" \/>\n<meta property=\"og:image\" content=\"https:\/\/mwc-cmm.org\/wp-content\/uploads\/2024\/11\/tim_sauer_.jpg\" \/>\n\t<meta property=\"og:image:width\" content=\"600\" \/>\n\t<meta property=\"og:image:height\" content=\"450\" \/>\n\t<meta property=\"og:image:type\" content=\"image\/jpeg\" \/>\n<meta name=\"author\" content=\"mennworldcon\" \/>\n<script type=\"application\/ld+json\" class=\"yoast-schema-graph\">{\"@context\":\"https:\\\/\\\/schema.org\",\"@graph\":[{\"@type\":\"Article\",\"@id\":\"https:\\\/\\\/mwc-cmm.org\\\/fr\\\/stories\\\/la-saveur-de-la-generosite\\\/#article\",\"isPartOf\":{\"@id\":\"https:\\\/\\\/mwc-cmm.org\\\/fr\\\/stories\\\/la-saveur-de-la-generosite\\\/\"},\"author\":{\"name\":\"mennworldcon\",\"@id\":\"https:\\\/\\\/mwc-cmm.org\\\/en\\\/#\\\/schema\\\/person\\\/11f6ae0d7d1868ba20a1cc27f067c836\"},\"headline\":\"La saveur de la g\u00e9n\u00e9rosit\u00e9\",\"datePublished\":\"2023-05-26T00:00:00+00:00\",\"dateModified\":\"2024-12-10T17:20:17+00:00\",\"mainEntityOfPage\":{\"@id\":\"https:\\\/\\\/mwc-cmm.org\\\/fr\\\/stories\\\/la-saveur-de-la-generosite\\\/\"},\"wordCount\":795,\"publisher\":{\"@id\":\"https:\\\/\\\/mwc-cmm.org\\\/en\\\/#organization\"},\"image\":{\"@id\":\"https:\\\/\\\/mwc-cmm.org\\\/fr\\\/stories\\\/la-saveur-de-la-generosite\\\/#primaryimage\"},\"thumbnailUrl\":\"https:\\\/\\\/mwc-cmm.org\\\/wp-content\\\/uploads\\\/2024\\\/11\\\/tim_sauer_.jpg\",\"articleSection\":[\"Non classifi\u00e9(e)\"],\"inLanguage\":\"fr-FR\"},{\"@type\":\"WebPage\",\"@id\":\"https:\\\/\\\/mwc-cmm.org\\\/fr\\\/stories\\\/la-saveur-de-la-generosite\\\/\",\"url\":\"https:\\\/\\\/mwc-cmm.org\\\/fr\\\/stories\\\/la-saveur-de-la-generosite\\\/\",\"name\":\"La saveur de la g\u00e9n\u00e9rosit\u00e9 - Mennonite World Conference\",\"isPartOf\":{\"@id\":\"https:\\\/\\\/mwc-cmm.org\\\/en\\\/#website\"},\"primaryImageOfPage\":{\"@id\":\"https:\\\/\\\/mwc-cmm.org\\\/fr\\\/stories\\\/la-saveur-de-la-generosite\\\/#primaryimage\"},\"image\":{\"@id\":\"https:\\\/\\\/mwc-cmm.org\\\/fr\\\/stories\\\/la-saveur-de-la-generosite\\\/#primaryimage\"},\"thumbnailUrl\":\"https:\\\/\\\/mwc-cmm.org\\\/wp-content\\\/uploads\\\/2024\\\/11\\\/tim_sauer_.jpg\",\"datePublished\":\"2023-05-26T00:00:00+00:00\",\"dateModified\":\"2024-12-10T17:20:17+00:00\",\"breadcrumb\":{\"@id\":\"https:\\\/\\\/mwc-cmm.org\\\/fr\\\/stories\\\/la-saveur-de-la-generosite\\\/#breadcrumb\"},\"inLanguage\":\"fr-FR\",\"potentialAction\":[{\"@type\":\"ReadAction\",\"target\":[\"https:\\\/\\\/mwc-cmm.org\\\/fr\\\/stories\\\/la-saveur-de-la-generosite\\\/\"]}]},{\"@type\":\"ImageObject\",\"inLanguage\":\"fr-FR\",\"@id\":\"https:\\\/\\\/mwc-cmm.org\\\/fr\\\/stories\\\/la-saveur-de-la-generosite\\\/#primaryimage\",\"url\":\"https:\\\/\\\/mwc-cmm.org\\\/wp-content\\\/uploads\\\/2024\\\/11\\\/tim_sauer_.jpg\",\"contentUrl\":\"https:\\\/\\\/mwc-cmm.org\\\/wp-content\\\/uploads\\\/2024\\\/11\\\/tim_sauer_.jpg\",\"width\":600,\"height\":450},{\"@type\":\"BreadcrumbList\",\"@id\":\"https:\\\/\\\/mwc-cmm.org\\\/fr\\\/stories\\\/la-saveur-de-la-generosite\\\/#breadcrumb\",\"itemListElement\":[{\"@type\":\"ListItem\",\"position\":1,\"name\":\"Home\",\"item\":\"https:\\\/\\\/mwc-cmm.org\\\/fr\\\/\"},{\"@type\":\"ListItem\",\"position\":2,\"name\":\"La saveur de la g\u00e9n\u00e9rosit\u00e9\"}]},{\"@type\":\"WebSite\",\"@id\":\"https:\\\/\\\/mwc-cmm.org\\\/en\\\/#website\",\"url\":\"https:\\\/\\\/mwc-cmm.org\\\/en\\\/\",\"name\":\"Mennonite World Conference\",\"description\":\"A communion of Anabaptist-related churches\",\"publisher\":{\"@id\":\"https:\\\/\\\/mwc-cmm.org\\\/en\\\/#organization\"},\"alternateName\":\"MWC\",\"potentialAction\":[{\"@type\":\"SearchAction\",\"target\":{\"@type\":\"EntryPoint\",\"urlTemplate\":\"https:\\\/\\\/mwc-cmm.org\\\/en\\\/?s={search_term_string}\"},\"query-input\":{\"@type\":\"PropertyValueSpecification\",\"valueRequired\":true,\"valueName\":\"search_term_string\"}}],\"inLanguage\":\"fr-FR\"},{\"@type\":\"Organization\",\"@id\":\"https:\\\/\\\/mwc-cmm.org\\\/en\\\/#organization\",\"name\":\"Mennonite World Conference\",\"alternateName\":\"MWC\",\"url\":\"https:\\\/\\\/mwc-cmm.org\\\/en\\\/\",\"logo\":{\"@type\":\"ImageObject\",\"inLanguage\":\"fr-FR\",\"@id\":\"https:\\\/\\\/mwc-cmm.org\\\/en\\\/#\\\/schema\\\/logo\\\/image\\\/\",\"url\":\"https:\\\/\\\/mwc-cmm.org\\\/wp-content\\\/uploads\\\/2026\\\/01\\\/MWC_Sig_Blue_Horiz_webheader1-logo.svg\",\"contentUrl\":\"https:\\\/\\\/mwc-cmm.org\\\/wp-content\\\/uploads\\\/2026\\\/01\\\/MWC_Sig_Blue_Horiz_webheader1-logo.svg\",\"width\":786,\"height\":82,\"caption\":\"Mennonite World Conference\"},\"image\":{\"@id\":\"https:\\\/\\\/mwc-cmm.org\\\/en\\\/#\\\/schema\\\/logo\\\/image\\\/\"},\"sameAs\":[\"https:\\\/\\\/www.facebook.com\\\/MennoniteWorldConference\",\"https:\\\/\\\/www.linkedin.com\\\/company\\\/mennonite-world-conference-mwc\\\/\",\"https:\\\/\\\/www.instagram.com\\\/mwcmm\\\/\",\"https:\\\/\\\/www.youtube.com\\\/user\\\/mwccmm\",\"https:\\\/\\\/bsky.app\\\/profile\\\/mwcmm.bsky.social\"]},{\"@type\":\"Person\",\"@id\":\"https:\\\/\\\/mwc-cmm.org\\\/en\\\/#\\\/schema\\\/person\\\/11f6ae0d7d1868ba20a1cc27f067c836\",\"name\":\"mennworldcon\",\"image\":{\"@type\":\"ImageObject\",\"inLanguage\":\"fr-FR\",\"@id\":\"https:\\\/\\\/secure.gravatar.com\\\/avatar\\\/06fdc0dc81c157dfdb82ec42f252178a22307808988d22c043f9eb96f1e0fe80?s=96&d=mm&r=g\",\"url\":\"https:\\\/\\\/secure.gravatar.com\\\/avatar\\\/06fdc0dc81c157dfdb82ec42f252178a22307808988d22c043f9eb96f1e0fe80?s=96&d=mm&r=g\",\"contentUrl\":\"https:\\\/\\\/secure.gravatar.com\\\/avatar\\\/06fdc0dc81c157dfdb82ec42f252178a22307808988d22c043f9eb96f1e0fe80?s=96&d=mm&r=g\",\"caption\":\"mennworldcon\"},\"sameAs\":[\"https:\\\/\\\/mwc-cmm.org\"],\"url\":\"https:\\\/\\\/mwc-cmm.org\\\/fr\\\/stories\\\/author\\\/mennworldcon\\\/\"}]}<\/script>\n<!-- \/ Yoast SEO plugin. -->","yoast_head_json":{"title":"La saveur de la g\u00e9n\u00e9rosit\u00e9 - Mennonite World Conference","robots":{"index":"index","follow":"follow","max-snippet":"max-snippet:-1","max-image-preview":"max-image-preview:large","max-video-preview":"max-video-preview:-1"},"canonical":"https:\/\/mwc-cmm.org\/fr\/stories\/la-saveur-de-la-generosite\/","og_locale":"fr_FR","og_type":"article","og_title":"La saveur de la g\u00e9n\u00e9rosit\u00e9 - Mennonite World Conference","og_description":"Pr\u00e8s d\u2019une fois par semaine, un visiteur se pr\u00e9sente au bureau de la Conf\u00e9rence Mennonite Mondiale (CMM) \u00e0 Kitchener (Ontario, Canada), avec des cadeaux. Les cadeaux de Tim Sauer, le \u00ab&nbsp;p\u00e2tissier&nbsp;\u00bb, se composent de fraises, de raisins, de rhubarbe, de pommes, de cerises aigres \u2013 et de ch\u00e8ques.&nbsp;&nbsp; \u00ab&nbsp;Je n\u2019aurais jamais pu \u00eatre pr\u00e9dicateur ; [&hellip;]","og_url":"https:\/\/mwc-cmm.org\/fr\/stories\/la-saveur-de-la-generosite\/","og_site_name":"Mennonite World Conference","article_publisher":"https:\/\/www.facebook.com\/MennoniteWorldConference","article_published_time":"2023-05-26T00:00:00+00:00","article_modified_time":"2024-12-10T17:20:17+00:00","og_image":[{"width":600,"height":450,"url":"https:\/\/mwc-cmm.org\/wp-content\/uploads\/2024\/11\/tim_sauer_.jpg","type":"image\/jpeg"}],"author":"mennworldcon","schema":{"@context":"https:\/\/schema.org","@graph":[{"@type":"Article","@id":"https:\/\/mwc-cmm.org\/fr\/stories\/la-saveur-de-la-generosite\/#article","isPartOf":{"@id":"https:\/\/mwc-cmm.org\/fr\/stories\/la-saveur-de-la-generosite\/"},"author":{"name":"mennworldcon","@id":"https:\/\/mwc-cmm.org\/en\/#\/schema\/person\/11f6ae0d7d1868ba20a1cc27f067c836"},"headline":"La saveur de la g\u00e9n\u00e9rosit\u00e9","datePublished":"2023-05-26T00:00:00+00:00","dateModified":"2024-12-10T17:20:17+00:00","mainEntityOfPage":{"@id":"https:\/\/mwc-cmm.org\/fr\/stories\/la-saveur-de-la-generosite\/"},"wordCount":795,"publisher":{"@id":"https:\/\/mwc-cmm.org\/en\/#organization"},"image":{"@id":"https:\/\/mwc-cmm.org\/fr\/stories\/la-saveur-de-la-generosite\/#primaryimage"},"thumbnailUrl":"https:\/\/mwc-cmm.org\/wp-content\/uploads\/2024\/11\/tim_sauer_.jpg","articleSection":["Non classifi\u00e9(e)"],"inLanguage":"fr-FR"},{"@type":"WebPage","@id":"https:\/\/mwc-cmm.org\/fr\/stories\/la-saveur-de-la-generosite\/","url":"https:\/\/mwc-cmm.org\/fr\/stories\/la-saveur-de-la-generosite\/","name":"La saveur de la g\u00e9n\u00e9rosit\u00e9 - Mennonite World Conference","isPartOf":{"@id":"https:\/\/mwc-cmm.org\/en\/#website"},"primaryImageOfPage":{"@id":"https:\/\/mwc-cmm.org\/fr\/stories\/la-saveur-de-la-generosite\/#primaryimage"},"image":{"@id":"https:\/\/mwc-cmm.org\/fr\/stories\/la-saveur-de-la-generosite\/#primaryimage"},"thumbnailUrl":"https:\/\/mwc-cmm.org\/wp-content\/uploads\/2024\/11\/tim_sauer_.jpg","datePublished":"2023-05-26T00:00:00+00:00","dateModified":"2024-12-10T17:20:17+00:00","breadcrumb":{"@id":"https:\/\/mwc-cmm.org\/fr\/stories\/la-saveur-de-la-generosite\/#breadcrumb"},"inLanguage":"fr-FR","potentialAction":[{"@type":"ReadAction","target":["https:\/\/mwc-cmm.org\/fr\/stories\/la-saveur-de-la-generosite\/"]}]},{"@type":"ImageObject","inLanguage":"fr-FR","@id":"https:\/\/mwc-cmm.org\/fr\/stories\/la-saveur-de-la-generosite\/#primaryimage","url":"https:\/\/mwc-cmm.org\/wp-content\/uploads\/2024\/11\/tim_sauer_.jpg","contentUrl":"https:\/\/mwc-cmm.org\/wp-content\/uploads\/2024\/11\/tim_sauer_.jpg","width":600,"height":450},{"@type":"BreadcrumbList","@id":"https:\/\/mwc-cmm.org\/fr\/stories\/la-saveur-de-la-generosite\/#breadcrumb","itemListElement":[{"@type":"ListItem","position":1,"name":"Home","item":"https:\/\/mwc-cmm.org\/fr\/"},{"@type":"ListItem","position":2,"name":"La saveur de la g\u00e9n\u00e9rosit\u00e9"}]},{"@type":"WebSite","@id":"https:\/\/mwc-cmm.org\/en\/#website","url":"https:\/\/mwc-cmm.org\/en\/","name":"Mennonite World Conference","description":"A communion of Anabaptist-related churches","publisher":{"@id":"https:\/\/mwc-cmm.org\/en\/#organization"},"alternateName":"MWC","potentialAction":[{"@type":"SearchAction","target":{"@type":"EntryPoint","urlTemplate":"https:\/\/mwc-cmm.org\/en\/?s={search_term_string}"},"query-input":{"@type":"PropertyValueSpecification","valueRequired":true,"valueName":"search_term_string"}}],"inLanguage":"fr-FR"},{"@type":"Organization","@id":"https:\/\/mwc-cmm.org\/en\/#organization","name":"Mennonite World Conference","alternateName":"MWC","url":"https:\/\/mwc-cmm.org\/en\/","logo":{"@type":"ImageObject","inLanguage":"fr-FR","@id":"https:\/\/mwc-cmm.org\/en\/#\/schema\/logo\/image\/","url":"https:\/\/mwc-cmm.org\/wp-content\/uploads\/2026\/01\/MWC_Sig_Blue_Horiz_webheader1-logo.svg","contentUrl":"https:\/\/mwc-cmm.org\/wp-content\/uploads\/2026\/01\/MWC_Sig_Blue_Horiz_webheader1-logo.svg","width":786,"height":82,"caption":"Mennonite World Conference"},"image":{"@id":"https:\/\/mwc-cmm.org\/en\/#\/schema\/logo\/image\/"},"sameAs":["https:\/\/www.facebook.com\/MennoniteWorldConference","https:\/\/www.linkedin.com\/company\/mennonite-world-conference-mwc\/","https:\/\/www.instagram.com\/mwcmm\/","https:\/\/www.youtube.com\/user\/mwccmm","https:\/\/bsky.app\/profile\/mwcmm.bsky.social"]},{"@type":"Person","@id":"https:\/\/mwc-cmm.org\/en\/#\/schema\/person\/11f6ae0d7d1868ba20a1cc27f067c836","name":"mennworldcon","image":{"@type":"ImageObject","inLanguage":"fr-FR","@id":"https:\/\/secure.gravatar.com\/avatar\/06fdc0dc81c157dfdb82ec42f252178a22307808988d22c043f9eb96f1e0fe80?s=96&d=mm&r=g","url":"https:\/\/secure.gravatar.com\/avatar\/06fdc0dc81c157dfdb82ec42f252178a22307808988d22c043f9eb96f1e0fe80?s=96&d=mm&r=g","contentUrl":"https:\/\/secure.gravatar.com\/avatar\/06fdc0dc81c157dfdb82ec42f252178a22307808988d22c043f9eb96f1e0fe80?s=96&d=mm&r=g","caption":"mennworldcon"},"sameAs":["https:\/\/mwc-cmm.org"],"url":"https:\/\/mwc-cmm.org\/fr\/stories\/author\/mennworldcon\/"}]}},"_links":{"self":[{"href":"https:\/\/mwc-cmm.org\/fr\/wp-json\/wp\/v2\/posts\/10524","targetHints":{"allow":["GET"]}}],"collection":[{"href":"https:\/\/mwc-cmm.org\/fr\/wp-json\/wp\/v2\/posts"}],"about":[{"href":"https:\/\/mwc-cmm.org\/fr\/wp-json\/wp\/v2\/types\/post"}],"author":[{"embeddable":true,"href":"https:\/\/mwc-cmm.org\/fr\/wp-json\/wp\/v2\/users\/1"}],"replies":[{"embeddable":true,"href":"https:\/\/mwc-cmm.org\/fr\/wp-json\/wp\/v2\/comments?post=10524"}],"version-history":[{"count":0,"href":"https:\/\/mwc-cmm.org\/fr\/wp-json\/wp\/v2\/posts\/10524\/revisions"}],"wp:featuredmedia":[{"embeddable":true,"href":"https:\/\/mwc-cmm.org\/fr\/wp-json\/wp\/v2\/media\/96788"}],"wp:attachment":[{"href":"https:\/\/mwc-cmm.org\/fr\/wp-json\/wp\/v2\/media?parent=10524"}],"wp:term":[{"taxonomy":"category","embeddable":true,"href":"https:\/\/mwc-cmm.org\/fr\/wp-json\/wp\/v2\/categories?post=10524"},{"taxonomy":"post_tag","embeddable":true,"href":"https:\/\/mwc-cmm.org\/fr\/wp-json\/wp\/v2\/tags?post=10524"},{"taxonomy":"network","embeddable":true,"href":"https:\/\/mwc-cmm.org\/fr\/wp-json\/wp\/v2\/network?post=10524"},{"taxonomy":"eventcategory","embeddable":true,"href":"https:\/\/mwc-cmm.org\/fr\/wp-json\/wp\/v2\/eventcategory?post=10524"}],"curies":[{"name":"wp","href":"https:\/\/api.w.org\/{rel}","templated":true}]}}