{"id":10519,"date":"2023-04-28T00:00:00","date_gmt":"2023-04-28T00:00:00","guid":{"rendered":"https:\/\/mwc-cmm.org\/pastoral-letter-regarding-persecuted-anabaptist-mennonites-3\/"},"modified":"2025-04-08T19:29:43","modified_gmt":"2025-04-08T19:29:43","slug":"lettre-pastorale-concernant-les-anabaptistes-mennonites-persecutes","status":"publish","type":"post","link":"https:\/\/mwc-cmm.org\/fr\/stories\/lettre-pastorale-concernant-les-anabaptistes-mennonites-persecutes\/","title":{"rendered":"Lettre pastorale concernant les anabaptistes persecutes"},"content":{"rendered":"<p><em>J\u2019ai le corps us\u00e9, le c\u0153ur aussi\u00a0;<br \/>\nmais le soutien de mon c\u0153ur, mon patrimoine,<br \/>\nc\u2019est Dieu pour toujours. (Psaume 73\/26)<\/em><\/p>\n<p>S\u0153urs et fr\u00e8res bien-aim\u00e9s\u00a0:<\/p>\n<p>Une \u00e9glise membre de la CMM dans un pays africain n&rsquo;est pas reconnue par le gouvernement et fonctionne donc dans des conditions difficiles. R\u00e9cemment, la BBC a rapport\u00e9 qu&rsquo;un pasteur de cette \u00e9glise membre de la CMM \u00e9tait d\u00e9c\u00e9d\u00e9 chez lui apr\u00e8s une longue p\u00e9riode d&#8217;emprisonnement. Dans un premier temps, la famille n&rsquo;a pas \u00e9t\u00e9 autoris\u00e9e \u00e0 enterrer leur proche.<\/p>\n<p>En tant que famille de foi \u00e0 travers le monde, nous partageons le chagrin des proches de ce pasteur d\u00e9c\u00e9d\u00e9.<\/p>\n<p>Nous ne connaissons pas les difficult\u00e9s auxquelles nos fr\u00e8res et s\u0153urs sont confront\u00e9s quotidiennement alors qu&rsquo;ils suivent J\u00e9sus avec foi et espoir. Nous ne connaissons ni leurs noms ni leurs visages. Pourtant, nous savons que nous ne faisons qu&rsquo;un dans le corps du Christ. En ces temps de lutte, nous sommes solidaires. En ce temps de deuil, nous \u00e9levons nos pri\u00e8res pour tous les chr\u00e9tiens anabaptistes-mennonites de cette r\u00e9gion qui sont en danger \u00e0 cause de leur foi.<\/p>\n<blockquote><p>Dieu de mis\u00e9ricorde, J\u00e9sus notre fr\u00e8re, Saint-Esprit notre consolateur.<\/p>\n<p>Accorde \u00e0 ces fr\u00e8res et s\u0153urs<\/p>\n<p>La foi dans les \u00e9preuves de tous les jours<\/p>\n<p>L\u2019esp\u00e9rance face aux d\u00e9fis et aux dangers,<\/p>\n<p>La paix malgr\u00e9 la violence,<\/p>\n<p>et l&rsquo;encouragement de la solidarit\u00e9 de la famille mondiale pour pers\u00e9v\u00e9rer dans la fid\u00e9lit\u00e9.<\/p>\n<p>Nous prions pour toutes les personnes de foi de cette r\u00e9gion qui sont pers\u00e9cut\u00e9es pour leurs croyances.<\/p>\n<p>Nous te remercions, Dieu, pour les serviteurs que tu as \u00e9quip\u00e9s et que tu \u00e9quipes en tant que serviteurs de l&rsquo;Evangile.<br \/>\nPuisses-tu multiplier les semences et accro\u00eetre la r\u00e9colte (2 Corinthiens 9\/10).<\/p>\n<p>Kyrie eleison. Seigneur, entends notre appel \u00e0 l\u2019aide et aie piti\u00e9.<\/p><\/blockquote>\n<p>Dans le nom de J\u00e9sus, notre paix,<\/p>\n<p><img decoding=\"async\" style=\"--smush-placeholder-width: 100px; --smush-placeholder-aspect-ratio: 100\/100;float: left;\" data-src=\"https:\/\/mwc-cmm.org\/wp-content\/uploads\/2024\/10\/henk_stenvers_0.jpg\" alt=\"\" width=\"100\" height=\"100\" src=\"data:image\/svg+xml;base64,PHN2ZyB3aWR0aD0iMSIgaGVpZ2h0PSIxIiB4bWxucz0iaHR0cDovL3d3dy53My5vcmcvMjAwMC9zdmciPjwvc3ZnPg==\" class=\"lazyload\" \/><\/p>\n<p><em><strong>Henk Stenvers, <\/strong><\/em>pr\u00e9sident, Conf\u00e9rence Mennonite Mondiale<\/p>\n","protected":false},"excerpt":{"rendered":"<p>J\u2019ai le corps us\u00e9, le c\u0153ur aussi\u00a0; mais le soutien de mon c\u0153ur, mon patrimoine, c\u2019est Dieu pour toujours. (Psaume 73\/26) S\u0153urs et fr\u00e8res bien-aim\u00e9s\u00a0: Une \u00e9glise membre de la CMM dans un pays africain n&rsquo;est pas reconnue par le gouvernement et fonctionne donc dans des conditions difficiles. R\u00e9cemment, la BBC a rapport\u00e9 qu&rsquo;un pasteur [&hellip;]<\/p>\n","protected":false},"author":1,"featured_media":73498,"comment_status":"closed","ping_status":"closed","sticky":false,"template":"","format":"standard","meta":{"_acf_changed":false,"footnotes":""},"categories":[7,458],"tags":[523,524],"network":[],"eventcategory":[],"class_list":["post-10519","post","type-post","status-publish","format-standard","has-post-thumbnail","hentry","category-non-classifiee","category-priere-urgente","tag-pastoral-letter-fr","tag-prayer-fr"],"acf":[],"yoast_head":"<!-- This site is optimized with the Yoast SEO plugin v27.5 - https:\/\/yoast.com\/product\/yoast-seo-wordpress\/ -->\n<title>Lettre pastorale concernant les anabaptistes persecutes - Mennonite World Conference<\/title>\n<meta name=\"description\" content=\"Une \u00e9glise membre de la CMM dans un pays africain n&#039;est pas reconnue par le gouvernement et fonctionne donc dans des conditions difficiles. R\u00e9cemment, la BBC a rapport\u00e9 qu&#039;un pasteur de cette \u00e9glise membre de la CMM \u00e9tait d\u00e9c\u00e9d\u00e9 chez lui apr\u00e8s une longue p\u00e9riode d&#039;emprisonnement. Dans un premier temps, la famille n&#039;a pas \u00e9t\u00e9 autoris\u00e9e \u00e0 enterrer leur proche.\u00a0\" \/>\n<meta name=\"robots\" content=\"index, follow, max-snippet:-1, max-image-preview:large, max-video-preview:-1\" \/>\n<link rel=\"canonical\" href=\"https:\/\/mwc-cmm.org\/fr\/stories\/lettre-pastorale-concernant-les-anabaptistes-mennonites-persecutes\/\" \/>\n<meta property=\"og:locale\" content=\"fr_FR\" \/>\n<meta property=\"og:type\" content=\"article\" \/>\n<meta property=\"og:title\" content=\"Lettre pastorale concernant les anabaptistes persecutes - Mennonite World Conference\" \/>\n<meta property=\"og:description\" content=\"Une \u00e9glise membre de la CMM dans un pays africain n&#039;est pas reconnue par le gouvernement et fonctionne donc dans des conditions difficiles. R\u00e9cemment, la BBC a rapport\u00e9 qu&#039;un pasteur de cette \u00e9glise membre de la CMM \u00e9tait d\u00e9c\u00e9d\u00e9 chez lui apr\u00e8s une longue p\u00e9riode d&#039;emprisonnement. Dans un premier temps, la famille n&#039;a pas \u00e9t\u00e9 autoris\u00e9e \u00e0 enterrer leur proche.\u00a0\" \/>\n<meta property=\"og:url\" content=\"https:\/\/mwc-cmm.org\/fr\/stories\/lettre-pastorale-concernant-les-anabaptistes-mennonites-persecutes\/\" \/>\n<meta property=\"og:site_name\" content=\"Mennonite World Conference\" \/>\n<meta property=\"article:publisher\" content=\"https:\/\/www.facebook.com\/MennoniteWorldConference\" \/>\n<meta property=\"article:published_time\" content=\"2023-04-28T00:00:00+00:00\" \/>\n<meta property=\"article:modified_time\" content=\"2025-04-08T19:29:43+00:00\" \/>\n<meta property=\"og:image\" content=\"https:\/\/mwc-cmm.org\/wp-content\/uploads\/2024\/11\/img_96821-scaled.jpg\" \/>\n\t<meta property=\"og:image:width\" content=\"2560\" \/>\n\t<meta property=\"og:image:height\" content=\"1922\" \/>\n\t<meta property=\"og:image:type\" content=\"image\/jpeg\" \/>\n<meta name=\"author\" content=\"mennworldcon\" \/>\n<script type=\"application\/ld+json\" class=\"yoast-schema-graph\">{\"@context\":\"https:\\\/\\\/schema.org\",\"@graph\":[{\"@type\":\"Article\",\"@id\":\"https:\\\/\\\/mwc-cmm.org\\\/fr\\\/stories\\\/lettre-pastorale-concernant-les-anabaptistes-mennonites-persecutes\\\/#article\",\"isPartOf\":{\"@id\":\"https:\\\/\\\/mwc-cmm.org\\\/fr\\\/stories\\\/lettre-pastorale-concernant-les-anabaptistes-mennonites-persecutes\\\/\"},\"author\":{\"name\":\"mennworldcon\",\"@id\":\"https:\\\/\\\/mwc-cmm.org\\\/en\\\/#\\\/schema\\\/person\\\/11f6ae0d7d1868ba20a1cc27f067c836\"},\"headline\":\"Lettre pastorale concernant les anabaptistes persecutes\",\"datePublished\":\"2023-04-28T00:00:00+00:00\",\"dateModified\":\"2025-04-08T19:29:43+00:00\",\"mainEntityOfPage\":{\"@id\":\"https:\\\/\\\/mwc-cmm.org\\\/fr\\\/stories\\\/lettre-pastorale-concernant-les-anabaptistes-mennonites-persecutes\\\/\"},\"wordCount\":356,\"publisher\":{\"@id\":\"https:\\\/\\\/mwc-cmm.org\\\/en\\\/#organization\"},\"image\":{\"@id\":\"https:\\\/\\\/mwc-cmm.org\\\/fr\\\/stories\\\/lettre-pastorale-concernant-les-anabaptistes-mennonites-persecutes\\\/#primaryimage\"},\"thumbnailUrl\":\"https:\\\/\\\/mwc-cmm.org\\\/wp-content\\\/uploads\\\/2024\\\/11\\\/img_96821-scaled.jpg\",\"keywords\":[\"pastoral letter\",\"prayer\"],\"articleSection\":[\"Non classifi\u00e9(e)\",\"Pri\u00e8re urgente\"],\"inLanguage\":\"fr-FR\"},{\"@type\":\"WebPage\",\"@id\":\"https:\\\/\\\/mwc-cmm.org\\\/fr\\\/stories\\\/lettre-pastorale-concernant-les-anabaptistes-mennonites-persecutes\\\/\",\"url\":\"https:\\\/\\\/mwc-cmm.org\\\/fr\\\/stories\\\/lettre-pastorale-concernant-les-anabaptistes-mennonites-persecutes\\\/\",\"name\":\"Lettre pastorale concernant les anabaptistes persecutes - Mennonite World Conference\",\"isPartOf\":{\"@id\":\"https:\\\/\\\/mwc-cmm.org\\\/en\\\/#website\"},\"primaryImageOfPage\":{\"@id\":\"https:\\\/\\\/mwc-cmm.org\\\/fr\\\/stories\\\/lettre-pastorale-concernant-les-anabaptistes-mennonites-persecutes\\\/#primaryimage\"},\"image\":{\"@id\":\"https:\\\/\\\/mwc-cmm.org\\\/fr\\\/stories\\\/lettre-pastorale-concernant-les-anabaptistes-mennonites-persecutes\\\/#primaryimage\"},\"thumbnailUrl\":\"https:\\\/\\\/mwc-cmm.org\\\/wp-content\\\/uploads\\\/2024\\\/11\\\/img_96821-scaled.jpg\",\"datePublished\":\"2023-04-28T00:00:00+00:00\",\"dateModified\":\"2025-04-08T19:29:43+00:00\",\"description\":\"Une \u00e9glise membre de la CMM dans un pays africain n'est pas reconnue par le gouvernement et fonctionne donc dans des conditions difficiles. R\u00e9cemment, la BBC a rapport\u00e9 qu'un pasteur de cette \u00e9glise membre de la CMM \u00e9tait d\u00e9c\u00e9d\u00e9 chez lui apr\u00e8s une longue p\u00e9riode d'emprisonnement. Dans un premier temps, la famille n'a pas \u00e9t\u00e9 autoris\u00e9e \u00e0 enterrer leur proche.\u00a0\",\"breadcrumb\":{\"@id\":\"https:\\\/\\\/mwc-cmm.org\\\/fr\\\/stories\\\/lettre-pastorale-concernant-les-anabaptistes-mennonites-persecutes\\\/#breadcrumb\"},\"inLanguage\":\"fr-FR\",\"potentialAction\":[{\"@type\":\"ReadAction\",\"target\":[\"https:\\\/\\\/mwc-cmm.org\\\/fr\\\/stories\\\/lettre-pastorale-concernant-les-anabaptistes-mennonites-persecutes\\\/\"]}]},{\"@type\":\"ImageObject\",\"inLanguage\":\"fr-FR\",\"@id\":\"https:\\\/\\\/mwc-cmm.org\\\/fr\\\/stories\\\/lettre-pastorale-concernant-les-anabaptistes-mennonites-persecutes\\\/#primaryimage\",\"url\":\"https:\\\/\\\/mwc-cmm.org\\\/wp-content\\\/uploads\\\/2024\\\/11\\\/img_96821-scaled.jpg\",\"contentUrl\":\"https:\\\/\\\/mwc-cmm.org\\\/wp-content\\\/uploads\\\/2024\\\/11\\\/img_96821-scaled.jpg\",\"width\":2560,\"height\":1922},{\"@type\":\"BreadcrumbList\",\"@id\":\"https:\\\/\\\/mwc-cmm.org\\\/fr\\\/stories\\\/lettre-pastorale-concernant-les-anabaptistes-mennonites-persecutes\\\/#breadcrumb\",\"itemListElement\":[{\"@type\":\"ListItem\",\"position\":1,\"name\":\"Home\",\"item\":\"https:\\\/\\\/mwc-cmm.org\\\/fr\\\/\"},{\"@type\":\"ListItem\",\"position\":2,\"name\":\"Lettre pastorale concernant les anabaptistes persecutes\"}]},{\"@type\":\"WebSite\",\"@id\":\"https:\\\/\\\/mwc-cmm.org\\\/en\\\/#website\",\"url\":\"https:\\\/\\\/mwc-cmm.org\\\/en\\\/\",\"name\":\"Mennonite World Conference\",\"description\":\"A communion of Anabaptist-related churches\",\"publisher\":{\"@id\":\"https:\\\/\\\/mwc-cmm.org\\\/en\\\/#organization\"},\"alternateName\":\"MWC\",\"potentialAction\":[{\"@type\":\"SearchAction\",\"target\":{\"@type\":\"EntryPoint\",\"urlTemplate\":\"https:\\\/\\\/mwc-cmm.org\\\/en\\\/?s={search_term_string}\"},\"query-input\":{\"@type\":\"PropertyValueSpecification\",\"valueRequired\":true,\"valueName\":\"search_term_string\"}}],\"inLanguage\":\"fr-FR\"},{\"@type\":\"Organization\",\"@id\":\"https:\\\/\\\/mwc-cmm.org\\\/en\\\/#organization\",\"name\":\"Mennonite World Conference\",\"alternateName\":\"MWC\",\"url\":\"https:\\\/\\\/mwc-cmm.org\\\/en\\\/\",\"logo\":{\"@type\":\"ImageObject\",\"inLanguage\":\"fr-FR\",\"@id\":\"https:\\\/\\\/mwc-cmm.org\\\/en\\\/#\\\/schema\\\/logo\\\/image\\\/\",\"url\":\"https:\\\/\\\/mwc-cmm.org\\\/wp-content\\\/uploads\\\/2026\\\/01\\\/MWC_Sig_Blue_Horiz_webheader1-logo.svg\",\"contentUrl\":\"https:\\\/\\\/mwc-cmm.org\\\/wp-content\\\/uploads\\\/2026\\\/01\\\/MWC_Sig_Blue_Horiz_webheader1-logo.svg\",\"width\":786,\"height\":82,\"caption\":\"Mennonite World Conference\"},\"image\":{\"@id\":\"https:\\\/\\\/mwc-cmm.org\\\/en\\\/#\\\/schema\\\/logo\\\/image\\\/\"},\"sameAs\":[\"https:\\\/\\\/www.facebook.com\\\/MennoniteWorldConference\",\"https:\\\/\\\/www.linkedin.com\\\/company\\\/mennonite-world-conference-mwc\\\/\",\"https:\\\/\\\/www.instagram.com\\\/mwcmm\\\/\",\"https:\\\/\\\/www.youtube.com\\\/user\\\/mwccmm\",\"https:\\\/\\\/bsky.app\\\/profile\\\/mwcmm.bsky.social\"]},{\"@type\":\"Person\",\"@id\":\"https:\\\/\\\/mwc-cmm.org\\\/en\\\/#\\\/schema\\\/person\\\/11f6ae0d7d1868ba20a1cc27f067c836\",\"name\":\"mennworldcon\",\"image\":{\"@type\":\"ImageObject\",\"inLanguage\":\"fr-FR\",\"@id\":\"https:\\\/\\\/secure.gravatar.com\\\/avatar\\\/06fdc0dc81c157dfdb82ec42f252178a22307808988d22c043f9eb96f1e0fe80?s=96&d=mm&r=g\",\"url\":\"https:\\\/\\\/secure.gravatar.com\\\/avatar\\\/06fdc0dc81c157dfdb82ec42f252178a22307808988d22c043f9eb96f1e0fe80?s=96&d=mm&r=g\",\"contentUrl\":\"https:\\\/\\\/secure.gravatar.com\\\/avatar\\\/06fdc0dc81c157dfdb82ec42f252178a22307808988d22c043f9eb96f1e0fe80?s=96&d=mm&r=g\",\"caption\":\"mennworldcon\"},\"sameAs\":[\"https:\\\/\\\/mwc-cmm.org\"],\"url\":\"https:\\\/\\\/mwc-cmm.org\\\/fr\\\/stories\\\/author\\\/mennworldcon\\\/\"}]}<\/script>\n<!-- \/ Yoast SEO plugin. -->","yoast_head_json":{"title":"Lettre pastorale concernant les anabaptistes persecutes - Mennonite World Conference","description":"Une \u00e9glise membre de la CMM dans un pays africain n'est pas reconnue par le gouvernement et fonctionne donc dans des conditions difficiles. R\u00e9cemment, la BBC a rapport\u00e9 qu'un pasteur de cette \u00e9glise membre de la CMM \u00e9tait d\u00e9c\u00e9d\u00e9 chez lui apr\u00e8s une longue p\u00e9riode d'emprisonnement. Dans un premier temps, la famille n'a pas \u00e9t\u00e9 autoris\u00e9e \u00e0 enterrer leur proche.\u00a0","robots":{"index":"index","follow":"follow","max-snippet":"max-snippet:-1","max-image-preview":"max-image-preview:large","max-video-preview":"max-video-preview:-1"},"canonical":"https:\/\/mwc-cmm.org\/fr\/stories\/lettre-pastorale-concernant-les-anabaptistes-mennonites-persecutes\/","og_locale":"fr_FR","og_type":"article","og_title":"Lettre pastorale concernant les anabaptistes persecutes - Mennonite World Conference","og_description":"Une \u00e9glise membre de la CMM dans un pays africain n'est pas reconnue par le gouvernement et fonctionne donc dans des conditions difficiles. R\u00e9cemment, la BBC a rapport\u00e9 qu'un pasteur de cette \u00e9glise membre de la CMM \u00e9tait d\u00e9c\u00e9d\u00e9 chez lui apr\u00e8s une longue p\u00e9riode d'emprisonnement. Dans un premier temps, la famille n'a pas \u00e9t\u00e9 autoris\u00e9e \u00e0 enterrer leur proche.\u00a0","og_url":"https:\/\/mwc-cmm.org\/fr\/stories\/lettre-pastorale-concernant-les-anabaptistes-mennonites-persecutes\/","og_site_name":"Mennonite World Conference","article_publisher":"https:\/\/www.facebook.com\/MennoniteWorldConference","article_published_time":"2023-04-28T00:00:00+00:00","article_modified_time":"2025-04-08T19:29:43+00:00","og_image":[{"width":2560,"height":1922,"url":"https:\/\/mwc-cmm.org\/wp-content\/uploads\/2024\/11\/img_96821-scaled.jpg","type":"image\/jpeg"}],"author":"mennworldcon","schema":{"@context":"https:\/\/schema.org","@graph":[{"@type":"Article","@id":"https:\/\/mwc-cmm.org\/fr\/stories\/lettre-pastorale-concernant-les-anabaptistes-mennonites-persecutes\/#article","isPartOf":{"@id":"https:\/\/mwc-cmm.org\/fr\/stories\/lettre-pastorale-concernant-les-anabaptistes-mennonites-persecutes\/"},"author":{"name":"mennworldcon","@id":"https:\/\/mwc-cmm.org\/en\/#\/schema\/person\/11f6ae0d7d1868ba20a1cc27f067c836"},"headline":"Lettre pastorale concernant les anabaptistes persecutes","datePublished":"2023-04-28T00:00:00+00:00","dateModified":"2025-04-08T19:29:43+00:00","mainEntityOfPage":{"@id":"https:\/\/mwc-cmm.org\/fr\/stories\/lettre-pastorale-concernant-les-anabaptistes-mennonites-persecutes\/"},"wordCount":356,"publisher":{"@id":"https:\/\/mwc-cmm.org\/en\/#organization"},"image":{"@id":"https:\/\/mwc-cmm.org\/fr\/stories\/lettre-pastorale-concernant-les-anabaptistes-mennonites-persecutes\/#primaryimage"},"thumbnailUrl":"https:\/\/mwc-cmm.org\/wp-content\/uploads\/2024\/11\/img_96821-scaled.jpg","keywords":["pastoral letter","prayer"],"articleSection":["Non classifi\u00e9(e)","Pri\u00e8re urgente"],"inLanguage":"fr-FR"},{"@type":"WebPage","@id":"https:\/\/mwc-cmm.org\/fr\/stories\/lettre-pastorale-concernant-les-anabaptistes-mennonites-persecutes\/","url":"https:\/\/mwc-cmm.org\/fr\/stories\/lettre-pastorale-concernant-les-anabaptistes-mennonites-persecutes\/","name":"Lettre pastorale concernant les anabaptistes persecutes - Mennonite World Conference","isPartOf":{"@id":"https:\/\/mwc-cmm.org\/en\/#website"},"primaryImageOfPage":{"@id":"https:\/\/mwc-cmm.org\/fr\/stories\/lettre-pastorale-concernant-les-anabaptistes-mennonites-persecutes\/#primaryimage"},"image":{"@id":"https:\/\/mwc-cmm.org\/fr\/stories\/lettre-pastorale-concernant-les-anabaptistes-mennonites-persecutes\/#primaryimage"},"thumbnailUrl":"https:\/\/mwc-cmm.org\/wp-content\/uploads\/2024\/11\/img_96821-scaled.jpg","datePublished":"2023-04-28T00:00:00+00:00","dateModified":"2025-04-08T19:29:43+00:00","description":"Une \u00e9glise membre de la CMM dans un pays africain n'est pas reconnue par le gouvernement et fonctionne donc dans des conditions difficiles. R\u00e9cemment, la BBC a rapport\u00e9 qu'un pasteur de cette \u00e9glise membre de la CMM \u00e9tait d\u00e9c\u00e9d\u00e9 chez lui apr\u00e8s une longue p\u00e9riode d'emprisonnement. Dans un premier temps, la famille n'a pas \u00e9t\u00e9 autoris\u00e9e \u00e0 enterrer leur proche.\u00a0","breadcrumb":{"@id":"https:\/\/mwc-cmm.org\/fr\/stories\/lettre-pastorale-concernant-les-anabaptistes-mennonites-persecutes\/#breadcrumb"},"inLanguage":"fr-FR","potentialAction":[{"@type":"ReadAction","target":["https:\/\/mwc-cmm.org\/fr\/stories\/lettre-pastorale-concernant-les-anabaptistes-mennonites-persecutes\/"]}]},{"@type":"ImageObject","inLanguage":"fr-FR","@id":"https:\/\/mwc-cmm.org\/fr\/stories\/lettre-pastorale-concernant-les-anabaptistes-mennonites-persecutes\/#primaryimage","url":"https:\/\/mwc-cmm.org\/wp-content\/uploads\/2024\/11\/img_96821-scaled.jpg","contentUrl":"https:\/\/mwc-cmm.org\/wp-content\/uploads\/2024\/11\/img_96821-scaled.jpg","width":2560,"height":1922},{"@type":"BreadcrumbList","@id":"https:\/\/mwc-cmm.org\/fr\/stories\/lettre-pastorale-concernant-les-anabaptistes-mennonites-persecutes\/#breadcrumb","itemListElement":[{"@type":"ListItem","position":1,"name":"Home","item":"https:\/\/mwc-cmm.org\/fr\/"},{"@type":"ListItem","position":2,"name":"Lettre pastorale concernant les anabaptistes persecutes"}]},{"@type":"WebSite","@id":"https:\/\/mwc-cmm.org\/en\/#website","url":"https:\/\/mwc-cmm.org\/en\/","name":"Mennonite World Conference","description":"A communion of Anabaptist-related churches","publisher":{"@id":"https:\/\/mwc-cmm.org\/en\/#organization"},"alternateName":"MWC","potentialAction":[{"@type":"SearchAction","target":{"@type":"EntryPoint","urlTemplate":"https:\/\/mwc-cmm.org\/en\/?s={search_term_string}"},"query-input":{"@type":"PropertyValueSpecification","valueRequired":true,"valueName":"search_term_string"}}],"inLanguage":"fr-FR"},{"@type":"Organization","@id":"https:\/\/mwc-cmm.org\/en\/#organization","name":"Mennonite World Conference","alternateName":"MWC","url":"https:\/\/mwc-cmm.org\/en\/","logo":{"@type":"ImageObject","inLanguage":"fr-FR","@id":"https:\/\/mwc-cmm.org\/en\/#\/schema\/logo\/image\/","url":"https:\/\/mwc-cmm.org\/wp-content\/uploads\/2026\/01\/MWC_Sig_Blue_Horiz_webheader1-logo.svg","contentUrl":"https:\/\/mwc-cmm.org\/wp-content\/uploads\/2026\/01\/MWC_Sig_Blue_Horiz_webheader1-logo.svg","width":786,"height":82,"caption":"Mennonite World Conference"},"image":{"@id":"https:\/\/mwc-cmm.org\/en\/#\/schema\/logo\/image\/"},"sameAs":["https:\/\/www.facebook.com\/MennoniteWorldConference","https:\/\/www.linkedin.com\/company\/mennonite-world-conference-mwc\/","https:\/\/www.instagram.com\/mwcmm\/","https:\/\/www.youtube.com\/user\/mwccmm","https:\/\/bsky.app\/profile\/mwcmm.bsky.social"]},{"@type":"Person","@id":"https:\/\/mwc-cmm.org\/en\/#\/schema\/person\/11f6ae0d7d1868ba20a1cc27f067c836","name":"mennworldcon","image":{"@type":"ImageObject","inLanguage":"fr-FR","@id":"https:\/\/secure.gravatar.com\/avatar\/06fdc0dc81c157dfdb82ec42f252178a22307808988d22c043f9eb96f1e0fe80?s=96&d=mm&r=g","url":"https:\/\/secure.gravatar.com\/avatar\/06fdc0dc81c157dfdb82ec42f252178a22307808988d22c043f9eb96f1e0fe80?s=96&d=mm&r=g","contentUrl":"https:\/\/secure.gravatar.com\/avatar\/06fdc0dc81c157dfdb82ec42f252178a22307808988d22c043f9eb96f1e0fe80?s=96&d=mm&r=g","caption":"mennworldcon"},"sameAs":["https:\/\/mwc-cmm.org"],"url":"https:\/\/mwc-cmm.org\/fr\/stories\/author\/mennworldcon\/"}]}},"_links":{"self":[{"href":"https:\/\/mwc-cmm.org\/fr\/wp-json\/wp\/v2\/posts\/10519","targetHints":{"allow":["GET"]}}],"collection":[{"href":"https:\/\/mwc-cmm.org\/fr\/wp-json\/wp\/v2\/posts"}],"about":[{"href":"https:\/\/mwc-cmm.org\/fr\/wp-json\/wp\/v2\/types\/post"}],"author":[{"embeddable":true,"href":"https:\/\/mwc-cmm.org\/fr\/wp-json\/wp\/v2\/users\/1"}],"replies":[{"embeddable":true,"href":"https:\/\/mwc-cmm.org\/fr\/wp-json\/wp\/v2\/comments?post=10519"}],"version-history":[{"count":0,"href":"https:\/\/mwc-cmm.org\/fr\/wp-json\/wp\/v2\/posts\/10519\/revisions"}],"wp:featuredmedia":[{"embeddable":true,"href":"https:\/\/mwc-cmm.org\/fr\/wp-json\/wp\/v2\/media\/73498"}],"wp:attachment":[{"href":"https:\/\/mwc-cmm.org\/fr\/wp-json\/wp\/v2\/media?parent=10519"}],"wp:term":[{"taxonomy":"category","embeddable":true,"href":"https:\/\/mwc-cmm.org\/fr\/wp-json\/wp\/v2\/categories?post=10519"},{"taxonomy":"post_tag","embeddable":true,"href":"https:\/\/mwc-cmm.org\/fr\/wp-json\/wp\/v2\/tags?post=10519"},{"taxonomy":"network","embeddable":true,"href":"https:\/\/mwc-cmm.org\/fr\/wp-json\/wp\/v2\/network?post=10519"},{"taxonomy":"eventcategory","embeddable":true,"href":"https:\/\/mwc-cmm.org\/fr\/wp-json\/wp\/v2\/eventcategory?post=10519"}],"curies":[{"name":"wp","href":"https:\/\/api.w.org\/{rel}","templated":true}]}}