{"id":10514,"date":"2023-04-18T00:00:00","date_gmt":"2023-04-18T00:00:00","guid":{"rendered":"https:\/\/mwc-cmm.org\/pacifism-and-nonviolence-should-be-a-way-of-life-3\/"},"modified":"2024-12-10T17:20:11","modified_gmt":"2024-12-10T17:20:11","slug":"le-pacifisme-doit-etre-notre-mode-de-vie","status":"publish","type":"post","link":"https:\/\/mwc-cmm.org\/fr\/stories\/le-pacifisme-doit-etre-notre-mode-de-vie\/","title":{"rendered":"Le pacifisme doit \u00eatre notre mode de vie"},"content":{"rendered":"<p><em>Alors que la guerre en Ukraine entre dans sa deuxi\u00e8me ann\u00e9e, les anabaptistes et d\u2019autres chr\u00e9tiens continuent de prier et de travailler pour la paix. Pendant le Car\u00eame, des \u00e9glises du monde entier se sont r\u00e9unies en ligne pour un deuxi\u00e8me service de pri\u00e8re \u0153cum\u00e9nique afin de prier pour la guerre en Ukraine et dans d\u2019autres lieux de conflit. Des responsables d\u2019\u00e9glises, dont le secr\u00e9taire g\u00e9n\u00e9ral de la CMM, C\u00e9sar Garc\u00eda, ont propos\u00e9 des pri\u00e8res et des r\u00e9flexions.&nbsp;<\/em><\/p>\n<p><em>C\u00e9sar Garc\u00eda a \u00e9t\u00e9 interrog\u00e9 sur la question du pacifisme par Simon Rindlisbacher, r\u00e9dacteur en chef de la Newsletter mennonite suisse. Reproduit avec l\u2019autorisation de la Konferenz der Mennoniten Der Schweiz\/Conference Mennonite Suisse.&nbsp;<\/em><\/p>\n<h4>Quelle est la force de ce th\u00e8me dans les pays que tu as visit\u00e9s durant cette p\u00e9riode en tant que secr\u00e9taire g\u00e9n\u00e9ral de la CMM&nbsp;?&nbsp;<\/h4>\n<p>La guerre est un sujet d\u2019inqui\u00e9tude en de nombreux endroits. Apr\u00e8s tout, elle a aussi des r\u00e9percussions globales. On s\u2019inqui\u00e8te de la menace d\u2019une guerre nucl\u00e9aire et on est touch\u00e9 par l\u2019inflation que la guerre a provoqu\u00e9e. Dans les pays d\u2019Afrique ou d\u2019Am\u00e9rique du Sud, celle-ci est devenue un fardeau suppl\u00e9mentaire en plus de la pand\u00e9mie. Ensuite, j\u2019ai aussi parl\u00e9 avec des gens qui ont dit&nbsp;: La guerre est bien s\u00fbr terrible, mais ce n\u2019est pas la seule dans le monde. D\u2019autres conflits tout aussi terribles ne re\u00e7oivent pas ou plus la m\u00eame attention en Europe en ce moment. Je pense par exemple \u00e0 la situation au Myanmar, au Congo ou en \u00c9rythr\u00e9e. Mais aussi \u00e0 la Colombie ou \u00e0 l\u2019Am\u00e9rique du Sud au g\u00e9n\u00e9ral. Ces pays sont parfois impliqu\u00e9s dans des conflits depuis des ann\u00e9es. Les gens et les \u00e9glises y souffrent. Je pense qu\u2019il est important de ne pas les oublier \u00e0 cause de la guerre en Ukraine.&nbsp;<\/p>\n<h4>Depuis le d\u00e9but de la guerre, ceux qui s\u2019engagent pour le pacifisme et la non-violence doivent soudain se justifier. Pour les mennonites, en tant qu\u2019\u00c9glise historique de paix, c\u2019est une situation difficile. Face \u00e0 une guerre comme celle qui se d\u00e9roule en Ukraine, est-il opportun de continuer \u00e0 s\u2019accrocher au pacifisme et \u00e0 la non-violence&nbsp;?&nbsp;<\/h4>\n<p>Cette question se pose dans tout conflit violent et il est plus facile d\u2019y r\u00e9fl\u00e9chir quand on n\u2019est pas directement concern\u00e9. Je pense qu\u2019en mati\u00e8re de pacifisme, il est important que nous restions enti\u00e8rement nous-m\u00eames. Nous ne pouvons pas exiger une attitude pacifiste des autres, mais seulement de nous-m\u00eames. Nous pouvons toujours nous demander&nbsp;: qu\u2019est-ce que je fais si je suis violemment agress\u00e9&nbsp;? Bien s\u00fbr, la r\u00e9ponse est difficile \u00e0 donner si je n\u2019ai jamais \u00e9t\u00e9 dans cette situation, et peut-\u00eatre que je r\u00e9agirais par la violence. Ce n\u2019est que trop humain. N\u00e9anmoins, je peux m\u2019en tenir \u00e0 l\u2019id\u00e9e que, pour moi, la voie non-violente est fondamentalement la bonne.&nbsp;<\/p>\n<h4>Et c\u2019est ce que nous devrions faire&nbsp;?&nbsp;<\/h4>\n<p>En tant que chr\u00e9tiens, le pacifisme et une attitude pacifiste sont notre vocation. De mon point de vue, \u00eatre un chr\u00e9tien partisan de la guerre est une contradiction dans les termes. Mais m\u00eame si nous sommes appel\u00e9s au pacifisme, nous ne pouvons finalement pas donner une r\u00e9ponse pacifiste par nos propres moyens. Si nous voulons construire la paix, comme J\u00e9sus l\u2019a fait, nous sommes d\u00e9pendants du soutien d\u2019une communaut\u00e9 eccl\u00e9siale et de la force du Saint-Esprit. Lorsque la paix est \u00e9tablie, c\u2019est toujours un miracle. Nous pouvons permettre \u00e0 Dieu d\u2019agir \u00e0 travers nous et de nous aider \u00e0 r\u00e9agir comme J\u00e9sus, sans violence.&nbsp;<\/p>\n<h4>De ton point de vue, comment devrions-nous, en tant que mennonites et Eglises de paix en Europe, r\u00e9agir \u00e0 la guerre en Ukraine&nbsp;?&nbsp;<\/h4>\n<p>Il n\u2019y a pas de r\u00e9ponse universelle \u00e0 cette question. Chaque conflit est diff\u00e9rent et se d\u00e9roule \u00e0 chaque fois dans un contexte diff\u00e9rent. Mais ce que les \u00c9glises peuvent toujours faire lorsqu\u2019elles sont confront\u00e9es \u00e0 la violence, c\u2019est d\u00e9velopper des moyens cr\u00e9atifs pour y faire face dans le cadre d\u2019un processus collectif. Le pacifisme ne consiste pas \u00e0 se contenter d\u2019observer. \u00catre pacifiste, c\u2019est se d\u00e9fendre et faire quelque chose contre la violence. Tout simplement avec des moyens et des outils non sanglants. L\u2019histoire montre que cette forme de r\u00e9sistance non violente fonctionne.&nbsp;<\/p>\n<h4>A laquelle penses-tu&nbsp;?&nbsp;<\/h4>\n<p>Pensons \u00e0 Martin Luther King Jr. ou au pasteur Andr\u00e9 Trocm\u00e9 qui, avec sa communaut\u00e9, a cach\u00e9 des juifs pour les prot\u00e9ger des pers\u00e9cutions nazies. Ces personnes ont trouv\u00e9 des moyens non violents, cr\u00e9atifs et efficaces de s\u2019opposer \u00e0 la violence. Parfois, je me demande&nbsp;: que se serait-il pass\u00e9 si les gens en Ukraine avaient d\u00e9cid\u00e9 de ne pas s\u2019opposer par les armes&nbsp;? S\u2019ils avaient dit&nbsp;: \u00ab&nbsp;Tenez, prenez notre pays sans verser de sang&nbsp;\u00bb, mais qu\u2019ils s\u2019\u00e9taient ensuite oppos\u00e9s \u00e0 la puissance occupante par la d\u00e9sob\u00e9issance civile. Cela aurait-il \u00e9t\u00e9 pire que ce que les gens vivent actuellement en Ukraine&nbsp;? Tous ces morts, cette destruction&nbsp;? Je ne sais pas. La violence arm\u00e9e et la guerre sont toujours une r\u00e9ponse simple. La non-violence est bien plus compliqu\u00e9e et demande beaucoup de cr\u00e9ativit\u00e9. Mais elle est possible.&nbsp;<\/p>\n<h4>Tu viens de Colombie, un pays o\u00f9 les conflits arm\u00e9s font tristement partie du quotidien. Comment les Eglises, et en particulier les mennonites en tant qu\u2019Eglises de paix, font-elles face \u00e0 cette r\u00e9alit\u00e9&nbsp;? Que pouvons-nous apprendre en Europe des mennonites de Colombie&nbsp;?&nbsp;<\/h4>\n<figure class=\"image\" style=\"float:right\"><img decoding=\"async\" alt=\"\" height=\"250\" data-src=\"https:\/\/mwc-cmm.org\/wp-content\/uploads\/2024\/10\/cesar_garcia.jpg\" width=\"250\" src=\"data:image\/svg+xml;base64,PHN2ZyB3aWR0aD0iMSIgaGVpZ2h0PSIxIiB4bWxucz0iaHR0cDovL3d3dy53My5vcmcvMjAwMC9zdmciPjwvc3ZnPg==\" class=\"lazyload\" style=\"--smush-placeholder-width: 250px; --smush-placeholder-aspect-ratio: 250\/250;\"><figcaption><em>C\u00e9sar Garc\u00eda<\/em><\/figcaption><\/figure>\n<p>Tout d\u2019abord, il est important de comprendre que le travail pour la paix est un travail de g\u00e9n\u00e9ration. Tu peux certes t\u2019engager en tant que personne individuelle, mais tu ne verras peut-\u00eatre plus les fruits de ton engagement. La Colombie a connu beaucoup de violence au cours des 250 derni\u00e8res ann\u00e9es. Les Eglises mennonites ont commenc\u00e9 \u00e0 travailler pour la paix il y a 70 ans et ce travail n\u2019est toujours pas termin\u00e9 aujourd\u2019hui. Notre attitude est la suivante&nbsp;: nous ne sommes pas pacifistes \u00e0 cause de ce que notre engagement produit, mais parce que c\u2019est notre vocation en tant que chr\u00e9tiens ; \u00e0 cause de ce que Dieu fait en nous et \u00e0 travers nous et parce que nous sommes pouss\u00e9s par l\u2019espoir chr\u00e9tien qu\u2019un monde de paix est possible.&nbsp;<\/p>\n<h4>Comment se pr\u00e9sente concr\u00e8tement votre travail pour la paix&nbsp;?&nbsp;<\/h4>\n<p>Elle est tr\u00e8s diversifi\u00e9e. En principe, l\u2019objectif est de promouvoir une culture de la paix en Colombie et d\u2019y ancrer un style de vie pacifiste. Pour ce faire, certaines \u00e9glises mennonites collaborent par exemple avec des \u00e9coles et leur montrent comment apprendre aux enfants \u00e0 r\u00e9soudre les conflits de mani\u00e8re pacifique et saine. D\u2019autres \u00e9glises forment des cadres dans les entreprises. Elles leur montrent comment g\u00e9rer les conflits sur le lieu de travail. En Colombie, la violence au sein des familles est \u00e9galement un grand probl\u00e8me. C\u2019est pourquoi d\u2019autres \u00e9glises mennonites travaillent avec les familles et leur montrent comment r\u00e9gler les conflits sans violence. De cette mani\u00e8re, nous apportons des id\u00e9es sur la mani\u00e8re d\u2019instaurer la paix dans la vie quotidienne des gens.&nbsp;<\/p>\n<h4>Vous engagez-vous au niveau politique&nbsp;?&nbsp;<\/h4>\n<p>Oui. Par exemple, nous nous engageons pour que l\u2019on ne soit pas oblig\u00e9 d\u2019effectuer un service militaire si l\u2019on ne le souhaite pas pour des raisons de conscience. Nous avons fait des propositions au gouvernement sur ce que pourrait \u00eatre un service civil de remplacement. Cela n\u2019a pas vraiment plu \u00e0 l\u2019arm\u00e9e. Mais l\u2019Eglise a maintenu la pression malgr\u00e9 les vents contraires. Nous avons aussi d\u00e9j\u00e0 particip\u00e9 \u00e0 des manifestations, contre l\u2019utilisation de la violence, les propositions et les lois qui font obstacle \u00e0 la paix. Et il y a aussi des \u00e9glises qui ont refus\u00e9 de payer des imp\u00f4ts destin\u00e9s \u00e0 financer des mesures violentes du gouvernement.&nbsp;<\/p>\n<h4>Vous adressez-vous aussi directement aux diff\u00e9rentes parties arm\u00e9es en conflit, comme les arm\u00e9es ill\u00e9gales ou les gangs de la drogue&nbsp;?&nbsp;<\/h4>\n<p>Nous l\u2019avons d\u00e9j\u00e0 fait, m\u00eame si c\u2019est tr\u00e8s risqu\u00e9. A plusieurs reprises, des responsables d\u2019\u00e9glises mennonites ont tent\u00e9 de discuter de leurs diff\u00e9rends avec les parties en conflit. L\u2019objectif \u00e9tait \u00e0 chaque fois de leur montrer des moyens de r\u00e9gler leurs conflits de mani\u00e8re pacifique. Des activistes de la paix ont d\u00e9j\u00e0 perdu la vie dans ce contexte. Car d\u00e8s que l\u2019on parle avec une partie au conflit, l\u2019autre peut nous consid\u00e9rer comme un ennemi. Mais nous avons aussi fait de tr\u00e8s bonnes exp\u00e9riences et accompagn\u00e9 les parties en conflit vers une mani\u00e8re de vivre plus pacifique. Il est d\u2019ailleurs important que nous ne nous concentrions pas uniquement sur la pr\u00e9vention de la violence, mais que nous nous occupions \u00e9galement des victimes de la violence.&nbsp;<\/p>\n<p>C\u00e9sar Garc\u00eda est secr\u00e9taire g\u00e9n\u00e9ral de la Conf\u00e9rence mennonite mondiale (CMM). Originaire de Bogot\u221a\u00b0, en Colombie, il a \u00e9t\u00e9 fondateur d\u2019\u00e9glises, pasteur et enseignant de la Bible et de la th\u00e9ologie. Avant son \u00e9lection au poste de secr\u00e9taire g\u00e9n\u00e9ral, C\u00e9sar \u00e9tait pr\u00e9sident des Iglesias Hermanos Menonitas de Colombia (Eglises de Fr\u00e8res mennonites en Colombie) et secr\u00e9taire de la commission missionnaire de la CMM.&nbsp;<\/p>\n<h4>Que faites-vous pour les victimes&nbsp;?&nbsp;<\/h4>\n<p>Pour les victimes de violence, nous proposons des conseils et des programmes de gu\u00e9rison des traumatismes. Par exemple, si elles ont perdu des proches ou leurs biens. Nous soutenons les personnes qui fuient la violence. Il s\u2019agit de plusieurs milliers de personnes. Nous les aidons \u00e0 quitter le pays si c\u2019est la meilleure solution. Et s\u2019ils peuvent rester, nous les soutenons en leur donnant de l\u2019argent, un logement, un travail et bien d\u2019autres choses encore. Ce travail contribue \u00e9galement \u00e0 long terme \u00e0 une culture de la paix.&nbsp;<\/p>\n<h4>D\u2019apr\u00e8s toi, qu\u2019est-ce qui est le plus susceptible d\u2019\u00eatre mis en \u0153uvre en Europe parmi tous ces exemples&nbsp;?&nbsp;<\/h4>\n<p>De mon point de vue, le pacifisme et la non-violence doivent \u00eatre un mode de vie. Les conflits existent aussi dans la vie de tous les jours, dans la famille, dans les \u00e9tudes, dans le travail. La question est de savoir comment nous les g\u00e9rons. Ici aussi, il faut une approche pacifiste, dans la vie quotidienne aussi, il faut \u00eatre capable de g\u00e9rer les conflits de mani\u00e8re saine et pacifique. A mon avis, c\u2019est l\u2019une des t\u221a\u00a2ches des \u00e9glises de s\u2019y exercer et de faire ainsi du pacifisme un mode de vie. Si tu y parviens, tu sauras mieux comment r\u00e9agir de mani\u00e8re cr\u00e9ative et non violente \u00e0 une guerre. Si l\u2019on ne pense aux possibilit\u00e9s de r\u00e9solution pacifique des conflits qu\u2019au moment o\u00f9 la guerre \u00e9clate, il est beaucoup plus difficile d\u2019envisager de telles possibilit\u00e9s.&nbsp;<\/p>\n<p><em>\u201a\u00c4\u00eeArticle publi\u00e9 originellement dans&nbsp;la Newsletter mennonite suisse<\/em><\/p>\n","protected":false},"excerpt":{"rendered":"<p>De mon point de vue, le pacifisme et la non-violence doivent \u00eatre un mode de vie. Les conflits existent aussi dans la vie de tous les jours, dans la famille, dans les \u00e9tudes, dans le travail. La question est de savoir comment nous les g\u00e9rons. Ici aussi, il faut une approche pacifiste, dans la vie quotidienne aussi, il faut \u00eatre capable de g\u00e9rer les conflits de mani\u00e8re saine et pacifique. A mon avis, c\u2019est l\u2019une des t\u00e2ches des \u00e9glises de s\u2019y exercer et de faire ainsi du pacifisme un mode de vie. Si tu y parviens, tu sauras mieux comment r\u00e9agir de mani\u00e8re cr\u00e9ative et non violente \u00e0 une guerre. Si l\u2019on ne pense aux possibilit\u00e9s de r\u00e9solution pa<\/p>\n","protected":false},"author":1,"featured_media":96648,"comment_status":"closed","ping_status":"closed","sticky":false,"template":"","format":"standard","meta":{"_acf_changed":false,"footnotes":""},"categories":[7],"tags":[],"network":[],"eventcategory":[],"class_list":["post-10514","post","type-post","status-publish","format-standard","has-post-thumbnail","hentry","category-non-classifiee"],"acf":[],"yoast_head":"<!-- This site is optimized with the Yoast SEO plugin v27.5 - https:\/\/yoast.com\/product\/yoast-seo-wordpress\/ -->\n<title>Le pacifisme doit \u00eatre notre mode de vie - Mennonite World Conference<\/title>\n<meta name=\"robots\" content=\"index, follow, max-snippet:-1, max-image-preview:large, max-video-preview:-1\" \/>\n<link rel=\"canonical\" href=\"https:\/\/mwc-cmm.org\/fr\/stories\/le-pacifisme-doit-etre-notre-mode-de-vie\/\" \/>\n<meta property=\"og:locale\" content=\"fr_FR\" \/>\n<meta property=\"og:type\" content=\"article\" \/>\n<meta property=\"og:title\" content=\"Le pacifisme doit \u00eatre notre mode de vie - Mennonite World Conference\" \/>\n<meta property=\"og:description\" content=\"De mon point de vue, le pacifisme et la non-violence doivent \u00eatre un mode de vie. Les conflits existent aussi dans la vie de tous les jours, dans la famille, dans les \u00e9tudes, dans le travail. La question est de savoir comment nous les g\u00e9rons. Ici aussi, il faut une approche pacifiste, dans la vie quotidienne aussi, il faut \u00eatre capable de g\u00e9rer les conflits de mani\u00e8re saine et pacifique. A mon avis, c\u2019est l\u2019une des t\u00e2ches des \u00e9glises de s\u2019y exercer et de faire ainsi du pacifisme un mode de vie. Si tu y parviens, tu sauras mieux comment r\u00e9agir de mani\u00e8re cr\u00e9ative et non violente \u00e0 une guerre. Si l\u2019on ne pense aux possibilit\u00e9s de r\u00e9solution pa\" \/>\n<meta property=\"og:url\" content=\"https:\/\/mwc-cmm.org\/fr\/stories\/le-pacifisme-doit-etre-notre-mode-de-vie\/\" \/>\n<meta property=\"og:site_name\" content=\"Mennonite World Conference\" \/>\n<meta property=\"article:publisher\" content=\"https:\/\/www.facebook.com\/MennoniteWorldConference\" \/>\n<meta property=\"article:published_time\" content=\"2023-04-18T00:00:00+00:00\" \/>\n<meta property=\"article:modified_time\" content=\"2024-12-10T17:20:11+00:00\" \/>\n<meta property=\"og:image\" content=\"https:\/\/mwc-cmm.org\/wp-content\/uploads\/2024\/11\/20220706meetinghousekresnakurniawan-scaled.jpg\" \/>\n\t<meta property=\"og:image:width\" content=\"2560\" \/>\n\t<meta property=\"og:image:height\" content=\"1710\" \/>\n\t<meta property=\"og:image:type\" content=\"image\/jpeg\" \/>\n<meta name=\"author\" content=\"mennworldcon\" \/>\n<script type=\"application\/ld+json\" class=\"yoast-schema-graph\">{\"@context\":\"https:\\\/\\\/schema.org\",\"@graph\":[{\"@type\":\"Article\",\"@id\":\"https:\\\/\\\/mwc-cmm.org\\\/fr\\\/stories\\\/le-pacifisme-doit-etre-notre-mode-de-vie\\\/#article\",\"isPartOf\":{\"@id\":\"https:\\\/\\\/mwc-cmm.org\\\/fr\\\/stories\\\/le-pacifisme-doit-etre-notre-mode-de-vie\\\/\"},\"author\":{\"name\":\"mennworldcon\",\"@id\":\"https:\\\/\\\/mwc-cmm.org\\\/en\\\/#\\\/schema\\\/person\\\/11f6ae0d7d1868ba20a1cc27f067c836\"},\"headline\":\"Le pacifisme doit \u00eatre notre mode de vie\",\"datePublished\":\"2023-04-18T00:00:00+00:00\",\"dateModified\":\"2024-12-10T17:20:11+00:00\",\"mainEntityOfPage\":{\"@id\":\"https:\\\/\\\/mwc-cmm.org\\\/fr\\\/stories\\\/le-pacifisme-doit-etre-notre-mode-de-vie\\\/\"},\"wordCount\":1974,\"publisher\":{\"@id\":\"https:\\\/\\\/mwc-cmm.org\\\/en\\\/#organization\"},\"image\":{\"@id\":\"https:\\\/\\\/mwc-cmm.org\\\/fr\\\/stories\\\/le-pacifisme-doit-etre-notre-mode-de-vie\\\/#primaryimage\"},\"thumbnailUrl\":\"https:\\\/\\\/mwc-cmm.org\\\/wp-content\\\/uploads\\\/2024\\\/11\\\/20220706meetinghousekresnakurniawan-scaled.jpg\",\"articleSection\":[\"Non classifi\u00e9(e)\"],\"inLanguage\":\"fr-FR\"},{\"@type\":\"WebPage\",\"@id\":\"https:\\\/\\\/mwc-cmm.org\\\/fr\\\/stories\\\/le-pacifisme-doit-etre-notre-mode-de-vie\\\/\",\"url\":\"https:\\\/\\\/mwc-cmm.org\\\/fr\\\/stories\\\/le-pacifisme-doit-etre-notre-mode-de-vie\\\/\",\"name\":\"Le pacifisme doit \u00eatre notre mode de vie - Mennonite World Conference\",\"isPartOf\":{\"@id\":\"https:\\\/\\\/mwc-cmm.org\\\/en\\\/#website\"},\"primaryImageOfPage\":{\"@id\":\"https:\\\/\\\/mwc-cmm.org\\\/fr\\\/stories\\\/le-pacifisme-doit-etre-notre-mode-de-vie\\\/#primaryimage\"},\"image\":{\"@id\":\"https:\\\/\\\/mwc-cmm.org\\\/fr\\\/stories\\\/le-pacifisme-doit-etre-notre-mode-de-vie\\\/#primaryimage\"},\"thumbnailUrl\":\"https:\\\/\\\/mwc-cmm.org\\\/wp-content\\\/uploads\\\/2024\\\/11\\\/20220706meetinghousekresnakurniawan-scaled.jpg\",\"datePublished\":\"2023-04-18T00:00:00+00:00\",\"dateModified\":\"2024-12-10T17:20:11+00:00\",\"breadcrumb\":{\"@id\":\"https:\\\/\\\/mwc-cmm.org\\\/fr\\\/stories\\\/le-pacifisme-doit-etre-notre-mode-de-vie\\\/#breadcrumb\"},\"inLanguage\":\"fr-FR\",\"potentialAction\":[{\"@type\":\"ReadAction\",\"target\":[\"https:\\\/\\\/mwc-cmm.org\\\/fr\\\/stories\\\/le-pacifisme-doit-etre-notre-mode-de-vie\\\/\"]}]},{\"@type\":\"ImageObject\",\"inLanguage\":\"fr-FR\",\"@id\":\"https:\\\/\\\/mwc-cmm.org\\\/fr\\\/stories\\\/le-pacifisme-doit-etre-notre-mode-de-vie\\\/#primaryimage\",\"url\":\"https:\\\/\\\/mwc-cmm.org\\\/wp-content\\\/uploads\\\/2024\\\/11\\\/20220706meetinghousekresnakurniawan-scaled.jpg\",\"contentUrl\":\"https:\\\/\\\/mwc-cmm.org\\\/wp-content\\\/uploads\\\/2024\\\/11\\\/20220706meetinghousekresnakurniawan-scaled.jpg\",\"width\":2560,\"height\":1710},{\"@type\":\"BreadcrumbList\",\"@id\":\"https:\\\/\\\/mwc-cmm.org\\\/fr\\\/stories\\\/le-pacifisme-doit-etre-notre-mode-de-vie\\\/#breadcrumb\",\"itemListElement\":[{\"@type\":\"ListItem\",\"position\":1,\"name\":\"Home\",\"item\":\"https:\\\/\\\/mwc-cmm.org\\\/fr\\\/\"},{\"@type\":\"ListItem\",\"position\":2,\"name\":\"Le pacifisme doit \u00eatre notre mode de vie\"}]},{\"@type\":\"WebSite\",\"@id\":\"https:\\\/\\\/mwc-cmm.org\\\/en\\\/#website\",\"url\":\"https:\\\/\\\/mwc-cmm.org\\\/en\\\/\",\"name\":\"Mennonite World Conference\",\"description\":\"A communion of Anabaptist-related churches\",\"publisher\":{\"@id\":\"https:\\\/\\\/mwc-cmm.org\\\/en\\\/#organization\"},\"alternateName\":\"MWC\",\"potentialAction\":[{\"@type\":\"SearchAction\",\"target\":{\"@type\":\"EntryPoint\",\"urlTemplate\":\"https:\\\/\\\/mwc-cmm.org\\\/en\\\/?s={search_term_string}\"},\"query-input\":{\"@type\":\"PropertyValueSpecification\",\"valueRequired\":true,\"valueName\":\"search_term_string\"}}],\"inLanguage\":\"fr-FR\"},{\"@type\":\"Organization\",\"@id\":\"https:\\\/\\\/mwc-cmm.org\\\/en\\\/#organization\",\"name\":\"Mennonite World Conference\",\"alternateName\":\"MWC\",\"url\":\"https:\\\/\\\/mwc-cmm.org\\\/en\\\/\",\"logo\":{\"@type\":\"ImageObject\",\"inLanguage\":\"fr-FR\",\"@id\":\"https:\\\/\\\/mwc-cmm.org\\\/en\\\/#\\\/schema\\\/logo\\\/image\\\/\",\"url\":\"https:\\\/\\\/mwc-cmm.org\\\/wp-content\\\/uploads\\\/2026\\\/01\\\/MWC_Sig_Blue_Horiz_webheader1-logo.svg\",\"contentUrl\":\"https:\\\/\\\/mwc-cmm.org\\\/wp-content\\\/uploads\\\/2026\\\/01\\\/MWC_Sig_Blue_Horiz_webheader1-logo.svg\",\"width\":786,\"height\":82,\"caption\":\"Mennonite World Conference\"},\"image\":{\"@id\":\"https:\\\/\\\/mwc-cmm.org\\\/en\\\/#\\\/schema\\\/logo\\\/image\\\/\"},\"sameAs\":[\"https:\\\/\\\/www.facebook.com\\\/MennoniteWorldConference\",\"https:\\\/\\\/www.linkedin.com\\\/company\\\/mennonite-world-conference-mwc\\\/\",\"https:\\\/\\\/www.instagram.com\\\/mwcmm\\\/\",\"https:\\\/\\\/www.youtube.com\\\/user\\\/mwccmm\",\"https:\\\/\\\/bsky.app\\\/profile\\\/mwcmm.bsky.social\"]},{\"@type\":\"Person\",\"@id\":\"https:\\\/\\\/mwc-cmm.org\\\/en\\\/#\\\/schema\\\/person\\\/11f6ae0d7d1868ba20a1cc27f067c836\",\"name\":\"mennworldcon\",\"image\":{\"@type\":\"ImageObject\",\"inLanguage\":\"fr-FR\",\"@id\":\"https:\\\/\\\/secure.gravatar.com\\\/avatar\\\/06fdc0dc81c157dfdb82ec42f252178a22307808988d22c043f9eb96f1e0fe80?s=96&d=mm&r=g\",\"url\":\"https:\\\/\\\/secure.gravatar.com\\\/avatar\\\/06fdc0dc81c157dfdb82ec42f252178a22307808988d22c043f9eb96f1e0fe80?s=96&d=mm&r=g\",\"contentUrl\":\"https:\\\/\\\/secure.gravatar.com\\\/avatar\\\/06fdc0dc81c157dfdb82ec42f252178a22307808988d22c043f9eb96f1e0fe80?s=96&d=mm&r=g\",\"caption\":\"mennworldcon\"},\"sameAs\":[\"https:\\\/\\\/mwc-cmm.org\"],\"url\":\"https:\\\/\\\/mwc-cmm.org\\\/fr\\\/stories\\\/author\\\/mennworldcon\\\/\"}]}<\/script>\n<!-- \/ Yoast SEO plugin. -->","yoast_head_json":{"title":"Le pacifisme doit \u00eatre notre mode de vie - Mennonite World Conference","robots":{"index":"index","follow":"follow","max-snippet":"max-snippet:-1","max-image-preview":"max-image-preview:large","max-video-preview":"max-video-preview:-1"},"canonical":"https:\/\/mwc-cmm.org\/fr\/stories\/le-pacifisme-doit-etre-notre-mode-de-vie\/","og_locale":"fr_FR","og_type":"article","og_title":"Le pacifisme doit \u00eatre notre mode de vie - Mennonite World Conference","og_description":"De mon point de vue, le pacifisme et la non-violence doivent \u00eatre un mode de vie. Les conflits existent aussi dans la vie de tous les jours, dans la famille, dans les \u00e9tudes, dans le travail. La question est de savoir comment nous les g\u00e9rons. Ici aussi, il faut une approche pacifiste, dans la vie quotidienne aussi, il faut \u00eatre capable de g\u00e9rer les conflits de mani\u00e8re saine et pacifique. A mon avis, c\u2019est l\u2019une des t\u00e2ches des \u00e9glises de s\u2019y exercer et de faire ainsi du pacifisme un mode de vie. Si tu y parviens, tu sauras mieux comment r\u00e9agir de mani\u00e8re cr\u00e9ative et non violente \u00e0 une guerre. Si l\u2019on ne pense aux possibilit\u00e9s de r\u00e9solution pa","og_url":"https:\/\/mwc-cmm.org\/fr\/stories\/le-pacifisme-doit-etre-notre-mode-de-vie\/","og_site_name":"Mennonite World Conference","article_publisher":"https:\/\/www.facebook.com\/MennoniteWorldConference","article_published_time":"2023-04-18T00:00:00+00:00","article_modified_time":"2024-12-10T17:20:11+00:00","og_image":[{"width":2560,"height":1710,"url":"https:\/\/mwc-cmm.org\/wp-content\/uploads\/2024\/11\/20220706meetinghousekresnakurniawan-scaled.jpg","type":"image\/jpeg"}],"author":"mennworldcon","schema":{"@context":"https:\/\/schema.org","@graph":[{"@type":"Article","@id":"https:\/\/mwc-cmm.org\/fr\/stories\/le-pacifisme-doit-etre-notre-mode-de-vie\/#article","isPartOf":{"@id":"https:\/\/mwc-cmm.org\/fr\/stories\/le-pacifisme-doit-etre-notre-mode-de-vie\/"},"author":{"name":"mennworldcon","@id":"https:\/\/mwc-cmm.org\/en\/#\/schema\/person\/11f6ae0d7d1868ba20a1cc27f067c836"},"headline":"Le pacifisme doit \u00eatre notre mode de vie","datePublished":"2023-04-18T00:00:00+00:00","dateModified":"2024-12-10T17:20:11+00:00","mainEntityOfPage":{"@id":"https:\/\/mwc-cmm.org\/fr\/stories\/le-pacifisme-doit-etre-notre-mode-de-vie\/"},"wordCount":1974,"publisher":{"@id":"https:\/\/mwc-cmm.org\/en\/#organization"},"image":{"@id":"https:\/\/mwc-cmm.org\/fr\/stories\/le-pacifisme-doit-etre-notre-mode-de-vie\/#primaryimage"},"thumbnailUrl":"https:\/\/mwc-cmm.org\/wp-content\/uploads\/2024\/11\/20220706meetinghousekresnakurniawan-scaled.jpg","articleSection":["Non classifi\u00e9(e)"],"inLanguage":"fr-FR"},{"@type":"WebPage","@id":"https:\/\/mwc-cmm.org\/fr\/stories\/le-pacifisme-doit-etre-notre-mode-de-vie\/","url":"https:\/\/mwc-cmm.org\/fr\/stories\/le-pacifisme-doit-etre-notre-mode-de-vie\/","name":"Le pacifisme doit \u00eatre notre mode de vie - Mennonite World Conference","isPartOf":{"@id":"https:\/\/mwc-cmm.org\/en\/#website"},"primaryImageOfPage":{"@id":"https:\/\/mwc-cmm.org\/fr\/stories\/le-pacifisme-doit-etre-notre-mode-de-vie\/#primaryimage"},"image":{"@id":"https:\/\/mwc-cmm.org\/fr\/stories\/le-pacifisme-doit-etre-notre-mode-de-vie\/#primaryimage"},"thumbnailUrl":"https:\/\/mwc-cmm.org\/wp-content\/uploads\/2024\/11\/20220706meetinghousekresnakurniawan-scaled.jpg","datePublished":"2023-04-18T00:00:00+00:00","dateModified":"2024-12-10T17:20:11+00:00","breadcrumb":{"@id":"https:\/\/mwc-cmm.org\/fr\/stories\/le-pacifisme-doit-etre-notre-mode-de-vie\/#breadcrumb"},"inLanguage":"fr-FR","potentialAction":[{"@type":"ReadAction","target":["https:\/\/mwc-cmm.org\/fr\/stories\/le-pacifisme-doit-etre-notre-mode-de-vie\/"]}]},{"@type":"ImageObject","inLanguage":"fr-FR","@id":"https:\/\/mwc-cmm.org\/fr\/stories\/le-pacifisme-doit-etre-notre-mode-de-vie\/#primaryimage","url":"https:\/\/mwc-cmm.org\/wp-content\/uploads\/2024\/11\/20220706meetinghousekresnakurniawan-scaled.jpg","contentUrl":"https:\/\/mwc-cmm.org\/wp-content\/uploads\/2024\/11\/20220706meetinghousekresnakurniawan-scaled.jpg","width":2560,"height":1710},{"@type":"BreadcrumbList","@id":"https:\/\/mwc-cmm.org\/fr\/stories\/le-pacifisme-doit-etre-notre-mode-de-vie\/#breadcrumb","itemListElement":[{"@type":"ListItem","position":1,"name":"Home","item":"https:\/\/mwc-cmm.org\/fr\/"},{"@type":"ListItem","position":2,"name":"Le pacifisme doit \u00eatre notre mode de vie"}]},{"@type":"WebSite","@id":"https:\/\/mwc-cmm.org\/en\/#website","url":"https:\/\/mwc-cmm.org\/en\/","name":"Mennonite World Conference","description":"A communion of Anabaptist-related churches","publisher":{"@id":"https:\/\/mwc-cmm.org\/en\/#organization"},"alternateName":"MWC","potentialAction":[{"@type":"SearchAction","target":{"@type":"EntryPoint","urlTemplate":"https:\/\/mwc-cmm.org\/en\/?s={search_term_string}"},"query-input":{"@type":"PropertyValueSpecification","valueRequired":true,"valueName":"search_term_string"}}],"inLanguage":"fr-FR"},{"@type":"Organization","@id":"https:\/\/mwc-cmm.org\/en\/#organization","name":"Mennonite World Conference","alternateName":"MWC","url":"https:\/\/mwc-cmm.org\/en\/","logo":{"@type":"ImageObject","inLanguage":"fr-FR","@id":"https:\/\/mwc-cmm.org\/en\/#\/schema\/logo\/image\/","url":"https:\/\/mwc-cmm.org\/wp-content\/uploads\/2026\/01\/MWC_Sig_Blue_Horiz_webheader1-logo.svg","contentUrl":"https:\/\/mwc-cmm.org\/wp-content\/uploads\/2026\/01\/MWC_Sig_Blue_Horiz_webheader1-logo.svg","width":786,"height":82,"caption":"Mennonite World Conference"},"image":{"@id":"https:\/\/mwc-cmm.org\/en\/#\/schema\/logo\/image\/"},"sameAs":["https:\/\/www.facebook.com\/MennoniteWorldConference","https:\/\/www.linkedin.com\/company\/mennonite-world-conference-mwc\/","https:\/\/www.instagram.com\/mwcmm\/","https:\/\/www.youtube.com\/user\/mwccmm","https:\/\/bsky.app\/profile\/mwcmm.bsky.social"]},{"@type":"Person","@id":"https:\/\/mwc-cmm.org\/en\/#\/schema\/person\/11f6ae0d7d1868ba20a1cc27f067c836","name":"mennworldcon","image":{"@type":"ImageObject","inLanguage":"fr-FR","@id":"https:\/\/secure.gravatar.com\/avatar\/06fdc0dc81c157dfdb82ec42f252178a22307808988d22c043f9eb96f1e0fe80?s=96&d=mm&r=g","url":"https:\/\/secure.gravatar.com\/avatar\/06fdc0dc81c157dfdb82ec42f252178a22307808988d22c043f9eb96f1e0fe80?s=96&d=mm&r=g","contentUrl":"https:\/\/secure.gravatar.com\/avatar\/06fdc0dc81c157dfdb82ec42f252178a22307808988d22c043f9eb96f1e0fe80?s=96&d=mm&r=g","caption":"mennworldcon"},"sameAs":["https:\/\/mwc-cmm.org"],"url":"https:\/\/mwc-cmm.org\/fr\/stories\/author\/mennworldcon\/"}]}},"_links":{"self":[{"href":"https:\/\/mwc-cmm.org\/fr\/wp-json\/wp\/v2\/posts\/10514","targetHints":{"allow":["GET"]}}],"collection":[{"href":"https:\/\/mwc-cmm.org\/fr\/wp-json\/wp\/v2\/posts"}],"about":[{"href":"https:\/\/mwc-cmm.org\/fr\/wp-json\/wp\/v2\/types\/post"}],"author":[{"embeddable":true,"href":"https:\/\/mwc-cmm.org\/fr\/wp-json\/wp\/v2\/users\/1"}],"replies":[{"embeddable":true,"href":"https:\/\/mwc-cmm.org\/fr\/wp-json\/wp\/v2\/comments?post=10514"}],"version-history":[{"count":0,"href":"https:\/\/mwc-cmm.org\/fr\/wp-json\/wp\/v2\/posts\/10514\/revisions"}],"wp:featuredmedia":[{"embeddable":true,"href":"https:\/\/mwc-cmm.org\/fr\/wp-json\/wp\/v2\/media\/96648"}],"wp:attachment":[{"href":"https:\/\/mwc-cmm.org\/fr\/wp-json\/wp\/v2\/media?parent=10514"}],"wp:term":[{"taxonomy":"category","embeddable":true,"href":"https:\/\/mwc-cmm.org\/fr\/wp-json\/wp\/v2\/categories?post=10514"},{"taxonomy":"post_tag","embeddable":true,"href":"https:\/\/mwc-cmm.org\/fr\/wp-json\/wp\/v2\/tags?post=10514"},{"taxonomy":"network","embeddable":true,"href":"https:\/\/mwc-cmm.org\/fr\/wp-json\/wp\/v2\/network?post=10514"},{"taxonomy":"eventcategory","embeddable":true,"href":"https:\/\/mwc-cmm.org\/fr\/wp-json\/wp\/v2\/eventcategory?post=10514"}],"curies":[{"name":"wp","href":"https:\/\/api.w.org\/{rel}","templated":true}]}}