{"id":10494,"date":"2023-02-21T00:00:00","date_gmt":"2023-02-21T00:00:00","guid":{"rendered":"https:\/\/mwc-cmm.org\/join-mwc-storytellers-in-abbotsford-3\/"},"modified":"2024-12-10T17:19:59","modified_gmt":"2024-12-10T17:19:59","slug":"venez-ecouter-et-raconter-les-histoires-de-la-cmm-abbotsford","status":"publish","type":"post","link":"https:\/\/mwc-cmm.org\/fr\/stories\/venez-ecouter-et-raconter-les-histoires-de-la-cmm-abbotsford\/","title":{"rendered":"Venez \u00e9couter et raconter les histoires de la CMM \u00e0 Abbotsford"},"content":{"rendered":"<p>\u00ab&nbsp;C\u2019est magnifique d\u2019\u00e9couter les histoires de l\u2019\u00c9glise mondiale&nbsp;\u00bb, d\u00e9clare Jos\u00e9 Arrais. \u00ab&nbsp;Nous sommes tous si diff\u00e9rents, avec des parcours si complexes, avec des dynamiques si particuli\u00e8res entre les r\u00e9gions, que chaque histoire est une source d\u2019inspiration originale dont nous pouvons tous tirer des enseignements.&nbsp;\u00bb&nbsp;<\/p>\n<p>Les personnes vivant pr\u00e8s de la vall\u00e9e du Fraser, en Colombie-Britannique, au Canada&nbsp;\u2013&nbsp;et toutes celles et ceux qui, dans le monde entier, disposent d\u2019une connexion Internet&nbsp;\u2013&nbsp;pourront se nourrir de ces histoires le 25 mars 2023 lors de Renouveau 2023.&nbsp;<\/p>\n<p><a href=\"https:\/\/mwc-cmm.org\/fr\/node\/148\">\u2018Renouveau 2028\u2019 <\/a>est une s\u00e9rie de rencontres \u00e0 l\u2019occasion de la comm\u00e9moration du 500e anniversaire des d\u00e9buts du mouvement anabaptiste. Cette ann\u00e9e, la Colombie-Britannique accueillera l\u2019\u00e9v\u00e9nement du samedi soir \u00e0<a href=\"https:\/\/mwc-cmm.org\/fr\/renouveau-2023\"> l\u2019\u00e9glise de South Abbotsford<\/a> \u00e0 18 h 30 (HAP). Le th\u00e8me est \u00ab&nbsp;<a href=\"https:\/\/mwc-cmm.org\/fr\/renouveau-2023\">J\u00e9sus-Christ, Notre Espoir<\/a>&nbsp;\u00bb.&nbsp;<\/p>\n<p>\u00ab&nbsp;Venez en apprendre davantage sur la Conf\u00e9rence mennonite mondiale, chanter des chants de l\u2019\u00e9glise mondiale, entendre des t\u00e9moignages d\u2019espoir de diff\u00e9rents pays et vous joindre \u00e0 la pri\u00e8re pour les fr\u00e8res et s\u0153urs dans la foi du monde entier&nbsp;\u00bb, d\u00e9clare John Roth, secr\u00e9taire de la <a href=\"https:\/\/mwc-cmm.org\/fr\/node\/143\">Commission Foi et Vie <\/a>et coorganisateur de l\u2019\u00e9v\u00e9nement.&nbsp;<\/p>\n<figure class=\"image\" style=\"float:right\"><img decoding=\"async\" alt=\"\" data-src=\"https:\/\/mwc-cmm.org\/wp-content\/uploads\/2024\/10\/20180417karla_braunkarla_braun_-_img_3318-josearrais-2018.jpg\" width=\"174\" height=\"250\" src=\"data:image\/svg+xml;base64,PHN2ZyB3aWR0aD0iMSIgaGVpZ2h0PSIxIiB4bWxucz0iaHR0cDovL3d3dy53My5vcmcvMjAwMC9zdmciPjwvc3ZnPg==\" class=\"lazyload\" style=\"--smush-placeholder-width: 174px; --smush-placeholder-aspect-ratio: 174\/250;\"><figcaption>Jos\u00e9 Arrais<\/figcaption><\/figure>\n<p>Jos\u00e9 Arrais est l\u2019un des orateurs. Sp\u00e9cialiste des ventes et de la communication commerciale internationale, il a \u00e9t\u00e9 pr\u00e9sident de l\u2019Associa\u00e7\u00e3o dos Irm\u00e3os Menonitas de Portugal (l\u2019\u00c9glise des Fr\u00e8res mennonites au Portugal) de 2013 \u00e0 2020. En 2021, il a \u00e9t\u00e9 \u00e9lu coordinateur europ\u00e9en des Conf\u00e9rences mennonites et, parall\u00e8lement \u00e0 ce r\u00f4le, il est repr\u00e9sentant r\u00e9gional de la Conf\u00e9rence mennonite mondiale pour l\u2019Europe.&nbsp;<\/p>\n<p>\u00ab&nbsp;\u00c9tant originaire d\u2019Europe, o\u00f9 le mouvement anabaptiste a d\u00e9but\u00e9 il y a 500 ans, j\u2019ai la conviction que cette histoire riche a inspir\u00e9 la soci\u00e9t\u00e9 \u00e0 plusieurs niveaux&nbsp;\u00bb, explique-t-il. Avec la guerre en Ukraine, \u00ab&nbsp;il n\u2019a jamais \u00e9t\u00e9 aussi pertinent de voir les effets du mouvement anabaptiste tout autour de nous\u2026&nbsp;: solidarit\u00e9 avec ceux qui souffrent (dans d\u2019autres zones de conflit aussi), d\u00e9fense des minorit\u00e9s, dialogue fructueux entre les autres confessions de foi&nbsp;\u00bb, dit Jos\u00e9 Arrais.&nbsp;<\/p>\n<p>\u00ab&nbsp;Garder \u00e0 l\u2019esprit que la Bible est la fondation de la v\u00e9rit\u00e9, nous permet de laver nos doctrines des impuret\u00e9s qui viennent des id\u00e9ologies du monde, et cela nous aide \u00e0 revenir \u00e0 nos origines&nbsp;\u00bb, a d\u00e9clar\u00e9 Tigist Tesfaye, une autre oratrice de l\u2019\u00e9v\u00e9nement.&nbsp;&nbsp;<\/p>\n<figure class=\"image\" style=\"float:right\"><img decoding=\"async\" alt=\"\" data-src=\"https:\/\/mwc-cmm.org\/wp-content\/uploads\/2024\/10\/img_2879.jpg\" width=\"167\" height=\"250\" src=\"data:image\/svg+xml;base64,PHN2ZyB3aWR0aD0iMSIgaGVpZ2h0PSIxIiB4bWxucz0iaHR0cDovL3d3dy53My5vcmcvMjAwMC9zdmciPjwvc3ZnPg==\" class=\"lazyload\" style=\"--smush-placeholder-width: 167px; --smush-placeholder-aspect-ratio: 167\/250;\"><figcaption>Tigist Tesfaye<\/figcaption><\/figure>\n<p>Mentor et coach de jeunes dans l\u2019\u00e9glise (mennonite) Meserete Kristos d\u2019Addis-Abeba, en \u00c9thiopie, elle dirige The Spark Valley, une organisation qui donne aux jeunes les moyens de s\u2019engager de mani\u00e8re significative dans les sph\u00e8res civiques, sociales et culturelles.&nbsp;<\/p>\n<p>\u00ab&nbsp;C\u2019est une grande opportunit\u00e9 pour notre renouveau en tant qu\u2019\u00e9glise et en tant que corps du Christ, alors que nous nous r\u00e9unissons pour c\u00e9l\u00e9brer et nous rappeler de notre fondation&nbsp;\u00bb, d\u00e9clare Tigist Tesfaye.&nbsp;<\/p>\n<p>Il est \u00e9galement pr\u00e9vu qu\u2019Amos Chin, de la Bible Missionary Church au Myanmar, Cynthia D\u00fcck, de Asociaci\u00f3n Hermanos Menonitas (union d\u2019\u00e9glises des Fr\u00e8res mennonites) au Paraguay, (en attente de l\u2019approbation des visas) et Ashley Rempel, de Mennonite Church Canada, prennent la parole.&nbsp;<\/p>\n<p>Le lendemain, les invit\u00e9s de la Conf\u00e9rence mennonite mondiale venus du monde entier pr\u00eacheront dans des assembl\u00e9es locales dans tout le Lower Mainland, avant de participer \u00e0 une semaine de r\u00e9unions avec le Comit\u00e9 ex\u00e9cutif.&nbsp;<\/p>\n<p><a href=\"https:\/\/mwc-cmm.org\/fr\/renouveau-2023\"><img decoding=\"async\" alt=\"Renewal\" data-src=\"\/sites\/default\/files\/website_files_2020\/renewal_fr1.jpg\" style=\"--smush-placeholder-width: 417px; --smush-placeholder-aspect-ratio: 417\/100;float:left\" width=\"417\" height=\"100\" src=\"data:image\/svg+xml;base64,PHN2ZyB3aWR0aD0iMSIgaGVpZ2h0PSIxIiB4bWxucz0iaHR0cDovL3d3dy53My5vcmcvMjAwMC9zdmciPjwvc3ZnPg==\" class=\"lazyload\"><\/a><a href=\"https:\/\/www.youtube.com\/watch?v=SiOnTUacJ00\"><img decoding=\"async\" alt=\"livestream renewal\" data-src=\"\/sites\/default\/files\/website_files_2020\/renewal_fr2.jpg\" style=\"--smush-placeholder-width: 417px; --smush-placeholder-aspect-ratio: 417\/100;float:left\" width=\"417\" height=\"100\" src=\"data:image\/svg+xml;base64,PHN2ZyB3aWR0aD0iMSIgaGVpZ2h0PSIxIiB4bWxucz0iaHR0cDovL3d3dy53My5vcmcvMjAwMC9zdmciPjwvc3ZnPg==\" class=\"lazyload\"><\/a><\/p>\n<p>&nbsp;<\/p>\n","protected":false},"excerpt":{"rendered":"<p>\u00ab&nbsp;C\u2019est magnifique d\u2019\u00e9couter les histoires de l\u2019\u00c9glise mondiale&nbsp;\u00bb, d\u00e9clare Jos\u00e9 Arrais. \u00ab&nbsp;Nous sommes tous si diff\u00e9rents, avec des parcours si complexes, avec des dynamiques si particuli\u00e8res entre les r\u00e9gions, que chaque histoire est une source d\u2019inspiration originale dont nous pouvons tous tirer des enseignements.&nbsp;\u00bb&nbsp; Les personnes vivant pr\u00e8s de la vall\u00e9e du Fraser, en Colombie-Britannique, [&hellip;]<\/p>\n","protected":false},"author":1,"featured_media":96410,"comment_status":"closed","ping_status":"closed","sticky":false,"template":"","format":"standard","meta":{"_acf_changed":false,"footnotes":""},"categories":[7],"tags":[],"network":[],"eventcategory":[1485],"class_list":["post-10494","post","type-post","status-publish","format-standard","has-post-thumbnail","hentry","category-non-classifiee","eventcategory-renewal-2028-fr"],"acf":[],"yoast_head":"<!-- This site is optimized with the Yoast SEO plugin v27.5 - https:\/\/yoast.com\/product\/yoast-seo-wordpress\/ -->\n<title>Venez \u00e9couter et raconter les histoires de la CMM \u00e0 Abbotsford - Mennonite World Conference<\/title>\n<meta name=\"robots\" content=\"index, follow, max-snippet:-1, max-image-preview:large, max-video-preview:-1\" \/>\n<link rel=\"canonical\" href=\"https:\/\/mwc-cmm.org\/en\/stories\/join-mwc-storytellers-abbotsford\/\" \/>\n<meta property=\"og:locale\" content=\"fr_FR\" \/>\n<meta property=\"og:type\" content=\"article\" \/>\n<meta property=\"og:title\" content=\"Venez \u00e9couter et raconter les histoires de la CMM \u00e0 Abbotsford - Mennonite World Conference\" \/>\n<meta property=\"og:description\" content=\"\u00ab&nbsp;C\u2019est magnifique d\u2019\u00e9couter les histoires de l\u2019\u00c9glise mondiale&nbsp;\u00bb, d\u00e9clare Jos\u00e9 Arrais. \u00ab&nbsp;Nous sommes tous si diff\u00e9rents, avec des parcours si complexes, avec des dynamiques si particuli\u00e8res entre les r\u00e9gions, que chaque histoire est une source d\u2019inspiration originale dont nous pouvons tous tirer des enseignements.&nbsp;\u00bb&nbsp; Les personnes vivant pr\u00e8s de la vall\u00e9e du Fraser, en Colombie-Britannique, [&hellip;]\" \/>\n<meta property=\"og:url\" content=\"https:\/\/mwc-cmm.org\/en\/stories\/join-mwc-storytellers-abbotsford\/\" \/>\n<meta property=\"og:site_name\" content=\"Mennonite World Conference\" \/>\n<meta property=\"article:publisher\" content=\"https:\/\/www.facebook.com\/MennoniteWorldConference\" \/>\n<meta property=\"article:published_time\" content=\"2023-02-21T00:00:00+00:00\" \/>\n<meta property=\"article:modified_time\" content=\"2024-12-10T17:19:59+00:00\" \/>\n<meta property=\"og:image\" content=\"https:\/\/mwc-cmm.org\/wp-content\/uploads\/2024\/11\/20220709tizbrotosudarmoimg_5409-scaled.jpg\" \/>\n\t<meta property=\"og:image:width\" content=\"2560\" \/>\n\t<meta property=\"og:image:height\" content=\"1707\" \/>\n\t<meta property=\"og:image:type\" content=\"image\/jpeg\" \/>\n<meta name=\"author\" content=\"mennworldcon\" \/>\n<script type=\"application\/ld+json\" class=\"yoast-schema-graph\">{\"@context\":\"https:\\\/\\\/schema.org\",\"@graph\":[{\"@type\":\"Article\",\"@id\":\"https:\\\/\\\/mwc-cmm.org\\\/en\\\/stories\\\/join-mwc-storytellers-abbotsford\\\/#article\",\"isPartOf\":{\"@id\":\"https:\\\/\\\/mwc-cmm.org\\\/en\\\/stories\\\/join-mwc-storytellers-abbotsford\\\/\"},\"author\":{\"name\":\"mennworldcon\",\"@id\":\"https:\\\/\\\/mwc-cmm.org\\\/en\\\/#\\\/schema\\\/person\\\/11f6ae0d7d1868ba20a1cc27f067c836\"},\"headline\":\"Venez \u00e9couter et raconter les histoires de la CMM \u00e0 Abbotsford\",\"datePublished\":\"2023-02-21T00:00:00+00:00\",\"dateModified\":\"2024-12-10T17:19:59+00:00\",\"mainEntityOfPage\":{\"@id\":\"https:\\\/\\\/mwc-cmm.org\\\/en\\\/stories\\\/join-mwc-storytellers-abbotsford\\\/\"},\"wordCount\":629,\"publisher\":{\"@id\":\"https:\\\/\\\/mwc-cmm.org\\\/en\\\/#organization\"},\"image\":{\"@id\":\"https:\\\/\\\/mwc-cmm.org\\\/en\\\/stories\\\/join-mwc-storytellers-abbotsford\\\/#primaryimage\"},\"thumbnailUrl\":\"https:\\\/\\\/mwc-cmm.org\\\/wp-content\\\/uploads\\\/2024\\\/11\\\/20220709tizbrotosudarmoimg_5409-scaled.jpg\",\"articleSection\":[\"Non classifi\u00e9(e)\"],\"inLanguage\":\"fr-FR\"},{\"@type\":\"WebPage\",\"@id\":\"https:\\\/\\\/mwc-cmm.org\\\/en\\\/stories\\\/join-mwc-storytellers-abbotsford\\\/\",\"url\":\"https:\\\/\\\/mwc-cmm.org\\\/en\\\/stories\\\/join-mwc-storytellers-abbotsford\\\/\",\"name\":\"Venez \u00e9couter et raconter les histoires de la CMM \u00e0 Abbotsford - Mennonite World Conference\",\"isPartOf\":{\"@id\":\"https:\\\/\\\/mwc-cmm.org\\\/en\\\/#website\"},\"primaryImageOfPage\":{\"@id\":\"https:\\\/\\\/mwc-cmm.org\\\/en\\\/stories\\\/join-mwc-storytellers-abbotsford\\\/#primaryimage\"},\"image\":{\"@id\":\"https:\\\/\\\/mwc-cmm.org\\\/en\\\/stories\\\/join-mwc-storytellers-abbotsford\\\/#primaryimage\"},\"thumbnailUrl\":\"https:\\\/\\\/mwc-cmm.org\\\/wp-content\\\/uploads\\\/2024\\\/11\\\/20220709tizbrotosudarmoimg_5409-scaled.jpg\",\"datePublished\":\"2023-02-21T00:00:00+00:00\",\"dateModified\":\"2024-12-10T17:19:59+00:00\",\"breadcrumb\":{\"@id\":\"https:\\\/\\\/mwc-cmm.org\\\/en\\\/stories\\\/join-mwc-storytellers-abbotsford\\\/#breadcrumb\"},\"inLanguage\":\"fr-FR\",\"potentialAction\":[{\"@type\":\"ReadAction\",\"target\":[\"https:\\\/\\\/mwc-cmm.org\\\/en\\\/stories\\\/join-mwc-storytellers-abbotsford\\\/\"]}]},{\"@type\":\"ImageObject\",\"inLanguage\":\"fr-FR\",\"@id\":\"https:\\\/\\\/mwc-cmm.org\\\/en\\\/stories\\\/join-mwc-storytellers-abbotsford\\\/#primaryimage\",\"url\":\"https:\\\/\\\/mwc-cmm.org\\\/wp-content\\\/uploads\\\/2024\\\/11\\\/20220709tizbrotosudarmoimg_5409-scaled.jpg\",\"contentUrl\":\"https:\\\/\\\/mwc-cmm.org\\\/wp-content\\\/uploads\\\/2024\\\/11\\\/20220709tizbrotosudarmoimg_5409-scaled.jpg\",\"width\":2560,\"height\":1707},{\"@type\":\"BreadcrumbList\",\"@id\":\"https:\\\/\\\/mwc-cmm.org\\\/en\\\/stories\\\/join-mwc-storytellers-abbotsford\\\/#breadcrumb\",\"itemListElement\":[{\"@type\":\"ListItem\",\"position\":1,\"name\":\"Home\",\"item\":\"https:\\\/\\\/mwc-cmm.org\\\/fr\\\/\"},{\"@type\":\"ListItem\",\"position\":2,\"name\":\"Venez \u00e9couter et raconter les histoires de la CMM \u00e0 Abbotsford\"}]},{\"@type\":\"WebSite\",\"@id\":\"https:\\\/\\\/mwc-cmm.org\\\/en\\\/#website\",\"url\":\"https:\\\/\\\/mwc-cmm.org\\\/en\\\/\",\"name\":\"Mennonite World Conference\",\"description\":\"A communion of Anabaptist-related churches\",\"publisher\":{\"@id\":\"https:\\\/\\\/mwc-cmm.org\\\/en\\\/#organization\"},\"alternateName\":\"MWC\",\"potentialAction\":[{\"@type\":\"SearchAction\",\"target\":{\"@type\":\"EntryPoint\",\"urlTemplate\":\"https:\\\/\\\/mwc-cmm.org\\\/en\\\/?s={search_term_string}\"},\"query-input\":{\"@type\":\"PropertyValueSpecification\",\"valueRequired\":true,\"valueName\":\"search_term_string\"}}],\"inLanguage\":\"fr-FR\"},{\"@type\":\"Organization\",\"@id\":\"https:\\\/\\\/mwc-cmm.org\\\/en\\\/#organization\",\"name\":\"Mennonite World Conference\",\"alternateName\":\"MWC\",\"url\":\"https:\\\/\\\/mwc-cmm.org\\\/en\\\/\",\"logo\":{\"@type\":\"ImageObject\",\"inLanguage\":\"fr-FR\",\"@id\":\"https:\\\/\\\/mwc-cmm.org\\\/en\\\/#\\\/schema\\\/logo\\\/image\\\/\",\"url\":\"https:\\\/\\\/mwc-cmm.org\\\/wp-content\\\/uploads\\\/2026\\\/01\\\/MWC_Sig_Blue_Horiz_webheader1-logo.svg\",\"contentUrl\":\"https:\\\/\\\/mwc-cmm.org\\\/wp-content\\\/uploads\\\/2026\\\/01\\\/MWC_Sig_Blue_Horiz_webheader1-logo.svg\",\"width\":786,\"height\":82,\"caption\":\"Mennonite World Conference\"},\"image\":{\"@id\":\"https:\\\/\\\/mwc-cmm.org\\\/en\\\/#\\\/schema\\\/logo\\\/image\\\/\"},\"sameAs\":[\"https:\\\/\\\/www.facebook.com\\\/MennoniteWorldConference\",\"https:\\\/\\\/www.linkedin.com\\\/company\\\/mennonite-world-conference-mwc\\\/\",\"https:\\\/\\\/www.instagram.com\\\/mwcmm\\\/\",\"https:\\\/\\\/www.youtube.com\\\/user\\\/mwccmm\",\"https:\\\/\\\/bsky.app\\\/profile\\\/mwcmm.bsky.social\"]},{\"@type\":\"Person\",\"@id\":\"https:\\\/\\\/mwc-cmm.org\\\/en\\\/#\\\/schema\\\/person\\\/11f6ae0d7d1868ba20a1cc27f067c836\",\"name\":\"mennworldcon\",\"image\":{\"@type\":\"ImageObject\",\"inLanguage\":\"fr-FR\",\"@id\":\"https:\\\/\\\/secure.gravatar.com\\\/avatar\\\/06fdc0dc81c157dfdb82ec42f252178a22307808988d22c043f9eb96f1e0fe80?s=96&d=mm&r=g\",\"url\":\"https:\\\/\\\/secure.gravatar.com\\\/avatar\\\/06fdc0dc81c157dfdb82ec42f252178a22307808988d22c043f9eb96f1e0fe80?s=96&d=mm&r=g\",\"contentUrl\":\"https:\\\/\\\/secure.gravatar.com\\\/avatar\\\/06fdc0dc81c157dfdb82ec42f252178a22307808988d22c043f9eb96f1e0fe80?s=96&d=mm&r=g\",\"caption\":\"mennworldcon\"},\"sameAs\":[\"https:\\\/\\\/mwc-cmm.org\"],\"url\":\"https:\\\/\\\/mwc-cmm.org\\\/fr\\\/stories\\\/author\\\/mennworldcon\\\/\"}]}<\/script>\n<!-- \/ Yoast SEO plugin. -->","yoast_head_json":{"title":"Venez \u00e9couter et raconter les histoires de la CMM \u00e0 Abbotsford - Mennonite World Conference","robots":{"index":"index","follow":"follow","max-snippet":"max-snippet:-1","max-image-preview":"max-image-preview:large","max-video-preview":"max-video-preview:-1"},"canonical":"https:\/\/mwc-cmm.org\/en\/stories\/join-mwc-storytellers-abbotsford\/","og_locale":"fr_FR","og_type":"article","og_title":"Venez \u00e9couter et raconter les histoires de la CMM \u00e0 Abbotsford - Mennonite World Conference","og_description":"\u00ab&nbsp;C\u2019est magnifique d\u2019\u00e9couter les histoires de l\u2019\u00c9glise mondiale&nbsp;\u00bb, d\u00e9clare Jos\u00e9 Arrais. \u00ab&nbsp;Nous sommes tous si diff\u00e9rents, avec des parcours si complexes, avec des dynamiques si particuli\u00e8res entre les r\u00e9gions, que chaque histoire est une source d\u2019inspiration originale dont nous pouvons tous tirer des enseignements.&nbsp;\u00bb&nbsp; Les personnes vivant pr\u00e8s de la vall\u00e9e du Fraser, en Colombie-Britannique, [&hellip;]","og_url":"https:\/\/mwc-cmm.org\/en\/stories\/join-mwc-storytellers-abbotsford\/","og_site_name":"Mennonite World Conference","article_publisher":"https:\/\/www.facebook.com\/MennoniteWorldConference","article_published_time":"2023-02-21T00:00:00+00:00","article_modified_time":"2024-12-10T17:19:59+00:00","og_image":[{"width":2560,"height":1707,"url":"https:\/\/mwc-cmm.org\/wp-content\/uploads\/2024\/11\/20220709tizbrotosudarmoimg_5409-scaled.jpg","type":"image\/jpeg"}],"author":"mennworldcon","schema":{"@context":"https:\/\/schema.org","@graph":[{"@type":"Article","@id":"https:\/\/mwc-cmm.org\/en\/stories\/join-mwc-storytellers-abbotsford\/#article","isPartOf":{"@id":"https:\/\/mwc-cmm.org\/en\/stories\/join-mwc-storytellers-abbotsford\/"},"author":{"name":"mennworldcon","@id":"https:\/\/mwc-cmm.org\/en\/#\/schema\/person\/11f6ae0d7d1868ba20a1cc27f067c836"},"headline":"Venez \u00e9couter et raconter les histoires de la CMM \u00e0 Abbotsford","datePublished":"2023-02-21T00:00:00+00:00","dateModified":"2024-12-10T17:19:59+00:00","mainEntityOfPage":{"@id":"https:\/\/mwc-cmm.org\/en\/stories\/join-mwc-storytellers-abbotsford\/"},"wordCount":629,"publisher":{"@id":"https:\/\/mwc-cmm.org\/en\/#organization"},"image":{"@id":"https:\/\/mwc-cmm.org\/en\/stories\/join-mwc-storytellers-abbotsford\/#primaryimage"},"thumbnailUrl":"https:\/\/mwc-cmm.org\/wp-content\/uploads\/2024\/11\/20220709tizbrotosudarmoimg_5409-scaled.jpg","articleSection":["Non classifi\u00e9(e)"],"inLanguage":"fr-FR"},{"@type":"WebPage","@id":"https:\/\/mwc-cmm.org\/en\/stories\/join-mwc-storytellers-abbotsford\/","url":"https:\/\/mwc-cmm.org\/en\/stories\/join-mwc-storytellers-abbotsford\/","name":"Venez \u00e9couter et raconter les histoires de la CMM \u00e0 Abbotsford - Mennonite World Conference","isPartOf":{"@id":"https:\/\/mwc-cmm.org\/en\/#website"},"primaryImageOfPage":{"@id":"https:\/\/mwc-cmm.org\/en\/stories\/join-mwc-storytellers-abbotsford\/#primaryimage"},"image":{"@id":"https:\/\/mwc-cmm.org\/en\/stories\/join-mwc-storytellers-abbotsford\/#primaryimage"},"thumbnailUrl":"https:\/\/mwc-cmm.org\/wp-content\/uploads\/2024\/11\/20220709tizbrotosudarmoimg_5409-scaled.jpg","datePublished":"2023-02-21T00:00:00+00:00","dateModified":"2024-12-10T17:19:59+00:00","breadcrumb":{"@id":"https:\/\/mwc-cmm.org\/en\/stories\/join-mwc-storytellers-abbotsford\/#breadcrumb"},"inLanguage":"fr-FR","potentialAction":[{"@type":"ReadAction","target":["https:\/\/mwc-cmm.org\/en\/stories\/join-mwc-storytellers-abbotsford\/"]}]},{"@type":"ImageObject","inLanguage":"fr-FR","@id":"https:\/\/mwc-cmm.org\/en\/stories\/join-mwc-storytellers-abbotsford\/#primaryimage","url":"https:\/\/mwc-cmm.org\/wp-content\/uploads\/2024\/11\/20220709tizbrotosudarmoimg_5409-scaled.jpg","contentUrl":"https:\/\/mwc-cmm.org\/wp-content\/uploads\/2024\/11\/20220709tizbrotosudarmoimg_5409-scaled.jpg","width":2560,"height":1707},{"@type":"BreadcrumbList","@id":"https:\/\/mwc-cmm.org\/en\/stories\/join-mwc-storytellers-abbotsford\/#breadcrumb","itemListElement":[{"@type":"ListItem","position":1,"name":"Home","item":"https:\/\/mwc-cmm.org\/fr\/"},{"@type":"ListItem","position":2,"name":"Venez \u00e9couter et raconter les histoires de la CMM \u00e0 Abbotsford"}]},{"@type":"WebSite","@id":"https:\/\/mwc-cmm.org\/en\/#website","url":"https:\/\/mwc-cmm.org\/en\/","name":"Mennonite World Conference","description":"A communion of Anabaptist-related churches","publisher":{"@id":"https:\/\/mwc-cmm.org\/en\/#organization"},"alternateName":"MWC","potentialAction":[{"@type":"SearchAction","target":{"@type":"EntryPoint","urlTemplate":"https:\/\/mwc-cmm.org\/en\/?s={search_term_string}"},"query-input":{"@type":"PropertyValueSpecification","valueRequired":true,"valueName":"search_term_string"}}],"inLanguage":"fr-FR"},{"@type":"Organization","@id":"https:\/\/mwc-cmm.org\/en\/#organization","name":"Mennonite World Conference","alternateName":"MWC","url":"https:\/\/mwc-cmm.org\/en\/","logo":{"@type":"ImageObject","inLanguage":"fr-FR","@id":"https:\/\/mwc-cmm.org\/en\/#\/schema\/logo\/image\/","url":"https:\/\/mwc-cmm.org\/wp-content\/uploads\/2026\/01\/MWC_Sig_Blue_Horiz_webheader1-logo.svg","contentUrl":"https:\/\/mwc-cmm.org\/wp-content\/uploads\/2026\/01\/MWC_Sig_Blue_Horiz_webheader1-logo.svg","width":786,"height":82,"caption":"Mennonite World Conference"},"image":{"@id":"https:\/\/mwc-cmm.org\/en\/#\/schema\/logo\/image\/"},"sameAs":["https:\/\/www.facebook.com\/MennoniteWorldConference","https:\/\/www.linkedin.com\/company\/mennonite-world-conference-mwc\/","https:\/\/www.instagram.com\/mwcmm\/","https:\/\/www.youtube.com\/user\/mwccmm","https:\/\/bsky.app\/profile\/mwcmm.bsky.social"]},{"@type":"Person","@id":"https:\/\/mwc-cmm.org\/en\/#\/schema\/person\/11f6ae0d7d1868ba20a1cc27f067c836","name":"mennworldcon","image":{"@type":"ImageObject","inLanguage":"fr-FR","@id":"https:\/\/secure.gravatar.com\/avatar\/06fdc0dc81c157dfdb82ec42f252178a22307808988d22c043f9eb96f1e0fe80?s=96&d=mm&r=g","url":"https:\/\/secure.gravatar.com\/avatar\/06fdc0dc81c157dfdb82ec42f252178a22307808988d22c043f9eb96f1e0fe80?s=96&d=mm&r=g","contentUrl":"https:\/\/secure.gravatar.com\/avatar\/06fdc0dc81c157dfdb82ec42f252178a22307808988d22c043f9eb96f1e0fe80?s=96&d=mm&r=g","caption":"mennworldcon"},"sameAs":["https:\/\/mwc-cmm.org"],"url":"https:\/\/mwc-cmm.org\/fr\/stories\/author\/mennworldcon\/"}]}},"_links":{"self":[{"href":"https:\/\/mwc-cmm.org\/fr\/wp-json\/wp\/v2\/posts\/10494","targetHints":{"allow":["GET"]}}],"collection":[{"href":"https:\/\/mwc-cmm.org\/fr\/wp-json\/wp\/v2\/posts"}],"about":[{"href":"https:\/\/mwc-cmm.org\/fr\/wp-json\/wp\/v2\/types\/post"}],"author":[{"embeddable":true,"href":"https:\/\/mwc-cmm.org\/fr\/wp-json\/wp\/v2\/users\/1"}],"replies":[{"embeddable":true,"href":"https:\/\/mwc-cmm.org\/fr\/wp-json\/wp\/v2\/comments?post=10494"}],"version-history":[{"count":0,"href":"https:\/\/mwc-cmm.org\/fr\/wp-json\/wp\/v2\/posts\/10494\/revisions"}],"wp:featuredmedia":[{"embeddable":true,"href":"https:\/\/mwc-cmm.org\/fr\/wp-json\/wp\/v2\/media\/96410"}],"wp:attachment":[{"href":"https:\/\/mwc-cmm.org\/fr\/wp-json\/wp\/v2\/media?parent=10494"}],"wp:term":[{"taxonomy":"category","embeddable":true,"href":"https:\/\/mwc-cmm.org\/fr\/wp-json\/wp\/v2\/categories?post=10494"},{"taxonomy":"post_tag","embeddable":true,"href":"https:\/\/mwc-cmm.org\/fr\/wp-json\/wp\/v2\/tags?post=10494"},{"taxonomy":"network","embeddable":true,"href":"https:\/\/mwc-cmm.org\/fr\/wp-json\/wp\/v2\/network?post=10494"},{"taxonomy":"eventcategory","embeddable":true,"href":"https:\/\/mwc-cmm.org\/fr\/wp-json\/wp\/v2\/eventcategory?post=10494"}],"curies":[{"name":"wp","href":"https:\/\/api.w.org\/{rel}","templated":true}]}}