{"id":10487,"date":"2023-01-27T00:00:00","date_gmt":"2023-01-27T00:00:00","guid":{"rendered":"https:\/\/mwc-cmm.org\/the-unlimited-power-of-prayer-3\/"},"modified":"2024-12-10T17:19:56","modified_gmt":"2024-12-10T17:19:56","slug":"le-pouvoir-illimite-de-la-priere","status":"publish","type":"post","link":"https:\/\/mwc-cmm.org\/fr\/stories\/le-pouvoir-illimite-de-la-priere\/","title":{"rendered":"Le pouvoir illimit\u00e9 de la pri\u00e8re"},"content":{"rendered":"<p>\u00ab&nbsp;Je crois au pouvoir illimit\u00e9 de la pri\u00e8re&nbsp;\u00bb, \u00e9crit le responsable d&rsquo;une \u00c9glise membre de la Conf\u00e9rence mennonite mondiale au Myanmar. Il devait \u00eatre l&rsquo;invit\u00e9 sp\u00e9cial de l&rsquo;Heure de pri\u00e8re virtuelle en janvier 2023. Cependant, il n\u2019a pas pu parler de la situation de son \u00c9glise en raison d&rsquo;une panne d&rsquo;internet dans tout le pays. Son nom n&rsquo;est pas divulgu\u00e9 pour des raisons de s\u00e9curit\u00e9.&nbsp;<\/p>\n<p>Le responsable d&rsquo;\u00e9glise demande de prier pour le Myanmar.&nbsp;<\/p>\n<p>\u00ab&nbsp;Les gens souffrent de la faim et m\u00eame de la mort \u00e0 cause de la guerre. Les jeunes sont amers&nbsp;; ils sont tent\u00e9s de prendre les armes.&nbsp;<\/p>\n<p>\u00ab&nbsp;Pourtant, par la gr\u00e2ce de Dieu, notre \u00e9glise vit l&rsquo;\u00c9vangile. Le corps du Christ grandit.&nbsp;\u00bb&nbsp;<\/p>\n<p>L&rsquo;Heure de pri\u00e8re en ligne est une r\u00e9union de pri\u00e8re bimensuelle d&rsquo;une heure sur Zoom pour interc\u00e9der ensemble, ouverte \u00e0 tous les anabaptistes-mennonites. Apr\u00e8s une br\u00e8ve m\u00e9ditation sur les \u00c9critures et la pr\u00e9sentation des sujets de pri\u00e8re, les participants rejoignent des petits groupes par langue (anglais, espagnol, fran\u00e7ais, hindi, indon\u00e9sien). \u00ca la fin, les diff\u00e9rents animateurs partagent les sujets \u00e9voqu\u00e9s dans leurs groupes.&nbsp;<\/p>\n<p style=\"text-align:center\"><a href=\"https:\/\/mwc-cmm.org\/fr\/form\/heure-de-priere-en-ligne-de-la-cmm-inscription-mars-2023\"><img decoding=\"async\" alt=\"\" height=\"400\" data-src=\"\/sites\/default\/files\/website_files_2020\/oph_cover_fr.jpg\" width=\"1000\" src=\"data:image\/svg+xml;base64,PHN2ZyB3aWR0aD0iMSIgaGVpZ2h0PSIxIiB4bWxucz0iaHR0cDovL3d3dy53My5vcmcvMjAwMC9zdmciPjwvc3ZnPg==\" class=\"lazyload\" style=\"--smush-placeholder-width: 1000px; --smush-placeholder-aspect-ratio: 1000\/400;\"><\/a><\/p>\n<p>Lors de la r\u00e9union de janvier, les animateurs de groupes ont appel\u00e9 \u00e0 prier&#8230;&nbsp;<\/p>\n<ul>\n<li>pour que l\u2019\u00c9glise marche aux c\u00f4t\u00e9s de ceux qui sont marginalis\u00e9s et recherchent la justice&nbsp;; pour la r\u00e9conciliation avec les peuples indig\u00e8nes au Canada et aux \u00c9tats-Unis, et pour les \u00c9glises du Mexique \u00e0 qui l&rsquo;on demande d&rsquo;accueillir des migrants&nbsp;;&nbsp;<\/li>\n<li>pour une d\u00e9sescalade de la polarisation politique, pour les in\u00e9galit\u00e9s de revenus, pour les sans-abri et pour la s\u00e9curit\u00e9 alimentaire&nbsp;;&nbsp;<\/li>\n<li>pour la d\u00e9sescalade de la violence politique en Bolivie, au P\u00e9rou, au Br\u00e9sil et en Colombie ; pour les personnes touch\u00e9es par la guerre, notamment en <a href=\"https:\/\/mwc-cmm.org\/fr\/stories\/lettre-pastorale-pour-les-anabaptistes-mennonites-en-ukraine\">Ukraine<\/a>, au <a href=\"https:\/\/mwc-cmm.org\/fr\/stories\/lettre-pastorale-aux-anabaptistes-mennonites-en-burkina-faso\">Burkina Faso <\/a>et en <a href=\"https:\/\/mwc-cmm.org\/fr\/stories\/des-croyants-apportent-de-leau-pour-un-bapteme-en-pleine-secheresse\">\u00c9thiopie<\/a> ; pour que les \u00c9glises agissent avec sagesse dans un esprit de paix en p\u00e9riode de violence ;<\/li>\n<li>pour les \u00e9lections en Indon\u00e9sie en 2024&nbsp;;&nbsp;<\/li>\n<li>pour <a href=\"https:\/\/mwc-cmm.org\/fr\/pn-jan-23-india\">les chr\u00e9tiens indiens<\/a> : ceux qui ont \u00e9t\u00e9 attaqu\u00e9s par la foule \u00e0 Chhattisgarh, en Inde, ceux de l&rsquo;association de l&rsquo;h\u00f4pital Emmanuel \u00e0 Fatehpur qui a \u00e9t\u00e9 vandalis\u00e9, et pour les organisations qui peinent \u00e0 fonctionner sans autorisation FCRA&nbsp;;<\/li>\n<li>pour les proches et les \u00e9tudiants des responsables d\u2019\u00e9glises morts dans un accident d\u2019avion au N\u00e9pal&nbsp;;&nbsp;<\/li>\n<li>pour des mesures d&rsquo;assainissement et des soins de sant\u00e9 au <a href=\"https:\/\/mwc-cmm.org\/fr\/pn-jan-23-malawi\">Malawi<\/a> o\u00f9 une \u00e9pid\u00e9mie de chol\u00e9ra est en hausse&nbsp;;&nbsp;<\/li>\n<li>pour des ressources permettant de montrer l&rsquo;amour de Dieu et pour les efforts missionnaires de l&rsquo;\u00e9glise mennonite du Kenya en Somalie&nbsp;;&nbsp;<\/li>\n<li>pour l\u2019unit\u00e9 dans la diversit\u00e9, particuli\u00e8rement pour ceux qui font partie des minorit\u00e9s.&nbsp;<\/li>\n<\/ul>\n<p>L&rsquo;heure de pri\u00e8re se termine par un joyeux tumulte o\u00f9 les amis du monde entier se saluent d&rsquo;\u00e9cran en \u00e9cran dans de nombreuses langues.&nbsp;<\/p>\n","protected":false},"excerpt":{"rendered":"<p>\u00ab&nbsp;Je crois au pouvoir illimit\u00e9 de la pri\u00e8re&nbsp;\u00bb, \u00e9crit le responsable d&rsquo;une \u00c9glise membre de la Conf\u00e9rence mennonite mondiale au Myanmar. Il devait \u00eatre l&rsquo;invit\u00e9 sp\u00e9cial de l&rsquo;Heure de pri\u00e8re virtuelle en janvier 2023. Cependant, il n\u2019a pas pu parler de la situation de son \u00c9glise en raison d&rsquo;une panne d&rsquo;internet dans tout le pays. [&hellip;]<\/p>\n","protected":false},"author":1,"featured_media":96326,"comment_status":"closed","ping_status":"closed","sticky":false,"template":"","format":"standard","meta":{"_acf_changed":false,"footnotes":""},"categories":[7],"tags":[],"network":[1262],"eventcategory":[],"class_list":["post-10487","post","type-post","status-publish","format-standard","has-post-thumbnail","hentry","category-non-classifiee","network-deacons-commission-fr"],"acf":[],"yoast_head":"<!-- This site is optimized with the Yoast SEO plugin v27.2 - https:\/\/yoast.com\/product\/yoast-seo-wordpress\/ -->\n<title>Le pouvoir illimit\u00e9 de la pri\u00e8re - Mennonite World Conference<\/title>\n<meta name=\"robots\" content=\"index, follow, max-snippet:-1, max-image-preview:large, max-video-preview:-1\" \/>\n<link rel=\"canonical\" href=\"https:\/\/mwc-cmm.org\/fr\/stories\/le-pouvoir-illimite-de-la-priere\/\" \/>\n<meta property=\"og:locale\" content=\"fr_FR\" \/>\n<meta property=\"og:type\" content=\"article\" \/>\n<meta property=\"og:title\" content=\"Le pouvoir illimit\u00e9 de la pri\u00e8re - Mennonite World Conference\" \/>\n<meta property=\"og:description\" content=\"\u00ab&nbsp;Je crois au pouvoir illimit\u00e9 de la pri\u00e8re&nbsp;\u00bb, \u00e9crit le responsable d&rsquo;une \u00c9glise membre de la Conf\u00e9rence mennonite mondiale au Myanmar. Il devait \u00eatre l&rsquo;invit\u00e9 sp\u00e9cial de l&rsquo;Heure de pri\u00e8re virtuelle en janvier 2023. Cependant, il n\u2019a pas pu parler de la situation de son \u00c9glise en raison d&rsquo;une panne d&rsquo;internet dans tout le pays. [&hellip;]\" \/>\n<meta property=\"og:url\" content=\"https:\/\/mwc-cmm.org\/fr\/stories\/le-pouvoir-illimite-de-la-priere\/\" \/>\n<meta property=\"og:site_name\" content=\"Mennonite World Conference\" \/>\n<meta property=\"article:publisher\" content=\"https:\/\/www.facebook.com\/MennoniteWorldConference\" \/>\n<meta property=\"article:published_time\" content=\"2023-01-27T00:00:00+00:00\" \/>\n<meta property=\"article:modified_time\" content=\"2024-12-10T17:19:56+00:00\" \/>\n<meta property=\"og:image\" content=\"https:\/\/mwc-cmm.org\/wp-content\/uploads\/2024\/11\/oph_story.png\" \/>\n\t<meta property=\"og:image:width\" content=\"940\" \/>\n\t<meta property=\"og:image:height\" content=\"788\" \/>\n\t<meta property=\"og:image:type\" content=\"image\/png\" \/>\n<meta name=\"author\" content=\"mennworldcon\" \/>\n<script type=\"application\/ld+json\" class=\"yoast-schema-graph\">{\"@context\":\"https:\/\/schema.org\",\"@graph\":[{\"@type\":\"Article\",\"@id\":\"https:\/\/mwc-cmm.org\/fr\/stories\/le-pouvoir-illimite-de-la-priere\/#article\",\"isPartOf\":{\"@id\":\"https:\/\/mwc-cmm.org\/fr\/stories\/le-pouvoir-illimite-de-la-priere\/\"},\"author\":{\"name\":\"mennworldcon\",\"@id\":\"https:\/\/mwc-cmm.org\/en\/#\/schema\/person\/11f6ae0d7d1868ba20a1cc27f067c836\"},\"headline\":\"Le pouvoir illimit\u00e9 de la pri\u00e8re\",\"datePublished\":\"2023-01-27T00:00:00+00:00\",\"dateModified\":\"2024-12-10T17:19:56+00:00\",\"mainEntityOfPage\":{\"@id\":\"https:\/\/mwc-cmm.org\/fr\/stories\/le-pouvoir-illimite-de-la-priere\/\"},\"wordCount\":535,\"publisher\":{\"@id\":\"https:\/\/mwc-cmm.org\/en\/#organization\"},\"image\":{\"@id\":\"https:\/\/mwc-cmm.org\/fr\/stories\/le-pouvoir-illimite-de-la-priere\/#primaryimage\"},\"thumbnailUrl\":\"https:\/\/mwc-cmm.org\/wp-content\/uploads\/2024\/11\/oph_story.png\",\"articleSection\":[\"Non classifi\u00e9(e)\"],\"inLanguage\":\"fr-FR\"},{\"@type\":\"WebPage\",\"@id\":\"https:\/\/mwc-cmm.org\/fr\/stories\/le-pouvoir-illimite-de-la-priere\/\",\"url\":\"https:\/\/mwc-cmm.org\/fr\/stories\/le-pouvoir-illimite-de-la-priere\/\",\"name\":\"Le pouvoir illimit\u00e9 de la pri\u00e8re - Mennonite World Conference\",\"isPartOf\":{\"@id\":\"https:\/\/mwc-cmm.org\/en\/#website\"},\"primaryImageOfPage\":{\"@id\":\"https:\/\/mwc-cmm.org\/fr\/stories\/le-pouvoir-illimite-de-la-priere\/#primaryimage\"},\"image\":{\"@id\":\"https:\/\/mwc-cmm.org\/fr\/stories\/le-pouvoir-illimite-de-la-priere\/#primaryimage\"},\"thumbnailUrl\":\"https:\/\/mwc-cmm.org\/wp-content\/uploads\/2024\/11\/oph_story.png\",\"datePublished\":\"2023-01-27T00:00:00+00:00\",\"dateModified\":\"2024-12-10T17:19:56+00:00\",\"breadcrumb\":{\"@id\":\"https:\/\/mwc-cmm.org\/fr\/stories\/le-pouvoir-illimite-de-la-priere\/#breadcrumb\"},\"inLanguage\":\"fr-FR\",\"potentialAction\":[{\"@type\":\"ReadAction\",\"target\":[\"https:\/\/mwc-cmm.org\/fr\/stories\/le-pouvoir-illimite-de-la-priere\/\"]}]},{\"@type\":\"ImageObject\",\"inLanguage\":\"fr-FR\",\"@id\":\"https:\/\/mwc-cmm.org\/fr\/stories\/le-pouvoir-illimite-de-la-priere\/#primaryimage\",\"url\":\"https:\/\/mwc-cmm.org\/wp-content\/uploads\/2024\/11\/oph_story.png\",\"contentUrl\":\"https:\/\/mwc-cmm.org\/wp-content\/uploads\/2024\/11\/oph_story.png\",\"width\":940,\"height\":788},{\"@type\":\"BreadcrumbList\",\"@id\":\"https:\/\/mwc-cmm.org\/fr\/stories\/le-pouvoir-illimite-de-la-priere\/#breadcrumb\",\"itemListElement\":[{\"@type\":\"ListItem\",\"position\":1,\"name\":\"Home\",\"item\":\"https:\/\/mwc-cmm.org\/fr\/\"},{\"@type\":\"ListItem\",\"position\":2,\"name\":\"Le pouvoir illimit\u00e9 de la pri\u00e8re\"}]},{\"@type\":\"WebSite\",\"@id\":\"https:\/\/mwc-cmm.org\/en\/#website\",\"url\":\"https:\/\/mwc-cmm.org\/en\/\",\"name\":\"Mennonite World Conference\",\"description\":\"A communion of Anabaptist-related churches\",\"publisher\":{\"@id\":\"https:\/\/mwc-cmm.org\/en\/#organization\"},\"alternateName\":\"MWC\",\"potentialAction\":[{\"@type\":\"SearchAction\",\"target\":{\"@type\":\"EntryPoint\",\"urlTemplate\":\"https:\/\/mwc-cmm.org\/en\/?s={search_term_string}\"},\"query-input\":{\"@type\":\"PropertyValueSpecification\",\"valueRequired\":true,\"valueName\":\"search_term_string\"}}],\"inLanguage\":\"fr-FR\"},{\"@type\":\"Organization\",\"@id\":\"https:\/\/mwc-cmm.org\/en\/#organization\",\"name\":\"Mennonite World Conference\",\"alternateName\":\"MWC\",\"url\":\"https:\/\/mwc-cmm.org\/en\/\",\"logo\":{\"@type\":\"ImageObject\",\"inLanguage\":\"fr-FR\",\"@id\":\"https:\/\/mwc-cmm.org\/en\/#\/schema\/logo\/image\/\",\"url\":\"https:\/\/mwc-cmm.org\/wp-content\/uploads\/2026\/01\/MWC_Sig_Blue_Horiz_webheader1-logo.svg\",\"contentUrl\":\"https:\/\/mwc-cmm.org\/wp-content\/uploads\/2026\/01\/MWC_Sig_Blue_Horiz_webheader1-logo.svg\",\"width\":786,\"height\":82,\"caption\":\"Mennonite World Conference\"},\"image\":{\"@id\":\"https:\/\/mwc-cmm.org\/en\/#\/schema\/logo\/image\/\"},\"sameAs\":[\"https:\/\/www.facebook.com\/MennoniteWorldConference\",\"https:\/\/www.linkedin.com\/company\/mennonite-world-conference-mwc\/\",\"https:\/\/www.instagram.com\/mwcmm\/\",\"https:\/\/www.youtube.com\/user\/mwccmm\",\"https:\/\/bsky.app\/profile\/mwcmm.bsky.social\"]},{\"@type\":\"Person\",\"@id\":\"https:\/\/mwc-cmm.org\/en\/#\/schema\/person\/11f6ae0d7d1868ba20a1cc27f067c836\",\"name\":\"mennworldcon\",\"image\":{\"@type\":\"ImageObject\",\"inLanguage\":\"fr-FR\",\"@id\":\"https:\/\/secure.gravatar.com\/avatar\/06fdc0dc81c157dfdb82ec42f252178a22307808988d22c043f9eb96f1e0fe80?s=96&d=mm&r=g\",\"url\":\"https:\/\/secure.gravatar.com\/avatar\/06fdc0dc81c157dfdb82ec42f252178a22307808988d22c043f9eb96f1e0fe80?s=96&d=mm&r=g\",\"contentUrl\":\"https:\/\/secure.gravatar.com\/avatar\/06fdc0dc81c157dfdb82ec42f252178a22307808988d22c043f9eb96f1e0fe80?s=96&d=mm&r=g\",\"caption\":\"mennworldcon\"},\"sameAs\":[\"https:\/\/mwc-cmm.org\"],\"url\":\"https:\/\/mwc-cmm.org\/fr\/stories\/author\/mennworldcon\/\"}]}<\/script>\n<!-- \/ Yoast SEO plugin. -->","yoast_head_json":{"title":"Le pouvoir illimit\u00e9 de la pri\u00e8re - Mennonite World Conference","robots":{"index":"index","follow":"follow","max-snippet":"max-snippet:-1","max-image-preview":"max-image-preview:large","max-video-preview":"max-video-preview:-1"},"canonical":"https:\/\/mwc-cmm.org\/fr\/stories\/le-pouvoir-illimite-de-la-priere\/","og_locale":"fr_FR","og_type":"article","og_title":"Le pouvoir illimit\u00e9 de la pri\u00e8re - Mennonite World Conference","og_description":"\u00ab&nbsp;Je crois au pouvoir illimit\u00e9 de la pri\u00e8re&nbsp;\u00bb, \u00e9crit le responsable d&rsquo;une \u00c9glise membre de la Conf\u00e9rence mennonite mondiale au Myanmar. Il devait \u00eatre l&rsquo;invit\u00e9 sp\u00e9cial de l&rsquo;Heure de pri\u00e8re virtuelle en janvier 2023. Cependant, il n\u2019a pas pu parler de la situation de son \u00c9glise en raison d&rsquo;une panne d&rsquo;internet dans tout le pays. [&hellip;]","og_url":"https:\/\/mwc-cmm.org\/fr\/stories\/le-pouvoir-illimite-de-la-priere\/","og_site_name":"Mennonite World Conference","article_publisher":"https:\/\/www.facebook.com\/MennoniteWorldConference","article_published_time":"2023-01-27T00:00:00+00:00","article_modified_time":"2024-12-10T17:19:56+00:00","og_image":[{"width":940,"height":788,"url":"https:\/\/mwc-cmm.org\/wp-content\/uploads\/2024\/11\/oph_story.png","type":"image\/png"}],"author":"mennworldcon","schema":{"@context":"https:\/\/schema.org","@graph":[{"@type":"Article","@id":"https:\/\/mwc-cmm.org\/fr\/stories\/le-pouvoir-illimite-de-la-priere\/#article","isPartOf":{"@id":"https:\/\/mwc-cmm.org\/fr\/stories\/le-pouvoir-illimite-de-la-priere\/"},"author":{"name":"mennworldcon","@id":"https:\/\/mwc-cmm.org\/en\/#\/schema\/person\/11f6ae0d7d1868ba20a1cc27f067c836"},"headline":"Le pouvoir illimit\u00e9 de la pri\u00e8re","datePublished":"2023-01-27T00:00:00+00:00","dateModified":"2024-12-10T17:19:56+00:00","mainEntityOfPage":{"@id":"https:\/\/mwc-cmm.org\/fr\/stories\/le-pouvoir-illimite-de-la-priere\/"},"wordCount":535,"publisher":{"@id":"https:\/\/mwc-cmm.org\/en\/#organization"},"image":{"@id":"https:\/\/mwc-cmm.org\/fr\/stories\/le-pouvoir-illimite-de-la-priere\/#primaryimage"},"thumbnailUrl":"https:\/\/mwc-cmm.org\/wp-content\/uploads\/2024\/11\/oph_story.png","articleSection":["Non classifi\u00e9(e)"],"inLanguage":"fr-FR"},{"@type":"WebPage","@id":"https:\/\/mwc-cmm.org\/fr\/stories\/le-pouvoir-illimite-de-la-priere\/","url":"https:\/\/mwc-cmm.org\/fr\/stories\/le-pouvoir-illimite-de-la-priere\/","name":"Le pouvoir illimit\u00e9 de la pri\u00e8re - Mennonite World Conference","isPartOf":{"@id":"https:\/\/mwc-cmm.org\/en\/#website"},"primaryImageOfPage":{"@id":"https:\/\/mwc-cmm.org\/fr\/stories\/le-pouvoir-illimite-de-la-priere\/#primaryimage"},"image":{"@id":"https:\/\/mwc-cmm.org\/fr\/stories\/le-pouvoir-illimite-de-la-priere\/#primaryimage"},"thumbnailUrl":"https:\/\/mwc-cmm.org\/wp-content\/uploads\/2024\/11\/oph_story.png","datePublished":"2023-01-27T00:00:00+00:00","dateModified":"2024-12-10T17:19:56+00:00","breadcrumb":{"@id":"https:\/\/mwc-cmm.org\/fr\/stories\/le-pouvoir-illimite-de-la-priere\/#breadcrumb"},"inLanguage":"fr-FR","potentialAction":[{"@type":"ReadAction","target":["https:\/\/mwc-cmm.org\/fr\/stories\/le-pouvoir-illimite-de-la-priere\/"]}]},{"@type":"ImageObject","inLanguage":"fr-FR","@id":"https:\/\/mwc-cmm.org\/fr\/stories\/le-pouvoir-illimite-de-la-priere\/#primaryimage","url":"https:\/\/mwc-cmm.org\/wp-content\/uploads\/2024\/11\/oph_story.png","contentUrl":"https:\/\/mwc-cmm.org\/wp-content\/uploads\/2024\/11\/oph_story.png","width":940,"height":788},{"@type":"BreadcrumbList","@id":"https:\/\/mwc-cmm.org\/fr\/stories\/le-pouvoir-illimite-de-la-priere\/#breadcrumb","itemListElement":[{"@type":"ListItem","position":1,"name":"Home","item":"https:\/\/mwc-cmm.org\/fr\/"},{"@type":"ListItem","position":2,"name":"Le pouvoir illimit\u00e9 de la pri\u00e8re"}]},{"@type":"WebSite","@id":"https:\/\/mwc-cmm.org\/en\/#website","url":"https:\/\/mwc-cmm.org\/en\/","name":"Mennonite World Conference","description":"A communion of Anabaptist-related churches","publisher":{"@id":"https:\/\/mwc-cmm.org\/en\/#organization"},"alternateName":"MWC","potentialAction":[{"@type":"SearchAction","target":{"@type":"EntryPoint","urlTemplate":"https:\/\/mwc-cmm.org\/en\/?s={search_term_string}"},"query-input":{"@type":"PropertyValueSpecification","valueRequired":true,"valueName":"search_term_string"}}],"inLanguage":"fr-FR"},{"@type":"Organization","@id":"https:\/\/mwc-cmm.org\/en\/#organization","name":"Mennonite World Conference","alternateName":"MWC","url":"https:\/\/mwc-cmm.org\/en\/","logo":{"@type":"ImageObject","inLanguage":"fr-FR","@id":"https:\/\/mwc-cmm.org\/en\/#\/schema\/logo\/image\/","url":"https:\/\/mwc-cmm.org\/wp-content\/uploads\/2026\/01\/MWC_Sig_Blue_Horiz_webheader1-logo.svg","contentUrl":"https:\/\/mwc-cmm.org\/wp-content\/uploads\/2026\/01\/MWC_Sig_Blue_Horiz_webheader1-logo.svg","width":786,"height":82,"caption":"Mennonite World Conference"},"image":{"@id":"https:\/\/mwc-cmm.org\/en\/#\/schema\/logo\/image\/"},"sameAs":["https:\/\/www.facebook.com\/MennoniteWorldConference","https:\/\/www.linkedin.com\/company\/mennonite-world-conference-mwc\/","https:\/\/www.instagram.com\/mwcmm\/","https:\/\/www.youtube.com\/user\/mwccmm","https:\/\/bsky.app\/profile\/mwcmm.bsky.social"]},{"@type":"Person","@id":"https:\/\/mwc-cmm.org\/en\/#\/schema\/person\/11f6ae0d7d1868ba20a1cc27f067c836","name":"mennworldcon","image":{"@type":"ImageObject","inLanguage":"fr-FR","@id":"https:\/\/secure.gravatar.com\/avatar\/06fdc0dc81c157dfdb82ec42f252178a22307808988d22c043f9eb96f1e0fe80?s=96&d=mm&r=g","url":"https:\/\/secure.gravatar.com\/avatar\/06fdc0dc81c157dfdb82ec42f252178a22307808988d22c043f9eb96f1e0fe80?s=96&d=mm&r=g","contentUrl":"https:\/\/secure.gravatar.com\/avatar\/06fdc0dc81c157dfdb82ec42f252178a22307808988d22c043f9eb96f1e0fe80?s=96&d=mm&r=g","caption":"mennworldcon"},"sameAs":["https:\/\/mwc-cmm.org"],"url":"https:\/\/mwc-cmm.org\/fr\/stories\/author\/mennworldcon\/"}]}},"_links":{"self":[{"href":"https:\/\/mwc-cmm.org\/fr\/wp-json\/wp\/v2\/posts\/10487","targetHints":{"allow":["GET"]}}],"collection":[{"href":"https:\/\/mwc-cmm.org\/fr\/wp-json\/wp\/v2\/posts"}],"about":[{"href":"https:\/\/mwc-cmm.org\/fr\/wp-json\/wp\/v2\/types\/post"}],"author":[{"embeddable":true,"href":"https:\/\/mwc-cmm.org\/fr\/wp-json\/wp\/v2\/users\/1"}],"replies":[{"embeddable":true,"href":"https:\/\/mwc-cmm.org\/fr\/wp-json\/wp\/v2\/comments?post=10487"}],"version-history":[{"count":0,"href":"https:\/\/mwc-cmm.org\/fr\/wp-json\/wp\/v2\/posts\/10487\/revisions"}],"wp:featuredmedia":[{"embeddable":true,"href":"https:\/\/mwc-cmm.org\/fr\/wp-json\/wp\/v2\/media\/96326"}],"wp:attachment":[{"href":"https:\/\/mwc-cmm.org\/fr\/wp-json\/wp\/v2\/media?parent=10487"}],"wp:term":[{"taxonomy":"category","embeddable":true,"href":"https:\/\/mwc-cmm.org\/fr\/wp-json\/wp\/v2\/categories?post=10487"},{"taxonomy":"post_tag","embeddable":true,"href":"https:\/\/mwc-cmm.org\/fr\/wp-json\/wp\/v2\/tags?post=10487"},{"taxonomy":"network","embeddable":true,"href":"https:\/\/mwc-cmm.org\/fr\/wp-json\/wp\/v2\/network?post=10487"},{"taxonomy":"eventcategory","embeddable":true,"href":"https:\/\/mwc-cmm.org\/fr\/wp-json\/wp\/v2\/eventcategory?post=10487"}],"curies":[{"name":"wp","href":"https:\/\/api.w.org\/{rel}","templated":true}]}}