{"id":10482,"date":"2023-01-16T00:00:00","date_gmt":"2023-01-16T00:00:00","guid":{"rendered":"https:\/\/mwc-cmm.org\/ministry-partner-update-icomb-january-2023-3\/"},"modified":"2024-12-10T17:19:52","modified_gmt":"2024-12-10T17:19:52","slug":"mise-jour-du-ministere-partenaire-icomb-janvier-2023","status":"publish","type":"post","link":"https:\/\/mwc-cmm.org\/fr\/stories\/mise-jour-du-ministere-partenaire-icomb-janvier-2023\/","title":{"rendered":"Mise \u00e0 jour du minist\u00e8re partenaire\u202f: ICOMB \u2013 janvier 2023"},"content":{"rendered":"<h3>Pr\u00e9sentation de la famille mondiale&nbsp;:&nbsp;<\/h3>\n<h2>Conseil des Congr\u00e9gations des Fr\u00e8res mennonites en Uruguay&nbsp;&nbsp;<\/h2>\n<p><em>Conf\u00e9rence d\u2019ICOMB et \u00e9glise membre de la CMM&nbsp;<\/em><\/p>\n<p>Au cours de l\u2019ann\u00e9e 2022, nous avons soutenu les activit\u00e9s des \u00e9glises \u00e0 l\u2019occasion de leurs anniversaires, re\u00e7u de nouveaux membres et proc\u00e9d\u00e9 \u00e0 des bapt\u00eames ; pour cela, nous rendons gloire \u00e0 Dieu.&nbsp;&nbsp;<\/p>\n<p>Dans tous ces cas, nous cherchons \u00e0 encourager l\u2019unit\u00e9 entre les membres et \u00e0 soutenir les responsables.&nbsp;&nbsp;<\/p>\n<p>Nous terminons l\u2019ann\u00e9e avec gratitude envers Dieu en pr\u00e9parant les activit\u00e9s des camps pour enfants, jeunes et dames qui auront lieu en janvier-f\u00e9vrier 2023 \u00e0 Villa&nbsp;Maranatha.&nbsp;<\/p>\n<p>Comme d\u00e9fi pour l\u2019ann\u00e9e \u00e0 venir, nous voyons avec joie et espoir l\u2019ach\u00e8vement du groupe \u00ab&nbsp;Projet Timoth\u00e9e&nbsp;\u00bb&nbsp;, qui en est d\u00e9j\u00e0 \u00e0 sa troisi\u00e8me ann\u00e9e de formation des responsables. Le d\u00e9sir d\u2019ouvrir une nouvelle \u0153uvre \u00e0 Villa Maranatha est \u00e9galement un motif de pri\u00e8re, compte tenu de la croissance de la station baln\u00e9aire avec une population stable et du manque d\u2019\u00e9glises dans la r\u00e9gion. Nous vous demandons de vous souvenir de nous dans la pri\u00e8re pour ces objectifs.&nbsp;<\/p>\n<p><em>\u2014Amelia Consentino, Nouvelles d\u2019ICOMB&nbsp;<\/em><\/p>\n<hr>\n<h5><img decoding=\"async\" alt=\"ICOMB\" data-src=\"https:\/\/mwc-cmm.org\/wp-content\/uploads\/2024\/10\/icomb_new_logo.png\" width=\"691\" class=\"smush-dimensions lazyload\" style=\"--smush-image-width: 691px; --smush-image-aspect-ratio: 691\/260;\" src=\"data:image\/svg+xml;base64,PHN2ZyB3aWR0aD0iMSIgaGVpZ2h0PSIxIiB4bWxucz0iaHR0cDovL3d3dy53My5vcmcvMjAwMC9zdmciPjwvc3ZnPg==\"><\/h5>\n<h5>La Communaut\u00e9 internationale des Fr\u00e8res Mennonites (ICOMB) est compos\u00e9e de 22 \u00e9glises nationales dans 19 pays. L\u2019ICOMB compte \u00e9galement des membres associ\u00e9s dans plus de 20 pays, tous \u00e0 des stades diff\u00e9rents sur la voie de l\u2019adh\u00e9sion \u00e0 part enti\u00e8re. L\u2019ICOMB existe pour faciliter les relations et les minist\u00e8res afin d\u2019am\u00e9liorer le t\u00e9moignage et le discipulat de ses \u00e9glises nationales membres &#8211; connecter, renforcer et \u00e9largir la famille mondiale de l\u2019ICOMB.&nbsp;&nbsp;<\/h5>\n","protected":false},"excerpt":{"rendered":"<p>Nous terminons l\u2019ann\u00e9e avec gratitude envers Dieu en pr\u00e9parant les activit\u00e9s des camps pour enfants, jeunes et dames qui auront lieu en janvier-f\u00e9vrier 2023 \u00e0 Villa&nbsp;Maranatha.&nbsp;<\/p>\n","protected":false},"author":1,"featured_media":96242,"comment_status":"closed","ping_status":"closed","sticky":false,"template":"","format":"standard","meta":{"_acf_changed":false,"footnotes":""},"categories":[7],"tags":[],"network":[],"eventcategory":[],"class_list":["post-10482","post","type-post","status-publish","format-standard","has-post-thumbnail","hentry","category-non-classifiee"],"acf":[],"yoast_head":"<!-- This site is optimized with the Yoast SEO plugin v27.5 - https:\/\/yoast.com\/product\/yoast-seo-wordpress\/ -->\n<title>Mise \u00e0 jour du minist\u00e8re partenaire\u202f: ICOMB \u2013 janvier 2023 - Mennonite World Conference<\/title>\n<meta name=\"robots\" content=\"index, follow, max-snippet:-1, max-image-preview:large, max-video-preview:-1\" \/>\n<link rel=\"canonical\" href=\"https:\/\/mwc-cmm.org\/fr\/stories\/mise-jour-du-ministere-partenaire-icomb-janvier-2023\/\" \/>\n<meta property=\"og:locale\" content=\"fr_FR\" \/>\n<meta property=\"og:type\" content=\"article\" \/>\n<meta property=\"og:title\" content=\"Mise \u00e0 jour du minist\u00e8re partenaire\u202f: ICOMB \u2013 janvier 2023 - Mennonite World Conference\" \/>\n<meta property=\"og:description\" content=\"Nous terminons l\u2019ann\u00e9e avec gratitude envers Dieu en pr\u00e9parant les activit\u00e9s des camps pour enfants, jeunes et dames qui auront lieu en janvier-f\u00e9vrier 2023 \u00e0 Villa&nbsp;Maranatha.&nbsp;\" \/>\n<meta property=\"og:url\" content=\"https:\/\/mwc-cmm.org\/fr\/stories\/mise-jour-du-ministere-partenaire-icomb-janvier-2023\/\" \/>\n<meta property=\"og:site_name\" content=\"Mennonite World Conference\" \/>\n<meta property=\"article:publisher\" content=\"https:\/\/www.facebook.com\/MennoniteWorldConference\" \/>\n<meta property=\"article:published_time\" content=\"2023-01-16T00:00:00+00:00\" \/>\n<meta property=\"article:modified_time\" content=\"2024-12-10T17:19:52+00:00\" \/>\n<meta property=\"og:image\" content=\"https:\/\/mwc-cmm.org\/wp-content\/uploads\/2024\/11\/icomb_2023_jan_2-1024x576.png\" \/>\n\t<meta property=\"og:image:width\" content=\"1024\" \/>\n\t<meta property=\"og:image:height\" content=\"576\" \/>\n\t<meta property=\"og:image:type\" content=\"image\/png\" \/>\n<meta name=\"author\" content=\"mennworldcon\" \/>\n<script type=\"application\/ld+json\" class=\"yoast-schema-graph\">{\"@context\":\"https:\\\/\\\/schema.org\",\"@graph\":[{\"@type\":\"Article\",\"@id\":\"https:\\\/\\\/mwc-cmm.org\\\/fr\\\/stories\\\/mise-jour-du-ministere-partenaire-icomb-janvier-2023\\\/#article\",\"isPartOf\":{\"@id\":\"https:\\\/\\\/mwc-cmm.org\\\/fr\\\/stories\\\/mise-jour-du-ministere-partenaire-icomb-janvier-2023\\\/\"},\"author\":{\"name\":\"mennworldcon\",\"@id\":\"https:\\\/\\\/mwc-cmm.org\\\/en\\\/#\\\/schema\\\/person\\\/11f6ae0d7d1868ba20a1cc27f067c836\"},\"headline\":\"Mise \u00e0 jour du minist\u00e8re partenaire\u202f: ICOMB \u2013 janvier 2023\",\"datePublished\":\"2023-01-16T00:00:00+00:00\",\"dateModified\":\"2024-12-10T17:19:52+00:00\",\"mainEntityOfPage\":{\"@id\":\"https:\\\/\\\/mwc-cmm.org\\\/fr\\\/stories\\\/mise-jour-du-ministere-partenaire-icomb-janvier-2023\\\/\"},\"wordCount\":310,\"publisher\":{\"@id\":\"https:\\\/\\\/mwc-cmm.org\\\/en\\\/#organization\"},\"image\":{\"@id\":\"https:\\\/\\\/mwc-cmm.org\\\/fr\\\/stories\\\/mise-jour-du-ministere-partenaire-icomb-janvier-2023\\\/#primaryimage\"},\"thumbnailUrl\":\"https:\\\/\\\/mwc-cmm.org\\\/wp-content\\\/uploads\\\/2024\\\/11\\\/icomb_2023_jan_2.png\",\"articleSection\":[\"Non classifi\u00e9(e)\"],\"inLanguage\":\"fr-FR\"},{\"@type\":\"WebPage\",\"@id\":\"https:\\\/\\\/mwc-cmm.org\\\/fr\\\/stories\\\/mise-jour-du-ministere-partenaire-icomb-janvier-2023\\\/\",\"url\":\"https:\\\/\\\/mwc-cmm.org\\\/fr\\\/stories\\\/mise-jour-du-ministere-partenaire-icomb-janvier-2023\\\/\",\"name\":\"Mise \u00e0 jour du minist\u00e8re partenaire\u202f: ICOMB \u2013 janvier 2023 - Mennonite World Conference\",\"isPartOf\":{\"@id\":\"https:\\\/\\\/mwc-cmm.org\\\/en\\\/#website\"},\"primaryImageOfPage\":{\"@id\":\"https:\\\/\\\/mwc-cmm.org\\\/fr\\\/stories\\\/mise-jour-du-ministere-partenaire-icomb-janvier-2023\\\/#primaryimage\"},\"image\":{\"@id\":\"https:\\\/\\\/mwc-cmm.org\\\/fr\\\/stories\\\/mise-jour-du-ministere-partenaire-icomb-janvier-2023\\\/#primaryimage\"},\"thumbnailUrl\":\"https:\\\/\\\/mwc-cmm.org\\\/wp-content\\\/uploads\\\/2024\\\/11\\\/icomb_2023_jan_2.png\",\"datePublished\":\"2023-01-16T00:00:00+00:00\",\"dateModified\":\"2024-12-10T17:19:52+00:00\",\"breadcrumb\":{\"@id\":\"https:\\\/\\\/mwc-cmm.org\\\/fr\\\/stories\\\/mise-jour-du-ministere-partenaire-icomb-janvier-2023\\\/#breadcrumb\"},\"inLanguage\":\"fr-FR\",\"potentialAction\":[{\"@type\":\"ReadAction\",\"target\":[\"https:\\\/\\\/mwc-cmm.org\\\/fr\\\/stories\\\/mise-jour-du-ministere-partenaire-icomb-janvier-2023\\\/\"]}]},{\"@type\":\"ImageObject\",\"inLanguage\":\"fr-FR\",\"@id\":\"https:\\\/\\\/mwc-cmm.org\\\/fr\\\/stories\\\/mise-jour-du-ministere-partenaire-icomb-janvier-2023\\\/#primaryimage\",\"url\":\"https:\\\/\\\/mwc-cmm.org\\\/wp-content\\\/uploads\\\/2024\\\/11\\\/icomb_2023_jan_2.png\",\"contentUrl\":\"https:\\\/\\\/mwc-cmm.org\\\/wp-content\\\/uploads\\\/2024\\\/11\\\/icomb_2023_jan_2.png\",\"width\":1600,\"height\":900},{\"@type\":\"BreadcrumbList\",\"@id\":\"https:\\\/\\\/mwc-cmm.org\\\/fr\\\/stories\\\/mise-jour-du-ministere-partenaire-icomb-janvier-2023\\\/#breadcrumb\",\"itemListElement\":[{\"@type\":\"ListItem\",\"position\":1,\"name\":\"Home\",\"item\":\"https:\\\/\\\/mwc-cmm.org\\\/fr\\\/\"},{\"@type\":\"ListItem\",\"position\":2,\"name\":\"Mise \u00e0 jour du minist\u00e8re partenaire\u202f: ICOMB \u2013 janvier 2023\"}]},{\"@type\":\"WebSite\",\"@id\":\"https:\\\/\\\/mwc-cmm.org\\\/en\\\/#website\",\"url\":\"https:\\\/\\\/mwc-cmm.org\\\/en\\\/\",\"name\":\"Mennonite World Conference\",\"description\":\"A communion of Anabaptist-related churches\",\"publisher\":{\"@id\":\"https:\\\/\\\/mwc-cmm.org\\\/en\\\/#organization\"},\"alternateName\":\"MWC\",\"potentialAction\":[{\"@type\":\"SearchAction\",\"target\":{\"@type\":\"EntryPoint\",\"urlTemplate\":\"https:\\\/\\\/mwc-cmm.org\\\/en\\\/?s={search_term_string}\"},\"query-input\":{\"@type\":\"PropertyValueSpecification\",\"valueRequired\":true,\"valueName\":\"search_term_string\"}}],\"inLanguage\":\"fr-FR\"},{\"@type\":\"Organization\",\"@id\":\"https:\\\/\\\/mwc-cmm.org\\\/en\\\/#organization\",\"name\":\"Mennonite World Conference\",\"alternateName\":\"MWC\",\"url\":\"https:\\\/\\\/mwc-cmm.org\\\/en\\\/\",\"logo\":{\"@type\":\"ImageObject\",\"inLanguage\":\"fr-FR\",\"@id\":\"https:\\\/\\\/mwc-cmm.org\\\/en\\\/#\\\/schema\\\/logo\\\/image\\\/\",\"url\":\"https:\\\/\\\/mwc-cmm.org\\\/wp-content\\\/uploads\\\/2026\\\/01\\\/MWC_Sig_Blue_Horiz_webheader1-logo.svg\",\"contentUrl\":\"https:\\\/\\\/mwc-cmm.org\\\/wp-content\\\/uploads\\\/2026\\\/01\\\/MWC_Sig_Blue_Horiz_webheader1-logo.svg\",\"width\":786,\"height\":82,\"caption\":\"Mennonite World Conference\"},\"image\":{\"@id\":\"https:\\\/\\\/mwc-cmm.org\\\/en\\\/#\\\/schema\\\/logo\\\/image\\\/\"},\"sameAs\":[\"https:\\\/\\\/www.facebook.com\\\/MennoniteWorldConference\",\"https:\\\/\\\/www.linkedin.com\\\/company\\\/mennonite-world-conference-mwc\\\/\",\"https:\\\/\\\/www.instagram.com\\\/mwcmm\\\/\",\"https:\\\/\\\/www.youtube.com\\\/user\\\/mwccmm\",\"https:\\\/\\\/bsky.app\\\/profile\\\/mwcmm.bsky.social\"]},{\"@type\":\"Person\",\"@id\":\"https:\\\/\\\/mwc-cmm.org\\\/en\\\/#\\\/schema\\\/person\\\/11f6ae0d7d1868ba20a1cc27f067c836\",\"name\":\"mennworldcon\",\"image\":{\"@type\":\"ImageObject\",\"inLanguage\":\"fr-FR\",\"@id\":\"https:\\\/\\\/secure.gravatar.com\\\/avatar\\\/06fdc0dc81c157dfdb82ec42f252178a22307808988d22c043f9eb96f1e0fe80?s=96&d=mm&r=g\",\"url\":\"https:\\\/\\\/secure.gravatar.com\\\/avatar\\\/06fdc0dc81c157dfdb82ec42f252178a22307808988d22c043f9eb96f1e0fe80?s=96&d=mm&r=g\",\"contentUrl\":\"https:\\\/\\\/secure.gravatar.com\\\/avatar\\\/06fdc0dc81c157dfdb82ec42f252178a22307808988d22c043f9eb96f1e0fe80?s=96&d=mm&r=g\",\"caption\":\"mennworldcon\"},\"sameAs\":[\"https:\\\/\\\/mwc-cmm.org\"],\"url\":\"https:\\\/\\\/mwc-cmm.org\\\/fr\\\/stories\\\/author\\\/mennworldcon\\\/\"}]}<\/script>\n<!-- \/ Yoast SEO plugin. -->","yoast_head_json":{"title":"Mise \u00e0 jour du minist\u00e8re partenaire\u202f: ICOMB \u2013 janvier 2023 - Mennonite World Conference","robots":{"index":"index","follow":"follow","max-snippet":"max-snippet:-1","max-image-preview":"max-image-preview:large","max-video-preview":"max-video-preview:-1"},"canonical":"https:\/\/mwc-cmm.org\/fr\/stories\/mise-jour-du-ministere-partenaire-icomb-janvier-2023\/","og_locale":"fr_FR","og_type":"article","og_title":"Mise \u00e0 jour du minist\u00e8re partenaire\u202f: ICOMB \u2013 janvier 2023 - Mennonite World Conference","og_description":"Nous terminons l\u2019ann\u00e9e avec gratitude envers Dieu en pr\u00e9parant les activit\u00e9s des camps pour enfants, jeunes et dames qui auront lieu en janvier-f\u00e9vrier 2023 \u00e0 Villa&nbsp;Maranatha.&nbsp;","og_url":"https:\/\/mwc-cmm.org\/fr\/stories\/mise-jour-du-ministere-partenaire-icomb-janvier-2023\/","og_site_name":"Mennonite World Conference","article_publisher":"https:\/\/www.facebook.com\/MennoniteWorldConference","article_published_time":"2023-01-16T00:00:00+00:00","article_modified_time":"2024-12-10T17:19:52+00:00","og_image":[{"width":1024,"height":576,"url":"https:\/\/mwc-cmm.org\/wp-content\/uploads\/2024\/11\/icomb_2023_jan_2-1024x576.png","type":"image\/png"}],"author":"mennworldcon","schema":{"@context":"https:\/\/schema.org","@graph":[{"@type":"Article","@id":"https:\/\/mwc-cmm.org\/fr\/stories\/mise-jour-du-ministere-partenaire-icomb-janvier-2023\/#article","isPartOf":{"@id":"https:\/\/mwc-cmm.org\/fr\/stories\/mise-jour-du-ministere-partenaire-icomb-janvier-2023\/"},"author":{"name":"mennworldcon","@id":"https:\/\/mwc-cmm.org\/en\/#\/schema\/person\/11f6ae0d7d1868ba20a1cc27f067c836"},"headline":"Mise \u00e0 jour du minist\u00e8re partenaire\u202f: ICOMB \u2013 janvier 2023","datePublished":"2023-01-16T00:00:00+00:00","dateModified":"2024-12-10T17:19:52+00:00","mainEntityOfPage":{"@id":"https:\/\/mwc-cmm.org\/fr\/stories\/mise-jour-du-ministere-partenaire-icomb-janvier-2023\/"},"wordCount":310,"publisher":{"@id":"https:\/\/mwc-cmm.org\/en\/#organization"},"image":{"@id":"https:\/\/mwc-cmm.org\/fr\/stories\/mise-jour-du-ministere-partenaire-icomb-janvier-2023\/#primaryimage"},"thumbnailUrl":"https:\/\/mwc-cmm.org\/wp-content\/uploads\/2024\/11\/icomb_2023_jan_2.png","articleSection":["Non classifi\u00e9(e)"],"inLanguage":"fr-FR"},{"@type":"WebPage","@id":"https:\/\/mwc-cmm.org\/fr\/stories\/mise-jour-du-ministere-partenaire-icomb-janvier-2023\/","url":"https:\/\/mwc-cmm.org\/fr\/stories\/mise-jour-du-ministere-partenaire-icomb-janvier-2023\/","name":"Mise \u00e0 jour du minist\u00e8re partenaire\u202f: ICOMB \u2013 janvier 2023 - Mennonite World Conference","isPartOf":{"@id":"https:\/\/mwc-cmm.org\/en\/#website"},"primaryImageOfPage":{"@id":"https:\/\/mwc-cmm.org\/fr\/stories\/mise-jour-du-ministere-partenaire-icomb-janvier-2023\/#primaryimage"},"image":{"@id":"https:\/\/mwc-cmm.org\/fr\/stories\/mise-jour-du-ministere-partenaire-icomb-janvier-2023\/#primaryimage"},"thumbnailUrl":"https:\/\/mwc-cmm.org\/wp-content\/uploads\/2024\/11\/icomb_2023_jan_2.png","datePublished":"2023-01-16T00:00:00+00:00","dateModified":"2024-12-10T17:19:52+00:00","breadcrumb":{"@id":"https:\/\/mwc-cmm.org\/fr\/stories\/mise-jour-du-ministere-partenaire-icomb-janvier-2023\/#breadcrumb"},"inLanguage":"fr-FR","potentialAction":[{"@type":"ReadAction","target":["https:\/\/mwc-cmm.org\/fr\/stories\/mise-jour-du-ministere-partenaire-icomb-janvier-2023\/"]}]},{"@type":"ImageObject","inLanguage":"fr-FR","@id":"https:\/\/mwc-cmm.org\/fr\/stories\/mise-jour-du-ministere-partenaire-icomb-janvier-2023\/#primaryimage","url":"https:\/\/mwc-cmm.org\/wp-content\/uploads\/2024\/11\/icomb_2023_jan_2.png","contentUrl":"https:\/\/mwc-cmm.org\/wp-content\/uploads\/2024\/11\/icomb_2023_jan_2.png","width":1600,"height":900},{"@type":"BreadcrumbList","@id":"https:\/\/mwc-cmm.org\/fr\/stories\/mise-jour-du-ministere-partenaire-icomb-janvier-2023\/#breadcrumb","itemListElement":[{"@type":"ListItem","position":1,"name":"Home","item":"https:\/\/mwc-cmm.org\/fr\/"},{"@type":"ListItem","position":2,"name":"Mise \u00e0 jour du minist\u00e8re partenaire\u202f: ICOMB \u2013 janvier 2023"}]},{"@type":"WebSite","@id":"https:\/\/mwc-cmm.org\/en\/#website","url":"https:\/\/mwc-cmm.org\/en\/","name":"Mennonite World Conference","description":"A communion of Anabaptist-related churches","publisher":{"@id":"https:\/\/mwc-cmm.org\/en\/#organization"},"alternateName":"MWC","potentialAction":[{"@type":"SearchAction","target":{"@type":"EntryPoint","urlTemplate":"https:\/\/mwc-cmm.org\/en\/?s={search_term_string}"},"query-input":{"@type":"PropertyValueSpecification","valueRequired":true,"valueName":"search_term_string"}}],"inLanguage":"fr-FR"},{"@type":"Organization","@id":"https:\/\/mwc-cmm.org\/en\/#organization","name":"Mennonite World Conference","alternateName":"MWC","url":"https:\/\/mwc-cmm.org\/en\/","logo":{"@type":"ImageObject","inLanguage":"fr-FR","@id":"https:\/\/mwc-cmm.org\/en\/#\/schema\/logo\/image\/","url":"https:\/\/mwc-cmm.org\/wp-content\/uploads\/2026\/01\/MWC_Sig_Blue_Horiz_webheader1-logo.svg","contentUrl":"https:\/\/mwc-cmm.org\/wp-content\/uploads\/2026\/01\/MWC_Sig_Blue_Horiz_webheader1-logo.svg","width":786,"height":82,"caption":"Mennonite World Conference"},"image":{"@id":"https:\/\/mwc-cmm.org\/en\/#\/schema\/logo\/image\/"},"sameAs":["https:\/\/www.facebook.com\/MennoniteWorldConference","https:\/\/www.linkedin.com\/company\/mennonite-world-conference-mwc\/","https:\/\/www.instagram.com\/mwcmm\/","https:\/\/www.youtube.com\/user\/mwccmm","https:\/\/bsky.app\/profile\/mwcmm.bsky.social"]},{"@type":"Person","@id":"https:\/\/mwc-cmm.org\/en\/#\/schema\/person\/11f6ae0d7d1868ba20a1cc27f067c836","name":"mennworldcon","image":{"@type":"ImageObject","inLanguage":"fr-FR","@id":"https:\/\/secure.gravatar.com\/avatar\/06fdc0dc81c157dfdb82ec42f252178a22307808988d22c043f9eb96f1e0fe80?s=96&d=mm&r=g","url":"https:\/\/secure.gravatar.com\/avatar\/06fdc0dc81c157dfdb82ec42f252178a22307808988d22c043f9eb96f1e0fe80?s=96&d=mm&r=g","contentUrl":"https:\/\/secure.gravatar.com\/avatar\/06fdc0dc81c157dfdb82ec42f252178a22307808988d22c043f9eb96f1e0fe80?s=96&d=mm&r=g","caption":"mennworldcon"},"sameAs":["https:\/\/mwc-cmm.org"],"url":"https:\/\/mwc-cmm.org\/fr\/stories\/author\/mennworldcon\/"}]}},"_links":{"self":[{"href":"https:\/\/mwc-cmm.org\/fr\/wp-json\/wp\/v2\/posts\/10482","targetHints":{"allow":["GET"]}}],"collection":[{"href":"https:\/\/mwc-cmm.org\/fr\/wp-json\/wp\/v2\/posts"}],"about":[{"href":"https:\/\/mwc-cmm.org\/fr\/wp-json\/wp\/v2\/types\/post"}],"author":[{"embeddable":true,"href":"https:\/\/mwc-cmm.org\/fr\/wp-json\/wp\/v2\/users\/1"}],"replies":[{"embeddable":true,"href":"https:\/\/mwc-cmm.org\/fr\/wp-json\/wp\/v2\/comments?post=10482"}],"version-history":[{"count":0,"href":"https:\/\/mwc-cmm.org\/fr\/wp-json\/wp\/v2\/posts\/10482\/revisions"}],"wp:featuredmedia":[{"embeddable":true,"href":"https:\/\/mwc-cmm.org\/fr\/wp-json\/wp\/v2\/media\/96242"}],"wp:attachment":[{"href":"https:\/\/mwc-cmm.org\/fr\/wp-json\/wp\/v2\/media?parent=10482"}],"wp:term":[{"taxonomy":"category","embeddable":true,"href":"https:\/\/mwc-cmm.org\/fr\/wp-json\/wp\/v2\/categories?post=10482"},{"taxonomy":"post_tag","embeddable":true,"href":"https:\/\/mwc-cmm.org\/fr\/wp-json\/wp\/v2\/tags?post=10482"},{"taxonomy":"network","embeddable":true,"href":"https:\/\/mwc-cmm.org\/fr\/wp-json\/wp\/v2\/network?post=10482"},{"taxonomy":"eventcategory","embeddable":true,"href":"https:\/\/mwc-cmm.org\/fr\/wp-json\/wp\/v2\/eventcategory?post=10482"}],"curies":[{"name":"wp","href":"https:\/\/api.w.org\/{rel}","templated":true}]}}