{"id":10480,"date":"2023-01-09T00:00:00","date_gmt":"2023-01-09T00:00:00","guid":{"rendered":"https:\/\/mwc-cmm.org\/intergenerational-solidarity-relationships-3\/"},"modified":"2024-12-10T17:19:51","modified_gmt":"2024-12-10T17:19:51","slug":"la-solidarite-intergenerationnelle","status":"publish","type":"post","link":"https:\/\/mwc-cmm.org\/fr\/stories\/la-solidarite-intergenerationnelle\/","title":{"rendered":"La solidarit\u00e9 interg\u00e9n\u00e9rationnelle"},"content":{"rendered":"<h2>Samedi matin<\/h2>\n<p>Quand nous pensons aux g\u00e9n\u00e9rations plus \u00e2g\u00e9es, nous pensons \u00e0 ceux qui nous ont pr\u00e9c\u00e9d\u00e9s, ceux sur lesquels nous comptons. Cependant, quand on pense \u00e0 \u00eatre solidaire de ces g\u00e9n\u00e9rations, il semble y avoir un manque.<\/p>\n<p>Les relations interg\u00e9n\u00e9rationnelles sont de la plus haute importance. Transmettre la sagesse d\u2019une g\u00e9n\u00e9ration \u00e0 l\u2019autre a une grande valeur. Nous pouvons apprendre des erreurs de ceux qui nous ont pr\u00e9c\u00e9d\u00e9s, mais cela ne peut se produire que si nous choisissons de rester en lien. Une relation solide d\u00e9bouche sur le mentorat, les conseils et la direction. Les personnes \u00e2g\u00e9es ont v\u00e9cu des exp\u00e9riences et des circonstances que les jeunes n\u2019ont pas v\u00e9cues. C\u2019est le plus s\u00fbr moyen de partager la sagesse entre tous.<\/p>\n<p>Combler le foss\u00e9 entre g\u00e9n\u00e9rations est aussi un moyen essentiel de pr\u00e9server les valeurs fondamentales de l\u2019\u00c9glise et de passer le relais \u00e0 la g\u00e9n\u00e9ration suivante.<\/p>\n<p>Dans la Bible, la solidarit\u00e9 interg\u00e9n\u00e9rationnelle apporte des b\u00e9n\u00e9dictions ou des mal\u00e9dictions. Dans Deut\u00e9ronome 28, on trouve une liste de b\u00e9n\u00e9dictions et de mal\u00e9dictions.<\/p>\n<blockquote>\n<p>\u00ab Si tu \u00e9coutes vraiment la voix du Seigneur ton Dieu en veillant \u00e0 mettre en pratique tous ses commandements que je te donne aujourd\u2019hui, alors le Seigneur ton Dieu te rendra sup\u00e9rieur \u00e0 toutes les nations du pays ; et voici toutes les b\u00e9n\u00e9dictions qui viendront sur toi et qui t\u2019atteindront, puisque tu auras \u00e9cout\u00e9 la voix du Seigneur ton Dieu : B\u00e9ni seras-tu dans la ville, b\u00e9ni seras-tu dans les champs. B\u00e9nis seront les fruits de ton sein, de ton sol et de tes b\u00eates ainsi que tes vaches pleines et tes brebis m\u00e8res. B\u00e9nis seront ton panier et ta huche. B\u00e9ni seras-tu dans tes all\u00e9es et venues. \u00bb (Deut\u00e9ronome 28\/1-6, TOB) Mais si tu n\u2019\u00e9coutes pas la voix du Seigneur ton Dieu en veillant \u00e0 mettre en pratique tous ses commandements et ses lois que je te donne aujourd\u2019hui, voici les mal\u00e9dictions qui viendront sur toi et qui t\u2019atteindront \u2026 Le Seigneur t\u2019enverra disgr\u00e2ce, panique et menaces dans tout ce que tu entreprendras de faire, jusqu\u2019\u00e0 ce que tu sois extermin\u00e9, et jusqu\u2019\u00e0 ce que tu disparaisses promptement, \u00e0 cause du mal que tu auras fait en m\u2019abandonnant. \u00bb (Deut\u00e9ronome 28\/15, 20) \u00ab Toutes ces mal\u00e9dictions viendront sur toi, te poursuivront et t\u2019atteindront jusqu\u2019\u00e0 ce que tu sois extermin\u00e9, puisque tu n\u2019auras pas \u00e9cout\u00e9 la voix du Seigneur ton Dieu en gardant ses commandements et ses lois, qu\u2019il t\u2019a donn\u00e9s. Cela t\u2019arrivera comme signe et comme prodige, \u00e0 toi et \u00e0 ta descendance pour toujours. Parce que tu n\u2019auras pas servi le Seigneur ton Dieu dans la joie et l\u2019all\u00e9gresse de ton c\u0153ur quand tu avais de tout en abondance, tu serviras les ennemis que le Seigneur t\u2019enverra, dans la faim, la soif, la nudit\u00e9 et la privation de toute chose. Il te mettra un joug de fer sur le cou, jusqu\u2019\u00e0 ce qu\u2019il t\u2019extermine. \u00bb (Deut\u00e9ronome 28\/45-48)<\/p>\n<\/blockquote>\n<p>Dans Deut\u00e9ronome 28, nous voyons que ces b\u00e9n\u00e9dictions et ces mal\u00e9dictions peuvent \u00eatre transmises d\u2019une g\u00e9n\u00e9ration \u00e0 l\u2019autre. Aujourd\u2019hui, par exemple, il y a les vestiges du colonialisme, le racisme, les injustices, les guerres, la violence, les massacres impitoyables de groupes minoritaires ou de personnes innocentes, et la jalousie.<\/p>\n<p>Nous voyons les impacts n\u00e9gatifs que tous ces actes ont eu sur diff\u00e9rentes g\u00e9n\u00e9rations et diff\u00e9rentes races. Tous ces p\u00e9ch\u00e9s entra\u00eenent des mal\u00e9dictions qui peuvent mettre en danger les relations interg\u00e9n\u00e9rationnelles.<\/p>\n<p>Une g\u00e9n\u00e9ration peut demander \u00e0 une autre : \u00ab <em>Pourquoi n\u2019avez-vous pas d\u00e9fendu ce qui est juste ? Quand des hommes ou des femmes noirs ont \u00e9t\u00e9 tu\u00e9s, pourquoi \u00eates-vous rest\u00e9s silencieux ? \u00ca l\u2019\u00e9poque de l\u2019holocauste, pourquoi n\u2019avez-vous pas d\u00e9fendu ce qui est juste ? Quand la guerre a \u00e9clat\u00e9, pourquoi n\u2019avez-vous rien dit ? <\/em>\u00bb<\/p>\n<p>Aujourd\u2019hui, ma question aux g\u00e9n\u00e9rations plus \u00e2g\u00e9es concernant les injustices du&nbsp;pass\u00e9 est toujours : \u00ab Pourquoi n\u2019avezvous pas d\u00e9fendu ce qui est juste ? \u00bb<\/p>\n<p>Comment pouvons-nous \u00eatre s\u00fbrs que Dieu nous b\u00e9nira et b\u00e9nira ceux qui viendront apr\u00e8s nous ? En vivant la vie d\u2019ob\u00e9issance \u00e0 laquelle Dieu nous a appel\u00e9s.<\/p>\n<p>Quelles actions pouvons-nous entreprendre pour cr\u00e9er, entretenir ou r\u00e9parer les relations interg\u00e9n\u00e9rationnelles ?<\/p>\n<p><strong>1. Se repentir<\/strong><\/p>\n<p>Nous pouvons demander \u00e0 Dieu de pardonner \u00e0 nos anc\u00eatres les p\u00e9ch\u00e9s qu\u2019ils ont commis sciemment ou inconsciemment, des p\u00e9ch\u00e9s qui ont attir\u00e9 des mal\u00e9dictions sur leur g\u00e9n\u00e9ration et les g\u00e9n\u00e9rations futures.<\/p>\n<p>Selon 1 Jean 1\/9 \u00ab <em>Si nous confessons nos p\u00e9ch\u00e9s, fid\u00e8le et juste comme il est, il nous pardonnera nos p\u00e9ch\u00e9s et nous purifiera de toute iniquit\u00e9.<\/em> \u00bb Nous devons confesser nos p\u00e9ch\u00e9s et cela signifie confesser aussi les p\u00e9ch\u00e9s des g\u00e9n\u00e9rations qui nous ont pr\u00e9c\u00e9d\u00e9s.<\/p>\n<p>Dieu enverra une b\u00e9n\u00e9diction sur nos vies et sur les g\u00e9n\u00e9rations futures. C\u2019est une chose de demander pardon, mais il faut aussi ne pas continuer dans ces anciennes voies ou \u00e0 vivre dans le p\u00e9ch\u00e9. Si nous avons choisi de suivre la voie du Christ, alors il n\u2019y a pas de place pour la m\u00e9chancet\u00e9, la violence, le racisme ou les injustices.<\/p>\n<p><strong>2. Prier<\/strong><\/p>\n<p>Nous pouvons chercher le visage de Dieu concernant l\u2019avenir de l\u2019\u00c9glise. Nous pouvons prier pour que Dieu comble le foss\u00e9 entre les g\u00e9n\u00e9rations et pour que des relations profondes soient cr\u00e9\u00e9es. Nous pouvons \u00e9galement prier pour que Dieu nous r\u00e9v\u00e8le sa volont\u00e9 et son but divin pour nos vies. La Bible nous encourage \u00e0 \u00ab <em>prier continuellement <\/em>\u00bb (1Thessaloniciens 5\/17).<\/p>\n<p><strong>3. Agir<\/strong><\/p>\n<p>Nous pourrions cr\u00e9er des espaces permettant aux diff\u00e9rentes g\u00e9n\u00e9rations et groupes d\u2019\u00e2ge d\u2019interagir. Nous pourrions trouver des moyens de construire des relations interg\u00e9n\u00e9rationnelles entre nos familles, notre paroisse et nos&nbsp;communaut\u00e9s. Nous pourrions aussi cr\u00e9er des programmes de mentorat entre les jeunes et les personnes \u00e2g\u00e9es. \u00ab <em>En effet, de m\u00eame que, sans souffle, le corps est mort, de m\u00eame aussi, sans \u0153uvres, la foi est morte. <\/em>\u00bb (Jacques 2\/26).<\/p>\n<p>La solidarit\u00e9 interg\u00e9n\u00e9rationnelle peut aussi renforcer notre relation avec Dieu. \u00ab <em>D\u2019une g\u00e9n\u00e9ration \u00e0 l\u2019autre on vantera tes \u0153uvres, on proclamera tes prouesses. J<\/em>e r\u00e9p\u00e9terai le r\u00e9cit de tes miracles, la gloire \u00e9clatante de ta splendeur. On dira la puissance de tes prodiges et je raconterai tes hauts faits. On c\u00e9l\u00e9brera le souvenir de tes immenses bienfaits, on acclamera ta justice. \u00bb (Psaumes 145\/4-7)<\/p>\n<p>La foi peut se transmettre d\u2019une g\u00e9n\u00e9ration \u00e0 l\u2019autre. Lorsque nous r\u00e9fl\u00e9chissons aux merveilleuses interventions de Dieu dans nos vies, nous pouvons remonter jusqu\u2019aux g\u00e9n\u00e9rations qui nous ont pr\u00e9c\u00e9d\u00e9s. Nous ne pouvons avoir une bonne appr\u00e9ciation de l\u2019\u0153uvre de Dieu que lorsqu\u2019il y a de bonnes relations entre les g\u00e9n\u00e9rations. Partager nos exp\u00e9riences les uns avec les autres peut renforcer notre foi en Dieu.<\/p>\n<p><em>\u2014&nbsp;Makadunyiswe Doublejoy Ngulube est la repr\u00e9sentante pour l\u2019Afrique du Comit\u00e9 YABs (2015-2022) et est membre de l\u2019\u00c9glise Fr\u00e8res en Christ du Zimbabwe. Elle vit actuellement au Canada o\u00f9 elle fait des recherches sur les sciences de l\u2019environnement, et la sensibilisation au don de Dieu de mani\u00e8re responsable pour bien g\u00e9rer les ressources de la terre.<\/em><\/p>\n<hr>\n<h6><strong>Cet article est paru pour la premi\u00e8re fois dans le num\u00e9ro<a href=\"https:\/\/mwc-cmm.org\/fr\/resources\/courrier-2022-2-octobre\"><em>&nbsp;d\u2019Octobre 2022&nbsp;de&nbsp;Courier\/Correo\/Courrier.<\/em><\/a><\/strong><\/h6>\n","protected":false},"excerpt":{"rendered":"<p>Samedi matin Quand nous pensons aux g\u00e9n\u00e9rations plus \u00e2g\u00e9es, nous pensons \u00e0 ceux qui nous ont pr\u00e9c\u00e9d\u00e9s, ceux sur lesquels nous comptons. Cependant, quand on pense \u00e0 \u00eatre solidaire de ces g\u00e9n\u00e9rations, il semble y avoir un manque. Les relations interg\u00e9n\u00e9rationnelles sont de la plus haute importance. Transmettre la sagesse d\u2019une g\u00e9n\u00e9ration \u00e0 l\u2019autre a [&hellip;]<\/p>\n","protected":false},"author":1,"featured_media":96228,"comment_status":"closed","ping_status":"closed","sticky":false,"template":"","format":"standard","meta":{"_acf_changed":false,"footnotes":""},"categories":[7],"tags":[],"network":[],"eventcategory":[1494],"class_list":["post-10480","post","type-post","status-publish","format-standard","has-post-thumbnail","hentry","category-non-classifiee","eventcategory-assembly-fr"],"acf":[],"yoast_head":"<!-- This site is optimized with the Yoast SEO plugin v27.2 - https:\/\/yoast.com\/product\/yoast-seo-wordpress\/ -->\n<title>La solidarit\u00e9 interg\u00e9n\u00e9rationnelle - Mennonite World Conference<\/title>\n<meta name=\"robots\" content=\"index, follow, max-snippet:-1, max-image-preview:large, max-video-preview:-1\" \/>\n<link rel=\"canonical\" href=\"https:\/\/mwc-cmm.org\/fr\/stories\/la-solidarite-intergenerationnelle\/\" \/>\n<meta property=\"og:locale\" content=\"fr_FR\" \/>\n<meta property=\"og:type\" content=\"article\" \/>\n<meta property=\"og:title\" content=\"La solidarit\u00e9 interg\u00e9n\u00e9rationnelle - Mennonite World Conference\" \/>\n<meta property=\"og:description\" content=\"Samedi matin Quand nous pensons aux g\u00e9n\u00e9rations plus \u00e2g\u00e9es, nous pensons \u00e0 ceux qui nous ont pr\u00e9c\u00e9d\u00e9s, ceux sur lesquels nous comptons. Cependant, quand on pense \u00e0 \u00eatre solidaire de ces g\u00e9n\u00e9rations, il semble y avoir un manque. Les relations interg\u00e9n\u00e9rationnelles sont de la plus haute importance. Transmettre la sagesse d\u2019une g\u00e9n\u00e9ration \u00e0 l\u2019autre a [&hellip;]\" \/>\n<meta property=\"og:url\" content=\"https:\/\/mwc-cmm.org\/fr\/stories\/la-solidarite-intergenerationnelle\/\" \/>\n<meta property=\"og:site_name\" content=\"Mennonite World Conference\" \/>\n<meta property=\"article:publisher\" content=\"https:\/\/www.facebook.com\/MennoniteWorldConference\" \/>\n<meta property=\"article:published_time\" content=\"2023-01-09T00:00:00+00:00\" \/>\n<meta property=\"article:modified_time\" content=\"2024-12-10T17:19:51+00:00\" \/>\n<meta property=\"og:image\" content=\"https:\/\/mwc-cmm.org\/wp-content\/uploads\/2024\/11\/20220709tizbrotosudarmoimg_5395-scaled.jpg\" \/>\n\t<meta property=\"og:image:width\" content=\"2560\" \/>\n\t<meta property=\"og:image:height\" content=\"1707\" \/>\n\t<meta property=\"og:image:type\" content=\"image\/jpeg\" \/>\n<meta name=\"author\" content=\"mennworldcon\" \/>\n<script type=\"application\/ld+json\" class=\"yoast-schema-graph\">{\"@context\":\"https:\/\/schema.org\",\"@graph\":[{\"@type\":\"Article\",\"@id\":\"https:\/\/mwc-cmm.org\/fr\/stories\/la-solidarite-intergenerationnelle\/#article\",\"isPartOf\":{\"@id\":\"https:\/\/mwc-cmm.org\/fr\/stories\/la-solidarite-intergenerationnelle\/\"},\"author\":{\"name\":\"mennworldcon\",\"@id\":\"https:\/\/mwc-cmm.org\/en\/#\/schema\/person\/11f6ae0d7d1868ba20a1cc27f067c836\"},\"headline\":\"La solidarit\u00e9 interg\u00e9n\u00e9rationnelle\",\"datePublished\":\"2023-01-09T00:00:00+00:00\",\"dateModified\":\"2024-12-10T17:19:51+00:00\",\"mainEntityOfPage\":{\"@id\":\"https:\/\/mwc-cmm.org\/fr\/stories\/la-solidarite-intergenerationnelle\/\"},\"wordCount\":1330,\"publisher\":{\"@id\":\"https:\/\/mwc-cmm.org\/en\/#organization\"},\"image\":{\"@id\":\"https:\/\/mwc-cmm.org\/fr\/stories\/la-solidarite-intergenerationnelle\/#primaryimage\"},\"thumbnailUrl\":\"https:\/\/mwc-cmm.org\/wp-content\/uploads\/2024\/11\/20220709tizbrotosudarmoimg_5395-scaled.jpg\",\"articleSection\":[\"Non classifi\u00e9(e)\"],\"inLanguage\":\"fr-FR\"},{\"@type\":\"WebPage\",\"@id\":\"https:\/\/mwc-cmm.org\/fr\/stories\/la-solidarite-intergenerationnelle\/\",\"url\":\"https:\/\/mwc-cmm.org\/fr\/stories\/la-solidarite-intergenerationnelle\/\",\"name\":\"La solidarit\u00e9 interg\u00e9n\u00e9rationnelle - Mennonite World Conference\",\"isPartOf\":{\"@id\":\"https:\/\/mwc-cmm.org\/en\/#website\"},\"primaryImageOfPage\":{\"@id\":\"https:\/\/mwc-cmm.org\/fr\/stories\/la-solidarite-intergenerationnelle\/#primaryimage\"},\"image\":{\"@id\":\"https:\/\/mwc-cmm.org\/fr\/stories\/la-solidarite-intergenerationnelle\/#primaryimage\"},\"thumbnailUrl\":\"https:\/\/mwc-cmm.org\/wp-content\/uploads\/2024\/11\/20220709tizbrotosudarmoimg_5395-scaled.jpg\",\"datePublished\":\"2023-01-09T00:00:00+00:00\",\"dateModified\":\"2024-12-10T17:19:51+00:00\",\"breadcrumb\":{\"@id\":\"https:\/\/mwc-cmm.org\/fr\/stories\/la-solidarite-intergenerationnelle\/#breadcrumb\"},\"inLanguage\":\"fr-FR\",\"potentialAction\":[{\"@type\":\"ReadAction\",\"target\":[\"https:\/\/mwc-cmm.org\/fr\/stories\/la-solidarite-intergenerationnelle\/\"]}]},{\"@type\":\"ImageObject\",\"inLanguage\":\"fr-FR\",\"@id\":\"https:\/\/mwc-cmm.org\/fr\/stories\/la-solidarite-intergenerationnelle\/#primaryimage\",\"url\":\"https:\/\/mwc-cmm.org\/wp-content\/uploads\/2024\/11\/20220709tizbrotosudarmoimg_5395-scaled.jpg\",\"contentUrl\":\"https:\/\/mwc-cmm.org\/wp-content\/uploads\/2024\/11\/20220709tizbrotosudarmoimg_5395-scaled.jpg\",\"width\":2560,\"height\":1707},{\"@type\":\"BreadcrumbList\",\"@id\":\"https:\/\/mwc-cmm.org\/fr\/stories\/la-solidarite-intergenerationnelle\/#breadcrumb\",\"itemListElement\":[{\"@type\":\"ListItem\",\"position\":1,\"name\":\"Home\",\"item\":\"https:\/\/mwc-cmm.org\/fr\/\"},{\"@type\":\"ListItem\",\"position\":2,\"name\":\"La solidarit\u00e9 interg\u00e9n\u00e9rationnelle\"}]},{\"@type\":\"WebSite\",\"@id\":\"https:\/\/mwc-cmm.org\/en\/#website\",\"url\":\"https:\/\/mwc-cmm.org\/en\/\",\"name\":\"Mennonite World Conference\",\"description\":\"A communion of Anabaptist-related churches\",\"publisher\":{\"@id\":\"https:\/\/mwc-cmm.org\/en\/#organization\"},\"alternateName\":\"MWC\",\"potentialAction\":[{\"@type\":\"SearchAction\",\"target\":{\"@type\":\"EntryPoint\",\"urlTemplate\":\"https:\/\/mwc-cmm.org\/en\/?s={search_term_string}\"},\"query-input\":{\"@type\":\"PropertyValueSpecification\",\"valueRequired\":true,\"valueName\":\"search_term_string\"}}],\"inLanguage\":\"fr-FR\"},{\"@type\":\"Organization\",\"@id\":\"https:\/\/mwc-cmm.org\/en\/#organization\",\"name\":\"Mennonite World Conference\",\"alternateName\":\"MWC\",\"url\":\"https:\/\/mwc-cmm.org\/en\/\",\"logo\":{\"@type\":\"ImageObject\",\"inLanguage\":\"fr-FR\",\"@id\":\"https:\/\/mwc-cmm.org\/en\/#\/schema\/logo\/image\/\",\"url\":\"https:\/\/mwc-cmm.org\/wp-content\/uploads\/2026\/01\/MWC_Sig_Blue_Horiz_webheader1-logo.svg\",\"contentUrl\":\"https:\/\/mwc-cmm.org\/wp-content\/uploads\/2026\/01\/MWC_Sig_Blue_Horiz_webheader1-logo.svg\",\"width\":786,\"height\":82,\"caption\":\"Mennonite World Conference\"},\"image\":{\"@id\":\"https:\/\/mwc-cmm.org\/en\/#\/schema\/logo\/image\/\"},\"sameAs\":[\"https:\/\/www.facebook.com\/MennoniteWorldConference\",\"https:\/\/www.linkedin.com\/company\/mennonite-world-conference-mwc\/\",\"https:\/\/www.instagram.com\/mwcmm\/\",\"https:\/\/www.youtube.com\/user\/mwccmm\",\"https:\/\/bsky.app\/profile\/mwcmm.bsky.social\"]},{\"@type\":\"Person\",\"@id\":\"https:\/\/mwc-cmm.org\/en\/#\/schema\/person\/11f6ae0d7d1868ba20a1cc27f067c836\",\"name\":\"mennworldcon\",\"image\":{\"@type\":\"ImageObject\",\"inLanguage\":\"fr-FR\",\"@id\":\"https:\/\/secure.gravatar.com\/avatar\/06fdc0dc81c157dfdb82ec42f252178a22307808988d22c043f9eb96f1e0fe80?s=96&d=mm&r=g\",\"url\":\"https:\/\/secure.gravatar.com\/avatar\/06fdc0dc81c157dfdb82ec42f252178a22307808988d22c043f9eb96f1e0fe80?s=96&d=mm&r=g\",\"contentUrl\":\"https:\/\/secure.gravatar.com\/avatar\/06fdc0dc81c157dfdb82ec42f252178a22307808988d22c043f9eb96f1e0fe80?s=96&d=mm&r=g\",\"caption\":\"mennworldcon\"},\"sameAs\":[\"https:\/\/mwc-cmm.org\"],\"url\":\"https:\/\/mwc-cmm.org\/fr\/stories\/author\/mennworldcon\/\"}]}<\/script>\n<!-- \/ Yoast SEO plugin. -->","yoast_head_json":{"title":"La solidarit\u00e9 interg\u00e9n\u00e9rationnelle - Mennonite World Conference","robots":{"index":"index","follow":"follow","max-snippet":"max-snippet:-1","max-image-preview":"max-image-preview:large","max-video-preview":"max-video-preview:-1"},"canonical":"https:\/\/mwc-cmm.org\/fr\/stories\/la-solidarite-intergenerationnelle\/","og_locale":"fr_FR","og_type":"article","og_title":"La solidarit\u00e9 interg\u00e9n\u00e9rationnelle - Mennonite World Conference","og_description":"Samedi matin Quand nous pensons aux g\u00e9n\u00e9rations plus \u00e2g\u00e9es, nous pensons \u00e0 ceux qui nous ont pr\u00e9c\u00e9d\u00e9s, ceux sur lesquels nous comptons. Cependant, quand on pense \u00e0 \u00eatre solidaire de ces g\u00e9n\u00e9rations, il semble y avoir un manque. Les relations interg\u00e9n\u00e9rationnelles sont de la plus haute importance. Transmettre la sagesse d\u2019une g\u00e9n\u00e9ration \u00e0 l\u2019autre a [&hellip;]","og_url":"https:\/\/mwc-cmm.org\/fr\/stories\/la-solidarite-intergenerationnelle\/","og_site_name":"Mennonite World Conference","article_publisher":"https:\/\/www.facebook.com\/MennoniteWorldConference","article_published_time":"2023-01-09T00:00:00+00:00","article_modified_time":"2024-12-10T17:19:51+00:00","og_image":[{"width":2560,"height":1707,"url":"https:\/\/mwc-cmm.org\/wp-content\/uploads\/2024\/11\/20220709tizbrotosudarmoimg_5395-scaled.jpg","type":"image\/jpeg"}],"author":"mennworldcon","schema":{"@context":"https:\/\/schema.org","@graph":[{"@type":"Article","@id":"https:\/\/mwc-cmm.org\/fr\/stories\/la-solidarite-intergenerationnelle\/#article","isPartOf":{"@id":"https:\/\/mwc-cmm.org\/fr\/stories\/la-solidarite-intergenerationnelle\/"},"author":{"name":"mennworldcon","@id":"https:\/\/mwc-cmm.org\/en\/#\/schema\/person\/11f6ae0d7d1868ba20a1cc27f067c836"},"headline":"La solidarit\u00e9 interg\u00e9n\u00e9rationnelle","datePublished":"2023-01-09T00:00:00+00:00","dateModified":"2024-12-10T17:19:51+00:00","mainEntityOfPage":{"@id":"https:\/\/mwc-cmm.org\/fr\/stories\/la-solidarite-intergenerationnelle\/"},"wordCount":1330,"publisher":{"@id":"https:\/\/mwc-cmm.org\/en\/#organization"},"image":{"@id":"https:\/\/mwc-cmm.org\/fr\/stories\/la-solidarite-intergenerationnelle\/#primaryimage"},"thumbnailUrl":"https:\/\/mwc-cmm.org\/wp-content\/uploads\/2024\/11\/20220709tizbrotosudarmoimg_5395-scaled.jpg","articleSection":["Non classifi\u00e9(e)"],"inLanguage":"fr-FR"},{"@type":"WebPage","@id":"https:\/\/mwc-cmm.org\/fr\/stories\/la-solidarite-intergenerationnelle\/","url":"https:\/\/mwc-cmm.org\/fr\/stories\/la-solidarite-intergenerationnelle\/","name":"La solidarit\u00e9 interg\u00e9n\u00e9rationnelle - Mennonite World Conference","isPartOf":{"@id":"https:\/\/mwc-cmm.org\/en\/#website"},"primaryImageOfPage":{"@id":"https:\/\/mwc-cmm.org\/fr\/stories\/la-solidarite-intergenerationnelle\/#primaryimage"},"image":{"@id":"https:\/\/mwc-cmm.org\/fr\/stories\/la-solidarite-intergenerationnelle\/#primaryimage"},"thumbnailUrl":"https:\/\/mwc-cmm.org\/wp-content\/uploads\/2024\/11\/20220709tizbrotosudarmoimg_5395-scaled.jpg","datePublished":"2023-01-09T00:00:00+00:00","dateModified":"2024-12-10T17:19:51+00:00","breadcrumb":{"@id":"https:\/\/mwc-cmm.org\/fr\/stories\/la-solidarite-intergenerationnelle\/#breadcrumb"},"inLanguage":"fr-FR","potentialAction":[{"@type":"ReadAction","target":["https:\/\/mwc-cmm.org\/fr\/stories\/la-solidarite-intergenerationnelle\/"]}]},{"@type":"ImageObject","inLanguage":"fr-FR","@id":"https:\/\/mwc-cmm.org\/fr\/stories\/la-solidarite-intergenerationnelle\/#primaryimage","url":"https:\/\/mwc-cmm.org\/wp-content\/uploads\/2024\/11\/20220709tizbrotosudarmoimg_5395-scaled.jpg","contentUrl":"https:\/\/mwc-cmm.org\/wp-content\/uploads\/2024\/11\/20220709tizbrotosudarmoimg_5395-scaled.jpg","width":2560,"height":1707},{"@type":"BreadcrumbList","@id":"https:\/\/mwc-cmm.org\/fr\/stories\/la-solidarite-intergenerationnelle\/#breadcrumb","itemListElement":[{"@type":"ListItem","position":1,"name":"Home","item":"https:\/\/mwc-cmm.org\/fr\/"},{"@type":"ListItem","position":2,"name":"La solidarit\u00e9 interg\u00e9n\u00e9rationnelle"}]},{"@type":"WebSite","@id":"https:\/\/mwc-cmm.org\/en\/#website","url":"https:\/\/mwc-cmm.org\/en\/","name":"Mennonite World Conference","description":"A communion of Anabaptist-related churches","publisher":{"@id":"https:\/\/mwc-cmm.org\/en\/#organization"},"alternateName":"MWC","potentialAction":[{"@type":"SearchAction","target":{"@type":"EntryPoint","urlTemplate":"https:\/\/mwc-cmm.org\/en\/?s={search_term_string}"},"query-input":{"@type":"PropertyValueSpecification","valueRequired":true,"valueName":"search_term_string"}}],"inLanguage":"fr-FR"},{"@type":"Organization","@id":"https:\/\/mwc-cmm.org\/en\/#organization","name":"Mennonite World Conference","alternateName":"MWC","url":"https:\/\/mwc-cmm.org\/en\/","logo":{"@type":"ImageObject","inLanguage":"fr-FR","@id":"https:\/\/mwc-cmm.org\/en\/#\/schema\/logo\/image\/","url":"https:\/\/mwc-cmm.org\/wp-content\/uploads\/2026\/01\/MWC_Sig_Blue_Horiz_webheader1-logo.svg","contentUrl":"https:\/\/mwc-cmm.org\/wp-content\/uploads\/2026\/01\/MWC_Sig_Blue_Horiz_webheader1-logo.svg","width":786,"height":82,"caption":"Mennonite World Conference"},"image":{"@id":"https:\/\/mwc-cmm.org\/en\/#\/schema\/logo\/image\/"},"sameAs":["https:\/\/www.facebook.com\/MennoniteWorldConference","https:\/\/www.linkedin.com\/company\/mennonite-world-conference-mwc\/","https:\/\/www.instagram.com\/mwcmm\/","https:\/\/www.youtube.com\/user\/mwccmm","https:\/\/bsky.app\/profile\/mwcmm.bsky.social"]},{"@type":"Person","@id":"https:\/\/mwc-cmm.org\/en\/#\/schema\/person\/11f6ae0d7d1868ba20a1cc27f067c836","name":"mennworldcon","image":{"@type":"ImageObject","inLanguage":"fr-FR","@id":"https:\/\/secure.gravatar.com\/avatar\/06fdc0dc81c157dfdb82ec42f252178a22307808988d22c043f9eb96f1e0fe80?s=96&d=mm&r=g","url":"https:\/\/secure.gravatar.com\/avatar\/06fdc0dc81c157dfdb82ec42f252178a22307808988d22c043f9eb96f1e0fe80?s=96&d=mm&r=g","contentUrl":"https:\/\/secure.gravatar.com\/avatar\/06fdc0dc81c157dfdb82ec42f252178a22307808988d22c043f9eb96f1e0fe80?s=96&d=mm&r=g","caption":"mennworldcon"},"sameAs":["https:\/\/mwc-cmm.org"],"url":"https:\/\/mwc-cmm.org\/fr\/stories\/author\/mennworldcon\/"}]}},"_links":{"self":[{"href":"https:\/\/mwc-cmm.org\/fr\/wp-json\/wp\/v2\/posts\/10480","targetHints":{"allow":["GET"]}}],"collection":[{"href":"https:\/\/mwc-cmm.org\/fr\/wp-json\/wp\/v2\/posts"}],"about":[{"href":"https:\/\/mwc-cmm.org\/fr\/wp-json\/wp\/v2\/types\/post"}],"author":[{"embeddable":true,"href":"https:\/\/mwc-cmm.org\/fr\/wp-json\/wp\/v2\/users\/1"}],"replies":[{"embeddable":true,"href":"https:\/\/mwc-cmm.org\/fr\/wp-json\/wp\/v2\/comments?post=10480"}],"version-history":[{"count":0,"href":"https:\/\/mwc-cmm.org\/fr\/wp-json\/wp\/v2\/posts\/10480\/revisions"}],"wp:featuredmedia":[{"embeddable":true,"href":"https:\/\/mwc-cmm.org\/fr\/wp-json\/wp\/v2\/media\/96228"}],"wp:attachment":[{"href":"https:\/\/mwc-cmm.org\/fr\/wp-json\/wp\/v2\/media?parent=10480"}],"wp:term":[{"taxonomy":"category","embeddable":true,"href":"https:\/\/mwc-cmm.org\/fr\/wp-json\/wp\/v2\/categories?post=10480"},{"taxonomy":"post_tag","embeddable":true,"href":"https:\/\/mwc-cmm.org\/fr\/wp-json\/wp\/v2\/tags?post=10480"},{"taxonomy":"network","embeddable":true,"href":"https:\/\/mwc-cmm.org\/fr\/wp-json\/wp\/v2\/network?post=10480"},{"taxonomy":"eventcategory","embeddable":true,"href":"https:\/\/mwc-cmm.org\/fr\/wp-json\/wp\/v2\/eventcategory?post=10480"}],"curies":[{"name":"wp","href":"https:\/\/api.w.org\/{rel}","templated":true}]}}