{"id":10476,"date":"2022-12-21T00:00:00","date_gmt":"2022-12-21T00:00:00","guid":{"rendered":"https:\/\/mwc-cmm.org\/jesus-brings-us-together-in-our-differences-3\/"},"modified":"2024-12-10T17:19:49","modified_gmt":"2024-12-10T17:19:49","slug":"jesus-nous-rejoint-dans-nos-differences","status":"publish","type":"post","link":"https:\/\/mwc-cmm.org\/fr\/stories\/jesus-nous-rejoint-dans-nos-differences\/","title":{"rendered":"J\u00e9sus nous rejoint dans nos diff\u00e9rences"},"content":{"rendered":"<p>Comment J\u00e9sus le repr\u00e9senter dans un live painting&nbsp;? Blanc avec une barbe, comme souvent repr\u00e9sent\u00e9 dans les \u00e9glises&nbsp;? Pas vraiment&nbsp;! Nous avions \u00e0 c\u0153ur de peindre un J\u00e9sus color\u00e9, un J\u00e9sus en vert, jaune, bleu, blanc, rouge et orange.&nbsp;<\/p>\n<p>Nous sommes le camp \u00ab&nbsp;Juntos au Portugal.&nbsp;\u00bb Organis\u00e9 par Joie et Vie en partenariat avec Mission mennonite et la Commission de Jeunesse de l\u2019\u00e9glise Mennonite en France, le camp a permis cet \u00e9t\u00e9 \u00e0 13 jeunes et cinq accompagnateurs de partir \u00e0 la rencontre de chr\u00e9tiens portugais.&nbsp;<\/p>\n<p>Au cours du camp, nous avons eu la joie d\u2019animer un culte dans deux \u00e9glises, l\u2019\u00c9glise \u00ab&nbsp;Fr\u00e8res Mennonites&nbsp;\u00bb \u00e0 Loures et la Communaut\u00e9 chr\u00e9tienne d\u2019Algueir\u00e3o, ainsi qu\u2019un temps de louange dans l\u2019Institut Biblique du Portugal o\u00f9 nous logions. Nous avions \u00e0 c\u0153ur de louer Dieu par un live painting repr\u00e9sentant J\u00e9sus.&nbsp;<\/p>\n<p>Notre r\u00e9flexion int\u00e9rieure \u00e9tait la suivante&nbsp;: on ne peut r\u00e9duire J\u00e9sus \u00e0 une couleur, \u00e0 une seule couleur. J\u00e9sus n\u2019est pas monochrome, il est polychrome. Il aime la diversit\u00e9, il a cr\u00e9\u00e9 la diversit\u00e9. Il aime les diff\u00e9rences, il nous a cr\u00e9\u00e9s diff\u00e9rents.&nbsp;<\/p>\n<p>Nous avons pu exp\u00e9rimenter les diff\u00e9rences durant ce camp, dans la joie et comme un challenge.&nbsp;&nbsp;<\/p>\n<p>En notre sein, nous \u00e9tions d\u00e9j\u00e0 diff\u00e9rents.&nbsp;&nbsp;<\/p>\n<ul>\n<li>Certains mennonites, d\u2019autres pas.&nbsp;&nbsp;<\/li>\n<li>Certains aspirant \u00e0 des \u00e9tudes bibliques, d\u2019autres \u00e0 des enseignements plus th\u00e9matiques.&nbsp;&nbsp;<\/li>\n<li>Certains souhaitaient servir les Portugais au maximum, d\u2019autres \u00e9taient heureux de d\u00e9couvrir le Portugal.&nbsp;&nbsp;<\/li>\n<li>Et puis, il y avait la diff\u00e9rence linguistique avec notre cuisini\u00e8re qui parlait uniquement portugais, langue que nous ne ma\u00eetrisons pas.&nbsp;&nbsp;<\/li>\n<li>Des diff\u00e9rences culturelles et d\u2019organisation du programme.&nbsp;&nbsp;<\/li>\n<\/ul>\n<p>Et finalement, J\u00e9sus nous rejoint dans nos diff\u00e9rences, et nous apprend \u00e0 aimer la diff\u00e9rence.&nbsp;&nbsp;<\/p>\n<p>Lors du moment de louange, nous \u00e9tions portugais, fran\u00e7ais, angolais, allemands, espagnols, \u2018Juntos\u2019 (ensemble) pour louer et adorer une seule personne&nbsp;: J\u00e9sus. Non un J\u00e9sus blanc, mais un J\u00e9sus de mille couleurs.&nbsp;&nbsp;<\/p>\n<p>La mission ne commencerait-elle pas par le fait de reconna\u00eetre notre vision souvent r\u00e9ductrice de J\u00e9sus, et humblement lui demander de nous ouvrir \u00e0 d&rsquo;autres mani\u00e8res de le voir et de le servir&nbsp;? Car cela nous permet de rejoindre ses autres envoy\u00e9s dans leur mani\u00e8re de le voir et de le servir.&nbsp;&nbsp;<\/p>\n<p>N\u2019est-ce pas d\u00e9j\u00e0 un t\u00e9moignage que de vivre dans l\u2019unit\u00e9 avec ses fr\u00e8res et s\u0153urs chr\u00e9tiens&nbsp;?&nbsp;&nbsp;<\/p>\n<p>N\u2019est-ce pas une volont\u00e9 de Dieu que de voir ses enfants, unis en famille, r\u00e9unis pour adorer et servir un J\u00e9sus aux mille couleurs&nbsp;?&nbsp;&nbsp;<\/p>\n<p>Et comme le disent beaucoup de participantes \u00e0 ce camp&nbsp;: \u00ab&nbsp;Nous avons per\u00e7u la pr\u00e9sence de Dieu lors de ces moments de louange dans plusieurs langues et nationalit\u00e9s parce que nos diff\u00e9rences s\u2019effacent&nbsp;: nous faisons tous partie de la famille de Dieu&nbsp;! Et c\u2019est clairement un avant-go\u00fbt du ciel.&nbsp;\u00bb&nbsp;&nbsp;<\/p>\n<p><em>\u2014Benoit Nussbaumer est directeur du camp&nbsp;<\/em><\/p>\n<h6>Article publi\u00e9 originellement dans le Christ Seul de novembre 2022, repris avec permission.&nbsp;<\/h6>\n","protected":false},"excerpt":{"rendered":"<p>Comment J\u00e9sus le repr\u00e9senter dans un live painting&nbsp;? Blanc avec une barbe, comme souvent repr\u00e9sent\u00e9 dans les \u00e9glises&nbsp;? Pas vraiment&nbsp;! Nous avions \u00e0 c\u0153ur de peindre un J\u00e9sus color\u00e9, un J\u00e9sus en vert, jaune, bleu, blanc, rouge et orange.&nbsp; Nous sommes le camp \u00ab&nbsp;Juntos au Portugal.&nbsp;\u00bb Organis\u00e9 par Joie et Vie en partenariat avec Mission [&hellip;]<\/p>\n","protected":false},"author":1,"featured_media":96172,"comment_status":"closed","ping_status":"closed","sticky":false,"template":"","format":"standard","meta":{"_acf_changed":false,"footnotes":""},"categories":[7],"tags":[],"network":[1285],"eventcategory":[],"class_list":["post-10476","post","type-post","status-publish","format-standard","has-post-thumbnail","hentry","category-non-classifiee","network-young-anabaptists-fr"],"acf":[],"yoast_head":"<!-- This site is optimized with the Yoast SEO plugin v27.5 - https:\/\/yoast.com\/product\/yoast-seo-wordpress\/ -->\n<title>J\u00e9sus nous rejoint dans nos diff\u00e9rences - Mennonite World Conference<\/title>\n<meta name=\"robots\" content=\"index, follow, max-snippet:-1, max-image-preview:large, max-video-preview:-1\" \/>\n<link rel=\"canonical\" href=\"https:\/\/mwc-cmm.org\/fr\/stories\/jesus-nous-rejoint-dans-nos-differences\/\" \/>\n<meta property=\"og:locale\" content=\"fr_FR\" \/>\n<meta property=\"og:type\" content=\"article\" \/>\n<meta property=\"og:title\" content=\"J\u00e9sus nous rejoint dans nos diff\u00e9rences - Mennonite World Conference\" \/>\n<meta property=\"og:description\" content=\"Comment J\u00e9sus le repr\u00e9senter dans un live painting&nbsp;? Blanc avec une barbe, comme souvent repr\u00e9sent\u00e9 dans les \u00e9glises&nbsp;? Pas vraiment&nbsp;! Nous avions \u00e0 c\u0153ur de peindre un J\u00e9sus color\u00e9, un J\u00e9sus en vert, jaune, bleu, blanc, rouge et orange.&nbsp; Nous sommes le camp \u00ab&nbsp;Juntos au Portugal.&nbsp;\u00bb Organis\u00e9 par Joie et Vie en partenariat avec Mission [&hellip;]\" \/>\n<meta property=\"og:url\" content=\"https:\/\/mwc-cmm.org\/fr\/stories\/jesus-nous-rejoint-dans-nos-differences\/\" \/>\n<meta property=\"og:site_name\" content=\"Mennonite World Conference\" \/>\n<meta property=\"article:publisher\" content=\"https:\/\/www.facebook.com\/MennoniteWorldConference\" \/>\n<meta property=\"article:published_time\" content=\"2022-12-21T00:00:00+00:00\" \/>\n<meta property=\"article:modified_time\" content=\"2024-12-10T17:19:49+00:00\" \/>\n<meta property=\"og:image\" content=\"https:\/\/mwc-cmm.org\/wp-content\/uploads\/2024\/11\/nr-christ-seul-reprint-livepainting.jpg\" \/>\n\t<meta property=\"og:image:width\" content=\"1080\" \/>\n\t<meta property=\"og:image:height\" content=\"1438\" \/>\n\t<meta property=\"og:image:type\" content=\"image\/jpeg\" \/>\n<meta name=\"author\" content=\"mennworldcon\" \/>\n<script type=\"application\/ld+json\" class=\"yoast-schema-graph\">{\"@context\":\"https:\\\/\\\/schema.org\",\"@graph\":[{\"@type\":\"Article\",\"@id\":\"https:\\\/\\\/mwc-cmm.org\\\/fr\\\/stories\\\/jesus-nous-rejoint-dans-nos-differences\\\/#article\",\"isPartOf\":{\"@id\":\"https:\\\/\\\/mwc-cmm.org\\\/fr\\\/stories\\\/jesus-nous-rejoint-dans-nos-differences\\\/\"},\"author\":{\"name\":\"mennworldcon\",\"@id\":\"https:\\\/\\\/mwc-cmm.org\\\/en\\\/#\\\/schema\\\/person\\\/11f6ae0d7d1868ba20a1cc27f067c836\"},\"headline\":\"J\u00e9sus nous rejoint dans nos diff\u00e9rences\",\"datePublished\":\"2022-12-21T00:00:00+00:00\",\"dateModified\":\"2024-12-10T17:19:49+00:00\",\"mainEntityOfPage\":{\"@id\":\"https:\\\/\\\/mwc-cmm.org\\\/fr\\\/stories\\\/jesus-nous-rejoint-dans-nos-differences\\\/\"},\"wordCount\":584,\"publisher\":{\"@id\":\"https:\\\/\\\/mwc-cmm.org\\\/en\\\/#organization\"},\"image\":{\"@id\":\"https:\\\/\\\/mwc-cmm.org\\\/fr\\\/stories\\\/jesus-nous-rejoint-dans-nos-differences\\\/#primaryimage\"},\"thumbnailUrl\":\"https:\\\/\\\/mwc-cmm.org\\\/wp-content\\\/uploads\\\/2024\\\/11\\\/nr-christ-seul-reprint-livepainting.jpg\",\"articleSection\":[\"Non classifi\u00e9(e)\"],\"inLanguage\":\"fr-FR\"},{\"@type\":\"WebPage\",\"@id\":\"https:\\\/\\\/mwc-cmm.org\\\/fr\\\/stories\\\/jesus-nous-rejoint-dans-nos-differences\\\/\",\"url\":\"https:\\\/\\\/mwc-cmm.org\\\/fr\\\/stories\\\/jesus-nous-rejoint-dans-nos-differences\\\/\",\"name\":\"J\u00e9sus nous rejoint dans nos diff\u00e9rences - Mennonite World Conference\",\"isPartOf\":{\"@id\":\"https:\\\/\\\/mwc-cmm.org\\\/en\\\/#website\"},\"primaryImageOfPage\":{\"@id\":\"https:\\\/\\\/mwc-cmm.org\\\/fr\\\/stories\\\/jesus-nous-rejoint-dans-nos-differences\\\/#primaryimage\"},\"image\":{\"@id\":\"https:\\\/\\\/mwc-cmm.org\\\/fr\\\/stories\\\/jesus-nous-rejoint-dans-nos-differences\\\/#primaryimage\"},\"thumbnailUrl\":\"https:\\\/\\\/mwc-cmm.org\\\/wp-content\\\/uploads\\\/2024\\\/11\\\/nr-christ-seul-reprint-livepainting.jpg\",\"datePublished\":\"2022-12-21T00:00:00+00:00\",\"dateModified\":\"2024-12-10T17:19:49+00:00\",\"breadcrumb\":{\"@id\":\"https:\\\/\\\/mwc-cmm.org\\\/fr\\\/stories\\\/jesus-nous-rejoint-dans-nos-differences\\\/#breadcrumb\"},\"inLanguage\":\"fr-FR\",\"potentialAction\":[{\"@type\":\"ReadAction\",\"target\":[\"https:\\\/\\\/mwc-cmm.org\\\/fr\\\/stories\\\/jesus-nous-rejoint-dans-nos-differences\\\/\"]}]},{\"@type\":\"ImageObject\",\"inLanguage\":\"fr-FR\",\"@id\":\"https:\\\/\\\/mwc-cmm.org\\\/fr\\\/stories\\\/jesus-nous-rejoint-dans-nos-differences\\\/#primaryimage\",\"url\":\"https:\\\/\\\/mwc-cmm.org\\\/wp-content\\\/uploads\\\/2024\\\/11\\\/nr-christ-seul-reprint-livepainting.jpg\",\"contentUrl\":\"https:\\\/\\\/mwc-cmm.org\\\/wp-content\\\/uploads\\\/2024\\\/11\\\/nr-christ-seul-reprint-livepainting.jpg\",\"width\":1080,\"height\":1438},{\"@type\":\"BreadcrumbList\",\"@id\":\"https:\\\/\\\/mwc-cmm.org\\\/fr\\\/stories\\\/jesus-nous-rejoint-dans-nos-differences\\\/#breadcrumb\",\"itemListElement\":[{\"@type\":\"ListItem\",\"position\":1,\"name\":\"Home\",\"item\":\"https:\\\/\\\/mwc-cmm.org\\\/fr\\\/\"},{\"@type\":\"ListItem\",\"position\":2,\"name\":\"J\u00e9sus nous rejoint dans nos diff\u00e9rences\"}]},{\"@type\":\"WebSite\",\"@id\":\"https:\\\/\\\/mwc-cmm.org\\\/en\\\/#website\",\"url\":\"https:\\\/\\\/mwc-cmm.org\\\/en\\\/\",\"name\":\"Mennonite World Conference\",\"description\":\"A communion of Anabaptist-related churches\",\"publisher\":{\"@id\":\"https:\\\/\\\/mwc-cmm.org\\\/en\\\/#organization\"},\"alternateName\":\"MWC\",\"potentialAction\":[{\"@type\":\"SearchAction\",\"target\":{\"@type\":\"EntryPoint\",\"urlTemplate\":\"https:\\\/\\\/mwc-cmm.org\\\/en\\\/?s={search_term_string}\"},\"query-input\":{\"@type\":\"PropertyValueSpecification\",\"valueRequired\":true,\"valueName\":\"search_term_string\"}}],\"inLanguage\":\"fr-FR\"},{\"@type\":\"Organization\",\"@id\":\"https:\\\/\\\/mwc-cmm.org\\\/en\\\/#organization\",\"name\":\"Mennonite World Conference\",\"alternateName\":\"MWC\",\"url\":\"https:\\\/\\\/mwc-cmm.org\\\/en\\\/\",\"logo\":{\"@type\":\"ImageObject\",\"inLanguage\":\"fr-FR\",\"@id\":\"https:\\\/\\\/mwc-cmm.org\\\/en\\\/#\\\/schema\\\/logo\\\/image\\\/\",\"url\":\"https:\\\/\\\/mwc-cmm.org\\\/wp-content\\\/uploads\\\/2026\\\/01\\\/MWC_Sig_Blue_Horiz_webheader1-logo.svg\",\"contentUrl\":\"https:\\\/\\\/mwc-cmm.org\\\/wp-content\\\/uploads\\\/2026\\\/01\\\/MWC_Sig_Blue_Horiz_webheader1-logo.svg\",\"width\":786,\"height\":82,\"caption\":\"Mennonite World Conference\"},\"image\":{\"@id\":\"https:\\\/\\\/mwc-cmm.org\\\/en\\\/#\\\/schema\\\/logo\\\/image\\\/\"},\"sameAs\":[\"https:\\\/\\\/www.facebook.com\\\/MennoniteWorldConference\",\"https:\\\/\\\/www.linkedin.com\\\/company\\\/mennonite-world-conference-mwc\\\/\",\"https:\\\/\\\/www.instagram.com\\\/mwcmm\\\/\",\"https:\\\/\\\/www.youtube.com\\\/user\\\/mwccmm\",\"https:\\\/\\\/bsky.app\\\/profile\\\/mwcmm.bsky.social\"]},{\"@type\":\"Person\",\"@id\":\"https:\\\/\\\/mwc-cmm.org\\\/en\\\/#\\\/schema\\\/person\\\/11f6ae0d7d1868ba20a1cc27f067c836\",\"name\":\"mennworldcon\",\"image\":{\"@type\":\"ImageObject\",\"inLanguage\":\"fr-FR\",\"@id\":\"https:\\\/\\\/secure.gravatar.com\\\/avatar\\\/06fdc0dc81c157dfdb82ec42f252178a22307808988d22c043f9eb96f1e0fe80?s=96&d=mm&r=g\",\"url\":\"https:\\\/\\\/secure.gravatar.com\\\/avatar\\\/06fdc0dc81c157dfdb82ec42f252178a22307808988d22c043f9eb96f1e0fe80?s=96&d=mm&r=g\",\"contentUrl\":\"https:\\\/\\\/secure.gravatar.com\\\/avatar\\\/06fdc0dc81c157dfdb82ec42f252178a22307808988d22c043f9eb96f1e0fe80?s=96&d=mm&r=g\",\"caption\":\"mennworldcon\"},\"sameAs\":[\"https:\\\/\\\/mwc-cmm.org\"],\"url\":\"https:\\\/\\\/mwc-cmm.org\\\/fr\\\/stories\\\/author\\\/mennworldcon\\\/\"}]}<\/script>\n<!-- \/ Yoast SEO plugin. -->","yoast_head_json":{"title":"J\u00e9sus nous rejoint dans nos diff\u00e9rences - Mennonite World Conference","robots":{"index":"index","follow":"follow","max-snippet":"max-snippet:-1","max-image-preview":"max-image-preview:large","max-video-preview":"max-video-preview:-1"},"canonical":"https:\/\/mwc-cmm.org\/fr\/stories\/jesus-nous-rejoint-dans-nos-differences\/","og_locale":"fr_FR","og_type":"article","og_title":"J\u00e9sus nous rejoint dans nos diff\u00e9rences - Mennonite World Conference","og_description":"Comment J\u00e9sus le repr\u00e9senter dans un live painting&nbsp;? Blanc avec une barbe, comme souvent repr\u00e9sent\u00e9 dans les \u00e9glises&nbsp;? Pas vraiment&nbsp;! Nous avions \u00e0 c\u0153ur de peindre un J\u00e9sus color\u00e9, un J\u00e9sus en vert, jaune, bleu, blanc, rouge et orange.&nbsp; Nous sommes le camp \u00ab&nbsp;Juntos au Portugal.&nbsp;\u00bb Organis\u00e9 par Joie et Vie en partenariat avec Mission [&hellip;]","og_url":"https:\/\/mwc-cmm.org\/fr\/stories\/jesus-nous-rejoint-dans-nos-differences\/","og_site_name":"Mennonite World Conference","article_publisher":"https:\/\/www.facebook.com\/MennoniteWorldConference","article_published_time":"2022-12-21T00:00:00+00:00","article_modified_time":"2024-12-10T17:19:49+00:00","og_image":[{"width":1080,"height":1438,"url":"https:\/\/mwc-cmm.org\/wp-content\/uploads\/2024\/11\/nr-christ-seul-reprint-livepainting.jpg","type":"image\/jpeg"}],"author":"mennworldcon","schema":{"@context":"https:\/\/schema.org","@graph":[{"@type":"Article","@id":"https:\/\/mwc-cmm.org\/fr\/stories\/jesus-nous-rejoint-dans-nos-differences\/#article","isPartOf":{"@id":"https:\/\/mwc-cmm.org\/fr\/stories\/jesus-nous-rejoint-dans-nos-differences\/"},"author":{"name":"mennworldcon","@id":"https:\/\/mwc-cmm.org\/en\/#\/schema\/person\/11f6ae0d7d1868ba20a1cc27f067c836"},"headline":"J\u00e9sus nous rejoint dans nos diff\u00e9rences","datePublished":"2022-12-21T00:00:00+00:00","dateModified":"2024-12-10T17:19:49+00:00","mainEntityOfPage":{"@id":"https:\/\/mwc-cmm.org\/fr\/stories\/jesus-nous-rejoint-dans-nos-differences\/"},"wordCount":584,"publisher":{"@id":"https:\/\/mwc-cmm.org\/en\/#organization"},"image":{"@id":"https:\/\/mwc-cmm.org\/fr\/stories\/jesus-nous-rejoint-dans-nos-differences\/#primaryimage"},"thumbnailUrl":"https:\/\/mwc-cmm.org\/wp-content\/uploads\/2024\/11\/nr-christ-seul-reprint-livepainting.jpg","articleSection":["Non classifi\u00e9(e)"],"inLanguage":"fr-FR"},{"@type":"WebPage","@id":"https:\/\/mwc-cmm.org\/fr\/stories\/jesus-nous-rejoint-dans-nos-differences\/","url":"https:\/\/mwc-cmm.org\/fr\/stories\/jesus-nous-rejoint-dans-nos-differences\/","name":"J\u00e9sus nous rejoint dans nos diff\u00e9rences - Mennonite World Conference","isPartOf":{"@id":"https:\/\/mwc-cmm.org\/en\/#website"},"primaryImageOfPage":{"@id":"https:\/\/mwc-cmm.org\/fr\/stories\/jesus-nous-rejoint-dans-nos-differences\/#primaryimage"},"image":{"@id":"https:\/\/mwc-cmm.org\/fr\/stories\/jesus-nous-rejoint-dans-nos-differences\/#primaryimage"},"thumbnailUrl":"https:\/\/mwc-cmm.org\/wp-content\/uploads\/2024\/11\/nr-christ-seul-reprint-livepainting.jpg","datePublished":"2022-12-21T00:00:00+00:00","dateModified":"2024-12-10T17:19:49+00:00","breadcrumb":{"@id":"https:\/\/mwc-cmm.org\/fr\/stories\/jesus-nous-rejoint-dans-nos-differences\/#breadcrumb"},"inLanguage":"fr-FR","potentialAction":[{"@type":"ReadAction","target":["https:\/\/mwc-cmm.org\/fr\/stories\/jesus-nous-rejoint-dans-nos-differences\/"]}]},{"@type":"ImageObject","inLanguage":"fr-FR","@id":"https:\/\/mwc-cmm.org\/fr\/stories\/jesus-nous-rejoint-dans-nos-differences\/#primaryimage","url":"https:\/\/mwc-cmm.org\/wp-content\/uploads\/2024\/11\/nr-christ-seul-reprint-livepainting.jpg","contentUrl":"https:\/\/mwc-cmm.org\/wp-content\/uploads\/2024\/11\/nr-christ-seul-reprint-livepainting.jpg","width":1080,"height":1438},{"@type":"BreadcrumbList","@id":"https:\/\/mwc-cmm.org\/fr\/stories\/jesus-nous-rejoint-dans-nos-differences\/#breadcrumb","itemListElement":[{"@type":"ListItem","position":1,"name":"Home","item":"https:\/\/mwc-cmm.org\/fr\/"},{"@type":"ListItem","position":2,"name":"J\u00e9sus nous rejoint dans nos diff\u00e9rences"}]},{"@type":"WebSite","@id":"https:\/\/mwc-cmm.org\/en\/#website","url":"https:\/\/mwc-cmm.org\/en\/","name":"Mennonite World Conference","description":"A communion of Anabaptist-related churches","publisher":{"@id":"https:\/\/mwc-cmm.org\/en\/#organization"},"alternateName":"MWC","potentialAction":[{"@type":"SearchAction","target":{"@type":"EntryPoint","urlTemplate":"https:\/\/mwc-cmm.org\/en\/?s={search_term_string}"},"query-input":{"@type":"PropertyValueSpecification","valueRequired":true,"valueName":"search_term_string"}}],"inLanguage":"fr-FR"},{"@type":"Organization","@id":"https:\/\/mwc-cmm.org\/en\/#organization","name":"Mennonite World Conference","alternateName":"MWC","url":"https:\/\/mwc-cmm.org\/en\/","logo":{"@type":"ImageObject","inLanguage":"fr-FR","@id":"https:\/\/mwc-cmm.org\/en\/#\/schema\/logo\/image\/","url":"https:\/\/mwc-cmm.org\/wp-content\/uploads\/2026\/01\/MWC_Sig_Blue_Horiz_webheader1-logo.svg","contentUrl":"https:\/\/mwc-cmm.org\/wp-content\/uploads\/2026\/01\/MWC_Sig_Blue_Horiz_webheader1-logo.svg","width":786,"height":82,"caption":"Mennonite World Conference"},"image":{"@id":"https:\/\/mwc-cmm.org\/en\/#\/schema\/logo\/image\/"},"sameAs":["https:\/\/www.facebook.com\/MennoniteWorldConference","https:\/\/www.linkedin.com\/company\/mennonite-world-conference-mwc\/","https:\/\/www.instagram.com\/mwcmm\/","https:\/\/www.youtube.com\/user\/mwccmm","https:\/\/bsky.app\/profile\/mwcmm.bsky.social"]},{"@type":"Person","@id":"https:\/\/mwc-cmm.org\/en\/#\/schema\/person\/11f6ae0d7d1868ba20a1cc27f067c836","name":"mennworldcon","image":{"@type":"ImageObject","inLanguage":"fr-FR","@id":"https:\/\/secure.gravatar.com\/avatar\/06fdc0dc81c157dfdb82ec42f252178a22307808988d22c043f9eb96f1e0fe80?s=96&d=mm&r=g","url":"https:\/\/secure.gravatar.com\/avatar\/06fdc0dc81c157dfdb82ec42f252178a22307808988d22c043f9eb96f1e0fe80?s=96&d=mm&r=g","contentUrl":"https:\/\/secure.gravatar.com\/avatar\/06fdc0dc81c157dfdb82ec42f252178a22307808988d22c043f9eb96f1e0fe80?s=96&d=mm&r=g","caption":"mennworldcon"},"sameAs":["https:\/\/mwc-cmm.org"],"url":"https:\/\/mwc-cmm.org\/fr\/stories\/author\/mennworldcon\/"}]}},"_links":{"self":[{"href":"https:\/\/mwc-cmm.org\/fr\/wp-json\/wp\/v2\/posts\/10476","targetHints":{"allow":["GET"]}}],"collection":[{"href":"https:\/\/mwc-cmm.org\/fr\/wp-json\/wp\/v2\/posts"}],"about":[{"href":"https:\/\/mwc-cmm.org\/fr\/wp-json\/wp\/v2\/types\/post"}],"author":[{"embeddable":true,"href":"https:\/\/mwc-cmm.org\/fr\/wp-json\/wp\/v2\/users\/1"}],"replies":[{"embeddable":true,"href":"https:\/\/mwc-cmm.org\/fr\/wp-json\/wp\/v2\/comments?post=10476"}],"version-history":[{"count":0,"href":"https:\/\/mwc-cmm.org\/fr\/wp-json\/wp\/v2\/posts\/10476\/revisions"}],"wp:featuredmedia":[{"embeddable":true,"href":"https:\/\/mwc-cmm.org\/fr\/wp-json\/wp\/v2\/media\/96172"}],"wp:attachment":[{"href":"https:\/\/mwc-cmm.org\/fr\/wp-json\/wp\/v2\/media?parent=10476"}],"wp:term":[{"taxonomy":"category","embeddable":true,"href":"https:\/\/mwc-cmm.org\/fr\/wp-json\/wp\/v2\/categories?post=10476"},{"taxonomy":"post_tag","embeddable":true,"href":"https:\/\/mwc-cmm.org\/fr\/wp-json\/wp\/v2\/tags?post=10476"},{"taxonomy":"network","embeddable":true,"href":"https:\/\/mwc-cmm.org\/fr\/wp-json\/wp\/v2\/network?post=10476"},{"taxonomy":"eventcategory","embeddable":true,"href":"https:\/\/mwc-cmm.org\/fr\/wp-json\/wp\/v2\/eventcategory?post=10476"}],"curies":[{"name":"wp","href":"https:\/\/api.w.org\/{rel}","templated":true}]}}