{"id":10475,"date":"2022-12-20T00:00:00","date_gmt":"2022-12-20T00:00:00","guid":{"rendered":"https:\/\/mwc-cmm.org\/ministry-partner-update-icomb-december-2022-3\/"},"modified":"2024-12-10T17:19:49","modified_gmt":"2024-12-10T17:19:49","slug":"mise-jour-du-ministere-partenaire-icomb-decembre-2022","status":"publish","type":"post","link":"https:\/\/mwc-cmm.org\/fr\/stories\/mise-jour-du-ministere-partenaire-icomb-decembre-2022\/","title":{"rendered":"Mise \u00e0 jour du minist\u00e8re partenaire\u202f: ICOMB \u2013 decembre 2022\u00a0\u00a0"},"content":{"rendered":"<h2>Quand il pleut<\/h2>\n<p>Siriwan Trakunhan est l\u2019un des principaux partenaires nationaux de Multiply en Tha\u00eflande. Au fil des ans, elle a occup\u00e9 de nombreuses fonctions : elle a travaill\u00e9 au bureau de Chiang Mai, enseign\u00e9 la Bible dans un centre de d\u00e9tention pour mineurs avec Carmen Owen et Cynthia Friesen, et fond\u00e9 Freedom Trades, un programme de formation professionnelle pour les femmes sortant de prison. Plus r\u00e9cemment, Siriwan a supervis\u00e9 la formation des disciples \u00e0 Naomi House, une \u00e9glise et un centre de formation professionnelle qui emploie des femmes \u00e0 risque. Le moins que l\u2019on puisse dire, c\u2019est que son minist\u00e8re a \u00e9t\u00e9 fructueux.&nbsp;<\/p>\n<p>Certains de ces fruits ont litt\u00e9ralement \u00e9t\u00e9 des fruits.&nbsp; Dans le cadre de la vision de Siriwan de faire des r\u00e9fugi\u00e9s des disciples, elle et son mari Wichian ont investi dans une ferme de papayes de 1 000 arbres. Ils ont commenc\u00e9 \u00e0 travailler sur cette ferme en janvier 2020, en utilisant leurs propres fonds, et ont rapidement \u00e9t\u00e9 en mesure d\u2019offrir un emploi autonome \u00e0 d\u2019autres personnes, tout en les enseignant sur les chemins de J\u00e9sus. Les papayers, comme tous les arbres fruitiers, ont besoin de suffisamment d\u2019eau pour porter des fruits. Bien qu\u2019un puits ait \u00e9t\u00e9 creus\u00e9 pour alimenter les cultures et les familles vivant sur la ferme, ils comptaient sur des pluies r\u00e9guli\u00e8res pour que les arbres prosp\u00e8rent. Quand il n\u2019y a pas de pluie, planter est risqu\u00e9 ; Siriwan et Wichian n\u2019ont pas peur de prendre des risques.&nbsp;<br \/>\n&nbsp;&nbsp;<br \/>\nIl y a eu une saison o\u00f9 il n\u2019avait pas plu depuis des semaines, et les travailleurs plantaient de petits plants dans le sol le plus sec qu\u2019ils n\u2019avaient jamais vu, en priant pour chacun de ces plants. Il semblait \u00e9vident que les plantes ne survivraient pas, mais Wichian a insist\u00e9 pour qu\u2019ils aillent de l\u2019avant et plantent tous les arbres ce jour-l\u00e0. Quelques heures plus tard, le ciel s\u2019est ouvert et il a commenc\u00e9 \u00e0 pleuvoir.&nbsp;<\/p>\n<p>Aujourd\u2019hui, cette ferme produit tellement de fruits qu\u2019ils sont donn\u00e9s aux membres de la communaut\u00e9 et aux femmes de la prison pour mineurs. Les b\u00e9n\u00e9fices sont m\u00eame utilis\u00e9s pour aider \u00e0 couvrir les frais de scolarit\u00e9 des enfants de la r\u00e9gion. Siriwan et Wichian ont consacr\u00e9 plus de temps \u00e0 cette entreprise. Dans la ferme, ils dorment dans des tentes, et il n\u2019y a pas d\u2019installations sanitaires. Leur r\u00eave est de construire des logements pour eux-m\u00eames et pour ceux qu\u2019ils emploient, de former davantage de disciples et de porter encore plus de fruits.<\/p>\n<p><em>\u2014Nikki White, Nouvelles d\u2019ICOMB <\/em><\/p>\n<hr>\n<h5><img decoding=\"async\" alt=\"ICOMB\" data-src=\"https:\/\/mwc-cmm.org\/wp-content\/uploads\/2024\/10\/icomb_new_logo.png\" width=\"691\" class=\"smush-dimensions lazyload\" style=\"--smush-image-width: 691px; --smush-image-aspect-ratio: 691\/260;\" src=\"data:image\/svg+xml;base64,PHN2ZyB3aWR0aD0iMSIgaGVpZ2h0PSIxIiB4bWxucz0iaHR0cDovL3d3dy53My5vcmcvMjAwMC9zdmciPjwvc3ZnPg==\"><\/h5>\n<h5>La Communaut\u00e9 internationale des Fr\u00e8res Mennonites (ICOMB) est compos\u00e9e de 22 \u00e9glises nationales dans 19 pays. L\u2019ICOMB compte \u00e9galement des membres associ\u00e9s dans plus de 20 pays, tous \u00e0 des stades diff\u00e9rents sur la voie de l\u2019adh\u00e9sion \u00e0 part enti\u00e8re. L\u2019ICOMB existe pour faciliter les relations et les minist\u00e8res afin d\u2019am\u00e9liorer le t\u00e9moignage et le discipulat de ses \u00e9glises nationales membres &#8211; connecter, renforcer et \u00e9largir la famille mondiale de l\u2019ICOMB.<\/h5>\n","protected":false},"excerpt":{"rendered":"<p>Siriwan Trakunhan est l\u2019un des principaux partenaires nationaux de Multiply en Tha\u00eflande. Au fil des ans, elle a occup\u00e9 de nombreuses fonctions :<\/p>\n","protected":false},"author":1,"featured_media":96158,"comment_status":"closed","ping_status":"closed","sticky":false,"template":"","format":"standard","meta":{"_acf_changed":false,"footnotes":""},"categories":[7],"tags":[],"network":[],"eventcategory":[],"class_list":["post-10475","post","type-post","status-publish","format-standard","has-post-thumbnail","hentry","category-non-classifiee"],"acf":[],"yoast_head":"<!-- This site is optimized with the Yoast SEO plugin v27.5 - https:\/\/yoast.com\/product\/yoast-seo-wordpress\/ -->\n<title>Mise \u00e0 jour du minist\u00e8re partenaire\u202f: ICOMB \u2013 decembre 2022\u00a0\u00a0 - Mennonite World Conference<\/title>\n<meta name=\"robots\" content=\"index, follow, max-snippet:-1, max-image-preview:large, max-video-preview:-1\" \/>\n<link rel=\"canonical\" href=\"https:\/\/mwc-cmm.org\/fr\/stories\/mise-jour-du-ministere-partenaire-icomb-decembre-2022\/\" \/>\n<meta property=\"og:locale\" content=\"fr_FR\" \/>\n<meta property=\"og:type\" content=\"article\" \/>\n<meta property=\"og:title\" content=\"Mise \u00e0 jour du minist\u00e8re partenaire\u202f: ICOMB \u2013 decembre 2022\u00a0\u00a0 - Mennonite World Conference\" \/>\n<meta property=\"og:description\" content=\"Siriwan Trakunhan est l\u2019un des principaux partenaires nationaux de Multiply en Tha\u00eflande. Au fil des ans, elle a occup\u00e9 de nombreuses fonctions :\" \/>\n<meta property=\"og:url\" content=\"https:\/\/mwc-cmm.org\/fr\/stories\/mise-jour-du-ministere-partenaire-icomb-decembre-2022\/\" \/>\n<meta property=\"og:site_name\" content=\"Mennonite World Conference\" \/>\n<meta property=\"article:publisher\" content=\"https:\/\/www.facebook.com\/MennoniteWorldConference\" \/>\n<meta property=\"article:published_time\" content=\"2022-12-20T00:00:00+00:00\" \/>\n<meta property=\"article:modified_time\" content=\"2024-12-10T17:19:49+00:00\" \/>\n<meta property=\"og:image\" content=\"https:\/\/mwc-cmm.org\/wp-content\/uploads\/2024\/11\/icomb_dec_22.jpg\" \/>\n\t<meta property=\"og:image:width\" content=\"1000\" \/>\n\t<meta property=\"og:image:height\" content=\"600\" \/>\n\t<meta property=\"og:image:type\" content=\"image\/jpeg\" \/>\n<meta name=\"author\" content=\"mennworldcon\" \/>\n<script type=\"application\/ld+json\" class=\"yoast-schema-graph\">{\"@context\":\"https:\\\/\\\/schema.org\",\"@graph\":[{\"@type\":\"Article\",\"@id\":\"https:\\\/\\\/mwc-cmm.org\\\/fr\\\/stories\\\/mise-jour-du-ministere-partenaire-icomb-decembre-2022\\\/#article\",\"isPartOf\":{\"@id\":\"https:\\\/\\\/mwc-cmm.org\\\/fr\\\/stories\\\/mise-jour-du-ministere-partenaire-icomb-decembre-2022\\\/\"},\"author\":{\"name\":\"mennworldcon\",\"@id\":\"https:\\\/\\\/mwc-cmm.org\\\/en\\\/#\\\/schema\\\/person\\\/11f6ae0d7d1868ba20a1cc27f067c836\"},\"headline\":\"Mise \u00e0 jour du minist\u00e8re partenaire\u202f: ICOMB \u2013 decembre 2022\u00a0\u00a0\",\"datePublished\":\"2022-12-20T00:00:00+00:00\",\"dateModified\":\"2024-12-10T17:19:49+00:00\",\"mainEntityOfPage\":{\"@id\":\"https:\\\/\\\/mwc-cmm.org\\\/fr\\\/stories\\\/mise-jour-du-ministere-partenaire-icomb-decembre-2022\\\/\"},\"wordCount\":542,\"publisher\":{\"@id\":\"https:\\\/\\\/mwc-cmm.org\\\/en\\\/#organization\"},\"image\":{\"@id\":\"https:\\\/\\\/mwc-cmm.org\\\/fr\\\/stories\\\/mise-jour-du-ministere-partenaire-icomb-decembre-2022\\\/#primaryimage\"},\"thumbnailUrl\":\"https:\\\/\\\/mwc-cmm.org\\\/wp-content\\\/uploads\\\/2024\\\/11\\\/icomb_dec_22.jpg\",\"articleSection\":[\"Non classifi\u00e9(e)\"],\"inLanguage\":\"fr-FR\"},{\"@type\":\"WebPage\",\"@id\":\"https:\\\/\\\/mwc-cmm.org\\\/fr\\\/stories\\\/mise-jour-du-ministere-partenaire-icomb-decembre-2022\\\/\",\"url\":\"https:\\\/\\\/mwc-cmm.org\\\/fr\\\/stories\\\/mise-jour-du-ministere-partenaire-icomb-decembre-2022\\\/\",\"name\":\"Mise \u00e0 jour du minist\u00e8re partenaire\u202f: ICOMB \u2013 decembre 2022\u00a0\u00a0 - Mennonite World Conference\",\"isPartOf\":{\"@id\":\"https:\\\/\\\/mwc-cmm.org\\\/en\\\/#website\"},\"primaryImageOfPage\":{\"@id\":\"https:\\\/\\\/mwc-cmm.org\\\/fr\\\/stories\\\/mise-jour-du-ministere-partenaire-icomb-decembre-2022\\\/#primaryimage\"},\"image\":{\"@id\":\"https:\\\/\\\/mwc-cmm.org\\\/fr\\\/stories\\\/mise-jour-du-ministere-partenaire-icomb-decembre-2022\\\/#primaryimage\"},\"thumbnailUrl\":\"https:\\\/\\\/mwc-cmm.org\\\/wp-content\\\/uploads\\\/2024\\\/11\\\/icomb_dec_22.jpg\",\"datePublished\":\"2022-12-20T00:00:00+00:00\",\"dateModified\":\"2024-12-10T17:19:49+00:00\",\"breadcrumb\":{\"@id\":\"https:\\\/\\\/mwc-cmm.org\\\/fr\\\/stories\\\/mise-jour-du-ministere-partenaire-icomb-decembre-2022\\\/#breadcrumb\"},\"inLanguage\":\"fr-FR\",\"potentialAction\":[{\"@type\":\"ReadAction\",\"target\":[\"https:\\\/\\\/mwc-cmm.org\\\/fr\\\/stories\\\/mise-jour-du-ministere-partenaire-icomb-decembre-2022\\\/\"]}]},{\"@type\":\"ImageObject\",\"inLanguage\":\"fr-FR\",\"@id\":\"https:\\\/\\\/mwc-cmm.org\\\/fr\\\/stories\\\/mise-jour-du-ministere-partenaire-icomb-decembre-2022\\\/#primaryimage\",\"url\":\"https:\\\/\\\/mwc-cmm.org\\\/wp-content\\\/uploads\\\/2024\\\/11\\\/icomb_dec_22.jpg\",\"contentUrl\":\"https:\\\/\\\/mwc-cmm.org\\\/wp-content\\\/uploads\\\/2024\\\/11\\\/icomb_dec_22.jpg\",\"width\":1000,\"height\":600},{\"@type\":\"BreadcrumbList\",\"@id\":\"https:\\\/\\\/mwc-cmm.org\\\/fr\\\/stories\\\/mise-jour-du-ministere-partenaire-icomb-decembre-2022\\\/#breadcrumb\",\"itemListElement\":[{\"@type\":\"ListItem\",\"position\":1,\"name\":\"Home\",\"item\":\"https:\\\/\\\/mwc-cmm.org\\\/fr\\\/\"},{\"@type\":\"ListItem\",\"position\":2,\"name\":\"Mise \u00e0 jour du minist\u00e8re partenaire\u202f: ICOMB \u2013 decembre 2022\u00a0\u00a0\"}]},{\"@type\":\"WebSite\",\"@id\":\"https:\\\/\\\/mwc-cmm.org\\\/en\\\/#website\",\"url\":\"https:\\\/\\\/mwc-cmm.org\\\/en\\\/\",\"name\":\"Mennonite World Conference\",\"description\":\"A communion of Anabaptist-related churches\",\"publisher\":{\"@id\":\"https:\\\/\\\/mwc-cmm.org\\\/en\\\/#organization\"},\"alternateName\":\"MWC\",\"potentialAction\":[{\"@type\":\"SearchAction\",\"target\":{\"@type\":\"EntryPoint\",\"urlTemplate\":\"https:\\\/\\\/mwc-cmm.org\\\/en\\\/?s={search_term_string}\"},\"query-input\":{\"@type\":\"PropertyValueSpecification\",\"valueRequired\":true,\"valueName\":\"search_term_string\"}}],\"inLanguage\":\"fr-FR\"},{\"@type\":\"Organization\",\"@id\":\"https:\\\/\\\/mwc-cmm.org\\\/en\\\/#organization\",\"name\":\"Mennonite World Conference\",\"alternateName\":\"MWC\",\"url\":\"https:\\\/\\\/mwc-cmm.org\\\/en\\\/\",\"logo\":{\"@type\":\"ImageObject\",\"inLanguage\":\"fr-FR\",\"@id\":\"https:\\\/\\\/mwc-cmm.org\\\/en\\\/#\\\/schema\\\/logo\\\/image\\\/\",\"url\":\"https:\\\/\\\/mwc-cmm.org\\\/wp-content\\\/uploads\\\/2026\\\/01\\\/MWC_Sig_Blue_Horiz_webheader1-logo.svg\",\"contentUrl\":\"https:\\\/\\\/mwc-cmm.org\\\/wp-content\\\/uploads\\\/2026\\\/01\\\/MWC_Sig_Blue_Horiz_webheader1-logo.svg\",\"width\":786,\"height\":82,\"caption\":\"Mennonite World Conference\"},\"image\":{\"@id\":\"https:\\\/\\\/mwc-cmm.org\\\/en\\\/#\\\/schema\\\/logo\\\/image\\\/\"},\"sameAs\":[\"https:\\\/\\\/www.facebook.com\\\/MennoniteWorldConference\",\"https:\\\/\\\/www.linkedin.com\\\/company\\\/mennonite-world-conference-mwc\\\/\",\"https:\\\/\\\/www.instagram.com\\\/mwcmm\\\/\",\"https:\\\/\\\/www.youtube.com\\\/user\\\/mwccmm\",\"https:\\\/\\\/bsky.app\\\/profile\\\/mwcmm.bsky.social\"]},{\"@type\":\"Person\",\"@id\":\"https:\\\/\\\/mwc-cmm.org\\\/en\\\/#\\\/schema\\\/person\\\/11f6ae0d7d1868ba20a1cc27f067c836\",\"name\":\"mennworldcon\",\"image\":{\"@type\":\"ImageObject\",\"inLanguage\":\"fr-FR\",\"@id\":\"https:\\\/\\\/secure.gravatar.com\\\/avatar\\\/06fdc0dc81c157dfdb82ec42f252178a22307808988d22c043f9eb96f1e0fe80?s=96&d=mm&r=g\",\"url\":\"https:\\\/\\\/secure.gravatar.com\\\/avatar\\\/06fdc0dc81c157dfdb82ec42f252178a22307808988d22c043f9eb96f1e0fe80?s=96&d=mm&r=g\",\"contentUrl\":\"https:\\\/\\\/secure.gravatar.com\\\/avatar\\\/06fdc0dc81c157dfdb82ec42f252178a22307808988d22c043f9eb96f1e0fe80?s=96&d=mm&r=g\",\"caption\":\"mennworldcon\"},\"sameAs\":[\"https:\\\/\\\/mwc-cmm.org\"],\"url\":\"https:\\\/\\\/mwc-cmm.org\\\/fr\\\/stories\\\/author\\\/mennworldcon\\\/\"}]}<\/script>\n<!-- \/ Yoast SEO plugin. -->","yoast_head_json":{"title":"Mise \u00e0 jour du minist\u00e8re partenaire\u202f: ICOMB \u2013 decembre 2022\u00a0\u00a0 - Mennonite World Conference","robots":{"index":"index","follow":"follow","max-snippet":"max-snippet:-1","max-image-preview":"max-image-preview:large","max-video-preview":"max-video-preview:-1"},"canonical":"https:\/\/mwc-cmm.org\/fr\/stories\/mise-jour-du-ministere-partenaire-icomb-decembre-2022\/","og_locale":"fr_FR","og_type":"article","og_title":"Mise \u00e0 jour du minist\u00e8re partenaire\u202f: ICOMB \u2013 decembre 2022\u00a0\u00a0 - Mennonite World Conference","og_description":"Siriwan Trakunhan est l\u2019un des principaux partenaires nationaux de Multiply en Tha\u00eflande. Au fil des ans, elle a occup\u00e9 de nombreuses fonctions :","og_url":"https:\/\/mwc-cmm.org\/fr\/stories\/mise-jour-du-ministere-partenaire-icomb-decembre-2022\/","og_site_name":"Mennonite World Conference","article_publisher":"https:\/\/www.facebook.com\/MennoniteWorldConference","article_published_time":"2022-12-20T00:00:00+00:00","article_modified_time":"2024-12-10T17:19:49+00:00","og_image":[{"width":1000,"height":600,"url":"https:\/\/mwc-cmm.org\/wp-content\/uploads\/2024\/11\/icomb_dec_22.jpg","type":"image\/jpeg"}],"author":"mennworldcon","schema":{"@context":"https:\/\/schema.org","@graph":[{"@type":"Article","@id":"https:\/\/mwc-cmm.org\/fr\/stories\/mise-jour-du-ministere-partenaire-icomb-decembre-2022\/#article","isPartOf":{"@id":"https:\/\/mwc-cmm.org\/fr\/stories\/mise-jour-du-ministere-partenaire-icomb-decembre-2022\/"},"author":{"name":"mennworldcon","@id":"https:\/\/mwc-cmm.org\/en\/#\/schema\/person\/11f6ae0d7d1868ba20a1cc27f067c836"},"headline":"Mise \u00e0 jour du minist\u00e8re partenaire\u202f: ICOMB \u2013 decembre 2022\u00a0\u00a0","datePublished":"2022-12-20T00:00:00+00:00","dateModified":"2024-12-10T17:19:49+00:00","mainEntityOfPage":{"@id":"https:\/\/mwc-cmm.org\/fr\/stories\/mise-jour-du-ministere-partenaire-icomb-decembre-2022\/"},"wordCount":542,"publisher":{"@id":"https:\/\/mwc-cmm.org\/en\/#organization"},"image":{"@id":"https:\/\/mwc-cmm.org\/fr\/stories\/mise-jour-du-ministere-partenaire-icomb-decembre-2022\/#primaryimage"},"thumbnailUrl":"https:\/\/mwc-cmm.org\/wp-content\/uploads\/2024\/11\/icomb_dec_22.jpg","articleSection":["Non classifi\u00e9(e)"],"inLanguage":"fr-FR"},{"@type":"WebPage","@id":"https:\/\/mwc-cmm.org\/fr\/stories\/mise-jour-du-ministere-partenaire-icomb-decembre-2022\/","url":"https:\/\/mwc-cmm.org\/fr\/stories\/mise-jour-du-ministere-partenaire-icomb-decembre-2022\/","name":"Mise \u00e0 jour du minist\u00e8re partenaire\u202f: ICOMB \u2013 decembre 2022\u00a0\u00a0 - Mennonite World Conference","isPartOf":{"@id":"https:\/\/mwc-cmm.org\/en\/#website"},"primaryImageOfPage":{"@id":"https:\/\/mwc-cmm.org\/fr\/stories\/mise-jour-du-ministere-partenaire-icomb-decembre-2022\/#primaryimage"},"image":{"@id":"https:\/\/mwc-cmm.org\/fr\/stories\/mise-jour-du-ministere-partenaire-icomb-decembre-2022\/#primaryimage"},"thumbnailUrl":"https:\/\/mwc-cmm.org\/wp-content\/uploads\/2024\/11\/icomb_dec_22.jpg","datePublished":"2022-12-20T00:00:00+00:00","dateModified":"2024-12-10T17:19:49+00:00","breadcrumb":{"@id":"https:\/\/mwc-cmm.org\/fr\/stories\/mise-jour-du-ministere-partenaire-icomb-decembre-2022\/#breadcrumb"},"inLanguage":"fr-FR","potentialAction":[{"@type":"ReadAction","target":["https:\/\/mwc-cmm.org\/fr\/stories\/mise-jour-du-ministere-partenaire-icomb-decembre-2022\/"]}]},{"@type":"ImageObject","inLanguage":"fr-FR","@id":"https:\/\/mwc-cmm.org\/fr\/stories\/mise-jour-du-ministere-partenaire-icomb-decembre-2022\/#primaryimage","url":"https:\/\/mwc-cmm.org\/wp-content\/uploads\/2024\/11\/icomb_dec_22.jpg","contentUrl":"https:\/\/mwc-cmm.org\/wp-content\/uploads\/2024\/11\/icomb_dec_22.jpg","width":1000,"height":600},{"@type":"BreadcrumbList","@id":"https:\/\/mwc-cmm.org\/fr\/stories\/mise-jour-du-ministere-partenaire-icomb-decembre-2022\/#breadcrumb","itemListElement":[{"@type":"ListItem","position":1,"name":"Home","item":"https:\/\/mwc-cmm.org\/fr\/"},{"@type":"ListItem","position":2,"name":"Mise \u00e0 jour du minist\u00e8re partenaire\u202f: ICOMB \u2013 decembre 2022\u00a0\u00a0"}]},{"@type":"WebSite","@id":"https:\/\/mwc-cmm.org\/en\/#website","url":"https:\/\/mwc-cmm.org\/en\/","name":"Mennonite World Conference","description":"A communion of Anabaptist-related churches","publisher":{"@id":"https:\/\/mwc-cmm.org\/en\/#organization"},"alternateName":"MWC","potentialAction":[{"@type":"SearchAction","target":{"@type":"EntryPoint","urlTemplate":"https:\/\/mwc-cmm.org\/en\/?s={search_term_string}"},"query-input":{"@type":"PropertyValueSpecification","valueRequired":true,"valueName":"search_term_string"}}],"inLanguage":"fr-FR"},{"@type":"Organization","@id":"https:\/\/mwc-cmm.org\/en\/#organization","name":"Mennonite World Conference","alternateName":"MWC","url":"https:\/\/mwc-cmm.org\/en\/","logo":{"@type":"ImageObject","inLanguage":"fr-FR","@id":"https:\/\/mwc-cmm.org\/en\/#\/schema\/logo\/image\/","url":"https:\/\/mwc-cmm.org\/wp-content\/uploads\/2026\/01\/MWC_Sig_Blue_Horiz_webheader1-logo.svg","contentUrl":"https:\/\/mwc-cmm.org\/wp-content\/uploads\/2026\/01\/MWC_Sig_Blue_Horiz_webheader1-logo.svg","width":786,"height":82,"caption":"Mennonite World Conference"},"image":{"@id":"https:\/\/mwc-cmm.org\/en\/#\/schema\/logo\/image\/"},"sameAs":["https:\/\/www.facebook.com\/MennoniteWorldConference","https:\/\/www.linkedin.com\/company\/mennonite-world-conference-mwc\/","https:\/\/www.instagram.com\/mwcmm\/","https:\/\/www.youtube.com\/user\/mwccmm","https:\/\/bsky.app\/profile\/mwcmm.bsky.social"]},{"@type":"Person","@id":"https:\/\/mwc-cmm.org\/en\/#\/schema\/person\/11f6ae0d7d1868ba20a1cc27f067c836","name":"mennworldcon","image":{"@type":"ImageObject","inLanguage":"fr-FR","@id":"https:\/\/secure.gravatar.com\/avatar\/06fdc0dc81c157dfdb82ec42f252178a22307808988d22c043f9eb96f1e0fe80?s=96&d=mm&r=g","url":"https:\/\/secure.gravatar.com\/avatar\/06fdc0dc81c157dfdb82ec42f252178a22307808988d22c043f9eb96f1e0fe80?s=96&d=mm&r=g","contentUrl":"https:\/\/secure.gravatar.com\/avatar\/06fdc0dc81c157dfdb82ec42f252178a22307808988d22c043f9eb96f1e0fe80?s=96&d=mm&r=g","caption":"mennworldcon"},"sameAs":["https:\/\/mwc-cmm.org"],"url":"https:\/\/mwc-cmm.org\/fr\/stories\/author\/mennworldcon\/"}]}},"_links":{"self":[{"href":"https:\/\/mwc-cmm.org\/fr\/wp-json\/wp\/v2\/posts\/10475","targetHints":{"allow":["GET"]}}],"collection":[{"href":"https:\/\/mwc-cmm.org\/fr\/wp-json\/wp\/v2\/posts"}],"about":[{"href":"https:\/\/mwc-cmm.org\/fr\/wp-json\/wp\/v2\/types\/post"}],"author":[{"embeddable":true,"href":"https:\/\/mwc-cmm.org\/fr\/wp-json\/wp\/v2\/users\/1"}],"replies":[{"embeddable":true,"href":"https:\/\/mwc-cmm.org\/fr\/wp-json\/wp\/v2\/comments?post=10475"}],"version-history":[{"count":0,"href":"https:\/\/mwc-cmm.org\/fr\/wp-json\/wp\/v2\/posts\/10475\/revisions"}],"wp:featuredmedia":[{"embeddable":true,"href":"https:\/\/mwc-cmm.org\/fr\/wp-json\/wp\/v2\/media\/96158"}],"wp:attachment":[{"href":"https:\/\/mwc-cmm.org\/fr\/wp-json\/wp\/v2\/media?parent=10475"}],"wp:term":[{"taxonomy":"category","embeddable":true,"href":"https:\/\/mwc-cmm.org\/fr\/wp-json\/wp\/v2\/categories?post=10475"},{"taxonomy":"post_tag","embeddable":true,"href":"https:\/\/mwc-cmm.org\/fr\/wp-json\/wp\/v2\/tags?post=10475"},{"taxonomy":"network","embeddable":true,"href":"https:\/\/mwc-cmm.org\/fr\/wp-json\/wp\/v2\/network?post=10475"},{"taxonomy":"eventcategory","embeddable":true,"href":"https:\/\/mwc-cmm.org\/fr\/wp-json\/wp\/v2\/eventcategory?post=10475"}],"curies":[{"name":"wp","href":"https:\/\/api.w.org\/{rel}","templated":true}]}}