{"id":10451,"date":"2022-11-08T00:00:00","date_gmt":"2022-11-08T00:00:00","guid":{"rendered":"https:\/\/mwc-cmm.org\/learning-together-to-discern-the-will-of-god-3\/"},"modified":"2024-12-10T17:19:37","modified_gmt":"2024-12-10T17:19:37","slug":"apprendre-ensemble-discerner-la-volonte-de-dieu","status":"publish","type":"post","link":"https:\/\/mwc-cmm.org\/fr\/stories\/apprendre-ensemble-discerner-la-volonte-de-dieu\/","title":{"rendered":"Apprendre ensemble \u00e0 discerner la volont\u00e9 de Dieu"},"content":{"rendered":"<h2>Mercredi matin<\/h2>\n<p>Apprendre ensemble \u00e0 discerner la volont\u00e9 de Dieu : les premiers chr\u00e9tiens, d\u00e8s l\u2019origine, ont \u00e9t\u00e9 confront\u00e9s \u00e0 ce d\u00e9fi. En effet, \u2018apprendre ensemble \u00e0 discerner la volont\u00e9 de Dieu\u2019 n\u2019est pas un v\u0153u pieux ! Ce n\u2019est pas un processus confortable. En fait, c\u2019est le grand d\u00e9fi de la vie chr\u00e9tienne, de nos vies personnelles comme celles de nos assembl\u00e9es, de nos \u00e9glises locales.<\/p>\n<p>Pour r\u00e9fl\u00e9chir \u00e0 ce d\u00e9fi, je vous propose de revenir \u00e0 un moment fondamental, un moment originel : le moment o\u00f9 les disciples ont \u00e9t\u00e9 appel\u00e9s chr\u00e9tiens (en Actes 11, 26) : \u00ab Ce fut \u00e0 Antioche que, pour la premi\u00e8re fois, les disciples furent appel\u00e9s chr\u00e9tiens. \u00bb<\/p>\n<p>Or, grande a \u00e9t\u00e9 ma surprise de constater que la lecture et la m\u00e9ditation de cet \u00e9pisode de l\u2019histoire de l\u2019\u00e9glise venait me d\u00e9placer, me d\u00e9loger de ce que je croyais conna\u00eetre. Ce d\u00e9placement a \u00e9t\u00e9 de constater que le moment o\u00f9 le nom de chr\u00e9tien a \u00e9t\u00e9 donn\u00e9 \u00e9tait tout sauf\u2026 un moment idyllique, id\u00e9al, pour les croyants. Ce n\u2019est pas tant le contexte de pers\u00e9cution, de \u00ab d\u00e9tresse \u00bb est-il \u00e9crit, qui \u00e9tait la menace la plus dangereuse pour l\u2019\u00e9glise chr\u00e9tienne naissante. Non, le plus \u00e9tonnant pour moi \u00e9tait de voir que ce moment si beau, ce moment o\u00f9 l\u2019on re\u00e7oit un \u00ab nom \u00bb, de plus un nom qui contient celui du Christ, correspond en r\u00e9alit\u00e9 \u00e0 un \u00e9pisode o\u00f9 la plus grande menace pour les nouveaux croyants est celle de la division, de la division interne.<\/p>\n<p>En effet, d\u2019un c\u00f4t\u00e9, il y a la communaut\u00e9 de J\u00e9rusalem, la communaut\u00e9-m\u00e8re, plus \u00ab ancienne \u00bb et de culture juive. De l\u2019autre c\u00f4t\u00e9, il y a la communaut\u00e9 d\u2019Antioche, de culture grecque, communaut\u00e9 plus jeune, plus dynamique, avec davantage de croissance et de fruits visibles ! Donc d\u2019un c\u00f4t\u00e9 il y a ceux qui annoncent la Parole uniquement aux juifs, et de l\u2019autre, ceux qui annoncent la Bonne Nouvelle aux pa\u00efens, aux grecs.<\/p>\n<p>Deux styles : les anciens, proches de la tradition ; les jeunes, plus inventifs et libres sans doute !<\/p>\n<p>Deux mani\u00e8res d\u2019\u00eatre et deux projets d\u2019\u00e9vang\u00e9lisation. Dans cette situation,&nbsp;comment continuer \u00e0 apprendre ensemble ? Comment discerner ensemble la volont\u00e9 de Dieu ?<\/p>\n<p>D\u00e8s l\u2019origine, les premiers chr\u00e9tiens ont \u00e9t\u00e9 confront\u00e9s, douloureusement, \u00e0 ce d\u00e9fi. Nous pouvons transposer cela pour nous aujourd\u2019hui : qu\u2019y a-t-il de commun entre les mennonites de la vieille Europe qui a connu les d\u00e9buts de l\u2019anabaptisme et les mennonites d\u2019autres continents, aux \u00e9glises plus jeunes et dynamiques ?<\/p>\n<p>Mais revenons \u00e0 notre histoire des Actes des Ap\u00f4tres : pour quelles raisons ce schisme n\u2019a pas eu lieu, en tout cas pas \u00e0 ce moment-l\u00e0, alors que tous les ingr\u00e9dients de la division \u00e9taient pr\u00e9sents ? Quelles ont \u00e9t\u00e9 les \u00e9tapes du processus de discernement ?<\/p>\n<p>Tout d\u2019abord, on peut remarquer que l\u2019\u00e9glise-m\u00e8re (celle de J\u00e9rusalem) fait le choix d\u2019envoyer un homme, Barnabas, qui n\u2019est pas un homme de premier plan, en tout cas \u00e0 ce moment-l\u00e0. C\u2019est l\u2019attitude de cet homme qui est d\u00e9terminante et qui va rendre possible un lien d\u2019unit\u00e9 : \u00ab <em>A son arriv\u00e9e, lorsqu\u2019il vit la gr\u00e2ce de Dieu, il se r\u00e9jouit et les encouragea<\/em> \u00bb (v. 23).<\/p>\n<p>Ainsi, Barnabas commence par prendre le temps de regarder, non pas avec un regard de jugement, mais un regard d\u2019\u00e9merveillement. Il n\u2019a pas peur de la nouveaut\u00e9 ! Sans doute aurait-il pu \u00eatre jaloux devant la croissance de cette nouvelle communaut\u00e9, sans doute a-t-il vu (assez justement sinon J\u00e9rusalem ne l\u2019aurait pas envoy\u00e9 !) tous les risques que cette jeune communaut\u00e9 dynamique courait, toutes les d\u00e9rives possibles\u2026 Mais son premier regard est un regard d\u2019\u00e9merveillement devant ce que vit l\u2019autre, une action de gr\u00e2ce pour les fruits que portent les autres.<\/p>\n<p>Telle est la premi\u00e8re \u00e9tape de ce processus : avoir un regard de bont\u00e9 et admirer ce qu\u2019il y a de bon en l\u2019autre, dans l\u2019\u00e9glise de l\u2019autre. Nos relations entre pays et cultures diff\u00e9rents ne changeraientelles pas si nous osions nous \u00e9merveiller devant l\u2019autre ? Les occidentaux sont-ils pr\u00eats \u00e0 admirer ce qui se fait ailleurs et \u00e0 apprendre des autres ? Sommes-nous pr\u00eats \u00e0 cette conversion du regard ?<\/p>\n<p>Encore une fois, revenons \u00e0 notre histoire ! Barnabas n\u2019est pas dans un optimisme b\u00e9at devant ce qui porte du fruit ! La vraie bienveillance, la vraie bont\u00e9, n\u2019excluent pas le travail de la v\u00e9rit\u00e9 qui rend les choses&nbsp;solides. C\u2019est ainsi que dans un deuxi\u00e8me temps, Barnabas prend l\u2019initiative d\u2019aller chercher Paul et de le ramener \u00e0 Antioche pour qu\u2019\u00e0 deux ils enseignent pendant un an cette jeune et nouvelle communaut\u00e9.<\/p>\n<p>Mais il y a un petit d\u00e9tail, qui, en fait, n\u2019en n\u2019est pas un : Paul et Barnab\u00e9 ne sont pas seulement dans une posture d\u2019enseignants. Il nous est dit qu\u2019ils \u00ab <em>participaient aux r\u00e9unions de l\u2019\u00e9glise<\/em> \u00bb (v. 26). Ils n\u2019ont pas peur d\u2019\u00eatre \u00ab un parmi d\u2019autres \u00bb, d\u2019\u00eatre \u00e0 \u00e9galit\u00e9, dans une relation de r\u00e9ciprocit\u00e9 o\u00f9 tout le monde peut prend part \u00e0 la conversation. Cela se fait dans la dur\u00e9e (une ann\u00e9e) qui permet de tisser des liens et de conna\u00eetre la situation de l\u2019int\u00e9rieur. Telle est la seconde \u00e9tape du processus.<\/p>\n<p>Revenons \u00e0 la jeune \u00e9glise, Antioche. Elle n\u2019a donc pas peur de recevoir un homme envoy\u00e9 par l\u2019\u00e9glise-m\u00e8re, d\u2019accepter de se laisser enseigner par une personne issue d\u2019une communaut\u00e9 beaucoup moins dynamique, portant apparemment moins de fruits. Elle n\u2019a pas peur de se recevoir d\u2019autres. Mais l\u2019histoire n\u2019est pas finie : la jeune \u00e9glise, \u00e0 son tour, va prendre soin de l\u2019\u00e9glise m\u00e8re : lors d\u2019une famine, elle organise une collecte et envoie de l\u2019argent en Jud\u00e9e (cf. vv. 27-30). Il y a vraiment r\u00e9ciprocit\u00e9 dans ce soin concret les uns des autres !<\/p>\n<p>Le moment o\u00f9 les croyants re\u00e7oivent le beau nom de chr\u00e9tiens est donc ce moment o\u00f9 ils acceptent de ne pas rester dans leur mani\u00e8re de voir en fonction uniquement de leur ethnie, de leur culture, de la r\u00e9alit\u00e9 locale. \u00ab Apprendre ensemble \u00bb c\u2019est prendre le risque de traverser des fronti\u00e8res, parce que nous appartenons \u00e0 un seul et m\u00eame corps, parce que \u00ab nous sommes membres les uns des autres \u00bb (Romains 12, 5). Nous sommes de la m\u00eame chair, celle du Corps du Christ.<\/p>\n<p><em>\u2014Anne-Cathy Graber est pasteure \u00e9vang\u00e9lique mennonite et c\u00e9libataire consacre dans la Communaut\u00e9 du Chemin Neuf en Paris, France. Elle est membre de la Commission Foi et Vie de la CMM et leur repr\u00e9sentante aupr\u00e8s du Forum Chr\u00e9tien Mondial et de la Commission de Foi et Constitution du Conseil \u0153cum\u00e9nique des \u00c9glises. Elle est membre de l\u2019\u00e9glise \u00e9vang\u00e9lique Mennonite de Chatenay-Malabry, Paris, France.<\/em><\/p>\n<table border=\"1\" cellpadding=\"1\" cellspacing=\"1\" style=\"width:300px;\">\n<tbody>\n<tr>\n<td>\n<h3><a href=\"https:\/\/mwc-cmm.org\/fr\/resources\/apprendere-ensemble-pleniere-du-matin-6-juillet-2022\">Apprendere Ensemble &#8211; Pl\u00e9ni\u00e8re du matin: 6 juillet 2022<\/a><\/h3>\n<\/td>\n<\/tr>\n<\/tbody>\n<\/table>\n<hr>\n<h5><strong>Cet article est paru pour la premi\u00e8re fois dans le num\u00e9ro&nbsp;<a href=\"https:\/\/mwc-cmm.org\/fr\/resources\/courrier-2022-2-octobre\"><em>d\u2019Octobre 2022&nbsp;de&nbsp;Courier\/Correo\/Courrier.<\/em><\/a><\/strong><\/h5>\n<p>&nbsp;<\/p>\n","protected":false},"excerpt":{"rendered":"<p>Mercredi matin Apprendre ensemble \u00e0 discerner la volont\u00e9 de Dieu : les premiers chr\u00e9tiens, d\u00e8s l\u2019origine, ont \u00e9t\u00e9 confront\u00e9s \u00e0 ce d\u00e9fi. En effet, \u2018apprendre ensemble \u00e0 discerner la volont\u00e9 de Dieu\u2019 n\u2019est pas un v\u0153u pieux ! Ce n\u2019est pas un processus confortable. En fait, c\u2019est le grand d\u00e9fi de la vie chr\u00e9tienne, de [&hellip;]<\/p>\n","protected":false},"author":1,"featured_media":95906,"comment_status":"closed","ping_status":"closed","sticky":false,"template":"","format":"standard","meta":{"_acf_changed":false,"footnotes":""},"categories":[7],"tags":[],"network":[1307],"eventcategory":[],"class_list":["post-10451","post","type-post","status-publish","format-standard","has-post-thumbnail","hentry","category-non-classifiee","network-courier-fr"],"acf":[],"yoast_head":"<!-- This site is optimized with the Yoast SEO plugin v27.2 - https:\/\/yoast.com\/product\/yoast-seo-wordpress\/ -->\n<title>Apprendre ensemble \u00e0 discerner la volont\u00e9 de Dieu - Mennonite World Conference<\/title>\n<meta name=\"robots\" content=\"index, follow, max-snippet:-1, max-image-preview:large, max-video-preview:-1\" \/>\n<link rel=\"canonical\" href=\"https:\/\/mwc-cmm.org\/en\/stories\/learning-together-discern-will-god\/\" \/>\n<meta property=\"og:locale\" content=\"fr_FR\" \/>\n<meta property=\"og:type\" content=\"article\" \/>\n<meta property=\"og:title\" content=\"Apprendre ensemble \u00e0 discerner la volont\u00e9 de Dieu - Mennonite World Conference\" \/>\n<meta property=\"og:description\" content=\"Mercredi matin Apprendre ensemble \u00e0 discerner la volont\u00e9 de Dieu : les premiers chr\u00e9tiens, d\u00e8s l\u2019origine, ont \u00e9t\u00e9 confront\u00e9s \u00e0 ce d\u00e9fi. En effet, \u2018apprendre ensemble \u00e0 discerner la volont\u00e9 de Dieu\u2019 n\u2019est pas un v\u0153u pieux ! Ce n\u2019est pas un processus confortable. En fait, c\u2019est le grand d\u00e9fi de la vie chr\u00e9tienne, de [&hellip;]\" \/>\n<meta property=\"og:url\" content=\"https:\/\/mwc-cmm.org\/en\/stories\/learning-together-discern-will-god\/\" \/>\n<meta property=\"og:site_name\" content=\"Mennonite World Conference\" \/>\n<meta property=\"article:publisher\" content=\"https:\/\/www.facebook.com\/MennoniteWorldConference\" \/>\n<meta property=\"article:published_time\" content=\"2022-11-08T00:00:00+00:00\" \/>\n<meta property=\"article:modified_time\" content=\"2024-12-10T17:19:37+00:00\" \/>\n<meta property=\"og:image\" content=\"https:\/\/mwc-cmm.org\/wp-content\/uploads\/2024\/11\/20220706tizbrotosudarmop1010157-scaled.jpg\" \/>\n\t<meta property=\"og:image:width\" content=\"2560\" \/>\n\t<meta property=\"og:image:height\" content=\"1707\" \/>\n\t<meta property=\"og:image:type\" content=\"image\/jpeg\" \/>\n<meta name=\"author\" content=\"mennworldcon\" \/>\n<script type=\"application\/ld+json\" class=\"yoast-schema-graph\">{\"@context\":\"https:\/\/schema.org\",\"@graph\":[{\"@type\":\"Article\",\"@id\":\"https:\/\/mwc-cmm.org\/en\/stories\/learning-together-discern-will-god\/#article\",\"isPartOf\":{\"@id\":\"https:\/\/mwc-cmm.org\/en\/stories\/learning-together-discern-will-god\/\"},\"author\":{\"name\":\"mennworldcon\",\"@id\":\"https:\/\/mwc-cmm.org\/en\/#\/schema\/person\/11f6ae0d7d1868ba20a1cc27f067c836\"},\"headline\":\"Apprendre ensemble \u00e0 discerner la volont\u00e9 de Dieu\",\"datePublished\":\"2022-11-08T00:00:00+00:00\",\"dateModified\":\"2024-12-10T17:19:37+00:00\",\"mainEntityOfPage\":{\"@id\":\"https:\/\/mwc-cmm.org\/en\/stories\/learning-together-discern-will-god\/\"},\"wordCount\":1230,\"publisher\":{\"@id\":\"https:\/\/mwc-cmm.org\/en\/#organization\"},\"image\":{\"@id\":\"https:\/\/mwc-cmm.org\/en\/stories\/learning-together-discern-will-god\/#primaryimage\"},\"thumbnailUrl\":\"https:\/\/mwc-cmm.org\/wp-content\/uploads\/2024\/11\/20220706tizbrotosudarmop1010157-scaled.jpg\",\"articleSection\":[\"Non classifi\u00e9(e)\"],\"inLanguage\":\"fr-FR\"},{\"@type\":\"WebPage\",\"@id\":\"https:\/\/mwc-cmm.org\/en\/stories\/learning-together-discern-will-god\/\",\"url\":\"https:\/\/mwc-cmm.org\/en\/stories\/learning-together-discern-will-god\/\",\"name\":\"Apprendre ensemble \u00e0 discerner la volont\u00e9 de Dieu - Mennonite World Conference\",\"isPartOf\":{\"@id\":\"https:\/\/mwc-cmm.org\/en\/#website\"},\"primaryImageOfPage\":{\"@id\":\"https:\/\/mwc-cmm.org\/en\/stories\/learning-together-discern-will-god\/#primaryimage\"},\"image\":{\"@id\":\"https:\/\/mwc-cmm.org\/en\/stories\/learning-together-discern-will-god\/#primaryimage\"},\"thumbnailUrl\":\"https:\/\/mwc-cmm.org\/wp-content\/uploads\/2024\/11\/20220706tizbrotosudarmop1010157-scaled.jpg\",\"datePublished\":\"2022-11-08T00:00:00+00:00\",\"dateModified\":\"2024-12-10T17:19:37+00:00\",\"breadcrumb\":{\"@id\":\"https:\/\/mwc-cmm.org\/en\/stories\/learning-together-discern-will-god\/#breadcrumb\"},\"inLanguage\":\"fr-FR\",\"potentialAction\":[{\"@type\":\"ReadAction\",\"target\":[\"https:\/\/mwc-cmm.org\/en\/stories\/learning-together-discern-will-god\/\"]}]},{\"@type\":\"ImageObject\",\"inLanguage\":\"fr-FR\",\"@id\":\"https:\/\/mwc-cmm.org\/en\/stories\/learning-together-discern-will-god\/#primaryimage\",\"url\":\"https:\/\/mwc-cmm.org\/wp-content\/uploads\/2024\/11\/20220706tizbrotosudarmop1010157-scaled.jpg\",\"contentUrl\":\"https:\/\/mwc-cmm.org\/wp-content\/uploads\/2024\/11\/20220706tizbrotosudarmop1010157-scaled.jpg\",\"width\":2560,\"height\":1707},{\"@type\":\"BreadcrumbList\",\"@id\":\"https:\/\/mwc-cmm.org\/en\/stories\/learning-together-discern-will-god\/#breadcrumb\",\"itemListElement\":[{\"@type\":\"ListItem\",\"position\":1,\"name\":\"Home\",\"item\":\"https:\/\/mwc-cmm.org\/fr\/\"},{\"@type\":\"ListItem\",\"position\":2,\"name\":\"Apprendre ensemble \u00e0 discerner la volont\u00e9 de Dieu\"}]},{\"@type\":\"WebSite\",\"@id\":\"https:\/\/mwc-cmm.org\/en\/#website\",\"url\":\"https:\/\/mwc-cmm.org\/en\/\",\"name\":\"Mennonite World Conference\",\"description\":\"A communion of Anabaptist-related churches\",\"publisher\":{\"@id\":\"https:\/\/mwc-cmm.org\/en\/#organization\"},\"alternateName\":\"MWC\",\"potentialAction\":[{\"@type\":\"SearchAction\",\"target\":{\"@type\":\"EntryPoint\",\"urlTemplate\":\"https:\/\/mwc-cmm.org\/en\/?s={search_term_string}\"},\"query-input\":{\"@type\":\"PropertyValueSpecification\",\"valueRequired\":true,\"valueName\":\"search_term_string\"}}],\"inLanguage\":\"fr-FR\"},{\"@type\":\"Organization\",\"@id\":\"https:\/\/mwc-cmm.org\/en\/#organization\",\"name\":\"Mennonite World Conference\",\"alternateName\":\"MWC\",\"url\":\"https:\/\/mwc-cmm.org\/en\/\",\"logo\":{\"@type\":\"ImageObject\",\"inLanguage\":\"fr-FR\",\"@id\":\"https:\/\/mwc-cmm.org\/en\/#\/schema\/logo\/image\/\",\"url\":\"https:\/\/mwc-cmm.org\/wp-content\/uploads\/2026\/01\/MWC_Sig_Blue_Horiz_webheader1-logo.svg\",\"contentUrl\":\"https:\/\/mwc-cmm.org\/wp-content\/uploads\/2026\/01\/MWC_Sig_Blue_Horiz_webheader1-logo.svg\",\"width\":786,\"height\":82,\"caption\":\"Mennonite World Conference\"},\"image\":{\"@id\":\"https:\/\/mwc-cmm.org\/en\/#\/schema\/logo\/image\/\"},\"sameAs\":[\"https:\/\/www.facebook.com\/MennoniteWorldConference\",\"https:\/\/www.linkedin.com\/company\/mennonite-world-conference-mwc\/\",\"https:\/\/www.instagram.com\/mwcmm\/\",\"https:\/\/www.youtube.com\/user\/mwccmm\",\"https:\/\/bsky.app\/profile\/mwcmm.bsky.social\"]},{\"@type\":\"Person\",\"@id\":\"https:\/\/mwc-cmm.org\/en\/#\/schema\/person\/11f6ae0d7d1868ba20a1cc27f067c836\",\"name\":\"mennworldcon\",\"image\":{\"@type\":\"ImageObject\",\"inLanguage\":\"fr-FR\",\"@id\":\"https:\/\/secure.gravatar.com\/avatar\/06fdc0dc81c157dfdb82ec42f252178a22307808988d22c043f9eb96f1e0fe80?s=96&d=mm&r=g\",\"url\":\"https:\/\/secure.gravatar.com\/avatar\/06fdc0dc81c157dfdb82ec42f252178a22307808988d22c043f9eb96f1e0fe80?s=96&d=mm&r=g\",\"contentUrl\":\"https:\/\/secure.gravatar.com\/avatar\/06fdc0dc81c157dfdb82ec42f252178a22307808988d22c043f9eb96f1e0fe80?s=96&d=mm&r=g\",\"caption\":\"mennworldcon\"},\"sameAs\":[\"https:\/\/mwc-cmm.org\"],\"url\":\"https:\/\/mwc-cmm.org\/fr\/stories\/author\/mennworldcon\/\"}]}<\/script>\n<!-- \/ Yoast SEO plugin. -->","yoast_head_json":{"title":"Apprendre ensemble \u00e0 discerner la volont\u00e9 de Dieu - Mennonite World Conference","robots":{"index":"index","follow":"follow","max-snippet":"max-snippet:-1","max-image-preview":"max-image-preview:large","max-video-preview":"max-video-preview:-1"},"canonical":"https:\/\/mwc-cmm.org\/en\/stories\/learning-together-discern-will-god\/","og_locale":"fr_FR","og_type":"article","og_title":"Apprendre ensemble \u00e0 discerner la volont\u00e9 de Dieu - Mennonite World Conference","og_description":"Mercredi matin Apprendre ensemble \u00e0 discerner la volont\u00e9 de Dieu : les premiers chr\u00e9tiens, d\u00e8s l\u2019origine, ont \u00e9t\u00e9 confront\u00e9s \u00e0 ce d\u00e9fi. En effet, \u2018apprendre ensemble \u00e0 discerner la volont\u00e9 de Dieu\u2019 n\u2019est pas un v\u0153u pieux ! Ce n\u2019est pas un processus confortable. En fait, c\u2019est le grand d\u00e9fi de la vie chr\u00e9tienne, de [&hellip;]","og_url":"https:\/\/mwc-cmm.org\/en\/stories\/learning-together-discern-will-god\/","og_site_name":"Mennonite World Conference","article_publisher":"https:\/\/www.facebook.com\/MennoniteWorldConference","article_published_time":"2022-11-08T00:00:00+00:00","article_modified_time":"2024-12-10T17:19:37+00:00","og_image":[{"width":2560,"height":1707,"url":"https:\/\/mwc-cmm.org\/wp-content\/uploads\/2024\/11\/20220706tizbrotosudarmop1010157-scaled.jpg","type":"image\/jpeg"}],"author":"mennworldcon","schema":{"@context":"https:\/\/schema.org","@graph":[{"@type":"Article","@id":"https:\/\/mwc-cmm.org\/en\/stories\/learning-together-discern-will-god\/#article","isPartOf":{"@id":"https:\/\/mwc-cmm.org\/en\/stories\/learning-together-discern-will-god\/"},"author":{"name":"mennworldcon","@id":"https:\/\/mwc-cmm.org\/en\/#\/schema\/person\/11f6ae0d7d1868ba20a1cc27f067c836"},"headline":"Apprendre ensemble \u00e0 discerner la volont\u00e9 de Dieu","datePublished":"2022-11-08T00:00:00+00:00","dateModified":"2024-12-10T17:19:37+00:00","mainEntityOfPage":{"@id":"https:\/\/mwc-cmm.org\/en\/stories\/learning-together-discern-will-god\/"},"wordCount":1230,"publisher":{"@id":"https:\/\/mwc-cmm.org\/en\/#organization"},"image":{"@id":"https:\/\/mwc-cmm.org\/en\/stories\/learning-together-discern-will-god\/#primaryimage"},"thumbnailUrl":"https:\/\/mwc-cmm.org\/wp-content\/uploads\/2024\/11\/20220706tizbrotosudarmop1010157-scaled.jpg","articleSection":["Non classifi\u00e9(e)"],"inLanguage":"fr-FR"},{"@type":"WebPage","@id":"https:\/\/mwc-cmm.org\/en\/stories\/learning-together-discern-will-god\/","url":"https:\/\/mwc-cmm.org\/en\/stories\/learning-together-discern-will-god\/","name":"Apprendre ensemble \u00e0 discerner la volont\u00e9 de Dieu - Mennonite World Conference","isPartOf":{"@id":"https:\/\/mwc-cmm.org\/en\/#website"},"primaryImageOfPage":{"@id":"https:\/\/mwc-cmm.org\/en\/stories\/learning-together-discern-will-god\/#primaryimage"},"image":{"@id":"https:\/\/mwc-cmm.org\/en\/stories\/learning-together-discern-will-god\/#primaryimage"},"thumbnailUrl":"https:\/\/mwc-cmm.org\/wp-content\/uploads\/2024\/11\/20220706tizbrotosudarmop1010157-scaled.jpg","datePublished":"2022-11-08T00:00:00+00:00","dateModified":"2024-12-10T17:19:37+00:00","breadcrumb":{"@id":"https:\/\/mwc-cmm.org\/en\/stories\/learning-together-discern-will-god\/#breadcrumb"},"inLanguage":"fr-FR","potentialAction":[{"@type":"ReadAction","target":["https:\/\/mwc-cmm.org\/en\/stories\/learning-together-discern-will-god\/"]}]},{"@type":"ImageObject","inLanguage":"fr-FR","@id":"https:\/\/mwc-cmm.org\/en\/stories\/learning-together-discern-will-god\/#primaryimage","url":"https:\/\/mwc-cmm.org\/wp-content\/uploads\/2024\/11\/20220706tizbrotosudarmop1010157-scaled.jpg","contentUrl":"https:\/\/mwc-cmm.org\/wp-content\/uploads\/2024\/11\/20220706tizbrotosudarmop1010157-scaled.jpg","width":2560,"height":1707},{"@type":"BreadcrumbList","@id":"https:\/\/mwc-cmm.org\/en\/stories\/learning-together-discern-will-god\/#breadcrumb","itemListElement":[{"@type":"ListItem","position":1,"name":"Home","item":"https:\/\/mwc-cmm.org\/fr\/"},{"@type":"ListItem","position":2,"name":"Apprendre ensemble \u00e0 discerner la volont\u00e9 de Dieu"}]},{"@type":"WebSite","@id":"https:\/\/mwc-cmm.org\/en\/#website","url":"https:\/\/mwc-cmm.org\/en\/","name":"Mennonite World Conference","description":"A communion of Anabaptist-related churches","publisher":{"@id":"https:\/\/mwc-cmm.org\/en\/#organization"},"alternateName":"MWC","potentialAction":[{"@type":"SearchAction","target":{"@type":"EntryPoint","urlTemplate":"https:\/\/mwc-cmm.org\/en\/?s={search_term_string}"},"query-input":{"@type":"PropertyValueSpecification","valueRequired":true,"valueName":"search_term_string"}}],"inLanguage":"fr-FR"},{"@type":"Organization","@id":"https:\/\/mwc-cmm.org\/en\/#organization","name":"Mennonite World Conference","alternateName":"MWC","url":"https:\/\/mwc-cmm.org\/en\/","logo":{"@type":"ImageObject","inLanguage":"fr-FR","@id":"https:\/\/mwc-cmm.org\/en\/#\/schema\/logo\/image\/","url":"https:\/\/mwc-cmm.org\/wp-content\/uploads\/2026\/01\/MWC_Sig_Blue_Horiz_webheader1-logo.svg","contentUrl":"https:\/\/mwc-cmm.org\/wp-content\/uploads\/2026\/01\/MWC_Sig_Blue_Horiz_webheader1-logo.svg","width":786,"height":82,"caption":"Mennonite World Conference"},"image":{"@id":"https:\/\/mwc-cmm.org\/en\/#\/schema\/logo\/image\/"},"sameAs":["https:\/\/www.facebook.com\/MennoniteWorldConference","https:\/\/www.linkedin.com\/company\/mennonite-world-conference-mwc\/","https:\/\/www.instagram.com\/mwcmm\/","https:\/\/www.youtube.com\/user\/mwccmm","https:\/\/bsky.app\/profile\/mwcmm.bsky.social"]},{"@type":"Person","@id":"https:\/\/mwc-cmm.org\/en\/#\/schema\/person\/11f6ae0d7d1868ba20a1cc27f067c836","name":"mennworldcon","image":{"@type":"ImageObject","inLanguage":"fr-FR","@id":"https:\/\/secure.gravatar.com\/avatar\/06fdc0dc81c157dfdb82ec42f252178a22307808988d22c043f9eb96f1e0fe80?s=96&d=mm&r=g","url":"https:\/\/secure.gravatar.com\/avatar\/06fdc0dc81c157dfdb82ec42f252178a22307808988d22c043f9eb96f1e0fe80?s=96&d=mm&r=g","contentUrl":"https:\/\/secure.gravatar.com\/avatar\/06fdc0dc81c157dfdb82ec42f252178a22307808988d22c043f9eb96f1e0fe80?s=96&d=mm&r=g","caption":"mennworldcon"},"sameAs":["https:\/\/mwc-cmm.org"],"url":"https:\/\/mwc-cmm.org\/fr\/stories\/author\/mennworldcon\/"}]}},"_links":{"self":[{"href":"https:\/\/mwc-cmm.org\/fr\/wp-json\/wp\/v2\/posts\/10451","targetHints":{"allow":["GET"]}}],"collection":[{"href":"https:\/\/mwc-cmm.org\/fr\/wp-json\/wp\/v2\/posts"}],"about":[{"href":"https:\/\/mwc-cmm.org\/fr\/wp-json\/wp\/v2\/types\/post"}],"author":[{"embeddable":true,"href":"https:\/\/mwc-cmm.org\/fr\/wp-json\/wp\/v2\/users\/1"}],"replies":[{"embeddable":true,"href":"https:\/\/mwc-cmm.org\/fr\/wp-json\/wp\/v2\/comments?post=10451"}],"version-history":[{"count":0,"href":"https:\/\/mwc-cmm.org\/fr\/wp-json\/wp\/v2\/posts\/10451\/revisions"}],"wp:featuredmedia":[{"embeddable":true,"href":"https:\/\/mwc-cmm.org\/fr\/wp-json\/wp\/v2\/media\/95906"}],"wp:attachment":[{"href":"https:\/\/mwc-cmm.org\/fr\/wp-json\/wp\/v2\/media?parent=10451"}],"wp:term":[{"taxonomy":"category","embeddable":true,"href":"https:\/\/mwc-cmm.org\/fr\/wp-json\/wp\/v2\/categories?post=10451"},{"taxonomy":"post_tag","embeddable":true,"href":"https:\/\/mwc-cmm.org\/fr\/wp-json\/wp\/v2\/tags?post=10451"},{"taxonomy":"network","embeddable":true,"href":"https:\/\/mwc-cmm.org\/fr\/wp-json\/wp\/v2\/network?post=10451"},{"taxonomy":"eventcategory","embeddable":true,"href":"https:\/\/mwc-cmm.org\/fr\/wp-json\/wp\/v2\/eventcategory?post=10451"}],"curies":[{"name":"wp","href":"https:\/\/api.w.org\/{rel}","templated":true}]}}