{"id":10437,"date":"2022-10-05T00:00:00","date_gmt":"2022-10-05T00:00:00","guid":{"rendered":"https:\/\/mwc-cmm.org\/a-journey-of-understanding-3\/"},"modified":"2024-12-10T17:19:30","modified_gmt":"2024-12-10T17:19:30","slug":"un-cheminement-vers-la-comprehension","status":"publish","type":"post","link":"https:\/\/mwc-cmm.org\/fr\/stories\/un-cheminement-vers-la-comprehension\/","title":{"rendered":"Un cheminement vers la compr\u00e9hension"},"content":{"rendered":"<p>C\u2019est avec un grand empressement que je suis all\u00e9e assister \u00e0 une conf\u00e9rence de l\u2019\u00c9glise des Fr\u00e8res en Christ (BICC) au Mozambique, en juillet 2016. C\u2019\u00e9tait mon premier voyage en tant que <a href=\"\/fr\/node\/94\">repr\u00e9sentante r\u00e9gionale<\/a> de la Conf\u00e9rence Mennonite Mondiale. La conf\u00e9rence s\u2019est tenue dans une petite ville appel\u00e9e Milange, dans la partie nord du Mozambique, \u00e0 la fronti\u00e8re du Malawi.&nbsp;<\/p>\n<p>Malheureusement, je ne connaissais aucune des langues du Mozambique, officielles ou locales. J\u2019ai essay\u00e9 de communiquer avec la langue des signes jusqu\u2019\u00e0 ce que les gens comprennent ce que je demandais&nbsp;: qu\u2019on me montre o\u00f9 se trouvait le lieu de la r\u00e9union.&nbsp;&nbsp;<\/p>\n<p>Un homme sur une motocyclette m\u2019a fait signe de m\u2019asseoir derri\u00e8re lui. Je n\u2019\u00e9tais jamais mont\u00e9 sur une moto. Je suis mont\u00e9 \u00e0 califourchon, mais je ne savais pas o\u00f9 placer mes pieds et mes mains. Alors, je me suis accroch\u00e9 au dos de cet homme comme si ma vie en d\u00e9pendait. Dieu merci, il faisait nuit, personne ne pouvait \u00eatre t\u00e9moin du spectacle.&nbsp;&nbsp;<\/p>\n<p>Pendant que cet homme s\u2019enfon\u00e7ait dans l\u2019obscurit\u00e9, la panique s\u2019est install\u00e9e. Arriverais-je au lieu de rencontre&nbsp;? Mille et une pens\u00e9es d\u00e9sagr\u00e9ables m\u2019ont travers\u00e9 l\u2019esprit.&nbsp;&nbsp;<\/p>\n<p>Tout \u00e0 coup, il s\u2019est arr\u00eat\u00e9. Il y avait deux v\u00e9hicules dans l\u2019obscurit\u00e9 et des gens qui grouillaient.&nbsp;&nbsp;<\/p>\n<p>Alors que <a href=\"\/fr\/node\/637\">j\u2019\u00e9tais en proie aux tourments, j\u2019ai \u00e9t\u00e9 accueillie par le r\u00e9v\u00e9rend Laston <\/a>Bissani, un missionnaire du Malawi au Mozambique. Je l\u2019avais rencontr\u00e9 une fois au Zimbabwe. On m\u2019a fait asseoir sur une chaise, o\u00f9 se trouvaient un missionnaire du Zimbabwe et son \u00e9pouse. Un doux soulagement.&nbsp;&nbsp;<\/p>\n<p>La conf\u00e9rence s\u2019est tenue dans un lieu de fortune, sur un terrain en plein air avec du chaume bordant un c\u00f4t\u00e9. Les femmes \u00e9taient assises \u00e0 m\u00eame le sol sur des morceaux de tissu. La soir\u00e9e \u00e9tait fra\u00eeche, mais beaucoup de femmes et d\u2019enfants n\u2019avaient pas de v\u00eatements chauds.&nbsp;&nbsp;<\/p>\n<p>Au fur et \u00e0 mesure que la situation se pr\u00e9sentait, j\u2019\u00e9tais envahie par un sentiment d\u2019humilit\u00e9. Dans une pauvret\u00e9 lamentable, c\u2019est tout ce qu\u2019il fallait \u00e0 ces personnes pour chercher leur Dieu vivant.&nbsp;<\/p>\n<p>Malgr\u00e9 tout, les hommes, les femmes et les enfants ont chant\u00e9 avec entrain et enthousiasme&nbsp;!&nbsp;&nbsp;<\/p>\n<p>J\u2019\u00e9tais une personne transform\u00e9e \u00e0 la fin de ce culte. Je suis sortie de cette conf\u00e9rence en appr\u00e9ciant davantage les diff\u00e9rences de lieu et de style de culte. Nous sommes tous des enfants de Dieu, n\u00e9s et \u00e9lev\u00e9s dans des environnements diff\u00e9rents.&nbsp;&nbsp;<\/p>\n<figure class=\"image\" style=\"float:right\"><img decoding=\"async\" alt=\"\" height=\"199\" data-src=\"https:\/\/mwc-cmm.org\/wp-content\/uploads\/2024\/10\/20160716-barbarankala-bicc_conference_in_mozambique-scaled.jpg\" width=\"299\" src=\"data:image\/svg+xml;base64,PHN2ZyB3aWR0aD0iMSIgaGVpZ2h0PSIxIiB4bWxucz0iaHR0cDovL3d3dy53My5vcmcvMjAwMC9zdmciPjwvc3ZnPg==\" class=\"lazyload\" style=\"--smush-placeholder-width: 299px; --smush-placeholder-aspect-ratio: 299\/199;\"><figcaption>La convention de BICC Mozambique \u00e0 Milange en 2016.&nbsp;<br \/>\nPhoto : Barbara Nkala<\/figcaption><\/figure>\n<p>Lorsque vous n\u2019avez pas eu l\u2019occasion d\u2019appartenir \u00e0 une plus grande institution internationale, votre point de vue sur les autres confessions est limit\u00e9. Vous \u00eates li\u00e9s dans une \u00e9troite perspective avec toutes sortes de pens\u00e9es n\u00e9gatives \u00e0 l\u2019\u00e9gard des autres. Je vois comment la perp\u00e9tuation des malentendus parmi les croyants chr\u00e9tiens est un truc du diable qui se nourrit de la division.&nbsp;&nbsp;<\/p>\n<p>La CMM m\u2019a fait m\u00fbrir en ce qui concerne les diff\u00e9rentes pratiques de foi. Les efforts pour combler les diff\u00e9rences entre les \u00e9glises du monde m\u2019ont beaucoup touch\u00e9e. En effet, l\u2019unit\u00e9 dans la diversit\u00e9 est possible si nous essayons tous.&nbsp;<\/p>\n<p>Gr\u00e2ce \u00e0 la CMM, j\u2019ai appris combien il est enrichissant d\u2019entendre le r\u00e9cit de diverses exp\u00e9riences. J\u2019appr\u00e9cie beaucoup le concept de consensus lorsqu\u2019il faut se mettre d\u2019accord sur une r\u00e9solution. C\u2019est une preuve de respect envers les personnes qui ont des opinions divergentes et qui sont rassur\u00e9es en sachant que leur opinion est consid\u00e9r\u00e9e. C\u2019est l\u2019amour en action. C\u2019est la voie de J\u00e9sus.&nbsp;<\/p>\n<p>L\u2019<a href=\"\/fr\/node\/149\">Assembl\u00e9e<\/a><a href=\"\/fr\/node\/149\"> <\/a>en <a href=\"\/fr\/node\/4376\">Indon\u00e9sie <\/a>m\u2019a fait voir qu\u2019il est possible de s\u2019adapter \u00e0 la situation et d\u2019adopter de nouvelles m\u00e9thodes. Il est possible de se r\u00e9unir \u00e0 l\u2019\u00e9chelle internationale sur une plateforme virtuelle et de prendre des d\u00e9cisions. Les r\u00e9unions importantes n\u2019ont pas \u00e0 attendre les r\u00e9unions en pr\u00e9sentiel.&nbsp;&nbsp;<\/p>\n<p>Pour les cinq prochaines ann\u00e9es, je vois une plus grande coh\u00e9sion de l\u2019\u00c9glise chr\u00e9tienne, une meilleure appr\u00e9ciation des diff\u00e9rents points de vue et une plus grande compr\u00e9hension mutuelle. Je vois la CMM continuer \u00e0 engager les confessions. Je vois un moment o\u00f9 l\u2019\u00c9glise mondiale d\u00e9cidera de tenir une grande c\u00e9l\u00e9bration ensemble, dans l\u2019unit\u00e9 de l\u2019esprit.&nbsp;&nbsp;<\/p>\n<p>Ma pri\u00e8re&nbsp;:&nbsp;<\/p>\n<ul>\n<li>Que la CMM puisse continuer \u00e0 \u00eatre une voix \u00e9loquente pour la justice sociale dans le monde entier.&nbsp;<\/li>\n<li>Que la CMM ne vacille pas dans sa qu\u00eate d\u2019engagement avec les confessions pour une meilleure compr\u00e9hension et de bonnes relations.&nbsp;<\/li>\n<li>Que Dieu continue \u00e0 fournir un financement ad\u00e9quat pour toutes les activit\u00e9s pr\u00e9vues.&nbsp;<\/li>\n<\/ul>\n<p><em>\u2014 Barbara Nkala a \u00e9t\u00e9 repr\u00e9sentante r\u00e9gionale de la CMM pour l\u2019Afrique australe (2016-2022). Enseignante et conf\u00e9renci\u00e8re, elle fait actuellement partie du Conseil de la Conf\u00e9rence g\u00e9n\u00e9rale de BICC Zimbabwe. Elle est la fondatrice d\u2019un trust litt\u00e9raire visant \u00e0 d\u00e9velopper et pr\u00e9server la langue nd\u00e9b\u00e9l\u00e9 pour la prochaine g\u00e9n\u00e9ration. Elle compile et \u00e9crit \u00e9galement des articles, des histoires et des d\u00e9votions en langue nd\u00e9b\u00e9l\u00e9.&nbsp;&nbsp;<\/em><\/p>\n<table style=\"width:300px\">\n<tbody>\n<tr>\n<td>\n<h3><a href=\"https:\/\/mwc-cmm.org\/fr\/stories\/une-ecole-damour-et-dentraide\">Cliquez ici pour lire les r\u00e9flexions de&nbsp;Francisca Ibanda<\/a><\/h3>\n<\/td>\n<\/tr>\n<\/tbody>\n<\/table>\n<p>&nbsp;<\/p>\n","protected":false},"excerpt":{"rendered":"<p>C\u2019est avec un grand empressement que je suis all\u00e9e assister \u00e0 une conf\u00e9rence de l\u2019\u00c9glise des Fr\u00e8res en Christ (BICC) au Mozambique, en juillet 2016. C\u2019\u00e9tait mon premier voyage en tant que repr\u00e9sentante r\u00e9gionale de la Conf\u00e9rence Mennonite Mondiale. La conf\u00e9rence s\u2019est tenue dans une petite ville appel\u00e9e Milange, dans la partie nord du Mozambique, [&hellip;]<\/p>\n","protected":false},"author":1,"featured_media":95723,"comment_status":"closed","ping_status":"closed","sticky":false,"template":"","format":"standard","meta":{"_acf_changed":false,"footnotes":""},"categories":[7],"tags":[],"network":[],"eventcategory":[],"class_list":["post-10437","post","type-post","status-publish","format-standard","has-post-thumbnail","hentry","category-non-classifiee"],"acf":[],"yoast_head":"<!-- This site is optimized with the Yoast SEO plugin v27.2 - https:\/\/yoast.com\/product\/yoast-seo-wordpress\/ -->\n<title>Un cheminement vers la compr\u00e9hension - Mennonite World Conference<\/title>\n<meta name=\"robots\" content=\"index, follow, max-snippet:-1, max-image-preview:large, max-video-preview:-1\" \/>\n<link rel=\"canonical\" href=\"https:\/\/mwc-cmm.org\/fr\/stories\/un-cheminement-vers-la-comprehension\/\" \/>\n<meta property=\"og:locale\" content=\"fr_FR\" \/>\n<meta property=\"og:type\" content=\"article\" \/>\n<meta property=\"og:title\" content=\"Un cheminement vers la compr\u00e9hension - Mennonite World Conference\" \/>\n<meta property=\"og:description\" content=\"C\u2019est avec un grand empressement que je suis all\u00e9e assister \u00e0 une conf\u00e9rence de l\u2019\u00c9glise des Fr\u00e8res en Christ (BICC) au Mozambique, en juillet 2016. C\u2019\u00e9tait mon premier voyage en tant que repr\u00e9sentante r\u00e9gionale de la Conf\u00e9rence Mennonite Mondiale. La conf\u00e9rence s\u2019est tenue dans une petite ville appel\u00e9e Milange, dans la partie nord du Mozambique, [&hellip;]\" \/>\n<meta property=\"og:url\" content=\"https:\/\/mwc-cmm.org\/fr\/stories\/un-cheminement-vers-la-comprehension\/\" \/>\n<meta property=\"og:site_name\" content=\"Mennonite World Conference\" \/>\n<meta property=\"article:publisher\" content=\"https:\/\/www.facebook.com\/MennoniteWorldConference\" \/>\n<meta property=\"article:published_time\" content=\"2022-10-05T00:00:00+00:00\" \/>\n<meta property=\"article:modified_time\" content=\"2024-12-10T17:19:30+00:00\" \/>\n<meta property=\"og:image\" content=\"https:\/\/mwc-cmm.org\/wp-content\/uploads\/2024\/11\/45206689691_d798ecf67a_c.jpg\" \/>\n\t<meta property=\"og:image:width\" content=\"800\" \/>\n\t<meta property=\"og:image:height\" content=\"450\" \/>\n\t<meta property=\"og:image:type\" content=\"image\/jpeg\" \/>\n<meta name=\"author\" content=\"mennworldcon\" \/>\n<script type=\"application\/ld+json\" class=\"yoast-schema-graph\">{\"@context\":\"https:\/\/schema.org\",\"@graph\":[{\"@type\":\"Article\",\"@id\":\"https:\/\/mwc-cmm.org\/fr\/stories\/un-cheminement-vers-la-comprehension\/#article\",\"isPartOf\":{\"@id\":\"https:\/\/mwc-cmm.org\/fr\/stories\/un-cheminement-vers-la-comprehension\/\"},\"author\":{\"name\":\"mennworldcon\",\"@id\":\"https:\/\/mwc-cmm.org\/en\/#\/schema\/person\/11f6ae0d7d1868ba20a1cc27f067c836\"},\"headline\":\"Un cheminement vers la compr\u00e9hension\",\"datePublished\":\"2022-10-05T00:00:00+00:00\",\"dateModified\":\"2024-12-10T17:19:30+00:00\",\"mainEntityOfPage\":{\"@id\":\"https:\/\/mwc-cmm.org\/fr\/stories\/un-cheminement-vers-la-comprehension\/\"},\"wordCount\":978,\"publisher\":{\"@id\":\"https:\/\/mwc-cmm.org\/en\/#organization\"},\"image\":{\"@id\":\"https:\/\/mwc-cmm.org\/fr\/stories\/un-cheminement-vers-la-comprehension\/#primaryimage\"},\"thumbnailUrl\":\"https:\/\/mwc-cmm.org\/wp-content\/uploads\/2024\/11\/45206689691_d798ecf67a_c.jpg\",\"articleSection\":[\"Non classifi\u00e9(e)\"],\"inLanguage\":\"fr-FR\"},{\"@type\":\"WebPage\",\"@id\":\"https:\/\/mwc-cmm.org\/fr\/stories\/un-cheminement-vers-la-comprehension\/\",\"url\":\"https:\/\/mwc-cmm.org\/fr\/stories\/un-cheminement-vers-la-comprehension\/\",\"name\":\"Un cheminement vers la compr\u00e9hension - Mennonite World Conference\",\"isPartOf\":{\"@id\":\"https:\/\/mwc-cmm.org\/en\/#website\"},\"primaryImageOfPage\":{\"@id\":\"https:\/\/mwc-cmm.org\/fr\/stories\/un-cheminement-vers-la-comprehension\/#primaryimage\"},\"image\":{\"@id\":\"https:\/\/mwc-cmm.org\/fr\/stories\/un-cheminement-vers-la-comprehension\/#primaryimage\"},\"thumbnailUrl\":\"https:\/\/mwc-cmm.org\/wp-content\/uploads\/2024\/11\/45206689691_d798ecf67a_c.jpg\",\"datePublished\":\"2022-10-05T00:00:00+00:00\",\"dateModified\":\"2024-12-10T17:19:30+00:00\",\"breadcrumb\":{\"@id\":\"https:\/\/mwc-cmm.org\/fr\/stories\/un-cheminement-vers-la-comprehension\/#breadcrumb\"},\"inLanguage\":\"fr-FR\",\"potentialAction\":[{\"@type\":\"ReadAction\",\"target\":[\"https:\/\/mwc-cmm.org\/fr\/stories\/un-cheminement-vers-la-comprehension\/\"]}]},{\"@type\":\"ImageObject\",\"inLanguage\":\"fr-FR\",\"@id\":\"https:\/\/mwc-cmm.org\/fr\/stories\/un-cheminement-vers-la-comprehension\/#primaryimage\",\"url\":\"https:\/\/mwc-cmm.org\/wp-content\/uploads\/2024\/11\/45206689691_d798ecf67a_c.jpg\",\"contentUrl\":\"https:\/\/mwc-cmm.org\/wp-content\/uploads\/2024\/11\/45206689691_d798ecf67a_c.jpg\",\"width\":800,\"height\":450},{\"@type\":\"BreadcrumbList\",\"@id\":\"https:\/\/mwc-cmm.org\/fr\/stories\/un-cheminement-vers-la-comprehension\/#breadcrumb\",\"itemListElement\":[{\"@type\":\"ListItem\",\"position\":1,\"name\":\"Home\",\"item\":\"https:\/\/mwc-cmm.org\/fr\/\"},{\"@type\":\"ListItem\",\"position\":2,\"name\":\"Un cheminement vers la compr\u00e9hension\"}]},{\"@type\":\"WebSite\",\"@id\":\"https:\/\/mwc-cmm.org\/en\/#website\",\"url\":\"https:\/\/mwc-cmm.org\/en\/\",\"name\":\"Mennonite World Conference\",\"description\":\"A communion of Anabaptist-related churches\",\"publisher\":{\"@id\":\"https:\/\/mwc-cmm.org\/en\/#organization\"},\"alternateName\":\"MWC\",\"potentialAction\":[{\"@type\":\"SearchAction\",\"target\":{\"@type\":\"EntryPoint\",\"urlTemplate\":\"https:\/\/mwc-cmm.org\/en\/?s={search_term_string}\"},\"query-input\":{\"@type\":\"PropertyValueSpecification\",\"valueRequired\":true,\"valueName\":\"search_term_string\"}}],\"inLanguage\":\"fr-FR\"},{\"@type\":\"Organization\",\"@id\":\"https:\/\/mwc-cmm.org\/en\/#organization\",\"name\":\"Mennonite World Conference\",\"alternateName\":\"MWC\",\"url\":\"https:\/\/mwc-cmm.org\/en\/\",\"logo\":{\"@type\":\"ImageObject\",\"inLanguage\":\"fr-FR\",\"@id\":\"https:\/\/mwc-cmm.org\/en\/#\/schema\/logo\/image\/\",\"url\":\"https:\/\/mwc-cmm.org\/wp-content\/uploads\/2026\/01\/MWC_Sig_Blue_Horiz_webheader1-logo.svg\",\"contentUrl\":\"https:\/\/mwc-cmm.org\/wp-content\/uploads\/2026\/01\/MWC_Sig_Blue_Horiz_webheader1-logo.svg\",\"width\":786,\"height\":82,\"caption\":\"Mennonite World Conference\"},\"image\":{\"@id\":\"https:\/\/mwc-cmm.org\/en\/#\/schema\/logo\/image\/\"},\"sameAs\":[\"https:\/\/www.facebook.com\/MennoniteWorldConference\",\"https:\/\/www.linkedin.com\/company\/mennonite-world-conference-mwc\/\",\"https:\/\/www.instagram.com\/mwcmm\/\",\"https:\/\/www.youtube.com\/user\/mwccmm\",\"https:\/\/bsky.app\/profile\/mwcmm.bsky.social\"]},{\"@type\":\"Person\",\"@id\":\"https:\/\/mwc-cmm.org\/en\/#\/schema\/person\/11f6ae0d7d1868ba20a1cc27f067c836\",\"name\":\"mennworldcon\",\"image\":{\"@type\":\"ImageObject\",\"inLanguage\":\"fr-FR\",\"@id\":\"https:\/\/secure.gravatar.com\/avatar\/06fdc0dc81c157dfdb82ec42f252178a22307808988d22c043f9eb96f1e0fe80?s=96&d=mm&r=g\",\"url\":\"https:\/\/secure.gravatar.com\/avatar\/06fdc0dc81c157dfdb82ec42f252178a22307808988d22c043f9eb96f1e0fe80?s=96&d=mm&r=g\",\"contentUrl\":\"https:\/\/secure.gravatar.com\/avatar\/06fdc0dc81c157dfdb82ec42f252178a22307808988d22c043f9eb96f1e0fe80?s=96&d=mm&r=g\",\"caption\":\"mennworldcon\"},\"sameAs\":[\"https:\/\/mwc-cmm.org\"],\"url\":\"https:\/\/mwc-cmm.org\/fr\/stories\/author\/mennworldcon\/\"}]}<\/script>\n<!-- \/ Yoast SEO plugin. -->","yoast_head_json":{"title":"Un cheminement vers la compr\u00e9hension - Mennonite World Conference","robots":{"index":"index","follow":"follow","max-snippet":"max-snippet:-1","max-image-preview":"max-image-preview:large","max-video-preview":"max-video-preview:-1"},"canonical":"https:\/\/mwc-cmm.org\/fr\/stories\/un-cheminement-vers-la-comprehension\/","og_locale":"fr_FR","og_type":"article","og_title":"Un cheminement vers la compr\u00e9hension - Mennonite World Conference","og_description":"C\u2019est avec un grand empressement que je suis all\u00e9e assister \u00e0 une conf\u00e9rence de l\u2019\u00c9glise des Fr\u00e8res en Christ (BICC) au Mozambique, en juillet 2016. C\u2019\u00e9tait mon premier voyage en tant que repr\u00e9sentante r\u00e9gionale de la Conf\u00e9rence Mennonite Mondiale. La conf\u00e9rence s\u2019est tenue dans une petite ville appel\u00e9e Milange, dans la partie nord du Mozambique, [&hellip;]","og_url":"https:\/\/mwc-cmm.org\/fr\/stories\/un-cheminement-vers-la-comprehension\/","og_site_name":"Mennonite World Conference","article_publisher":"https:\/\/www.facebook.com\/MennoniteWorldConference","article_published_time":"2022-10-05T00:00:00+00:00","article_modified_time":"2024-12-10T17:19:30+00:00","og_image":[{"width":800,"height":450,"url":"https:\/\/mwc-cmm.org\/wp-content\/uploads\/2024\/11\/45206689691_d798ecf67a_c.jpg","type":"image\/jpeg"}],"author":"mennworldcon","schema":{"@context":"https:\/\/schema.org","@graph":[{"@type":"Article","@id":"https:\/\/mwc-cmm.org\/fr\/stories\/un-cheminement-vers-la-comprehension\/#article","isPartOf":{"@id":"https:\/\/mwc-cmm.org\/fr\/stories\/un-cheminement-vers-la-comprehension\/"},"author":{"name":"mennworldcon","@id":"https:\/\/mwc-cmm.org\/en\/#\/schema\/person\/11f6ae0d7d1868ba20a1cc27f067c836"},"headline":"Un cheminement vers la compr\u00e9hension","datePublished":"2022-10-05T00:00:00+00:00","dateModified":"2024-12-10T17:19:30+00:00","mainEntityOfPage":{"@id":"https:\/\/mwc-cmm.org\/fr\/stories\/un-cheminement-vers-la-comprehension\/"},"wordCount":978,"publisher":{"@id":"https:\/\/mwc-cmm.org\/en\/#organization"},"image":{"@id":"https:\/\/mwc-cmm.org\/fr\/stories\/un-cheminement-vers-la-comprehension\/#primaryimage"},"thumbnailUrl":"https:\/\/mwc-cmm.org\/wp-content\/uploads\/2024\/11\/45206689691_d798ecf67a_c.jpg","articleSection":["Non classifi\u00e9(e)"],"inLanguage":"fr-FR"},{"@type":"WebPage","@id":"https:\/\/mwc-cmm.org\/fr\/stories\/un-cheminement-vers-la-comprehension\/","url":"https:\/\/mwc-cmm.org\/fr\/stories\/un-cheminement-vers-la-comprehension\/","name":"Un cheminement vers la compr\u00e9hension - Mennonite World Conference","isPartOf":{"@id":"https:\/\/mwc-cmm.org\/en\/#website"},"primaryImageOfPage":{"@id":"https:\/\/mwc-cmm.org\/fr\/stories\/un-cheminement-vers-la-comprehension\/#primaryimage"},"image":{"@id":"https:\/\/mwc-cmm.org\/fr\/stories\/un-cheminement-vers-la-comprehension\/#primaryimage"},"thumbnailUrl":"https:\/\/mwc-cmm.org\/wp-content\/uploads\/2024\/11\/45206689691_d798ecf67a_c.jpg","datePublished":"2022-10-05T00:00:00+00:00","dateModified":"2024-12-10T17:19:30+00:00","breadcrumb":{"@id":"https:\/\/mwc-cmm.org\/fr\/stories\/un-cheminement-vers-la-comprehension\/#breadcrumb"},"inLanguage":"fr-FR","potentialAction":[{"@type":"ReadAction","target":["https:\/\/mwc-cmm.org\/fr\/stories\/un-cheminement-vers-la-comprehension\/"]}]},{"@type":"ImageObject","inLanguage":"fr-FR","@id":"https:\/\/mwc-cmm.org\/fr\/stories\/un-cheminement-vers-la-comprehension\/#primaryimage","url":"https:\/\/mwc-cmm.org\/wp-content\/uploads\/2024\/11\/45206689691_d798ecf67a_c.jpg","contentUrl":"https:\/\/mwc-cmm.org\/wp-content\/uploads\/2024\/11\/45206689691_d798ecf67a_c.jpg","width":800,"height":450},{"@type":"BreadcrumbList","@id":"https:\/\/mwc-cmm.org\/fr\/stories\/un-cheminement-vers-la-comprehension\/#breadcrumb","itemListElement":[{"@type":"ListItem","position":1,"name":"Home","item":"https:\/\/mwc-cmm.org\/fr\/"},{"@type":"ListItem","position":2,"name":"Un cheminement vers la compr\u00e9hension"}]},{"@type":"WebSite","@id":"https:\/\/mwc-cmm.org\/en\/#website","url":"https:\/\/mwc-cmm.org\/en\/","name":"Mennonite World Conference","description":"A communion of Anabaptist-related churches","publisher":{"@id":"https:\/\/mwc-cmm.org\/en\/#organization"},"alternateName":"MWC","potentialAction":[{"@type":"SearchAction","target":{"@type":"EntryPoint","urlTemplate":"https:\/\/mwc-cmm.org\/en\/?s={search_term_string}"},"query-input":{"@type":"PropertyValueSpecification","valueRequired":true,"valueName":"search_term_string"}}],"inLanguage":"fr-FR"},{"@type":"Organization","@id":"https:\/\/mwc-cmm.org\/en\/#organization","name":"Mennonite World Conference","alternateName":"MWC","url":"https:\/\/mwc-cmm.org\/en\/","logo":{"@type":"ImageObject","inLanguage":"fr-FR","@id":"https:\/\/mwc-cmm.org\/en\/#\/schema\/logo\/image\/","url":"https:\/\/mwc-cmm.org\/wp-content\/uploads\/2026\/01\/MWC_Sig_Blue_Horiz_webheader1-logo.svg","contentUrl":"https:\/\/mwc-cmm.org\/wp-content\/uploads\/2026\/01\/MWC_Sig_Blue_Horiz_webheader1-logo.svg","width":786,"height":82,"caption":"Mennonite World Conference"},"image":{"@id":"https:\/\/mwc-cmm.org\/en\/#\/schema\/logo\/image\/"},"sameAs":["https:\/\/www.facebook.com\/MennoniteWorldConference","https:\/\/www.linkedin.com\/company\/mennonite-world-conference-mwc\/","https:\/\/www.instagram.com\/mwcmm\/","https:\/\/www.youtube.com\/user\/mwccmm","https:\/\/bsky.app\/profile\/mwcmm.bsky.social"]},{"@type":"Person","@id":"https:\/\/mwc-cmm.org\/en\/#\/schema\/person\/11f6ae0d7d1868ba20a1cc27f067c836","name":"mennworldcon","image":{"@type":"ImageObject","inLanguage":"fr-FR","@id":"https:\/\/secure.gravatar.com\/avatar\/06fdc0dc81c157dfdb82ec42f252178a22307808988d22c043f9eb96f1e0fe80?s=96&d=mm&r=g","url":"https:\/\/secure.gravatar.com\/avatar\/06fdc0dc81c157dfdb82ec42f252178a22307808988d22c043f9eb96f1e0fe80?s=96&d=mm&r=g","contentUrl":"https:\/\/secure.gravatar.com\/avatar\/06fdc0dc81c157dfdb82ec42f252178a22307808988d22c043f9eb96f1e0fe80?s=96&d=mm&r=g","caption":"mennworldcon"},"sameAs":["https:\/\/mwc-cmm.org"],"url":"https:\/\/mwc-cmm.org\/fr\/stories\/author\/mennworldcon\/"}]}},"_links":{"self":[{"href":"https:\/\/mwc-cmm.org\/fr\/wp-json\/wp\/v2\/posts\/10437","targetHints":{"allow":["GET"]}}],"collection":[{"href":"https:\/\/mwc-cmm.org\/fr\/wp-json\/wp\/v2\/posts"}],"about":[{"href":"https:\/\/mwc-cmm.org\/fr\/wp-json\/wp\/v2\/types\/post"}],"author":[{"embeddable":true,"href":"https:\/\/mwc-cmm.org\/fr\/wp-json\/wp\/v2\/users\/1"}],"replies":[{"embeddable":true,"href":"https:\/\/mwc-cmm.org\/fr\/wp-json\/wp\/v2\/comments?post=10437"}],"version-history":[{"count":0,"href":"https:\/\/mwc-cmm.org\/fr\/wp-json\/wp\/v2\/posts\/10437\/revisions"}],"wp:featuredmedia":[{"embeddable":true,"href":"https:\/\/mwc-cmm.org\/fr\/wp-json\/wp\/v2\/media\/95723"}],"wp:attachment":[{"href":"https:\/\/mwc-cmm.org\/fr\/wp-json\/wp\/v2\/media?parent=10437"}],"wp:term":[{"taxonomy":"category","embeddable":true,"href":"https:\/\/mwc-cmm.org\/fr\/wp-json\/wp\/v2\/categories?post=10437"},{"taxonomy":"post_tag","embeddable":true,"href":"https:\/\/mwc-cmm.org\/fr\/wp-json\/wp\/v2\/tags?post=10437"},{"taxonomy":"network","embeddable":true,"href":"https:\/\/mwc-cmm.org\/fr\/wp-json\/wp\/v2\/network?post=10437"},{"taxonomy":"eventcategory","embeddable":true,"href":"https:\/\/mwc-cmm.org\/fr\/wp-json\/wp\/v2\/eventcategory?post=10437"}],"curies":[{"name":"wp","href":"https:\/\/api.w.org\/{rel}","templated":true}]}}