{"id":10405,"date":"2022-07-26T00:00:00","date_gmt":"2022-07-26T00:00:00","guid":{"rendered":"https:\/\/mwc-cmm.org\/shortened-meetings-study-unity-affirm-new-members-3\/"},"modified":"2024-12-10T17:19:10","modified_gmt":"2024-12-10T17:19:10","slug":"des-reunions-abregees-pour-explorer-lunite-et-approuver-les-nouveaux-membres","status":"publish","type":"post","link":"https:\/\/mwc-cmm.org\/fr\/stories\/des-reunions-abregees-pour-explorer-lunite-et-approuver-les-nouveaux-membres\/","title":{"rendered":"Des r\u00e9unions abr\u00e9g\u00e9es pour explorer l&rsquo;unit\u00e9 et approuver les nouveaux membres"},"content":{"rendered":"<h2>R\u00e9unions du Conseil G\u00e9n\u00e9ral<\/h2>\n<p>Alors que les portes ouvertes laissaient passer l&rsquo;appel \u00e0 la pri\u00e8re du muezzin, le Conseil G\u00e9n\u00e9ral chantait, priait, et explorait la communion des \u00c9glises de la Conf\u00e9rence Mennonite Mondiale.<\/p>\n<p>Les r\u00e9unions triennales des repr\u00e9sentants des unions d&rsquo;\u00e9glises membres de la CMM, qui se sont d\u00e9roul\u00e9es en Indon\u00e9sie du 1er au 4 juillet 2022, ont \u00e9t\u00e9 \u00e9court\u00e9es car des participants ont d\u00fb s&rsquo;isoler \u00e0 cause du COVID-19.<\/p>\n<p>Apr\u00e8s une journ\u00e9e de repos impr\u00e9vue le 3 juillet, les membres ont approuv\u00e9 les mandats des nouveaux pr\u00e9sidents de commission, des nouveaux membres du <a href=\"https:\/\/mwc-cmm.org\/fr\/conseil-general\">Comit\u00e9 Ex\u00e9cutif<\/a> (s\u00e9lectionn\u00e9s lors des caucus r\u00e9gionaux) et la candidature de Lisa Carr-Pries comme vice-pr\u00e9sidente. Elle terminera le mandat de Rebecca Osiro qui s&rsquo;est retir\u00e9e en raison d&rsquo;obligations familiales. Le <a href=\"https:\/\/mwc-cmm.org\/fr\/conseil-general\">Conseil g\u00e9n\u00e9ral<\/a> a autoris\u00e9 le Comit\u00e9 ex\u00e9cutif \u00e0 se prononcer sur les autres propositions, tandis qu&rsquo;un membre a signal\u00e9 ne pas y \u00eatre favorable.<\/p>\n<p>Un peu plus t\u00f4t, le Conseil g\u00e9n\u00e9ral avait confirm\u00e9 l&rsquo;accueil comme membres de deux nouvelles unions d&rsquo;\u00e9glises (Communaut\u00e9 Mennonite de Kinshasa en RD Congo et Mennonite Brethren Church au Malawi).<\/p>\n<p>Cela porte le <a href=\"https:\/\/mwc-cmm.org\/fr\/carte-mondiale-0\">nombre de membres<\/a> de 107 (en 2018) \u00e0 109 unions d&rsquo;\u00e9glises nationales et une association internationale.<\/p>\n<h3><strong>\u00ab Votre pri\u00e8re nous porte \u00bb<\/strong><\/h3>\n<p>Chaque soir, Sunoko Lin animait \u00ab la vie dans l&rsquo;\u00e9glise mondiale \u00bb, un temps de partage pour les responsables et de pri\u00e8re pour l&rsquo;\u00e9glise.<\/p>\n<p>\u00ab Nous avons le sentiment d&rsquo;\u00eatre le peuple et le pays oubli\u00e9s \u00bb, a d\u00e9clar\u00e9 Amos Chin, responsable de l&rsquo;\u00e9glise du Myanmar, lors de son intervention. \u00ab Dans les \u00e9preuves de cette p\u00e9riode difficile au Myanmar, Dieu a ouvert une grande porte \u00e0 l&rsquo;\u00e9vang\u00e9lisation. C&rsquo;est la p\u00e9riode la plus gratifiante de notre champ de mission. Nous ne demandons pas de soutien financier, mais nous croyons&#8230; que la pri\u00e8re peut faire la diff\u00e9rence. Votre pri\u00e8re nous porte \u00bb.<\/p>\n<p>L&rsquo;ancien secr\u00e9taire g\u00e9n\u00e9ral de la CMM, Larry Miller, a propos\u00e9 une session de ressourcement sur l&rsquo;unit\u00e9 de l&rsquo;\u00e9glise bas\u00e9e sur Eph\u00e9siens 1:9-10. \u00ab Rien n&rsquo;est en dehors de l&rsquo;unit\u00e9 qui r\u00e9sultera de la gr\u00e2ce de Dieu \u2013 aucune personne, aucune chose, rien \u00bb, a-t-il dit. \u00ab Puissions-nous, \u00e0 la CMM, \u00eatre des instruments qui contribuent \u00e0 l&rsquo;accomplissement de ce plan divin plut\u00f4t que des pierres d&rsquo;achoppement. \u00bb<\/p>\n<h3><strong>Une corde solide<\/strong><\/h3>\n<p>\u00ab Il faut beaucoup de fils pour faire une corde solide \u00bb, dit Arli Klassen, coordinatrice des repr\u00e9sentants r\u00e9gionaux, dans son rapport sur la Part \u00e9quitable, les cotisations des membres de la CMM modul\u00e9es en fonction du niveau de revenu national et de la taille des \u00e9glises. Parmi les changements propos\u00e9s pour la Part \u00e9quitable, citons la r\u00e9duction du montant de la cotisation pour les grandes unions d\u2019\u00e9glises et l&rsquo;arr\u00eat de la prise en compte des contributions individuelles dans la Part \u00e9quitable.<\/p>\n<p>\u00ab La n\u00e9gociation est toujours possible \u00bb, dit Arli Klassen, \u00ab mais cela aide les \u00e9glises lorsque le montant de l&rsquo;engagement n&rsquo;est pas trop \u00e9loign\u00e9 du montant \u00e9valu\u00e9. \u00bb<\/p>\n<p>Par exemple : \u00ab Comme les autres \u00c9glises membres, le Vietnam a toujours respect\u00e9 le montant de la part \u00e9quitable qu&rsquo;il a n\u00e9goci\u00e9 et promis, qui n&rsquo;\u00e9tait pas tout \u00e0 fait le montant \u00e9valu\u00e9 pour ce cycle. \u00bb<\/p>\n<p>Le travail de la CMM n&rsquo;est pas principalement bas\u00e9 sur des projets, explique Jeanette Bissoon, chef des op\u00e9rations, dans son rapport. C&rsquo;est pourquoi les co\u00fbts administratifs ont tendance \u00e0 \u00eatre \u00e9lev\u00e9s par rapport aux autres d\u00e9penses. Au cours de ce triennat, le personnel charg\u00e9 du d\u00e9veloppement a \u00e9t\u00e9 augment\u00e9 avec une nouvelle strat\u00e9gie visant \u00e0 collecter davantage de fonds.<\/p>\n<p>\u00ab Augmenter la force de la CMM nous permet de mieux soutenir nos \u00e9glises pour leur permettre de se d\u00e9velopper \u00bb, dit Jeanette Bissoon.<\/p>\n<h3><strong>Propositions des Commissions<\/strong><\/h3>\n<p>\u00ab [La D\u00e9claration sur l&rsquo;objection de conscience \u00e9labor\u00e9e par la Commission Paix] est n\u00e9e des demandes des \u00e9glises quant aux luttes auxquelles elles sont confront\u00e9es dans leur contexte \u00bb, explique Andrew Suderman, secr\u00e9taire de la Commission Paix. \u00ab L&rsquo;objection de conscience n&rsquo;est pas un concept inconnu ; nous avons une longue histoire de mennonites se d\u00e9clarant objecteurs de conscience \u00e0 la guerre, au service [militaire], \u00e0 la conscription. \u00bb<\/p>\n<p>\u00ab Cela montre un lien historique avec un autre corps \u00bb, dit Glen Guyton, directeur ex\u00e9cutif de MC USA, qui s&rsquo;est retir\u00e9 de l&rsquo;arm\u00e9e apr\u00e8s \u00eatre devenu mennonite. \u00ab Si j&rsquo;avais eu quelque chose comme \u00e7a \u00e0 ma disposition, je l&rsquo;aurais mis dans mon paquetage. Cela aide. \u00bb<\/p>\n<p>La <a href=\"https:\/\/mwc-cmm.org\/fr\/node\/143\">Commission Foi et Vie<\/a> a salu\u00e9 la r\u00e9ception du<a href=\"https:\/\/mwc-cmm.org\/fr\/resources\/bapteme-et-incorporation-dans-le-corps-du-christ-leglise\"> rapport sur le bapt\u00eame<\/a> issu des <a href=\"https:\/\/mwc-cmm.org\/fr\/dialogue-inter-denominationel\">dialogues trilat\u00e9raux<\/a> 2013-2017 avec les luth\u00e9riens et les catholiques. \u00ab Vous avez un travail \u00bb, a dit C\u00e9sar Garc\u00eda, secr\u00e9taire g\u00e9n\u00e9ral de la CMM, aux d\u00e9l\u00e9gu\u00e9s du Conseil g\u00e9n\u00e9ral. \u00ab \u00c9tudiez ce document dans vos communaut\u00e9s. \u00bb<\/p>\n<p>John D. Roth, secr\u00e9taire de la <a href=\"https:\/\/mwc-cmm.org\/fr\/node\/143\">Commission Foi et Vie<\/a>, a pr\u00e9sent\u00e9 la proposition de changement de nom. \u00ab Les \u00e9glises qui ont demand\u00e9 un changement de nom ont r\u00e9agi positivement lorsque la CMM leur a expliqu\u00e9 ce processus \u00bb, dit-il. Les d\u00e9l\u00e9gu\u00e9s du Conseil G\u00e9n\u00e9ral sont charg\u00e9s de transmettre la proposition de nom : Communion Anabaptiste-Mennonite Mondiale \u00e0 leurs responsables d&rsquo;\u00e9glises et de faire part de leurs r\u00e9actions au Comit\u00e9 Ex\u00e9cutif. Ce nom sera soumis au discernement final du Conseil G\u00e9n\u00e9ral en 2025.<\/p>\n","protected":false},"excerpt":{"rendered":"<p>R\u00e9unions du Conseil G\u00e9n\u00e9ral Alors que les portes ouvertes laissaient passer l&rsquo;appel \u00e0 la pri\u00e8re du muezzin, le Conseil G\u00e9n\u00e9ral chantait, priait, et explorait la communion des \u00c9glises de la Conf\u00e9rence Mennonite Mondiale. Les r\u00e9unions triennales des repr\u00e9sentants des unions d&rsquo;\u00e9glises membres de la CMM, qui se sont d\u00e9roul\u00e9es en Indon\u00e9sie du 1er au 4 [&hellip;]<\/p>\n","protected":false},"author":1,"featured_media":95303,"comment_status":"closed","ping_status":"closed","sticky":false,"template":"","format":"standard","meta":{"_acf_changed":false,"footnotes":""},"categories":[7],"tags":[],"network":[],"eventcategory":[],"class_list":["post-10405","post","type-post","status-publish","format-standard","has-post-thumbnail","hentry","category-non-classifiee"],"acf":[],"yoast_head":"<!-- This site is optimized with the Yoast SEO plugin v27.2 - https:\/\/yoast.com\/product\/yoast-seo-wordpress\/ -->\n<title>Des r\u00e9unions abr\u00e9g\u00e9es pour explorer l&#039;unit\u00e9 et approuver les nouveaux membres - Mennonite World Conference<\/title>\n<meta name=\"robots\" content=\"index, follow, max-snippet:-1, max-image-preview:large, max-video-preview:-1\" \/>\n<link rel=\"canonical\" href=\"https:\/\/mwc-cmm.org\/en\/stories\/shortened-meetings-study-unity-affirm-new-members\/\" \/>\n<meta property=\"og:locale\" content=\"fr_FR\" \/>\n<meta property=\"og:type\" content=\"article\" \/>\n<meta property=\"og:title\" content=\"Des r\u00e9unions abr\u00e9g\u00e9es pour explorer l&#039;unit\u00e9 et approuver les nouveaux membres - Mennonite World Conference\" \/>\n<meta property=\"og:description\" content=\"R\u00e9unions du Conseil G\u00e9n\u00e9ral Alors que les portes ouvertes laissaient passer l&rsquo;appel \u00e0 la pri\u00e8re du muezzin, le Conseil G\u00e9n\u00e9ral chantait, priait, et explorait la communion des \u00c9glises de la Conf\u00e9rence Mennonite Mondiale. Les r\u00e9unions triennales des repr\u00e9sentants des unions d&rsquo;\u00e9glises membres de la CMM, qui se sont d\u00e9roul\u00e9es en Indon\u00e9sie du 1er au 4 [&hellip;]\" \/>\n<meta property=\"og:url\" content=\"https:\/\/mwc-cmm.org\/en\/stories\/shortened-meetings-study-unity-affirm-new-members\/\" \/>\n<meta property=\"og:site_name\" content=\"Mennonite World Conference\" \/>\n<meta property=\"article:publisher\" content=\"https:\/\/www.facebook.com\/MennoniteWorldConference\" \/>\n<meta property=\"article:published_time\" content=\"2022-07-26T00:00:00+00:00\" \/>\n<meta property=\"article:modified_time\" content=\"2024-12-10T17:19:10+00:00\" \/>\n<meta property=\"og:image\" content=\"https:\/\/mwc-cmm.org\/wp-content\/uploads\/2024\/11\/img_9087.jpg\" \/>\n\t<meta property=\"og:image:width\" content=\"1920\" \/>\n\t<meta property=\"og:image:height\" content=\"1440\" \/>\n\t<meta property=\"og:image:type\" content=\"image\/jpeg\" \/>\n<meta name=\"author\" content=\"mennworldcon\" \/>\n<script type=\"application\/ld+json\" class=\"yoast-schema-graph\">{\"@context\":\"https:\/\/schema.org\",\"@graph\":[{\"@type\":\"Article\",\"@id\":\"https:\/\/mwc-cmm.org\/en\/stories\/shortened-meetings-study-unity-affirm-new-members\/#article\",\"isPartOf\":{\"@id\":\"https:\/\/mwc-cmm.org\/en\/stories\/shortened-meetings-study-unity-affirm-new-members\/\"},\"author\":{\"name\":\"mennworldcon\",\"@id\":\"https:\/\/mwc-cmm.org\/en\/#\/schema\/person\/11f6ae0d7d1868ba20a1cc27f067c836\"},\"headline\":\"Des r\u00e9unions abr\u00e9g\u00e9es pour explorer l&rsquo;unit\u00e9 et approuver les nouveaux membres\",\"datePublished\":\"2022-07-26T00:00:00+00:00\",\"dateModified\":\"2024-12-10T17:19:10+00:00\",\"mainEntityOfPage\":{\"@id\":\"https:\/\/mwc-cmm.org\/en\/stories\/shortened-meetings-study-unity-affirm-new-members\/\"},\"wordCount\":954,\"publisher\":{\"@id\":\"https:\/\/mwc-cmm.org\/en\/#organization\"},\"image\":{\"@id\":\"https:\/\/mwc-cmm.org\/en\/stories\/shortened-meetings-study-unity-affirm-new-members\/#primaryimage\"},\"thumbnailUrl\":\"https:\/\/mwc-cmm.org\/wp-content\/uploads\/2024\/11\/img_9087.jpg\",\"articleSection\":[\"Non classifi\u00e9(e)\"],\"inLanguage\":\"fr-FR\"},{\"@type\":\"WebPage\",\"@id\":\"https:\/\/mwc-cmm.org\/en\/stories\/shortened-meetings-study-unity-affirm-new-members\/\",\"url\":\"https:\/\/mwc-cmm.org\/en\/stories\/shortened-meetings-study-unity-affirm-new-members\/\",\"name\":\"Des r\u00e9unions abr\u00e9g\u00e9es pour explorer l'unit\u00e9 et approuver les nouveaux membres - Mennonite World Conference\",\"isPartOf\":{\"@id\":\"https:\/\/mwc-cmm.org\/en\/#website\"},\"primaryImageOfPage\":{\"@id\":\"https:\/\/mwc-cmm.org\/en\/stories\/shortened-meetings-study-unity-affirm-new-members\/#primaryimage\"},\"image\":{\"@id\":\"https:\/\/mwc-cmm.org\/en\/stories\/shortened-meetings-study-unity-affirm-new-members\/#primaryimage\"},\"thumbnailUrl\":\"https:\/\/mwc-cmm.org\/wp-content\/uploads\/2024\/11\/img_9087.jpg\",\"datePublished\":\"2022-07-26T00:00:00+00:00\",\"dateModified\":\"2024-12-10T17:19:10+00:00\",\"breadcrumb\":{\"@id\":\"https:\/\/mwc-cmm.org\/en\/stories\/shortened-meetings-study-unity-affirm-new-members\/#breadcrumb\"},\"inLanguage\":\"fr-FR\",\"potentialAction\":[{\"@type\":\"ReadAction\",\"target\":[\"https:\/\/mwc-cmm.org\/en\/stories\/shortened-meetings-study-unity-affirm-new-members\/\"]}]},{\"@type\":\"ImageObject\",\"inLanguage\":\"fr-FR\",\"@id\":\"https:\/\/mwc-cmm.org\/en\/stories\/shortened-meetings-study-unity-affirm-new-members\/#primaryimage\",\"url\":\"https:\/\/mwc-cmm.org\/wp-content\/uploads\/2024\/11\/img_9087.jpg\",\"contentUrl\":\"https:\/\/mwc-cmm.org\/wp-content\/uploads\/2024\/11\/img_9087.jpg\",\"width\":1920,\"height\":1440},{\"@type\":\"BreadcrumbList\",\"@id\":\"https:\/\/mwc-cmm.org\/en\/stories\/shortened-meetings-study-unity-affirm-new-members\/#breadcrumb\",\"itemListElement\":[{\"@type\":\"ListItem\",\"position\":1,\"name\":\"Home\",\"item\":\"https:\/\/mwc-cmm.org\/fr\/\"},{\"@type\":\"ListItem\",\"position\":2,\"name\":\"Des r\u00e9unions abr\u00e9g\u00e9es pour explorer l&#8217;unit\u00e9 et approuver les nouveaux membres\"}]},{\"@type\":\"WebSite\",\"@id\":\"https:\/\/mwc-cmm.org\/en\/#website\",\"url\":\"https:\/\/mwc-cmm.org\/en\/\",\"name\":\"Mennonite World Conference\",\"description\":\"A communion of Anabaptist-related churches\",\"publisher\":{\"@id\":\"https:\/\/mwc-cmm.org\/en\/#organization\"},\"alternateName\":\"MWC\",\"potentialAction\":[{\"@type\":\"SearchAction\",\"target\":{\"@type\":\"EntryPoint\",\"urlTemplate\":\"https:\/\/mwc-cmm.org\/en\/?s={search_term_string}\"},\"query-input\":{\"@type\":\"PropertyValueSpecification\",\"valueRequired\":true,\"valueName\":\"search_term_string\"}}],\"inLanguage\":\"fr-FR\"},{\"@type\":\"Organization\",\"@id\":\"https:\/\/mwc-cmm.org\/en\/#organization\",\"name\":\"Mennonite World Conference\",\"alternateName\":\"MWC\",\"url\":\"https:\/\/mwc-cmm.org\/en\/\",\"logo\":{\"@type\":\"ImageObject\",\"inLanguage\":\"fr-FR\",\"@id\":\"https:\/\/mwc-cmm.org\/en\/#\/schema\/logo\/image\/\",\"url\":\"https:\/\/mwc-cmm.org\/wp-content\/uploads\/2026\/01\/MWC_Sig_Blue_Horiz_webheader1-logo.svg\",\"contentUrl\":\"https:\/\/mwc-cmm.org\/wp-content\/uploads\/2026\/01\/MWC_Sig_Blue_Horiz_webheader1-logo.svg\",\"width\":786,\"height\":82,\"caption\":\"Mennonite World Conference\"},\"image\":{\"@id\":\"https:\/\/mwc-cmm.org\/en\/#\/schema\/logo\/image\/\"},\"sameAs\":[\"https:\/\/www.facebook.com\/MennoniteWorldConference\",\"https:\/\/www.linkedin.com\/company\/mennonite-world-conference-mwc\/\",\"https:\/\/www.instagram.com\/mwcmm\/\",\"https:\/\/www.youtube.com\/user\/mwccmm\",\"https:\/\/bsky.app\/profile\/mwcmm.bsky.social\"]},{\"@type\":\"Person\",\"@id\":\"https:\/\/mwc-cmm.org\/en\/#\/schema\/person\/11f6ae0d7d1868ba20a1cc27f067c836\",\"name\":\"mennworldcon\",\"image\":{\"@type\":\"ImageObject\",\"inLanguage\":\"fr-FR\",\"@id\":\"https:\/\/secure.gravatar.com\/avatar\/06fdc0dc81c157dfdb82ec42f252178a22307808988d22c043f9eb96f1e0fe80?s=96&d=mm&r=g\",\"url\":\"https:\/\/secure.gravatar.com\/avatar\/06fdc0dc81c157dfdb82ec42f252178a22307808988d22c043f9eb96f1e0fe80?s=96&d=mm&r=g\",\"contentUrl\":\"https:\/\/secure.gravatar.com\/avatar\/06fdc0dc81c157dfdb82ec42f252178a22307808988d22c043f9eb96f1e0fe80?s=96&d=mm&r=g\",\"caption\":\"mennworldcon\"},\"sameAs\":[\"https:\/\/mwc-cmm.org\"],\"url\":\"https:\/\/mwc-cmm.org\/fr\/stories\/author\/mennworldcon\/\"}]}<\/script>\n<!-- \/ Yoast SEO plugin. -->","yoast_head_json":{"title":"Des r\u00e9unions abr\u00e9g\u00e9es pour explorer l'unit\u00e9 et approuver les nouveaux membres - Mennonite World Conference","robots":{"index":"index","follow":"follow","max-snippet":"max-snippet:-1","max-image-preview":"max-image-preview:large","max-video-preview":"max-video-preview:-1"},"canonical":"https:\/\/mwc-cmm.org\/en\/stories\/shortened-meetings-study-unity-affirm-new-members\/","og_locale":"fr_FR","og_type":"article","og_title":"Des r\u00e9unions abr\u00e9g\u00e9es pour explorer l'unit\u00e9 et approuver les nouveaux membres - Mennonite World Conference","og_description":"R\u00e9unions du Conseil G\u00e9n\u00e9ral Alors que les portes ouvertes laissaient passer l&rsquo;appel \u00e0 la pri\u00e8re du muezzin, le Conseil G\u00e9n\u00e9ral chantait, priait, et explorait la communion des \u00c9glises de la Conf\u00e9rence Mennonite Mondiale. Les r\u00e9unions triennales des repr\u00e9sentants des unions d&rsquo;\u00e9glises membres de la CMM, qui se sont d\u00e9roul\u00e9es en Indon\u00e9sie du 1er au 4 [&hellip;]","og_url":"https:\/\/mwc-cmm.org\/en\/stories\/shortened-meetings-study-unity-affirm-new-members\/","og_site_name":"Mennonite World Conference","article_publisher":"https:\/\/www.facebook.com\/MennoniteWorldConference","article_published_time":"2022-07-26T00:00:00+00:00","article_modified_time":"2024-12-10T17:19:10+00:00","og_image":[{"width":1920,"height":1440,"url":"https:\/\/mwc-cmm.org\/wp-content\/uploads\/2024\/11\/img_9087.jpg","type":"image\/jpeg"}],"author":"mennworldcon","schema":{"@context":"https:\/\/schema.org","@graph":[{"@type":"Article","@id":"https:\/\/mwc-cmm.org\/en\/stories\/shortened-meetings-study-unity-affirm-new-members\/#article","isPartOf":{"@id":"https:\/\/mwc-cmm.org\/en\/stories\/shortened-meetings-study-unity-affirm-new-members\/"},"author":{"name":"mennworldcon","@id":"https:\/\/mwc-cmm.org\/en\/#\/schema\/person\/11f6ae0d7d1868ba20a1cc27f067c836"},"headline":"Des r\u00e9unions abr\u00e9g\u00e9es pour explorer l&rsquo;unit\u00e9 et approuver les nouveaux membres","datePublished":"2022-07-26T00:00:00+00:00","dateModified":"2024-12-10T17:19:10+00:00","mainEntityOfPage":{"@id":"https:\/\/mwc-cmm.org\/en\/stories\/shortened-meetings-study-unity-affirm-new-members\/"},"wordCount":954,"publisher":{"@id":"https:\/\/mwc-cmm.org\/en\/#organization"},"image":{"@id":"https:\/\/mwc-cmm.org\/en\/stories\/shortened-meetings-study-unity-affirm-new-members\/#primaryimage"},"thumbnailUrl":"https:\/\/mwc-cmm.org\/wp-content\/uploads\/2024\/11\/img_9087.jpg","articleSection":["Non classifi\u00e9(e)"],"inLanguage":"fr-FR"},{"@type":"WebPage","@id":"https:\/\/mwc-cmm.org\/en\/stories\/shortened-meetings-study-unity-affirm-new-members\/","url":"https:\/\/mwc-cmm.org\/en\/stories\/shortened-meetings-study-unity-affirm-new-members\/","name":"Des r\u00e9unions abr\u00e9g\u00e9es pour explorer l'unit\u00e9 et approuver les nouveaux membres - Mennonite World Conference","isPartOf":{"@id":"https:\/\/mwc-cmm.org\/en\/#website"},"primaryImageOfPage":{"@id":"https:\/\/mwc-cmm.org\/en\/stories\/shortened-meetings-study-unity-affirm-new-members\/#primaryimage"},"image":{"@id":"https:\/\/mwc-cmm.org\/en\/stories\/shortened-meetings-study-unity-affirm-new-members\/#primaryimage"},"thumbnailUrl":"https:\/\/mwc-cmm.org\/wp-content\/uploads\/2024\/11\/img_9087.jpg","datePublished":"2022-07-26T00:00:00+00:00","dateModified":"2024-12-10T17:19:10+00:00","breadcrumb":{"@id":"https:\/\/mwc-cmm.org\/en\/stories\/shortened-meetings-study-unity-affirm-new-members\/#breadcrumb"},"inLanguage":"fr-FR","potentialAction":[{"@type":"ReadAction","target":["https:\/\/mwc-cmm.org\/en\/stories\/shortened-meetings-study-unity-affirm-new-members\/"]}]},{"@type":"ImageObject","inLanguage":"fr-FR","@id":"https:\/\/mwc-cmm.org\/en\/stories\/shortened-meetings-study-unity-affirm-new-members\/#primaryimage","url":"https:\/\/mwc-cmm.org\/wp-content\/uploads\/2024\/11\/img_9087.jpg","contentUrl":"https:\/\/mwc-cmm.org\/wp-content\/uploads\/2024\/11\/img_9087.jpg","width":1920,"height":1440},{"@type":"BreadcrumbList","@id":"https:\/\/mwc-cmm.org\/en\/stories\/shortened-meetings-study-unity-affirm-new-members\/#breadcrumb","itemListElement":[{"@type":"ListItem","position":1,"name":"Home","item":"https:\/\/mwc-cmm.org\/fr\/"},{"@type":"ListItem","position":2,"name":"Des r\u00e9unions abr\u00e9g\u00e9es pour explorer l&#8217;unit\u00e9 et approuver les nouveaux membres"}]},{"@type":"WebSite","@id":"https:\/\/mwc-cmm.org\/en\/#website","url":"https:\/\/mwc-cmm.org\/en\/","name":"Mennonite World Conference","description":"A communion of Anabaptist-related churches","publisher":{"@id":"https:\/\/mwc-cmm.org\/en\/#organization"},"alternateName":"MWC","potentialAction":[{"@type":"SearchAction","target":{"@type":"EntryPoint","urlTemplate":"https:\/\/mwc-cmm.org\/en\/?s={search_term_string}"},"query-input":{"@type":"PropertyValueSpecification","valueRequired":true,"valueName":"search_term_string"}}],"inLanguage":"fr-FR"},{"@type":"Organization","@id":"https:\/\/mwc-cmm.org\/en\/#organization","name":"Mennonite World Conference","alternateName":"MWC","url":"https:\/\/mwc-cmm.org\/en\/","logo":{"@type":"ImageObject","inLanguage":"fr-FR","@id":"https:\/\/mwc-cmm.org\/en\/#\/schema\/logo\/image\/","url":"https:\/\/mwc-cmm.org\/wp-content\/uploads\/2026\/01\/MWC_Sig_Blue_Horiz_webheader1-logo.svg","contentUrl":"https:\/\/mwc-cmm.org\/wp-content\/uploads\/2026\/01\/MWC_Sig_Blue_Horiz_webheader1-logo.svg","width":786,"height":82,"caption":"Mennonite World Conference"},"image":{"@id":"https:\/\/mwc-cmm.org\/en\/#\/schema\/logo\/image\/"},"sameAs":["https:\/\/www.facebook.com\/MennoniteWorldConference","https:\/\/www.linkedin.com\/company\/mennonite-world-conference-mwc\/","https:\/\/www.instagram.com\/mwcmm\/","https:\/\/www.youtube.com\/user\/mwccmm","https:\/\/bsky.app\/profile\/mwcmm.bsky.social"]},{"@type":"Person","@id":"https:\/\/mwc-cmm.org\/en\/#\/schema\/person\/11f6ae0d7d1868ba20a1cc27f067c836","name":"mennworldcon","image":{"@type":"ImageObject","inLanguage":"fr-FR","@id":"https:\/\/secure.gravatar.com\/avatar\/06fdc0dc81c157dfdb82ec42f252178a22307808988d22c043f9eb96f1e0fe80?s=96&d=mm&r=g","url":"https:\/\/secure.gravatar.com\/avatar\/06fdc0dc81c157dfdb82ec42f252178a22307808988d22c043f9eb96f1e0fe80?s=96&d=mm&r=g","contentUrl":"https:\/\/secure.gravatar.com\/avatar\/06fdc0dc81c157dfdb82ec42f252178a22307808988d22c043f9eb96f1e0fe80?s=96&d=mm&r=g","caption":"mennworldcon"},"sameAs":["https:\/\/mwc-cmm.org"],"url":"https:\/\/mwc-cmm.org\/fr\/stories\/author\/mennworldcon\/"}]}},"_links":{"self":[{"href":"https:\/\/mwc-cmm.org\/fr\/wp-json\/wp\/v2\/posts\/10405","targetHints":{"allow":["GET"]}}],"collection":[{"href":"https:\/\/mwc-cmm.org\/fr\/wp-json\/wp\/v2\/posts"}],"about":[{"href":"https:\/\/mwc-cmm.org\/fr\/wp-json\/wp\/v2\/types\/post"}],"author":[{"embeddable":true,"href":"https:\/\/mwc-cmm.org\/fr\/wp-json\/wp\/v2\/users\/1"}],"replies":[{"embeddable":true,"href":"https:\/\/mwc-cmm.org\/fr\/wp-json\/wp\/v2\/comments?post=10405"}],"version-history":[{"count":0,"href":"https:\/\/mwc-cmm.org\/fr\/wp-json\/wp\/v2\/posts\/10405\/revisions"}],"wp:featuredmedia":[{"embeddable":true,"href":"https:\/\/mwc-cmm.org\/fr\/wp-json\/wp\/v2\/media\/95303"}],"wp:attachment":[{"href":"https:\/\/mwc-cmm.org\/fr\/wp-json\/wp\/v2\/media?parent=10405"}],"wp:term":[{"taxonomy":"category","embeddable":true,"href":"https:\/\/mwc-cmm.org\/fr\/wp-json\/wp\/v2\/categories?post=10405"},{"taxonomy":"post_tag","embeddable":true,"href":"https:\/\/mwc-cmm.org\/fr\/wp-json\/wp\/v2\/tags?post=10405"},{"taxonomy":"network","embeddable":true,"href":"https:\/\/mwc-cmm.org\/fr\/wp-json\/wp\/v2\/network?post=10405"},{"taxonomy":"eventcategory","embeddable":true,"href":"https:\/\/mwc-cmm.org\/fr\/wp-json\/wp\/v2\/eventcategory?post=10405"}],"curies":[{"name":"wp","href":"https:\/\/api.w.org\/{rel}","templated":true}]}}