{"id":10403,"date":"2022-07-18T00:00:00","date_gmt":"2022-07-18T00:00:00","guid":{"rendered":"https:\/\/mwc-cmm.org\/carried-by-the-love-of-god-3\/"},"modified":"2024-12-10T17:19:09","modified_gmt":"2024-12-10T17:19:09","slug":"portes-par-lamour-de-dieu","status":"publish","type":"post","link":"https:\/\/mwc-cmm.org\/fr\/stories\/portes-par-lamour-de-dieu\/","title":{"rendered":"Port\u00e9s par l\u2019amour de Dieu"},"content":{"rendered":"<p>\u00ab&nbsp;J\u2019invite tout le monde \u00e0 r\u00e9fl\u00e9chir \u00e0 l\u2019amour que J\u00e9sus a partag\u00e9 et \u00e0 la mani\u00e8re dont nous pouvons partager ce m\u00eame amour dans nos communaut\u00e9s \u00bb, d\u00e9clare Pasteure Yeanny Moestikasari Soeryo, directrice de <span role=\"presentation\">Balai Karya<\/span> Berkat<span role=\"presentation\">, un centre de r\u00e9adaptation<\/span> pour les personnes handicap\u00e9es \u00e0 Semarang, en Indon\u00e9sie. En r\u00e9fl\u00e9chissant \u00e0 cette question, c\u2019est la vision simple mais convaincante du shalom dans Luc 7\/22 qui a conduit Pasteure Yeanny vers une vie de minist\u00e8re, autant \u00e0 l\u2019int\u00e9rieur qu\u2019\u00e0 l\u2019ext\u00e9rieur de l\u2019\u00e9glise.<\/p>\n<p>Le minist\u00e8re de Pasteure Yeanny a commenc\u00e9 \u00e0 l\u2019\u00e2ge de 24 ans, pour l\u2019\u00e9glise GKMI. Apr\u00e8s presque 30 ans de service, elle s\u2019est pench\u00e9e sur plusieurs passages de l\u2019\u00e9criture qui lui parlait, notamment 1&nbsp;Jean 2\/6 \u201cCelui qui pr\u00e9tend qu\u2019il demeure en Christ doit aussi vivre comme le Christ lui-m\u00eame a v\u00e9cu\u201d<span role=\"presentation\">. En m\u00e9ditant sur ce<\/span> passage, elle a r\u00e9alis\u00e9 que les personnes handicap\u00e9es \u00e9taient sous-repr\u00e9sent\u00e9es dans son \u00e9glise et elle a ressenti le besoin de r\u00e9orienter son minist\u00e8re vers un travail interconfessionnel aupr\u00e8s de cette population.<\/p>\n<p>Vers 2012, le projet d\u2019une formation professionnelle adapt\u00e9es aux besoins sp\u00e9cifiques des participants a \u00e9t\u00e9 pr\u00e9sent\u00e9 \u00e0 l\u2019\u00e9glise de Pasteure Yeanny. Les membres de l\u2019\u00e9glise GKMI de Semarang ont commenc\u00e9 \u00e0 faire des dons \u2014 non seulement de l\u2019argent, mais aussi des terrains.<\/p>\n<p><img decoding=\"async\" alt=\"\" height=\"150\" data-src=\"https:\/\/mwc-cmm.org\/wp-content\/uploads\/2024\/10\/microsoftteams-image_1_1.png\" style=\"--smush-placeholder-width: 200px; --smush-placeholder-aspect-ratio: 200\/150;float:left\" width=\"200\" src=\"data:image\/svg+xml;base64,PHN2ZyB3aWR0aD0iMSIgaGVpZ2h0PSIxIiB4bWxucz0iaHR0cDovL3d3dy53My5vcmcvMjAwMC9zdmciPjwvc3ZnPg==\" class=\"lazyload\"><\/p>\n<p>En 2013, en 2013, il y a eu suffisament de dons de terrains pour pouvoir \u00e9tablir un lieu permanent, au sein duquel \u00e9tait propos\u00e9 des cours de rassemblant une base de participants. Pasteure Yeanny a cr\u00e9\u00e9 un lieu permanent pour des ateliers permettant aux membres de <span role=\"presentation\">Balai Karya Berkat<\/span> de suivre des cours de batik, de couture, de massage, de r\u00e9paration de motos, d\u2019arrangement floral, de coiffure, de maquillage, de travail du bois et de commerce en ligne.<\/p>\n<p>Depuis sa cr\u00e9ation, plus de 100 personnes ont \u00e9t\u00e9 form\u00e9es par le biais de <span role=\"presentation\">Balai Karya<\/span> Berkat<span role=\"presentation\">. Elles y acqui\u00e8rent des<\/span> comp\u00e9tences professionnelles qui rendent possible une vie \u00e9conomiquement durable.<\/p>\n<p>Lors d\u2019une visite en Indon\u00e9sie en 2017, Liesa Unger, responsable des \u00e9v\u00e9nements internationaux de la CMM, a rencontr\u00e9 Pasteure Yeanny et toutes deux ont commenc\u00e9 \u00e0 d\u00e9velopper un produit que Balai Karya Berkat pourrait cr\u00e9er pour les participants \u00e0 l\u2019Assembl\u00e9e&nbsp;: des <span role=\"presentation\">tote bags<\/span> faits mains dans un style batik.<\/p>\n<p><img decoding=\"async\" alt=\"\" height=\"150\" data-src=\"https:\/\/mwc-cmm.org\/wp-content\/uploads\/2024\/10\/microsoftteams-image_3.png\" style=\"--smush-placeholder-width: 113px; --smush-placeholder-aspect-ratio: 113\/150;float:left\" width=\"113\" src=\"data:image\/svg+xml;base64,PHN2ZyB3aWR0aD0iMSIgaGVpZ2h0PSIxIiB4bWxucz0iaHR0cDovL3d3dy53My5vcmcvMjAwMC9zdmciPjwvc3ZnPg==\" class=\"lazyload\"><\/p>\n<p>En 2019, Pasteure Yeanny a pr\u00e9sent\u00e9 le premier prototype. Le personnel de l\u2019Assembl\u00e9e a command\u00e9 10 000 sacs. Depuis, les participants travaillent assid\u00fbment pour terminer l\u2019une des plus grosses commandes de leur histoire, ayant d\u00e9j\u00e0 termin\u00e9 plus de 7&nbsp;000 sacs et esp\u00e9rant pouvoir terminer la derni\u00e8re partie de la commande d\u2019ici le d\u00e9but de l\u2019Assembl\u00e9e en juillet.<\/p>\n<p>\u00ab&nbsp;Lorsque J\u00e9sus est venu dans le monde, il a aim\u00e9 tout le monde. Nous sommes tous cr\u00e9\u00e9s \u00e0 la m\u00eame image, nous devons donc traiter tout le monde comme des enfants de Dieu&nbsp;\u00bb, dit Pasteure Yeanny. \u00ab&nbsp;Lorsque les gens emporteront leurs sacs de la CMM, ils pourront se rappeler qui sont les personnes qui ont fabriqu\u00e9 ces sacs, et qu\u2019ils sont aim\u00e9s de Dieu.&nbsp;\u00bb<\/p>\n<p>Chaque participant de l\u2019Assembl\u00e9e recevra un sac et des informations seront bient\u00f4t donn\u00e9es sur la fa\u00e7on et des informations seront bient\u00f4t donn\u00e9es pour pouvoir en commander.<\/p>\n<p style=\"text-align:center\"><img decoding=\"async\" alt=\"\" height=\"400\" data-src=\"https:\/\/mwc-cmm.org\/wp-content\/uploads\/2024\/10\/microsoftteams-image_2_0.png\" width=\"533\" src=\"data:image\/svg+xml;base64,PHN2ZyB3aWR0aD0iMSIgaGVpZ2h0PSIxIiB4bWxucz0iaHR0cDovL3d3dy53My5vcmcvMjAwMC9zdmciPjwvc3ZnPg==\" class=\"lazyload\" style=\"--smush-placeholder-width: 533px; --smush-placeholder-aspect-ratio: 533\/400;\"><\/p>\n<p>&nbsp;<\/p>\n","protected":false},"excerpt":{"rendered":"<p>\u00ab&nbsp;Lorsque J\u00e9sus est venu dans le monde, il a aim\u00e9 tout le monde. Nous sommes tous cr\u00e9\u00e9s \u00e0 la m\u00eame image, nous devons donc traiter tout le monde comme des enfants de Dieu&nbsp;\u00bb, dit Pasteure Yeanny. \u00ab&nbsp;Lorsque les gens emporteront leurs sacs de la CMM, ils pourront se rappeler qui sont les personnes qui ont fabriqu\u00e9 ces sacs, et qu\u2019ils sont aim\u00e9s de Dieu.&nbsp;\u00bb<\/p>\n","protected":false},"author":1,"featured_media":95275,"comment_status":"closed","ping_status":"closed","sticky":false,"template":"","format":"standard","meta":{"_acf_changed":false,"footnotes":""},"categories":[7],"tags":[],"network":[],"eventcategory":[1494],"class_list":["post-10403","post","type-post","status-publish","format-standard","has-post-thumbnail","hentry","category-non-classifiee","eventcategory-assembly-fr"],"acf":[],"yoast_head":"<!-- This site is optimized with the Yoast SEO plugin v27.2 - https:\/\/yoast.com\/product\/yoast-seo-wordpress\/ -->\n<title>Port\u00e9s par l\u2019amour de Dieu - Mennonite World Conference<\/title>\n<meta name=\"robots\" content=\"index, follow, max-snippet:-1, max-image-preview:large, max-video-preview:-1\" \/>\n<link rel=\"canonical\" href=\"https:\/\/mwc-cmm.org\/fr\/stories\/portes-par-lamour-de-dieu\/\" \/>\n<meta property=\"og:locale\" content=\"fr_FR\" \/>\n<meta property=\"og:type\" content=\"article\" \/>\n<meta property=\"og:title\" content=\"Port\u00e9s par l\u2019amour de Dieu - Mennonite World Conference\" \/>\n<meta property=\"og:description\" content=\"\u00ab&nbsp;Lorsque J\u00e9sus est venu dans le monde, il a aim\u00e9 tout le monde. Nous sommes tous cr\u00e9\u00e9s \u00e0 la m\u00eame image, nous devons donc traiter tout le monde comme des enfants de Dieu&nbsp;\u00bb, dit Pasteure Yeanny. \u00ab&nbsp;Lorsque les gens emporteront leurs sacs de la CMM, ils pourront se rappeler qui sont les personnes qui ont fabriqu\u00e9 ces sacs, et qu\u2019ils sont aim\u00e9s de Dieu.&nbsp;\u00bb\" \/>\n<meta property=\"og:url\" content=\"https:\/\/mwc-cmm.org\/fr\/stories\/portes-par-lamour-de-dieu\/\" \/>\n<meta property=\"og:site_name\" content=\"Mennonite World Conference\" \/>\n<meta property=\"article:publisher\" content=\"https:\/\/www.facebook.com\/MennoniteWorldConference\" \/>\n<meta property=\"article:published_time\" content=\"2022-07-18T00:00:00+00:00\" \/>\n<meta property=\"article:modified_time\" content=\"2024-12-10T17:19:09+00:00\" \/>\n<meta property=\"og:image\" content=\"https:\/\/mwc-cmm.org\/wp-content\/uploads\/2024\/11\/microsoftteams-image-1024x768.png\" \/>\n\t<meta property=\"og:image:width\" content=\"1024\" \/>\n\t<meta property=\"og:image:height\" content=\"768\" \/>\n\t<meta property=\"og:image:type\" content=\"image\/jpeg\" \/>\n<meta name=\"author\" content=\"mennworldcon\" \/>\n<script type=\"application\/ld+json\" class=\"yoast-schema-graph\">{\"@context\":\"https:\/\/schema.org\",\"@graph\":[{\"@type\":\"Article\",\"@id\":\"https:\/\/mwc-cmm.org\/fr\/stories\/portes-par-lamour-de-dieu\/#article\",\"isPartOf\":{\"@id\":\"https:\/\/mwc-cmm.org\/fr\/stories\/portes-par-lamour-de-dieu\/\"},\"author\":{\"name\":\"mennworldcon\",\"@id\":\"https:\/\/mwc-cmm.org\/en\/#\/schema\/person\/11f6ae0d7d1868ba20a1cc27f067c836\"},\"headline\":\"Port\u00e9s par l\u2019amour de Dieu\",\"datePublished\":\"2022-07-18T00:00:00+00:00\",\"dateModified\":\"2024-12-10T17:19:09+00:00\",\"mainEntityOfPage\":{\"@id\":\"https:\/\/mwc-cmm.org\/fr\/stories\/portes-par-lamour-de-dieu\/\"},\"wordCount\":588,\"publisher\":{\"@id\":\"https:\/\/mwc-cmm.org\/en\/#organization\"},\"image\":{\"@id\":\"https:\/\/mwc-cmm.org\/fr\/stories\/portes-par-lamour-de-dieu\/#primaryimage\"},\"thumbnailUrl\":\"https:\/\/mwc-cmm.org\/wp-content\/uploads\/2024\/11\/microsoftteams-image-scaled.png\",\"articleSection\":[\"Non classifi\u00e9(e)\"],\"inLanguage\":\"fr-FR\"},{\"@type\":\"WebPage\",\"@id\":\"https:\/\/mwc-cmm.org\/fr\/stories\/portes-par-lamour-de-dieu\/\",\"url\":\"https:\/\/mwc-cmm.org\/fr\/stories\/portes-par-lamour-de-dieu\/\",\"name\":\"Port\u00e9s par l\u2019amour de Dieu - Mennonite World Conference\",\"isPartOf\":{\"@id\":\"https:\/\/mwc-cmm.org\/en\/#website\"},\"primaryImageOfPage\":{\"@id\":\"https:\/\/mwc-cmm.org\/fr\/stories\/portes-par-lamour-de-dieu\/#primaryimage\"},\"image\":{\"@id\":\"https:\/\/mwc-cmm.org\/fr\/stories\/portes-par-lamour-de-dieu\/#primaryimage\"},\"thumbnailUrl\":\"https:\/\/mwc-cmm.org\/wp-content\/uploads\/2024\/11\/microsoftteams-image-scaled.png\",\"datePublished\":\"2022-07-18T00:00:00+00:00\",\"dateModified\":\"2024-12-10T17:19:09+00:00\",\"breadcrumb\":{\"@id\":\"https:\/\/mwc-cmm.org\/fr\/stories\/portes-par-lamour-de-dieu\/#breadcrumb\"},\"inLanguage\":\"fr-FR\",\"potentialAction\":[{\"@type\":\"ReadAction\",\"target\":[\"https:\/\/mwc-cmm.org\/fr\/stories\/portes-par-lamour-de-dieu\/\"]}]},{\"@type\":\"ImageObject\",\"inLanguage\":\"fr-FR\",\"@id\":\"https:\/\/mwc-cmm.org\/fr\/stories\/portes-par-lamour-de-dieu\/#primaryimage\",\"url\":\"https:\/\/mwc-cmm.org\/wp-content\/uploads\/2024\/11\/microsoftteams-image-scaled.png\",\"contentUrl\":\"https:\/\/mwc-cmm.org\/wp-content\/uploads\/2024\/11\/microsoftteams-image-scaled.png\",\"width\":2560,\"height\":1920},{\"@type\":\"BreadcrumbList\",\"@id\":\"https:\/\/mwc-cmm.org\/fr\/stories\/portes-par-lamour-de-dieu\/#breadcrumb\",\"itemListElement\":[{\"@type\":\"ListItem\",\"position\":1,\"name\":\"Home\",\"item\":\"https:\/\/mwc-cmm.org\/fr\/\"},{\"@type\":\"ListItem\",\"position\":2,\"name\":\"Port\u00e9s par l\u2019amour de Dieu\"}]},{\"@type\":\"WebSite\",\"@id\":\"https:\/\/mwc-cmm.org\/en\/#website\",\"url\":\"https:\/\/mwc-cmm.org\/en\/\",\"name\":\"Mennonite World Conference\",\"description\":\"A communion of Anabaptist-related churches\",\"publisher\":{\"@id\":\"https:\/\/mwc-cmm.org\/en\/#organization\"},\"alternateName\":\"MWC\",\"potentialAction\":[{\"@type\":\"SearchAction\",\"target\":{\"@type\":\"EntryPoint\",\"urlTemplate\":\"https:\/\/mwc-cmm.org\/en\/?s={search_term_string}\"},\"query-input\":{\"@type\":\"PropertyValueSpecification\",\"valueRequired\":true,\"valueName\":\"search_term_string\"}}],\"inLanguage\":\"fr-FR\"},{\"@type\":\"Organization\",\"@id\":\"https:\/\/mwc-cmm.org\/en\/#organization\",\"name\":\"Mennonite World Conference\",\"alternateName\":\"MWC\",\"url\":\"https:\/\/mwc-cmm.org\/en\/\",\"logo\":{\"@type\":\"ImageObject\",\"inLanguage\":\"fr-FR\",\"@id\":\"https:\/\/mwc-cmm.org\/en\/#\/schema\/logo\/image\/\",\"url\":\"https:\/\/mwc-cmm.org\/wp-content\/uploads\/2026\/01\/MWC_Sig_Blue_Horiz_webheader1-logo.svg\",\"contentUrl\":\"https:\/\/mwc-cmm.org\/wp-content\/uploads\/2026\/01\/MWC_Sig_Blue_Horiz_webheader1-logo.svg\",\"width\":786,\"height\":82,\"caption\":\"Mennonite World Conference\"},\"image\":{\"@id\":\"https:\/\/mwc-cmm.org\/en\/#\/schema\/logo\/image\/\"},\"sameAs\":[\"https:\/\/www.facebook.com\/MennoniteWorldConference\",\"https:\/\/www.linkedin.com\/company\/mennonite-world-conference-mwc\/\",\"https:\/\/www.instagram.com\/mwcmm\/\",\"https:\/\/www.youtube.com\/user\/mwccmm\",\"https:\/\/bsky.app\/profile\/mwcmm.bsky.social\"]},{\"@type\":\"Person\",\"@id\":\"https:\/\/mwc-cmm.org\/en\/#\/schema\/person\/11f6ae0d7d1868ba20a1cc27f067c836\",\"name\":\"mennworldcon\",\"image\":{\"@type\":\"ImageObject\",\"inLanguage\":\"fr-FR\",\"@id\":\"https:\/\/secure.gravatar.com\/avatar\/06fdc0dc81c157dfdb82ec42f252178a22307808988d22c043f9eb96f1e0fe80?s=96&d=mm&r=g\",\"url\":\"https:\/\/secure.gravatar.com\/avatar\/06fdc0dc81c157dfdb82ec42f252178a22307808988d22c043f9eb96f1e0fe80?s=96&d=mm&r=g\",\"contentUrl\":\"https:\/\/secure.gravatar.com\/avatar\/06fdc0dc81c157dfdb82ec42f252178a22307808988d22c043f9eb96f1e0fe80?s=96&d=mm&r=g\",\"caption\":\"mennworldcon\"},\"sameAs\":[\"https:\/\/mwc-cmm.org\"],\"url\":\"https:\/\/mwc-cmm.org\/fr\/stories\/author\/mennworldcon\/\"}]}<\/script>\n<!-- \/ Yoast SEO plugin. -->","yoast_head_json":{"title":"Port\u00e9s par l\u2019amour de Dieu - Mennonite World Conference","robots":{"index":"index","follow":"follow","max-snippet":"max-snippet:-1","max-image-preview":"max-image-preview:large","max-video-preview":"max-video-preview:-1"},"canonical":"https:\/\/mwc-cmm.org\/fr\/stories\/portes-par-lamour-de-dieu\/","og_locale":"fr_FR","og_type":"article","og_title":"Port\u00e9s par l\u2019amour de Dieu - Mennonite World Conference","og_description":"\u00ab&nbsp;Lorsque J\u00e9sus est venu dans le monde, il a aim\u00e9 tout le monde. Nous sommes tous cr\u00e9\u00e9s \u00e0 la m\u00eame image, nous devons donc traiter tout le monde comme des enfants de Dieu&nbsp;\u00bb, dit Pasteure Yeanny. \u00ab&nbsp;Lorsque les gens emporteront leurs sacs de la CMM, ils pourront se rappeler qui sont les personnes qui ont fabriqu\u00e9 ces sacs, et qu\u2019ils sont aim\u00e9s de Dieu.&nbsp;\u00bb","og_url":"https:\/\/mwc-cmm.org\/fr\/stories\/portes-par-lamour-de-dieu\/","og_site_name":"Mennonite World Conference","article_publisher":"https:\/\/www.facebook.com\/MennoniteWorldConference","article_published_time":"2022-07-18T00:00:00+00:00","article_modified_time":"2024-12-10T17:19:09+00:00","og_image":[{"width":1024,"height":768,"url":"https:\/\/mwc-cmm.org\/wp-content\/uploads\/2024\/11\/microsoftteams-image-1024x768.png","type":"image\/jpeg"}],"author":"mennworldcon","schema":{"@context":"https:\/\/schema.org","@graph":[{"@type":"Article","@id":"https:\/\/mwc-cmm.org\/fr\/stories\/portes-par-lamour-de-dieu\/#article","isPartOf":{"@id":"https:\/\/mwc-cmm.org\/fr\/stories\/portes-par-lamour-de-dieu\/"},"author":{"name":"mennworldcon","@id":"https:\/\/mwc-cmm.org\/en\/#\/schema\/person\/11f6ae0d7d1868ba20a1cc27f067c836"},"headline":"Port\u00e9s par l\u2019amour de Dieu","datePublished":"2022-07-18T00:00:00+00:00","dateModified":"2024-12-10T17:19:09+00:00","mainEntityOfPage":{"@id":"https:\/\/mwc-cmm.org\/fr\/stories\/portes-par-lamour-de-dieu\/"},"wordCount":588,"publisher":{"@id":"https:\/\/mwc-cmm.org\/en\/#organization"},"image":{"@id":"https:\/\/mwc-cmm.org\/fr\/stories\/portes-par-lamour-de-dieu\/#primaryimage"},"thumbnailUrl":"https:\/\/mwc-cmm.org\/wp-content\/uploads\/2024\/11\/microsoftteams-image-scaled.png","articleSection":["Non classifi\u00e9(e)"],"inLanguage":"fr-FR"},{"@type":"WebPage","@id":"https:\/\/mwc-cmm.org\/fr\/stories\/portes-par-lamour-de-dieu\/","url":"https:\/\/mwc-cmm.org\/fr\/stories\/portes-par-lamour-de-dieu\/","name":"Port\u00e9s par l\u2019amour de Dieu - Mennonite World Conference","isPartOf":{"@id":"https:\/\/mwc-cmm.org\/en\/#website"},"primaryImageOfPage":{"@id":"https:\/\/mwc-cmm.org\/fr\/stories\/portes-par-lamour-de-dieu\/#primaryimage"},"image":{"@id":"https:\/\/mwc-cmm.org\/fr\/stories\/portes-par-lamour-de-dieu\/#primaryimage"},"thumbnailUrl":"https:\/\/mwc-cmm.org\/wp-content\/uploads\/2024\/11\/microsoftteams-image-scaled.png","datePublished":"2022-07-18T00:00:00+00:00","dateModified":"2024-12-10T17:19:09+00:00","breadcrumb":{"@id":"https:\/\/mwc-cmm.org\/fr\/stories\/portes-par-lamour-de-dieu\/#breadcrumb"},"inLanguage":"fr-FR","potentialAction":[{"@type":"ReadAction","target":["https:\/\/mwc-cmm.org\/fr\/stories\/portes-par-lamour-de-dieu\/"]}]},{"@type":"ImageObject","inLanguage":"fr-FR","@id":"https:\/\/mwc-cmm.org\/fr\/stories\/portes-par-lamour-de-dieu\/#primaryimage","url":"https:\/\/mwc-cmm.org\/wp-content\/uploads\/2024\/11\/microsoftteams-image-scaled.png","contentUrl":"https:\/\/mwc-cmm.org\/wp-content\/uploads\/2024\/11\/microsoftteams-image-scaled.png","width":2560,"height":1920},{"@type":"BreadcrumbList","@id":"https:\/\/mwc-cmm.org\/fr\/stories\/portes-par-lamour-de-dieu\/#breadcrumb","itemListElement":[{"@type":"ListItem","position":1,"name":"Home","item":"https:\/\/mwc-cmm.org\/fr\/"},{"@type":"ListItem","position":2,"name":"Port\u00e9s par l\u2019amour de Dieu"}]},{"@type":"WebSite","@id":"https:\/\/mwc-cmm.org\/en\/#website","url":"https:\/\/mwc-cmm.org\/en\/","name":"Mennonite World Conference","description":"A communion of Anabaptist-related churches","publisher":{"@id":"https:\/\/mwc-cmm.org\/en\/#organization"},"alternateName":"MWC","potentialAction":[{"@type":"SearchAction","target":{"@type":"EntryPoint","urlTemplate":"https:\/\/mwc-cmm.org\/en\/?s={search_term_string}"},"query-input":{"@type":"PropertyValueSpecification","valueRequired":true,"valueName":"search_term_string"}}],"inLanguage":"fr-FR"},{"@type":"Organization","@id":"https:\/\/mwc-cmm.org\/en\/#organization","name":"Mennonite World Conference","alternateName":"MWC","url":"https:\/\/mwc-cmm.org\/en\/","logo":{"@type":"ImageObject","inLanguage":"fr-FR","@id":"https:\/\/mwc-cmm.org\/en\/#\/schema\/logo\/image\/","url":"https:\/\/mwc-cmm.org\/wp-content\/uploads\/2026\/01\/MWC_Sig_Blue_Horiz_webheader1-logo.svg","contentUrl":"https:\/\/mwc-cmm.org\/wp-content\/uploads\/2026\/01\/MWC_Sig_Blue_Horiz_webheader1-logo.svg","width":786,"height":82,"caption":"Mennonite World Conference"},"image":{"@id":"https:\/\/mwc-cmm.org\/en\/#\/schema\/logo\/image\/"},"sameAs":["https:\/\/www.facebook.com\/MennoniteWorldConference","https:\/\/www.linkedin.com\/company\/mennonite-world-conference-mwc\/","https:\/\/www.instagram.com\/mwcmm\/","https:\/\/www.youtube.com\/user\/mwccmm","https:\/\/bsky.app\/profile\/mwcmm.bsky.social"]},{"@type":"Person","@id":"https:\/\/mwc-cmm.org\/en\/#\/schema\/person\/11f6ae0d7d1868ba20a1cc27f067c836","name":"mennworldcon","image":{"@type":"ImageObject","inLanguage":"fr-FR","@id":"https:\/\/secure.gravatar.com\/avatar\/06fdc0dc81c157dfdb82ec42f252178a22307808988d22c043f9eb96f1e0fe80?s=96&d=mm&r=g","url":"https:\/\/secure.gravatar.com\/avatar\/06fdc0dc81c157dfdb82ec42f252178a22307808988d22c043f9eb96f1e0fe80?s=96&d=mm&r=g","contentUrl":"https:\/\/secure.gravatar.com\/avatar\/06fdc0dc81c157dfdb82ec42f252178a22307808988d22c043f9eb96f1e0fe80?s=96&d=mm&r=g","caption":"mennworldcon"},"sameAs":["https:\/\/mwc-cmm.org"],"url":"https:\/\/mwc-cmm.org\/fr\/stories\/author\/mennworldcon\/"}]}},"_links":{"self":[{"href":"https:\/\/mwc-cmm.org\/fr\/wp-json\/wp\/v2\/posts\/10403","targetHints":{"allow":["GET"]}}],"collection":[{"href":"https:\/\/mwc-cmm.org\/fr\/wp-json\/wp\/v2\/posts"}],"about":[{"href":"https:\/\/mwc-cmm.org\/fr\/wp-json\/wp\/v2\/types\/post"}],"author":[{"embeddable":true,"href":"https:\/\/mwc-cmm.org\/fr\/wp-json\/wp\/v2\/users\/1"}],"replies":[{"embeddable":true,"href":"https:\/\/mwc-cmm.org\/fr\/wp-json\/wp\/v2\/comments?post=10403"}],"version-history":[{"count":0,"href":"https:\/\/mwc-cmm.org\/fr\/wp-json\/wp\/v2\/posts\/10403\/revisions"}],"wp:featuredmedia":[{"embeddable":true,"href":"https:\/\/mwc-cmm.org\/fr\/wp-json\/wp\/v2\/media\/95275"}],"wp:attachment":[{"href":"https:\/\/mwc-cmm.org\/fr\/wp-json\/wp\/v2\/media?parent=10403"}],"wp:term":[{"taxonomy":"category","embeddable":true,"href":"https:\/\/mwc-cmm.org\/fr\/wp-json\/wp\/v2\/categories?post=10403"},{"taxonomy":"post_tag","embeddable":true,"href":"https:\/\/mwc-cmm.org\/fr\/wp-json\/wp\/v2\/tags?post=10403"},{"taxonomy":"network","embeddable":true,"href":"https:\/\/mwc-cmm.org\/fr\/wp-json\/wp\/v2\/network?post=10403"},{"taxonomy":"eventcategory","embeddable":true,"href":"https:\/\/mwc-cmm.org\/fr\/wp-json\/wp\/v2\/eventcategory?post=10403"}],"curies":[{"name":"wp","href":"https:\/\/api.w.org\/{rel}","templated":true}]}}